{"id":1008,"date":"2025-10-29T01:48:20","date_gmt":"2025-10-29T01:48:20","guid":{"rendered":"https:\/\/viniciojarquin.com\/blog\/?p=1008"},"modified":"2025-10-29T01:48:23","modified_gmt":"2025-10-29T01:48:23","slug":"la-era-del-chuchinga-y-el-cuita","status":"publish","type":"post","link":"https:\/\/viniciojarquin.com\/blog\/la-era-del-chuchinga-y-el-cuita\/","title":{"rendered":"La era del chuchinga y el cuita"},"content":{"rendered":"\n<figure class=\"wp-block-image size-large\"><img decoding=\"async\" width=\"683\" height=\"1024\" data-src=\"https:\/\/viniciojarquin.com\/blog\/wp-content\/uploads\/2025\/10\/1DD46061-10F8-4BEC-BCA5-42BCBE5E8203-683x1024.png\" alt=\"\" class=\"wp-image-1009 lazyload\" data-srcset=\"https:\/\/viniciojarquin.com\/blog\/wp-content\/uploads\/2025\/10\/1DD46061-10F8-4BEC-BCA5-42BCBE5E8203-683x1024.png 683w, https:\/\/viniciojarquin.com\/blog\/wp-content\/uploads\/2025\/10\/1DD46061-10F8-4BEC-BCA5-42BCBE5E8203-200x300.png 200w, https:\/\/viniciojarquin.com\/blog\/wp-content\/uploads\/2025\/10\/1DD46061-10F8-4BEC-BCA5-42BCBE5E8203-768x1152.png 768w, https:\/\/viniciojarquin.com\/blog\/wp-content\/uploads\/2025\/10\/1DD46061-10F8-4BEC-BCA5-42BCBE5E8203.png 800w\" data-sizes=\"(max-width: 683px) 100vw, 683px\" src=\"data:image\/svg+xml;base64,PHN2ZyB3aWR0aD0iMSIgaGVpZ2h0PSIxIiB4bWxucz0iaHR0cDovL3d3dy53My5vcmcvMjAwMC9zdmciPjwvc3ZnPg==\" style=\"--smush-placeholder-width: 683px; --smush-placeholder-aspect-ratio: 683\/1024;\" \/><\/figure>\n\n\n\n<p>Si la gente quiere que le hablen con palabritas populares, aqu\u00ed les va, aunque sin las vulgaridades que parece que, a muchos, los hace sentirse identificados.<\/p>\n\n\n\n<p>Cuando \u00e9ramos j\u00f3venes, hab\u00eda palabras que defin\u00edan perfectamente ciertos tipos de personas. El chuchinga era el que les pegaba a las mujeres, el mat\u00f3n del barrio, el bravuc\u00f3n que cre\u00eda que la fuerza y el grito eran sin\u00f3nimo de autoridad. Y el cuita era aquel que se quejaba por todo, el que no aguantaba nada, el que hac\u00eda un drama de cualquier cosa. Hoy, lamentablemente, parece que esas dos palabras se nos metieron a nuestros hogares.<\/p>\n\n\n\n<p>Juanito era el t\u00edpico ni\u00f1o que cargaba en su espalda \u2014y en sus culpas\u2014 esas dos palabras: \u201cchuchinga\u201d y \u201ccuita\u201d. Era \u2014con todo respeto a las palabras de mi abuela\u2014 un mat\u00f3n al que alguien ten\u00eda que pegarle, alg\u00fan d\u00eda, una cateada o una majada de hocico.<\/p>\n\n\n\n<p>Cuando estaba en el colegio, sus padres lo defend\u00edan m\u00e1s de la cuenta.<br>Le disculpaban y lo alcahueteaban, aunque eso hiciera que Juanito perdiera el recato y el jundamento.<\/p>\n\n\n\n<p>Sus padres justificaban sus bravuconadas:<br>\u201cEs que la maestra me lo agarr\u00f3 entre ojos.\u201d<br>\u201cEs que la maestra la tiene contra mi hijo.\u201d<br>\u201cEs que a mi chiquito le cae mal la maestra.\u201d<\/p>\n\n\n\n<p>D\u00e1ndole al mierdoso la impresi\u00f3n de que pod\u00eda tratar mal al mundo sin consecuencias.<\/p>\n\n\n\n<p>\u2014No, se\u00f1ores \u2014les dec\u00edan los directores del Tribunal Supremo de la Escuela\u2014, lo que pasa con su hijo es que es un insolente sin control y sin l\u00edmites. La maestra no lo ha agarrado entre ojos, ella intenta poner orden. Es que \u00e9l vino a jugar de mat\u00f3n\u2026 y le pegaron un meco. As\u00ed de simple.<\/p>\n\n\n\n<p>No se puede defender su comportamiento ni su malacrianza. No puede ser justificado. Hay que ponerle l\u00edmites a este chamaco.<\/p>\n\n\n\n<p>Y pese a que muchos otros muchachos de la escuela aplaud\u00edan su comportamiento, Juanito fue expulsado \u2014como fue expulsado de muchos lugares a lo largo de su vida\u2014, porque nunca le pusieron orden y sigui\u00f3 siendo el mismo chuchinga y mat\u00f3n.<\/p>\n\n\n\n<p>Y cuando la cosa se pon\u00eda en su contra, o a \u00e9l le parec\u00eda que as\u00ed era, asum\u00eda el papel del cuita: \u201cla tienen contra m\u00ed\u201d, \u201cno me quieren\u201d, \u201cno me dejan trabajar.\u201d<\/p>\n\n\n\n<p>Ya grande, Juanito fue un problema en muchos lugares donde estuvo. Su discurso se centraba en el \u201cno me dejan trabajar\u201d, \u201cla tienen contra m\u00ed\u201d, y frases similares. Y cuando tuvo la oportunidad de estar en un puesto p\u00fablico, con su encanto popular y su habilidad para mover masas, logr\u00f3 que muchos lo siguieran y le creyeran. As\u00ed fue como logr\u00f3 que todos empezaran a dudar de los pilares del pa\u00eds: de los poderes, de las instituciones, y de cuanto organismo, ministerio, poder o ente aut\u00f3nomo se atreviera a jalarle las orejas.<\/p>\n\n\n\n<p>Alegaba que la Asamblea no le pasaba proyectos \u2014aunque no los presentara cuando pod\u00eda\u2014. Y cuando alguien trataba de fiscalizarlo, los malos eran los fiscales, as\u00ed como aseguraba que todos los problemas con los que estaba lidiando en ese puesto, fueron ocasionados por quienes antes ocuparon su silla; y entre hablada de paja y hablada de paja, solo echaba culpas y no resolv\u00eda nada.<\/p>\n\n\n\n<p>Cuando alguien quer\u00eda saber qu\u00e9 hizo o qu\u00e9 no hizo, se dedicaba a minimizarlos y humillarlos en p\u00fablico. Y cuando le recordaban que por estatutos ya no era momento de hablar, se llevaba la mano a la cabeza y hac\u00eda todo el drama del \u201c\u00a1me ponen una mordaza!\u201d, en modo telenovela. La verdad es que este ni\u00f1o termin\u00f3 siendo un problema grande.<\/p>\n\n\n\n<p>Se\u00f1ores pap\u00e1s de Juanito: su hijo fue, es y ser\u00e1 siempre un insolente. Su hijo es un malcriado.<\/p>\n\n\n\n<p>Hoy es el mat\u00f3n del barrio, un chuchinga. Y cuando las cosas se ponen feas, tambi\u00e9n es un cuita. Es alguien que confunde la rudeza con la valent\u00eda, la vulgaridad con la sinceridad, y el berrinche con liderazgo.<\/p>\n\n\n\n<p>Yo estoy absolutamente en contra de pegarle a los ni\u00f1os, pero tal vez una nalgada en su momento hubiera podido salvar a toda una naci\u00f3n. Y de haber sido as\u00ed, esas nalgas hubieran sido solo un da\u00f1o colateral. Y hasta donde tengo entendido, hay quienes dicen que los da\u00f1os colaterales no son tan importantes.<\/p>\n","protected":false},"excerpt":{"rendered":"<p>Si la gente quiere que le hablen con palabritas populares, aqu\u00ed les va, aunque sin las vulgaridades que parece que, [&hellip;]<\/p>\n","protected":false},"author":1,"featured_media":1009,"comment_status":"open","ping_status":"open","sticky":false,"template":"","format":"standard","meta":{"site-sidebar-layout":"default","site-content-layout":"","ast-site-content-layout":"","site-content-style":"default","site-sidebar-style":"default","ast-global-header-display":"","ast-banner-title-visibility":"","ast-main-header-display":"","ast-hfb-above-header-display":"","ast-hfb-below-header-display":"","ast-hfb-mobile-header-display":"","site-post-title":"","ast-breadcrumbs-content":"","ast-featured-img":"","footer-sml-layout":"","theme-transparent-header-meta":"","adv-header-id-meta":"","stick-header-meta":"","header-above-stick-meta":"","header-main-stick-meta":"","header-below-stick-meta":"","astra-migrate-meta-layouts":"default","ast-page-background-enabled":"default","ast-page-background-meta":{"desktop":{"background-color":"var(--ast-global-color-5)","background-image":"","background-repeat":"repeat","background-position":"center center","background-size":"auto","background-attachment":"scroll","background-type":"","background-media":"","overlay-type":"","overlay-color":"","overlay-opacity":"","overlay-gradient":""},"tablet":{"background-color":"","background-image":"","background-repeat":"repeat","background-position":"center center","background-size":"auto","background-attachment":"scroll","background-type":"","background-media":"","overlay-type":"","overlay-color":"","overlay-opacity":"","overlay-gradient":""},"mobile":{"background-color":"","background-image":"","background-repeat":"repeat","background-position":"center center","background-size":"auto","background-attachment":"scroll","background-type":"","background-media":"","overlay-type":"","overlay-color":"","overlay-opacity":"","overlay-gradient":""}},"ast-content-background-meta":{"desktop":{"background-color":"var(--ast-global-color-4)","background-image":"","background-repeat":"repeat","background-position":"center center","background-size":"auto","background-attachment":"scroll","background-type":"","background-media":"","overlay-type":"","overlay-color":"","overlay-opacity":"","overlay-gradient":""},"tablet":{"background-color":"var(--ast-global-color-4)","background-image":"","background-repeat":"repeat","background-position":"center center","background-size":"auto","background-attachment":"scroll","background-type":"","background-media":"","overlay-type":"","overlay-color":"","overlay-opacity":"","overlay-gradient":""},"mobile":{"background-color":"var(--ast-global-color-4)","background-image":"","background-repeat":"repeat","background-position":"center center","background-size":"auto","background-attachment":"scroll","background-type":"","background-media":"","overlay-type":"","overlay-color":"","overlay-opacity":"","overlay-gradient":""}},"footnotes":""},"categories":[17],"tags":[],"class_list":["post-1008","post","type-post","status-publish","format-standard","has-post-thumbnail","hentry","category-elecciones-2026"],"yoast_head":"<!-- This site is optimized with the Yoast SEO plugin v26.0 - https:\/\/yoast.com\/wordpress\/plugins\/seo\/ -->\n<title>La era del chuchinga y el cuita - MI BLOG<\/title>\n<meta name=\"robots\" content=\"index, follow, max-snippet:-1, max-image-preview:large, max-video-preview:-1\" \/>\n<link rel=\"canonical\" href=\"https:\/\/viniciojarquin.com\/blog\/la-era-del-chuchinga-y-el-cuita\/\" \/>\n<meta property=\"og:locale\" content=\"es_ES\" \/>\n<meta property=\"og:type\" content=\"article\" \/>\n<meta property=\"og:title\" content=\"La era del chuchinga y el cuita - MI BLOG\" \/>\n<meta property=\"og:description\" content=\"Si la gente quiere que le hablen con palabritas populares, aqu\u00ed les va, aunque sin las vulgaridades que parece que, [&hellip;]\" \/>\n<meta property=\"og:url\" content=\"https:\/\/viniciojarquin.com\/blog\/la-era-del-chuchinga-y-el-cuita\/\" \/>\n<meta property=\"og:site_name\" content=\"MI BLOG\" \/>\n<meta property=\"article:publisher\" content=\"https:\/\/www.facebook.com\/vinicio.jarquin\" \/>\n<meta property=\"article:author\" content=\"https:\/\/www.facebook.com\/vinicio.jarquin\" \/>\n<meta property=\"article:published_time\" content=\"2025-10-29T01:48:20+00:00\" \/>\n<meta property=\"article:modified_time\" content=\"2025-10-29T01:48:23+00:00\" \/>\n<meta property=\"og:image\" content=\"https:\/\/viniciojarquin.com\/blog\/wp-content\/uploads\/2025\/10\/1DD46061-10F8-4BEC-BCA5-42BCBE5E8203.png\" \/>\n\t<meta property=\"og:image:width\" content=\"800\" \/>\n\t<meta property=\"og:image:height\" content=\"1200\" \/>\n\t<meta property=\"og:image:type\" content=\"image\/png\" \/>\n<meta name=\"author\" content=\"Vinicio Jarqu\u00edn\" \/>\n<meta name=\"twitter:card\" content=\"summary_large_image\" \/>\n<meta name=\"twitter:label1\" content=\"Escrito por\" \/>\n\t<meta name=\"twitter:data1\" content=\"Vinicio Jarqu\u00edn\" \/>\n\t<meta name=\"twitter:label2\" content=\"Tiempo de lectura\" \/>\n\t<meta name=\"twitter:data2\" content=\"4 minutos\" \/>\n<script type=\"application\/ld+json\" class=\"yoast-schema-graph\">{\"@context\":\"https:\/\/schema.org\",\"@graph\":[{\"@type\":\"Article\",\"@id\":\"https:\/\/viniciojarquin.com\/blog\/la-era-del-chuchinga-y-el-cuita\/#article\",\"isPartOf\":{\"@id\":\"https:\/\/viniciojarquin.com\/blog\/la-era-del-chuchinga-y-el-cuita\/\"},\"author\":{\"name\":\"Vinicio Jarqu\u00edn\",\"@id\":\"https:\/\/viniciojarquin.com\/blog\/#\/schema\/person\/90100c8845ae55462ec0657d3d2f8d3b\"},\"headline\":\"La era del chuchinga y el cuita\",\"datePublished\":\"2025-10-29T01:48:20+00:00\",\"dateModified\":\"2025-10-29T01:48:23+00:00\",\"mainEntityOfPage\":{\"@id\":\"https:\/\/viniciojarquin.com\/blog\/la-era-del-chuchinga-y-el-cuita\/\"},\"wordCount\":757,\"commentCount\":0,\"publisher\":{\"@id\":\"https:\/\/viniciojarquin.com\/blog\/#\/schema\/person\/90100c8845ae55462ec0657d3d2f8d3b\"},\"image\":{\"@id\":\"https:\/\/viniciojarquin.com\/blog\/la-era-del-chuchinga-y-el-cuita\/#primaryimage\"},\"thumbnailUrl\":\"https:\/\/viniciojarquin.com\/blog\/wp-content\/uploads\/2025\/10\/1DD46061-10F8-4BEC-BCA5-42BCBE5E8203.png\",\"articleSection\":[\"Elecciones 2026\"],\"inLanguage\":\"es\",\"potentialAction\":[{\"@type\":\"CommentAction\",\"name\":\"Comment\",\"target\":[\"https:\/\/viniciojarquin.com\/blog\/la-era-del-chuchinga-y-el-cuita\/#respond\"]}]},{\"@type\":\"WebPage\",\"@id\":\"https:\/\/viniciojarquin.com\/blog\/la-era-del-chuchinga-y-el-cuita\/\",\"url\":\"https:\/\/viniciojarquin.com\/blog\/la-era-del-chuchinga-y-el-cuita\/\",\"name\":\"La era del chuchinga y el cuita - MI BLOG\",\"isPartOf\":{\"@id\":\"https:\/\/viniciojarquin.com\/blog\/#website\"},\"primaryImageOfPage\":{\"@id\":\"https:\/\/viniciojarquin.com\/blog\/la-era-del-chuchinga-y-el-cuita\/#primaryimage\"},\"image\":{\"@id\":\"https:\/\/viniciojarquin.com\/blog\/la-era-del-chuchinga-y-el-cuita\/#primaryimage\"},\"thumbnailUrl\":\"https:\/\/viniciojarquin.com\/blog\/wp-content\/uploads\/2025\/10\/1DD46061-10F8-4BEC-BCA5-42BCBE5E8203.png\",\"datePublished\":\"2025-10-29T01:48:20+00:00\",\"dateModified\":\"2025-10-29T01:48:23+00:00\",\"breadcrumb\":{\"@id\":\"https:\/\/viniciojarquin.com\/blog\/la-era-del-chuchinga-y-el-cuita\/#breadcrumb\"},\"inLanguage\":\"es\",\"potentialAction\":[{\"@type\":\"ReadAction\",\"target\":[\"https:\/\/viniciojarquin.com\/blog\/la-era-del-chuchinga-y-el-cuita\/\"]}]},{\"@type\":\"ImageObject\",\"inLanguage\":\"es\",\"@id\":\"https:\/\/viniciojarquin.com\/blog\/la-era-del-chuchinga-y-el-cuita\/#primaryimage\",\"url\":\"https:\/\/viniciojarquin.com\/blog\/wp-content\/uploads\/2025\/10\/1DD46061-10F8-4BEC-BCA5-42BCBE5E8203.png\",\"contentUrl\":\"https:\/\/viniciojarquin.com\/blog\/wp-content\/uploads\/2025\/10\/1DD46061-10F8-4BEC-BCA5-42BCBE5E8203.png\",\"width\":800,\"height\":1200},{\"@type\":\"BreadcrumbList\",\"@id\":\"https:\/\/viniciojarquin.com\/blog\/la-era-del-chuchinga-y-el-cuita\/#breadcrumb\",\"itemListElement\":[{\"@type\":\"ListItem\",\"position\":1,\"name\":\"Portada\",\"item\":\"https:\/\/viniciojarquin.com\/blog\/\"},{\"@type\":\"ListItem\",\"position\":2,\"name\":\"La era del chuchinga y el cuita\"}]},{\"@type\":\"WebSite\",\"@id\":\"https:\/\/viniciojarquin.com\/blog\/#website\",\"url\":\"https:\/\/viniciojarquin.com\/blog\/\",\"name\":\"Vinicio Jarqu\u00edn BLOG\",\"description\":\"\",\"publisher\":{\"@id\":\"https:\/\/viniciojarquin.com\/blog\/#\/schema\/person\/90100c8845ae55462ec0657d3d2f8d3b\"},\"potentialAction\":[{\"@type\":\"SearchAction\",\"target\":{\"@type\":\"EntryPoint\",\"urlTemplate\":\"https:\/\/viniciojarquin.com\/blog\/?s={search_term_string}\"},\"query-input\":{\"@type\":\"PropertyValueSpecification\",\"valueRequired\":true,\"valueName\":\"search_term_string\"}}],\"inLanguage\":\"es\"},{\"@type\":[\"Person\",\"Organization\"],\"@id\":\"https:\/\/viniciojarquin.com\/blog\/#\/schema\/person\/90100c8845ae55462ec0657d3d2f8d3b\",\"name\":\"Vinicio Jarqu\u00edn\",\"image\":{\"@type\":\"ImageObject\",\"inLanguage\":\"es\",\"@id\":\"https:\/\/viniciojarquin.com\/blog\/#\/schema\/person\/image\/\",\"url\":\"https:\/\/viniciojarquin.com\/blog\/wp-content\/uploads\/2024\/10\/Logo-VinicioJarquin-original-400.png\",\"contentUrl\":\"https:\/\/viniciojarquin.com\/blog\/wp-content\/uploads\/2024\/10\/Logo-VinicioJarquin-original-400.png\",\"width\":400,\"height\":130,\"caption\":\"Vinicio Jarqu\u00edn\"},\"logo\":{\"@id\":\"https:\/\/viniciojarquin.com\/blog\/#\/schema\/person\/image\/\"},\"description\":\"Empresario textil, artista pl\u00e1stico, escritor, coach de vida y fot\u00f3grafo.\",\"sameAs\":[\"https:\/\/viniciojarquin.com\/blog\",\"https:\/\/www.facebook.com\/vinicio.jarquin\",\"https:\/\/www.instagram.com\/vinicio_jarquin\/\",\"https:\/\/www.pinterest.com\/vinnyjc\/\",\"https:\/\/www.youtube.com\/@VinicioJarquin\"],\"url\":\"https:\/\/viniciojarquin.com\/blog\/author\/admin_s02au25i\/\"}]}<\/script>\n<!-- \/ Yoast SEO plugin. -->","yoast_head_json":{"title":"La era del chuchinga y el cuita - MI BLOG","robots":{"index":"index","follow":"follow","max-snippet":"max-snippet:-1","max-image-preview":"max-image-preview:large","max-video-preview":"max-video-preview:-1"},"canonical":"https:\/\/viniciojarquin.com\/blog\/la-era-del-chuchinga-y-el-cuita\/","og_locale":"es_ES","og_type":"article","og_title":"La era del chuchinga y el cuita - MI BLOG","og_description":"Si la gente quiere que le hablen con palabritas populares, aqu\u00ed les va, aunque sin las vulgaridades que parece que, [&hellip;]","og_url":"https:\/\/viniciojarquin.com\/blog\/la-era-del-chuchinga-y-el-cuita\/","og_site_name":"MI BLOG","article_publisher":"https:\/\/www.facebook.com\/vinicio.jarquin","article_author":"https:\/\/www.facebook.com\/vinicio.jarquin","article_published_time":"2025-10-29T01:48:20+00:00","article_modified_time":"2025-10-29T01:48:23+00:00","og_image":[{"width":800,"height":1200,"url":"https:\/\/viniciojarquin.com\/blog\/wp-content\/uploads\/2025\/10\/1DD46061-10F8-4BEC-BCA5-42BCBE5E8203.png","type":"image\/png"}],"author":"Vinicio Jarqu\u00edn","twitter_card":"summary_large_image","twitter_misc":{"Escrito por":"Vinicio Jarqu\u00edn","Tiempo de lectura":"4 minutos"},"schema":{"@context":"https:\/\/schema.org","@graph":[{"@type":"Article","@id":"https:\/\/viniciojarquin.com\/blog\/la-era-del-chuchinga-y-el-cuita\/#article","isPartOf":{"@id":"https:\/\/viniciojarquin.com\/blog\/la-era-del-chuchinga-y-el-cuita\/"},"author":{"name":"Vinicio Jarqu\u00edn","@id":"https:\/\/viniciojarquin.com\/blog\/#\/schema\/person\/90100c8845ae55462ec0657d3d2f8d3b"},"headline":"La era del chuchinga y el cuita","datePublished":"2025-10-29T01:48:20+00:00","dateModified":"2025-10-29T01:48:23+00:00","mainEntityOfPage":{"@id":"https:\/\/viniciojarquin.com\/blog\/la-era-del-chuchinga-y-el-cuita\/"},"wordCount":757,"commentCount":0,"publisher":{"@id":"https:\/\/viniciojarquin.com\/blog\/#\/schema\/person\/90100c8845ae55462ec0657d3d2f8d3b"},"image":{"@id":"https:\/\/viniciojarquin.com\/blog\/la-era-del-chuchinga-y-el-cuita\/#primaryimage"},"thumbnailUrl":"https:\/\/viniciojarquin.com\/blog\/wp-content\/uploads\/2025\/10\/1DD46061-10F8-4BEC-BCA5-42BCBE5E8203.png","articleSection":["Elecciones 2026"],"inLanguage":"es","potentialAction":[{"@type":"CommentAction","name":"Comment","target":["https:\/\/viniciojarquin.com\/blog\/la-era-del-chuchinga-y-el-cuita\/#respond"]}]},{"@type":"WebPage","@id":"https:\/\/viniciojarquin.com\/blog\/la-era-del-chuchinga-y-el-cuita\/","url":"https:\/\/viniciojarquin.com\/blog\/la-era-del-chuchinga-y-el-cuita\/","name":"La era del chuchinga y el cuita - MI BLOG","isPartOf":{"@id":"https:\/\/viniciojarquin.com\/blog\/#website"},"primaryImageOfPage":{"@id":"https:\/\/viniciojarquin.com\/blog\/la-era-del-chuchinga-y-el-cuita\/#primaryimage"},"image":{"@id":"https:\/\/viniciojarquin.com\/blog\/la-era-del-chuchinga-y-el-cuita\/#primaryimage"},"thumbnailUrl":"https:\/\/viniciojarquin.com\/blog\/wp-content\/uploads\/2025\/10\/1DD46061-10F8-4BEC-BCA5-42BCBE5E8203.png","datePublished":"2025-10-29T01:48:20+00:00","dateModified":"2025-10-29T01:48:23+00:00","breadcrumb":{"@id":"https:\/\/viniciojarquin.com\/blog\/la-era-del-chuchinga-y-el-cuita\/#breadcrumb"},"inLanguage":"es","potentialAction":[{"@type":"ReadAction","target":["https:\/\/viniciojarquin.com\/blog\/la-era-del-chuchinga-y-el-cuita\/"]}]},{"@type":"ImageObject","inLanguage":"es","@id":"https:\/\/viniciojarquin.com\/blog\/la-era-del-chuchinga-y-el-cuita\/#primaryimage","url":"https:\/\/viniciojarquin.com\/blog\/wp-content\/uploads\/2025\/10\/1DD46061-10F8-4BEC-BCA5-42BCBE5E8203.png","contentUrl":"https:\/\/viniciojarquin.com\/blog\/wp-content\/uploads\/2025\/10\/1DD46061-10F8-4BEC-BCA5-42BCBE5E8203.png","width":800,"height":1200},{"@type":"BreadcrumbList","@id":"https:\/\/viniciojarquin.com\/blog\/la-era-del-chuchinga-y-el-cuita\/#breadcrumb","itemListElement":[{"@type":"ListItem","position":1,"name":"Portada","item":"https:\/\/viniciojarquin.com\/blog\/"},{"@type":"ListItem","position":2,"name":"La era del chuchinga y el cuita"}]},{"@type":"WebSite","@id":"https:\/\/viniciojarquin.com\/blog\/#website","url":"https:\/\/viniciojarquin.com\/blog\/","name":"Vinicio Jarqu\u00edn BLOG","description":"","publisher":{"@id":"https:\/\/viniciojarquin.com\/blog\/#\/schema\/person\/90100c8845ae55462ec0657d3d2f8d3b"},"potentialAction":[{"@type":"SearchAction","target":{"@type":"EntryPoint","urlTemplate":"https:\/\/viniciojarquin.com\/blog\/?s={search_term_string}"},"query-input":{"@type":"PropertyValueSpecification","valueRequired":true,"valueName":"search_term_string"}}],"inLanguage":"es"},{"@type":["Person","Organization"],"@id":"https:\/\/viniciojarquin.com\/blog\/#\/schema\/person\/90100c8845ae55462ec0657d3d2f8d3b","name":"Vinicio Jarqu\u00edn","image":{"@type":"ImageObject","inLanguage":"es","@id":"https:\/\/viniciojarquin.com\/blog\/#\/schema\/person\/image\/","url":"https:\/\/viniciojarquin.com\/blog\/wp-content\/uploads\/2024\/10\/Logo-VinicioJarquin-original-400.png","contentUrl":"https:\/\/viniciojarquin.com\/blog\/wp-content\/uploads\/2024\/10\/Logo-VinicioJarquin-original-400.png","width":400,"height":130,"caption":"Vinicio Jarqu\u00edn"},"logo":{"@id":"https:\/\/viniciojarquin.com\/blog\/#\/schema\/person\/image\/"},"description":"Empresario textil, artista pl\u00e1stico, escritor, coach de vida y fot\u00f3grafo.","sameAs":["https:\/\/viniciojarquin.com\/blog","https:\/\/www.facebook.com\/vinicio.jarquin","https:\/\/www.instagram.com\/vinicio_jarquin\/","https:\/\/www.pinterest.com\/vinnyjc\/","https:\/\/www.youtube.com\/@VinicioJarquin"],"url":"https:\/\/viniciojarquin.com\/blog\/author\/admin_s02au25i\/"}]}},"blog_post_layout_featured_media_urls":{"thumbnail":["https:\/\/viniciojarquin.com\/blog\/wp-content\/uploads\/2025\/10\/1DD46061-10F8-4BEC-BCA5-42BCBE5E8203-150x150.png",150,150,true],"full":["https:\/\/viniciojarquin.com\/blog\/wp-content\/uploads\/2025\/10\/1DD46061-10F8-4BEC-BCA5-42BCBE5E8203.png",800,1200,false]},"categories_names":{"17":{"name":"Elecciones 2026","link":"https:\/\/viniciojarquin.com\/blog\/category\/elecciones-2026\/"}},"tags_names":[],"comments_number":"0","_links":{"self":[{"href":"https:\/\/viniciojarquin.com\/blog\/wp-json\/wp\/v2\/posts\/1008","targetHints":{"allow":["GET"]}}],"collection":[{"href":"https:\/\/viniciojarquin.com\/blog\/wp-json\/wp\/v2\/posts"}],"about":[{"href":"https:\/\/viniciojarquin.com\/blog\/wp-json\/wp\/v2\/types\/post"}],"author":[{"embeddable":true,"href":"https:\/\/viniciojarquin.com\/blog\/wp-json\/wp\/v2\/users\/1"}],"replies":[{"embeddable":true,"href":"https:\/\/viniciojarquin.com\/blog\/wp-json\/wp\/v2\/comments?post=1008"}],"version-history":[{"count":1,"href":"https:\/\/viniciojarquin.com\/blog\/wp-json\/wp\/v2\/posts\/1008\/revisions"}],"predecessor-version":[{"id":1010,"href":"https:\/\/viniciojarquin.com\/blog\/wp-json\/wp\/v2\/posts\/1008\/revisions\/1010"}],"wp:featuredmedia":[{"embeddable":true,"href":"https:\/\/viniciojarquin.com\/blog\/wp-json\/wp\/v2\/media\/1009"}],"wp:attachment":[{"href":"https:\/\/viniciojarquin.com\/blog\/wp-json\/wp\/v2\/media?parent=1008"}],"wp:term":[{"taxonomy":"category","embeddable":true,"href":"https:\/\/viniciojarquin.com\/blog\/wp-json\/wp\/v2\/categories?post=1008"},{"taxonomy":"post_tag","embeddable":true,"href":"https:\/\/viniciojarquin.com\/blog\/wp-json\/wp\/v2\/tags?post=1008"}],"curies":[{"name":"wp","href":"https:\/\/api.w.org\/{rel}","templated":true}]}}