{"id":1016,"date":"2025-10-29T03:04:22","date_gmt":"2025-10-29T03:04:22","guid":{"rendered":"https:\/\/viniciojarquin.com\/blog\/?p=1016"},"modified":"2025-10-29T03:04:25","modified_gmt":"2025-10-29T03:04:25","slug":"cuando-el-poder-si-sabe-negociar-pero-elige-cuando","status":"publish","type":"post","link":"https:\/\/viniciojarquin.com\/blog\/cuando-el-poder-si-sabe-negociar-pero-elige-cuando\/","title":{"rendered":"Cuando el poder s\u00ed sabe negociar (pero elige cu\u00e1ndo)"},"content":{"rendered":"\n<p>Hoy escuch\u00e9 un comentario del candidato a la presidencia Ariel Robles que me pareci\u00f3 interesante de analizar. \u00c9l dec\u00eda que el presidente Rodrigo Chaves ha insistido en que no logr\u00f3 acuerdos en la Asamblea Legislativa, y que por eso muchos de sus proyectos no avanzaron. Es un argumento que el propio presidente ha repetido varias veces: que los diputados bloquearon su gesti\u00f3n.<\/p>\n\n\n\n<p>Sin embargo, Robles hizo notar algo muy revelador. Dijo que, cuando el presidente realmente necesit\u00f3 a la Asamblea para que no le quitaran la inmunidad, s\u00ed consigui\u00f3 los votos. Es decir, cuando el asunto era personal, logr\u00f3 negociar; cuando era nacional, no.<\/p>\n\n\n\n<p>Y eso, m\u00e1s que un ataque, es una observaci\u00f3n profunda sobre la coherencia del poder. Porque si en un momento tan delicado se pudieron tender puentes, convencer diputados, acercar posiciones y conseguir apoyo, \u00bfpor qu\u00e9 no se hizo lo mismo con los proyectos del pa\u00eds?<\/p>\n\n\n\n<p>\u00bfSer\u00e1 que no se quiso? \u00bfO que no conven\u00eda pol\u00edticamente hacerlo?<\/p>\n\n\n\n<p>En pol\u00edtica \u2014como en la vida\u2014 hay algo peor que no poder: no querer.<\/p>\n\n\n\n<p>Y el argumento de Robles nos deja frente a una duda leg\u00edtima: si el presidente fue capaz de articular acuerdos para s\u00ed mismo, \u00bfpor qu\u00e9 no para Costa Rica?<\/p>\n\n\n\n<p>Sabemos que durante los per\u00edodos de sesiones extraordinarias el Ejecutivo ten\u00eda la posibilidad de presentar proyectos a la Asamblea y no lo hizo. Ese tiempo, que pudo usarse para avanzar en temas urgentes, simplemente se desperdici\u00f3. Y mientras tanto, el discurso p\u00fablico sigui\u00f3 alimentando la idea de que el enemigo era el Congreso.<\/p>\n\n\n\n<p>Tal vez el problema no haya sido la falta de puentes, sino la decisi\u00f3n de no construirlos.<\/p>\n\n\n\n<p>Porque negociar no es rendirse: es saber escuchar, ceder un poco y comprender que gobernar no se trata de ganar todas las batallas, sino de lograr resultados.<\/p>\n\n\n\n<p>Y si un presidente es capaz de convencer a quienes le son opuestos cuando su inmunidad est\u00e1 en juego, tambi\u00e9n podr\u00eda convencerlos cuando lo que est\u00e1 en juego es el bienestar del pa\u00eds.<\/p>\n\n\n\n<p>Por eso, m\u00e1s all\u00e1 de simpat\u00edas o afinidades pol\u00edticas, vale la pena reflexionar: no toda imposibilidad es falta de poder; a veces, es falta de voluntad.<\/p>\n","protected":false},"excerpt":{"rendered":"<p>Hoy escuch\u00e9 un comentario del candidato a la presidencia Ariel Robles que me pareci\u00f3 interesante de analizar. \u00c9l dec\u00eda que [&hellip;]<\/p>\n","protected":false},"author":1,"featured_media":0,"comment_status":"open","ping_status":"open","sticky":false,"template":"","format":"standard","meta":{"site-sidebar-layout":"default","site-content-layout":"","ast-site-content-layout":"","site-content-style":"default","site-sidebar-style":"default","ast-global-header-display":"","ast-banner-title-visibility":"","ast-main-header-display":"","ast-hfb-above-header-display":"","ast-hfb-below-header-display":"","ast-hfb-mobile-header-display":"","site-post-title":"","ast-breadcrumbs-content":"","ast-featured-img":"","footer-sml-layout":"","theme-transparent-header-meta":"","adv-header-id-meta":"","stick-header-meta":"","header-above-stick-meta":"","header-main-stick-meta":"","header-below-stick-meta":"","astra-migrate-meta-layouts":"default","ast-page-background-enabled":"default","ast-page-background-meta":{"desktop":{"background-color":"var(--ast-global-color-5)","background-image":"","background-repeat":"repeat","background-position":"center center","background-size":"auto","background-attachment":"scroll","background-type":"","background-media":"","overlay-type":"","overlay-color":"","overlay-opacity":"","overlay-gradient":""},"tablet":{"background-color":"","background-image":"","background-repeat":"repeat","background-position":"center center","background-size":"auto","background-attachment":"scroll","background-type":"","background-media":"","overlay-type":"","overlay-color":"","overlay-opacity":"","overlay-gradient":""},"mobile":{"background-color":"","background-image":"","background-repeat":"repeat","background-position":"center center","background-size":"auto","background-attachment":"scroll","background-type":"","background-media":"","overlay-type":"","overlay-color":"","overlay-opacity":"","overlay-gradient":""}},"ast-content-background-meta":{"desktop":{"background-color":"var(--ast-global-color-4)","background-image":"","background-repeat":"repeat","background-position":"center center","background-size":"auto","background-attachment":"scroll","background-type":"","background-media":"","overlay-type":"","overlay-color":"","overlay-opacity":"","overlay-gradient":""},"tablet":{"background-color":"var(--ast-global-color-4)","background-image":"","background-repeat":"repeat","background-position":"center center","background-size":"auto","background-attachment":"scroll","background-type":"","background-media":"","overlay-type":"","overlay-color":"","overlay-opacity":"","overlay-gradient":""},"mobile":{"background-color":"var(--ast-global-color-4)","background-image":"","background-repeat":"repeat","background-position":"center center","background-size":"auto","background-attachment":"scroll","background-type":"","background-media":"","overlay-type":"","overlay-color":"","overlay-opacity":"","overlay-gradient":""}},"footnotes":""},"categories":[18],"tags":[],"class_list":["post-1016","post","type-post","status-publish","format-standard","hentry","category-eduquemonos"],"yoast_head":"<!-- This site is optimized with the Yoast SEO plugin v26.0 - https:\/\/yoast.com\/wordpress\/plugins\/seo\/ -->\n<title>Cuando el poder s\u00ed sabe negociar (pero elige cu\u00e1ndo) - MI BLOG<\/title>\n<meta name=\"robots\" content=\"index, follow, max-snippet:-1, max-image-preview:large, max-video-preview:-1\" \/>\n<link rel=\"canonical\" href=\"https:\/\/viniciojarquin.com\/blog\/cuando-el-poder-si-sabe-negociar-pero-elige-cuando\/\" \/>\n<meta property=\"og:locale\" content=\"es_ES\" \/>\n<meta property=\"og:type\" content=\"article\" \/>\n<meta property=\"og:title\" content=\"Cuando el poder s\u00ed sabe negociar (pero elige cu\u00e1ndo) - MI BLOG\" \/>\n<meta property=\"og:description\" content=\"Hoy escuch\u00e9 un comentario del candidato a la presidencia Ariel Robles que me pareci\u00f3 interesante de analizar. \u00c9l dec\u00eda que [&hellip;]\" \/>\n<meta property=\"og:url\" content=\"https:\/\/viniciojarquin.com\/blog\/cuando-el-poder-si-sabe-negociar-pero-elige-cuando\/\" \/>\n<meta property=\"og:site_name\" content=\"MI BLOG\" \/>\n<meta property=\"article:publisher\" content=\"https:\/\/www.facebook.com\/vinicio.jarquin\" \/>\n<meta property=\"article:author\" content=\"https:\/\/www.facebook.com\/vinicio.jarquin\" \/>\n<meta property=\"article:published_time\" content=\"2025-10-29T03:04:22+00:00\" \/>\n<meta property=\"article:modified_time\" content=\"2025-10-29T03:04:25+00:00\" \/>\n<meta name=\"author\" content=\"Vinicio Jarqu\u00edn\" \/>\n<meta name=\"twitter:card\" content=\"summary_large_image\" \/>\n<meta name=\"twitter:label1\" content=\"Escrito por\" \/>\n\t<meta name=\"twitter:data1\" content=\"Vinicio Jarqu\u00edn\" \/>\n\t<meta name=\"twitter:label2\" content=\"Tiempo de lectura\" \/>\n\t<meta name=\"twitter:data2\" content=\"2 minutos\" \/>\n<script type=\"application\/ld+json\" class=\"yoast-schema-graph\">{\"@context\":\"https:\/\/schema.org\",\"@graph\":[{\"@type\":\"Article\",\"@id\":\"https:\/\/viniciojarquin.com\/blog\/cuando-el-poder-si-sabe-negociar-pero-elige-cuando\/#article\",\"isPartOf\":{\"@id\":\"https:\/\/viniciojarquin.com\/blog\/cuando-el-poder-si-sabe-negociar-pero-elige-cuando\/\"},\"author\":{\"name\":\"Vinicio Jarqu\u00edn\",\"@id\":\"https:\/\/viniciojarquin.com\/blog\/#\/schema\/person\/90100c8845ae55462ec0657d3d2f8d3b\"},\"headline\":\"Cuando el poder s\u00ed sabe negociar (pero elige cu\u00e1ndo)\",\"datePublished\":\"2025-10-29T03:04:22+00:00\",\"dateModified\":\"2025-10-29T03:04:25+00:00\",\"mainEntityOfPage\":{\"@id\":\"https:\/\/viniciojarquin.com\/blog\/cuando-el-poder-si-sabe-negociar-pero-elige-cuando\/\"},\"wordCount\":388,\"commentCount\":0,\"publisher\":{\"@id\":\"https:\/\/viniciojarquin.com\/blog\/#\/schema\/person\/90100c8845ae55462ec0657d3d2f8d3b\"},\"articleSection\":[\"Serie: Eduqu\u00e9monos\"],\"inLanguage\":\"es\",\"potentialAction\":[{\"@type\":\"CommentAction\",\"name\":\"Comment\",\"target\":[\"https:\/\/viniciojarquin.com\/blog\/cuando-el-poder-si-sabe-negociar-pero-elige-cuando\/#respond\"]}]},{\"@type\":\"WebPage\",\"@id\":\"https:\/\/viniciojarquin.com\/blog\/cuando-el-poder-si-sabe-negociar-pero-elige-cuando\/\",\"url\":\"https:\/\/viniciojarquin.com\/blog\/cuando-el-poder-si-sabe-negociar-pero-elige-cuando\/\",\"name\":\"Cuando el poder s\u00ed sabe negociar (pero elige cu\u00e1ndo) - MI BLOG\",\"isPartOf\":{\"@id\":\"https:\/\/viniciojarquin.com\/blog\/#website\"},\"datePublished\":\"2025-10-29T03:04:22+00:00\",\"dateModified\":\"2025-10-29T03:04:25+00:00\",\"breadcrumb\":{\"@id\":\"https:\/\/viniciojarquin.com\/blog\/cuando-el-poder-si-sabe-negociar-pero-elige-cuando\/#breadcrumb\"},\"inLanguage\":\"es\",\"potentialAction\":[{\"@type\":\"ReadAction\",\"target\":[\"https:\/\/viniciojarquin.com\/blog\/cuando-el-poder-si-sabe-negociar-pero-elige-cuando\/\"]}]},{\"@type\":\"BreadcrumbList\",\"@id\":\"https:\/\/viniciojarquin.com\/blog\/cuando-el-poder-si-sabe-negociar-pero-elige-cuando\/#breadcrumb\",\"itemListElement\":[{\"@type\":\"ListItem\",\"position\":1,\"name\":\"Portada\",\"item\":\"https:\/\/viniciojarquin.com\/blog\/\"},{\"@type\":\"ListItem\",\"position\":2,\"name\":\"Cuando el poder s\u00ed sabe negociar (pero elige cu\u00e1ndo)\"}]},{\"@type\":\"WebSite\",\"@id\":\"https:\/\/viniciojarquin.com\/blog\/#website\",\"url\":\"https:\/\/viniciojarquin.com\/blog\/\",\"name\":\"Vinicio Jarqu\u00edn BLOG\",\"description\":\"\",\"publisher\":{\"@id\":\"https:\/\/viniciojarquin.com\/blog\/#\/schema\/person\/90100c8845ae55462ec0657d3d2f8d3b\"},\"potentialAction\":[{\"@type\":\"SearchAction\",\"target\":{\"@type\":\"EntryPoint\",\"urlTemplate\":\"https:\/\/viniciojarquin.com\/blog\/?s={search_term_string}\"},\"query-input\":{\"@type\":\"PropertyValueSpecification\",\"valueRequired\":true,\"valueName\":\"search_term_string\"}}],\"inLanguage\":\"es\"},{\"@type\":[\"Person\",\"Organization\"],\"@id\":\"https:\/\/viniciojarquin.com\/blog\/#\/schema\/person\/90100c8845ae55462ec0657d3d2f8d3b\",\"name\":\"Vinicio Jarqu\u00edn\",\"image\":{\"@type\":\"ImageObject\",\"inLanguage\":\"es\",\"@id\":\"https:\/\/viniciojarquin.com\/blog\/#\/schema\/person\/image\/\",\"url\":\"https:\/\/viniciojarquin.com\/blog\/wp-content\/uploads\/2024\/10\/Logo-VinicioJarquin-original-400.png\",\"contentUrl\":\"https:\/\/viniciojarquin.com\/blog\/wp-content\/uploads\/2024\/10\/Logo-VinicioJarquin-original-400.png\",\"width\":400,\"height\":130,\"caption\":\"Vinicio Jarqu\u00edn\"},\"logo\":{\"@id\":\"https:\/\/viniciojarquin.com\/blog\/#\/schema\/person\/image\/\"},\"description\":\"Empresario textil, artista pl\u00e1stico, escritor, coach de vida y fot\u00f3grafo.\",\"sameAs\":[\"https:\/\/viniciojarquin.com\/blog\",\"https:\/\/www.facebook.com\/vinicio.jarquin\",\"https:\/\/www.instagram.com\/vinicio_jarquin\/\",\"https:\/\/www.pinterest.com\/vinnyjc\/\",\"https:\/\/www.youtube.com\/@VinicioJarquin\"],\"url\":\"https:\/\/viniciojarquin.com\/blog\/author\/admin_s02au25i\/\"}]}<\/script>\n<!-- \/ Yoast SEO plugin. -->","yoast_head_json":{"title":"Cuando el poder s\u00ed sabe negociar (pero elige cu\u00e1ndo) - MI BLOG","robots":{"index":"index","follow":"follow","max-snippet":"max-snippet:-1","max-image-preview":"max-image-preview:large","max-video-preview":"max-video-preview:-1"},"canonical":"https:\/\/viniciojarquin.com\/blog\/cuando-el-poder-si-sabe-negociar-pero-elige-cuando\/","og_locale":"es_ES","og_type":"article","og_title":"Cuando el poder s\u00ed sabe negociar (pero elige cu\u00e1ndo) - MI BLOG","og_description":"Hoy escuch\u00e9 un comentario del candidato a la presidencia Ariel Robles que me pareci\u00f3 interesante de analizar. \u00c9l dec\u00eda que [&hellip;]","og_url":"https:\/\/viniciojarquin.com\/blog\/cuando-el-poder-si-sabe-negociar-pero-elige-cuando\/","og_site_name":"MI BLOG","article_publisher":"https:\/\/www.facebook.com\/vinicio.jarquin","article_author":"https:\/\/www.facebook.com\/vinicio.jarquin","article_published_time":"2025-10-29T03:04:22+00:00","article_modified_time":"2025-10-29T03:04:25+00:00","author":"Vinicio Jarqu\u00edn","twitter_card":"summary_large_image","twitter_misc":{"Escrito por":"Vinicio Jarqu\u00edn","Tiempo de lectura":"2 minutos"},"schema":{"@context":"https:\/\/schema.org","@graph":[{"@type":"Article","@id":"https:\/\/viniciojarquin.com\/blog\/cuando-el-poder-si-sabe-negociar-pero-elige-cuando\/#article","isPartOf":{"@id":"https:\/\/viniciojarquin.com\/blog\/cuando-el-poder-si-sabe-negociar-pero-elige-cuando\/"},"author":{"name":"Vinicio Jarqu\u00edn","@id":"https:\/\/viniciojarquin.com\/blog\/#\/schema\/person\/90100c8845ae55462ec0657d3d2f8d3b"},"headline":"Cuando el poder s\u00ed sabe negociar (pero elige cu\u00e1ndo)","datePublished":"2025-10-29T03:04:22+00:00","dateModified":"2025-10-29T03:04:25+00:00","mainEntityOfPage":{"@id":"https:\/\/viniciojarquin.com\/blog\/cuando-el-poder-si-sabe-negociar-pero-elige-cuando\/"},"wordCount":388,"commentCount":0,"publisher":{"@id":"https:\/\/viniciojarquin.com\/blog\/#\/schema\/person\/90100c8845ae55462ec0657d3d2f8d3b"},"articleSection":["Serie: Eduqu\u00e9monos"],"inLanguage":"es","potentialAction":[{"@type":"CommentAction","name":"Comment","target":["https:\/\/viniciojarquin.com\/blog\/cuando-el-poder-si-sabe-negociar-pero-elige-cuando\/#respond"]}]},{"@type":"WebPage","@id":"https:\/\/viniciojarquin.com\/blog\/cuando-el-poder-si-sabe-negociar-pero-elige-cuando\/","url":"https:\/\/viniciojarquin.com\/blog\/cuando-el-poder-si-sabe-negociar-pero-elige-cuando\/","name":"Cuando el poder s\u00ed sabe negociar (pero elige cu\u00e1ndo) - MI BLOG","isPartOf":{"@id":"https:\/\/viniciojarquin.com\/blog\/#website"},"datePublished":"2025-10-29T03:04:22+00:00","dateModified":"2025-10-29T03:04:25+00:00","breadcrumb":{"@id":"https:\/\/viniciojarquin.com\/blog\/cuando-el-poder-si-sabe-negociar-pero-elige-cuando\/#breadcrumb"},"inLanguage":"es","potentialAction":[{"@type":"ReadAction","target":["https:\/\/viniciojarquin.com\/blog\/cuando-el-poder-si-sabe-negociar-pero-elige-cuando\/"]}]},{"@type":"BreadcrumbList","@id":"https:\/\/viniciojarquin.com\/blog\/cuando-el-poder-si-sabe-negociar-pero-elige-cuando\/#breadcrumb","itemListElement":[{"@type":"ListItem","position":1,"name":"Portada","item":"https:\/\/viniciojarquin.com\/blog\/"},{"@type":"ListItem","position":2,"name":"Cuando el poder s\u00ed sabe negociar (pero elige cu\u00e1ndo)"}]},{"@type":"WebSite","@id":"https:\/\/viniciojarquin.com\/blog\/#website","url":"https:\/\/viniciojarquin.com\/blog\/","name":"Vinicio Jarqu\u00edn BLOG","description":"","publisher":{"@id":"https:\/\/viniciojarquin.com\/blog\/#\/schema\/person\/90100c8845ae55462ec0657d3d2f8d3b"},"potentialAction":[{"@type":"SearchAction","target":{"@type":"EntryPoint","urlTemplate":"https:\/\/viniciojarquin.com\/blog\/?s={search_term_string}"},"query-input":{"@type":"PropertyValueSpecification","valueRequired":true,"valueName":"search_term_string"}}],"inLanguage":"es"},{"@type":["Person","Organization"],"@id":"https:\/\/viniciojarquin.com\/blog\/#\/schema\/person\/90100c8845ae55462ec0657d3d2f8d3b","name":"Vinicio Jarqu\u00edn","image":{"@type":"ImageObject","inLanguage":"es","@id":"https:\/\/viniciojarquin.com\/blog\/#\/schema\/person\/image\/","url":"https:\/\/viniciojarquin.com\/blog\/wp-content\/uploads\/2024\/10\/Logo-VinicioJarquin-original-400.png","contentUrl":"https:\/\/viniciojarquin.com\/blog\/wp-content\/uploads\/2024\/10\/Logo-VinicioJarquin-original-400.png","width":400,"height":130,"caption":"Vinicio Jarqu\u00edn"},"logo":{"@id":"https:\/\/viniciojarquin.com\/blog\/#\/schema\/person\/image\/"},"description":"Empresario textil, artista pl\u00e1stico, escritor, coach de vida y fot\u00f3grafo.","sameAs":["https:\/\/viniciojarquin.com\/blog","https:\/\/www.facebook.com\/vinicio.jarquin","https:\/\/www.instagram.com\/vinicio_jarquin\/","https:\/\/www.pinterest.com\/vinnyjc\/","https:\/\/www.youtube.com\/@VinicioJarquin"],"url":"https:\/\/viniciojarquin.com\/blog\/author\/admin_s02au25i\/"}]}},"blog_post_layout_featured_media_urls":{"thumbnail":"","full":""},"categories_names":{"18":{"name":"Serie: Eduqu\u00e9monos","link":"https:\/\/viniciojarquin.com\/blog\/category\/eduquemonos\/"}},"tags_names":[],"comments_number":"0","_links":{"self":[{"href":"https:\/\/viniciojarquin.com\/blog\/wp-json\/wp\/v2\/posts\/1016","targetHints":{"allow":["GET"]}}],"collection":[{"href":"https:\/\/viniciojarquin.com\/blog\/wp-json\/wp\/v2\/posts"}],"about":[{"href":"https:\/\/viniciojarquin.com\/blog\/wp-json\/wp\/v2\/types\/post"}],"author":[{"embeddable":true,"href":"https:\/\/viniciojarquin.com\/blog\/wp-json\/wp\/v2\/users\/1"}],"replies":[{"embeddable":true,"href":"https:\/\/viniciojarquin.com\/blog\/wp-json\/wp\/v2\/comments?post=1016"}],"version-history":[{"count":1,"href":"https:\/\/viniciojarquin.com\/blog\/wp-json\/wp\/v2\/posts\/1016\/revisions"}],"predecessor-version":[{"id":1021,"href":"https:\/\/viniciojarquin.com\/blog\/wp-json\/wp\/v2\/posts\/1016\/revisions\/1021"}],"wp:attachment":[{"href":"https:\/\/viniciojarquin.com\/blog\/wp-json\/wp\/v2\/media?parent=1016"}],"wp:term":[{"taxonomy":"category","embeddable":true,"href":"https:\/\/viniciojarquin.com\/blog\/wp-json\/wp\/v2\/categories?post=1016"},{"taxonomy":"post_tag","embeddable":true,"href":"https:\/\/viniciojarquin.com\/blog\/wp-json\/wp\/v2\/tags?post=1016"}],"curies":[{"name":"wp","href":"https:\/\/api.w.org\/{rel}","templated":true}]}}