{"id":1154,"date":"2025-11-07T03:07:21","date_gmt":"2025-11-07T03:07:21","guid":{"rendered":"https:\/\/viniciojarquin.com\/blog\/?p=1154"},"modified":"2025-11-07T03:07:24","modified_gmt":"2025-11-07T03:07:24","slug":"jose-maria-figueres-olsen-1994-1998","status":"publish","type":"post","link":"https:\/\/viniciojarquin.com\/blog\/jose-maria-figueres-olsen-1994-1998\/","title":{"rendered":"Jos\u00e9 Mar\u00eda Figueres Olsen (1994\u20131998)"},"content":{"rendered":"\n<figure class=\"wp-block-image size-large\"><img decoding=\"async\" width=\"683\" height=\"1024\" data-src=\"https:\/\/viniciojarquin.com\/blog\/wp-content\/uploads\/2025\/11\/06-Jose-Maria-Figuerez-Olsen-683x1024.jpg\" alt=\"\" class=\"wp-image-1147 lazyload\" data-srcset=\"https:\/\/viniciojarquin.com\/blog\/wp-content\/uploads\/2025\/11\/06-Jose-Maria-Figuerez-Olsen-683x1024.jpg 683w, https:\/\/viniciojarquin.com\/blog\/wp-content\/uploads\/2025\/11\/06-Jose-Maria-Figuerez-Olsen-200x300.jpg 200w, https:\/\/viniciojarquin.com\/blog\/wp-content\/uploads\/2025\/11\/06-Jose-Maria-Figuerez-Olsen-768x1152.jpg 768w, https:\/\/viniciojarquin.com\/blog\/wp-content\/uploads\/2025\/11\/06-Jose-Maria-Figuerez-Olsen.jpg 800w\" data-sizes=\"(max-width: 683px) 100vw, 683px\" src=\"data:image\/svg+xml;base64,PHN2ZyB3aWR0aD0iMSIgaGVpZ2h0PSIxIiB4bWxucz0iaHR0cDovL3d3dy53My5vcmcvMjAwMC9zdmciPjwvc3ZnPg==\" style=\"--smush-placeholder-width: 683px; --smush-placeholder-aspect-ratio: 683\/1024;\" \/><\/figure>\n\n\n\n<p>Cuando Jos\u00e9 Mar\u00eda Figueres Olsen asumi\u00f3 la presidencia en 1994, Costa Rica entraba de lleno en la era contempor\u00e1nea. La globalizaci\u00f3n asomaba con fuerza, la tecnolog\u00eda comenzaba a transformar la vida cotidiana, y el pa\u00eds enfrentaba el reto de modernizar su econom\u00eda sin perder su esencia humana. Figueres, joven, din\u00e1mico y visionario, representaba ese nuevo tiempo: el de una Costa Rica que quer\u00eda pensar hacia adelante.<\/p>\n\n\n\n<p>Naci\u00f3 en San Jos\u00e9 en 1954, hijo de Jos\u00e9 Figueres Ferrer, fundador de la Segunda Rep\u00fablica, y de Karen Olsen Beck, mujer de profunda vocaci\u00f3n social y diplom\u00e1tica. Creci\u00f3 en un ambiente de pensamiento pol\u00edtico, sensibilidad c\u00edvica y compromiso con la justicia. Estudi\u00f3 ingenier\u00eda industrial en West Point y econom\u00eda en Harvard, y desde temprano mostr\u00f3 un inter\u00e9s particular por la eficiencia, la innovaci\u00f3n y el desarrollo sostenible.<\/p>\n\n\n\n<p>Su presidencia se caracteriz\u00f3 por una apuesta firme por la modernizaci\u00f3n. Impuls\u00f3 la apertura de las telecomunicaciones y la energ\u00eda, promovi\u00f3 la tecnolog\u00eda como motor de desarrollo y sembr\u00f3 la idea \u2014entonces incipiente\u2014 de una econom\u00eda basada en el conocimiento. Bajo su liderazgo, Costa Rica fortaleci\u00f3 su posici\u00f3n internacional y se convirti\u00f3 en un referente de democracia moderna en Am\u00e9rica Latina.<\/p>\n\n\n\n<p>Figueres fue un presidente de acci\u00f3n y pensamiento. Se mov\u00eda entre la gesti\u00f3n t\u00e9cnica y la visi\u00f3n estrat\u00e9gica, entre la planificaci\u00f3n rigurosa y la inspiraci\u00f3n c\u00edvica. Cre\u00eda que el pa\u00eds deb\u00eda prepararse para un futuro donde la educaci\u00f3n y la tecnolog\u00eda ser\u00edan los nuevos pilares de la prosperidad. Su visi\u00f3n de un Estado \u00e1gil, transparente y eficiente reson\u00f3 como un anticipo de los desaf\u00edos del siglo XXI.<\/p>\n\n\n\n<p>En su vida personal, Jos\u00e9 Mar\u00eda Figueres ha sido siempre un hombre inquieto, curioso, amante del di\u00e1logo y la reflexi\u00f3n. Quienes lo conocen destacan su energ\u00eda inagotable, su entusiasmo por los temas globales y su fe en la capacidad de Costa Rica para ser modelo de sostenibilidad. A lo largo de su vida p\u00fablica, ha mantenido la pasi\u00f3n por los temas ambientales, la innovaci\u00f3n y el pensamiento estrat\u00e9gico.<\/p>\n\n\n\n<p>Su paso por la presidencia dej\u00f3 un legado que a\u00fan se siente: el impulso hacia la digitalizaci\u00f3n del Estado, el fortalecimiento de la educaci\u00f3n cient\u00edfica y tecnol\u00f3gica, y la apertura de una conversaci\u00f3n nacional sobre el desarrollo sostenible. Represent\u00f3 la mirada hacia el futuro sin renunciar al ideal \u00e9tico heredado de su padre: el de un pa\u00eds que progresa sin dejar a nadie atr\u00e1s.<\/p>\n\n\n\n<p>Jos\u00e9 Mar\u00eda Figueres Olsen fue un presidente que vio m\u00e1s all\u00e1 de su tiempo. En su mandato se plantaron muchas de las semillas de la Costa Rica moderna, y su visi\u00f3n, a veces adelantada para su \u00e9poca, reafirm\u00f3 la idea de que el conocimiento, la innovaci\u00f3n y la conciencia ambiental son los nuevos rostros de la democracia.<\/p>\n","protected":false},"excerpt":{"rendered":"<p>Cuando Jos\u00e9 Mar\u00eda Figueres Olsen asumi\u00f3 la presidencia en 1994, Costa Rica entraba de lleno en la era contempor\u00e1nea. La [&hellip;]<\/p>\n","protected":false},"author":1,"featured_media":1147,"comment_status":"open","ping_status":"open","sticky":false,"template":"","format":"standard","meta":{"site-sidebar-layout":"default","site-content-layout":"","ast-site-content-layout":"","site-content-style":"default","site-sidebar-style":"default","ast-global-header-display":"","ast-banner-title-visibility":"","ast-main-header-display":"","ast-hfb-above-header-display":"","ast-hfb-below-header-display":"","ast-hfb-mobile-header-display":"","site-post-title":"","ast-breadcrumbs-content":"","ast-featured-img":"","footer-sml-layout":"","theme-transparent-header-meta":"","adv-header-id-meta":"","stick-header-meta":"","header-above-stick-meta":"","header-main-stick-meta":"","header-below-stick-meta":"","astra-migrate-meta-layouts":"default","ast-page-background-enabled":"default","ast-page-background-meta":{"desktop":{"background-color":"var(--ast-global-color-5)","background-image":"","background-repeat":"repeat","background-position":"center center","background-size":"auto","background-attachment":"scroll","background-type":"","background-media":"","overlay-type":"","overlay-color":"","overlay-opacity":"","overlay-gradient":""},"tablet":{"background-color":"","background-image":"","background-repeat":"repeat","background-position":"center center","background-size":"auto","background-attachment":"scroll","background-type":"","background-media":"","overlay-type":"","overlay-color":"","overlay-opacity":"","overlay-gradient":""},"mobile":{"background-color":"","background-image":"","background-repeat":"repeat","background-position":"center center","background-size":"auto","background-attachment":"scroll","background-type":"","background-media":"","overlay-type":"","overlay-color":"","overlay-opacity":"","overlay-gradient":""}},"ast-content-background-meta":{"desktop":{"background-color":"var(--ast-global-color-4)","background-image":"","background-repeat":"repeat","background-position":"center center","background-size":"auto","background-attachment":"scroll","background-type":"","background-media":"","overlay-type":"","overlay-color":"","overlay-opacity":"","overlay-gradient":""},"tablet":{"background-color":"var(--ast-global-color-4)","background-image":"","background-repeat":"repeat","background-position":"center center","background-size":"auto","background-attachment":"scroll","background-type":"","background-media":"","overlay-type":"","overlay-color":"","overlay-opacity":"","overlay-gradient":""},"mobile":{"background-color":"var(--ast-global-color-4)","background-image":"","background-repeat":"repeat","background-position":"center center","background-size":"auto","background-attachment":"scroll","background-type":"","background-media":"","overlay-type":"","overlay-color":"","overlay-opacity":"","overlay-gradient":""}},"footnotes":""},"categories":[20],"tags":[],"class_list":["post-1154","post","type-post","status-publish","format-standard","has-post-thumbnail","hentry","category-serie-los-expresidentes"],"yoast_head":"<!-- This site is optimized with the Yoast SEO plugin v26.0 - https:\/\/yoast.com\/wordpress\/plugins\/seo\/ -->\n<title>Jos\u00e9 Mar\u00eda Figueres Olsen (1994\u20131998) - MI BLOG<\/title>\n<meta name=\"robots\" content=\"index, follow, max-snippet:-1, max-image-preview:large, max-video-preview:-1\" \/>\n<link rel=\"canonical\" href=\"https:\/\/viniciojarquin.com\/blog\/jose-maria-figueres-olsen-1994-1998\/\" \/>\n<meta property=\"og:locale\" content=\"es_ES\" \/>\n<meta property=\"og:type\" content=\"article\" \/>\n<meta property=\"og:title\" content=\"Jos\u00e9 Mar\u00eda Figueres Olsen (1994\u20131998) - MI BLOG\" \/>\n<meta property=\"og:description\" content=\"Cuando Jos\u00e9 Mar\u00eda Figueres Olsen asumi\u00f3 la presidencia en 1994, Costa Rica entraba de lleno en la era contempor\u00e1nea. La [&hellip;]\" \/>\n<meta property=\"og:url\" content=\"https:\/\/viniciojarquin.com\/blog\/jose-maria-figueres-olsen-1994-1998\/\" \/>\n<meta property=\"og:site_name\" content=\"MI BLOG\" \/>\n<meta property=\"article:publisher\" content=\"https:\/\/www.facebook.com\/vinicio.jarquin\" \/>\n<meta property=\"article:author\" content=\"https:\/\/www.facebook.com\/vinicio.jarquin\" \/>\n<meta property=\"article:published_time\" content=\"2025-11-07T03:07:21+00:00\" \/>\n<meta property=\"article:modified_time\" content=\"2025-11-07T03:07:24+00:00\" \/>\n<meta property=\"og:image\" content=\"https:\/\/viniciojarquin.com\/blog\/wp-content\/uploads\/2025\/11\/06-Jose-Maria-Figuerez-Olsen.jpg\" \/>\n\t<meta property=\"og:image:width\" content=\"800\" \/>\n\t<meta property=\"og:image:height\" content=\"1200\" \/>\n\t<meta property=\"og:image:type\" content=\"image\/jpeg\" \/>\n<meta name=\"author\" content=\"Vinicio Jarqu\u00edn\" \/>\n<meta name=\"twitter:card\" content=\"summary_large_image\" \/>\n<meta name=\"twitter:label1\" content=\"Escrito por\" \/>\n\t<meta name=\"twitter:data1\" content=\"Vinicio Jarqu\u00edn\" \/>\n\t<meta name=\"twitter:label2\" content=\"Tiempo de lectura\" \/>\n\t<meta name=\"twitter:data2\" content=\"3 minutos\" \/>\n<script type=\"application\/ld+json\" class=\"yoast-schema-graph\">{\"@context\":\"https:\/\/schema.org\",\"@graph\":[{\"@type\":\"Article\",\"@id\":\"https:\/\/viniciojarquin.com\/blog\/jose-maria-figueres-olsen-1994-1998\/#article\",\"isPartOf\":{\"@id\":\"https:\/\/viniciojarquin.com\/blog\/jose-maria-figueres-olsen-1994-1998\/\"},\"author\":{\"name\":\"Vinicio Jarqu\u00edn\",\"@id\":\"https:\/\/viniciojarquin.com\/blog\/#\/schema\/person\/90100c8845ae55462ec0657d3d2f8d3b\"},\"headline\":\"Jos\u00e9 Mar\u00eda Figueres Olsen (1994\u20131998)\",\"datePublished\":\"2025-11-07T03:07:21+00:00\",\"dateModified\":\"2025-11-07T03:07:24+00:00\",\"mainEntityOfPage\":{\"@id\":\"https:\/\/viniciojarquin.com\/blog\/jose-maria-figueres-olsen-1994-1998\/\"},\"wordCount\":514,\"commentCount\":0,\"publisher\":{\"@id\":\"https:\/\/viniciojarquin.com\/blog\/#\/schema\/person\/90100c8845ae55462ec0657d3d2f8d3b\"},\"image\":{\"@id\":\"https:\/\/viniciojarquin.com\/blog\/jose-maria-figueres-olsen-1994-1998\/#primaryimage\"},\"thumbnailUrl\":\"https:\/\/viniciojarquin.com\/blog\/wp-content\/uploads\/2025\/11\/06-Jose-Maria-Figuerez-Olsen.jpg\",\"articleSection\":[\"Serie: Los expresidentes\"],\"inLanguage\":\"es\",\"potentialAction\":[{\"@type\":\"CommentAction\",\"name\":\"Comment\",\"target\":[\"https:\/\/viniciojarquin.com\/blog\/jose-maria-figueres-olsen-1994-1998\/#respond\"]}]},{\"@type\":\"WebPage\",\"@id\":\"https:\/\/viniciojarquin.com\/blog\/jose-maria-figueres-olsen-1994-1998\/\",\"url\":\"https:\/\/viniciojarquin.com\/blog\/jose-maria-figueres-olsen-1994-1998\/\",\"name\":\"Jos\u00e9 Mar\u00eda Figueres Olsen (1994\u20131998) - MI BLOG\",\"isPartOf\":{\"@id\":\"https:\/\/viniciojarquin.com\/blog\/#website\"},\"primaryImageOfPage\":{\"@id\":\"https:\/\/viniciojarquin.com\/blog\/jose-maria-figueres-olsen-1994-1998\/#primaryimage\"},\"image\":{\"@id\":\"https:\/\/viniciojarquin.com\/blog\/jose-maria-figueres-olsen-1994-1998\/#primaryimage\"},\"thumbnailUrl\":\"https:\/\/viniciojarquin.com\/blog\/wp-content\/uploads\/2025\/11\/06-Jose-Maria-Figuerez-Olsen.jpg\",\"datePublished\":\"2025-11-07T03:07:21+00:00\",\"dateModified\":\"2025-11-07T03:07:24+00:00\",\"breadcrumb\":{\"@id\":\"https:\/\/viniciojarquin.com\/blog\/jose-maria-figueres-olsen-1994-1998\/#breadcrumb\"},\"inLanguage\":\"es\",\"potentialAction\":[{\"@type\":\"ReadAction\",\"target\":[\"https:\/\/viniciojarquin.com\/blog\/jose-maria-figueres-olsen-1994-1998\/\"]}]},{\"@type\":\"ImageObject\",\"inLanguage\":\"es\",\"@id\":\"https:\/\/viniciojarquin.com\/blog\/jose-maria-figueres-olsen-1994-1998\/#primaryimage\",\"url\":\"https:\/\/viniciojarquin.com\/blog\/wp-content\/uploads\/2025\/11\/06-Jose-Maria-Figuerez-Olsen.jpg\",\"contentUrl\":\"https:\/\/viniciojarquin.com\/blog\/wp-content\/uploads\/2025\/11\/06-Jose-Maria-Figuerez-Olsen.jpg\",\"width\":800,\"height\":1200},{\"@type\":\"BreadcrumbList\",\"@id\":\"https:\/\/viniciojarquin.com\/blog\/jose-maria-figueres-olsen-1994-1998\/#breadcrumb\",\"itemListElement\":[{\"@type\":\"ListItem\",\"position\":1,\"name\":\"Portada\",\"item\":\"https:\/\/viniciojarquin.com\/blog\/\"},{\"@type\":\"ListItem\",\"position\":2,\"name\":\"Jos\u00e9 Mar\u00eda Figueres Olsen (1994\u20131998)\"}]},{\"@type\":\"WebSite\",\"@id\":\"https:\/\/viniciojarquin.com\/blog\/#website\",\"url\":\"https:\/\/viniciojarquin.com\/blog\/\",\"name\":\"Vinicio Jarqu\u00edn BLOG\",\"description\":\"\",\"publisher\":{\"@id\":\"https:\/\/viniciojarquin.com\/blog\/#\/schema\/person\/90100c8845ae55462ec0657d3d2f8d3b\"},\"potentialAction\":[{\"@type\":\"SearchAction\",\"target\":{\"@type\":\"EntryPoint\",\"urlTemplate\":\"https:\/\/viniciojarquin.com\/blog\/?s={search_term_string}\"},\"query-input\":{\"@type\":\"PropertyValueSpecification\",\"valueRequired\":true,\"valueName\":\"search_term_string\"}}],\"inLanguage\":\"es\"},{\"@type\":[\"Person\",\"Organization\"],\"@id\":\"https:\/\/viniciojarquin.com\/blog\/#\/schema\/person\/90100c8845ae55462ec0657d3d2f8d3b\",\"name\":\"Vinicio Jarqu\u00edn\",\"image\":{\"@type\":\"ImageObject\",\"inLanguage\":\"es\",\"@id\":\"https:\/\/viniciojarquin.com\/blog\/#\/schema\/person\/image\/\",\"url\":\"https:\/\/viniciojarquin.com\/blog\/wp-content\/uploads\/2024\/10\/Logo-VinicioJarquin-original-400.png\",\"contentUrl\":\"https:\/\/viniciojarquin.com\/blog\/wp-content\/uploads\/2024\/10\/Logo-VinicioJarquin-original-400.png\",\"width\":400,\"height\":130,\"caption\":\"Vinicio Jarqu\u00edn\"},\"logo\":{\"@id\":\"https:\/\/viniciojarquin.com\/blog\/#\/schema\/person\/image\/\"},\"description\":\"Empresario textil, artista pl\u00e1stico, escritor, coach de vida y fot\u00f3grafo.\",\"sameAs\":[\"https:\/\/viniciojarquin.com\/blog\",\"https:\/\/www.facebook.com\/vinicio.jarquin\",\"https:\/\/www.instagram.com\/vinicio_jarquin\/\",\"https:\/\/www.pinterest.com\/vinnyjc\/\",\"https:\/\/www.youtube.com\/@VinicioJarquin\"],\"url\":\"https:\/\/viniciojarquin.com\/blog\/author\/admin_s02au25i\/\"}]}<\/script>\n<!-- \/ Yoast SEO plugin. -->","yoast_head_json":{"title":"Jos\u00e9 Mar\u00eda Figueres Olsen (1994\u20131998) - MI BLOG","robots":{"index":"index","follow":"follow","max-snippet":"max-snippet:-1","max-image-preview":"max-image-preview:large","max-video-preview":"max-video-preview:-1"},"canonical":"https:\/\/viniciojarquin.com\/blog\/jose-maria-figueres-olsen-1994-1998\/","og_locale":"es_ES","og_type":"article","og_title":"Jos\u00e9 Mar\u00eda Figueres Olsen (1994\u20131998) - MI BLOG","og_description":"Cuando Jos\u00e9 Mar\u00eda Figueres Olsen asumi\u00f3 la presidencia en 1994, Costa Rica entraba de lleno en la era contempor\u00e1nea. La [&hellip;]","og_url":"https:\/\/viniciojarquin.com\/blog\/jose-maria-figueres-olsen-1994-1998\/","og_site_name":"MI BLOG","article_publisher":"https:\/\/www.facebook.com\/vinicio.jarquin","article_author":"https:\/\/www.facebook.com\/vinicio.jarquin","article_published_time":"2025-11-07T03:07:21+00:00","article_modified_time":"2025-11-07T03:07:24+00:00","og_image":[{"width":800,"height":1200,"url":"https:\/\/viniciojarquin.com\/blog\/wp-content\/uploads\/2025\/11\/06-Jose-Maria-Figuerez-Olsen.jpg","type":"image\/jpeg"}],"author":"Vinicio Jarqu\u00edn","twitter_card":"summary_large_image","twitter_misc":{"Escrito por":"Vinicio Jarqu\u00edn","Tiempo de lectura":"3 minutos"},"schema":{"@context":"https:\/\/schema.org","@graph":[{"@type":"Article","@id":"https:\/\/viniciojarquin.com\/blog\/jose-maria-figueres-olsen-1994-1998\/#article","isPartOf":{"@id":"https:\/\/viniciojarquin.com\/blog\/jose-maria-figueres-olsen-1994-1998\/"},"author":{"name":"Vinicio Jarqu\u00edn","@id":"https:\/\/viniciojarquin.com\/blog\/#\/schema\/person\/90100c8845ae55462ec0657d3d2f8d3b"},"headline":"Jos\u00e9 Mar\u00eda Figueres Olsen (1994\u20131998)","datePublished":"2025-11-07T03:07:21+00:00","dateModified":"2025-11-07T03:07:24+00:00","mainEntityOfPage":{"@id":"https:\/\/viniciojarquin.com\/blog\/jose-maria-figueres-olsen-1994-1998\/"},"wordCount":514,"commentCount":0,"publisher":{"@id":"https:\/\/viniciojarquin.com\/blog\/#\/schema\/person\/90100c8845ae55462ec0657d3d2f8d3b"},"image":{"@id":"https:\/\/viniciojarquin.com\/blog\/jose-maria-figueres-olsen-1994-1998\/#primaryimage"},"thumbnailUrl":"https:\/\/viniciojarquin.com\/blog\/wp-content\/uploads\/2025\/11\/06-Jose-Maria-Figuerez-Olsen.jpg","articleSection":["Serie: Los expresidentes"],"inLanguage":"es","potentialAction":[{"@type":"CommentAction","name":"Comment","target":["https:\/\/viniciojarquin.com\/blog\/jose-maria-figueres-olsen-1994-1998\/#respond"]}]},{"@type":"WebPage","@id":"https:\/\/viniciojarquin.com\/blog\/jose-maria-figueres-olsen-1994-1998\/","url":"https:\/\/viniciojarquin.com\/blog\/jose-maria-figueres-olsen-1994-1998\/","name":"Jos\u00e9 Mar\u00eda Figueres Olsen (1994\u20131998) - MI BLOG","isPartOf":{"@id":"https:\/\/viniciojarquin.com\/blog\/#website"},"primaryImageOfPage":{"@id":"https:\/\/viniciojarquin.com\/blog\/jose-maria-figueres-olsen-1994-1998\/#primaryimage"},"image":{"@id":"https:\/\/viniciojarquin.com\/blog\/jose-maria-figueres-olsen-1994-1998\/#primaryimage"},"thumbnailUrl":"https:\/\/viniciojarquin.com\/blog\/wp-content\/uploads\/2025\/11\/06-Jose-Maria-Figuerez-Olsen.jpg","datePublished":"2025-11-07T03:07:21+00:00","dateModified":"2025-11-07T03:07:24+00:00","breadcrumb":{"@id":"https:\/\/viniciojarquin.com\/blog\/jose-maria-figueres-olsen-1994-1998\/#breadcrumb"},"inLanguage":"es","potentialAction":[{"@type":"ReadAction","target":["https:\/\/viniciojarquin.com\/blog\/jose-maria-figueres-olsen-1994-1998\/"]}]},{"@type":"ImageObject","inLanguage":"es","@id":"https:\/\/viniciojarquin.com\/blog\/jose-maria-figueres-olsen-1994-1998\/#primaryimage","url":"https:\/\/viniciojarquin.com\/blog\/wp-content\/uploads\/2025\/11\/06-Jose-Maria-Figuerez-Olsen.jpg","contentUrl":"https:\/\/viniciojarquin.com\/blog\/wp-content\/uploads\/2025\/11\/06-Jose-Maria-Figuerez-Olsen.jpg","width":800,"height":1200},{"@type":"BreadcrumbList","@id":"https:\/\/viniciojarquin.com\/blog\/jose-maria-figueres-olsen-1994-1998\/#breadcrumb","itemListElement":[{"@type":"ListItem","position":1,"name":"Portada","item":"https:\/\/viniciojarquin.com\/blog\/"},{"@type":"ListItem","position":2,"name":"Jos\u00e9 Mar\u00eda Figueres Olsen (1994\u20131998)"}]},{"@type":"WebSite","@id":"https:\/\/viniciojarquin.com\/blog\/#website","url":"https:\/\/viniciojarquin.com\/blog\/","name":"Vinicio Jarqu\u00edn BLOG","description":"","publisher":{"@id":"https:\/\/viniciojarquin.com\/blog\/#\/schema\/person\/90100c8845ae55462ec0657d3d2f8d3b"},"potentialAction":[{"@type":"SearchAction","target":{"@type":"EntryPoint","urlTemplate":"https:\/\/viniciojarquin.com\/blog\/?s={search_term_string}"},"query-input":{"@type":"PropertyValueSpecification","valueRequired":true,"valueName":"search_term_string"}}],"inLanguage":"es"},{"@type":["Person","Organization"],"@id":"https:\/\/viniciojarquin.com\/blog\/#\/schema\/person\/90100c8845ae55462ec0657d3d2f8d3b","name":"Vinicio Jarqu\u00edn","image":{"@type":"ImageObject","inLanguage":"es","@id":"https:\/\/viniciojarquin.com\/blog\/#\/schema\/person\/image\/","url":"https:\/\/viniciojarquin.com\/blog\/wp-content\/uploads\/2024\/10\/Logo-VinicioJarquin-original-400.png","contentUrl":"https:\/\/viniciojarquin.com\/blog\/wp-content\/uploads\/2024\/10\/Logo-VinicioJarquin-original-400.png","width":400,"height":130,"caption":"Vinicio Jarqu\u00edn"},"logo":{"@id":"https:\/\/viniciojarquin.com\/blog\/#\/schema\/person\/image\/"},"description":"Empresario textil, artista pl\u00e1stico, escritor, coach de vida y fot\u00f3grafo.","sameAs":["https:\/\/viniciojarquin.com\/blog","https:\/\/www.facebook.com\/vinicio.jarquin","https:\/\/www.instagram.com\/vinicio_jarquin\/","https:\/\/www.pinterest.com\/vinnyjc\/","https:\/\/www.youtube.com\/@VinicioJarquin"],"url":"https:\/\/viniciojarquin.com\/blog\/author\/admin_s02au25i\/"}]}},"blog_post_layout_featured_media_urls":{"thumbnail":["https:\/\/viniciojarquin.com\/blog\/wp-content\/uploads\/2025\/11\/06-Jose-Maria-Figuerez-Olsen-150x150.jpg",150,150,true],"full":["https:\/\/viniciojarquin.com\/blog\/wp-content\/uploads\/2025\/11\/06-Jose-Maria-Figuerez-Olsen.jpg",800,1200,false]},"categories_names":{"20":{"name":"Serie: Los expresidentes","link":"https:\/\/viniciojarquin.com\/blog\/category\/serie-los-expresidentes\/"}},"tags_names":[],"comments_number":"0","_links":{"self":[{"href":"https:\/\/viniciojarquin.com\/blog\/wp-json\/wp\/v2\/posts\/1154","targetHints":{"allow":["GET"]}}],"collection":[{"href":"https:\/\/viniciojarquin.com\/blog\/wp-json\/wp\/v2\/posts"}],"about":[{"href":"https:\/\/viniciojarquin.com\/blog\/wp-json\/wp\/v2\/types\/post"}],"author":[{"embeddable":true,"href":"https:\/\/viniciojarquin.com\/blog\/wp-json\/wp\/v2\/users\/1"}],"replies":[{"embeddable":true,"href":"https:\/\/viniciojarquin.com\/blog\/wp-json\/wp\/v2\/comments?post=1154"}],"version-history":[{"count":1,"href":"https:\/\/viniciojarquin.com\/blog\/wp-json\/wp\/v2\/posts\/1154\/revisions"}],"predecessor-version":[{"id":1167,"href":"https:\/\/viniciojarquin.com\/blog\/wp-json\/wp\/v2\/posts\/1154\/revisions\/1167"}],"wp:featuredmedia":[{"embeddable":true,"href":"https:\/\/viniciojarquin.com\/blog\/wp-json\/wp\/v2\/media\/1147"}],"wp:attachment":[{"href":"https:\/\/viniciojarquin.com\/blog\/wp-json\/wp\/v2\/media?parent=1154"}],"wp:term":[{"taxonomy":"category","embeddable":true,"href":"https:\/\/viniciojarquin.com\/blog\/wp-json\/wp\/v2\/categories?post=1154"},{"taxonomy":"post_tag","embeddable":true,"href":"https:\/\/viniciojarquin.com\/blog\/wp-json\/wp\/v2\/tags?post=1154"}],"curies":[{"name":"wp","href":"https:\/\/api.w.org\/{rel}","templated":true}]}}