{"id":1155,"date":"2025-11-07T03:08:17","date_gmt":"2025-11-07T03:08:17","guid":{"rendered":"https:\/\/viniciojarquin.com\/blog\/?p=1155"},"modified":"2025-11-07T03:08:20","modified_gmt":"2025-11-07T03:08:20","slug":"miguel-angel-rodriguez-echeverria-1998-2002","status":"publish","type":"post","link":"https:\/\/viniciojarquin.com\/blog\/miguel-angel-rodriguez-echeverria-1998-2002\/","title":{"rendered":"Miguel \u00c1ngel Rodr\u00edguez Echeverr\u00eda (1998\u20132002)"},"content":{"rendered":"\n<figure class=\"wp-block-image size-large\"><img decoding=\"async\" width=\"683\" height=\"1024\" data-src=\"https:\/\/viniciojarquin.com\/blog\/wp-content\/uploads\/2025\/11\/07-Miguel-Angel-Rodriguez-683x1024.jpg\" alt=\"\" class=\"wp-image-1136 lazyload\" data-srcset=\"https:\/\/viniciojarquin.com\/blog\/wp-content\/uploads\/2025\/11\/07-Miguel-Angel-Rodriguez-683x1024.jpg 683w, https:\/\/viniciojarquin.com\/blog\/wp-content\/uploads\/2025\/11\/07-Miguel-Angel-Rodriguez-200x300.jpg 200w, https:\/\/viniciojarquin.com\/blog\/wp-content\/uploads\/2025\/11\/07-Miguel-Angel-Rodriguez-768x1152.jpg 768w, https:\/\/viniciojarquin.com\/blog\/wp-content\/uploads\/2025\/11\/07-Miguel-Angel-Rodriguez.jpg 800w\" data-sizes=\"(max-width: 683px) 100vw, 683px\" src=\"data:image\/svg+xml;base64,PHN2ZyB3aWR0aD0iMSIgaGVpZ2h0PSIxIiB4bWxucz0iaHR0cDovL3d3dy53My5vcmcvMjAwMC9zdmciPjwvc3ZnPg==\" style=\"--smush-placeholder-width: 683px; --smush-placeholder-aspect-ratio: 683\/1024;\" \/><\/figure>\n\n\n\n<p>Cuando Miguel \u00c1ngel Rodr\u00edguez Echeverr\u00eda lleg\u00f3 a la presidencia en 1998, Costa Rica viv\u00eda un tiempo de transici\u00f3n. El mundo cambiaba con rapidez: la tecnolog\u00eda avanzaba, las econom\u00edas se abr\u00edan y la globalizaci\u00f3n comenzaba a redefinir las fronteras del desarrollo. Rodr\u00edguez asumi\u00f3 ese desaf\u00edo con una mente t\u00e9cnica, una disciplina de estudio admirable y una fe profunda en la capacidad del pa\u00eds para adaptarse y crecer sin perder su esencia democr\u00e1tica.<\/p>\n\n\n\n<p>Naci\u00f3 en San Jos\u00e9 en 1940, en una familia trabajadora que valoraba la educaci\u00f3n como el camino hacia el progreso. Se gradu\u00f3 de abogado y economista en la Universidad de Costa Rica y continu\u00f3 sus estudios en la Universidad de California, Berkeley. Su formaci\u00f3n rigurosa y su pensamiento anal\u00edtico marcaron su trayectoria: fue profesor, empresario, legislador y presidente de la Asamblea Legislativa antes de asumir la primera magistratura del pa\u00eds.<\/p>\n\n\n\n<p>Durante su administraci\u00f3n, impuls\u00f3 un proceso de modernizaci\u00f3n institucional orientado a fortalecer la econom\u00eda, promover la inversi\u00f3n y mejorar la competitividad nacional. Apost\u00f3 por la eficiencia, la transparencia y el uso responsable de los recursos p\u00fablicos. Su visi\u00f3n era la de un pa\u00eds que deb\u00eda integrarse al mundo sin abandonar sus valores de justicia y equidad.<\/p>\n\n\n\n<p>Fue un presidente de ideas, de planificaci\u00f3n y de estructura. Su estilo combinaba la precisi\u00f3n del economista con la vocaci\u00f3n del servidor p\u00fablico. Cre\u00eda en el di\u00e1logo, en el estudio y en la preparaci\u00f3n como herramientas esenciales del liderazgo. Bajo su gesti\u00f3n se fortalecieron proyectos de infraestructura, se impulsaron pol\u00edticas de desarrollo cient\u00edfico y tecnol\u00f3gico, y se promovi\u00f3 una educaci\u00f3n m\u00e1s conectada con las necesidades del nuevo siglo.<\/p>\n\n\n\n<p>En el plano humano, Miguel \u00c1ngel Rodr\u00edguez es recordado como un hombre disciplinado, met\u00f3dico y profundamente familiar. Su esposa, Lorena Clare, fue su compa\u00f1era constante y una presencia discreta pero significativa en la vida p\u00fablica. Juntos formaron una familia unida por los valores del trabajo, la fe y el compromiso social.<\/p>\n\n\n\n<p>M\u00e1s all\u00e1 de los resultados econ\u00f3micos, su mayor aporte fue haber fortalecido la idea de que el conocimiento y la planificaci\u00f3n son esenciales para el desarrollo sostenible. Fue un defensor de las instituciones, un creyente en el m\u00e9rito y un promotor del pensamiento t\u00e9cnico dentro de la pol\u00edtica nacional.<\/p>\n\n\n\n<p>Cuando dej\u00f3 la presidencia, continu\u00f3 aportando desde el \u00e1mbito acad\u00e9mico y diplom\u00e1tico, representando a Costa Rica con la misma seriedad con que hab\u00eda gobernado. Su paso por la historia nacional dej\u00f3 la huella de un presidente que entendi\u00f3 el liderazgo como un acto de responsabilidad intelectual y moral, un equilibrio entre la raz\u00f3n, el trabajo y la fe en el pa\u00eds.<\/p>\n\n\n\n<p>Miguel \u00c1ngel Rodr\u00edguez Echeverr\u00eda fue un presidente de rigor y visi\u00f3n, un hombre que vio en la educaci\u00f3n y en la gesti\u00f3n responsable las herramientas para construir una naci\u00f3n s\u00f3lida en tiempos de cambio. Su legado pertenece a la tradici\u00f3n de los que creyeron que gobernar es, sobre todo, pensar en el futuro con claridad y compromiso.<\/p>\n","protected":false},"excerpt":{"rendered":"<p>Cuando Miguel \u00c1ngel Rodr\u00edguez Echeverr\u00eda lleg\u00f3 a la presidencia en 1998, Costa Rica viv\u00eda un tiempo de transici\u00f3n. El mundo [&hellip;]<\/p>\n","protected":false},"author":1,"featured_media":1136,"comment_status":"open","ping_status":"open","sticky":false,"template":"","format":"standard","meta":{"site-sidebar-layout":"default","site-content-layout":"","ast-site-content-layout":"","site-content-style":"default","site-sidebar-style":"default","ast-global-header-display":"","ast-banner-title-visibility":"","ast-main-header-display":"","ast-hfb-above-header-display":"","ast-hfb-below-header-display":"","ast-hfb-mobile-header-display":"","site-post-title":"","ast-breadcrumbs-content":"","ast-featured-img":"","footer-sml-layout":"","theme-transparent-header-meta":"","adv-header-id-meta":"","stick-header-meta":"","header-above-stick-meta":"","header-main-stick-meta":"","header-below-stick-meta":"","astra-migrate-meta-layouts":"default","ast-page-background-enabled":"default","ast-page-background-meta":{"desktop":{"background-color":"var(--ast-global-color-5)","background-image":"","background-repeat":"repeat","background-position":"center center","background-size":"auto","background-attachment":"scroll","background-type":"","background-media":"","overlay-type":"","overlay-color":"","overlay-opacity":"","overlay-gradient":""},"tablet":{"background-color":"","background-image":"","background-repeat":"repeat","background-position":"center center","background-size":"auto","background-attachment":"scroll","background-type":"","background-media":"","overlay-type":"","overlay-color":"","overlay-opacity":"","overlay-gradient":""},"mobile":{"background-color":"","background-image":"","background-repeat":"repeat","background-position":"center center","background-size":"auto","background-attachment":"scroll","background-type":"","background-media":"","overlay-type":"","overlay-color":"","overlay-opacity":"","overlay-gradient":""}},"ast-content-background-meta":{"desktop":{"background-color":"var(--ast-global-color-4)","background-image":"","background-repeat":"repeat","background-position":"center center","background-size":"auto","background-attachment":"scroll","background-type":"","background-media":"","overlay-type":"","overlay-color":"","overlay-opacity":"","overlay-gradient":""},"tablet":{"background-color":"var(--ast-global-color-4)","background-image":"","background-repeat":"repeat","background-position":"center center","background-size":"auto","background-attachment":"scroll","background-type":"","background-media":"","overlay-type":"","overlay-color":"","overlay-opacity":"","overlay-gradient":""},"mobile":{"background-color":"var(--ast-global-color-4)","background-image":"","background-repeat":"repeat","background-position":"center center","background-size":"auto","background-attachment":"scroll","background-type":"","background-media":"","overlay-type":"","overlay-color":"","overlay-opacity":"","overlay-gradient":""}},"footnotes":""},"categories":[20],"tags":[],"class_list":["post-1155","post","type-post","status-publish","format-standard","has-post-thumbnail","hentry","category-serie-los-expresidentes"],"yoast_head":"<!-- This site is optimized with the Yoast SEO plugin v26.0 - https:\/\/yoast.com\/wordpress\/plugins\/seo\/ -->\n<title>Miguel \u00c1ngel Rodr\u00edguez Echeverr\u00eda (1998\u20132002) - MI BLOG<\/title>\n<meta name=\"robots\" content=\"index, follow, max-snippet:-1, max-image-preview:large, max-video-preview:-1\" \/>\n<link rel=\"canonical\" href=\"https:\/\/viniciojarquin.com\/blog\/miguel-angel-rodriguez-echeverria-1998-2002\/\" \/>\n<meta property=\"og:locale\" content=\"es_ES\" \/>\n<meta property=\"og:type\" content=\"article\" \/>\n<meta property=\"og:title\" content=\"Miguel \u00c1ngel Rodr\u00edguez Echeverr\u00eda (1998\u20132002) - MI BLOG\" \/>\n<meta property=\"og:description\" content=\"Cuando Miguel \u00c1ngel Rodr\u00edguez Echeverr\u00eda lleg\u00f3 a la presidencia en 1998, Costa Rica viv\u00eda un tiempo de transici\u00f3n. El mundo [&hellip;]\" \/>\n<meta property=\"og:url\" content=\"https:\/\/viniciojarquin.com\/blog\/miguel-angel-rodriguez-echeverria-1998-2002\/\" \/>\n<meta property=\"og:site_name\" content=\"MI BLOG\" \/>\n<meta property=\"article:publisher\" content=\"https:\/\/www.facebook.com\/vinicio.jarquin\" \/>\n<meta property=\"article:author\" content=\"https:\/\/www.facebook.com\/vinicio.jarquin\" \/>\n<meta property=\"article:published_time\" content=\"2025-11-07T03:08:17+00:00\" \/>\n<meta property=\"article:modified_time\" content=\"2025-11-07T03:08:20+00:00\" \/>\n<meta property=\"og:image\" content=\"https:\/\/viniciojarquin.com\/blog\/wp-content\/uploads\/2025\/11\/07-Miguel-Angel-Rodriguez.jpg\" \/>\n\t<meta property=\"og:image:width\" content=\"800\" \/>\n\t<meta property=\"og:image:height\" content=\"1200\" \/>\n\t<meta property=\"og:image:type\" content=\"image\/jpeg\" \/>\n<meta name=\"author\" content=\"Vinicio Jarqu\u00edn\" \/>\n<meta name=\"twitter:card\" content=\"summary_large_image\" \/>\n<meta name=\"twitter:label1\" content=\"Escrito por\" \/>\n\t<meta name=\"twitter:data1\" content=\"Vinicio Jarqu\u00edn\" \/>\n\t<meta name=\"twitter:label2\" content=\"Tiempo de lectura\" \/>\n\t<meta name=\"twitter:data2\" content=\"3 minutos\" \/>\n<script type=\"application\/ld+json\" class=\"yoast-schema-graph\">{\"@context\":\"https:\/\/schema.org\",\"@graph\":[{\"@type\":\"Article\",\"@id\":\"https:\/\/viniciojarquin.com\/blog\/miguel-angel-rodriguez-echeverria-1998-2002\/#article\",\"isPartOf\":{\"@id\":\"https:\/\/viniciojarquin.com\/blog\/miguel-angel-rodriguez-echeverria-1998-2002\/\"},\"author\":{\"name\":\"Vinicio Jarqu\u00edn\",\"@id\":\"https:\/\/viniciojarquin.com\/blog\/#\/schema\/person\/90100c8845ae55462ec0657d3d2f8d3b\"},\"headline\":\"Miguel \u00c1ngel Rodr\u00edguez Echeverr\u00eda (1998\u20132002)\",\"datePublished\":\"2025-11-07T03:08:17+00:00\",\"dateModified\":\"2025-11-07T03:08:20+00:00\",\"mainEntityOfPage\":{\"@id\":\"https:\/\/viniciojarquin.com\/blog\/miguel-angel-rodriguez-echeverria-1998-2002\/\"},\"wordCount\":548,\"commentCount\":0,\"publisher\":{\"@id\":\"https:\/\/viniciojarquin.com\/blog\/#\/schema\/person\/90100c8845ae55462ec0657d3d2f8d3b\"},\"image\":{\"@id\":\"https:\/\/viniciojarquin.com\/blog\/miguel-angel-rodriguez-echeverria-1998-2002\/#primaryimage\"},\"thumbnailUrl\":\"https:\/\/viniciojarquin.com\/blog\/wp-content\/uploads\/2025\/11\/07-Miguel-Angel-Rodriguez.jpg\",\"articleSection\":[\"Serie: Los expresidentes\"],\"inLanguage\":\"es\",\"potentialAction\":[{\"@type\":\"CommentAction\",\"name\":\"Comment\",\"target\":[\"https:\/\/viniciojarquin.com\/blog\/miguel-angel-rodriguez-echeverria-1998-2002\/#respond\"]}]},{\"@type\":\"WebPage\",\"@id\":\"https:\/\/viniciojarquin.com\/blog\/miguel-angel-rodriguez-echeverria-1998-2002\/\",\"url\":\"https:\/\/viniciojarquin.com\/blog\/miguel-angel-rodriguez-echeverria-1998-2002\/\",\"name\":\"Miguel \u00c1ngel Rodr\u00edguez Echeverr\u00eda (1998\u20132002) - MI BLOG\",\"isPartOf\":{\"@id\":\"https:\/\/viniciojarquin.com\/blog\/#website\"},\"primaryImageOfPage\":{\"@id\":\"https:\/\/viniciojarquin.com\/blog\/miguel-angel-rodriguez-echeverria-1998-2002\/#primaryimage\"},\"image\":{\"@id\":\"https:\/\/viniciojarquin.com\/blog\/miguel-angel-rodriguez-echeverria-1998-2002\/#primaryimage\"},\"thumbnailUrl\":\"https:\/\/viniciojarquin.com\/blog\/wp-content\/uploads\/2025\/11\/07-Miguel-Angel-Rodriguez.jpg\",\"datePublished\":\"2025-11-07T03:08:17+00:00\",\"dateModified\":\"2025-11-07T03:08:20+00:00\",\"breadcrumb\":{\"@id\":\"https:\/\/viniciojarquin.com\/blog\/miguel-angel-rodriguez-echeverria-1998-2002\/#breadcrumb\"},\"inLanguage\":\"es\",\"potentialAction\":[{\"@type\":\"ReadAction\",\"target\":[\"https:\/\/viniciojarquin.com\/blog\/miguel-angel-rodriguez-echeverria-1998-2002\/\"]}]},{\"@type\":\"ImageObject\",\"inLanguage\":\"es\",\"@id\":\"https:\/\/viniciojarquin.com\/blog\/miguel-angel-rodriguez-echeverria-1998-2002\/#primaryimage\",\"url\":\"https:\/\/viniciojarquin.com\/blog\/wp-content\/uploads\/2025\/11\/07-Miguel-Angel-Rodriguez.jpg\",\"contentUrl\":\"https:\/\/viniciojarquin.com\/blog\/wp-content\/uploads\/2025\/11\/07-Miguel-Angel-Rodriguez.jpg\",\"width\":800,\"height\":1200},{\"@type\":\"BreadcrumbList\",\"@id\":\"https:\/\/viniciojarquin.com\/blog\/miguel-angel-rodriguez-echeverria-1998-2002\/#breadcrumb\",\"itemListElement\":[{\"@type\":\"ListItem\",\"position\":1,\"name\":\"Portada\",\"item\":\"https:\/\/viniciojarquin.com\/blog\/\"},{\"@type\":\"ListItem\",\"position\":2,\"name\":\"Miguel \u00c1ngel Rodr\u00edguez Echeverr\u00eda (1998\u20132002)\"}]},{\"@type\":\"WebSite\",\"@id\":\"https:\/\/viniciojarquin.com\/blog\/#website\",\"url\":\"https:\/\/viniciojarquin.com\/blog\/\",\"name\":\"Vinicio Jarqu\u00edn BLOG\",\"description\":\"\",\"publisher\":{\"@id\":\"https:\/\/viniciojarquin.com\/blog\/#\/schema\/person\/90100c8845ae55462ec0657d3d2f8d3b\"},\"potentialAction\":[{\"@type\":\"SearchAction\",\"target\":{\"@type\":\"EntryPoint\",\"urlTemplate\":\"https:\/\/viniciojarquin.com\/blog\/?s={search_term_string}\"},\"query-input\":{\"@type\":\"PropertyValueSpecification\",\"valueRequired\":true,\"valueName\":\"search_term_string\"}}],\"inLanguage\":\"es\"},{\"@type\":[\"Person\",\"Organization\"],\"@id\":\"https:\/\/viniciojarquin.com\/blog\/#\/schema\/person\/90100c8845ae55462ec0657d3d2f8d3b\",\"name\":\"Vinicio Jarqu\u00edn\",\"image\":{\"@type\":\"ImageObject\",\"inLanguage\":\"es\",\"@id\":\"https:\/\/viniciojarquin.com\/blog\/#\/schema\/person\/image\/\",\"url\":\"https:\/\/viniciojarquin.com\/blog\/wp-content\/uploads\/2024\/10\/Logo-VinicioJarquin-original-400.png\",\"contentUrl\":\"https:\/\/viniciojarquin.com\/blog\/wp-content\/uploads\/2024\/10\/Logo-VinicioJarquin-original-400.png\",\"width\":400,\"height\":130,\"caption\":\"Vinicio Jarqu\u00edn\"},\"logo\":{\"@id\":\"https:\/\/viniciojarquin.com\/blog\/#\/schema\/person\/image\/\"},\"description\":\"Empresario textil, artista pl\u00e1stico, escritor, coach de vida y fot\u00f3grafo.\",\"sameAs\":[\"https:\/\/viniciojarquin.com\/blog\",\"https:\/\/www.facebook.com\/vinicio.jarquin\",\"https:\/\/www.instagram.com\/vinicio_jarquin\/\",\"https:\/\/www.pinterest.com\/vinnyjc\/\",\"https:\/\/www.youtube.com\/@VinicioJarquin\"],\"url\":\"https:\/\/viniciojarquin.com\/blog\/author\/admin_s02au25i\/\"}]}<\/script>\n<!-- \/ Yoast SEO plugin. -->","yoast_head_json":{"title":"Miguel \u00c1ngel Rodr\u00edguez Echeverr\u00eda (1998\u20132002) - MI BLOG","robots":{"index":"index","follow":"follow","max-snippet":"max-snippet:-1","max-image-preview":"max-image-preview:large","max-video-preview":"max-video-preview:-1"},"canonical":"https:\/\/viniciojarquin.com\/blog\/miguel-angel-rodriguez-echeverria-1998-2002\/","og_locale":"es_ES","og_type":"article","og_title":"Miguel \u00c1ngel Rodr\u00edguez Echeverr\u00eda (1998\u20132002) - MI BLOG","og_description":"Cuando Miguel \u00c1ngel Rodr\u00edguez Echeverr\u00eda lleg\u00f3 a la presidencia en 1998, Costa Rica viv\u00eda un tiempo de transici\u00f3n. El mundo [&hellip;]","og_url":"https:\/\/viniciojarquin.com\/blog\/miguel-angel-rodriguez-echeverria-1998-2002\/","og_site_name":"MI BLOG","article_publisher":"https:\/\/www.facebook.com\/vinicio.jarquin","article_author":"https:\/\/www.facebook.com\/vinicio.jarquin","article_published_time":"2025-11-07T03:08:17+00:00","article_modified_time":"2025-11-07T03:08:20+00:00","og_image":[{"width":800,"height":1200,"url":"https:\/\/viniciojarquin.com\/blog\/wp-content\/uploads\/2025\/11\/07-Miguel-Angel-Rodriguez.jpg","type":"image\/jpeg"}],"author":"Vinicio Jarqu\u00edn","twitter_card":"summary_large_image","twitter_misc":{"Escrito por":"Vinicio Jarqu\u00edn","Tiempo de lectura":"3 minutos"},"schema":{"@context":"https:\/\/schema.org","@graph":[{"@type":"Article","@id":"https:\/\/viniciojarquin.com\/blog\/miguel-angel-rodriguez-echeverria-1998-2002\/#article","isPartOf":{"@id":"https:\/\/viniciojarquin.com\/blog\/miguel-angel-rodriguez-echeverria-1998-2002\/"},"author":{"name":"Vinicio Jarqu\u00edn","@id":"https:\/\/viniciojarquin.com\/blog\/#\/schema\/person\/90100c8845ae55462ec0657d3d2f8d3b"},"headline":"Miguel \u00c1ngel Rodr\u00edguez Echeverr\u00eda (1998\u20132002)","datePublished":"2025-11-07T03:08:17+00:00","dateModified":"2025-11-07T03:08:20+00:00","mainEntityOfPage":{"@id":"https:\/\/viniciojarquin.com\/blog\/miguel-angel-rodriguez-echeverria-1998-2002\/"},"wordCount":548,"commentCount":0,"publisher":{"@id":"https:\/\/viniciojarquin.com\/blog\/#\/schema\/person\/90100c8845ae55462ec0657d3d2f8d3b"},"image":{"@id":"https:\/\/viniciojarquin.com\/blog\/miguel-angel-rodriguez-echeverria-1998-2002\/#primaryimage"},"thumbnailUrl":"https:\/\/viniciojarquin.com\/blog\/wp-content\/uploads\/2025\/11\/07-Miguel-Angel-Rodriguez.jpg","articleSection":["Serie: Los expresidentes"],"inLanguage":"es","potentialAction":[{"@type":"CommentAction","name":"Comment","target":["https:\/\/viniciojarquin.com\/blog\/miguel-angel-rodriguez-echeverria-1998-2002\/#respond"]}]},{"@type":"WebPage","@id":"https:\/\/viniciojarquin.com\/blog\/miguel-angel-rodriguez-echeverria-1998-2002\/","url":"https:\/\/viniciojarquin.com\/blog\/miguel-angel-rodriguez-echeverria-1998-2002\/","name":"Miguel \u00c1ngel Rodr\u00edguez Echeverr\u00eda (1998\u20132002) - MI BLOG","isPartOf":{"@id":"https:\/\/viniciojarquin.com\/blog\/#website"},"primaryImageOfPage":{"@id":"https:\/\/viniciojarquin.com\/blog\/miguel-angel-rodriguez-echeverria-1998-2002\/#primaryimage"},"image":{"@id":"https:\/\/viniciojarquin.com\/blog\/miguel-angel-rodriguez-echeverria-1998-2002\/#primaryimage"},"thumbnailUrl":"https:\/\/viniciojarquin.com\/blog\/wp-content\/uploads\/2025\/11\/07-Miguel-Angel-Rodriguez.jpg","datePublished":"2025-11-07T03:08:17+00:00","dateModified":"2025-11-07T03:08:20+00:00","breadcrumb":{"@id":"https:\/\/viniciojarquin.com\/blog\/miguel-angel-rodriguez-echeverria-1998-2002\/#breadcrumb"},"inLanguage":"es","potentialAction":[{"@type":"ReadAction","target":["https:\/\/viniciojarquin.com\/blog\/miguel-angel-rodriguez-echeverria-1998-2002\/"]}]},{"@type":"ImageObject","inLanguage":"es","@id":"https:\/\/viniciojarquin.com\/blog\/miguel-angel-rodriguez-echeverria-1998-2002\/#primaryimage","url":"https:\/\/viniciojarquin.com\/blog\/wp-content\/uploads\/2025\/11\/07-Miguel-Angel-Rodriguez.jpg","contentUrl":"https:\/\/viniciojarquin.com\/blog\/wp-content\/uploads\/2025\/11\/07-Miguel-Angel-Rodriguez.jpg","width":800,"height":1200},{"@type":"BreadcrumbList","@id":"https:\/\/viniciojarquin.com\/blog\/miguel-angel-rodriguez-echeverria-1998-2002\/#breadcrumb","itemListElement":[{"@type":"ListItem","position":1,"name":"Portada","item":"https:\/\/viniciojarquin.com\/blog\/"},{"@type":"ListItem","position":2,"name":"Miguel \u00c1ngel Rodr\u00edguez Echeverr\u00eda (1998\u20132002)"}]},{"@type":"WebSite","@id":"https:\/\/viniciojarquin.com\/blog\/#website","url":"https:\/\/viniciojarquin.com\/blog\/","name":"Vinicio Jarqu\u00edn BLOG","description":"","publisher":{"@id":"https:\/\/viniciojarquin.com\/blog\/#\/schema\/person\/90100c8845ae55462ec0657d3d2f8d3b"},"potentialAction":[{"@type":"SearchAction","target":{"@type":"EntryPoint","urlTemplate":"https:\/\/viniciojarquin.com\/blog\/?s={search_term_string}"},"query-input":{"@type":"PropertyValueSpecification","valueRequired":true,"valueName":"search_term_string"}}],"inLanguage":"es"},{"@type":["Person","Organization"],"@id":"https:\/\/viniciojarquin.com\/blog\/#\/schema\/person\/90100c8845ae55462ec0657d3d2f8d3b","name":"Vinicio Jarqu\u00edn","image":{"@type":"ImageObject","inLanguage":"es","@id":"https:\/\/viniciojarquin.com\/blog\/#\/schema\/person\/image\/","url":"https:\/\/viniciojarquin.com\/blog\/wp-content\/uploads\/2024\/10\/Logo-VinicioJarquin-original-400.png","contentUrl":"https:\/\/viniciojarquin.com\/blog\/wp-content\/uploads\/2024\/10\/Logo-VinicioJarquin-original-400.png","width":400,"height":130,"caption":"Vinicio Jarqu\u00edn"},"logo":{"@id":"https:\/\/viniciojarquin.com\/blog\/#\/schema\/person\/image\/"},"description":"Empresario textil, artista pl\u00e1stico, escritor, coach de vida y fot\u00f3grafo.","sameAs":["https:\/\/viniciojarquin.com\/blog","https:\/\/www.facebook.com\/vinicio.jarquin","https:\/\/www.instagram.com\/vinicio_jarquin\/","https:\/\/www.pinterest.com\/vinnyjc\/","https:\/\/www.youtube.com\/@VinicioJarquin"],"url":"https:\/\/viniciojarquin.com\/blog\/author\/admin_s02au25i\/"}]}},"blog_post_layout_featured_media_urls":{"thumbnail":["https:\/\/viniciojarquin.com\/blog\/wp-content\/uploads\/2025\/11\/07-Miguel-Angel-Rodriguez-150x150.jpg",150,150,true],"full":["https:\/\/viniciojarquin.com\/blog\/wp-content\/uploads\/2025\/11\/07-Miguel-Angel-Rodriguez.jpg",800,1200,false]},"categories_names":{"20":{"name":"Serie: Los expresidentes","link":"https:\/\/viniciojarquin.com\/blog\/category\/serie-los-expresidentes\/"}},"tags_names":[],"comments_number":"0","_links":{"self":[{"href":"https:\/\/viniciojarquin.com\/blog\/wp-json\/wp\/v2\/posts\/1155","targetHints":{"allow":["GET"]}}],"collection":[{"href":"https:\/\/viniciojarquin.com\/blog\/wp-json\/wp\/v2\/posts"}],"about":[{"href":"https:\/\/viniciojarquin.com\/blog\/wp-json\/wp\/v2\/types\/post"}],"author":[{"embeddable":true,"href":"https:\/\/viniciojarquin.com\/blog\/wp-json\/wp\/v2\/users\/1"}],"replies":[{"embeddable":true,"href":"https:\/\/viniciojarquin.com\/blog\/wp-json\/wp\/v2\/comments?post=1155"}],"version-history":[{"count":1,"href":"https:\/\/viniciojarquin.com\/blog\/wp-json\/wp\/v2\/posts\/1155\/revisions"}],"predecessor-version":[{"id":1168,"href":"https:\/\/viniciojarquin.com\/blog\/wp-json\/wp\/v2\/posts\/1155\/revisions\/1168"}],"wp:featuredmedia":[{"embeddable":true,"href":"https:\/\/viniciojarquin.com\/blog\/wp-json\/wp\/v2\/media\/1136"}],"wp:attachment":[{"href":"https:\/\/viniciojarquin.com\/blog\/wp-json\/wp\/v2\/media?parent=1155"}],"wp:term":[{"taxonomy":"category","embeddable":true,"href":"https:\/\/viniciojarquin.com\/blog\/wp-json\/wp\/v2\/categories?post=1155"},{"taxonomy":"post_tag","embeddable":true,"href":"https:\/\/viniciojarquin.com\/blog\/wp-json\/wp\/v2\/tags?post=1155"}],"curies":[{"name":"wp","href":"https:\/\/api.w.org\/{rel}","templated":true}]}}