{"id":1156,"date":"2025-11-07T03:10:11","date_gmt":"2025-11-07T03:10:11","guid":{"rendered":"https:\/\/viniciojarquin.com\/blog\/?p=1156"},"modified":"2025-11-07T03:10:13","modified_gmt":"2025-11-07T03:10:13","slug":"abel-pacheco-de-la-espriella-2002-2006","status":"publish","type":"post","link":"https:\/\/viniciojarquin.com\/blog\/abel-pacheco-de-la-espriella-2002-2006\/","title":{"rendered":"Abel Pacheco de la Espriella (2002\u20132006)"},"content":{"rendered":"\n<figure class=\"wp-block-image size-large\"><img decoding=\"async\" width=\"683\" height=\"1024\" data-src=\"https:\/\/viniciojarquin.com\/blog\/wp-content\/uploads\/2025\/11\/08-Abel-Pacheco-de-la-Espriella-683x1024.jpg\" alt=\"\" class=\"wp-image-1137 lazyload\" data-srcset=\"https:\/\/viniciojarquin.com\/blog\/wp-content\/uploads\/2025\/11\/08-Abel-Pacheco-de-la-Espriella-683x1024.jpg 683w, https:\/\/viniciojarquin.com\/blog\/wp-content\/uploads\/2025\/11\/08-Abel-Pacheco-de-la-Espriella-200x300.jpg 200w, https:\/\/viniciojarquin.com\/blog\/wp-content\/uploads\/2025\/11\/08-Abel-Pacheco-de-la-Espriella-768x1152.jpg 768w, https:\/\/viniciojarquin.com\/blog\/wp-content\/uploads\/2025\/11\/08-Abel-Pacheco-de-la-Espriella.jpg 800w\" data-sizes=\"(max-width: 683px) 100vw, 683px\" src=\"data:image\/svg+xml;base64,PHN2ZyB3aWR0aD0iMSIgaGVpZ2h0PSIxIiB4bWxucz0iaHR0cDovL3d3dy53My5vcmcvMjAwMC9zdmciPjwvc3ZnPg==\" style=\"--smush-placeholder-width: 683px; --smush-placeholder-aspect-ratio: 683\/1024;\" \/><\/figure>\n\n\n\n<p>Abel Pacheco de la Espriella lleg\u00f3 a la presidencia en el a\u00f1o 2002 con una sonrisa franca y un estilo distinto al de todos sus predecesores. M\u00e9dico, comunicador y humanista, su figura representaba la cercan\u00eda, la empat\u00eda y la sencillez del ciudadano com\u00fan que llega al poder con la intenci\u00f3n de servir, no de mandar. Su gobierno fue una pausa amable en medio de los a\u00f1os de tecnocracia y pol\u00edtica compleja: un recordatorio de que la calidez tambi\u00e9n es una forma de liderazgo.<\/p>\n\n\n\n<p>Naci\u00f3 en San Jos\u00e9 en 1933. Se form\u00f3 como m\u00e9dico psiquiatra y, antes de dedicarse a la pol\u00edtica, fue conocido como presentador de televisi\u00f3n y como un hombre de palabra c\u00e1lida, humor inteligente y profundo sentido \u00e9tico. Su sensibilidad hacia la condici\u00f3n humana lo llev\u00f3 a observar la pol\u00edtica desde otro lugar: el de la compasi\u00f3n y el respeto por la vida en todas sus formas.<\/p>\n\n\n\n<p>Cuando asumi\u00f3 la presidencia, el pa\u00eds atravesaba un momento de transformaci\u00f3n tecnol\u00f3gica y social. Pacheco gobern\u00f3 con prudencia y humildad, buscando equilibrio en medio de las diferencias. Su tono era pausado, su discurso sencillo y su intenci\u00f3n siempre clara: mantener la paz, cuidar la naturaleza y preservar los valores de la democracia costarricense. En su mandato, la protecci\u00f3n del ambiente y el desarrollo sostenible adquirieron un peso moral y simb\u00f3lico dentro del discurso nacional.<\/p>\n\n\n\n<p>Su amor por los bosques, los r\u00edos y los animales se tradujo en pol\u00edticas y gestos que fortalecieron la conciencia ecol\u00f3gica del pa\u00eds. Promovi\u00f3 iniciativas de reforestaci\u00f3n, programas de conservaci\u00f3n y campa\u00f1as de educaci\u00f3n ambiental que hicieron eco en el coraz\u00f3n de los costarricenses. En tiempos donde el pragmatismo parec\u00eda dominar, Abel Pacheco record\u00f3 que la ternura y el respeto por la naturaleza tambi\u00e9n son pilares del progreso.<\/p>\n\n\n\n<p>En su vida personal, era un hombre de familia, afectuoso, cercano a su esposa, Leila Rodr\u00edguez Stahl, quien acompa\u00f1\u00f3 su gesti\u00f3n con sobriedad y calidez. Juntos fueron una pareja querida por la gente, s\u00edmbolo de sencillez en la vida p\u00fablica y de integridad en el ejercicio del poder.<\/p>\n\n\n\n<p>Abel Pacheco gobern\u00f3 con humanidad. No busc\u00f3 grandeza en los discursos ni poder en la confrontaci\u00f3n, sino en la coherencia entre lo que dec\u00eda y lo que hac\u00eda. Fue un presidente que devolvi\u00f3 a la pol\u00edtica el tono amable de la conversaci\u00f3n, la sonrisa sincera y el sentido de comunidad.<\/p>\n\n\n\n<p>Su legado no se mide en cifras ni en monumentos, sino en la huella emocional que dej\u00f3: la certeza de que la bondad tambi\u00e9n puede gobernar, que la decencia puede ser m\u00e1s fuerte que la ret\u00f3rica y que el amor por el pa\u00eds se demuestra en los peque\u00f1os gestos de respeto y cuidado.<\/p>\n\n\n\n<p>Abel Pacheco de la Espriella ser\u00e1 recordado como un presidente de coraz\u00f3n grande, m\u00e9dico del alma nacional y voz de conciencia en tiempos de ruido. Su presidencia ense\u00f1\u00f3 que la sabidur\u00eda puede tener forma de ternura y que, en la historia de Costa Rica, tambi\u00e9n hay espacio para los hombres buenos que gobernaron con alegr\u00eda y compasi\u00f3n.<\/p>\n","protected":false},"excerpt":{"rendered":"<p>Abel Pacheco de la Espriella lleg\u00f3 a la presidencia en el a\u00f1o 2002 con una sonrisa franca y un estilo [&hellip;]<\/p>\n","protected":false},"author":1,"featured_media":1137,"comment_status":"open","ping_status":"open","sticky":false,"template":"","format":"standard","meta":{"site-sidebar-layout":"default","site-content-layout":"","ast-site-content-layout":"","site-content-style":"default","site-sidebar-style":"default","ast-global-header-display":"","ast-banner-title-visibility":"","ast-main-header-display":"","ast-hfb-above-header-display":"","ast-hfb-below-header-display":"","ast-hfb-mobile-header-display":"","site-post-title":"","ast-breadcrumbs-content":"","ast-featured-img":"","footer-sml-layout":"","theme-transparent-header-meta":"","adv-header-id-meta":"","stick-header-meta":"","header-above-stick-meta":"","header-main-stick-meta":"","header-below-stick-meta":"","astra-migrate-meta-layouts":"default","ast-page-background-enabled":"default","ast-page-background-meta":{"desktop":{"background-color":"var(--ast-global-color-5)","background-image":"","background-repeat":"repeat","background-position":"center center","background-size":"auto","background-attachment":"scroll","background-type":"","background-media":"","overlay-type":"","overlay-color":"","overlay-opacity":"","overlay-gradient":""},"tablet":{"background-color":"","background-image":"","background-repeat":"repeat","background-position":"center center","background-size":"auto","background-attachment":"scroll","background-type":"","background-media":"","overlay-type":"","overlay-color":"","overlay-opacity":"","overlay-gradient":""},"mobile":{"background-color":"","background-image":"","background-repeat":"repeat","background-position":"center center","background-size":"auto","background-attachment":"scroll","background-type":"","background-media":"","overlay-type":"","overlay-color":"","overlay-opacity":"","overlay-gradient":""}},"ast-content-background-meta":{"desktop":{"background-color":"var(--ast-global-color-4)","background-image":"","background-repeat":"repeat","background-position":"center center","background-size":"auto","background-attachment":"scroll","background-type":"","background-media":"","overlay-type":"","overlay-color":"","overlay-opacity":"","overlay-gradient":""},"tablet":{"background-color":"var(--ast-global-color-4)","background-image":"","background-repeat":"repeat","background-position":"center center","background-size":"auto","background-attachment":"scroll","background-type":"","background-media":"","overlay-type":"","overlay-color":"","overlay-opacity":"","overlay-gradient":""},"mobile":{"background-color":"var(--ast-global-color-4)","background-image":"","background-repeat":"repeat","background-position":"center center","background-size":"auto","background-attachment":"scroll","background-type":"","background-media":"","overlay-type":"","overlay-color":"","overlay-opacity":"","overlay-gradient":""}},"footnotes":""},"categories":[20],"tags":[],"class_list":["post-1156","post","type-post","status-publish","format-standard","has-post-thumbnail","hentry","category-serie-los-expresidentes"],"yoast_head":"<!-- This site is optimized with the Yoast SEO plugin v26.0 - https:\/\/yoast.com\/wordpress\/plugins\/seo\/ -->\n<title>Abel Pacheco de la Espriella (2002\u20132006) - MI BLOG<\/title>\n<meta name=\"robots\" content=\"index, follow, max-snippet:-1, max-image-preview:large, max-video-preview:-1\" \/>\n<link rel=\"canonical\" href=\"https:\/\/viniciojarquin.com\/blog\/abel-pacheco-de-la-espriella-2002-2006\/\" \/>\n<meta property=\"og:locale\" content=\"es_ES\" \/>\n<meta property=\"og:type\" content=\"article\" \/>\n<meta property=\"og:title\" content=\"Abel Pacheco de la Espriella (2002\u20132006) - MI BLOG\" \/>\n<meta property=\"og:description\" content=\"Abel Pacheco de la Espriella lleg\u00f3 a la presidencia en el a\u00f1o 2002 con una sonrisa franca y un estilo [&hellip;]\" \/>\n<meta property=\"og:url\" content=\"https:\/\/viniciojarquin.com\/blog\/abel-pacheco-de-la-espriella-2002-2006\/\" \/>\n<meta property=\"og:site_name\" content=\"MI BLOG\" \/>\n<meta property=\"article:publisher\" content=\"https:\/\/www.facebook.com\/vinicio.jarquin\" \/>\n<meta property=\"article:author\" content=\"https:\/\/www.facebook.com\/vinicio.jarquin\" \/>\n<meta property=\"article:published_time\" content=\"2025-11-07T03:10:11+00:00\" \/>\n<meta property=\"article:modified_time\" content=\"2025-11-07T03:10:13+00:00\" \/>\n<meta property=\"og:image\" content=\"https:\/\/viniciojarquin.com\/blog\/wp-content\/uploads\/2025\/11\/08-Abel-Pacheco-de-la-Espriella.jpg\" \/>\n\t<meta property=\"og:image:width\" content=\"800\" \/>\n\t<meta property=\"og:image:height\" content=\"1200\" \/>\n\t<meta property=\"og:image:type\" content=\"image\/jpeg\" \/>\n<meta name=\"author\" content=\"Vinicio Jarqu\u00edn\" \/>\n<meta name=\"twitter:card\" content=\"summary_large_image\" \/>\n<meta name=\"twitter:label1\" content=\"Escrito por\" \/>\n\t<meta name=\"twitter:data1\" content=\"Vinicio Jarqu\u00edn\" \/>\n\t<meta name=\"twitter:label2\" content=\"Tiempo de lectura\" \/>\n\t<meta name=\"twitter:data2\" content=\"3 minutos\" \/>\n<script type=\"application\/ld+json\" class=\"yoast-schema-graph\">{\"@context\":\"https:\/\/schema.org\",\"@graph\":[{\"@type\":\"Article\",\"@id\":\"https:\/\/viniciojarquin.com\/blog\/abel-pacheco-de-la-espriella-2002-2006\/#article\",\"isPartOf\":{\"@id\":\"https:\/\/viniciojarquin.com\/blog\/abel-pacheco-de-la-espriella-2002-2006\/\"},\"author\":{\"name\":\"Vinicio Jarqu\u00edn\",\"@id\":\"https:\/\/viniciojarquin.com\/blog\/#\/schema\/person\/90100c8845ae55462ec0657d3d2f8d3b\"},\"headline\":\"Abel Pacheco de la Espriella (2002\u20132006)\",\"datePublished\":\"2025-11-07T03:10:11+00:00\",\"dateModified\":\"2025-11-07T03:10:13+00:00\",\"mainEntityOfPage\":{\"@id\":\"https:\/\/viniciojarquin.com\/blog\/abel-pacheco-de-la-espriella-2002-2006\/\"},\"wordCount\":555,\"commentCount\":0,\"publisher\":{\"@id\":\"https:\/\/viniciojarquin.com\/blog\/#\/schema\/person\/90100c8845ae55462ec0657d3d2f8d3b\"},\"image\":{\"@id\":\"https:\/\/viniciojarquin.com\/blog\/abel-pacheco-de-la-espriella-2002-2006\/#primaryimage\"},\"thumbnailUrl\":\"https:\/\/viniciojarquin.com\/blog\/wp-content\/uploads\/2025\/11\/08-Abel-Pacheco-de-la-Espriella.jpg\",\"articleSection\":[\"Serie: Los expresidentes\"],\"inLanguage\":\"es\",\"potentialAction\":[{\"@type\":\"CommentAction\",\"name\":\"Comment\",\"target\":[\"https:\/\/viniciojarquin.com\/blog\/abel-pacheco-de-la-espriella-2002-2006\/#respond\"]}]},{\"@type\":\"WebPage\",\"@id\":\"https:\/\/viniciojarquin.com\/blog\/abel-pacheco-de-la-espriella-2002-2006\/\",\"url\":\"https:\/\/viniciojarquin.com\/blog\/abel-pacheco-de-la-espriella-2002-2006\/\",\"name\":\"Abel Pacheco de la Espriella (2002\u20132006) - MI BLOG\",\"isPartOf\":{\"@id\":\"https:\/\/viniciojarquin.com\/blog\/#website\"},\"primaryImageOfPage\":{\"@id\":\"https:\/\/viniciojarquin.com\/blog\/abel-pacheco-de-la-espriella-2002-2006\/#primaryimage\"},\"image\":{\"@id\":\"https:\/\/viniciojarquin.com\/blog\/abel-pacheco-de-la-espriella-2002-2006\/#primaryimage\"},\"thumbnailUrl\":\"https:\/\/viniciojarquin.com\/blog\/wp-content\/uploads\/2025\/11\/08-Abel-Pacheco-de-la-Espriella.jpg\",\"datePublished\":\"2025-11-07T03:10:11+00:00\",\"dateModified\":\"2025-11-07T03:10:13+00:00\",\"breadcrumb\":{\"@id\":\"https:\/\/viniciojarquin.com\/blog\/abel-pacheco-de-la-espriella-2002-2006\/#breadcrumb\"},\"inLanguage\":\"es\",\"potentialAction\":[{\"@type\":\"ReadAction\",\"target\":[\"https:\/\/viniciojarquin.com\/blog\/abel-pacheco-de-la-espriella-2002-2006\/\"]}]},{\"@type\":\"ImageObject\",\"inLanguage\":\"es\",\"@id\":\"https:\/\/viniciojarquin.com\/blog\/abel-pacheco-de-la-espriella-2002-2006\/#primaryimage\",\"url\":\"https:\/\/viniciojarquin.com\/blog\/wp-content\/uploads\/2025\/11\/08-Abel-Pacheco-de-la-Espriella.jpg\",\"contentUrl\":\"https:\/\/viniciojarquin.com\/blog\/wp-content\/uploads\/2025\/11\/08-Abel-Pacheco-de-la-Espriella.jpg\",\"width\":800,\"height\":1200},{\"@type\":\"BreadcrumbList\",\"@id\":\"https:\/\/viniciojarquin.com\/blog\/abel-pacheco-de-la-espriella-2002-2006\/#breadcrumb\",\"itemListElement\":[{\"@type\":\"ListItem\",\"position\":1,\"name\":\"Portada\",\"item\":\"https:\/\/viniciojarquin.com\/blog\/\"},{\"@type\":\"ListItem\",\"position\":2,\"name\":\"Abel Pacheco de la Espriella (2002\u20132006)\"}]},{\"@type\":\"WebSite\",\"@id\":\"https:\/\/viniciojarquin.com\/blog\/#website\",\"url\":\"https:\/\/viniciojarquin.com\/blog\/\",\"name\":\"Vinicio Jarqu\u00edn BLOG\",\"description\":\"\",\"publisher\":{\"@id\":\"https:\/\/viniciojarquin.com\/blog\/#\/schema\/person\/90100c8845ae55462ec0657d3d2f8d3b\"},\"potentialAction\":[{\"@type\":\"SearchAction\",\"target\":{\"@type\":\"EntryPoint\",\"urlTemplate\":\"https:\/\/viniciojarquin.com\/blog\/?s={search_term_string}\"},\"query-input\":{\"@type\":\"PropertyValueSpecification\",\"valueRequired\":true,\"valueName\":\"search_term_string\"}}],\"inLanguage\":\"es\"},{\"@type\":[\"Person\",\"Organization\"],\"@id\":\"https:\/\/viniciojarquin.com\/blog\/#\/schema\/person\/90100c8845ae55462ec0657d3d2f8d3b\",\"name\":\"Vinicio Jarqu\u00edn\",\"image\":{\"@type\":\"ImageObject\",\"inLanguage\":\"es\",\"@id\":\"https:\/\/viniciojarquin.com\/blog\/#\/schema\/person\/image\/\",\"url\":\"https:\/\/viniciojarquin.com\/blog\/wp-content\/uploads\/2024\/10\/Logo-VinicioJarquin-original-400.png\",\"contentUrl\":\"https:\/\/viniciojarquin.com\/blog\/wp-content\/uploads\/2024\/10\/Logo-VinicioJarquin-original-400.png\",\"width\":400,\"height\":130,\"caption\":\"Vinicio Jarqu\u00edn\"},\"logo\":{\"@id\":\"https:\/\/viniciojarquin.com\/blog\/#\/schema\/person\/image\/\"},\"description\":\"Empresario textil, artista pl\u00e1stico, escritor, coach de vida y fot\u00f3grafo.\",\"sameAs\":[\"https:\/\/viniciojarquin.com\/blog\",\"https:\/\/www.facebook.com\/vinicio.jarquin\",\"https:\/\/www.instagram.com\/vinicio_jarquin\/\",\"https:\/\/www.pinterest.com\/vinnyjc\/\",\"https:\/\/www.youtube.com\/@VinicioJarquin\"],\"url\":\"https:\/\/viniciojarquin.com\/blog\/author\/admin_s02au25i\/\"}]}<\/script>\n<!-- \/ Yoast SEO plugin. -->","yoast_head_json":{"title":"Abel Pacheco de la Espriella (2002\u20132006) - MI BLOG","robots":{"index":"index","follow":"follow","max-snippet":"max-snippet:-1","max-image-preview":"max-image-preview:large","max-video-preview":"max-video-preview:-1"},"canonical":"https:\/\/viniciojarquin.com\/blog\/abel-pacheco-de-la-espriella-2002-2006\/","og_locale":"es_ES","og_type":"article","og_title":"Abel Pacheco de la Espriella (2002\u20132006) - MI BLOG","og_description":"Abel Pacheco de la Espriella lleg\u00f3 a la presidencia en el a\u00f1o 2002 con una sonrisa franca y un estilo [&hellip;]","og_url":"https:\/\/viniciojarquin.com\/blog\/abel-pacheco-de-la-espriella-2002-2006\/","og_site_name":"MI BLOG","article_publisher":"https:\/\/www.facebook.com\/vinicio.jarquin","article_author":"https:\/\/www.facebook.com\/vinicio.jarquin","article_published_time":"2025-11-07T03:10:11+00:00","article_modified_time":"2025-11-07T03:10:13+00:00","og_image":[{"width":800,"height":1200,"url":"https:\/\/viniciojarquin.com\/blog\/wp-content\/uploads\/2025\/11\/08-Abel-Pacheco-de-la-Espriella.jpg","type":"image\/jpeg"}],"author":"Vinicio Jarqu\u00edn","twitter_card":"summary_large_image","twitter_misc":{"Escrito por":"Vinicio Jarqu\u00edn","Tiempo de lectura":"3 minutos"},"schema":{"@context":"https:\/\/schema.org","@graph":[{"@type":"Article","@id":"https:\/\/viniciojarquin.com\/blog\/abel-pacheco-de-la-espriella-2002-2006\/#article","isPartOf":{"@id":"https:\/\/viniciojarquin.com\/blog\/abel-pacheco-de-la-espriella-2002-2006\/"},"author":{"name":"Vinicio Jarqu\u00edn","@id":"https:\/\/viniciojarquin.com\/blog\/#\/schema\/person\/90100c8845ae55462ec0657d3d2f8d3b"},"headline":"Abel Pacheco de la Espriella (2002\u20132006)","datePublished":"2025-11-07T03:10:11+00:00","dateModified":"2025-11-07T03:10:13+00:00","mainEntityOfPage":{"@id":"https:\/\/viniciojarquin.com\/blog\/abel-pacheco-de-la-espriella-2002-2006\/"},"wordCount":555,"commentCount":0,"publisher":{"@id":"https:\/\/viniciojarquin.com\/blog\/#\/schema\/person\/90100c8845ae55462ec0657d3d2f8d3b"},"image":{"@id":"https:\/\/viniciojarquin.com\/blog\/abel-pacheco-de-la-espriella-2002-2006\/#primaryimage"},"thumbnailUrl":"https:\/\/viniciojarquin.com\/blog\/wp-content\/uploads\/2025\/11\/08-Abel-Pacheco-de-la-Espriella.jpg","articleSection":["Serie: Los expresidentes"],"inLanguage":"es","potentialAction":[{"@type":"CommentAction","name":"Comment","target":["https:\/\/viniciojarquin.com\/blog\/abel-pacheco-de-la-espriella-2002-2006\/#respond"]}]},{"@type":"WebPage","@id":"https:\/\/viniciojarquin.com\/blog\/abel-pacheco-de-la-espriella-2002-2006\/","url":"https:\/\/viniciojarquin.com\/blog\/abel-pacheco-de-la-espriella-2002-2006\/","name":"Abel Pacheco de la Espriella (2002\u20132006) - MI BLOG","isPartOf":{"@id":"https:\/\/viniciojarquin.com\/blog\/#website"},"primaryImageOfPage":{"@id":"https:\/\/viniciojarquin.com\/blog\/abel-pacheco-de-la-espriella-2002-2006\/#primaryimage"},"image":{"@id":"https:\/\/viniciojarquin.com\/blog\/abel-pacheco-de-la-espriella-2002-2006\/#primaryimage"},"thumbnailUrl":"https:\/\/viniciojarquin.com\/blog\/wp-content\/uploads\/2025\/11\/08-Abel-Pacheco-de-la-Espriella.jpg","datePublished":"2025-11-07T03:10:11+00:00","dateModified":"2025-11-07T03:10:13+00:00","breadcrumb":{"@id":"https:\/\/viniciojarquin.com\/blog\/abel-pacheco-de-la-espriella-2002-2006\/#breadcrumb"},"inLanguage":"es","potentialAction":[{"@type":"ReadAction","target":["https:\/\/viniciojarquin.com\/blog\/abel-pacheco-de-la-espriella-2002-2006\/"]}]},{"@type":"ImageObject","inLanguage":"es","@id":"https:\/\/viniciojarquin.com\/blog\/abel-pacheco-de-la-espriella-2002-2006\/#primaryimage","url":"https:\/\/viniciojarquin.com\/blog\/wp-content\/uploads\/2025\/11\/08-Abel-Pacheco-de-la-Espriella.jpg","contentUrl":"https:\/\/viniciojarquin.com\/blog\/wp-content\/uploads\/2025\/11\/08-Abel-Pacheco-de-la-Espriella.jpg","width":800,"height":1200},{"@type":"BreadcrumbList","@id":"https:\/\/viniciojarquin.com\/blog\/abel-pacheco-de-la-espriella-2002-2006\/#breadcrumb","itemListElement":[{"@type":"ListItem","position":1,"name":"Portada","item":"https:\/\/viniciojarquin.com\/blog\/"},{"@type":"ListItem","position":2,"name":"Abel Pacheco de la Espriella (2002\u20132006)"}]},{"@type":"WebSite","@id":"https:\/\/viniciojarquin.com\/blog\/#website","url":"https:\/\/viniciojarquin.com\/blog\/","name":"Vinicio Jarqu\u00edn BLOG","description":"","publisher":{"@id":"https:\/\/viniciojarquin.com\/blog\/#\/schema\/person\/90100c8845ae55462ec0657d3d2f8d3b"},"potentialAction":[{"@type":"SearchAction","target":{"@type":"EntryPoint","urlTemplate":"https:\/\/viniciojarquin.com\/blog\/?s={search_term_string}"},"query-input":{"@type":"PropertyValueSpecification","valueRequired":true,"valueName":"search_term_string"}}],"inLanguage":"es"},{"@type":["Person","Organization"],"@id":"https:\/\/viniciojarquin.com\/blog\/#\/schema\/person\/90100c8845ae55462ec0657d3d2f8d3b","name":"Vinicio Jarqu\u00edn","image":{"@type":"ImageObject","inLanguage":"es","@id":"https:\/\/viniciojarquin.com\/blog\/#\/schema\/person\/image\/","url":"https:\/\/viniciojarquin.com\/blog\/wp-content\/uploads\/2024\/10\/Logo-VinicioJarquin-original-400.png","contentUrl":"https:\/\/viniciojarquin.com\/blog\/wp-content\/uploads\/2024\/10\/Logo-VinicioJarquin-original-400.png","width":400,"height":130,"caption":"Vinicio Jarqu\u00edn"},"logo":{"@id":"https:\/\/viniciojarquin.com\/blog\/#\/schema\/person\/image\/"},"description":"Empresario textil, artista pl\u00e1stico, escritor, coach de vida y fot\u00f3grafo.","sameAs":["https:\/\/viniciojarquin.com\/blog","https:\/\/www.facebook.com\/vinicio.jarquin","https:\/\/www.instagram.com\/vinicio_jarquin\/","https:\/\/www.pinterest.com\/vinnyjc\/","https:\/\/www.youtube.com\/@VinicioJarquin"],"url":"https:\/\/viniciojarquin.com\/blog\/author\/admin_s02au25i\/"}]}},"blog_post_layout_featured_media_urls":{"thumbnail":["https:\/\/viniciojarquin.com\/blog\/wp-content\/uploads\/2025\/11\/08-Abel-Pacheco-de-la-Espriella-150x150.jpg",150,150,true],"full":["https:\/\/viniciojarquin.com\/blog\/wp-content\/uploads\/2025\/11\/08-Abel-Pacheco-de-la-Espriella.jpg",800,1200,false]},"categories_names":{"20":{"name":"Serie: Los expresidentes","link":"https:\/\/viniciojarquin.com\/blog\/category\/serie-los-expresidentes\/"}},"tags_names":[],"comments_number":"0","_links":{"self":[{"href":"https:\/\/viniciojarquin.com\/blog\/wp-json\/wp\/v2\/posts\/1156","targetHints":{"allow":["GET"]}}],"collection":[{"href":"https:\/\/viniciojarquin.com\/blog\/wp-json\/wp\/v2\/posts"}],"about":[{"href":"https:\/\/viniciojarquin.com\/blog\/wp-json\/wp\/v2\/types\/post"}],"author":[{"embeddable":true,"href":"https:\/\/viniciojarquin.com\/blog\/wp-json\/wp\/v2\/users\/1"}],"replies":[{"embeddable":true,"href":"https:\/\/viniciojarquin.com\/blog\/wp-json\/wp\/v2\/comments?post=1156"}],"version-history":[{"count":1,"href":"https:\/\/viniciojarquin.com\/blog\/wp-json\/wp\/v2\/posts\/1156\/revisions"}],"predecessor-version":[{"id":1169,"href":"https:\/\/viniciojarquin.com\/blog\/wp-json\/wp\/v2\/posts\/1156\/revisions\/1169"}],"wp:featuredmedia":[{"embeddable":true,"href":"https:\/\/viniciojarquin.com\/blog\/wp-json\/wp\/v2\/media\/1137"}],"wp:attachment":[{"href":"https:\/\/viniciojarquin.com\/blog\/wp-json\/wp\/v2\/media?parent=1156"}],"wp:term":[{"taxonomy":"category","embeddable":true,"href":"https:\/\/viniciojarquin.com\/blog\/wp-json\/wp\/v2\/categories?post=1156"},{"taxonomy":"post_tag","embeddable":true,"href":"https:\/\/viniciojarquin.com\/blog\/wp-json\/wp\/v2\/tags?post=1156"}],"curies":[{"name":"wp","href":"https:\/\/api.w.org\/{rel}","templated":true}]}}