{"id":1173,"date":"2025-11-07T07:02:45","date_gmt":"2025-11-07T07:02:45","guid":{"rendered":"https:\/\/viniciojarquin.com\/blog\/?p=1173"},"modified":"2025-11-17T02:08:46","modified_gmt":"2025-11-17T02:08:46","slug":"cuidado-con-los-gritos","status":"publish","type":"post","link":"https:\/\/viniciojarquin.com\/blog\/cuidado-con-los-gritos\/","title":{"rendered":"Cuidado con los gritos"},"content":{"rendered":"\n<figure class=\"wp-block-image size-full\"><img decoding=\"async\" width=\"1024\" height=\"1024\" data-src=\"https:\/\/viniciojarquin.com\/blog\/wp-content\/uploads\/2025\/11\/IMG_0518.jpeg\" alt=\"\" class=\"wp-image-1174 lazyload\" data-srcset=\"https:\/\/viniciojarquin.com\/blog\/wp-content\/uploads\/2025\/11\/IMG_0518.jpeg 1024w, https:\/\/viniciojarquin.com\/blog\/wp-content\/uploads\/2025\/11\/IMG_0518-300x300.jpeg 300w, https:\/\/viniciojarquin.com\/blog\/wp-content\/uploads\/2025\/11\/IMG_0518-150x150.jpeg 150w, https:\/\/viniciojarquin.com\/blog\/wp-content\/uploads\/2025\/11\/IMG_0518-768x768.jpeg 768w\" data-sizes=\"(max-width: 1024px) 100vw, 1024px\" src=\"data:image\/svg+xml;base64,PHN2ZyB3aWR0aD0iMSIgaGVpZ2h0PSIxIiB4bWxucz0iaHR0cDovL3d3dy53My5vcmcvMjAwMC9zdmciPjwvc3ZnPg==\" style=\"--smush-placeholder-width: 1024px; --smush-placeholder-aspect-ratio: 1024\/1024;\" \/><\/figure>\n\n\n\n<p>Cuando el presidente sale diciendo algo, el pa\u00eds se divide en segundos. Un grupo grita \u201c\u00a1es cierto, es cierto!\u201d y el otro responde \u201c\u00a1es mentira, es mentira!\u201d. Y as\u00ed vivimos, atrapados en un eco constante donde ya nadie escucha, solo reacciona.<\/p>\n\n\n\n<p>El presidente habla, y antes de que termine la frase, ya hay quienes lo aplauden con fe ciega y quienes lo rechazan con la misma intensidad. Unos lo defienden como si fuera un m\u00e1rtir; otros lo atacan como si fuera un demonio. Nadie se detiene a analizar, a contrastar, a escuchar con serenidad. Solo hay reflejos autom\u00e1ticos, gritos instant\u00e1neos, respuestas predecibles.<\/p>\n\n\n\n<p>Y entonces, los que gritan \u201c\u00a1es mentira!\u201d les dicen a los otros: \u201ca ustedes los est\u00e1n domesticando, les est\u00e1n lavando el cerebro\u201d. Pero si eso fuera cierto, tendr\u00eda que serlo para los dos lados. Porque, seamos honestos: si cada vez que el presidente dice algo un grupo repite \u201cs\u00ed\u201d sin pensar y otro grupo repite \u201cno\u201d sin pensar, entonces el lavado es general.&nbsp;<strong>El pa\u00eds entero est\u00e1 siendo domesticado por el reflejo, no por la raz\u00f3n.<\/strong><\/p>\n\n\n\n<p>Cuidado con eso. Porque hay un grupo que no tiene la capacidad, ni la inteligencia, ni el discernimiento para ver las culpas del presidente. Pero tambi\u00e9n hay otro grupo que no tiene la capacidad, ni la inteligencia, ni el discernimiento para aceptar que a veces el presidente dice algo cierto.<\/p>\n\n\n\n<p>Ambos est\u00e1n atrapados en el mismo ciclo emocional: reaccionan, no reflexionan. Y mientras tanto, el pa\u00eds se va partiendo en pedazos. Ya no importa la verdad, importa la tribuna. Ya no importan los hechos, importan las emociones. Y lo m\u00e1s peligroso: ya no importa el bien com\u00fan, sino el placer de tener raz\u00f3n.<\/p>\n\n\n\n<p>Estamos siendo desestabilizados, s\u00ed, pero no solo desde el poder.&nbsp;<strong>Nos estamos desestabilizando nosotros mismos.<\/strong>&nbsp;Cada comentario impulsivo, cada frase compartida sin pensar, cada juicio lanzado sin verificar, alimenta el ruido que ahoga la raz\u00f3n.<\/p>\n\n\n\n<p>No todo lo que dice el presidente es falso, ni todo lo que dicen sus cr\u00edticos es verdad. El pa\u00eds no necesita m\u00e1s creyentes ni m\u00e1s enemigos; necesita m\u00e1s oyentes, m\u00e1s lectores, m\u00e1s ciudadanos capaces de pensar por s\u00ed mismos.<\/p>\n\n\n\n<p>Porque si seguimos gritando unos \u201c\u00a1es cierto!\u201d y otros \u201c\u00a1es mentira!\u201d, al final nadie sabr\u00e1 qu\u00e9 fue verdad.<\/p>\n\n\n\n<p>Y cuando llegue ese punto, ya no ser\u00e1 \u00e9l quien haya destruido el pa\u00eds. Seremos nosotros,&nbsp;<strong>por haber renunciado a pensar.<\/strong><\/p>\n\n\n\n<p><strong>En resumen, no s\u00e9 de qu\u00e9 lado est\u00e1s, pero te recomiendo que cuando oigas o veas algo, esperes con humildad, hasta estar seguro de que sea cierto o de que no lo sea.&nbsp;<\/strong><\/p>\n","protected":false},"excerpt":{"rendered":"<p>Cuando el presidente sale diciendo algo, el pa\u00eds se divide en segundos. Un grupo grita \u201c\u00a1es cierto, es cierto!\u201d y [&hellip;]<\/p>\n","protected":false},"author":1,"featured_media":1174,"comment_status":"open","ping_status":"open","sticky":false,"template":"","format":"standard","meta":{"site-sidebar-layout":"default","site-content-layout":"","ast-site-content-layout":"","site-content-style":"default","site-sidebar-style":"default","ast-global-header-display":"","ast-banner-title-visibility":"","ast-main-header-display":"","ast-hfb-above-header-display":"","ast-hfb-below-header-display":"","ast-hfb-mobile-header-display":"","site-post-title":"","ast-breadcrumbs-content":"","ast-featured-img":"","footer-sml-layout":"","theme-transparent-header-meta":"","adv-header-id-meta":"","stick-header-meta":"","header-above-stick-meta":"","header-main-stick-meta":"","header-below-stick-meta":"","astra-migrate-meta-layouts":"default","ast-page-background-enabled":"default","ast-page-background-meta":{"desktop":{"background-color":"var(--ast-global-color-5)","background-image":"","background-repeat":"repeat","background-position":"center center","background-size":"auto","background-attachment":"scroll","background-type":"","background-media":"","overlay-type":"","overlay-color":"","overlay-opacity":"","overlay-gradient":""},"tablet":{"background-color":"","background-image":"","background-repeat":"repeat","background-position":"center center","background-size":"auto","background-attachment":"scroll","background-type":"","background-media":"","overlay-type":"","overlay-color":"","overlay-opacity":"","overlay-gradient":""},"mobile":{"background-color":"","background-image":"","background-repeat":"repeat","background-position":"center center","background-size":"auto","background-attachment":"scroll","background-type":"","background-media":"","overlay-type":"","overlay-color":"","overlay-opacity":"","overlay-gradient":""}},"ast-content-background-meta":{"desktop":{"background-color":"var(--ast-global-color-4)","background-image":"","background-repeat":"repeat","background-position":"center center","background-size":"auto","background-attachment":"scroll","background-type":"","background-media":"","overlay-type":"","overlay-color":"","overlay-opacity":"","overlay-gradient":""},"tablet":{"background-color":"var(--ast-global-color-4)","background-image":"","background-repeat":"repeat","background-position":"center center","background-size":"auto","background-attachment":"scroll","background-type":"","background-media":"","overlay-type":"","overlay-color":"","overlay-opacity":"","overlay-gradient":""},"mobile":{"background-color":"var(--ast-global-color-4)","background-image":"","background-repeat":"repeat","background-position":"center center","background-size":"auto","background-attachment":"scroll","background-type":"","background-media":"","overlay-type":"","overlay-color":"","overlay-opacity":"","overlay-gradient":""}},"footnotes":""},"categories":[17],"tags":[],"class_list":["post-1173","post","type-post","status-publish","format-standard","has-post-thumbnail","hentry","category-elecciones-2026"],"yoast_head":"<!-- This site is optimized with the Yoast SEO plugin v26.0 - https:\/\/yoast.com\/wordpress\/plugins\/seo\/ -->\n<title>Cuidado con los gritos - MI BLOG<\/title>\n<meta name=\"robots\" content=\"index, follow, max-snippet:-1, max-image-preview:large, max-video-preview:-1\" \/>\n<link rel=\"canonical\" href=\"https:\/\/viniciojarquin.com\/blog\/cuidado-con-los-gritos\/\" \/>\n<meta property=\"og:locale\" content=\"es_ES\" \/>\n<meta property=\"og:type\" content=\"article\" \/>\n<meta property=\"og:title\" content=\"Cuidado con los gritos - MI BLOG\" \/>\n<meta property=\"og:description\" content=\"Cuando el presidente sale diciendo algo, el pa\u00eds se divide en segundos. Un grupo grita \u201c\u00a1es cierto, es cierto!\u201d y [&hellip;]\" \/>\n<meta property=\"og:url\" content=\"https:\/\/viniciojarquin.com\/blog\/cuidado-con-los-gritos\/\" \/>\n<meta property=\"og:site_name\" content=\"MI BLOG\" \/>\n<meta property=\"article:publisher\" content=\"https:\/\/www.facebook.com\/vinicio.jarquin\" \/>\n<meta property=\"article:author\" content=\"https:\/\/www.facebook.com\/vinicio.jarquin\" \/>\n<meta property=\"article:published_time\" content=\"2025-11-07T07:02:45+00:00\" \/>\n<meta property=\"article:modified_time\" content=\"2025-11-17T02:08:46+00:00\" \/>\n<meta property=\"og:image\" content=\"https:\/\/viniciojarquin.com\/blog\/wp-content\/uploads\/2025\/11\/IMG_0518.jpeg\" \/>\n\t<meta property=\"og:image:width\" content=\"1024\" \/>\n\t<meta property=\"og:image:height\" content=\"1024\" \/>\n\t<meta property=\"og:image:type\" content=\"image\/jpeg\" \/>\n<meta name=\"author\" content=\"Vinicio Jarqu\u00edn\" \/>\n<meta name=\"twitter:card\" content=\"summary_large_image\" \/>\n<meta name=\"twitter:label1\" content=\"Escrito por\" \/>\n\t<meta name=\"twitter:data1\" content=\"Vinicio Jarqu\u00edn\" \/>\n\t<meta name=\"twitter:label2\" content=\"Tiempo de lectura\" \/>\n\t<meta name=\"twitter:data2\" content=\"3 minutos\" \/>\n<script type=\"application\/ld+json\" class=\"yoast-schema-graph\">{\"@context\":\"https:\/\/schema.org\",\"@graph\":[{\"@type\":\"Article\",\"@id\":\"https:\/\/viniciojarquin.com\/blog\/cuidado-con-los-gritos\/#article\",\"isPartOf\":{\"@id\":\"https:\/\/viniciojarquin.com\/blog\/cuidado-con-los-gritos\/\"},\"author\":{\"name\":\"Vinicio Jarqu\u00edn\",\"@id\":\"https:\/\/viniciojarquin.com\/blog\/#\/schema\/person\/90100c8845ae55462ec0657d3d2f8d3b\"},\"headline\":\"Cuidado con los gritos\",\"datePublished\":\"2025-11-07T07:02:45+00:00\",\"dateModified\":\"2025-11-17T02:08:46+00:00\",\"mainEntityOfPage\":{\"@id\":\"https:\/\/viniciojarquin.com\/blog\/cuidado-con-los-gritos\/\"},\"wordCount\":462,\"commentCount\":0,\"publisher\":{\"@id\":\"https:\/\/viniciojarquin.com\/blog\/#\/schema\/person\/90100c8845ae55462ec0657d3d2f8d3b\"},\"image\":{\"@id\":\"https:\/\/viniciojarquin.com\/blog\/cuidado-con-los-gritos\/#primaryimage\"},\"thumbnailUrl\":\"https:\/\/viniciojarquin.com\/blog\/wp-content\/uploads\/2025\/11\/IMG_0518.jpeg\",\"articleSection\":[\"Elecciones 2026\"],\"inLanguage\":\"es\",\"potentialAction\":[{\"@type\":\"CommentAction\",\"name\":\"Comment\",\"target\":[\"https:\/\/viniciojarquin.com\/blog\/cuidado-con-los-gritos\/#respond\"]}]},{\"@type\":\"WebPage\",\"@id\":\"https:\/\/viniciojarquin.com\/blog\/cuidado-con-los-gritos\/\",\"url\":\"https:\/\/viniciojarquin.com\/blog\/cuidado-con-los-gritos\/\",\"name\":\"Cuidado con los gritos - MI BLOG\",\"isPartOf\":{\"@id\":\"https:\/\/viniciojarquin.com\/blog\/#website\"},\"primaryImageOfPage\":{\"@id\":\"https:\/\/viniciojarquin.com\/blog\/cuidado-con-los-gritos\/#primaryimage\"},\"image\":{\"@id\":\"https:\/\/viniciojarquin.com\/blog\/cuidado-con-los-gritos\/#primaryimage\"},\"thumbnailUrl\":\"https:\/\/viniciojarquin.com\/blog\/wp-content\/uploads\/2025\/11\/IMG_0518.jpeg\",\"datePublished\":\"2025-11-07T07:02:45+00:00\",\"dateModified\":\"2025-11-17T02:08:46+00:00\",\"breadcrumb\":{\"@id\":\"https:\/\/viniciojarquin.com\/blog\/cuidado-con-los-gritos\/#breadcrumb\"},\"inLanguage\":\"es\",\"potentialAction\":[{\"@type\":\"ReadAction\",\"target\":[\"https:\/\/viniciojarquin.com\/blog\/cuidado-con-los-gritos\/\"]}]},{\"@type\":\"ImageObject\",\"inLanguage\":\"es\",\"@id\":\"https:\/\/viniciojarquin.com\/blog\/cuidado-con-los-gritos\/#primaryimage\",\"url\":\"https:\/\/viniciojarquin.com\/blog\/wp-content\/uploads\/2025\/11\/IMG_0518.jpeg\",\"contentUrl\":\"https:\/\/viniciojarquin.com\/blog\/wp-content\/uploads\/2025\/11\/IMG_0518.jpeg\",\"width\":1024,\"height\":1024},{\"@type\":\"BreadcrumbList\",\"@id\":\"https:\/\/viniciojarquin.com\/blog\/cuidado-con-los-gritos\/#breadcrumb\",\"itemListElement\":[{\"@type\":\"ListItem\",\"position\":1,\"name\":\"Portada\",\"item\":\"https:\/\/viniciojarquin.com\/blog\/\"},{\"@type\":\"ListItem\",\"position\":2,\"name\":\"Cuidado con los gritos\"}]},{\"@type\":\"WebSite\",\"@id\":\"https:\/\/viniciojarquin.com\/blog\/#website\",\"url\":\"https:\/\/viniciojarquin.com\/blog\/\",\"name\":\"Vinicio Jarqu\u00edn BLOG\",\"description\":\"\",\"publisher\":{\"@id\":\"https:\/\/viniciojarquin.com\/blog\/#\/schema\/person\/90100c8845ae55462ec0657d3d2f8d3b\"},\"potentialAction\":[{\"@type\":\"SearchAction\",\"target\":{\"@type\":\"EntryPoint\",\"urlTemplate\":\"https:\/\/viniciojarquin.com\/blog\/?s={search_term_string}\"},\"query-input\":{\"@type\":\"PropertyValueSpecification\",\"valueRequired\":true,\"valueName\":\"search_term_string\"}}],\"inLanguage\":\"es\"},{\"@type\":[\"Person\",\"Organization\"],\"@id\":\"https:\/\/viniciojarquin.com\/blog\/#\/schema\/person\/90100c8845ae55462ec0657d3d2f8d3b\",\"name\":\"Vinicio Jarqu\u00edn\",\"image\":{\"@type\":\"ImageObject\",\"inLanguage\":\"es\",\"@id\":\"https:\/\/viniciojarquin.com\/blog\/#\/schema\/person\/image\/\",\"url\":\"https:\/\/viniciojarquin.com\/blog\/wp-content\/uploads\/2024\/10\/Logo-VinicioJarquin-original-400.png\",\"contentUrl\":\"https:\/\/viniciojarquin.com\/blog\/wp-content\/uploads\/2024\/10\/Logo-VinicioJarquin-original-400.png\",\"width\":400,\"height\":130,\"caption\":\"Vinicio Jarqu\u00edn\"},\"logo\":{\"@id\":\"https:\/\/viniciojarquin.com\/blog\/#\/schema\/person\/image\/\"},\"description\":\"Empresario textil, artista pl\u00e1stico, escritor, coach de vida y fot\u00f3grafo.\",\"sameAs\":[\"https:\/\/viniciojarquin.com\/blog\",\"https:\/\/www.facebook.com\/vinicio.jarquin\",\"https:\/\/www.instagram.com\/vinicio_jarquin\/\",\"https:\/\/www.pinterest.com\/vinnyjc\/\",\"https:\/\/www.youtube.com\/@VinicioJarquin\"],\"url\":\"https:\/\/viniciojarquin.com\/blog\/author\/admin_s02au25i\/\"}]}<\/script>\n<!-- \/ Yoast SEO plugin. -->","yoast_head_json":{"title":"Cuidado con los gritos - MI BLOG","robots":{"index":"index","follow":"follow","max-snippet":"max-snippet:-1","max-image-preview":"max-image-preview:large","max-video-preview":"max-video-preview:-1"},"canonical":"https:\/\/viniciojarquin.com\/blog\/cuidado-con-los-gritos\/","og_locale":"es_ES","og_type":"article","og_title":"Cuidado con los gritos - MI BLOG","og_description":"Cuando el presidente sale diciendo algo, el pa\u00eds se divide en segundos. Un grupo grita \u201c\u00a1es cierto, es cierto!\u201d y [&hellip;]","og_url":"https:\/\/viniciojarquin.com\/blog\/cuidado-con-los-gritos\/","og_site_name":"MI BLOG","article_publisher":"https:\/\/www.facebook.com\/vinicio.jarquin","article_author":"https:\/\/www.facebook.com\/vinicio.jarquin","article_published_time":"2025-11-07T07:02:45+00:00","article_modified_time":"2025-11-17T02:08:46+00:00","og_image":[{"width":1024,"height":1024,"url":"https:\/\/viniciojarquin.com\/blog\/wp-content\/uploads\/2025\/11\/IMG_0518.jpeg","type":"image\/jpeg"}],"author":"Vinicio Jarqu\u00edn","twitter_card":"summary_large_image","twitter_misc":{"Escrito por":"Vinicio Jarqu\u00edn","Tiempo de lectura":"3 minutos"},"schema":{"@context":"https:\/\/schema.org","@graph":[{"@type":"Article","@id":"https:\/\/viniciojarquin.com\/blog\/cuidado-con-los-gritos\/#article","isPartOf":{"@id":"https:\/\/viniciojarquin.com\/blog\/cuidado-con-los-gritos\/"},"author":{"name":"Vinicio Jarqu\u00edn","@id":"https:\/\/viniciojarquin.com\/blog\/#\/schema\/person\/90100c8845ae55462ec0657d3d2f8d3b"},"headline":"Cuidado con los gritos","datePublished":"2025-11-07T07:02:45+00:00","dateModified":"2025-11-17T02:08:46+00:00","mainEntityOfPage":{"@id":"https:\/\/viniciojarquin.com\/blog\/cuidado-con-los-gritos\/"},"wordCount":462,"commentCount":0,"publisher":{"@id":"https:\/\/viniciojarquin.com\/blog\/#\/schema\/person\/90100c8845ae55462ec0657d3d2f8d3b"},"image":{"@id":"https:\/\/viniciojarquin.com\/blog\/cuidado-con-los-gritos\/#primaryimage"},"thumbnailUrl":"https:\/\/viniciojarquin.com\/blog\/wp-content\/uploads\/2025\/11\/IMG_0518.jpeg","articleSection":["Elecciones 2026"],"inLanguage":"es","potentialAction":[{"@type":"CommentAction","name":"Comment","target":["https:\/\/viniciojarquin.com\/blog\/cuidado-con-los-gritos\/#respond"]}]},{"@type":"WebPage","@id":"https:\/\/viniciojarquin.com\/blog\/cuidado-con-los-gritos\/","url":"https:\/\/viniciojarquin.com\/blog\/cuidado-con-los-gritos\/","name":"Cuidado con los gritos - MI BLOG","isPartOf":{"@id":"https:\/\/viniciojarquin.com\/blog\/#website"},"primaryImageOfPage":{"@id":"https:\/\/viniciojarquin.com\/blog\/cuidado-con-los-gritos\/#primaryimage"},"image":{"@id":"https:\/\/viniciojarquin.com\/blog\/cuidado-con-los-gritos\/#primaryimage"},"thumbnailUrl":"https:\/\/viniciojarquin.com\/blog\/wp-content\/uploads\/2025\/11\/IMG_0518.jpeg","datePublished":"2025-11-07T07:02:45+00:00","dateModified":"2025-11-17T02:08:46+00:00","breadcrumb":{"@id":"https:\/\/viniciojarquin.com\/blog\/cuidado-con-los-gritos\/#breadcrumb"},"inLanguage":"es","potentialAction":[{"@type":"ReadAction","target":["https:\/\/viniciojarquin.com\/blog\/cuidado-con-los-gritos\/"]}]},{"@type":"ImageObject","inLanguage":"es","@id":"https:\/\/viniciojarquin.com\/blog\/cuidado-con-los-gritos\/#primaryimage","url":"https:\/\/viniciojarquin.com\/blog\/wp-content\/uploads\/2025\/11\/IMG_0518.jpeg","contentUrl":"https:\/\/viniciojarquin.com\/blog\/wp-content\/uploads\/2025\/11\/IMG_0518.jpeg","width":1024,"height":1024},{"@type":"BreadcrumbList","@id":"https:\/\/viniciojarquin.com\/blog\/cuidado-con-los-gritos\/#breadcrumb","itemListElement":[{"@type":"ListItem","position":1,"name":"Portada","item":"https:\/\/viniciojarquin.com\/blog\/"},{"@type":"ListItem","position":2,"name":"Cuidado con los gritos"}]},{"@type":"WebSite","@id":"https:\/\/viniciojarquin.com\/blog\/#website","url":"https:\/\/viniciojarquin.com\/blog\/","name":"Vinicio Jarqu\u00edn BLOG","description":"","publisher":{"@id":"https:\/\/viniciojarquin.com\/blog\/#\/schema\/person\/90100c8845ae55462ec0657d3d2f8d3b"},"potentialAction":[{"@type":"SearchAction","target":{"@type":"EntryPoint","urlTemplate":"https:\/\/viniciojarquin.com\/blog\/?s={search_term_string}"},"query-input":{"@type":"PropertyValueSpecification","valueRequired":true,"valueName":"search_term_string"}}],"inLanguage":"es"},{"@type":["Person","Organization"],"@id":"https:\/\/viniciojarquin.com\/blog\/#\/schema\/person\/90100c8845ae55462ec0657d3d2f8d3b","name":"Vinicio Jarqu\u00edn","image":{"@type":"ImageObject","inLanguage":"es","@id":"https:\/\/viniciojarquin.com\/blog\/#\/schema\/person\/image\/","url":"https:\/\/viniciojarquin.com\/blog\/wp-content\/uploads\/2024\/10\/Logo-VinicioJarquin-original-400.png","contentUrl":"https:\/\/viniciojarquin.com\/blog\/wp-content\/uploads\/2024\/10\/Logo-VinicioJarquin-original-400.png","width":400,"height":130,"caption":"Vinicio Jarqu\u00edn"},"logo":{"@id":"https:\/\/viniciojarquin.com\/blog\/#\/schema\/person\/image\/"},"description":"Empresario textil, artista pl\u00e1stico, escritor, coach de vida y fot\u00f3grafo.","sameAs":["https:\/\/viniciojarquin.com\/blog","https:\/\/www.facebook.com\/vinicio.jarquin","https:\/\/www.instagram.com\/vinicio_jarquin\/","https:\/\/www.pinterest.com\/vinnyjc\/","https:\/\/www.youtube.com\/@VinicioJarquin"],"url":"https:\/\/viniciojarquin.com\/blog\/author\/admin_s02au25i\/"}]}},"blog_post_layout_featured_media_urls":{"thumbnail":["https:\/\/viniciojarquin.com\/blog\/wp-content\/uploads\/2025\/11\/IMG_0518-150x150.jpeg",150,150,true],"full":["https:\/\/viniciojarquin.com\/blog\/wp-content\/uploads\/2025\/11\/IMG_0518.jpeg",1024,1024,false]},"categories_names":{"17":{"name":"Elecciones 2026","link":"https:\/\/viniciojarquin.com\/blog\/category\/elecciones-2026\/"}},"tags_names":[],"comments_number":"0","_links":{"self":[{"href":"https:\/\/viniciojarquin.com\/blog\/wp-json\/wp\/v2\/posts\/1173","targetHints":{"allow":["GET"]}}],"collection":[{"href":"https:\/\/viniciojarquin.com\/blog\/wp-json\/wp\/v2\/posts"}],"about":[{"href":"https:\/\/viniciojarquin.com\/blog\/wp-json\/wp\/v2\/types\/post"}],"author":[{"embeddable":true,"href":"https:\/\/viniciojarquin.com\/blog\/wp-json\/wp\/v2\/users\/1"}],"replies":[{"embeddable":true,"href":"https:\/\/viniciojarquin.com\/blog\/wp-json\/wp\/v2\/comments?post=1173"}],"version-history":[{"count":1,"href":"https:\/\/viniciojarquin.com\/blog\/wp-json\/wp\/v2\/posts\/1173\/revisions"}],"predecessor-version":[{"id":1175,"href":"https:\/\/viniciojarquin.com\/blog\/wp-json\/wp\/v2\/posts\/1173\/revisions\/1175"}],"wp:featuredmedia":[{"embeddable":true,"href":"https:\/\/viniciojarquin.com\/blog\/wp-json\/wp\/v2\/media\/1174"}],"wp:attachment":[{"href":"https:\/\/viniciojarquin.com\/blog\/wp-json\/wp\/v2\/media?parent=1173"}],"wp:term":[{"taxonomy":"category","embeddable":true,"href":"https:\/\/viniciojarquin.com\/blog\/wp-json\/wp\/v2\/categories?post=1173"},{"taxonomy":"post_tag","embeddable":true,"href":"https:\/\/viniciojarquin.com\/blog\/wp-json\/wp\/v2\/tags?post=1173"}],"curies":[{"name":"wp","href":"https:\/\/api.w.org\/{rel}","templated":true}]}}