{"id":1176,"date":"2025-11-07T19:54:25","date_gmt":"2025-11-07T19:54:25","guid":{"rendered":"https:\/\/viniciojarquin.com\/blog\/?p=1176"},"modified":"2025-11-07T19:54:28","modified_gmt":"2025-11-07T19:54:28","slug":"cuando-alguno-pretenda-tu-gloria-manchar","status":"publish","type":"post","link":"https:\/\/viniciojarquin.com\/blog\/cuando-alguno-pretenda-tu-gloria-manchar\/","title":{"rendered":"Cuando alguno pretenda tu gloria manchar"},"content":{"rendered":"\n<figure class=\"wp-block-image size-full\"><img decoding=\"async\" width=\"800\" height=\"600\" data-src=\"https:\/\/viniciojarquin.com\/blog\/wp-content\/uploads\/2025\/11\/Humboldt.png\" alt=\"\" class=\"wp-image-1177 lazyload\" data-srcset=\"https:\/\/viniciojarquin.com\/blog\/wp-content\/uploads\/2025\/11\/Humboldt.png 800w, https:\/\/viniciojarquin.com\/blog\/wp-content\/uploads\/2025\/11\/Humboldt-300x225.png 300w, https:\/\/viniciojarquin.com\/blog\/wp-content\/uploads\/2025\/11\/Humboldt-768x576.png 768w\" data-sizes=\"(max-width: 800px) 100vw, 800px\" src=\"data:image\/svg+xml;base64,PHN2ZyB3aWR0aD0iMSIgaGVpZ2h0PSIxIiB4bWxucz0iaHR0cDovL3d3dy53My5vcmcvMjAwMC9zdmciPjwvc3ZnPg==\" style=\"--smush-placeholder-width: 800px; --smush-placeholder-aspect-ratio: 800\/600;\" \/><\/figure>\n\n\n\n<p>Dec\u00eda una parte de la letra del himno nacional que cantamos en la conmemoraci\u00f3n de hoy, y las l\u00e1grimas brotaron en m\u00ed, porque creo que nunca antes en mi vida hab\u00eda estado \u201cvaliente y viril\u201d como ahora, desde Facebook y con ustedes, tratando de rescatar la patria desde la palabra, desde la conciencia y desde la calma.<\/p>\n\n\n\n<p>7 de noviembre, D\u00eda de la Democracia Costarricense. Fui invitado a la conmemoraci\u00f3n en el Colegio Humboldt, en Rohrmoser. Muy bien organizado, con personas importantes e influyentes del mundo pol\u00edtico y acad\u00e9mico de nuestro pa\u00eds. Estaba la prensa, los estudiantes, y un p\u00fablico atento, consciente de lo que este d\u00eda significa.<\/p>\n\n\n\n<p>Los panelistas eran Armando Vargas \u2014escritor e historiador, quien me invit\u00f3 y me pidi\u00f3 escribir el texto sobre la democracia para este acto\u2014, Marjorie Ross, escritora de una sensibilidad inmensa y premio Mag\u00f3n; Marielos Alfaro, especialista en comercio exterior; y Jos\u00e9 Zaglul, rector em\u00e9rito de la Universidad EARTH, con quien espero seguir teniendo contacto. Cuatro voces que representaban distintas visiones del pa\u00eds, pero unidas por una misma intenci\u00f3n: recordar que la democracia no se hereda, se cultiva.<\/p>\n\n\n\n<p>El p\u00fablico estaba atento, escuchando lo que tenemos que celebrar y conmemorar, pero tambi\u00e9n lo que tenemos que hacer para lograr que muchas personas voten en estas elecciones. Al terminar la conferencia, sub\u00ed al escenario un momento para hablar con los panelistas y decirles que la importancia de las pr\u00f3ximas elecciones empieza hoy. Es desde hoy. Es desde ahora que tenemos que eliminar la efervescencia que hay en el ambiente y motivar a las personas a ir a votar con serenidad, no con enojo. No se trata solo de pedirles el voto el d\u00eda de las elecciones, sino de despertarles desde ahora las ganas de participar, el deseo de defender lo que somos.<\/p>\n\n\n\n<p>Cuando me acerqu\u00e9 a los panelistas, intercambi\u00e9 unas palabras con ellos, y lo m\u00e1s interesante fue que, antes de presentarme, do\u00f1a Marjorie Ross me reconoci\u00f3. Me dijo que era un gusto conocerme, y fue muy bonito. Al final les ped\u00ed que nos tom\u00e1ramos una foto \u2014la que acompa\u00f1a este art\u00edculo\u2014, y cuando les pregunt\u00e9 si pod\u00eda hacerlo, el se\u00f1or Zaglul respondi\u00f3: \u201cal contrario, somos nosotros los que quisi\u00e9ramos ped\u00edrsela a usted\u201d, o algo similar.<\/p>\n\n\n\n<p>Me encant\u00f3. Me encant\u00f3 ser reconocido, y no por vanidad ni por ego, sino porque veo que mis palabras \u2014esas que nacieron de esta campa\u00f1a ciudadana de <em>apacigua tu ser interior<\/em> y de mis textos para rescatar la naci\u00f3n\u2014 han hecho mella, han sido escuchadas en diferentes niveles de la sociedad costarricense.<\/p>\n\n\n\n<p>Fue un d\u00eda lleno de gratitud y esperanza. Porque si algo aprend\u00ed en ese encuentro es que la democracia se defiende no solo con votos, sino con respeto, conciencia y compromiso. Y que cuando alguno pretenda manchar la gloria de Costa Rica, hay que responderle con la serenidad del alma y la firmeza del esp\u00edritu.<\/p>\n\n\n\n<p>Me hicieron dos entrevistas, habl\u00e9 con Arnaldo Moya, conocido historiador y escritor, de quien recib\u00ed cumplidos que me llenaron mucho, y con do\u00f1a Ileana Mateo, as\u00ed como con algunas periodistas, la hija de In\u00e9s S\u00e1nchez de Revuelta y salud\u00e9 a Rolando Araya.<\/p>\n\n\n\n<p>Algunas personas quer\u00edan fotos conmigo, y un se\u00f1or se acerc\u00f3 y me pregunt\u00f3 mi nombre; al escuchar mi apellido, llam\u00f3 a unas se\u00f1oras amigas de \u00e9l dici\u00e9ndoles: \u201cs\u00ed, s\u00ed es, es el se\u00f1or Jarqu\u00edn\u201d. Fue emocionante, divertido y, a la vez, algo intimidante.<\/p>\n\n\n\n<p>Pero lo m\u00e1s fuera de lo normal fue que, mientras caminaba por la acera hacia el auditorio del Humboldt, not\u00e9 que las puntas del cuello de mi camisa estaban desabotonadas. Trat\u00e9 de solucionarlo y logr\u00e9 abotonar una, pero no la otra. Solo me quedaba soltar la que s\u00ed hab\u00eda logrado.<\/p>\n\n\n\n<p>\u00bfCu\u00e1ntas veces en la vida hemos llegado solo hasta la mitad del camino? Un bot\u00f3n abrochado y el otro no. Un logro alcanzado y otro pendiente. Y al encontrarnos con la dificultad, vemos que el resto parece demasiado complicado, y queremos devolvernos.<\/p>\n\n\n\n<p>Pero es justamente en esos momentos cuando hay que tomar fuerza y pedir ayuda.<\/p>\n\n\n\n<p>Ah\u00ed estaba yo, caminando por la acera del Colegio Humboldt, en Rohrmoser, con un pantal\u00f3n gris de flores que delataba mi oficio de dise\u00f1ador y artista pl\u00e1stico, una camisa blanca con ribetes negros, bien planchada y elegante \u2014aunque una de las puntas del cuello estaba suelta\u2014, y un saco oriental comprado en la bah\u00eda de Hong Kong. Realmente, me ve\u00eda bien.<\/p>\n\n\n\n<p>Mientras caminaba, pens\u00e9: \u201c\u00bfSuelto el bot\u00f3n que ya logr\u00e9, me devuelvo y abandono la misi\u00f3n, o sigo adelante y pido ayuda al universo?\u201d. Y eleg\u00ed pedir ayuda.<\/p>\n\n\n\n<p>Me top\u00e9 con una pareja joven que sal\u00eda del colegio y se dirig\u00eda hacia su carro. Tendr\u00edan entre veintimuchos y treinta y pocos a\u00f1os. Los salud\u00e9 y les dije: \u201cDicen que cuando uno necesita ayuda, tiene que ped\u00edrsela al universo\u201d. Vi\u00e9ndola a ella de frente, le coment\u00e9: \u201cNo puedo abotonar el cuello de la camisa, \u00bfme podr\u00edas ayudar?\u201d. Antes de que ella respondiera, \u00e9l dijo: \u201cCon mucho gusto\u201d. Camin\u00f3 hacia m\u00ed, tom\u00f3 con cuidado el cuello de mi camisa, lo acomod\u00f3 y lo dej\u00f3 perfecto. Ella, sonriendo, agreg\u00f3: \u201cNada m\u00e1s acomode el cuello, acomode el cuello\u201d.<\/p>\n\n\n\n<p>Les agradec\u00ed, nos despedimos y segu\u00ed mi camino.<\/p>\n\n\n\n<p>Y ah\u00ed comprend\u00ed algo profundo: a veces el universo no nos manda soluciones, nos manda manos. Nos manda gente. Nos manda gestos. Nos manda peque\u00f1as se\u00f1ales de que seguir vale la pena.<\/p>\n\n\n\n<p>Porque la vida no se trata de caminar impecables, sino de avanzar, incluso cuando algo \u2014como un bot\u00f3n o un cuello suelto\u2014 nos recuerda que la perfecci\u00f3n no es necesaria para seguir siendo elegantes.<\/p>\n","protected":false},"excerpt":{"rendered":"<p>Dec\u00eda una parte de la letra del himno nacional que cantamos en la conmemoraci\u00f3n de hoy, y las l\u00e1grimas brotaron [&hellip;]<\/p>\n","protected":false},"author":1,"featured_media":1177,"comment_status":"open","ping_status":"open","sticky":false,"template":"","format":"standard","meta":{"site-sidebar-layout":"default","site-content-layout":"","ast-site-content-layout":"","site-content-style":"default","site-sidebar-style":"default","ast-global-header-display":"","ast-banner-title-visibility":"","ast-main-header-display":"","ast-hfb-above-header-display":"","ast-hfb-below-header-display":"","ast-hfb-mobile-header-display":"","site-post-title":"","ast-breadcrumbs-content":"","ast-featured-img":"","footer-sml-layout":"","theme-transparent-header-meta":"","adv-header-id-meta":"","stick-header-meta":"","header-above-stick-meta":"","header-main-stick-meta":"","header-below-stick-meta":"","astra-migrate-meta-layouts":"default","ast-page-background-enabled":"default","ast-page-background-meta":{"desktop":{"background-color":"var(--ast-global-color-5)","background-image":"","background-repeat":"repeat","background-position":"center center","background-size":"auto","background-attachment":"scroll","background-type":"","background-media":"","overlay-type":"","overlay-color":"","overlay-opacity":"","overlay-gradient":""},"tablet":{"background-color":"","background-image":"","background-repeat":"repeat","background-position":"center center","background-size":"auto","background-attachment":"scroll","background-type":"","background-media":"","overlay-type":"","overlay-color":"","overlay-opacity":"","overlay-gradient":""},"mobile":{"background-color":"","background-image":"","background-repeat":"repeat","background-position":"center center","background-size":"auto","background-attachment":"scroll","background-type":"","background-media":"","overlay-type":"","overlay-color":"","overlay-opacity":"","overlay-gradient":""}},"ast-content-background-meta":{"desktop":{"background-color":"var(--ast-global-color-4)","background-image":"","background-repeat":"repeat","background-position":"center center","background-size":"auto","background-attachment":"scroll","background-type":"","background-media":"","overlay-type":"","overlay-color":"","overlay-opacity":"","overlay-gradient":""},"tablet":{"background-color":"var(--ast-global-color-4)","background-image":"","background-repeat":"repeat","background-position":"center center","background-size":"auto","background-attachment":"scroll","background-type":"","background-media":"","overlay-type":"","overlay-color":"","overlay-opacity":"","overlay-gradient":""},"mobile":{"background-color":"var(--ast-global-color-4)","background-image":"","background-repeat":"repeat","background-position":"center center","background-size":"auto","background-attachment":"scroll","background-type":"","background-media":"","overlay-type":"","overlay-color":"","overlay-opacity":"","overlay-gradient":""}},"footnotes":""},"categories":[17],"tags":[],"class_list":["post-1176","post","type-post","status-publish","format-standard","has-post-thumbnail","hentry","category-elecciones-2026"],"yoast_head":"<!-- This site is optimized with the Yoast SEO plugin v26.0 - https:\/\/yoast.com\/wordpress\/plugins\/seo\/ -->\n<title>Cuando alguno pretenda tu gloria manchar - MI BLOG<\/title>\n<meta name=\"robots\" content=\"index, follow, max-snippet:-1, max-image-preview:large, max-video-preview:-1\" \/>\n<link rel=\"canonical\" href=\"https:\/\/viniciojarquin.com\/blog\/cuando-alguno-pretenda-tu-gloria-manchar\/\" \/>\n<meta property=\"og:locale\" content=\"es_ES\" \/>\n<meta property=\"og:type\" content=\"article\" \/>\n<meta property=\"og:title\" content=\"Cuando alguno pretenda tu gloria manchar - MI BLOG\" \/>\n<meta property=\"og:description\" content=\"Dec\u00eda una parte de la letra del himno nacional que cantamos en la conmemoraci\u00f3n de hoy, y las l\u00e1grimas brotaron [&hellip;]\" \/>\n<meta property=\"og:url\" content=\"https:\/\/viniciojarquin.com\/blog\/cuando-alguno-pretenda-tu-gloria-manchar\/\" \/>\n<meta property=\"og:site_name\" content=\"MI BLOG\" \/>\n<meta property=\"article:publisher\" content=\"https:\/\/www.facebook.com\/vinicio.jarquin\" \/>\n<meta property=\"article:author\" content=\"https:\/\/www.facebook.com\/vinicio.jarquin\" \/>\n<meta property=\"article:published_time\" content=\"2025-11-07T19:54:25+00:00\" \/>\n<meta property=\"article:modified_time\" content=\"2025-11-07T19:54:28+00:00\" \/>\n<meta property=\"og:image\" content=\"https:\/\/viniciojarquin.com\/blog\/wp-content\/uploads\/2025\/11\/Humboldt.png\" \/>\n\t<meta property=\"og:image:width\" content=\"800\" \/>\n\t<meta property=\"og:image:height\" content=\"600\" \/>\n\t<meta property=\"og:image:type\" content=\"image\/png\" \/>\n<meta name=\"author\" content=\"Vinicio Jarqu\u00edn\" \/>\n<meta name=\"twitter:card\" content=\"summary_large_image\" \/>\n<meta name=\"twitter:label1\" content=\"Escrito por\" \/>\n\t<meta name=\"twitter:data1\" content=\"Vinicio Jarqu\u00edn\" \/>\n\t<meta name=\"twitter:label2\" content=\"Tiempo de lectura\" \/>\n\t<meta name=\"twitter:data2\" content=\"5 minutos\" \/>\n<script type=\"application\/ld+json\" class=\"yoast-schema-graph\">{\"@context\":\"https:\/\/schema.org\",\"@graph\":[{\"@type\":\"Article\",\"@id\":\"https:\/\/viniciojarquin.com\/blog\/cuando-alguno-pretenda-tu-gloria-manchar\/#article\",\"isPartOf\":{\"@id\":\"https:\/\/viniciojarquin.com\/blog\/cuando-alguno-pretenda-tu-gloria-manchar\/\"},\"author\":{\"name\":\"Vinicio Jarqu\u00edn\",\"@id\":\"https:\/\/viniciojarquin.com\/blog\/#\/schema\/person\/90100c8845ae55462ec0657d3d2f8d3b\"},\"headline\":\"Cuando alguno pretenda tu gloria manchar\",\"datePublished\":\"2025-11-07T19:54:25+00:00\",\"dateModified\":\"2025-11-07T19:54:28+00:00\",\"mainEntityOfPage\":{\"@id\":\"https:\/\/viniciojarquin.com\/blog\/cuando-alguno-pretenda-tu-gloria-manchar\/\"},\"wordCount\":997,\"commentCount\":0,\"publisher\":{\"@id\":\"https:\/\/viniciojarquin.com\/blog\/#\/schema\/person\/90100c8845ae55462ec0657d3d2f8d3b\"},\"image\":{\"@id\":\"https:\/\/viniciojarquin.com\/blog\/cuando-alguno-pretenda-tu-gloria-manchar\/#primaryimage\"},\"thumbnailUrl\":\"https:\/\/viniciojarquin.com\/blog\/wp-content\/uploads\/2025\/11\/Humboldt.png\",\"articleSection\":[\"Elecciones 2026\"],\"inLanguage\":\"es\",\"potentialAction\":[{\"@type\":\"CommentAction\",\"name\":\"Comment\",\"target\":[\"https:\/\/viniciojarquin.com\/blog\/cuando-alguno-pretenda-tu-gloria-manchar\/#respond\"]}]},{\"@type\":\"WebPage\",\"@id\":\"https:\/\/viniciojarquin.com\/blog\/cuando-alguno-pretenda-tu-gloria-manchar\/\",\"url\":\"https:\/\/viniciojarquin.com\/blog\/cuando-alguno-pretenda-tu-gloria-manchar\/\",\"name\":\"Cuando alguno pretenda tu gloria manchar - MI BLOG\",\"isPartOf\":{\"@id\":\"https:\/\/viniciojarquin.com\/blog\/#website\"},\"primaryImageOfPage\":{\"@id\":\"https:\/\/viniciojarquin.com\/blog\/cuando-alguno-pretenda-tu-gloria-manchar\/#primaryimage\"},\"image\":{\"@id\":\"https:\/\/viniciojarquin.com\/blog\/cuando-alguno-pretenda-tu-gloria-manchar\/#primaryimage\"},\"thumbnailUrl\":\"https:\/\/viniciojarquin.com\/blog\/wp-content\/uploads\/2025\/11\/Humboldt.png\",\"datePublished\":\"2025-11-07T19:54:25+00:00\",\"dateModified\":\"2025-11-07T19:54:28+00:00\",\"breadcrumb\":{\"@id\":\"https:\/\/viniciojarquin.com\/blog\/cuando-alguno-pretenda-tu-gloria-manchar\/#breadcrumb\"},\"inLanguage\":\"es\",\"potentialAction\":[{\"@type\":\"ReadAction\",\"target\":[\"https:\/\/viniciojarquin.com\/blog\/cuando-alguno-pretenda-tu-gloria-manchar\/\"]}]},{\"@type\":\"ImageObject\",\"inLanguage\":\"es\",\"@id\":\"https:\/\/viniciojarquin.com\/blog\/cuando-alguno-pretenda-tu-gloria-manchar\/#primaryimage\",\"url\":\"https:\/\/viniciojarquin.com\/blog\/wp-content\/uploads\/2025\/11\/Humboldt.png\",\"contentUrl\":\"https:\/\/viniciojarquin.com\/blog\/wp-content\/uploads\/2025\/11\/Humboldt.png\",\"width\":800,\"height\":600},{\"@type\":\"BreadcrumbList\",\"@id\":\"https:\/\/viniciojarquin.com\/blog\/cuando-alguno-pretenda-tu-gloria-manchar\/#breadcrumb\",\"itemListElement\":[{\"@type\":\"ListItem\",\"position\":1,\"name\":\"Portada\",\"item\":\"https:\/\/viniciojarquin.com\/blog\/\"},{\"@type\":\"ListItem\",\"position\":2,\"name\":\"Cuando alguno pretenda tu gloria manchar\"}]},{\"@type\":\"WebSite\",\"@id\":\"https:\/\/viniciojarquin.com\/blog\/#website\",\"url\":\"https:\/\/viniciojarquin.com\/blog\/\",\"name\":\"Vinicio Jarqu\u00edn BLOG\",\"description\":\"\",\"publisher\":{\"@id\":\"https:\/\/viniciojarquin.com\/blog\/#\/schema\/person\/90100c8845ae55462ec0657d3d2f8d3b\"},\"potentialAction\":[{\"@type\":\"SearchAction\",\"target\":{\"@type\":\"EntryPoint\",\"urlTemplate\":\"https:\/\/viniciojarquin.com\/blog\/?s={search_term_string}\"},\"query-input\":{\"@type\":\"PropertyValueSpecification\",\"valueRequired\":true,\"valueName\":\"search_term_string\"}}],\"inLanguage\":\"es\"},{\"@type\":[\"Person\",\"Organization\"],\"@id\":\"https:\/\/viniciojarquin.com\/blog\/#\/schema\/person\/90100c8845ae55462ec0657d3d2f8d3b\",\"name\":\"Vinicio Jarqu\u00edn\",\"image\":{\"@type\":\"ImageObject\",\"inLanguage\":\"es\",\"@id\":\"https:\/\/viniciojarquin.com\/blog\/#\/schema\/person\/image\/\",\"url\":\"https:\/\/viniciojarquin.com\/blog\/wp-content\/uploads\/2024\/10\/Logo-VinicioJarquin-original-400.png\",\"contentUrl\":\"https:\/\/viniciojarquin.com\/blog\/wp-content\/uploads\/2024\/10\/Logo-VinicioJarquin-original-400.png\",\"width\":400,\"height\":130,\"caption\":\"Vinicio Jarqu\u00edn\"},\"logo\":{\"@id\":\"https:\/\/viniciojarquin.com\/blog\/#\/schema\/person\/image\/\"},\"description\":\"Empresario textil, artista pl\u00e1stico, escritor, coach de vida y fot\u00f3grafo.\",\"sameAs\":[\"https:\/\/viniciojarquin.com\/blog\",\"https:\/\/www.facebook.com\/vinicio.jarquin\",\"https:\/\/www.instagram.com\/vinicio_jarquin\/\",\"https:\/\/www.pinterest.com\/vinnyjc\/\",\"https:\/\/www.youtube.com\/@VinicioJarquin\"],\"url\":\"https:\/\/viniciojarquin.com\/blog\/author\/admin_s02au25i\/\"}]}<\/script>\n<!-- \/ Yoast SEO plugin. -->","yoast_head_json":{"title":"Cuando alguno pretenda tu gloria manchar - MI BLOG","robots":{"index":"index","follow":"follow","max-snippet":"max-snippet:-1","max-image-preview":"max-image-preview:large","max-video-preview":"max-video-preview:-1"},"canonical":"https:\/\/viniciojarquin.com\/blog\/cuando-alguno-pretenda-tu-gloria-manchar\/","og_locale":"es_ES","og_type":"article","og_title":"Cuando alguno pretenda tu gloria manchar - MI BLOG","og_description":"Dec\u00eda una parte de la letra del himno nacional que cantamos en la conmemoraci\u00f3n de hoy, y las l\u00e1grimas brotaron [&hellip;]","og_url":"https:\/\/viniciojarquin.com\/blog\/cuando-alguno-pretenda-tu-gloria-manchar\/","og_site_name":"MI BLOG","article_publisher":"https:\/\/www.facebook.com\/vinicio.jarquin","article_author":"https:\/\/www.facebook.com\/vinicio.jarquin","article_published_time":"2025-11-07T19:54:25+00:00","article_modified_time":"2025-11-07T19:54:28+00:00","og_image":[{"width":800,"height":600,"url":"https:\/\/viniciojarquin.com\/blog\/wp-content\/uploads\/2025\/11\/Humboldt.png","type":"image\/png"}],"author":"Vinicio Jarqu\u00edn","twitter_card":"summary_large_image","twitter_misc":{"Escrito por":"Vinicio Jarqu\u00edn","Tiempo de lectura":"5 minutos"},"schema":{"@context":"https:\/\/schema.org","@graph":[{"@type":"Article","@id":"https:\/\/viniciojarquin.com\/blog\/cuando-alguno-pretenda-tu-gloria-manchar\/#article","isPartOf":{"@id":"https:\/\/viniciojarquin.com\/blog\/cuando-alguno-pretenda-tu-gloria-manchar\/"},"author":{"name":"Vinicio Jarqu\u00edn","@id":"https:\/\/viniciojarquin.com\/blog\/#\/schema\/person\/90100c8845ae55462ec0657d3d2f8d3b"},"headline":"Cuando alguno pretenda tu gloria manchar","datePublished":"2025-11-07T19:54:25+00:00","dateModified":"2025-11-07T19:54:28+00:00","mainEntityOfPage":{"@id":"https:\/\/viniciojarquin.com\/blog\/cuando-alguno-pretenda-tu-gloria-manchar\/"},"wordCount":997,"commentCount":0,"publisher":{"@id":"https:\/\/viniciojarquin.com\/blog\/#\/schema\/person\/90100c8845ae55462ec0657d3d2f8d3b"},"image":{"@id":"https:\/\/viniciojarquin.com\/blog\/cuando-alguno-pretenda-tu-gloria-manchar\/#primaryimage"},"thumbnailUrl":"https:\/\/viniciojarquin.com\/blog\/wp-content\/uploads\/2025\/11\/Humboldt.png","articleSection":["Elecciones 2026"],"inLanguage":"es","potentialAction":[{"@type":"CommentAction","name":"Comment","target":["https:\/\/viniciojarquin.com\/blog\/cuando-alguno-pretenda-tu-gloria-manchar\/#respond"]}]},{"@type":"WebPage","@id":"https:\/\/viniciojarquin.com\/blog\/cuando-alguno-pretenda-tu-gloria-manchar\/","url":"https:\/\/viniciojarquin.com\/blog\/cuando-alguno-pretenda-tu-gloria-manchar\/","name":"Cuando alguno pretenda tu gloria manchar - MI BLOG","isPartOf":{"@id":"https:\/\/viniciojarquin.com\/blog\/#website"},"primaryImageOfPage":{"@id":"https:\/\/viniciojarquin.com\/blog\/cuando-alguno-pretenda-tu-gloria-manchar\/#primaryimage"},"image":{"@id":"https:\/\/viniciojarquin.com\/blog\/cuando-alguno-pretenda-tu-gloria-manchar\/#primaryimage"},"thumbnailUrl":"https:\/\/viniciojarquin.com\/blog\/wp-content\/uploads\/2025\/11\/Humboldt.png","datePublished":"2025-11-07T19:54:25+00:00","dateModified":"2025-11-07T19:54:28+00:00","breadcrumb":{"@id":"https:\/\/viniciojarquin.com\/blog\/cuando-alguno-pretenda-tu-gloria-manchar\/#breadcrumb"},"inLanguage":"es","potentialAction":[{"@type":"ReadAction","target":["https:\/\/viniciojarquin.com\/blog\/cuando-alguno-pretenda-tu-gloria-manchar\/"]}]},{"@type":"ImageObject","inLanguage":"es","@id":"https:\/\/viniciojarquin.com\/blog\/cuando-alguno-pretenda-tu-gloria-manchar\/#primaryimage","url":"https:\/\/viniciojarquin.com\/blog\/wp-content\/uploads\/2025\/11\/Humboldt.png","contentUrl":"https:\/\/viniciojarquin.com\/blog\/wp-content\/uploads\/2025\/11\/Humboldt.png","width":800,"height":600},{"@type":"BreadcrumbList","@id":"https:\/\/viniciojarquin.com\/blog\/cuando-alguno-pretenda-tu-gloria-manchar\/#breadcrumb","itemListElement":[{"@type":"ListItem","position":1,"name":"Portada","item":"https:\/\/viniciojarquin.com\/blog\/"},{"@type":"ListItem","position":2,"name":"Cuando alguno pretenda tu gloria manchar"}]},{"@type":"WebSite","@id":"https:\/\/viniciojarquin.com\/blog\/#website","url":"https:\/\/viniciojarquin.com\/blog\/","name":"Vinicio Jarqu\u00edn BLOG","description":"","publisher":{"@id":"https:\/\/viniciojarquin.com\/blog\/#\/schema\/person\/90100c8845ae55462ec0657d3d2f8d3b"},"potentialAction":[{"@type":"SearchAction","target":{"@type":"EntryPoint","urlTemplate":"https:\/\/viniciojarquin.com\/blog\/?s={search_term_string}"},"query-input":{"@type":"PropertyValueSpecification","valueRequired":true,"valueName":"search_term_string"}}],"inLanguage":"es"},{"@type":["Person","Organization"],"@id":"https:\/\/viniciojarquin.com\/blog\/#\/schema\/person\/90100c8845ae55462ec0657d3d2f8d3b","name":"Vinicio Jarqu\u00edn","image":{"@type":"ImageObject","inLanguage":"es","@id":"https:\/\/viniciojarquin.com\/blog\/#\/schema\/person\/image\/","url":"https:\/\/viniciojarquin.com\/blog\/wp-content\/uploads\/2024\/10\/Logo-VinicioJarquin-original-400.png","contentUrl":"https:\/\/viniciojarquin.com\/blog\/wp-content\/uploads\/2024\/10\/Logo-VinicioJarquin-original-400.png","width":400,"height":130,"caption":"Vinicio Jarqu\u00edn"},"logo":{"@id":"https:\/\/viniciojarquin.com\/blog\/#\/schema\/person\/image\/"},"description":"Empresario textil, artista pl\u00e1stico, escritor, coach de vida y fot\u00f3grafo.","sameAs":["https:\/\/viniciojarquin.com\/blog","https:\/\/www.facebook.com\/vinicio.jarquin","https:\/\/www.instagram.com\/vinicio_jarquin\/","https:\/\/www.pinterest.com\/vinnyjc\/","https:\/\/www.youtube.com\/@VinicioJarquin"],"url":"https:\/\/viniciojarquin.com\/blog\/author\/admin_s02au25i\/"}]}},"blog_post_layout_featured_media_urls":{"thumbnail":["https:\/\/viniciojarquin.com\/blog\/wp-content\/uploads\/2025\/11\/Humboldt-150x150.png",150,150,true],"full":["https:\/\/viniciojarquin.com\/blog\/wp-content\/uploads\/2025\/11\/Humboldt.png",800,600,false]},"categories_names":{"17":{"name":"Elecciones 2026","link":"https:\/\/viniciojarquin.com\/blog\/category\/elecciones-2026\/"}},"tags_names":[],"comments_number":"0","_links":{"self":[{"href":"https:\/\/viniciojarquin.com\/blog\/wp-json\/wp\/v2\/posts\/1176","targetHints":{"allow":["GET"]}}],"collection":[{"href":"https:\/\/viniciojarquin.com\/blog\/wp-json\/wp\/v2\/posts"}],"about":[{"href":"https:\/\/viniciojarquin.com\/blog\/wp-json\/wp\/v2\/types\/post"}],"author":[{"embeddable":true,"href":"https:\/\/viniciojarquin.com\/blog\/wp-json\/wp\/v2\/users\/1"}],"replies":[{"embeddable":true,"href":"https:\/\/viniciojarquin.com\/blog\/wp-json\/wp\/v2\/comments?post=1176"}],"version-history":[{"count":1,"href":"https:\/\/viniciojarquin.com\/blog\/wp-json\/wp\/v2\/posts\/1176\/revisions"}],"predecessor-version":[{"id":1178,"href":"https:\/\/viniciojarquin.com\/blog\/wp-json\/wp\/v2\/posts\/1176\/revisions\/1178"}],"wp:featuredmedia":[{"embeddable":true,"href":"https:\/\/viniciojarquin.com\/blog\/wp-json\/wp\/v2\/media\/1177"}],"wp:attachment":[{"href":"https:\/\/viniciojarquin.com\/blog\/wp-json\/wp\/v2\/media?parent=1176"}],"wp:term":[{"taxonomy":"category","embeddable":true,"href":"https:\/\/viniciojarquin.com\/blog\/wp-json\/wp\/v2\/categories?post=1176"},{"taxonomy":"post_tag","embeddable":true,"href":"https:\/\/viniciojarquin.com\/blog\/wp-json\/wp\/v2\/tags?post=1176"}],"curies":[{"name":"wp","href":"https:\/\/api.w.org\/{rel}","templated":true}]}}