{"id":1184,"date":"2025-11-08T07:24:42","date_gmt":"2025-11-08T07:24:42","guid":{"rendered":"https:\/\/viniciojarquin.com\/blog\/?p=1184"},"modified":"2025-11-17T02:08:32","modified_gmt":"2025-11-17T02:08:32","slug":"como-empezo-todo-esto","status":"publish","type":"post","link":"https:\/\/viniciojarquin.com\/blog\/como-empezo-todo-esto\/","title":{"rendered":"\u00bfC\u00f3mo empez\u00f3 todo esto?"},"content":{"rendered":"\n<p>\u00bfC\u00f3mo empez\u00f3 todo esto?<\/p>\n\n\n\n<p>\u00bfC\u00f3mo empez\u00f3 este movimiento?<\/p>\n\n\n\n<p>S\u00ed, ya lo s\u00e9. Ya lo he contado, ya lo han le\u00eddo.<\/p>\n\n\n\n<p>Un d\u00eda escrib\u00ed un art\u00edculo, se viraliz\u00f3\u2026 y aqu\u00ed estamos.<\/p>\n\n\n\n<p>Apareci\u00f3 la frase&nbsp;<em>\u201cApacigu\u00e1 tu ser interior\u201d<\/em>, y uno a uno fueron llegando. Se fueron uniendo, fueron despertando, apoyando, compartiendo. Y aqu\u00ed estamos: firmes, conscientes, serenos, pero decididos.<\/p>\n\n\n\n<p>Somos la fuerza anticontinuismo m\u00e1s grande del pa\u00eds.<\/p>\n\n\n\n<p>Somos la fuerza pacificadora m\u00e1s grande del pa\u00eds.<\/p>\n\n\n\n<p>Y todo es gracias a ustedes.<\/p>\n\n\n\n<p>Yo soy uno, pero ustedes son 25.999.<\/p>\n\n\n\n<p>Y aqu\u00ed estamos, valientes y viriles, de pie.<\/p>\n\n\n\n<p>Leyendo, compartiendo, comentando, pregonando, anunciando, declarando y confiando en que el chavismo se acabar\u00e1 en las pr\u00f3ximas elecciones de una vez y para siempre, y que do\u00f1a Laura Fern\u00e1ndez nunca ocupar\u00e1 la silla presidencial de la Rep\u00fablica de Costa Rica.<\/p>\n\n\n\n<p>Y no es que no nos guste do\u00f1a Laura, ni que no nos parezca inteligente.<\/p>\n\n\n\n<p>No es que tengamos problema con el tema de la Bas\u00edlica, del micr\u00f3fono, de la firma falsa o del comentario de los cerdos.<\/p>\n\n\n\n<p>Es simplemente porque a Zapote, el pr\u00f3ximo presidente o presidenta debe llegar con aplausos, con honra y con gloria.<\/p>\n\n\n\n<p>Y tiene que ser alguien que se lo merezca.<\/p>\n\n\n\n<p>Porque Costa Rica es grande.<\/p>\n\n\n\n<p>Ha soportado ataques, ha resistido crisis, ha enfrentado el dolor y siempre ha salido adelante.<\/p>\n\n\n\n<p>Y esta vez no ser\u00e1 distinto.<\/p>\n\n\n\n<p>A todos ustedes, mis chicos y chicas de&nbsp;<em>Apacigu\u00e1 tu ser interior, para que Costa Rica pueda respirar en paz<\/em>, muchas gracias.<\/p>\n\n\n\n<p>Gracias por cada mensaje p\u00fablico, por cada palabra privada, por cada WhatsApp, por cada muestra de cari\u00f1o, por cada libro que han comprado y que me ha permitido seguir en pie.<\/p>\n\n\n\n<p>Mi compromiso es con ustedes, con los que conozco y con los que no.<\/p>\n\n\n\n<p>Con la patria.<\/p>\n\n\n\n<p>Con la democracia.<\/p>\n\n\n\n<p>Con la institucionalidad.<\/p>\n\n\n\n<p>Y, por supuesto, con&nbsp;<em>Nuestra Se\u00f1ora: la Constituci\u00f3n Pol\u00edtica de Costa Rica.<\/em><\/p>\n\n\n\n<p>Que Dios me ayude y nos ayude a seguir adelante.<\/p>\n\n\n\n<p>Tenemos una lucha que dar\u2026 y la vamos a dar.<\/p>\n\n\n\n<p>Dios bendiga a Costa Rica, y a cada uno de ustedes.<\/p>\n\n\n\n<p>Yo soy&nbsp;<strong>Vinicio Jarqu\u00edn<\/strong>: empresario textil, dise\u00f1ador, escritor, acuarelista, fot\u00f3grafo, coach de vida, y humildemente, quien lleva la bandera de&nbsp;<em>Apacigu\u00e1 tu ser interior, para que Costa Rica pueda respirar en paz.<\/em><\/p>\n\n\n\n<figure class=\"wp-block-image size-full\"><img decoding=\"async\" width=\"1024\" height=\"1024\" data-src=\"https:\/\/viniciojarquin.com\/blog\/wp-content\/uploads\/2025\/11\/IMG_0632.jpeg\" alt=\"\" class=\"wp-image-1185 lazyload\" data-srcset=\"https:\/\/viniciojarquin.com\/blog\/wp-content\/uploads\/2025\/11\/IMG_0632.jpeg 1024w, https:\/\/viniciojarquin.com\/blog\/wp-content\/uploads\/2025\/11\/IMG_0632-300x300.jpeg 300w, https:\/\/viniciojarquin.com\/blog\/wp-content\/uploads\/2025\/11\/IMG_0632-150x150.jpeg 150w, https:\/\/viniciojarquin.com\/blog\/wp-content\/uploads\/2025\/11\/IMG_0632-768x768.jpeg 768w\" data-sizes=\"(max-width: 1024px) 100vw, 1024px\" src=\"data:image\/svg+xml;base64,PHN2ZyB3aWR0aD0iMSIgaGVpZ2h0PSIxIiB4bWxucz0iaHR0cDovL3d3dy53My5vcmcvMjAwMC9zdmciPjwvc3ZnPg==\" style=\"--smush-placeholder-width: 1024px; --smush-placeholder-aspect-ratio: 1024\/1024;\" \/><\/figure>\n","protected":false},"excerpt":{"rendered":"<p>\u00bfC\u00f3mo empez\u00f3 todo esto? \u00bfC\u00f3mo empez\u00f3 este movimiento? S\u00ed, ya lo s\u00e9. Ya lo he contado, ya lo han le\u00eddo. [&hellip;]<\/p>\n","protected":false},"author":1,"featured_media":0,"comment_status":"open","ping_status":"open","sticky":false,"template":"","format":"standard","meta":{"site-sidebar-layout":"default","site-content-layout":"","ast-site-content-layout":"","site-content-style":"default","site-sidebar-style":"default","ast-global-header-display":"","ast-banner-title-visibility":"","ast-main-header-display":"","ast-hfb-above-header-display":"","ast-hfb-below-header-display":"","ast-hfb-mobile-header-display":"","site-post-title":"","ast-breadcrumbs-content":"","ast-featured-img":"","footer-sml-layout":"","theme-transparent-header-meta":"","adv-header-id-meta":"","stick-header-meta":"","header-above-stick-meta":"","header-main-stick-meta":"","header-below-stick-meta":"","astra-migrate-meta-layouts":"default","ast-page-background-enabled":"default","ast-page-background-meta":{"desktop":{"background-color":"var(--ast-global-color-5)","background-image":"","background-repeat":"repeat","background-position":"center center","background-size":"auto","background-attachment":"scroll","background-type":"","background-media":"","overlay-type":"","overlay-color":"","overlay-opacity":"","overlay-gradient":""},"tablet":{"background-color":"","background-image":"","background-repeat":"repeat","background-position":"center center","background-size":"auto","background-attachment":"scroll","background-type":"","background-media":"","overlay-type":"","overlay-color":"","overlay-opacity":"","overlay-gradient":""},"mobile":{"background-color":"","background-image":"","background-repeat":"repeat","background-position":"center center","background-size":"auto","background-attachment":"scroll","background-type":"","background-media":"","overlay-type":"","overlay-color":"","overlay-opacity":"","overlay-gradient":""}},"ast-content-background-meta":{"desktop":{"background-color":"var(--ast-global-color-4)","background-image":"","background-repeat":"repeat","background-position":"center center","background-size":"auto","background-attachment":"scroll","background-type":"","background-media":"","overlay-type":"","overlay-color":"","overlay-opacity":"","overlay-gradient":""},"tablet":{"background-color":"var(--ast-global-color-4)","background-image":"","background-repeat":"repeat","background-position":"center center","background-size":"auto","background-attachment":"scroll","background-type":"","background-media":"","overlay-type":"","overlay-color":"","overlay-opacity":"","overlay-gradient":""},"mobile":{"background-color":"var(--ast-global-color-4)","background-image":"","background-repeat":"repeat","background-position":"center center","background-size":"auto","background-attachment":"scroll","background-type":"","background-media":"","overlay-type":"","overlay-color":"","overlay-opacity":"","overlay-gradient":""}},"footnotes":""},"categories":[17],"tags":[],"class_list":["post-1184","post","type-post","status-publish","format-standard","hentry","category-elecciones-2026"],"yoast_head":"<!-- This site is optimized with the Yoast SEO plugin v26.0 - https:\/\/yoast.com\/wordpress\/plugins\/seo\/ -->\n<title>\u00bfC\u00f3mo empez\u00f3 todo esto? - MI BLOG<\/title>\n<meta name=\"robots\" content=\"index, follow, max-snippet:-1, max-image-preview:large, max-video-preview:-1\" \/>\n<link rel=\"canonical\" href=\"https:\/\/viniciojarquin.com\/blog\/como-empezo-todo-esto\/\" \/>\n<meta property=\"og:locale\" content=\"es_ES\" \/>\n<meta property=\"og:type\" content=\"article\" \/>\n<meta property=\"og:title\" content=\"\u00bfC\u00f3mo empez\u00f3 todo esto? - MI BLOG\" \/>\n<meta property=\"og:description\" content=\"\u00bfC\u00f3mo empez\u00f3 todo esto? \u00bfC\u00f3mo empez\u00f3 este movimiento? S\u00ed, ya lo s\u00e9. Ya lo he contado, ya lo han le\u00eddo. [&hellip;]\" \/>\n<meta property=\"og:url\" content=\"https:\/\/viniciojarquin.com\/blog\/como-empezo-todo-esto\/\" \/>\n<meta property=\"og:site_name\" content=\"MI BLOG\" \/>\n<meta property=\"article:publisher\" content=\"https:\/\/www.facebook.com\/vinicio.jarquin\" \/>\n<meta property=\"article:author\" content=\"https:\/\/www.facebook.com\/vinicio.jarquin\" \/>\n<meta property=\"article:published_time\" content=\"2025-11-08T07:24:42+00:00\" \/>\n<meta property=\"article:modified_time\" content=\"2025-11-17T02:08:32+00:00\" \/>\n<meta property=\"og:image\" content=\"https:\/\/viniciojarquin.com\/blog\/wp-content\/uploads\/2025\/11\/IMG_0632.jpeg\" \/>\n\t<meta property=\"og:image:width\" content=\"1024\" \/>\n\t<meta property=\"og:image:height\" content=\"1024\" \/>\n\t<meta property=\"og:image:type\" content=\"image\/jpeg\" \/>\n<meta name=\"author\" content=\"Vinicio Jarqu\u00edn\" \/>\n<meta name=\"twitter:card\" content=\"summary_large_image\" \/>\n<meta name=\"twitter:label1\" content=\"Escrito por\" \/>\n\t<meta name=\"twitter:data1\" content=\"Vinicio Jarqu\u00edn\" \/>\n\t<meta name=\"twitter:label2\" content=\"Tiempo de lectura\" \/>\n\t<meta name=\"twitter:data2\" content=\"2 minutos\" \/>\n<script type=\"application\/ld+json\" class=\"yoast-schema-graph\">{\"@context\":\"https:\/\/schema.org\",\"@graph\":[{\"@type\":\"Article\",\"@id\":\"https:\/\/viniciojarquin.com\/blog\/como-empezo-todo-esto\/#article\",\"isPartOf\":{\"@id\":\"https:\/\/viniciojarquin.com\/blog\/como-empezo-todo-esto\/\"},\"author\":{\"name\":\"Vinicio Jarqu\u00edn\",\"@id\":\"https:\/\/viniciojarquin.com\/blog\/#\/schema\/person\/90100c8845ae55462ec0657d3d2f8d3b\"},\"headline\":\"\u00bfC\u00f3mo empez\u00f3 todo esto?\",\"datePublished\":\"2025-11-08T07:24:42+00:00\",\"dateModified\":\"2025-11-17T02:08:32+00:00\",\"mainEntityOfPage\":{\"@id\":\"https:\/\/viniciojarquin.com\/blog\/como-empezo-todo-esto\/\"},\"wordCount\":412,\"commentCount\":0,\"publisher\":{\"@id\":\"https:\/\/viniciojarquin.com\/blog\/#\/schema\/person\/90100c8845ae55462ec0657d3d2f8d3b\"},\"image\":{\"@id\":\"https:\/\/viniciojarquin.com\/blog\/como-empezo-todo-esto\/#primaryimage\"},\"thumbnailUrl\":\"https:\/\/viniciojarquin.com\/blog\/wp-content\/uploads\/2025\/11\/IMG_0632.jpeg\",\"articleSection\":[\"Elecciones 2026\"],\"inLanguage\":\"es\",\"potentialAction\":[{\"@type\":\"CommentAction\",\"name\":\"Comment\",\"target\":[\"https:\/\/viniciojarquin.com\/blog\/como-empezo-todo-esto\/#respond\"]}]},{\"@type\":\"WebPage\",\"@id\":\"https:\/\/viniciojarquin.com\/blog\/como-empezo-todo-esto\/\",\"url\":\"https:\/\/viniciojarquin.com\/blog\/como-empezo-todo-esto\/\",\"name\":\"\u00bfC\u00f3mo empez\u00f3 todo esto? - MI BLOG\",\"isPartOf\":{\"@id\":\"https:\/\/viniciojarquin.com\/blog\/#website\"},\"primaryImageOfPage\":{\"@id\":\"https:\/\/viniciojarquin.com\/blog\/como-empezo-todo-esto\/#primaryimage\"},\"image\":{\"@id\":\"https:\/\/viniciojarquin.com\/blog\/como-empezo-todo-esto\/#primaryimage\"},\"thumbnailUrl\":\"https:\/\/viniciojarquin.com\/blog\/wp-content\/uploads\/2025\/11\/IMG_0632.jpeg\",\"datePublished\":\"2025-11-08T07:24:42+00:00\",\"dateModified\":\"2025-11-17T02:08:32+00:00\",\"breadcrumb\":{\"@id\":\"https:\/\/viniciojarquin.com\/blog\/como-empezo-todo-esto\/#breadcrumb\"},\"inLanguage\":\"es\",\"potentialAction\":[{\"@type\":\"ReadAction\",\"target\":[\"https:\/\/viniciojarquin.com\/blog\/como-empezo-todo-esto\/\"]}]},{\"@type\":\"ImageObject\",\"inLanguage\":\"es\",\"@id\":\"https:\/\/viniciojarquin.com\/blog\/como-empezo-todo-esto\/#primaryimage\",\"url\":\"https:\/\/viniciojarquin.com\/blog\/wp-content\/uploads\/2025\/11\/IMG_0632.jpeg\",\"contentUrl\":\"https:\/\/viniciojarquin.com\/blog\/wp-content\/uploads\/2025\/11\/IMG_0632.jpeg\",\"width\":1024,\"height\":1024},{\"@type\":\"BreadcrumbList\",\"@id\":\"https:\/\/viniciojarquin.com\/blog\/como-empezo-todo-esto\/#breadcrumb\",\"itemListElement\":[{\"@type\":\"ListItem\",\"position\":1,\"name\":\"Portada\",\"item\":\"https:\/\/viniciojarquin.com\/blog\/\"},{\"@type\":\"ListItem\",\"position\":2,\"name\":\"\u00bfC\u00f3mo empez\u00f3 todo esto?\"}]},{\"@type\":\"WebSite\",\"@id\":\"https:\/\/viniciojarquin.com\/blog\/#website\",\"url\":\"https:\/\/viniciojarquin.com\/blog\/\",\"name\":\"Vinicio Jarqu\u00edn BLOG\",\"description\":\"\",\"publisher\":{\"@id\":\"https:\/\/viniciojarquin.com\/blog\/#\/schema\/person\/90100c8845ae55462ec0657d3d2f8d3b\"},\"potentialAction\":[{\"@type\":\"SearchAction\",\"target\":{\"@type\":\"EntryPoint\",\"urlTemplate\":\"https:\/\/viniciojarquin.com\/blog\/?s={search_term_string}\"},\"query-input\":{\"@type\":\"PropertyValueSpecification\",\"valueRequired\":true,\"valueName\":\"search_term_string\"}}],\"inLanguage\":\"es\"},{\"@type\":[\"Person\",\"Organization\"],\"@id\":\"https:\/\/viniciojarquin.com\/blog\/#\/schema\/person\/90100c8845ae55462ec0657d3d2f8d3b\",\"name\":\"Vinicio Jarqu\u00edn\",\"image\":{\"@type\":\"ImageObject\",\"inLanguage\":\"es\",\"@id\":\"https:\/\/viniciojarquin.com\/blog\/#\/schema\/person\/image\/\",\"url\":\"https:\/\/viniciojarquin.com\/blog\/wp-content\/uploads\/2024\/10\/Logo-VinicioJarquin-original-400.png\",\"contentUrl\":\"https:\/\/viniciojarquin.com\/blog\/wp-content\/uploads\/2024\/10\/Logo-VinicioJarquin-original-400.png\",\"width\":400,\"height\":130,\"caption\":\"Vinicio Jarqu\u00edn\"},\"logo\":{\"@id\":\"https:\/\/viniciojarquin.com\/blog\/#\/schema\/person\/image\/\"},\"description\":\"Empresario textil, artista pl\u00e1stico, escritor, coach de vida y fot\u00f3grafo.\",\"sameAs\":[\"https:\/\/viniciojarquin.com\/blog\",\"https:\/\/www.facebook.com\/vinicio.jarquin\",\"https:\/\/www.instagram.com\/vinicio_jarquin\/\",\"https:\/\/www.pinterest.com\/vinnyjc\/\",\"https:\/\/www.youtube.com\/@VinicioJarquin\"],\"url\":\"https:\/\/viniciojarquin.com\/blog\/author\/admin_s02au25i\/\"}]}<\/script>\n<!-- \/ Yoast SEO plugin. -->","yoast_head_json":{"title":"\u00bfC\u00f3mo empez\u00f3 todo esto? - MI BLOG","robots":{"index":"index","follow":"follow","max-snippet":"max-snippet:-1","max-image-preview":"max-image-preview:large","max-video-preview":"max-video-preview:-1"},"canonical":"https:\/\/viniciojarquin.com\/blog\/como-empezo-todo-esto\/","og_locale":"es_ES","og_type":"article","og_title":"\u00bfC\u00f3mo empez\u00f3 todo esto? - MI BLOG","og_description":"\u00bfC\u00f3mo empez\u00f3 todo esto? \u00bfC\u00f3mo empez\u00f3 este movimiento? S\u00ed, ya lo s\u00e9. Ya lo he contado, ya lo han le\u00eddo. [&hellip;]","og_url":"https:\/\/viniciojarquin.com\/blog\/como-empezo-todo-esto\/","og_site_name":"MI BLOG","article_publisher":"https:\/\/www.facebook.com\/vinicio.jarquin","article_author":"https:\/\/www.facebook.com\/vinicio.jarquin","article_published_time":"2025-11-08T07:24:42+00:00","article_modified_time":"2025-11-17T02:08:32+00:00","og_image":[{"width":1024,"height":1024,"url":"https:\/\/viniciojarquin.com\/blog\/wp-content\/uploads\/2025\/11\/IMG_0632.jpeg","type":"image\/jpeg"}],"author":"Vinicio Jarqu\u00edn","twitter_card":"summary_large_image","twitter_misc":{"Escrito por":"Vinicio Jarqu\u00edn","Tiempo de lectura":"2 minutos"},"schema":{"@context":"https:\/\/schema.org","@graph":[{"@type":"Article","@id":"https:\/\/viniciojarquin.com\/blog\/como-empezo-todo-esto\/#article","isPartOf":{"@id":"https:\/\/viniciojarquin.com\/blog\/como-empezo-todo-esto\/"},"author":{"name":"Vinicio Jarqu\u00edn","@id":"https:\/\/viniciojarquin.com\/blog\/#\/schema\/person\/90100c8845ae55462ec0657d3d2f8d3b"},"headline":"\u00bfC\u00f3mo empez\u00f3 todo esto?","datePublished":"2025-11-08T07:24:42+00:00","dateModified":"2025-11-17T02:08:32+00:00","mainEntityOfPage":{"@id":"https:\/\/viniciojarquin.com\/blog\/como-empezo-todo-esto\/"},"wordCount":412,"commentCount":0,"publisher":{"@id":"https:\/\/viniciojarquin.com\/blog\/#\/schema\/person\/90100c8845ae55462ec0657d3d2f8d3b"},"image":{"@id":"https:\/\/viniciojarquin.com\/blog\/como-empezo-todo-esto\/#primaryimage"},"thumbnailUrl":"https:\/\/viniciojarquin.com\/blog\/wp-content\/uploads\/2025\/11\/IMG_0632.jpeg","articleSection":["Elecciones 2026"],"inLanguage":"es","potentialAction":[{"@type":"CommentAction","name":"Comment","target":["https:\/\/viniciojarquin.com\/blog\/como-empezo-todo-esto\/#respond"]}]},{"@type":"WebPage","@id":"https:\/\/viniciojarquin.com\/blog\/como-empezo-todo-esto\/","url":"https:\/\/viniciojarquin.com\/blog\/como-empezo-todo-esto\/","name":"\u00bfC\u00f3mo empez\u00f3 todo esto? - MI BLOG","isPartOf":{"@id":"https:\/\/viniciojarquin.com\/blog\/#website"},"primaryImageOfPage":{"@id":"https:\/\/viniciojarquin.com\/blog\/como-empezo-todo-esto\/#primaryimage"},"image":{"@id":"https:\/\/viniciojarquin.com\/blog\/como-empezo-todo-esto\/#primaryimage"},"thumbnailUrl":"https:\/\/viniciojarquin.com\/blog\/wp-content\/uploads\/2025\/11\/IMG_0632.jpeg","datePublished":"2025-11-08T07:24:42+00:00","dateModified":"2025-11-17T02:08:32+00:00","breadcrumb":{"@id":"https:\/\/viniciojarquin.com\/blog\/como-empezo-todo-esto\/#breadcrumb"},"inLanguage":"es","potentialAction":[{"@type":"ReadAction","target":["https:\/\/viniciojarquin.com\/blog\/como-empezo-todo-esto\/"]}]},{"@type":"ImageObject","inLanguage":"es","@id":"https:\/\/viniciojarquin.com\/blog\/como-empezo-todo-esto\/#primaryimage","url":"https:\/\/viniciojarquin.com\/blog\/wp-content\/uploads\/2025\/11\/IMG_0632.jpeg","contentUrl":"https:\/\/viniciojarquin.com\/blog\/wp-content\/uploads\/2025\/11\/IMG_0632.jpeg","width":1024,"height":1024},{"@type":"BreadcrumbList","@id":"https:\/\/viniciojarquin.com\/blog\/como-empezo-todo-esto\/#breadcrumb","itemListElement":[{"@type":"ListItem","position":1,"name":"Portada","item":"https:\/\/viniciojarquin.com\/blog\/"},{"@type":"ListItem","position":2,"name":"\u00bfC\u00f3mo empez\u00f3 todo esto?"}]},{"@type":"WebSite","@id":"https:\/\/viniciojarquin.com\/blog\/#website","url":"https:\/\/viniciojarquin.com\/blog\/","name":"Vinicio Jarqu\u00edn BLOG","description":"","publisher":{"@id":"https:\/\/viniciojarquin.com\/blog\/#\/schema\/person\/90100c8845ae55462ec0657d3d2f8d3b"},"potentialAction":[{"@type":"SearchAction","target":{"@type":"EntryPoint","urlTemplate":"https:\/\/viniciojarquin.com\/blog\/?s={search_term_string}"},"query-input":{"@type":"PropertyValueSpecification","valueRequired":true,"valueName":"search_term_string"}}],"inLanguage":"es"},{"@type":["Person","Organization"],"@id":"https:\/\/viniciojarquin.com\/blog\/#\/schema\/person\/90100c8845ae55462ec0657d3d2f8d3b","name":"Vinicio Jarqu\u00edn","image":{"@type":"ImageObject","inLanguage":"es","@id":"https:\/\/viniciojarquin.com\/blog\/#\/schema\/person\/image\/","url":"https:\/\/viniciojarquin.com\/blog\/wp-content\/uploads\/2024\/10\/Logo-VinicioJarquin-original-400.png","contentUrl":"https:\/\/viniciojarquin.com\/blog\/wp-content\/uploads\/2024\/10\/Logo-VinicioJarquin-original-400.png","width":400,"height":130,"caption":"Vinicio Jarqu\u00edn"},"logo":{"@id":"https:\/\/viniciojarquin.com\/blog\/#\/schema\/person\/image\/"},"description":"Empresario textil, artista pl\u00e1stico, escritor, coach de vida y fot\u00f3grafo.","sameAs":["https:\/\/viniciojarquin.com\/blog","https:\/\/www.facebook.com\/vinicio.jarquin","https:\/\/www.instagram.com\/vinicio_jarquin\/","https:\/\/www.pinterest.com\/vinnyjc\/","https:\/\/www.youtube.com\/@VinicioJarquin"],"url":"https:\/\/viniciojarquin.com\/blog\/author\/admin_s02au25i\/"}]}},"blog_post_layout_featured_media_urls":{"thumbnail":"","full":""},"categories_names":{"17":{"name":"Elecciones 2026","link":"https:\/\/viniciojarquin.com\/blog\/category\/elecciones-2026\/"}},"tags_names":[],"comments_number":"0","_links":{"self":[{"href":"https:\/\/viniciojarquin.com\/blog\/wp-json\/wp\/v2\/posts\/1184","targetHints":{"allow":["GET"]}}],"collection":[{"href":"https:\/\/viniciojarquin.com\/blog\/wp-json\/wp\/v2\/posts"}],"about":[{"href":"https:\/\/viniciojarquin.com\/blog\/wp-json\/wp\/v2\/types\/post"}],"author":[{"embeddable":true,"href":"https:\/\/viniciojarquin.com\/blog\/wp-json\/wp\/v2\/users\/1"}],"replies":[{"embeddable":true,"href":"https:\/\/viniciojarquin.com\/blog\/wp-json\/wp\/v2\/comments?post=1184"}],"version-history":[{"count":1,"href":"https:\/\/viniciojarquin.com\/blog\/wp-json\/wp\/v2\/posts\/1184\/revisions"}],"predecessor-version":[{"id":1186,"href":"https:\/\/viniciojarquin.com\/blog\/wp-json\/wp\/v2\/posts\/1184\/revisions\/1186"}],"wp:attachment":[{"href":"https:\/\/viniciojarquin.com\/blog\/wp-json\/wp\/v2\/media?parent=1184"}],"wp:term":[{"taxonomy":"category","embeddable":true,"href":"https:\/\/viniciojarquin.com\/blog\/wp-json\/wp\/v2\/categories?post=1184"},{"taxonomy":"post_tag","embeddable":true,"href":"https:\/\/viniciojarquin.com\/blog\/wp-json\/wp\/v2\/tags?post=1184"}],"curies":[{"name":"wp","href":"https:\/\/api.w.org\/{rel}","templated":true}]}}