{"id":1258,"date":"2025-11-14T03:33:18","date_gmt":"2025-11-14T03:33:18","guid":{"rendered":"https:\/\/viniciojarquin.com\/blog\/?p=1258"},"modified":"2025-11-14T04:03:09","modified_gmt":"2025-11-14T04:03:09","slug":"he-recibido-un-comunicado-que-me-hizo-pensar","status":"publish","type":"post","link":"https:\/\/viniciojarquin.com\/blog\/he-recibido-un-comunicado-que-me-hizo-pensar\/","title":{"rendered":"He recibido un comunicado que me hizo pensar"},"content":{"rendered":"\n<p>He recibido un comunicado de alguien que explica, con mucha serenidad y claridad, por qu\u00e9 no ir\u00e1 a la congregaci\u00f3n o manifestaci\u00f3n convocada para este viernes. Y te soy sincero: me hizo detenerme un momento y leerlo dos veces, porque expresa algo que muchas personas sienten, aunque no siempre logran ponerlo en palabras. Hoy quiero comentarlo, porque creo que estas reflexiones ayudan a que respiremos con un poco m\u00e1s de calma en medio de tanto ruido.<\/p>\n\n\n\n<p>La persona que escribi\u00f3 este comunicado empieza diciendo algo que parece obvio, pero que a veces olvidamos: miles de costarricenses acuden todos los d\u00edas a los despachos judiciales y administrativos sin que nadie los acompa\u00f1e con banderas, gritos o escudos humanos. Lo hacen porque es un deber ciudadano, porque todos estamos sometidos a la justicia y porque as\u00ed funciona un Estado de Derecho. Y tiene raz\u00f3n: si eso es cierto para cualquiera, tambi\u00e9n lo es para el presidente.<\/p>\n\n\n\n<p>El comunicado tambi\u00e9n recuerda que este no es un combate pol\u00edtico, ni un choque electoral disfrazado, sino un procedimiento jur\u00eddico. Uno que debe enfrentarse con transparencia, respeto y serenidad. Eso me parece fundamental, porque a veces se pretende convertir cualquier tema legal en un espect\u00e1culo emocional, y ah\u00ed es donde perdemos la br\u00fajula. La justicia necesita silencio, sobriedad, hechos\u2026 no multitudes presionando desde afuera.<\/p>\n\n\n\n<p>El texto menciona algo todav\u00eda m\u00e1s delicado: que llamar al pueblo para servir como escudo protector es una forma de evadir responsabilidad. Y s\u00ed, entiendo esa preocupaci\u00f3n. Cuando un l\u00edder pide apoyo popular justo en el momento en que debe responder ante la institucionalidad, el mensaje se mezcla peligrosamente: se corre el riesgo de usar al pueblo no como voz soberana, sino como muralla pol\u00edtica. Y Costa Rica no fue construida para eso.<\/p>\n\n\n\n<p>Quien escribi\u00f3 el comunicado dice algo que me pareci\u00f3 hermoso: <em>somos un pueblo que defiende la democracia, la paz, la igualdad, la diversidad y la justicia<\/em>. Y yo s\u00e9 que a veces parece que todo eso se tambalea, pero sigue siendo verdad. Este pa\u00eds tiene una historia de paz que no naci\u00f3 por casualidad; naci\u00f3 porque aprendimos a desconfiar del odio, a evitar la venganza y a creer profundamente en la convivencia. Esa identidad merece ser protegida.<\/p>\n\n\n\n<p>Por eso entiendo que muchas personas decidan no asistir este viernes. No por indiferencia. No por cobard\u00eda. No por falta de criterio. Sino porque quieren bajarle el volumen al conflicto, no subirlo. Quieren que la justicia act\u00fae sin presiones. Quieren que la institucionalidad haga su trabajo. Y quieren rechazar cualquier insinuaci\u00f3n de que la democracia se defiende con presencia f\u00edsica alrededor del poder, en lugar de con madurez, civismo y serenidad.<\/p>\n\n\n\n<p>En un pa\u00eds democr\u00e1tico, el poder le pertenece al pueblo. No al que grita m\u00e1s fuerte, no al que arrastra m\u00e1s seguidores, no al que pone m\u00e1s banderas en la calle. Le pertenece al pueblo entero: al que va, al que no va, al que observa, al que analiza, al que apoya y al que cuestiona.<\/p>\n\n\n\n<p>Y yo, al leer ese comunicado, pens\u00e9: tal vez eso es exactamente lo que necesitamos hoy. Respirar. Pensar. Escoger la calma. Y recordar que defender la democracia no siempre significa estar presente f\u00edsicamente; a veces significa no prestarse para una escena donde las emociones se vuelven combustible.<\/p>\n\n\n\n<figure class=\"wp-block-image size-full\"><img decoding=\"async\" width=\"800\" height=\"800\" data-src=\"https:\/\/viniciojarquin.com\/blog\/wp-content\/uploads\/2025\/11\/He-recibido-un-comunicado-que-me-hizo-pensar.png\" alt=\"\" class=\"wp-image-1276 lazyload\" data-srcset=\"https:\/\/viniciojarquin.com\/blog\/wp-content\/uploads\/2025\/11\/He-recibido-un-comunicado-que-me-hizo-pensar.png 800w, https:\/\/viniciojarquin.com\/blog\/wp-content\/uploads\/2025\/11\/He-recibido-un-comunicado-que-me-hizo-pensar-300x300.png 300w, https:\/\/viniciojarquin.com\/blog\/wp-content\/uploads\/2025\/11\/He-recibido-un-comunicado-que-me-hizo-pensar-150x150.png 150w, https:\/\/viniciojarquin.com\/blog\/wp-content\/uploads\/2025\/11\/He-recibido-un-comunicado-que-me-hizo-pensar-768x768.png 768w\" data-sizes=\"(max-width: 800px) 100vw, 800px\" src=\"data:image\/svg+xml;base64,PHN2ZyB3aWR0aD0iMSIgaGVpZ2h0PSIxIiB4bWxucz0iaHR0cDovL3d3dy53My5vcmcvMjAwMC9zdmciPjwvc3ZnPg==\" style=\"--smush-placeholder-width: 800px; --smush-placeholder-aspect-ratio: 800\/800;\" \/><\/figure>\n","protected":false},"excerpt":{"rendered":"<p>He recibido un comunicado de alguien que explica, con mucha serenidad y claridad, por qu\u00e9 no ir\u00e1 a la congregaci\u00f3n [&hellip;]<\/p>\n","protected":false},"author":1,"featured_media":1276,"comment_status":"open","ping_status":"open","sticky":false,"template":"","format":"standard","meta":{"site-sidebar-layout":"default","site-content-layout":"","ast-site-content-layout":"","site-content-style":"default","site-sidebar-style":"default","ast-global-header-display":"","ast-banner-title-visibility":"","ast-main-header-display":"","ast-hfb-above-header-display":"","ast-hfb-below-header-display":"","ast-hfb-mobile-header-display":"","site-post-title":"","ast-breadcrumbs-content":"","ast-featured-img":"","footer-sml-layout":"","theme-transparent-header-meta":"","adv-header-id-meta":"","stick-header-meta":"","header-above-stick-meta":"","header-main-stick-meta":"","header-below-stick-meta":"","astra-migrate-meta-layouts":"default","ast-page-background-enabled":"default","ast-page-background-meta":{"desktop":{"background-color":"var(--ast-global-color-5)","background-image":"","background-repeat":"repeat","background-position":"center center","background-size":"auto","background-attachment":"scroll","background-type":"","background-media":"","overlay-type":"","overlay-color":"","overlay-opacity":"","overlay-gradient":""},"tablet":{"background-color":"","background-image":"","background-repeat":"repeat","background-position":"center center","background-size":"auto","background-attachment":"scroll","background-type":"","background-media":"","overlay-type":"","overlay-color":"","overlay-opacity":"","overlay-gradient":""},"mobile":{"background-color":"","background-image":"","background-repeat":"repeat","background-position":"center center","background-size":"auto","background-attachment":"scroll","background-type":"","background-media":"","overlay-type":"","overlay-color":"","overlay-opacity":"","overlay-gradient":""}},"ast-content-background-meta":{"desktop":{"background-color":"var(--ast-global-color-4)","background-image":"","background-repeat":"repeat","background-position":"center center","background-size":"auto","background-attachment":"scroll","background-type":"","background-media":"","overlay-type":"","overlay-color":"","overlay-opacity":"","overlay-gradient":""},"tablet":{"background-color":"var(--ast-global-color-4)","background-image":"","background-repeat":"repeat","background-position":"center center","background-size":"auto","background-attachment":"scroll","background-type":"","background-media":"","overlay-type":"","overlay-color":"","overlay-opacity":"","overlay-gradient":""},"mobile":{"background-color":"var(--ast-global-color-4)","background-image":"","background-repeat":"repeat","background-position":"center center","background-size":"auto","background-attachment":"scroll","background-type":"","background-media":"","overlay-type":"","overlay-color":"","overlay-opacity":"","overlay-gradient":""}},"footnotes":""},"categories":[17],"tags":[],"class_list":["post-1258","post","type-post","status-publish","format-standard","has-post-thumbnail","hentry","category-elecciones-2026"],"yoast_head":"<!-- This site is optimized with the Yoast SEO plugin v26.0 - https:\/\/yoast.com\/wordpress\/plugins\/seo\/ -->\n<title>He recibido un comunicado que me hizo pensar - MI BLOG<\/title>\n<meta name=\"robots\" content=\"index, follow, max-snippet:-1, max-image-preview:large, max-video-preview:-1\" \/>\n<link rel=\"canonical\" href=\"https:\/\/viniciojarquin.com\/blog\/he-recibido-un-comunicado-que-me-hizo-pensar\/\" \/>\n<meta property=\"og:locale\" content=\"es_ES\" \/>\n<meta property=\"og:type\" content=\"article\" \/>\n<meta property=\"og:title\" content=\"He recibido un comunicado que me hizo pensar - MI BLOG\" \/>\n<meta property=\"og:description\" content=\"He recibido un comunicado de alguien que explica, con mucha serenidad y claridad, por qu\u00e9 no ir\u00e1 a la congregaci\u00f3n [&hellip;]\" \/>\n<meta property=\"og:url\" content=\"https:\/\/viniciojarquin.com\/blog\/he-recibido-un-comunicado-que-me-hizo-pensar\/\" \/>\n<meta property=\"og:site_name\" content=\"MI BLOG\" \/>\n<meta property=\"article:publisher\" content=\"https:\/\/www.facebook.com\/vinicio.jarquin\" \/>\n<meta property=\"article:author\" content=\"https:\/\/www.facebook.com\/vinicio.jarquin\" \/>\n<meta property=\"article:published_time\" content=\"2025-11-14T03:33:18+00:00\" \/>\n<meta property=\"article:modified_time\" content=\"2025-11-14T04:03:09+00:00\" \/>\n<meta property=\"og:image\" content=\"https:\/\/viniciojarquin.com\/blog\/wp-content\/uploads\/2025\/11\/He-recibido-un-comunicado-que-me-hizo-pensar.png\" \/>\n\t<meta property=\"og:image:width\" content=\"800\" \/>\n\t<meta property=\"og:image:height\" content=\"800\" \/>\n\t<meta property=\"og:image:type\" content=\"image\/png\" \/>\n<meta name=\"author\" content=\"Vinicio Jarqu\u00edn\" \/>\n<meta name=\"twitter:card\" content=\"summary_large_image\" \/>\n<meta name=\"twitter:label1\" content=\"Escrito por\" \/>\n\t<meta name=\"twitter:data1\" content=\"Vinicio Jarqu\u00edn\" \/>\n\t<meta name=\"twitter:label2\" content=\"Tiempo de lectura\" \/>\n\t<meta name=\"twitter:data2\" content=\"3 minutos\" \/>\n<script type=\"application\/ld+json\" class=\"yoast-schema-graph\">{\"@context\":\"https:\/\/schema.org\",\"@graph\":[{\"@type\":\"Article\",\"@id\":\"https:\/\/viniciojarquin.com\/blog\/he-recibido-un-comunicado-que-me-hizo-pensar\/#article\",\"isPartOf\":{\"@id\":\"https:\/\/viniciojarquin.com\/blog\/he-recibido-un-comunicado-que-me-hizo-pensar\/\"},\"author\":{\"name\":\"Vinicio Jarqu\u00edn\",\"@id\":\"https:\/\/viniciojarquin.com\/blog\/#\/schema\/person\/90100c8845ae55462ec0657d3d2f8d3b\"},\"headline\":\"He recibido un comunicado que me hizo pensar\",\"datePublished\":\"2025-11-14T03:33:18+00:00\",\"dateModified\":\"2025-11-14T04:03:09+00:00\",\"mainEntityOfPage\":{\"@id\":\"https:\/\/viniciojarquin.com\/blog\/he-recibido-un-comunicado-que-me-hizo-pensar\/\"},\"wordCount\":578,\"commentCount\":0,\"publisher\":{\"@id\":\"https:\/\/viniciojarquin.com\/blog\/#\/schema\/person\/90100c8845ae55462ec0657d3d2f8d3b\"},\"image\":{\"@id\":\"https:\/\/viniciojarquin.com\/blog\/he-recibido-un-comunicado-que-me-hizo-pensar\/#primaryimage\"},\"thumbnailUrl\":\"https:\/\/viniciojarquin.com\/blog\/wp-content\/uploads\/2025\/11\/He-recibido-un-comunicado-que-me-hizo-pensar.png\",\"articleSection\":[\"Elecciones 2026\"],\"inLanguage\":\"es\",\"potentialAction\":[{\"@type\":\"CommentAction\",\"name\":\"Comment\",\"target\":[\"https:\/\/viniciojarquin.com\/blog\/he-recibido-un-comunicado-que-me-hizo-pensar\/#respond\"]}]},{\"@type\":\"WebPage\",\"@id\":\"https:\/\/viniciojarquin.com\/blog\/he-recibido-un-comunicado-que-me-hizo-pensar\/\",\"url\":\"https:\/\/viniciojarquin.com\/blog\/he-recibido-un-comunicado-que-me-hizo-pensar\/\",\"name\":\"He recibido un comunicado que me hizo pensar - MI BLOG\",\"isPartOf\":{\"@id\":\"https:\/\/viniciojarquin.com\/blog\/#website\"},\"primaryImageOfPage\":{\"@id\":\"https:\/\/viniciojarquin.com\/blog\/he-recibido-un-comunicado-que-me-hizo-pensar\/#primaryimage\"},\"image\":{\"@id\":\"https:\/\/viniciojarquin.com\/blog\/he-recibido-un-comunicado-que-me-hizo-pensar\/#primaryimage\"},\"thumbnailUrl\":\"https:\/\/viniciojarquin.com\/blog\/wp-content\/uploads\/2025\/11\/He-recibido-un-comunicado-que-me-hizo-pensar.png\",\"datePublished\":\"2025-11-14T03:33:18+00:00\",\"dateModified\":\"2025-11-14T04:03:09+00:00\",\"breadcrumb\":{\"@id\":\"https:\/\/viniciojarquin.com\/blog\/he-recibido-un-comunicado-que-me-hizo-pensar\/#breadcrumb\"},\"inLanguage\":\"es\",\"potentialAction\":[{\"@type\":\"ReadAction\",\"target\":[\"https:\/\/viniciojarquin.com\/blog\/he-recibido-un-comunicado-que-me-hizo-pensar\/\"]}]},{\"@type\":\"ImageObject\",\"inLanguage\":\"es\",\"@id\":\"https:\/\/viniciojarquin.com\/blog\/he-recibido-un-comunicado-que-me-hizo-pensar\/#primaryimage\",\"url\":\"https:\/\/viniciojarquin.com\/blog\/wp-content\/uploads\/2025\/11\/He-recibido-un-comunicado-que-me-hizo-pensar.png\",\"contentUrl\":\"https:\/\/viniciojarquin.com\/blog\/wp-content\/uploads\/2025\/11\/He-recibido-un-comunicado-que-me-hizo-pensar.png\",\"width\":800,\"height\":800},{\"@type\":\"BreadcrumbList\",\"@id\":\"https:\/\/viniciojarquin.com\/blog\/he-recibido-un-comunicado-que-me-hizo-pensar\/#breadcrumb\",\"itemListElement\":[{\"@type\":\"ListItem\",\"position\":1,\"name\":\"Portada\",\"item\":\"https:\/\/viniciojarquin.com\/blog\/\"},{\"@type\":\"ListItem\",\"position\":2,\"name\":\"He recibido un comunicado que me hizo pensar\"}]},{\"@type\":\"WebSite\",\"@id\":\"https:\/\/viniciojarquin.com\/blog\/#website\",\"url\":\"https:\/\/viniciojarquin.com\/blog\/\",\"name\":\"Vinicio Jarqu\u00edn BLOG\",\"description\":\"\",\"publisher\":{\"@id\":\"https:\/\/viniciojarquin.com\/blog\/#\/schema\/person\/90100c8845ae55462ec0657d3d2f8d3b\"},\"potentialAction\":[{\"@type\":\"SearchAction\",\"target\":{\"@type\":\"EntryPoint\",\"urlTemplate\":\"https:\/\/viniciojarquin.com\/blog\/?s={search_term_string}\"},\"query-input\":{\"@type\":\"PropertyValueSpecification\",\"valueRequired\":true,\"valueName\":\"search_term_string\"}}],\"inLanguage\":\"es\"},{\"@type\":[\"Person\",\"Organization\"],\"@id\":\"https:\/\/viniciojarquin.com\/blog\/#\/schema\/person\/90100c8845ae55462ec0657d3d2f8d3b\",\"name\":\"Vinicio Jarqu\u00edn\",\"image\":{\"@type\":\"ImageObject\",\"inLanguage\":\"es\",\"@id\":\"https:\/\/viniciojarquin.com\/blog\/#\/schema\/person\/image\/\",\"url\":\"https:\/\/viniciojarquin.com\/blog\/wp-content\/uploads\/2024\/10\/Logo-VinicioJarquin-original-400.png\",\"contentUrl\":\"https:\/\/viniciojarquin.com\/blog\/wp-content\/uploads\/2024\/10\/Logo-VinicioJarquin-original-400.png\",\"width\":400,\"height\":130,\"caption\":\"Vinicio Jarqu\u00edn\"},\"logo\":{\"@id\":\"https:\/\/viniciojarquin.com\/blog\/#\/schema\/person\/image\/\"},\"description\":\"Empresario textil, artista pl\u00e1stico, escritor, coach de vida y fot\u00f3grafo.\",\"sameAs\":[\"https:\/\/viniciojarquin.com\/blog\",\"https:\/\/www.facebook.com\/vinicio.jarquin\",\"https:\/\/www.instagram.com\/vinicio_jarquin\/\",\"https:\/\/www.pinterest.com\/vinnyjc\/\",\"https:\/\/www.youtube.com\/@VinicioJarquin\"],\"url\":\"https:\/\/viniciojarquin.com\/blog\/author\/admin_s02au25i\/\"}]}<\/script>\n<!-- \/ Yoast SEO plugin. -->","yoast_head_json":{"title":"He recibido un comunicado que me hizo pensar - MI BLOG","robots":{"index":"index","follow":"follow","max-snippet":"max-snippet:-1","max-image-preview":"max-image-preview:large","max-video-preview":"max-video-preview:-1"},"canonical":"https:\/\/viniciojarquin.com\/blog\/he-recibido-un-comunicado-que-me-hizo-pensar\/","og_locale":"es_ES","og_type":"article","og_title":"He recibido un comunicado que me hizo pensar - MI BLOG","og_description":"He recibido un comunicado de alguien que explica, con mucha serenidad y claridad, por qu\u00e9 no ir\u00e1 a la congregaci\u00f3n [&hellip;]","og_url":"https:\/\/viniciojarquin.com\/blog\/he-recibido-un-comunicado-que-me-hizo-pensar\/","og_site_name":"MI BLOG","article_publisher":"https:\/\/www.facebook.com\/vinicio.jarquin","article_author":"https:\/\/www.facebook.com\/vinicio.jarquin","article_published_time":"2025-11-14T03:33:18+00:00","article_modified_time":"2025-11-14T04:03:09+00:00","og_image":[{"width":800,"height":800,"url":"https:\/\/viniciojarquin.com\/blog\/wp-content\/uploads\/2025\/11\/He-recibido-un-comunicado-que-me-hizo-pensar.png","type":"image\/png"}],"author":"Vinicio Jarqu\u00edn","twitter_card":"summary_large_image","twitter_misc":{"Escrito por":"Vinicio Jarqu\u00edn","Tiempo de lectura":"3 minutos"},"schema":{"@context":"https:\/\/schema.org","@graph":[{"@type":"Article","@id":"https:\/\/viniciojarquin.com\/blog\/he-recibido-un-comunicado-que-me-hizo-pensar\/#article","isPartOf":{"@id":"https:\/\/viniciojarquin.com\/blog\/he-recibido-un-comunicado-que-me-hizo-pensar\/"},"author":{"name":"Vinicio Jarqu\u00edn","@id":"https:\/\/viniciojarquin.com\/blog\/#\/schema\/person\/90100c8845ae55462ec0657d3d2f8d3b"},"headline":"He recibido un comunicado que me hizo pensar","datePublished":"2025-11-14T03:33:18+00:00","dateModified":"2025-11-14T04:03:09+00:00","mainEntityOfPage":{"@id":"https:\/\/viniciojarquin.com\/blog\/he-recibido-un-comunicado-que-me-hizo-pensar\/"},"wordCount":578,"commentCount":0,"publisher":{"@id":"https:\/\/viniciojarquin.com\/blog\/#\/schema\/person\/90100c8845ae55462ec0657d3d2f8d3b"},"image":{"@id":"https:\/\/viniciojarquin.com\/blog\/he-recibido-un-comunicado-que-me-hizo-pensar\/#primaryimage"},"thumbnailUrl":"https:\/\/viniciojarquin.com\/blog\/wp-content\/uploads\/2025\/11\/He-recibido-un-comunicado-que-me-hizo-pensar.png","articleSection":["Elecciones 2026"],"inLanguage":"es","potentialAction":[{"@type":"CommentAction","name":"Comment","target":["https:\/\/viniciojarquin.com\/blog\/he-recibido-un-comunicado-que-me-hizo-pensar\/#respond"]}]},{"@type":"WebPage","@id":"https:\/\/viniciojarquin.com\/blog\/he-recibido-un-comunicado-que-me-hizo-pensar\/","url":"https:\/\/viniciojarquin.com\/blog\/he-recibido-un-comunicado-que-me-hizo-pensar\/","name":"He recibido un comunicado que me hizo pensar - MI BLOG","isPartOf":{"@id":"https:\/\/viniciojarquin.com\/blog\/#website"},"primaryImageOfPage":{"@id":"https:\/\/viniciojarquin.com\/blog\/he-recibido-un-comunicado-que-me-hizo-pensar\/#primaryimage"},"image":{"@id":"https:\/\/viniciojarquin.com\/blog\/he-recibido-un-comunicado-que-me-hizo-pensar\/#primaryimage"},"thumbnailUrl":"https:\/\/viniciojarquin.com\/blog\/wp-content\/uploads\/2025\/11\/He-recibido-un-comunicado-que-me-hizo-pensar.png","datePublished":"2025-11-14T03:33:18+00:00","dateModified":"2025-11-14T04:03:09+00:00","breadcrumb":{"@id":"https:\/\/viniciojarquin.com\/blog\/he-recibido-un-comunicado-que-me-hizo-pensar\/#breadcrumb"},"inLanguage":"es","potentialAction":[{"@type":"ReadAction","target":["https:\/\/viniciojarquin.com\/blog\/he-recibido-un-comunicado-que-me-hizo-pensar\/"]}]},{"@type":"ImageObject","inLanguage":"es","@id":"https:\/\/viniciojarquin.com\/blog\/he-recibido-un-comunicado-que-me-hizo-pensar\/#primaryimage","url":"https:\/\/viniciojarquin.com\/blog\/wp-content\/uploads\/2025\/11\/He-recibido-un-comunicado-que-me-hizo-pensar.png","contentUrl":"https:\/\/viniciojarquin.com\/blog\/wp-content\/uploads\/2025\/11\/He-recibido-un-comunicado-que-me-hizo-pensar.png","width":800,"height":800},{"@type":"BreadcrumbList","@id":"https:\/\/viniciojarquin.com\/blog\/he-recibido-un-comunicado-que-me-hizo-pensar\/#breadcrumb","itemListElement":[{"@type":"ListItem","position":1,"name":"Portada","item":"https:\/\/viniciojarquin.com\/blog\/"},{"@type":"ListItem","position":2,"name":"He recibido un comunicado que me hizo pensar"}]},{"@type":"WebSite","@id":"https:\/\/viniciojarquin.com\/blog\/#website","url":"https:\/\/viniciojarquin.com\/blog\/","name":"Vinicio Jarqu\u00edn BLOG","description":"","publisher":{"@id":"https:\/\/viniciojarquin.com\/blog\/#\/schema\/person\/90100c8845ae55462ec0657d3d2f8d3b"},"potentialAction":[{"@type":"SearchAction","target":{"@type":"EntryPoint","urlTemplate":"https:\/\/viniciojarquin.com\/blog\/?s={search_term_string}"},"query-input":{"@type":"PropertyValueSpecification","valueRequired":true,"valueName":"search_term_string"}}],"inLanguage":"es"},{"@type":["Person","Organization"],"@id":"https:\/\/viniciojarquin.com\/blog\/#\/schema\/person\/90100c8845ae55462ec0657d3d2f8d3b","name":"Vinicio Jarqu\u00edn","image":{"@type":"ImageObject","inLanguage":"es","@id":"https:\/\/viniciojarquin.com\/blog\/#\/schema\/person\/image\/","url":"https:\/\/viniciojarquin.com\/blog\/wp-content\/uploads\/2024\/10\/Logo-VinicioJarquin-original-400.png","contentUrl":"https:\/\/viniciojarquin.com\/blog\/wp-content\/uploads\/2024\/10\/Logo-VinicioJarquin-original-400.png","width":400,"height":130,"caption":"Vinicio Jarqu\u00edn"},"logo":{"@id":"https:\/\/viniciojarquin.com\/blog\/#\/schema\/person\/image\/"},"description":"Empresario textil, artista pl\u00e1stico, escritor, coach de vida y fot\u00f3grafo.","sameAs":["https:\/\/viniciojarquin.com\/blog","https:\/\/www.facebook.com\/vinicio.jarquin","https:\/\/www.instagram.com\/vinicio_jarquin\/","https:\/\/www.pinterest.com\/vinnyjc\/","https:\/\/www.youtube.com\/@VinicioJarquin"],"url":"https:\/\/viniciojarquin.com\/blog\/author\/admin_s02au25i\/"}]}},"blog_post_layout_featured_media_urls":{"thumbnail":["https:\/\/viniciojarquin.com\/blog\/wp-content\/uploads\/2025\/11\/He-recibido-un-comunicado-que-me-hizo-pensar-150x150.png",150,150,true],"full":["https:\/\/viniciojarquin.com\/blog\/wp-content\/uploads\/2025\/11\/He-recibido-un-comunicado-que-me-hizo-pensar.png",800,800,false]},"categories_names":{"17":{"name":"Elecciones 2026","link":"https:\/\/viniciojarquin.com\/blog\/category\/elecciones-2026\/"}},"tags_names":[],"comments_number":"0","_links":{"self":[{"href":"https:\/\/viniciojarquin.com\/blog\/wp-json\/wp\/v2\/posts\/1258","targetHints":{"allow":["GET"]}}],"collection":[{"href":"https:\/\/viniciojarquin.com\/blog\/wp-json\/wp\/v2\/posts"}],"about":[{"href":"https:\/\/viniciojarquin.com\/blog\/wp-json\/wp\/v2\/types\/post"}],"author":[{"embeddable":true,"href":"https:\/\/viniciojarquin.com\/blog\/wp-json\/wp\/v2\/users\/1"}],"replies":[{"embeddable":true,"href":"https:\/\/viniciojarquin.com\/blog\/wp-json\/wp\/v2\/comments?post=1258"}],"version-history":[{"count":2,"href":"https:\/\/viniciojarquin.com\/blog\/wp-json\/wp\/v2\/posts\/1258\/revisions"}],"predecessor-version":[{"id":1278,"href":"https:\/\/viniciojarquin.com\/blog\/wp-json\/wp\/v2\/posts\/1258\/revisions\/1278"}],"wp:featuredmedia":[{"embeddable":true,"href":"https:\/\/viniciojarquin.com\/blog\/wp-json\/wp\/v2\/media\/1276"}],"wp:attachment":[{"href":"https:\/\/viniciojarquin.com\/blog\/wp-json\/wp\/v2\/media?parent=1258"}],"wp:term":[{"taxonomy":"category","embeddable":true,"href":"https:\/\/viniciojarquin.com\/blog\/wp-json\/wp\/v2\/categories?post=1258"},{"taxonomy":"post_tag","embeddable":true,"href":"https:\/\/viniciojarquin.com\/blog\/wp-json\/wp\/v2\/tags?post=1258"}],"curies":[{"name":"wp","href":"https:\/\/api.w.org\/{rel}","templated":true}]}}