{"id":1260,"date":"2025-11-14T03:41:10","date_gmt":"2025-11-14T03:41:10","guid":{"rendered":"https:\/\/viniciojarquin.com\/blog\/?p=1260"},"modified":"2025-11-14T03:55:16","modified_gmt":"2025-11-14T03:55:16","slug":"aclaracion-y-tal-vez-disculpa","status":"publish","type":"post","link":"https:\/\/viniciojarquin.com\/blog\/aclaracion-y-tal-vez-disculpa\/","title":{"rendered":"ACLARACI\u00d3N Y TAL VEZ DISCULPA"},"content":{"rendered":"\n<p>(Art\u00edculo: No me hablen de macroeconom\u00eda, h\u00e1blenme de decencia)<\/p>\n\n\n\n<p>Quiero aclarar algo, y quiz\u00e1 tambi\u00e9n disculparme. No voy a eliminar el art\u00edculo ni hacerle cambios, por respeto a quienes ya lo leyeron; sin embargo, al releerlo con calma, y despu\u00e9s de escuchar comentarios de chavistas y no chavistas, me doy cuenta de que algunas frases pueden prestarse a interpretaciones que no reflejan lo que realmente pienso.<\/p>\n\n\n\n<p>La econom\u00eda, por supuesto, es importante. En el art\u00edculo le rest\u00e9 peso para enfatizar el deterioro emocional, \u00e9tico y c\u00edvico que hemos vivido. Pero el texto podr\u00eda dar la impresi\u00f3n equivocada de que yo minimizo el costo de vida o de que no padezco, igual que ustedes, las subidas de precios, el peso de los servicios o la presi\u00f3n financiera de los tiempos modernos. Yo tambi\u00e9n trabajo para vivir, como todos, y s\u00e9 lo que significa sostener un hogar, una familia, un negocio y una vida cotidiana en un pa\u00eds donde todo cuesta m\u00e1s.<\/p>\n\n\n\n<p>Tambi\u00e9n parece que dije \u2014o tal vez lo dije sin medirlo del todo\u2014 que no importa vivir con arroz y frijoles, con tal de tener un Ejecutivo educado y decente. Y no, no es tan simple. La dignidad no se come, y el buen trato no sustituye la comida en la mesa. Pero s\u00ed creo que la decencia en el poder es un ingrediente esencial para que un pa\u00eds pueda crecer, producir, avanzar y corregir sus errores econ\u00f3micos sin destruirse por dentro.<\/p>\n\n\n\n<p>Si algo quiero dejar claro es esto: no es una cosa o la otra. No es elegir entre un presidente con buenos n\u00fameros o un presidente con buenos modales. Necesitamos ambas cosas. Queremos un pa\u00eds que avance econ\u00f3micamente, s\u00ed, pero tambi\u00e9n un pa\u00eds donde la autoridad no humille, donde el poder no divida, donde el lenguaje no se convierta en arma, donde la dignidad no se pisotee desde arriba. Un pa\u00eds donde el futuro no se construya a gritos.<\/p>\n\n\n\n<p>El art\u00edculo buscaba se\u00f1alar el da\u00f1o emocional y social que deja un liderazgo agresivo; no buscaba minimizar las luchas econ\u00f3micas de nadie. Si el texto son\u00f3 insensible o incompleto, aqu\u00ed me detengo para poner el equilibrio donde hac\u00eda falta.<\/p>\n\n\n\n<p>Al final, la econom\u00eda importa, la decencia importa y la forma de gobernar importa. No son enemigos: son pilares. Y cuando uno se rompe, el pa\u00eds cojea.<\/p>\n\n\n\n<p>Gracias por leerme, por cuestionarme y por ayudarme a ser m\u00e1s claro tambi\u00e9n en este camino que recorremos juntos.<\/p>\n\n\n\n<figure class=\"wp-block-image size-full\"><img decoding=\"async\" width=\"1024\" height=\"1024\" data-src=\"https:\/\/viniciojarquin.com\/blog\/wp-content\/uploads\/2025\/11\/Aclaracion-y-tal-vez-disculpa-reduc.jpg\" alt=\"\" class=\"wp-image-1273 lazyload\" data-srcset=\"https:\/\/viniciojarquin.com\/blog\/wp-content\/uploads\/2025\/11\/Aclaracion-y-tal-vez-disculpa-reduc.jpg 1024w, https:\/\/viniciojarquin.com\/blog\/wp-content\/uploads\/2025\/11\/Aclaracion-y-tal-vez-disculpa-reduc-300x300.jpg 300w, https:\/\/viniciojarquin.com\/blog\/wp-content\/uploads\/2025\/11\/Aclaracion-y-tal-vez-disculpa-reduc-150x150.jpg 150w, https:\/\/viniciojarquin.com\/blog\/wp-content\/uploads\/2025\/11\/Aclaracion-y-tal-vez-disculpa-reduc-768x768.jpg 768w\" data-sizes=\"(max-width: 1024px) 100vw, 1024px\" src=\"data:image\/svg+xml;base64,PHN2ZyB3aWR0aD0iMSIgaGVpZ2h0PSIxIiB4bWxucz0iaHR0cDovL3d3dy53My5vcmcvMjAwMC9zdmciPjwvc3ZnPg==\" style=\"--smush-placeholder-width: 1024px; --smush-placeholder-aspect-ratio: 1024\/1024;\" \/><\/figure>\n","protected":false},"excerpt":{"rendered":"<p>(Art\u00edculo: No me hablen de macroeconom\u00eda, h\u00e1blenme de decencia) Quiero aclarar algo, y quiz\u00e1 tambi\u00e9n disculparme. No voy a eliminar [&hellip;]<\/p>\n","protected":false},"author":1,"featured_media":1273,"comment_status":"open","ping_status":"open","sticky":false,"template":"","format":"standard","meta":{"site-sidebar-layout":"default","site-content-layout":"","ast-site-content-layout":"","site-content-style":"default","site-sidebar-style":"default","ast-global-header-display":"","ast-banner-title-visibility":"","ast-main-header-display":"","ast-hfb-above-header-display":"","ast-hfb-below-header-display":"","ast-hfb-mobile-header-display":"","site-post-title":"","ast-breadcrumbs-content":"","ast-featured-img":"","footer-sml-layout":"","theme-transparent-header-meta":"","adv-header-id-meta":"","stick-header-meta":"","header-above-stick-meta":"","header-main-stick-meta":"","header-below-stick-meta":"","astra-migrate-meta-layouts":"default","ast-page-background-enabled":"default","ast-page-background-meta":{"desktop":{"background-color":"var(--ast-global-color-5)","background-image":"","background-repeat":"repeat","background-position":"center center","background-size":"auto","background-attachment":"scroll","background-type":"","background-media":"","overlay-type":"","overlay-color":"","overlay-opacity":"","overlay-gradient":""},"tablet":{"background-color":"","background-image":"","background-repeat":"repeat","background-position":"center center","background-size":"auto","background-attachment":"scroll","background-type":"","background-media":"","overlay-type":"","overlay-color":"","overlay-opacity":"","overlay-gradient":""},"mobile":{"background-color":"","background-image":"","background-repeat":"repeat","background-position":"center center","background-size":"auto","background-attachment":"scroll","background-type":"","background-media":"","overlay-type":"","overlay-color":"","overlay-opacity":"","overlay-gradient":""}},"ast-content-background-meta":{"desktop":{"background-color":"var(--ast-global-color-4)","background-image":"","background-repeat":"repeat","background-position":"center center","background-size":"auto","background-attachment":"scroll","background-type":"","background-media":"","overlay-type":"","overlay-color":"","overlay-opacity":"","overlay-gradient":""},"tablet":{"background-color":"var(--ast-global-color-4)","background-image":"","background-repeat":"repeat","background-position":"center center","background-size":"auto","background-attachment":"scroll","background-type":"","background-media":"","overlay-type":"","overlay-color":"","overlay-opacity":"","overlay-gradient":""},"mobile":{"background-color":"var(--ast-global-color-4)","background-image":"","background-repeat":"repeat","background-position":"center center","background-size":"auto","background-attachment":"scroll","background-type":"","background-media":"","overlay-type":"","overlay-color":"","overlay-opacity":"","overlay-gradient":""}},"footnotes":""},"categories":[17],"tags":[],"class_list":["post-1260","post","type-post","status-publish","format-standard","has-post-thumbnail","hentry","category-elecciones-2026"],"yoast_head":"<!-- This site is optimized with the Yoast SEO plugin v26.0 - https:\/\/yoast.com\/wordpress\/plugins\/seo\/ -->\n<title>ACLARACI\u00d3N Y TAL VEZ DISCULPA - MI BLOG<\/title>\n<meta name=\"robots\" content=\"index, follow, max-snippet:-1, max-image-preview:large, max-video-preview:-1\" \/>\n<link rel=\"canonical\" href=\"https:\/\/viniciojarquin.com\/blog\/aclaracion-y-tal-vez-disculpa\/\" \/>\n<meta property=\"og:locale\" content=\"es_ES\" \/>\n<meta property=\"og:type\" content=\"article\" \/>\n<meta property=\"og:title\" content=\"ACLARACI\u00d3N Y TAL VEZ DISCULPA - MI BLOG\" \/>\n<meta property=\"og:description\" content=\"(Art\u00edculo: No me hablen de macroeconom\u00eda, h\u00e1blenme de decencia) Quiero aclarar algo, y quiz\u00e1 tambi\u00e9n disculparme. No voy a eliminar [&hellip;]\" \/>\n<meta property=\"og:url\" content=\"https:\/\/viniciojarquin.com\/blog\/aclaracion-y-tal-vez-disculpa\/\" \/>\n<meta property=\"og:site_name\" content=\"MI BLOG\" \/>\n<meta property=\"article:publisher\" content=\"https:\/\/www.facebook.com\/vinicio.jarquin\" \/>\n<meta property=\"article:author\" content=\"https:\/\/www.facebook.com\/vinicio.jarquin\" \/>\n<meta property=\"article:published_time\" content=\"2025-11-14T03:41:10+00:00\" \/>\n<meta property=\"article:modified_time\" content=\"2025-11-14T03:55:16+00:00\" \/>\n<meta property=\"og:image\" content=\"https:\/\/viniciojarquin.com\/blog\/wp-content\/uploads\/2025\/11\/Aclaracion-y-tal-vez-disculpa-reduc.jpg\" \/>\n\t<meta property=\"og:image:width\" content=\"1024\" \/>\n\t<meta property=\"og:image:height\" content=\"1024\" \/>\n\t<meta property=\"og:image:type\" content=\"image\/jpeg\" \/>\n<meta name=\"author\" content=\"Vinicio Jarqu\u00edn\" \/>\n<meta name=\"twitter:card\" content=\"summary_large_image\" \/>\n<meta name=\"twitter:label1\" content=\"Escrito por\" \/>\n\t<meta name=\"twitter:data1\" content=\"Vinicio Jarqu\u00edn\" \/>\n\t<meta name=\"twitter:label2\" content=\"Tiempo de lectura\" \/>\n\t<meta name=\"twitter:data2\" content=\"3 minutos\" \/>\n<script type=\"application\/ld+json\" class=\"yoast-schema-graph\">{\"@context\":\"https:\/\/schema.org\",\"@graph\":[{\"@type\":\"Article\",\"@id\":\"https:\/\/viniciojarquin.com\/blog\/aclaracion-y-tal-vez-disculpa\/#article\",\"isPartOf\":{\"@id\":\"https:\/\/viniciojarquin.com\/blog\/aclaracion-y-tal-vez-disculpa\/\"},\"author\":{\"name\":\"Vinicio Jarqu\u00edn\",\"@id\":\"https:\/\/viniciojarquin.com\/blog\/#\/schema\/person\/90100c8845ae55462ec0657d3d2f8d3b\"},\"headline\":\"ACLARACI\u00d3N Y TAL VEZ DISCULPA\",\"datePublished\":\"2025-11-14T03:41:10+00:00\",\"dateModified\":\"2025-11-14T03:55:16+00:00\",\"mainEntityOfPage\":{\"@id\":\"https:\/\/viniciojarquin.com\/blog\/aclaracion-y-tal-vez-disculpa\/\"},\"wordCount\":445,\"commentCount\":0,\"publisher\":{\"@id\":\"https:\/\/viniciojarquin.com\/blog\/#\/schema\/person\/90100c8845ae55462ec0657d3d2f8d3b\"},\"image\":{\"@id\":\"https:\/\/viniciojarquin.com\/blog\/aclaracion-y-tal-vez-disculpa\/#primaryimage\"},\"thumbnailUrl\":\"https:\/\/viniciojarquin.com\/blog\/wp-content\/uploads\/2025\/11\/Aclaracion-y-tal-vez-disculpa-reduc.jpg\",\"articleSection\":[\"Elecciones 2026\"],\"inLanguage\":\"es\",\"potentialAction\":[{\"@type\":\"CommentAction\",\"name\":\"Comment\",\"target\":[\"https:\/\/viniciojarquin.com\/blog\/aclaracion-y-tal-vez-disculpa\/#respond\"]}]},{\"@type\":\"WebPage\",\"@id\":\"https:\/\/viniciojarquin.com\/blog\/aclaracion-y-tal-vez-disculpa\/\",\"url\":\"https:\/\/viniciojarquin.com\/blog\/aclaracion-y-tal-vez-disculpa\/\",\"name\":\"ACLARACI\u00d3N Y TAL VEZ DISCULPA - MI BLOG\",\"isPartOf\":{\"@id\":\"https:\/\/viniciojarquin.com\/blog\/#website\"},\"primaryImageOfPage\":{\"@id\":\"https:\/\/viniciojarquin.com\/blog\/aclaracion-y-tal-vez-disculpa\/#primaryimage\"},\"image\":{\"@id\":\"https:\/\/viniciojarquin.com\/blog\/aclaracion-y-tal-vez-disculpa\/#primaryimage\"},\"thumbnailUrl\":\"https:\/\/viniciojarquin.com\/blog\/wp-content\/uploads\/2025\/11\/Aclaracion-y-tal-vez-disculpa-reduc.jpg\",\"datePublished\":\"2025-11-14T03:41:10+00:00\",\"dateModified\":\"2025-11-14T03:55:16+00:00\",\"breadcrumb\":{\"@id\":\"https:\/\/viniciojarquin.com\/blog\/aclaracion-y-tal-vez-disculpa\/#breadcrumb\"},\"inLanguage\":\"es\",\"potentialAction\":[{\"@type\":\"ReadAction\",\"target\":[\"https:\/\/viniciojarquin.com\/blog\/aclaracion-y-tal-vez-disculpa\/\"]}]},{\"@type\":\"ImageObject\",\"inLanguage\":\"es\",\"@id\":\"https:\/\/viniciojarquin.com\/blog\/aclaracion-y-tal-vez-disculpa\/#primaryimage\",\"url\":\"https:\/\/viniciojarquin.com\/blog\/wp-content\/uploads\/2025\/11\/Aclaracion-y-tal-vez-disculpa-reduc.jpg\",\"contentUrl\":\"https:\/\/viniciojarquin.com\/blog\/wp-content\/uploads\/2025\/11\/Aclaracion-y-tal-vez-disculpa-reduc.jpg\",\"width\":1024,\"height\":1024},{\"@type\":\"BreadcrumbList\",\"@id\":\"https:\/\/viniciojarquin.com\/blog\/aclaracion-y-tal-vez-disculpa\/#breadcrumb\",\"itemListElement\":[{\"@type\":\"ListItem\",\"position\":1,\"name\":\"Portada\",\"item\":\"https:\/\/viniciojarquin.com\/blog\/\"},{\"@type\":\"ListItem\",\"position\":2,\"name\":\"ACLARACI\u00d3N Y TAL VEZ DISCULPA\"}]},{\"@type\":\"WebSite\",\"@id\":\"https:\/\/viniciojarquin.com\/blog\/#website\",\"url\":\"https:\/\/viniciojarquin.com\/blog\/\",\"name\":\"Vinicio Jarqu\u00edn BLOG\",\"description\":\"\",\"publisher\":{\"@id\":\"https:\/\/viniciojarquin.com\/blog\/#\/schema\/person\/90100c8845ae55462ec0657d3d2f8d3b\"},\"potentialAction\":[{\"@type\":\"SearchAction\",\"target\":{\"@type\":\"EntryPoint\",\"urlTemplate\":\"https:\/\/viniciojarquin.com\/blog\/?s={search_term_string}\"},\"query-input\":{\"@type\":\"PropertyValueSpecification\",\"valueRequired\":true,\"valueName\":\"search_term_string\"}}],\"inLanguage\":\"es\"},{\"@type\":[\"Person\",\"Organization\"],\"@id\":\"https:\/\/viniciojarquin.com\/blog\/#\/schema\/person\/90100c8845ae55462ec0657d3d2f8d3b\",\"name\":\"Vinicio Jarqu\u00edn\",\"image\":{\"@type\":\"ImageObject\",\"inLanguage\":\"es\",\"@id\":\"https:\/\/viniciojarquin.com\/blog\/#\/schema\/person\/image\/\",\"url\":\"https:\/\/viniciojarquin.com\/blog\/wp-content\/uploads\/2024\/10\/Logo-VinicioJarquin-original-400.png\",\"contentUrl\":\"https:\/\/viniciojarquin.com\/blog\/wp-content\/uploads\/2024\/10\/Logo-VinicioJarquin-original-400.png\",\"width\":400,\"height\":130,\"caption\":\"Vinicio Jarqu\u00edn\"},\"logo\":{\"@id\":\"https:\/\/viniciojarquin.com\/blog\/#\/schema\/person\/image\/\"},\"description\":\"Empresario textil, artista pl\u00e1stico, escritor, coach de vida y fot\u00f3grafo.\",\"sameAs\":[\"https:\/\/viniciojarquin.com\/blog\",\"https:\/\/www.facebook.com\/vinicio.jarquin\",\"https:\/\/www.instagram.com\/vinicio_jarquin\/\",\"https:\/\/www.pinterest.com\/vinnyjc\/\",\"https:\/\/www.youtube.com\/@VinicioJarquin\"],\"url\":\"https:\/\/viniciojarquin.com\/blog\/author\/admin_s02au25i\/\"}]}<\/script>\n<!-- \/ Yoast SEO plugin. -->","yoast_head_json":{"title":"ACLARACI\u00d3N Y TAL VEZ DISCULPA - MI BLOG","robots":{"index":"index","follow":"follow","max-snippet":"max-snippet:-1","max-image-preview":"max-image-preview:large","max-video-preview":"max-video-preview:-1"},"canonical":"https:\/\/viniciojarquin.com\/blog\/aclaracion-y-tal-vez-disculpa\/","og_locale":"es_ES","og_type":"article","og_title":"ACLARACI\u00d3N Y TAL VEZ DISCULPA - MI BLOG","og_description":"(Art\u00edculo: No me hablen de macroeconom\u00eda, h\u00e1blenme de decencia) Quiero aclarar algo, y quiz\u00e1 tambi\u00e9n disculparme. No voy a eliminar [&hellip;]","og_url":"https:\/\/viniciojarquin.com\/blog\/aclaracion-y-tal-vez-disculpa\/","og_site_name":"MI BLOG","article_publisher":"https:\/\/www.facebook.com\/vinicio.jarquin","article_author":"https:\/\/www.facebook.com\/vinicio.jarquin","article_published_time":"2025-11-14T03:41:10+00:00","article_modified_time":"2025-11-14T03:55:16+00:00","og_image":[{"width":1024,"height":1024,"url":"https:\/\/viniciojarquin.com\/blog\/wp-content\/uploads\/2025\/11\/Aclaracion-y-tal-vez-disculpa-reduc.jpg","type":"image\/jpeg"}],"author":"Vinicio Jarqu\u00edn","twitter_card":"summary_large_image","twitter_misc":{"Escrito por":"Vinicio Jarqu\u00edn","Tiempo de lectura":"3 minutos"},"schema":{"@context":"https:\/\/schema.org","@graph":[{"@type":"Article","@id":"https:\/\/viniciojarquin.com\/blog\/aclaracion-y-tal-vez-disculpa\/#article","isPartOf":{"@id":"https:\/\/viniciojarquin.com\/blog\/aclaracion-y-tal-vez-disculpa\/"},"author":{"name":"Vinicio Jarqu\u00edn","@id":"https:\/\/viniciojarquin.com\/blog\/#\/schema\/person\/90100c8845ae55462ec0657d3d2f8d3b"},"headline":"ACLARACI\u00d3N Y TAL VEZ DISCULPA","datePublished":"2025-11-14T03:41:10+00:00","dateModified":"2025-11-14T03:55:16+00:00","mainEntityOfPage":{"@id":"https:\/\/viniciojarquin.com\/blog\/aclaracion-y-tal-vez-disculpa\/"},"wordCount":445,"commentCount":0,"publisher":{"@id":"https:\/\/viniciojarquin.com\/blog\/#\/schema\/person\/90100c8845ae55462ec0657d3d2f8d3b"},"image":{"@id":"https:\/\/viniciojarquin.com\/blog\/aclaracion-y-tal-vez-disculpa\/#primaryimage"},"thumbnailUrl":"https:\/\/viniciojarquin.com\/blog\/wp-content\/uploads\/2025\/11\/Aclaracion-y-tal-vez-disculpa-reduc.jpg","articleSection":["Elecciones 2026"],"inLanguage":"es","potentialAction":[{"@type":"CommentAction","name":"Comment","target":["https:\/\/viniciojarquin.com\/blog\/aclaracion-y-tal-vez-disculpa\/#respond"]}]},{"@type":"WebPage","@id":"https:\/\/viniciojarquin.com\/blog\/aclaracion-y-tal-vez-disculpa\/","url":"https:\/\/viniciojarquin.com\/blog\/aclaracion-y-tal-vez-disculpa\/","name":"ACLARACI\u00d3N Y TAL VEZ DISCULPA - MI BLOG","isPartOf":{"@id":"https:\/\/viniciojarquin.com\/blog\/#website"},"primaryImageOfPage":{"@id":"https:\/\/viniciojarquin.com\/blog\/aclaracion-y-tal-vez-disculpa\/#primaryimage"},"image":{"@id":"https:\/\/viniciojarquin.com\/blog\/aclaracion-y-tal-vez-disculpa\/#primaryimage"},"thumbnailUrl":"https:\/\/viniciojarquin.com\/blog\/wp-content\/uploads\/2025\/11\/Aclaracion-y-tal-vez-disculpa-reduc.jpg","datePublished":"2025-11-14T03:41:10+00:00","dateModified":"2025-11-14T03:55:16+00:00","breadcrumb":{"@id":"https:\/\/viniciojarquin.com\/blog\/aclaracion-y-tal-vez-disculpa\/#breadcrumb"},"inLanguage":"es","potentialAction":[{"@type":"ReadAction","target":["https:\/\/viniciojarquin.com\/blog\/aclaracion-y-tal-vez-disculpa\/"]}]},{"@type":"ImageObject","inLanguage":"es","@id":"https:\/\/viniciojarquin.com\/blog\/aclaracion-y-tal-vez-disculpa\/#primaryimage","url":"https:\/\/viniciojarquin.com\/blog\/wp-content\/uploads\/2025\/11\/Aclaracion-y-tal-vez-disculpa-reduc.jpg","contentUrl":"https:\/\/viniciojarquin.com\/blog\/wp-content\/uploads\/2025\/11\/Aclaracion-y-tal-vez-disculpa-reduc.jpg","width":1024,"height":1024},{"@type":"BreadcrumbList","@id":"https:\/\/viniciojarquin.com\/blog\/aclaracion-y-tal-vez-disculpa\/#breadcrumb","itemListElement":[{"@type":"ListItem","position":1,"name":"Portada","item":"https:\/\/viniciojarquin.com\/blog\/"},{"@type":"ListItem","position":2,"name":"ACLARACI\u00d3N Y TAL VEZ DISCULPA"}]},{"@type":"WebSite","@id":"https:\/\/viniciojarquin.com\/blog\/#website","url":"https:\/\/viniciojarquin.com\/blog\/","name":"Vinicio Jarqu\u00edn BLOG","description":"","publisher":{"@id":"https:\/\/viniciojarquin.com\/blog\/#\/schema\/person\/90100c8845ae55462ec0657d3d2f8d3b"},"potentialAction":[{"@type":"SearchAction","target":{"@type":"EntryPoint","urlTemplate":"https:\/\/viniciojarquin.com\/blog\/?s={search_term_string}"},"query-input":{"@type":"PropertyValueSpecification","valueRequired":true,"valueName":"search_term_string"}}],"inLanguage":"es"},{"@type":["Person","Organization"],"@id":"https:\/\/viniciojarquin.com\/blog\/#\/schema\/person\/90100c8845ae55462ec0657d3d2f8d3b","name":"Vinicio Jarqu\u00edn","image":{"@type":"ImageObject","inLanguage":"es","@id":"https:\/\/viniciojarquin.com\/blog\/#\/schema\/person\/image\/","url":"https:\/\/viniciojarquin.com\/blog\/wp-content\/uploads\/2024\/10\/Logo-VinicioJarquin-original-400.png","contentUrl":"https:\/\/viniciojarquin.com\/blog\/wp-content\/uploads\/2024\/10\/Logo-VinicioJarquin-original-400.png","width":400,"height":130,"caption":"Vinicio Jarqu\u00edn"},"logo":{"@id":"https:\/\/viniciojarquin.com\/blog\/#\/schema\/person\/image\/"},"description":"Empresario textil, artista pl\u00e1stico, escritor, coach de vida y fot\u00f3grafo.","sameAs":["https:\/\/viniciojarquin.com\/blog","https:\/\/www.facebook.com\/vinicio.jarquin","https:\/\/www.instagram.com\/vinicio_jarquin\/","https:\/\/www.pinterest.com\/vinnyjc\/","https:\/\/www.youtube.com\/@VinicioJarquin"],"url":"https:\/\/viniciojarquin.com\/blog\/author\/admin_s02au25i\/"}]}},"blog_post_layout_featured_media_urls":{"thumbnail":["https:\/\/viniciojarquin.com\/blog\/wp-content\/uploads\/2025\/11\/Aclaracion-y-tal-vez-disculpa-reduc-150x150.jpg",150,150,true],"full":["https:\/\/viniciojarquin.com\/blog\/wp-content\/uploads\/2025\/11\/Aclaracion-y-tal-vez-disculpa-reduc.jpg",1024,1024,false]},"categories_names":{"17":{"name":"Elecciones 2026","link":"https:\/\/viniciojarquin.com\/blog\/category\/elecciones-2026\/"}},"tags_names":[],"comments_number":"0","_links":{"self":[{"href":"https:\/\/viniciojarquin.com\/blog\/wp-json\/wp\/v2\/posts\/1260","targetHints":{"allow":["GET"]}}],"collection":[{"href":"https:\/\/viniciojarquin.com\/blog\/wp-json\/wp\/v2\/posts"}],"about":[{"href":"https:\/\/viniciojarquin.com\/blog\/wp-json\/wp\/v2\/types\/post"}],"author":[{"embeddable":true,"href":"https:\/\/viniciojarquin.com\/blog\/wp-json\/wp\/v2\/users\/1"}],"replies":[{"embeddable":true,"href":"https:\/\/viniciojarquin.com\/blog\/wp-json\/wp\/v2\/comments?post=1260"}],"version-history":[{"count":2,"href":"https:\/\/viniciojarquin.com\/blog\/wp-json\/wp\/v2\/posts\/1260\/revisions"}],"predecessor-version":[{"id":1274,"href":"https:\/\/viniciojarquin.com\/blog\/wp-json\/wp\/v2\/posts\/1260\/revisions\/1274"}],"wp:featuredmedia":[{"embeddable":true,"href":"https:\/\/viniciojarquin.com\/blog\/wp-json\/wp\/v2\/media\/1273"}],"wp:attachment":[{"href":"https:\/\/viniciojarquin.com\/blog\/wp-json\/wp\/v2\/media?parent=1260"}],"wp:term":[{"taxonomy":"category","embeddable":true,"href":"https:\/\/viniciojarquin.com\/blog\/wp-json\/wp\/v2\/categories?post=1260"},{"taxonomy":"post_tag","embeddable":true,"href":"https:\/\/viniciojarquin.com\/blog\/wp-json\/wp\/v2\/tags?post=1260"}],"curies":[{"name":"wp","href":"https:\/\/api.w.org\/{rel}","templated":true}]}}