{"id":1294,"date":"2025-11-14T05:59:09","date_gmt":"2025-11-14T05:59:09","guid":{"rendered":"https:\/\/viniciojarquin.com\/blog\/?p=1294"},"modified":"2025-11-14T05:59:12","modified_gmt":"2025-11-14T05:59:12","slug":"viernes-14-el-dia-que-no-debe-ser-guerra","status":"publish","type":"post","link":"https:\/\/viniciojarquin.com\/blog\/viernes-14-el-dia-que-no-debe-ser-guerra\/","title":{"rendered":"Viernes 14: el d\u00eda que no debe ser guerra"},"content":{"rendered":"\n<figure class=\"wp-block-image size-full\"><img decoding=\"async\" width=\"1024\" height=\"1024\" data-src=\"https:\/\/viniciojarquin.com\/blog\/wp-content\/uploads\/2025\/11\/El-dia-que-no-debe-ser-guerra-reduc.jpg\" alt=\"\" class=\"wp-image-1295 lazyload\" data-srcset=\"https:\/\/viniciojarquin.com\/blog\/wp-content\/uploads\/2025\/11\/El-dia-que-no-debe-ser-guerra-reduc.jpg 1024w, https:\/\/viniciojarquin.com\/blog\/wp-content\/uploads\/2025\/11\/El-dia-que-no-debe-ser-guerra-reduc-300x300.jpg 300w, https:\/\/viniciojarquin.com\/blog\/wp-content\/uploads\/2025\/11\/El-dia-que-no-debe-ser-guerra-reduc-150x150.jpg 150w, https:\/\/viniciojarquin.com\/blog\/wp-content\/uploads\/2025\/11\/El-dia-que-no-debe-ser-guerra-reduc-768x768.jpg 768w\" data-sizes=\"(max-width: 1024px) 100vw, 1024px\" src=\"data:image\/svg+xml;base64,PHN2ZyB3aWR0aD0iMSIgaGVpZ2h0PSIxIiB4bWxucz0iaHR0cDovL3d3dy53My5vcmcvMjAwMC9zdmciPjwvc3ZnPg==\" style=\"--smush-placeholder-width: 1024px; --smush-placeholder-aspect-ratio: 1024\/1024;\" \/><\/figure>\n\n\n\n<p>Al parecer, el pa\u00eds amanecer\u00e1 con la posibilidad de disturbios este viernes 14. Ojal\u00e1 no sea as\u00ed. Pero los llamados a la calle \u2014porque no hay otra forma de nombrarlos\u2014 que he visto circular en redes, en grupos y en mensajes, me hacen pensar en esa posibilidad con un nudo en el est\u00f3mago.<\/p>\n\n\n\n<p>Una guerra interna. El pueblo contra el pueblo. El pa\u00eds contra el pa\u00eds. Una guerra llamada, no con fusiles ni banderas, sino con arengas disfrazadas de entusiasmo, desde el Poder Ejecutivo y dirigida, de alguna manera, contra el Poder Legislativo.<\/p>\n\n\n\n<p>Aclaro con toda responsabilidad que ni el presidente ni la diputada han llamado directamente a la guerra ni a la violencia. No han pedido armas ni sangre. Lo que s\u00ed han hecho \u2014y eso es lo suficientemente grave\u2014 es convocar a los costarricenses a una manifestaci\u00f3n bajo el lema \u201cacomp\u00e1\u00f1enme\u201d, en un momento en que el pa\u00eds est\u00e1 efervescente, emocionalmente al l\u00edmite, y en plena \u00e9poca electoral.<\/p>\n\n\n\n<p>Desde aqu\u00ed, aunque no tengo poder pol\u00edtico ni representaci\u00f3n partidaria, hago responsables a quienes hoy llaman a esas concentraciones de cualquier acto de violencia o desestabilizaci\u00f3n que se produzca este viernes. Porque cuando el clima est\u00e1 encendido, cuando el pa\u00eds est\u00e1 dividido, cuando el enojo se confunde con patriotismo, cualquier chispa puede convertirse en incendio.<\/p>\n\n\n\n<p>No se trata de ideolog\u00eda, se trata de conciencia. Quien ama a Costa Rica no convoca al pueblo a enfrentarse. Quien respeta la democracia, no juega con fuego a las puertas de la Asamblea Legislativa.<\/p>\n\n\n\n<p>Que este viernes 14 no sea un d\u00eda de guerra. Que este viernes 14 sea recordado como el d\u00eda en que el pueblo costarricense demostr\u00f3 que la paz se defiende con calma, no con gritos.<\/p>\n\n\n\n<p>Que Costa Rica, pese a todo, siga respirando en paz.<\/p>\n","protected":false},"excerpt":{"rendered":"<p>Al parecer, el pa\u00eds amanecer\u00e1 con la posibilidad de disturbios este viernes 14. Ojal\u00e1 no sea as\u00ed. Pero los llamados [&hellip;]<\/p>\n","protected":false},"author":1,"featured_media":1295,"comment_status":"open","ping_status":"open","sticky":false,"template":"","format":"standard","meta":{"site-sidebar-layout":"default","site-content-layout":"","ast-site-content-layout":"","site-content-style":"default","site-sidebar-style":"default","ast-global-header-display":"","ast-banner-title-visibility":"","ast-main-header-display":"","ast-hfb-above-header-display":"","ast-hfb-below-header-display":"","ast-hfb-mobile-header-display":"","site-post-title":"","ast-breadcrumbs-content":"","ast-featured-img":"","footer-sml-layout":"","theme-transparent-header-meta":"","adv-header-id-meta":"","stick-header-meta":"","header-above-stick-meta":"","header-main-stick-meta":"","header-below-stick-meta":"","astra-migrate-meta-layouts":"default","ast-page-background-enabled":"default","ast-page-background-meta":{"desktop":{"background-color":"var(--ast-global-color-5)","background-image":"","background-repeat":"repeat","background-position":"center center","background-size":"auto","background-attachment":"scroll","background-type":"","background-media":"","overlay-type":"","overlay-color":"","overlay-opacity":"","overlay-gradient":""},"tablet":{"background-color":"","background-image":"","background-repeat":"repeat","background-position":"center center","background-size":"auto","background-attachment":"scroll","background-type":"","background-media":"","overlay-type":"","overlay-color":"","overlay-opacity":"","overlay-gradient":""},"mobile":{"background-color":"","background-image":"","background-repeat":"repeat","background-position":"center center","background-size":"auto","background-attachment":"scroll","background-type":"","background-media":"","overlay-type":"","overlay-color":"","overlay-opacity":"","overlay-gradient":""}},"ast-content-background-meta":{"desktop":{"background-color":"var(--ast-global-color-4)","background-image":"","background-repeat":"repeat","background-position":"center center","background-size":"auto","background-attachment":"scroll","background-type":"","background-media":"","overlay-type":"","overlay-color":"","overlay-opacity":"","overlay-gradient":""},"tablet":{"background-color":"var(--ast-global-color-4)","background-image":"","background-repeat":"repeat","background-position":"center center","background-size":"auto","background-attachment":"scroll","background-type":"","background-media":"","overlay-type":"","overlay-color":"","overlay-opacity":"","overlay-gradient":""},"mobile":{"background-color":"var(--ast-global-color-4)","background-image":"","background-repeat":"repeat","background-position":"center center","background-size":"auto","background-attachment":"scroll","background-type":"","background-media":"","overlay-type":"","overlay-color":"","overlay-opacity":"","overlay-gradient":""}},"footnotes":""},"categories":[17],"tags":[],"class_list":["post-1294","post","type-post","status-publish","format-standard","has-post-thumbnail","hentry","category-elecciones-2026"],"yoast_head":"<!-- This site is optimized with the Yoast SEO plugin v26.0 - https:\/\/yoast.com\/wordpress\/plugins\/seo\/ -->\n<title>Viernes 14: el d\u00eda que no debe ser guerra - MI BLOG<\/title>\n<meta name=\"robots\" content=\"index, follow, max-snippet:-1, max-image-preview:large, max-video-preview:-1\" \/>\n<link rel=\"canonical\" href=\"https:\/\/viniciojarquin.com\/blog\/viernes-14-el-dia-que-no-debe-ser-guerra\/\" \/>\n<meta property=\"og:locale\" content=\"es_ES\" \/>\n<meta property=\"og:type\" content=\"article\" \/>\n<meta property=\"og:title\" content=\"Viernes 14: el d\u00eda que no debe ser guerra - MI BLOG\" \/>\n<meta property=\"og:description\" content=\"Al parecer, el pa\u00eds amanecer\u00e1 con la posibilidad de disturbios este viernes 14. Ojal\u00e1 no sea as\u00ed. Pero los llamados [&hellip;]\" \/>\n<meta property=\"og:url\" content=\"https:\/\/viniciojarquin.com\/blog\/viernes-14-el-dia-que-no-debe-ser-guerra\/\" \/>\n<meta property=\"og:site_name\" content=\"MI BLOG\" \/>\n<meta property=\"article:publisher\" content=\"https:\/\/www.facebook.com\/vinicio.jarquin\" \/>\n<meta property=\"article:author\" content=\"https:\/\/www.facebook.com\/vinicio.jarquin\" \/>\n<meta property=\"article:published_time\" content=\"2025-11-14T05:59:09+00:00\" \/>\n<meta property=\"article:modified_time\" content=\"2025-11-14T05:59:12+00:00\" \/>\n<meta property=\"og:image\" content=\"https:\/\/viniciojarquin.com\/blog\/wp-content\/uploads\/2025\/11\/El-dia-que-no-debe-ser-guerra-reduc.jpg\" \/>\n\t<meta property=\"og:image:width\" content=\"1024\" \/>\n\t<meta property=\"og:image:height\" content=\"1024\" \/>\n\t<meta property=\"og:image:type\" content=\"image\/jpeg\" \/>\n<meta name=\"author\" content=\"Vinicio Jarqu\u00edn\" \/>\n<meta name=\"twitter:card\" content=\"summary_large_image\" \/>\n<meta name=\"twitter:label1\" content=\"Escrito por\" \/>\n\t<meta name=\"twitter:data1\" content=\"Vinicio Jarqu\u00edn\" \/>\n\t<meta name=\"twitter:label2\" content=\"Tiempo de lectura\" \/>\n\t<meta name=\"twitter:data2\" content=\"2 minutos\" \/>\n<script type=\"application\/ld+json\" class=\"yoast-schema-graph\">{\"@context\":\"https:\/\/schema.org\",\"@graph\":[{\"@type\":\"Article\",\"@id\":\"https:\/\/viniciojarquin.com\/blog\/viernes-14-el-dia-que-no-debe-ser-guerra\/#article\",\"isPartOf\":{\"@id\":\"https:\/\/viniciojarquin.com\/blog\/viernes-14-el-dia-que-no-debe-ser-guerra\/\"},\"author\":{\"name\":\"Vinicio Jarqu\u00edn\",\"@id\":\"https:\/\/viniciojarquin.com\/blog\/#\/schema\/person\/90100c8845ae55462ec0657d3d2f8d3b\"},\"headline\":\"Viernes 14: el d\u00eda que no debe ser guerra\",\"datePublished\":\"2025-11-14T05:59:09+00:00\",\"dateModified\":\"2025-11-14T05:59:12+00:00\",\"mainEntityOfPage\":{\"@id\":\"https:\/\/viniciojarquin.com\/blog\/viernes-14-el-dia-que-no-debe-ser-guerra\/\"},\"wordCount\":316,\"commentCount\":0,\"publisher\":{\"@id\":\"https:\/\/viniciojarquin.com\/blog\/#\/schema\/person\/90100c8845ae55462ec0657d3d2f8d3b\"},\"image\":{\"@id\":\"https:\/\/viniciojarquin.com\/blog\/viernes-14-el-dia-que-no-debe-ser-guerra\/#primaryimage\"},\"thumbnailUrl\":\"https:\/\/viniciojarquin.com\/blog\/wp-content\/uploads\/2025\/11\/El-dia-que-no-debe-ser-guerra-reduc.jpg\",\"articleSection\":[\"Elecciones 2026\"],\"inLanguage\":\"es\",\"potentialAction\":[{\"@type\":\"CommentAction\",\"name\":\"Comment\",\"target\":[\"https:\/\/viniciojarquin.com\/blog\/viernes-14-el-dia-que-no-debe-ser-guerra\/#respond\"]}]},{\"@type\":\"WebPage\",\"@id\":\"https:\/\/viniciojarquin.com\/blog\/viernes-14-el-dia-que-no-debe-ser-guerra\/\",\"url\":\"https:\/\/viniciojarquin.com\/blog\/viernes-14-el-dia-que-no-debe-ser-guerra\/\",\"name\":\"Viernes 14: el d\u00eda que no debe ser guerra - MI BLOG\",\"isPartOf\":{\"@id\":\"https:\/\/viniciojarquin.com\/blog\/#website\"},\"primaryImageOfPage\":{\"@id\":\"https:\/\/viniciojarquin.com\/blog\/viernes-14-el-dia-que-no-debe-ser-guerra\/#primaryimage\"},\"image\":{\"@id\":\"https:\/\/viniciojarquin.com\/blog\/viernes-14-el-dia-que-no-debe-ser-guerra\/#primaryimage\"},\"thumbnailUrl\":\"https:\/\/viniciojarquin.com\/blog\/wp-content\/uploads\/2025\/11\/El-dia-que-no-debe-ser-guerra-reduc.jpg\",\"datePublished\":\"2025-11-14T05:59:09+00:00\",\"dateModified\":\"2025-11-14T05:59:12+00:00\",\"breadcrumb\":{\"@id\":\"https:\/\/viniciojarquin.com\/blog\/viernes-14-el-dia-que-no-debe-ser-guerra\/#breadcrumb\"},\"inLanguage\":\"es\",\"potentialAction\":[{\"@type\":\"ReadAction\",\"target\":[\"https:\/\/viniciojarquin.com\/blog\/viernes-14-el-dia-que-no-debe-ser-guerra\/\"]}]},{\"@type\":\"ImageObject\",\"inLanguage\":\"es\",\"@id\":\"https:\/\/viniciojarquin.com\/blog\/viernes-14-el-dia-que-no-debe-ser-guerra\/#primaryimage\",\"url\":\"https:\/\/viniciojarquin.com\/blog\/wp-content\/uploads\/2025\/11\/El-dia-que-no-debe-ser-guerra-reduc.jpg\",\"contentUrl\":\"https:\/\/viniciojarquin.com\/blog\/wp-content\/uploads\/2025\/11\/El-dia-que-no-debe-ser-guerra-reduc.jpg\",\"width\":1024,\"height\":1024},{\"@type\":\"BreadcrumbList\",\"@id\":\"https:\/\/viniciojarquin.com\/blog\/viernes-14-el-dia-que-no-debe-ser-guerra\/#breadcrumb\",\"itemListElement\":[{\"@type\":\"ListItem\",\"position\":1,\"name\":\"Portada\",\"item\":\"https:\/\/viniciojarquin.com\/blog\/\"},{\"@type\":\"ListItem\",\"position\":2,\"name\":\"Viernes 14: el d\u00eda que no debe ser guerra\"}]},{\"@type\":\"WebSite\",\"@id\":\"https:\/\/viniciojarquin.com\/blog\/#website\",\"url\":\"https:\/\/viniciojarquin.com\/blog\/\",\"name\":\"Vinicio Jarqu\u00edn BLOG\",\"description\":\"\",\"publisher\":{\"@id\":\"https:\/\/viniciojarquin.com\/blog\/#\/schema\/person\/90100c8845ae55462ec0657d3d2f8d3b\"},\"potentialAction\":[{\"@type\":\"SearchAction\",\"target\":{\"@type\":\"EntryPoint\",\"urlTemplate\":\"https:\/\/viniciojarquin.com\/blog\/?s={search_term_string}\"},\"query-input\":{\"@type\":\"PropertyValueSpecification\",\"valueRequired\":true,\"valueName\":\"search_term_string\"}}],\"inLanguage\":\"es\"},{\"@type\":[\"Person\",\"Organization\"],\"@id\":\"https:\/\/viniciojarquin.com\/blog\/#\/schema\/person\/90100c8845ae55462ec0657d3d2f8d3b\",\"name\":\"Vinicio Jarqu\u00edn\",\"image\":{\"@type\":\"ImageObject\",\"inLanguage\":\"es\",\"@id\":\"https:\/\/viniciojarquin.com\/blog\/#\/schema\/person\/image\/\",\"url\":\"https:\/\/viniciojarquin.com\/blog\/wp-content\/uploads\/2024\/10\/Logo-VinicioJarquin-original-400.png\",\"contentUrl\":\"https:\/\/viniciojarquin.com\/blog\/wp-content\/uploads\/2024\/10\/Logo-VinicioJarquin-original-400.png\",\"width\":400,\"height\":130,\"caption\":\"Vinicio Jarqu\u00edn\"},\"logo\":{\"@id\":\"https:\/\/viniciojarquin.com\/blog\/#\/schema\/person\/image\/\"},\"description\":\"Empresario textil, artista pl\u00e1stico, escritor, coach de vida y fot\u00f3grafo.\",\"sameAs\":[\"https:\/\/viniciojarquin.com\/blog\",\"https:\/\/www.facebook.com\/vinicio.jarquin\",\"https:\/\/www.instagram.com\/vinicio_jarquin\/\",\"https:\/\/www.pinterest.com\/vinnyjc\/\",\"https:\/\/www.youtube.com\/@VinicioJarquin\"],\"url\":\"https:\/\/viniciojarquin.com\/blog\/author\/admin_s02au25i\/\"}]}<\/script>\n<!-- \/ Yoast SEO plugin. -->","yoast_head_json":{"title":"Viernes 14: el d\u00eda que no debe ser guerra - MI BLOG","robots":{"index":"index","follow":"follow","max-snippet":"max-snippet:-1","max-image-preview":"max-image-preview:large","max-video-preview":"max-video-preview:-1"},"canonical":"https:\/\/viniciojarquin.com\/blog\/viernes-14-el-dia-que-no-debe-ser-guerra\/","og_locale":"es_ES","og_type":"article","og_title":"Viernes 14: el d\u00eda que no debe ser guerra - MI BLOG","og_description":"Al parecer, el pa\u00eds amanecer\u00e1 con la posibilidad de disturbios este viernes 14. Ojal\u00e1 no sea as\u00ed. Pero los llamados [&hellip;]","og_url":"https:\/\/viniciojarquin.com\/blog\/viernes-14-el-dia-que-no-debe-ser-guerra\/","og_site_name":"MI BLOG","article_publisher":"https:\/\/www.facebook.com\/vinicio.jarquin","article_author":"https:\/\/www.facebook.com\/vinicio.jarquin","article_published_time":"2025-11-14T05:59:09+00:00","article_modified_time":"2025-11-14T05:59:12+00:00","og_image":[{"width":1024,"height":1024,"url":"https:\/\/viniciojarquin.com\/blog\/wp-content\/uploads\/2025\/11\/El-dia-que-no-debe-ser-guerra-reduc.jpg","type":"image\/jpeg"}],"author":"Vinicio Jarqu\u00edn","twitter_card":"summary_large_image","twitter_misc":{"Escrito por":"Vinicio Jarqu\u00edn","Tiempo de lectura":"2 minutos"},"schema":{"@context":"https:\/\/schema.org","@graph":[{"@type":"Article","@id":"https:\/\/viniciojarquin.com\/blog\/viernes-14-el-dia-que-no-debe-ser-guerra\/#article","isPartOf":{"@id":"https:\/\/viniciojarquin.com\/blog\/viernes-14-el-dia-que-no-debe-ser-guerra\/"},"author":{"name":"Vinicio Jarqu\u00edn","@id":"https:\/\/viniciojarquin.com\/blog\/#\/schema\/person\/90100c8845ae55462ec0657d3d2f8d3b"},"headline":"Viernes 14: el d\u00eda que no debe ser guerra","datePublished":"2025-11-14T05:59:09+00:00","dateModified":"2025-11-14T05:59:12+00:00","mainEntityOfPage":{"@id":"https:\/\/viniciojarquin.com\/blog\/viernes-14-el-dia-que-no-debe-ser-guerra\/"},"wordCount":316,"commentCount":0,"publisher":{"@id":"https:\/\/viniciojarquin.com\/blog\/#\/schema\/person\/90100c8845ae55462ec0657d3d2f8d3b"},"image":{"@id":"https:\/\/viniciojarquin.com\/blog\/viernes-14-el-dia-que-no-debe-ser-guerra\/#primaryimage"},"thumbnailUrl":"https:\/\/viniciojarquin.com\/blog\/wp-content\/uploads\/2025\/11\/El-dia-que-no-debe-ser-guerra-reduc.jpg","articleSection":["Elecciones 2026"],"inLanguage":"es","potentialAction":[{"@type":"CommentAction","name":"Comment","target":["https:\/\/viniciojarquin.com\/blog\/viernes-14-el-dia-que-no-debe-ser-guerra\/#respond"]}]},{"@type":"WebPage","@id":"https:\/\/viniciojarquin.com\/blog\/viernes-14-el-dia-que-no-debe-ser-guerra\/","url":"https:\/\/viniciojarquin.com\/blog\/viernes-14-el-dia-que-no-debe-ser-guerra\/","name":"Viernes 14: el d\u00eda que no debe ser guerra - MI BLOG","isPartOf":{"@id":"https:\/\/viniciojarquin.com\/blog\/#website"},"primaryImageOfPage":{"@id":"https:\/\/viniciojarquin.com\/blog\/viernes-14-el-dia-que-no-debe-ser-guerra\/#primaryimage"},"image":{"@id":"https:\/\/viniciojarquin.com\/blog\/viernes-14-el-dia-que-no-debe-ser-guerra\/#primaryimage"},"thumbnailUrl":"https:\/\/viniciojarquin.com\/blog\/wp-content\/uploads\/2025\/11\/El-dia-que-no-debe-ser-guerra-reduc.jpg","datePublished":"2025-11-14T05:59:09+00:00","dateModified":"2025-11-14T05:59:12+00:00","breadcrumb":{"@id":"https:\/\/viniciojarquin.com\/blog\/viernes-14-el-dia-que-no-debe-ser-guerra\/#breadcrumb"},"inLanguage":"es","potentialAction":[{"@type":"ReadAction","target":["https:\/\/viniciojarquin.com\/blog\/viernes-14-el-dia-que-no-debe-ser-guerra\/"]}]},{"@type":"ImageObject","inLanguage":"es","@id":"https:\/\/viniciojarquin.com\/blog\/viernes-14-el-dia-que-no-debe-ser-guerra\/#primaryimage","url":"https:\/\/viniciojarquin.com\/blog\/wp-content\/uploads\/2025\/11\/El-dia-que-no-debe-ser-guerra-reduc.jpg","contentUrl":"https:\/\/viniciojarquin.com\/blog\/wp-content\/uploads\/2025\/11\/El-dia-que-no-debe-ser-guerra-reduc.jpg","width":1024,"height":1024},{"@type":"BreadcrumbList","@id":"https:\/\/viniciojarquin.com\/blog\/viernes-14-el-dia-que-no-debe-ser-guerra\/#breadcrumb","itemListElement":[{"@type":"ListItem","position":1,"name":"Portada","item":"https:\/\/viniciojarquin.com\/blog\/"},{"@type":"ListItem","position":2,"name":"Viernes 14: el d\u00eda que no debe ser guerra"}]},{"@type":"WebSite","@id":"https:\/\/viniciojarquin.com\/blog\/#website","url":"https:\/\/viniciojarquin.com\/blog\/","name":"Vinicio Jarqu\u00edn BLOG","description":"","publisher":{"@id":"https:\/\/viniciojarquin.com\/blog\/#\/schema\/person\/90100c8845ae55462ec0657d3d2f8d3b"},"potentialAction":[{"@type":"SearchAction","target":{"@type":"EntryPoint","urlTemplate":"https:\/\/viniciojarquin.com\/blog\/?s={search_term_string}"},"query-input":{"@type":"PropertyValueSpecification","valueRequired":true,"valueName":"search_term_string"}}],"inLanguage":"es"},{"@type":["Person","Organization"],"@id":"https:\/\/viniciojarquin.com\/blog\/#\/schema\/person\/90100c8845ae55462ec0657d3d2f8d3b","name":"Vinicio Jarqu\u00edn","image":{"@type":"ImageObject","inLanguage":"es","@id":"https:\/\/viniciojarquin.com\/blog\/#\/schema\/person\/image\/","url":"https:\/\/viniciojarquin.com\/blog\/wp-content\/uploads\/2024\/10\/Logo-VinicioJarquin-original-400.png","contentUrl":"https:\/\/viniciojarquin.com\/blog\/wp-content\/uploads\/2024\/10\/Logo-VinicioJarquin-original-400.png","width":400,"height":130,"caption":"Vinicio Jarqu\u00edn"},"logo":{"@id":"https:\/\/viniciojarquin.com\/blog\/#\/schema\/person\/image\/"},"description":"Empresario textil, artista pl\u00e1stico, escritor, coach de vida y fot\u00f3grafo.","sameAs":["https:\/\/viniciojarquin.com\/blog","https:\/\/www.facebook.com\/vinicio.jarquin","https:\/\/www.instagram.com\/vinicio_jarquin\/","https:\/\/www.pinterest.com\/vinnyjc\/","https:\/\/www.youtube.com\/@VinicioJarquin"],"url":"https:\/\/viniciojarquin.com\/blog\/author\/admin_s02au25i\/"}]}},"blog_post_layout_featured_media_urls":{"thumbnail":["https:\/\/viniciojarquin.com\/blog\/wp-content\/uploads\/2025\/11\/El-dia-que-no-debe-ser-guerra-reduc-150x150.jpg",150,150,true],"full":["https:\/\/viniciojarquin.com\/blog\/wp-content\/uploads\/2025\/11\/El-dia-que-no-debe-ser-guerra-reduc.jpg",1024,1024,false]},"categories_names":{"17":{"name":"Elecciones 2026","link":"https:\/\/viniciojarquin.com\/blog\/category\/elecciones-2026\/"}},"tags_names":[],"comments_number":"0","_links":{"self":[{"href":"https:\/\/viniciojarquin.com\/blog\/wp-json\/wp\/v2\/posts\/1294","targetHints":{"allow":["GET"]}}],"collection":[{"href":"https:\/\/viniciojarquin.com\/blog\/wp-json\/wp\/v2\/posts"}],"about":[{"href":"https:\/\/viniciojarquin.com\/blog\/wp-json\/wp\/v2\/types\/post"}],"author":[{"embeddable":true,"href":"https:\/\/viniciojarquin.com\/blog\/wp-json\/wp\/v2\/users\/1"}],"replies":[{"embeddable":true,"href":"https:\/\/viniciojarquin.com\/blog\/wp-json\/wp\/v2\/comments?post=1294"}],"version-history":[{"count":1,"href":"https:\/\/viniciojarquin.com\/blog\/wp-json\/wp\/v2\/posts\/1294\/revisions"}],"predecessor-version":[{"id":1296,"href":"https:\/\/viniciojarquin.com\/blog\/wp-json\/wp\/v2\/posts\/1294\/revisions\/1296"}],"wp:featuredmedia":[{"embeddable":true,"href":"https:\/\/viniciojarquin.com\/blog\/wp-json\/wp\/v2\/media\/1295"}],"wp:attachment":[{"href":"https:\/\/viniciojarquin.com\/blog\/wp-json\/wp\/v2\/media?parent=1294"}],"wp:term":[{"taxonomy":"category","embeddable":true,"href":"https:\/\/viniciojarquin.com\/blog\/wp-json\/wp\/v2\/categories?post=1294"},{"taxonomy":"post_tag","embeddable":true,"href":"https:\/\/viniciojarquin.com\/blog\/wp-json\/wp\/v2\/tags?post=1294"}],"curies":[{"name":"wp","href":"https:\/\/api.w.org\/{rel}","templated":true}]}}