{"id":1303,"date":"2025-11-14T06:10:33","date_gmt":"2025-11-14T06:10:33","guid":{"rendered":"https:\/\/viniciojarquin.com\/blog\/?p=1303"},"modified":"2025-11-14T15:07:25","modified_gmt":"2025-11-14T15:07:25","slug":"un-viernes-peligroso-para-la-democracia","status":"publish","type":"post","link":"https:\/\/viniciojarquin.com\/blog\/un-viernes-peligroso-para-la-democracia\/","title":{"rendered":"Un viernes peligroso para la democracia"},"content":{"rendered":"\n<figure class=\"wp-block-image size-full\"><img decoding=\"async\" width=\"800\" height=\"800\" data-src=\"https:\/\/viniciojarquin.com\/blog\/wp-content\/uploads\/2025\/11\/Viernes-peligroso-para-la-democracia.png\" alt=\"\" class=\"wp-image-1305 lazyload\" data-srcset=\"https:\/\/viniciojarquin.com\/blog\/wp-content\/uploads\/2025\/11\/Viernes-peligroso-para-la-democracia.png 800w, https:\/\/viniciojarquin.com\/blog\/wp-content\/uploads\/2025\/11\/Viernes-peligroso-para-la-democracia-300x300.png 300w, https:\/\/viniciojarquin.com\/blog\/wp-content\/uploads\/2025\/11\/Viernes-peligroso-para-la-democracia-150x150.png 150w, https:\/\/viniciojarquin.com\/blog\/wp-content\/uploads\/2025\/11\/Viernes-peligroso-para-la-democracia-768x768.png 768w\" data-sizes=\"(max-width: 800px) 100vw, 800px\" src=\"data:image\/svg+xml;base64,PHN2ZyB3aWR0aD0iMSIgaGVpZ2h0PSIxIiB4bWxucz0iaHR0cDovL3d3dy53My5vcmcvMjAwMC9zdmciPjwvc3ZnPg==\" style=\"--smush-placeholder-width: 800px; --smush-placeholder-aspect-ratio: 800\/800;\" \/><\/figure>\n\n\n\n<p>Este viernes 14 de noviembre, el presidente Rodrigo Chaves se presentar\u00e1 ante la Asamblea Legislativa luego de que el Tribunal Supremo de Elecciones solicitar\u00e1 el levantamiento de su fuero presidencial. En t\u00e9rminos simples, se trata de una solicitud para retirarle la inmunidad, bajo el se\u00f1alamiento de beligerancia pol\u00edtica. Los detalles del proceso se ir\u00e1n conociendo a lo largo del d\u00eda, conforme avance la sesi\u00f3n y la informaci\u00f3n oficial llegue al p\u00fablico.<\/p>\n\n\n\n<p>Sin embargo, lo verdaderamente inquietante no es el proceso legal, sino el ambiente que se ha creado alrededor. En lugar de apelar a la serenidad institucional que un pa\u00eds democr\u00e1tico merece, el presidente ha convocado abiertamente a sus seguidores a concentrarse frente a la Asamblea Legislativa. Do\u00f1a Pilar Cisneros, diputada y fiel aliada suya, ha hecho lo mismo, alimentando una tensi\u00f3n innecesaria que pone en riesgo la calma p\u00fablica y la seguridad ciudadana.<\/p>\n\n\n\n<p>As\u00ed, la jornada de hoy podr\u00eda convertirse en un episodio oscuro de nuestra historia reciente. No por el debate jur\u00eddico en s\u00ed, sino por la posibilidad de que el Poder Ejecutivo \u2014el m\u00e1s alto del pa\u00eds\u2014 incite, directa o indirectamente, a una confrontaci\u00f3n callejera. La Costa Rica del siglo XXI no necesita m\u00e1rtires ni batallas pol\u00edticas en las aceras del Congreso; necesita respeto, equilibrio y civilidad.<\/p>\n\n\n\n<p>Resulta particularmente grave que esta movilizaci\u00f3n ocurra justo frente a dos de los edificios m\u00e1s simb\u00f3licos del Estado de derecho: la Asamblea Legislativa y el Tribunal Supremo de Elecciones. Ambos poderes han sido objeto de ataques verbales, descalificaciones y amenazas por parte del propio presidente, quien ha mostrado una preocupante inclinaci\u00f3n a considerar enemigo a todo aquel que lo fiscaliza.<\/p>\n\n\n\n<p>Costa Rica ha enfrentado crisis pol\u00edticas antes, pero pocas veces hab\u00eda tenido que resistir un intento tan abierto de manipular la emoci\u00f3n colectiva para intimidar a las instituciones. No se trata ya de diferencias ideol\u00f3gicas: se trata del respeto b\u00e1sico al orden republicano. Convocar a las masas a rodear el Congreso mientras se decide la inmunidad presidencial es, sin eufemismos, un acto irresponsable que roza el autoritarismo.<\/p>\n\n\n\n<p>Hoy no se pone a prueba solo la figura de Rodrigo Chaves. Se pone a prueba el temple de nuestras instituciones, la madurez de nuestro pueblo y la capacidad del pa\u00eds para mantenerse en paz incluso frente a la provocaci\u00f3n. Que este viernes no se escriba como una mancha m\u00e1s en la historia democr\u00e1tica de Costa Rica.<\/p>\n\n\n\n<p><\/p>\n\n\n\n<p>Hoy tengo una necesidad inmensa de rega\u00f1ar, de se\u00f1alar con dureza a todos los que acudir\u00e1n, con sed de enfrentamiento, al mitin convocado frente a la Asamblea Legislativa. Quisiera gritarles que est\u00e1n participando en algo que hiere profundamente la democracia, que mancha la imagen del pa\u00eds, que degrada nuestras instituciones y nuestra paz.<\/p>\n\n\n\n<p>Pero no lo har\u00e9. Porque entiendo que muchos de ellos no lo hacen con malicia. Van porque creen. Van porque los han convencido. Porque su pensamiento, su capacidad de an\u00e1lisis y su sentido de responsabilidad han sido tomados, moldeados, apropiados por un discurso que los seduce y los enga\u00f1a.<\/p>\n\n\n\n<p>Nadie que haya reflexionado a fondo sobre las consecuencias de este acto estar\u00eda hoy ah\u00ed. Nadie que ame de verdad a Costa Rica puede querer ver al pueblo enfrentado frente al Congreso, mientras el presidente se escuda tras las masas para presionar a otro poder del Estado. Es impensable, imperdonable, y, sin embargo, est\u00e1 ocurriendo.<\/p>\n\n\n\n<p>A quienes asistan, ojal\u00e1 alg\u00fan d\u00eda comprendan lo que hoy representan sin saberlo: no la fuerza del pueblo, sino el uso del pueblo como fuerza.<\/p>\n\n\n\n<p>Y a quienes elegimos quedarnos del lado de la calma, hoy m\u00e1s que nunca debemos hacer lo que vinimos a hacer: apaciguar el ser interior, para que Costa Rica pueda respirar en paz.<\/p>\n\n\n\n<p>Porque hoy, viernes 14 de noviembre, Costa Rica respira en paz.<\/p>\n\n\n\n<p>Pese a Rodrigo Chaves. &nbsp;Pese a Rodrigo Ch\u00e1vez y a Pilar Cisneros, yo quedo con la esperanza de que nuestro Tribunal Supremo de Elecciones y el Poder Judicial, apoyados por un Legislativo responsable, obliguen a Don Rodrigo a responder por sus amenazas y sus intentos de desestabilizar la naci\u00f3n; y que, llegado el primero de febrero, los costarricenses hagan pagar pol\u00edticamente a Laura Fern\u00e1ndez, candidata del continuismo, por esta ofrenda contra nuestra democracia. Que el a\u00f1o entrante tengamos, finalmente, un presidente democr\u00e1tico, que respete la Constituci\u00f3n, los poderes del Estado y las instituciones que nos protegen.<\/p>\n","protected":false},"excerpt":{"rendered":"<p>Este viernes 14 de noviembre, el presidente Rodrigo Chaves se presentar\u00e1 ante la Asamblea Legislativa luego de que el Tribunal [&hellip;]<\/p>\n","protected":false},"author":1,"featured_media":1305,"comment_status":"open","ping_status":"open","sticky":false,"template":"","format":"standard","meta":{"site-sidebar-layout":"default","site-content-layout":"","ast-site-content-layout":"","site-content-style":"default","site-sidebar-style":"default","ast-global-header-display":"","ast-banner-title-visibility":"","ast-main-header-display":"","ast-hfb-above-header-display":"","ast-hfb-below-header-display":"","ast-hfb-mobile-header-display":"","site-post-title":"","ast-breadcrumbs-content":"","ast-featured-img":"","footer-sml-layout":"","theme-transparent-header-meta":"","adv-header-id-meta":"","stick-header-meta":"","header-above-stick-meta":"","header-main-stick-meta":"","header-below-stick-meta":"","astra-migrate-meta-layouts":"default","ast-page-background-enabled":"default","ast-page-background-meta":{"desktop":{"background-color":"var(--ast-global-color-5)","background-image":"","background-repeat":"repeat","background-position":"center center","background-size":"auto","background-attachment":"scroll","background-type":"","background-media":"","overlay-type":"","overlay-color":"","overlay-opacity":"","overlay-gradient":""},"tablet":{"background-color":"","background-image":"","background-repeat":"repeat","background-position":"center center","background-size":"auto","background-attachment":"scroll","background-type":"","background-media":"","overlay-type":"","overlay-color":"","overlay-opacity":"","overlay-gradient":""},"mobile":{"background-color":"","background-image":"","background-repeat":"repeat","background-position":"center center","background-size":"auto","background-attachment":"scroll","background-type":"","background-media":"","overlay-type":"","overlay-color":"","overlay-opacity":"","overlay-gradient":""}},"ast-content-background-meta":{"desktop":{"background-color":"var(--ast-global-color-4)","background-image":"","background-repeat":"repeat","background-position":"center center","background-size":"auto","background-attachment":"scroll","background-type":"","background-media":"","overlay-type":"","overlay-color":"","overlay-opacity":"","overlay-gradient":""},"tablet":{"background-color":"var(--ast-global-color-4)","background-image":"","background-repeat":"repeat","background-position":"center center","background-size":"auto","background-attachment":"scroll","background-type":"","background-media":"","overlay-type":"","overlay-color":"","overlay-opacity":"","overlay-gradient":""},"mobile":{"background-color":"var(--ast-global-color-4)","background-image":"","background-repeat":"repeat","background-position":"center center","background-size":"auto","background-attachment":"scroll","background-type":"","background-media":"","overlay-type":"","overlay-color":"","overlay-opacity":"","overlay-gradient":""}},"footnotes":""},"categories":[17],"tags":[],"class_list":["post-1303","post","type-post","status-publish","format-standard","has-post-thumbnail","hentry","category-elecciones-2026"],"yoast_head":"<!-- This site is optimized with the Yoast SEO plugin v26.0 - https:\/\/yoast.com\/wordpress\/plugins\/seo\/ -->\n<title>Un viernes peligroso para la democracia - MI BLOG<\/title>\n<meta name=\"robots\" content=\"index, follow, max-snippet:-1, max-image-preview:large, max-video-preview:-1\" \/>\n<link rel=\"canonical\" href=\"https:\/\/viniciojarquin.com\/blog\/un-viernes-peligroso-para-la-democracia\/\" \/>\n<meta property=\"og:locale\" content=\"es_ES\" \/>\n<meta property=\"og:type\" content=\"article\" \/>\n<meta property=\"og:title\" content=\"Un viernes peligroso para la democracia - MI BLOG\" \/>\n<meta property=\"og:description\" content=\"Este viernes 14 de noviembre, el presidente Rodrigo Chaves se presentar\u00e1 ante la Asamblea Legislativa luego de que el Tribunal [&hellip;]\" \/>\n<meta property=\"og:url\" content=\"https:\/\/viniciojarquin.com\/blog\/un-viernes-peligroso-para-la-democracia\/\" \/>\n<meta property=\"og:site_name\" content=\"MI BLOG\" \/>\n<meta property=\"article:publisher\" content=\"https:\/\/www.facebook.com\/vinicio.jarquin\" \/>\n<meta property=\"article:author\" content=\"https:\/\/www.facebook.com\/vinicio.jarquin\" \/>\n<meta property=\"article:published_time\" content=\"2025-11-14T06:10:33+00:00\" \/>\n<meta property=\"article:modified_time\" content=\"2025-11-14T15:07:25+00:00\" \/>\n<meta property=\"og:image\" content=\"https:\/\/viniciojarquin.com\/blog\/wp-content\/uploads\/2025\/11\/Viernes-peligroso-para-la-democracia.png\" \/>\n\t<meta property=\"og:image:width\" content=\"800\" \/>\n\t<meta property=\"og:image:height\" content=\"800\" \/>\n\t<meta property=\"og:image:type\" content=\"image\/png\" \/>\n<meta name=\"author\" content=\"Vinicio Jarqu\u00edn\" \/>\n<meta name=\"twitter:card\" content=\"summary_large_image\" \/>\n<meta name=\"twitter:label1\" content=\"Escrito por\" \/>\n\t<meta name=\"twitter:data1\" content=\"Vinicio Jarqu\u00edn\" \/>\n\t<meta name=\"twitter:label2\" content=\"Tiempo de lectura\" \/>\n\t<meta name=\"twitter:data2\" content=\"4 minutos\" \/>\n<script type=\"application\/ld+json\" class=\"yoast-schema-graph\">{\"@context\":\"https:\/\/schema.org\",\"@graph\":[{\"@type\":\"Article\",\"@id\":\"https:\/\/viniciojarquin.com\/blog\/un-viernes-peligroso-para-la-democracia\/#article\",\"isPartOf\":{\"@id\":\"https:\/\/viniciojarquin.com\/blog\/un-viernes-peligroso-para-la-democracia\/\"},\"author\":{\"name\":\"Vinicio Jarqu\u00edn\",\"@id\":\"https:\/\/viniciojarquin.com\/blog\/#\/schema\/person\/90100c8845ae55462ec0657d3d2f8d3b\"},\"headline\":\"Un viernes peligroso para la democracia\",\"datePublished\":\"2025-11-14T06:10:33+00:00\",\"dateModified\":\"2025-11-14T15:07:25+00:00\",\"mainEntityOfPage\":{\"@id\":\"https:\/\/viniciojarquin.com\/blog\/un-viernes-peligroso-para-la-democracia\/\"},\"wordCount\":772,\"commentCount\":0,\"publisher\":{\"@id\":\"https:\/\/viniciojarquin.com\/blog\/#\/schema\/person\/90100c8845ae55462ec0657d3d2f8d3b\"},\"image\":{\"@id\":\"https:\/\/viniciojarquin.com\/blog\/un-viernes-peligroso-para-la-democracia\/#primaryimage\"},\"thumbnailUrl\":\"https:\/\/viniciojarquin.com\/blog\/wp-content\/uploads\/2025\/11\/Viernes-peligroso-para-la-democracia.png\",\"articleSection\":[\"Elecciones 2026\"],\"inLanguage\":\"es\",\"potentialAction\":[{\"@type\":\"CommentAction\",\"name\":\"Comment\",\"target\":[\"https:\/\/viniciojarquin.com\/blog\/un-viernes-peligroso-para-la-democracia\/#respond\"]}]},{\"@type\":\"WebPage\",\"@id\":\"https:\/\/viniciojarquin.com\/blog\/un-viernes-peligroso-para-la-democracia\/\",\"url\":\"https:\/\/viniciojarquin.com\/blog\/un-viernes-peligroso-para-la-democracia\/\",\"name\":\"Un viernes peligroso para la democracia - MI BLOG\",\"isPartOf\":{\"@id\":\"https:\/\/viniciojarquin.com\/blog\/#website\"},\"primaryImageOfPage\":{\"@id\":\"https:\/\/viniciojarquin.com\/blog\/un-viernes-peligroso-para-la-democracia\/#primaryimage\"},\"image\":{\"@id\":\"https:\/\/viniciojarquin.com\/blog\/un-viernes-peligroso-para-la-democracia\/#primaryimage\"},\"thumbnailUrl\":\"https:\/\/viniciojarquin.com\/blog\/wp-content\/uploads\/2025\/11\/Viernes-peligroso-para-la-democracia.png\",\"datePublished\":\"2025-11-14T06:10:33+00:00\",\"dateModified\":\"2025-11-14T15:07:25+00:00\",\"breadcrumb\":{\"@id\":\"https:\/\/viniciojarquin.com\/blog\/un-viernes-peligroso-para-la-democracia\/#breadcrumb\"},\"inLanguage\":\"es\",\"potentialAction\":[{\"@type\":\"ReadAction\",\"target\":[\"https:\/\/viniciojarquin.com\/blog\/un-viernes-peligroso-para-la-democracia\/\"]}]},{\"@type\":\"ImageObject\",\"inLanguage\":\"es\",\"@id\":\"https:\/\/viniciojarquin.com\/blog\/un-viernes-peligroso-para-la-democracia\/#primaryimage\",\"url\":\"https:\/\/viniciojarquin.com\/blog\/wp-content\/uploads\/2025\/11\/Viernes-peligroso-para-la-democracia.png\",\"contentUrl\":\"https:\/\/viniciojarquin.com\/blog\/wp-content\/uploads\/2025\/11\/Viernes-peligroso-para-la-democracia.png\",\"width\":800,\"height\":800},{\"@type\":\"BreadcrumbList\",\"@id\":\"https:\/\/viniciojarquin.com\/blog\/un-viernes-peligroso-para-la-democracia\/#breadcrumb\",\"itemListElement\":[{\"@type\":\"ListItem\",\"position\":1,\"name\":\"Portada\",\"item\":\"https:\/\/viniciojarquin.com\/blog\/\"},{\"@type\":\"ListItem\",\"position\":2,\"name\":\"Un viernes peligroso para la democracia\"}]},{\"@type\":\"WebSite\",\"@id\":\"https:\/\/viniciojarquin.com\/blog\/#website\",\"url\":\"https:\/\/viniciojarquin.com\/blog\/\",\"name\":\"Vinicio Jarqu\u00edn BLOG\",\"description\":\"\",\"publisher\":{\"@id\":\"https:\/\/viniciojarquin.com\/blog\/#\/schema\/person\/90100c8845ae55462ec0657d3d2f8d3b\"},\"potentialAction\":[{\"@type\":\"SearchAction\",\"target\":{\"@type\":\"EntryPoint\",\"urlTemplate\":\"https:\/\/viniciojarquin.com\/blog\/?s={search_term_string}\"},\"query-input\":{\"@type\":\"PropertyValueSpecification\",\"valueRequired\":true,\"valueName\":\"search_term_string\"}}],\"inLanguage\":\"es\"},{\"@type\":[\"Person\",\"Organization\"],\"@id\":\"https:\/\/viniciojarquin.com\/blog\/#\/schema\/person\/90100c8845ae55462ec0657d3d2f8d3b\",\"name\":\"Vinicio Jarqu\u00edn\",\"image\":{\"@type\":\"ImageObject\",\"inLanguage\":\"es\",\"@id\":\"https:\/\/viniciojarquin.com\/blog\/#\/schema\/person\/image\/\",\"url\":\"https:\/\/viniciojarquin.com\/blog\/wp-content\/uploads\/2024\/10\/Logo-VinicioJarquin-original-400.png\",\"contentUrl\":\"https:\/\/viniciojarquin.com\/blog\/wp-content\/uploads\/2024\/10\/Logo-VinicioJarquin-original-400.png\",\"width\":400,\"height\":130,\"caption\":\"Vinicio Jarqu\u00edn\"},\"logo\":{\"@id\":\"https:\/\/viniciojarquin.com\/blog\/#\/schema\/person\/image\/\"},\"description\":\"Empresario textil, artista pl\u00e1stico, escritor, coach de vida y fot\u00f3grafo.\",\"sameAs\":[\"https:\/\/viniciojarquin.com\/blog\",\"https:\/\/www.facebook.com\/vinicio.jarquin\",\"https:\/\/www.instagram.com\/vinicio_jarquin\/\",\"https:\/\/www.pinterest.com\/vinnyjc\/\",\"https:\/\/www.youtube.com\/@VinicioJarquin\"],\"url\":\"https:\/\/viniciojarquin.com\/blog\/author\/admin_s02au25i\/\"}]}<\/script>\n<!-- \/ Yoast SEO plugin. -->","yoast_head_json":{"title":"Un viernes peligroso para la democracia - MI BLOG","robots":{"index":"index","follow":"follow","max-snippet":"max-snippet:-1","max-image-preview":"max-image-preview:large","max-video-preview":"max-video-preview:-1"},"canonical":"https:\/\/viniciojarquin.com\/blog\/un-viernes-peligroso-para-la-democracia\/","og_locale":"es_ES","og_type":"article","og_title":"Un viernes peligroso para la democracia - MI BLOG","og_description":"Este viernes 14 de noviembre, el presidente Rodrigo Chaves se presentar\u00e1 ante la Asamblea Legislativa luego de que el Tribunal [&hellip;]","og_url":"https:\/\/viniciojarquin.com\/blog\/un-viernes-peligroso-para-la-democracia\/","og_site_name":"MI BLOG","article_publisher":"https:\/\/www.facebook.com\/vinicio.jarquin","article_author":"https:\/\/www.facebook.com\/vinicio.jarquin","article_published_time":"2025-11-14T06:10:33+00:00","article_modified_time":"2025-11-14T15:07:25+00:00","og_image":[{"width":800,"height":800,"url":"https:\/\/viniciojarquin.com\/blog\/wp-content\/uploads\/2025\/11\/Viernes-peligroso-para-la-democracia.png","type":"image\/png"}],"author":"Vinicio Jarqu\u00edn","twitter_card":"summary_large_image","twitter_misc":{"Escrito por":"Vinicio Jarqu\u00edn","Tiempo de lectura":"4 minutos"},"schema":{"@context":"https:\/\/schema.org","@graph":[{"@type":"Article","@id":"https:\/\/viniciojarquin.com\/blog\/un-viernes-peligroso-para-la-democracia\/#article","isPartOf":{"@id":"https:\/\/viniciojarquin.com\/blog\/un-viernes-peligroso-para-la-democracia\/"},"author":{"name":"Vinicio Jarqu\u00edn","@id":"https:\/\/viniciojarquin.com\/blog\/#\/schema\/person\/90100c8845ae55462ec0657d3d2f8d3b"},"headline":"Un viernes peligroso para la democracia","datePublished":"2025-11-14T06:10:33+00:00","dateModified":"2025-11-14T15:07:25+00:00","mainEntityOfPage":{"@id":"https:\/\/viniciojarquin.com\/blog\/un-viernes-peligroso-para-la-democracia\/"},"wordCount":772,"commentCount":0,"publisher":{"@id":"https:\/\/viniciojarquin.com\/blog\/#\/schema\/person\/90100c8845ae55462ec0657d3d2f8d3b"},"image":{"@id":"https:\/\/viniciojarquin.com\/blog\/un-viernes-peligroso-para-la-democracia\/#primaryimage"},"thumbnailUrl":"https:\/\/viniciojarquin.com\/blog\/wp-content\/uploads\/2025\/11\/Viernes-peligroso-para-la-democracia.png","articleSection":["Elecciones 2026"],"inLanguage":"es","potentialAction":[{"@type":"CommentAction","name":"Comment","target":["https:\/\/viniciojarquin.com\/blog\/un-viernes-peligroso-para-la-democracia\/#respond"]}]},{"@type":"WebPage","@id":"https:\/\/viniciojarquin.com\/blog\/un-viernes-peligroso-para-la-democracia\/","url":"https:\/\/viniciojarquin.com\/blog\/un-viernes-peligroso-para-la-democracia\/","name":"Un viernes peligroso para la democracia - MI BLOG","isPartOf":{"@id":"https:\/\/viniciojarquin.com\/blog\/#website"},"primaryImageOfPage":{"@id":"https:\/\/viniciojarquin.com\/blog\/un-viernes-peligroso-para-la-democracia\/#primaryimage"},"image":{"@id":"https:\/\/viniciojarquin.com\/blog\/un-viernes-peligroso-para-la-democracia\/#primaryimage"},"thumbnailUrl":"https:\/\/viniciojarquin.com\/blog\/wp-content\/uploads\/2025\/11\/Viernes-peligroso-para-la-democracia.png","datePublished":"2025-11-14T06:10:33+00:00","dateModified":"2025-11-14T15:07:25+00:00","breadcrumb":{"@id":"https:\/\/viniciojarquin.com\/blog\/un-viernes-peligroso-para-la-democracia\/#breadcrumb"},"inLanguage":"es","potentialAction":[{"@type":"ReadAction","target":["https:\/\/viniciojarquin.com\/blog\/un-viernes-peligroso-para-la-democracia\/"]}]},{"@type":"ImageObject","inLanguage":"es","@id":"https:\/\/viniciojarquin.com\/blog\/un-viernes-peligroso-para-la-democracia\/#primaryimage","url":"https:\/\/viniciojarquin.com\/blog\/wp-content\/uploads\/2025\/11\/Viernes-peligroso-para-la-democracia.png","contentUrl":"https:\/\/viniciojarquin.com\/blog\/wp-content\/uploads\/2025\/11\/Viernes-peligroso-para-la-democracia.png","width":800,"height":800},{"@type":"BreadcrumbList","@id":"https:\/\/viniciojarquin.com\/blog\/un-viernes-peligroso-para-la-democracia\/#breadcrumb","itemListElement":[{"@type":"ListItem","position":1,"name":"Portada","item":"https:\/\/viniciojarquin.com\/blog\/"},{"@type":"ListItem","position":2,"name":"Un viernes peligroso para la democracia"}]},{"@type":"WebSite","@id":"https:\/\/viniciojarquin.com\/blog\/#website","url":"https:\/\/viniciojarquin.com\/blog\/","name":"Vinicio Jarqu\u00edn BLOG","description":"","publisher":{"@id":"https:\/\/viniciojarquin.com\/blog\/#\/schema\/person\/90100c8845ae55462ec0657d3d2f8d3b"},"potentialAction":[{"@type":"SearchAction","target":{"@type":"EntryPoint","urlTemplate":"https:\/\/viniciojarquin.com\/blog\/?s={search_term_string}"},"query-input":{"@type":"PropertyValueSpecification","valueRequired":true,"valueName":"search_term_string"}}],"inLanguage":"es"},{"@type":["Person","Organization"],"@id":"https:\/\/viniciojarquin.com\/blog\/#\/schema\/person\/90100c8845ae55462ec0657d3d2f8d3b","name":"Vinicio Jarqu\u00edn","image":{"@type":"ImageObject","inLanguage":"es","@id":"https:\/\/viniciojarquin.com\/blog\/#\/schema\/person\/image\/","url":"https:\/\/viniciojarquin.com\/blog\/wp-content\/uploads\/2024\/10\/Logo-VinicioJarquin-original-400.png","contentUrl":"https:\/\/viniciojarquin.com\/blog\/wp-content\/uploads\/2024\/10\/Logo-VinicioJarquin-original-400.png","width":400,"height":130,"caption":"Vinicio Jarqu\u00edn"},"logo":{"@id":"https:\/\/viniciojarquin.com\/blog\/#\/schema\/person\/image\/"},"description":"Empresario textil, artista pl\u00e1stico, escritor, coach de vida y fot\u00f3grafo.","sameAs":["https:\/\/viniciojarquin.com\/blog","https:\/\/www.facebook.com\/vinicio.jarquin","https:\/\/www.instagram.com\/vinicio_jarquin\/","https:\/\/www.pinterest.com\/vinnyjc\/","https:\/\/www.youtube.com\/@VinicioJarquin"],"url":"https:\/\/viniciojarquin.com\/blog\/author\/admin_s02au25i\/"}]}},"blog_post_layout_featured_media_urls":{"thumbnail":["https:\/\/viniciojarquin.com\/blog\/wp-content\/uploads\/2025\/11\/Viernes-peligroso-para-la-democracia-150x150.png",150,150,true],"full":["https:\/\/viniciojarquin.com\/blog\/wp-content\/uploads\/2025\/11\/Viernes-peligroso-para-la-democracia.png",800,800,false]},"categories_names":{"17":{"name":"Elecciones 2026","link":"https:\/\/viniciojarquin.com\/blog\/category\/elecciones-2026\/"}},"tags_names":[],"comments_number":"0","_links":{"self":[{"href":"https:\/\/viniciojarquin.com\/blog\/wp-json\/wp\/v2\/posts\/1303","targetHints":{"allow":["GET"]}}],"collection":[{"href":"https:\/\/viniciojarquin.com\/blog\/wp-json\/wp\/v2\/posts"}],"about":[{"href":"https:\/\/viniciojarquin.com\/blog\/wp-json\/wp\/v2\/types\/post"}],"author":[{"embeddable":true,"href":"https:\/\/viniciojarquin.com\/blog\/wp-json\/wp\/v2\/users\/1"}],"replies":[{"embeddable":true,"href":"https:\/\/viniciojarquin.com\/blog\/wp-json\/wp\/v2\/comments?post=1303"}],"version-history":[{"count":3,"href":"https:\/\/viniciojarquin.com\/blog\/wp-json\/wp\/v2\/posts\/1303\/revisions"}],"predecessor-version":[{"id":1308,"href":"https:\/\/viniciojarquin.com\/blog\/wp-json\/wp\/v2\/posts\/1303\/revisions\/1308"}],"wp:featuredmedia":[{"embeddable":true,"href":"https:\/\/viniciojarquin.com\/blog\/wp-json\/wp\/v2\/media\/1305"}],"wp:attachment":[{"href":"https:\/\/viniciojarquin.com\/blog\/wp-json\/wp\/v2\/media?parent=1303"}],"wp:term":[{"taxonomy":"category","embeddable":true,"href":"https:\/\/viniciojarquin.com\/blog\/wp-json\/wp\/v2\/categories?post=1303"},{"taxonomy":"post_tag","embeddable":true,"href":"https:\/\/viniciojarquin.com\/blog\/wp-json\/wp\/v2\/tags?post=1303"}],"curies":[{"name":"wp","href":"https:\/\/api.w.org\/{rel}","templated":true}]}}