{"id":1325,"date":"2025-11-17T01:54:56","date_gmt":"2025-11-17T01:54:56","guid":{"rendered":"https:\/\/viniciojarquin.com\/blog\/?p=1325"},"modified":"2025-11-17T02:04:50","modified_gmt":"2025-11-17T02:04:50","slug":"por-que-tanta-gente-venera-a-rodrigo-chaves","status":"publish","type":"post","link":"https:\/\/viniciojarquin.com\/blog\/por-que-tanta-gente-venera-a-rodrigo-chaves\/","title":{"rendered":"Por qu\u00e9 tanta gente venera a Rodrigo Chaves"},"content":{"rendered":"\n<p><strong>Art\u00edculo 1 de 7 art\u00edculos<\/strong><\/p>\n\n\n\n<p><strong>Serie: El fen\u00f3meno Chaves\u2013Fern\u00e1ndez<\/strong><\/p>\n\n\n\n<p><strong>El mapa emocional: la radiograf\u00eda de un pa\u00eds dividido<\/strong><\/p>\n\n\n\n<p>Cuando intentas comprender por qu\u00e9 tanta gente se inclina emocionalmente hacia Rodrigo Chaves, es necesario mirar m\u00e1s all\u00e1 del discurso superficial y entrar en la arquitectura psicol\u00f3gica que sostiene su influencia. \u00c9l utiliza un lenguaje que parece sencillo, directo y sin adornos, y eso produce una sensaci\u00f3n inmediata de identificaci\u00f3n en personas que se sienten cansadas de discursos t\u00e9cnicos o institucionales. En PNL, la afinidad ling\u00fc\u00edstica es una forma de \u201crapport\u201d: cuando alguien habla como t\u00fa, tu cerebro registra que esa persona \u201cte entiende\u201d. Esa ilusi\u00f3n de comprensi\u00f3n crea una primera puerta de entrada muy poderosa, especialmente para quienes sienten que por a\u00f1os nadie los ha escuchado.<\/p>\n\n\n\n<p>Una de las claves m\u00e1s fuertes de su magnetismo es que dice p\u00fablicamente lo que muchas personas quisieran decir, pero no pueden por presi\u00f3n social, por miedo o por verg\u00fcenza. Cuando \u00e9l insulta, ataca o ridiculiza, les ofrece a sus seguidores una v\u00e1lvula emocional para proyectar frustraciones que nunca han logrado expresar. En ese mecanismo, \u00e9l se convierte simb\u00f3licamente en la voz de los que se sienten peque\u00f1os, ignorados o impotentes. Y cuando alguien expresa tu enojo por ti, tu mente tiende a creer que esa persona est\u00e1 \u201cluchando a tu lado\u201d, aunque no sea cierto.<\/p>\n\n\n\n<p>Otro punto crucial es que transforma el enojo en identidad. Hay personas que han vivido a\u00f1os en una tensi\u00f3n constante: problemas econ\u00f3micos, deudas, trabajos inestables, relaciones desgastadas, inseguridad emocional. Alguien que aparece diciendo \u201ctu rabia tiene sentido\u201d y la convierte en una bandera pol\u00edtica, les da permiso para apropiarse del enojo como si fuera una forma leg\u00edtima de pertenencia. En PNL, esto se llama \u201canclaje emocional\u201d: una emoci\u00f3n se liga a un s\u00edmbolo. Rodrigo convirti\u00f3 la rabia en bandera, y mucha gente se siente parte de ese estandarte.<\/p>\n\n\n\n<p>Un ingrediente esencial del populismo es la necesidad permanente de un enemigo. Y \u00e9l siempre se\u00f1ala uno con claridad quir\u00fargica: la prensa, los expresidentes, las instituciones, el TSE, la Asamblea, la Corte. La f\u00f3rmula es simple: \u201cSi t\u00fa sufres, es culpa de ellos\u201d. Esto simplifica la realidad, y lo simple, aunque sea falso, siempre seduce m\u00e1s que lo complejo. La narrativa funciona porque reduce el mundo a buenos y malos, v\u00edctimas y villanos, salvadores y corruptos.<\/p>\n\n\n\n<p>En tiempos de cansancio social, cualquier l\u00edder que prometa respuestas f\u00e1ciles a problemas enormes resulta atractivo. Cuando alguien est\u00e1 agotado emocionalmente, su mente busca atajos cognitivos, explicaciones breves que le devuelvan un m\u00ednimo de control. Por eso, las soluciones inmediatas, aunque sean una ilusi\u00f3n, enamoran. No requieren an\u00e1lisis, solo fe.<\/p>\n\n\n\n<p>Otro elemento que despierta fascinaci\u00f3n es que nunca pide perd\u00f3n. Y para quienes cargan historias de humillaciones, de injusticias reales o interpretadas, de silencios forzados, ver a alguien que jam\u00e1s retrocede ni se disculpa produce una sensaci\u00f3n casi adictiva. Lo interpretan como fortaleza, como valent\u00eda, como una forma de \u201calguien al fin no se deja\u201d. En realidad, es un mecanismo de dominancia, pero emocionalmente se siente como reivindicaci\u00f3n personal.<\/p>\n\n\n\n<p>Tambi\u00e9n se presenta constantemente como v\u00edctima. Y en un pa\u00eds donde tanta gente ha vivido sinti\u00e9ndose golpeada por la vida, esa narrativa conecta de manera profunda. Cuando \u00e9l dice que lo atacan, que lo persiguen o que las reglas son injustas, activa una resonancia emocional muy potente: mucha gente siente que habla desde el mismo lugar donde ellos han sufrido. Ese posicionamiento crea un espejo: si \u00e9l es v\u00edctima, t\u00fa tambi\u00e9n lo sos, y por eso debes defenderlo.<\/p>\n\n\n\n<p>En medio de tanta confusi\u00f3n colectiva, la promesa de \u201corden\u201d resulta seductora. No importa si ese orden es autoritario o ilusorio; lo que importa es la promesa. Cuando la vida personal se siente ca\u00f3tica, el cerebro busca cualquier figura que prometa estructura, aunque sea una estructura impuesta desde el miedo.<\/p>\n\n\n\n<p>Otro aspecto es que \u00e9l no suena a pol\u00edtico tradicional. Su forma ruda, teatral, agresiva, crea la ilusi\u00f3n de autenticidad. Muchas personas confunden agresi\u00f3n con sinceridad, irritabilidad con valent\u00eda, y violencia verbal con transparencia. No reciben un an\u00e1lisis, reciben una sensaci\u00f3n. Y la sensaci\u00f3n siempre gana sobre la evidencia cuando las emociones est\u00e1n al mando.<\/p>\n\n\n\n<p>Al final, ha construido un mito. Rodrigo ya dej\u00f3 de ser un ser humano para muchos de sus seguidores. Se volvi\u00f3 un s\u00edmbolo, un personaje, un salvador imaginado que existe m\u00e1s en la fantas\u00eda emocional de la gente que en la realidad. Y cuando alguien es elevado a la categor\u00eda de salvador, la cr\u00edtica deja de tener efecto, la l\u00f3gica se anula y la responsabilidad desaparece. Ah\u00ed est\u00e1 la trampa: los salvadores no deben explicaciones, y quienes los siguen sienten que tampoco tienen que darlas.<\/p>\n\n\n\n<figure class=\"wp-block-image size-full\"><img decoding=\"async\" width=\"800\" height=\"400\" data-src=\"https:\/\/viniciojarquin.com\/blog\/wp-content\/uploads\/2025\/11\/Serie-reduc.jpg\" alt=\"\" class=\"wp-image-1326 lazyload\" data-srcset=\"https:\/\/viniciojarquin.com\/blog\/wp-content\/uploads\/2025\/11\/Serie-reduc.jpg 800w, https:\/\/viniciojarquin.com\/blog\/wp-content\/uploads\/2025\/11\/Serie-reduc-300x150.jpg 300w, https:\/\/viniciojarquin.com\/blog\/wp-content\/uploads\/2025\/11\/Serie-reduc-768x384.jpg 768w\" data-sizes=\"(max-width: 800px) 100vw, 800px\" src=\"data:image\/svg+xml;base64,PHN2ZyB3aWR0aD0iMSIgaGVpZ2h0PSIxIiB4bWxucz0iaHR0cDovL3d3dy53My5vcmcvMjAwMC9zdmciPjwvc3ZnPg==\" style=\"--smush-placeholder-width: 800px; --smush-placeholder-aspect-ratio: 800\/400;\" \/><\/figure>\n","protected":false},"excerpt":{"rendered":"<p>Art\u00edculo 1 de 7 art\u00edculos Serie: El fen\u00f3meno Chaves\u2013Fern\u00e1ndez El mapa emocional: la radiograf\u00eda de un pa\u00eds dividido Cuando intentas [&hellip;]<\/p>\n","protected":false},"author":1,"featured_media":1326,"comment_status":"open","ping_status":"open","sticky":false,"template":"","format":"standard","meta":{"site-sidebar-layout":"default","site-content-layout":"","ast-site-content-layout":"","site-content-style":"default","site-sidebar-style":"default","ast-global-header-display":"","ast-banner-title-visibility":"","ast-main-header-display":"","ast-hfb-above-header-display":"","ast-hfb-below-header-display":"","ast-hfb-mobile-header-display":"","site-post-title":"","ast-breadcrumbs-content":"","ast-featured-img":"","footer-sml-layout":"","theme-transparent-header-meta":"","adv-header-id-meta":"","stick-header-meta":"","header-above-stick-meta":"","header-main-stick-meta":"","header-below-stick-meta":"","astra-migrate-meta-layouts":"default","ast-page-background-enabled":"default","ast-page-background-meta":{"desktop":{"background-color":"var(--ast-global-color-5)","background-image":"","background-repeat":"repeat","background-position":"center center","background-size":"auto","background-attachment":"scroll","background-type":"","background-media":"","overlay-type":"","overlay-color":"","overlay-opacity":"","overlay-gradient":""},"tablet":{"background-color":"","background-image":"","background-repeat":"repeat","background-position":"center center","background-size":"auto","background-attachment":"scroll","background-type":"","background-media":"","overlay-type":"","overlay-color":"","overlay-opacity":"","overlay-gradient":""},"mobile":{"background-color":"","background-image":"","background-repeat":"repeat","background-position":"center center","background-size":"auto","background-attachment":"scroll","background-type":"","background-media":"","overlay-type":"","overlay-color":"","overlay-opacity":"","overlay-gradient":""}},"ast-content-background-meta":{"desktop":{"background-color":"var(--ast-global-color-4)","background-image":"","background-repeat":"repeat","background-position":"center center","background-size":"auto","background-attachment":"scroll","background-type":"","background-media":"","overlay-type":"","overlay-color":"","overlay-opacity":"","overlay-gradient":""},"tablet":{"background-color":"var(--ast-global-color-4)","background-image":"","background-repeat":"repeat","background-position":"center center","background-size":"auto","background-attachment":"scroll","background-type":"","background-media":"","overlay-type":"","overlay-color":"","overlay-opacity":"","overlay-gradient":""},"mobile":{"background-color":"var(--ast-global-color-4)","background-image":"","background-repeat":"repeat","background-position":"center center","background-size":"auto","background-attachment":"scroll","background-type":"","background-media":"","overlay-type":"","overlay-color":"","overlay-opacity":"","overlay-gradient":""}},"footnotes":""},"categories":[22],"tags":[],"class_list":["post-1325","post","type-post","status-publish","format-standard","has-post-thumbnail","hentry","category-serie-el-fenomeno-chaves-fernandez"],"yoast_head":"<!-- This site is optimized with the Yoast SEO plugin v26.0 - https:\/\/yoast.com\/wordpress\/plugins\/seo\/ -->\n<title>Por qu\u00e9 tanta gente venera a Rodrigo Chaves - MI BLOG<\/title>\n<meta name=\"robots\" content=\"index, follow, max-snippet:-1, max-image-preview:large, max-video-preview:-1\" \/>\n<link rel=\"canonical\" href=\"https:\/\/viniciojarquin.com\/blog\/por-que-tanta-gente-venera-a-rodrigo-chaves\/\" \/>\n<meta property=\"og:locale\" content=\"es_ES\" \/>\n<meta property=\"og:type\" content=\"article\" \/>\n<meta property=\"og:title\" content=\"Por qu\u00e9 tanta gente venera a Rodrigo Chaves - MI BLOG\" \/>\n<meta property=\"og:description\" content=\"Art\u00edculo 1 de 7 art\u00edculos Serie: El fen\u00f3meno Chaves\u2013Fern\u00e1ndez El mapa emocional: la radiograf\u00eda de un pa\u00eds dividido Cuando intentas [&hellip;]\" \/>\n<meta property=\"og:url\" content=\"https:\/\/viniciojarquin.com\/blog\/por-que-tanta-gente-venera-a-rodrigo-chaves\/\" \/>\n<meta property=\"og:site_name\" content=\"MI BLOG\" \/>\n<meta property=\"article:publisher\" content=\"https:\/\/www.facebook.com\/vinicio.jarquin\" \/>\n<meta property=\"article:author\" content=\"https:\/\/www.facebook.com\/vinicio.jarquin\" \/>\n<meta property=\"article:published_time\" content=\"2025-11-17T01:54:56+00:00\" \/>\n<meta property=\"article:modified_time\" content=\"2025-11-17T02:04:50+00:00\" \/>\n<meta property=\"og:image\" content=\"https:\/\/viniciojarquin.com\/blog\/wp-content\/uploads\/2025\/11\/Serie-reduc.jpg\" \/>\n\t<meta property=\"og:image:width\" content=\"800\" \/>\n\t<meta property=\"og:image:height\" content=\"400\" \/>\n\t<meta property=\"og:image:type\" content=\"image\/jpeg\" \/>\n<meta name=\"author\" content=\"Vinicio Jarqu\u00edn\" \/>\n<meta name=\"twitter:card\" content=\"summary_large_image\" \/>\n<meta name=\"twitter:label1\" content=\"Escrito por\" \/>\n\t<meta name=\"twitter:data1\" content=\"Vinicio Jarqu\u00edn\" \/>\n\t<meta name=\"twitter:label2\" content=\"Tiempo de lectura\" \/>\n\t<meta name=\"twitter:data2\" content=\"4 minutos\" \/>\n<script type=\"application\/ld+json\" class=\"yoast-schema-graph\">{\"@context\":\"https:\/\/schema.org\",\"@graph\":[{\"@type\":\"Article\",\"@id\":\"https:\/\/viniciojarquin.com\/blog\/por-que-tanta-gente-venera-a-rodrigo-chaves\/#article\",\"isPartOf\":{\"@id\":\"https:\/\/viniciojarquin.com\/blog\/por-que-tanta-gente-venera-a-rodrigo-chaves\/\"},\"author\":{\"name\":\"Vinicio Jarqu\u00edn\",\"@id\":\"https:\/\/viniciojarquin.com\/blog\/#\/schema\/person\/90100c8845ae55462ec0657d3d2f8d3b\"},\"headline\":\"Por qu\u00e9 tanta gente venera a Rodrigo Chaves\",\"datePublished\":\"2025-11-17T01:54:56+00:00\",\"dateModified\":\"2025-11-17T02:04:50+00:00\",\"mainEntityOfPage\":{\"@id\":\"https:\/\/viniciojarquin.com\/blog\/por-que-tanta-gente-venera-a-rodrigo-chaves\/\"},\"wordCount\":846,\"commentCount\":0,\"publisher\":{\"@id\":\"https:\/\/viniciojarquin.com\/blog\/#\/schema\/person\/90100c8845ae55462ec0657d3d2f8d3b\"},\"image\":{\"@id\":\"https:\/\/viniciojarquin.com\/blog\/por-que-tanta-gente-venera-a-rodrigo-chaves\/#primaryimage\"},\"thumbnailUrl\":\"https:\/\/viniciojarquin.com\/blog\/wp-content\/uploads\/2025\/11\/Serie-reduc.jpg\",\"articleSection\":[\"Serie: El fen\u00f3meno Chaves-Fern\u00e1ndez\"],\"inLanguage\":\"es\",\"potentialAction\":[{\"@type\":\"CommentAction\",\"name\":\"Comment\",\"target\":[\"https:\/\/viniciojarquin.com\/blog\/por-que-tanta-gente-venera-a-rodrigo-chaves\/#respond\"]}]},{\"@type\":\"WebPage\",\"@id\":\"https:\/\/viniciojarquin.com\/blog\/por-que-tanta-gente-venera-a-rodrigo-chaves\/\",\"url\":\"https:\/\/viniciojarquin.com\/blog\/por-que-tanta-gente-venera-a-rodrigo-chaves\/\",\"name\":\"Por qu\u00e9 tanta gente venera a Rodrigo Chaves - MI BLOG\",\"isPartOf\":{\"@id\":\"https:\/\/viniciojarquin.com\/blog\/#website\"},\"primaryImageOfPage\":{\"@id\":\"https:\/\/viniciojarquin.com\/blog\/por-que-tanta-gente-venera-a-rodrigo-chaves\/#primaryimage\"},\"image\":{\"@id\":\"https:\/\/viniciojarquin.com\/blog\/por-que-tanta-gente-venera-a-rodrigo-chaves\/#primaryimage\"},\"thumbnailUrl\":\"https:\/\/viniciojarquin.com\/blog\/wp-content\/uploads\/2025\/11\/Serie-reduc.jpg\",\"datePublished\":\"2025-11-17T01:54:56+00:00\",\"dateModified\":\"2025-11-17T02:04:50+00:00\",\"breadcrumb\":{\"@id\":\"https:\/\/viniciojarquin.com\/blog\/por-que-tanta-gente-venera-a-rodrigo-chaves\/#breadcrumb\"},\"inLanguage\":\"es\",\"potentialAction\":[{\"@type\":\"ReadAction\",\"target\":[\"https:\/\/viniciojarquin.com\/blog\/por-que-tanta-gente-venera-a-rodrigo-chaves\/\"]}]},{\"@type\":\"ImageObject\",\"inLanguage\":\"es\",\"@id\":\"https:\/\/viniciojarquin.com\/blog\/por-que-tanta-gente-venera-a-rodrigo-chaves\/#primaryimage\",\"url\":\"https:\/\/viniciojarquin.com\/blog\/wp-content\/uploads\/2025\/11\/Serie-reduc.jpg\",\"contentUrl\":\"https:\/\/viniciojarquin.com\/blog\/wp-content\/uploads\/2025\/11\/Serie-reduc.jpg\",\"width\":800,\"height\":400},{\"@type\":\"BreadcrumbList\",\"@id\":\"https:\/\/viniciojarquin.com\/blog\/por-que-tanta-gente-venera-a-rodrigo-chaves\/#breadcrumb\",\"itemListElement\":[{\"@type\":\"ListItem\",\"position\":1,\"name\":\"Portada\",\"item\":\"https:\/\/viniciojarquin.com\/blog\/\"},{\"@type\":\"ListItem\",\"position\":2,\"name\":\"Por qu\u00e9 tanta gente venera a Rodrigo Chaves\"}]},{\"@type\":\"WebSite\",\"@id\":\"https:\/\/viniciojarquin.com\/blog\/#website\",\"url\":\"https:\/\/viniciojarquin.com\/blog\/\",\"name\":\"Vinicio Jarqu\u00edn BLOG\",\"description\":\"\",\"publisher\":{\"@id\":\"https:\/\/viniciojarquin.com\/blog\/#\/schema\/person\/90100c8845ae55462ec0657d3d2f8d3b\"},\"potentialAction\":[{\"@type\":\"SearchAction\",\"target\":{\"@type\":\"EntryPoint\",\"urlTemplate\":\"https:\/\/viniciojarquin.com\/blog\/?s={search_term_string}\"},\"query-input\":{\"@type\":\"PropertyValueSpecification\",\"valueRequired\":true,\"valueName\":\"search_term_string\"}}],\"inLanguage\":\"es\"},{\"@type\":[\"Person\",\"Organization\"],\"@id\":\"https:\/\/viniciojarquin.com\/blog\/#\/schema\/person\/90100c8845ae55462ec0657d3d2f8d3b\",\"name\":\"Vinicio Jarqu\u00edn\",\"image\":{\"@type\":\"ImageObject\",\"inLanguage\":\"es\",\"@id\":\"https:\/\/viniciojarquin.com\/blog\/#\/schema\/person\/image\/\",\"url\":\"https:\/\/viniciojarquin.com\/blog\/wp-content\/uploads\/2024\/10\/Logo-VinicioJarquin-original-400.png\",\"contentUrl\":\"https:\/\/viniciojarquin.com\/blog\/wp-content\/uploads\/2024\/10\/Logo-VinicioJarquin-original-400.png\",\"width\":400,\"height\":130,\"caption\":\"Vinicio Jarqu\u00edn\"},\"logo\":{\"@id\":\"https:\/\/viniciojarquin.com\/blog\/#\/schema\/person\/image\/\"},\"description\":\"Empresario textil, artista pl\u00e1stico, escritor, coach de vida y fot\u00f3grafo.\",\"sameAs\":[\"https:\/\/viniciojarquin.com\/blog\",\"https:\/\/www.facebook.com\/vinicio.jarquin\",\"https:\/\/www.instagram.com\/vinicio_jarquin\/\",\"https:\/\/www.pinterest.com\/vinnyjc\/\",\"https:\/\/www.youtube.com\/@VinicioJarquin\"],\"url\":\"https:\/\/viniciojarquin.com\/blog\/author\/admin_s02au25i\/\"}]}<\/script>\n<!-- \/ Yoast SEO plugin. -->","yoast_head_json":{"title":"Por qu\u00e9 tanta gente venera a Rodrigo Chaves - MI BLOG","robots":{"index":"index","follow":"follow","max-snippet":"max-snippet:-1","max-image-preview":"max-image-preview:large","max-video-preview":"max-video-preview:-1"},"canonical":"https:\/\/viniciojarquin.com\/blog\/por-que-tanta-gente-venera-a-rodrigo-chaves\/","og_locale":"es_ES","og_type":"article","og_title":"Por qu\u00e9 tanta gente venera a Rodrigo Chaves - MI BLOG","og_description":"Art\u00edculo 1 de 7 art\u00edculos Serie: El fen\u00f3meno Chaves\u2013Fern\u00e1ndez El mapa emocional: la radiograf\u00eda de un pa\u00eds dividido Cuando intentas [&hellip;]","og_url":"https:\/\/viniciojarquin.com\/blog\/por-que-tanta-gente-venera-a-rodrigo-chaves\/","og_site_name":"MI BLOG","article_publisher":"https:\/\/www.facebook.com\/vinicio.jarquin","article_author":"https:\/\/www.facebook.com\/vinicio.jarquin","article_published_time":"2025-11-17T01:54:56+00:00","article_modified_time":"2025-11-17T02:04:50+00:00","og_image":[{"width":800,"height":400,"url":"https:\/\/viniciojarquin.com\/blog\/wp-content\/uploads\/2025\/11\/Serie-reduc.jpg","type":"image\/jpeg"}],"author":"Vinicio Jarqu\u00edn","twitter_card":"summary_large_image","twitter_misc":{"Escrito por":"Vinicio Jarqu\u00edn","Tiempo de lectura":"4 minutos"},"schema":{"@context":"https:\/\/schema.org","@graph":[{"@type":"Article","@id":"https:\/\/viniciojarquin.com\/blog\/por-que-tanta-gente-venera-a-rodrigo-chaves\/#article","isPartOf":{"@id":"https:\/\/viniciojarquin.com\/blog\/por-que-tanta-gente-venera-a-rodrigo-chaves\/"},"author":{"name":"Vinicio Jarqu\u00edn","@id":"https:\/\/viniciojarquin.com\/blog\/#\/schema\/person\/90100c8845ae55462ec0657d3d2f8d3b"},"headline":"Por qu\u00e9 tanta gente venera a Rodrigo Chaves","datePublished":"2025-11-17T01:54:56+00:00","dateModified":"2025-11-17T02:04:50+00:00","mainEntityOfPage":{"@id":"https:\/\/viniciojarquin.com\/blog\/por-que-tanta-gente-venera-a-rodrigo-chaves\/"},"wordCount":846,"commentCount":0,"publisher":{"@id":"https:\/\/viniciojarquin.com\/blog\/#\/schema\/person\/90100c8845ae55462ec0657d3d2f8d3b"},"image":{"@id":"https:\/\/viniciojarquin.com\/blog\/por-que-tanta-gente-venera-a-rodrigo-chaves\/#primaryimage"},"thumbnailUrl":"https:\/\/viniciojarquin.com\/blog\/wp-content\/uploads\/2025\/11\/Serie-reduc.jpg","articleSection":["Serie: El fen\u00f3meno Chaves-Fern\u00e1ndez"],"inLanguage":"es","potentialAction":[{"@type":"CommentAction","name":"Comment","target":["https:\/\/viniciojarquin.com\/blog\/por-que-tanta-gente-venera-a-rodrigo-chaves\/#respond"]}]},{"@type":"WebPage","@id":"https:\/\/viniciojarquin.com\/blog\/por-que-tanta-gente-venera-a-rodrigo-chaves\/","url":"https:\/\/viniciojarquin.com\/blog\/por-que-tanta-gente-venera-a-rodrigo-chaves\/","name":"Por qu\u00e9 tanta gente venera a Rodrigo Chaves - MI BLOG","isPartOf":{"@id":"https:\/\/viniciojarquin.com\/blog\/#website"},"primaryImageOfPage":{"@id":"https:\/\/viniciojarquin.com\/blog\/por-que-tanta-gente-venera-a-rodrigo-chaves\/#primaryimage"},"image":{"@id":"https:\/\/viniciojarquin.com\/blog\/por-que-tanta-gente-venera-a-rodrigo-chaves\/#primaryimage"},"thumbnailUrl":"https:\/\/viniciojarquin.com\/blog\/wp-content\/uploads\/2025\/11\/Serie-reduc.jpg","datePublished":"2025-11-17T01:54:56+00:00","dateModified":"2025-11-17T02:04:50+00:00","breadcrumb":{"@id":"https:\/\/viniciojarquin.com\/blog\/por-que-tanta-gente-venera-a-rodrigo-chaves\/#breadcrumb"},"inLanguage":"es","potentialAction":[{"@type":"ReadAction","target":["https:\/\/viniciojarquin.com\/blog\/por-que-tanta-gente-venera-a-rodrigo-chaves\/"]}]},{"@type":"ImageObject","inLanguage":"es","@id":"https:\/\/viniciojarquin.com\/blog\/por-que-tanta-gente-venera-a-rodrigo-chaves\/#primaryimage","url":"https:\/\/viniciojarquin.com\/blog\/wp-content\/uploads\/2025\/11\/Serie-reduc.jpg","contentUrl":"https:\/\/viniciojarquin.com\/blog\/wp-content\/uploads\/2025\/11\/Serie-reduc.jpg","width":800,"height":400},{"@type":"BreadcrumbList","@id":"https:\/\/viniciojarquin.com\/blog\/por-que-tanta-gente-venera-a-rodrigo-chaves\/#breadcrumb","itemListElement":[{"@type":"ListItem","position":1,"name":"Portada","item":"https:\/\/viniciojarquin.com\/blog\/"},{"@type":"ListItem","position":2,"name":"Por qu\u00e9 tanta gente venera a Rodrigo Chaves"}]},{"@type":"WebSite","@id":"https:\/\/viniciojarquin.com\/blog\/#website","url":"https:\/\/viniciojarquin.com\/blog\/","name":"Vinicio Jarqu\u00edn BLOG","description":"","publisher":{"@id":"https:\/\/viniciojarquin.com\/blog\/#\/schema\/person\/90100c8845ae55462ec0657d3d2f8d3b"},"potentialAction":[{"@type":"SearchAction","target":{"@type":"EntryPoint","urlTemplate":"https:\/\/viniciojarquin.com\/blog\/?s={search_term_string}"},"query-input":{"@type":"PropertyValueSpecification","valueRequired":true,"valueName":"search_term_string"}}],"inLanguage":"es"},{"@type":["Person","Organization"],"@id":"https:\/\/viniciojarquin.com\/blog\/#\/schema\/person\/90100c8845ae55462ec0657d3d2f8d3b","name":"Vinicio Jarqu\u00edn","image":{"@type":"ImageObject","inLanguage":"es","@id":"https:\/\/viniciojarquin.com\/blog\/#\/schema\/person\/image\/","url":"https:\/\/viniciojarquin.com\/blog\/wp-content\/uploads\/2024\/10\/Logo-VinicioJarquin-original-400.png","contentUrl":"https:\/\/viniciojarquin.com\/blog\/wp-content\/uploads\/2024\/10\/Logo-VinicioJarquin-original-400.png","width":400,"height":130,"caption":"Vinicio Jarqu\u00edn"},"logo":{"@id":"https:\/\/viniciojarquin.com\/blog\/#\/schema\/person\/image\/"},"description":"Empresario textil, artista pl\u00e1stico, escritor, coach de vida y fot\u00f3grafo.","sameAs":["https:\/\/viniciojarquin.com\/blog","https:\/\/www.facebook.com\/vinicio.jarquin","https:\/\/www.instagram.com\/vinicio_jarquin\/","https:\/\/www.pinterest.com\/vinnyjc\/","https:\/\/www.youtube.com\/@VinicioJarquin"],"url":"https:\/\/viniciojarquin.com\/blog\/author\/admin_s02au25i\/"}]}},"blog_post_layout_featured_media_urls":{"thumbnail":["https:\/\/viniciojarquin.com\/blog\/wp-content\/uploads\/2025\/11\/Serie-reduc-150x150.jpg",150,150,true],"full":["https:\/\/viniciojarquin.com\/blog\/wp-content\/uploads\/2025\/11\/Serie-reduc.jpg",800,400,false]},"categories_names":{"22":{"name":"Serie: El fen\u00f3meno Chaves-Fern\u00e1ndez","link":"https:\/\/viniciojarquin.com\/blog\/category\/serie-el-fenomeno-chaves-fernandez\/"}},"tags_names":[],"comments_number":"0","_links":{"self":[{"href":"https:\/\/viniciojarquin.com\/blog\/wp-json\/wp\/v2\/posts\/1325","targetHints":{"allow":["GET"]}}],"collection":[{"href":"https:\/\/viniciojarquin.com\/blog\/wp-json\/wp\/v2\/posts"}],"about":[{"href":"https:\/\/viniciojarquin.com\/blog\/wp-json\/wp\/v2\/types\/post"}],"author":[{"embeddable":true,"href":"https:\/\/viniciojarquin.com\/blog\/wp-json\/wp\/v2\/users\/1"}],"replies":[{"embeddable":true,"href":"https:\/\/viniciojarquin.com\/blog\/wp-json\/wp\/v2\/comments?post=1325"}],"version-history":[{"count":4,"href":"https:\/\/viniciojarquin.com\/blog\/wp-json\/wp\/v2\/posts\/1325\/revisions"}],"predecessor-version":[{"id":1345,"href":"https:\/\/viniciojarquin.com\/blog\/wp-json\/wp\/v2\/posts\/1325\/revisions\/1345"}],"wp:featuredmedia":[{"embeddable":true,"href":"https:\/\/viniciojarquin.com\/blog\/wp-json\/wp\/v2\/media\/1326"}],"wp:attachment":[{"href":"https:\/\/viniciojarquin.com\/blog\/wp-json\/wp\/v2\/media?parent=1325"}],"wp:term":[{"taxonomy":"category","embeddable":true,"href":"https:\/\/viniciojarquin.com\/blog\/wp-json\/wp\/v2\/categories?post=1325"},{"taxonomy":"post_tag","embeddable":true,"href":"https:\/\/viniciojarquin.com\/blog\/wp-json\/wp\/v2\/tags?post=1325"}],"curies":[{"name":"wp","href":"https:\/\/api.w.org\/{rel}","templated":true}]}}