{"id":1328,"date":"2025-11-17T02:02:33","date_gmt":"2025-11-17T02:02:33","guid":{"rendered":"https:\/\/viniciojarquin.com\/blog\/?p=1328"},"modified":"2025-11-17T02:11:04","modified_gmt":"2025-11-17T02:11:04","slug":"por-que-veneran-a-laura-si-laura-no-es-ni-la-sombra-de-rodrigo","status":"publish","type":"post","link":"https:\/\/viniciojarquin.com\/blog\/por-que-veneran-a-laura-si-laura-no-es-ni-la-sombra-de-rodrigo\/","title":{"rendered":"\u00bfPor qu\u00e9 veneran a Laura si Laura no es ni la sombra de Rodrigo?"},"content":{"rendered":"\n<p><strong>Art\u00edculo 2 de 7 art\u00edculos<\/strong><\/p>\n\n\n\n<p><strong>Serie: El fen\u00f3meno Chaves\u2013Fern\u00e1ndez<\/strong><\/p>\n\n\n\n<p><strong>El mapa emocional: la radiograf\u00eda de un pa\u00eds dividido<\/strong><\/p>\n\n\n\n<p><\/p>\n\n\n\n<p>Cuando intentas comprender por qu\u00e9 una figura tan distinta como Laura recibe un nivel de devoci\u00f3n que no coincide con su trayectoria, su liderazgo o su presencia p\u00fablica, es necesario entender que en realidad la veneraci\u00f3n no es hacia ella. Para una buena parte del electorado, Laura funciona como un s\u00edmbolo prestado, casi como un avatar emocional del l\u00edder original. No es percibida como un sujeto pol\u00edtico aut\u00f3nomo, sino como una prolongaci\u00f3n afectiva de Rodrigo, una especie de recipiente donde se deposita el cari\u00f1o, la rabia, la lealtad o la ilusi\u00f3n que la gente siente por \u00e9l. El apoyo a Laura no nace de qui\u00e9n es ella, sino de a qui\u00e9n pertenece en t\u00e9rminos simb\u00f3licos.<\/p>\n\n\n\n<p>La idea de \u201ccontinuidad\u201d es otro de los pilares de este fen\u00f3meno. En el lenguaje emocional del populismo, continuidad significa que el seguidor no pierde al l\u00edder, aunque oficialmente ya no est\u00e9. Es como decirle: \u201cNo te preocupes, \u00e9l sigue mandando desde lejos, sigue guiando, sigue hablando a trav\u00e9s de ella\u201d. Ese pensamiento activa en la mente del creyente un anclaje afectivo muy profundo: no se acaba la relaci\u00f3n con el l\u00edder, solo cambia de forma. Y cuando alguien tiene una relaci\u00f3n emocional con una figura pol\u00edtica, la continuidad se convierte en una promesa de estabilidad psicol\u00f3gica.<\/p>\n\n\n\n<p>Por eso, muchos sienten que votar por Laura equivale a votar por Rodrigo. La ecuaci\u00f3n es tan simple como peligrosa: no votan por un plan de gobierno, ni por ideas, ni por una propuesta concreta de pa\u00eds. Votan por una fantas\u00eda de prolongaci\u00f3n emocional. Lo hacen porque su mente ha vinculado a Laura con la sensaci\u00f3n de pertenencia que alguna vez les despert\u00f3 Rodrigo. No lo dicen, porque a nivel racional saben que no suena l\u00f3gico; pero a nivel inconsciente, la decisi\u00f3n nace de ese v\u00ednculo simb\u00f3lico.<\/p>\n\n\n\n<p>El hecho de que Rodrigo la presentara como su elegida a\u00f1ade un matiz casi religioso al fen\u00f3meno. En grupos emocionalmente dependientes del l\u00edder, su \u201cbendici\u00f3n\u201d crea una legitimidad autom\u00e1tica. No importa si Laura no desarrolla ideas, si no profundiza, si no confronta, si no exhibe liderazgo propio. En la mente del seguidor, la legitimidad se transfiere por contacto, como si la aprobaci\u00f3n del profeta fuera suficiente para que el disc\u00edpulo heredara la misi\u00f3n. Esa transferencia emocional es una de las herramientas m\u00e1s efectivas del populismo.<\/p>\n\n\n\n<p>Existe adem\u00e1s una creencia muy curiosa: la idea de que Laura ser\u00e1 f\u00e1cil de controlar. Para muchos seguidores, lejos de ser un problema, eso es reconfortante. Porque si sienten que ella es manipulable, interpretan que el verdadero l\u00edder seguir\u00e1 moviendo los hilos desde afuera, lo cual les devuelve seguridad emocional. La noci\u00f3n de un poder invisible pero presente satisface la necesidad inconsciente de protecci\u00f3n que caracteriza a los movimientos populistas.<\/p>\n\n\n\n<p>Otro elemento es que Laura no expone ideas, sino frases. Y para quienes votan desde el coraz\u00f3n herido m\u00e1s que desde una mente cr\u00edtica, eso basta. No necesitan profundidad, solo el eco emocional de lo que ya creen. La siguen porque sienten que ella repite lo que \u00e9l dir\u00eda, no porque perciban que ofrece un proyecto propio. No la han comparado con nada, porque esa comparaci\u00f3n nunca fue necesaria: si \u00e9l dijo \u201cella\u201d, entonces \u201cella\u201d, y ya est\u00e1.<\/p>\n\n\n\n<p>Entre algunos grupos de poder, el atractivo de Laura radica en la percepci\u00f3n de docilidad. Una presidenta d\u00f3cil resulta ideal para quienes buscan controlar sin confrontar, guiar sin resistencia, y mantener intacto el ego del l\u00edder real sin que surja una competencia interna. Desde una l\u00f3gica populista, un heredero fuerte puede desafiar al mito; uno obediente lo sostiene sin cuestionarlo.<\/p>\n\n\n\n<p>Mientras los dem\u00e1s candidatos se desgastan explicando cifras, programas y estrategias, Laura solo necesita sonre\u00edr, repetir y sostener la foto del l\u00edder. Es una campa\u00f1a completamente emocional, no racional. Y en un pa\u00eds donde el agotamiento emocional es profundo, ese tipo de campa\u00f1a funciona con una facilidad alarmante.<\/p>\n\n\n\n<p>Adem\u00e1s, ella no inspira miedo. Y aunque parezca menor, en pol\u00edtica eso pesa. El populismo descansa en dos emociones principales: miedo y devoci\u00f3n. Laura no despierta el primero, pero mantiene vivo el segundo. Su presencia conserva encendido el v\u00ednculo afectivo con el proyecto del l\u00edder original. Y mientras la devoci\u00f3n permanezca intacta, la maquinaria emocional contin\u00faa funcionando.<\/p>\n\n\n\n<p>Al final, la conclusi\u00f3n es dolorosa. Laura no es venerada por m\u00e9rito propio. No es admirada por trayectoria, ni respetada por liderazgo, ni defendida por propuestas. Es un producto de transferencia emocional. Es la heredera obediente que el populismo necesita, no para fortalecer un proyecto pol\u00edtico real, sino para extender la sombra del l\u00edder sin cuestionarla jam\u00e1s.<\/p>\n\n\n\n<figure class=\"wp-block-image size-full\"><img decoding=\"async\" width=\"800\" height=\"400\" data-src=\"https:\/\/viniciojarquin.com\/blog\/wp-content\/uploads\/2025\/11\/Serie-reduc.jpg\" alt=\"\" class=\"wp-image-1326 lazyload\" data-srcset=\"https:\/\/viniciojarquin.com\/blog\/wp-content\/uploads\/2025\/11\/Serie-reduc.jpg 800w, https:\/\/viniciojarquin.com\/blog\/wp-content\/uploads\/2025\/11\/Serie-reduc-300x150.jpg 300w, https:\/\/viniciojarquin.com\/blog\/wp-content\/uploads\/2025\/11\/Serie-reduc-768x384.jpg 768w\" data-sizes=\"(max-width: 800px) 100vw, 800px\" src=\"data:image\/svg+xml;base64,PHN2ZyB3aWR0aD0iMSIgaGVpZ2h0PSIxIiB4bWxucz0iaHR0cDovL3d3dy53My5vcmcvMjAwMC9zdmciPjwvc3ZnPg==\" style=\"--smush-placeholder-width: 800px; --smush-placeholder-aspect-ratio: 800\/400;\" \/><\/figure>\n","protected":false},"excerpt":{"rendered":"<p>Art\u00edculo 2 de 7 art\u00edculos Serie: El fen\u00f3meno Chaves\u2013Fern\u00e1ndez El mapa emocional: la radiograf\u00eda de un pa\u00eds dividido Cuando intentas [&hellip;]<\/p>\n","protected":false},"author":1,"featured_media":1326,"comment_status":"open","ping_status":"open","sticky":false,"template":"","format":"standard","meta":{"site-sidebar-layout":"default","site-content-layout":"","ast-site-content-layout":"","site-content-style":"default","site-sidebar-style":"default","ast-global-header-display":"","ast-banner-title-visibility":"","ast-main-header-display":"","ast-hfb-above-header-display":"","ast-hfb-below-header-display":"","ast-hfb-mobile-header-display":"","site-post-title":"","ast-breadcrumbs-content":"","ast-featured-img":"","footer-sml-layout":"","theme-transparent-header-meta":"","adv-header-id-meta":"","stick-header-meta":"","header-above-stick-meta":"","header-main-stick-meta":"","header-below-stick-meta":"","astra-migrate-meta-layouts":"default","ast-page-background-enabled":"default","ast-page-background-meta":{"desktop":{"background-color":"var(--ast-global-color-5)","background-image":"","background-repeat":"repeat","background-position":"center center","background-size":"auto","background-attachment":"scroll","background-type":"","background-media":"","overlay-type":"","overlay-color":"","overlay-opacity":"","overlay-gradient":""},"tablet":{"background-color":"","background-image":"","background-repeat":"repeat","background-position":"center center","background-size":"auto","background-attachment":"scroll","background-type":"","background-media":"","overlay-type":"","overlay-color":"","overlay-opacity":"","overlay-gradient":""},"mobile":{"background-color":"","background-image":"","background-repeat":"repeat","background-position":"center center","background-size":"auto","background-attachment":"scroll","background-type":"","background-media":"","overlay-type":"","overlay-color":"","overlay-opacity":"","overlay-gradient":""}},"ast-content-background-meta":{"desktop":{"background-color":"var(--ast-global-color-4)","background-image":"","background-repeat":"repeat","background-position":"center center","background-size":"auto","background-attachment":"scroll","background-type":"","background-media":"","overlay-type":"","overlay-color":"","overlay-opacity":"","overlay-gradient":""},"tablet":{"background-color":"var(--ast-global-color-4)","background-image":"","background-repeat":"repeat","background-position":"center center","background-size":"auto","background-attachment":"scroll","background-type":"","background-media":"","overlay-type":"","overlay-color":"","overlay-opacity":"","overlay-gradient":""},"mobile":{"background-color":"var(--ast-global-color-4)","background-image":"","background-repeat":"repeat","background-position":"center center","background-size":"auto","background-attachment":"scroll","background-type":"","background-media":"","overlay-type":"","overlay-color":"","overlay-opacity":"","overlay-gradient":""}},"footnotes":""},"categories":[22],"tags":[],"class_list":["post-1328","post","type-post","status-publish","format-standard","has-post-thumbnail","hentry","category-serie-el-fenomeno-chaves-fernandez"],"yoast_head":"<!-- This site is optimized with the Yoast SEO plugin v26.0 - https:\/\/yoast.com\/wordpress\/plugins\/seo\/ -->\n<title>\u00bfPor qu\u00e9 veneran a Laura si Laura no es ni la sombra de Rodrigo? - MI BLOG<\/title>\n<meta name=\"robots\" content=\"index, follow, max-snippet:-1, max-image-preview:large, max-video-preview:-1\" \/>\n<link rel=\"canonical\" href=\"https:\/\/viniciojarquin.com\/blog\/por-que-veneran-a-laura-si-laura-no-es-ni-la-sombra-de-rodrigo\/\" \/>\n<meta property=\"og:locale\" content=\"es_ES\" \/>\n<meta property=\"og:type\" content=\"article\" \/>\n<meta property=\"og:title\" content=\"\u00bfPor qu\u00e9 veneran a Laura si Laura no es ni la sombra de Rodrigo? - MI BLOG\" \/>\n<meta property=\"og:description\" content=\"Art\u00edculo 2 de 7 art\u00edculos Serie: El fen\u00f3meno Chaves\u2013Fern\u00e1ndez El mapa emocional: la radiograf\u00eda de un pa\u00eds dividido Cuando intentas [&hellip;]\" \/>\n<meta property=\"og:url\" content=\"https:\/\/viniciojarquin.com\/blog\/por-que-veneran-a-laura-si-laura-no-es-ni-la-sombra-de-rodrigo\/\" \/>\n<meta property=\"og:site_name\" content=\"MI BLOG\" \/>\n<meta property=\"article:publisher\" content=\"https:\/\/www.facebook.com\/vinicio.jarquin\" \/>\n<meta property=\"article:author\" content=\"https:\/\/www.facebook.com\/vinicio.jarquin\" \/>\n<meta property=\"article:published_time\" content=\"2025-11-17T02:02:33+00:00\" \/>\n<meta property=\"article:modified_time\" content=\"2025-11-17T02:11:04+00:00\" \/>\n<meta property=\"og:image\" content=\"https:\/\/viniciojarquin.com\/blog\/wp-content\/uploads\/2025\/11\/Serie-reduc.jpg\" \/>\n\t<meta property=\"og:image:width\" content=\"800\" \/>\n\t<meta property=\"og:image:height\" content=\"400\" \/>\n\t<meta property=\"og:image:type\" content=\"image\/jpeg\" \/>\n<meta name=\"author\" content=\"Vinicio Jarqu\u00edn\" \/>\n<meta name=\"twitter:card\" content=\"summary_large_image\" \/>\n<meta name=\"twitter:label1\" content=\"Escrito por\" \/>\n\t<meta name=\"twitter:data1\" content=\"Vinicio Jarqu\u00edn\" \/>\n\t<meta name=\"twitter:label2\" content=\"Tiempo de lectura\" \/>\n\t<meta name=\"twitter:data2\" content=\"4 minutos\" \/>\n<script type=\"application\/ld+json\" class=\"yoast-schema-graph\">{\"@context\":\"https:\/\/schema.org\",\"@graph\":[{\"@type\":\"Article\",\"@id\":\"https:\/\/viniciojarquin.com\/blog\/por-que-veneran-a-laura-si-laura-no-es-ni-la-sombra-de-rodrigo\/#article\",\"isPartOf\":{\"@id\":\"https:\/\/viniciojarquin.com\/blog\/por-que-veneran-a-laura-si-laura-no-es-ni-la-sombra-de-rodrigo\/\"},\"author\":{\"name\":\"Vinicio Jarqu\u00edn\",\"@id\":\"https:\/\/viniciojarquin.com\/blog\/#\/schema\/person\/90100c8845ae55462ec0657d3d2f8d3b\"},\"headline\":\"\u00bfPor qu\u00e9 veneran a Laura si Laura no es ni la sombra de Rodrigo?\",\"datePublished\":\"2025-11-17T02:02:33+00:00\",\"dateModified\":\"2025-11-17T02:11:04+00:00\",\"mainEntityOfPage\":{\"@id\":\"https:\/\/viniciojarquin.com\/blog\/por-que-veneran-a-laura-si-laura-no-es-ni-la-sombra-de-rodrigo\/\"},\"wordCount\":863,\"commentCount\":0,\"publisher\":{\"@id\":\"https:\/\/viniciojarquin.com\/blog\/#\/schema\/person\/90100c8845ae55462ec0657d3d2f8d3b\"},\"image\":{\"@id\":\"https:\/\/viniciojarquin.com\/blog\/por-que-veneran-a-laura-si-laura-no-es-ni-la-sombra-de-rodrigo\/#primaryimage\"},\"thumbnailUrl\":\"https:\/\/viniciojarquin.com\/blog\/wp-content\/uploads\/2025\/11\/Serie-reduc.jpg\",\"articleSection\":[\"Serie: El fen\u00f3meno Chaves-Fern\u00e1ndez\"],\"inLanguage\":\"es\",\"potentialAction\":[{\"@type\":\"CommentAction\",\"name\":\"Comment\",\"target\":[\"https:\/\/viniciojarquin.com\/blog\/por-que-veneran-a-laura-si-laura-no-es-ni-la-sombra-de-rodrigo\/#respond\"]}]},{\"@type\":\"WebPage\",\"@id\":\"https:\/\/viniciojarquin.com\/blog\/por-que-veneran-a-laura-si-laura-no-es-ni-la-sombra-de-rodrigo\/\",\"url\":\"https:\/\/viniciojarquin.com\/blog\/por-que-veneran-a-laura-si-laura-no-es-ni-la-sombra-de-rodrigo\/\",\"name\":\"\u00bfPor qu\u00e9 veneran a Laura si Laura no es ni la sombra de Rodrigo? - MI BLOG\",\"isPartOf\":{\"@id\":\"https:\/\/viniciojarquin.com\/blog\/#website\"},\"primaryImageOfPage\":{\"@id\":\"https:\/\/viniciojarquin.com\/blog\/por-que-veneran-a-laura-si-laura-no-es-ni-la-sombra-de-rodrigo\/#primaryimage\"},\"image\":{\"@id\":\"https:\/\/viniciojarquin.com\/blog\/por-que-veneran-a-laura-si-laura-no-es-ni-la-sombra-de-rodrigo\/#primaryimage\"},\"thumbnailUrl\":\"https:\/\/viniciojarquin.com\/blog\/wp-content\/uploads\/2025\/11\/Serie-reduc.jpg\",\"datePublished\":\"2025-11-17T02:02:33+00:00\",\"dateModified\":\"2025-11-17T02:11:04+00:00\",\"breadcrumb\":{\"@id\":\"https:\/\/viniciojarquin.com\/blog\/por-que-veneran-a-laura-si-laura-no-es-ni-la-sombra-de-rodrigo\/#breadcrumb\"},\"inLanguage\":\"es\",\"potentialAction\":[{\"@type\":\"ReadAction\",\"target\":[\"https:\/\/viniciojarquin.com\/blog\/por-que-veneran-a-laura-si-laura-no-es-ni-la-sombra-de-rodrigo\/\"]}]},{\"@type\":\"ImageObject\",\"inLanguage\":\"es\",\"@id\":\"https:\/\/viniciojarquin.com\/blog\/por-que-veneran-a-laura-si-laura-no-es-ni-la-sombra-de-rodrigo\/#primaryimage\",\"url\":\"https:\/\/viniciojarquin.com\/blog\/wp-content\/uploads\/2025\/11\/Serie-reduc.jpg\",\"contentUrl\":\"https:\/\/viniciojarquin.com\/blog\/wp-content\/uploads\/2025\/11\/Serie-reduc.jpg\",\"width\":800,\"height\":400},{\"@type\":\"BreadcrumbList\",\"@id\":\"https:\/\/viniciojarquin.com\/blog\/por-que-veneran-a-laura-si-laura-no-es-ni-la-sombra-de-rodrigo\/#breadcrumb\",\"itemListElement\":[{\"@type\":\"ListItem\",\"position\":1,\"name\":\"Portada\",\"item\":\"https:\/\/viniciojarquin.com\/blog\/\"},{\"@type\":\"ListItem\",\"position\":2,\"name\":\"\u00bfPor qu\u00e9 veneran a Laura si Laura no es ni la sombra de Rodrigo?\"}]},{\"@type\":\"WebSite\",\"@id\":\"https:\/\/viniciojarquin.com\/blog\/#website\",\"url\":\"https:\/\/viniciojarquin.com\/blog\/\",\"name\":\"Vinicio Jarqu\u00edn BLOG\",\"description\":\"\",\"publisher\":{\"@id\":\"https:\/\/viniciojarquin.com\/blog\/#\/schema\/person\/90100c8845ae55462ec0657d3d2f8d3b\"},\"potentialAction\":[{\"@type\":\"SearchAction\",\"target\":{\"@type\":\"EntryPoint\",\"urlTemplate\":\"https:\/\/viniciojarquin.com\/blog\/?s={search_term_string}\"},\"query-input\":{\"@type\":\"PropertyValueSpecification\",\"valueRequired\":true,\"valueName\":\"search_term_string\"}}],\"inLanguage\":\"es\"},{\"@type\":[\"Person\",\"Organization\"],\"@id\":\"https:\/\/viniciojarquin.com\/blog\/#\/schema\/person\/90100c8845ae55462ec0657d3d2f8d3b\",\"name\":\"Vinicio Jarqu\u00edn\",\"image\":{\"@type\":\"ImageObject\",\"inLanguage\":\"es\",\"@id\":\"https:\/\/viniciojarquin.com\/blog\/#\/schema\/person\/image\/\",\"url\":\"https:\/\/viniciojarquin.com\/blog\/wp-content\/uploads\/2024\/10\/Logo-VinicioJarquin-original-400.png\",\"contentUrl\":\"https:\/\/viniciojarquin.com\/blog\/wp-content\/uploads\/2024\/10\/Logo-VinicioJarquin-original-400.png\",\"width\":400,\"height\":130,\"caption\":\"Vinicio Jarqu\u00edn\"},\"logo\":{\"@id\":\"https:\/\/viniciojarquin.com\/blog\/#\/schema\/person\/image\/\"},\"description\":\"Empresario textil, artista pl\u00e1stico, escritor, coach de vida y fot\u00f3grafo.\",\"sameAs\":[\"https:\/\/viniciojarquin.com\/blog\",\"https:\/\/www.facebook.com\/vinicio.jarquin\",\"https:\/\/www.instagram.com\/vinicio_jarquin\/\",\"https:\/\/www.pinterest.com\/vinnyjc\/\",\"https:\/\/www.youtube.com\/@VinicioJarquin\"],\"url\":\"https:\/\/viniciojarquin.com\/blog\/author\/admin_s02au25i\/\"}]}<\/script>\n<!-- \/ Yoast SEO plugin. -->","yoast_head_json":{"title":"\u00bfPor qu\u00e9 veneran a Laura si Laura no es ni la sombra de Rodrigo? - MI BLOG","robots":{"index":"index","follow":"follow","max-snippet":"max-snippet:-1","max-image-preview":"max-image-preview:large","max-video-preview":"max-video-preview:-1"},"canonical":"https:\/\/viniciojarquin.com\/blog\/por-que-veneran-a-laura-si-laura-no-es-ni-la-sombra-de-rodrigo\/","og_locale":"es_ES","og_type":"article","og_title":"\u00bfPor qu\u00e9 veneran a Laura si Laura no es ni la sombra de Rodrigo? - MI BLOG","og_description":"Art\u00edculo 2 de 7 art\u00edculos Serie: El fen\u00f3meno Chaves\u2013Fern\u00e1ndez El mapa emocional: la radiograf\u00eda de un pa\u00eds dividido Cuando intentas [&hellip;]","og_url":"https:\/\/viniciojarquin.com\/blog\/por-que-veneran-a-laura-si-laura-no-es-ni-la-sombra-de-rodrigo\/","og_site_name":"MI BLOG","article_publisher":"https:\/\/www.facebook.com\/vinicio.jarquin","article_author":"https:\/\/www.facebook.com\/vinicio.jarquin","article_published_time":"2025-11-17T02:02:33+00:00","article_modified_time":"2025-11-17T02:11:04+00:00","og_image":[{"width":800,"height":400,"url":"https:\/\/viniciojarquin.com\/blog\/wp-content\/uploads\/2025\/11\/Serie-reduc.jpg","type":"image\/jpeg"}],"author":"Vinicio Jarqu\u00edn","twitter_card":"summary_large_image","twitter_misc":{"Escrito por":"Vinicio Jarqu\u00edn","Tiempo de lectura":"4 minutos"},"schema":{"@context":"https:\/\/schema.org","@graph":[{"@type":"Article","@id":"https:\/\/viniciojarquin.com\/blog\/por-que-veneran-a-laura-si-laura-no-es-ni-la-sombra-de-rodrigo\/#article","isPartOf":{"@id":"https:\/\/viniciojarquin.com\/blog\/por-que-veneran-a-laura-si-laura-no-es-ni-la-sombra-de-rodrigo\/"},"author":{"name":"Vinicio Jarqu\u00edn","@id":"https:\/\/viniciojarquin.com\/blog\/#\/schema\/person\/90100c8845ae55462ec0657d3d2f8d3b"},"headline":"\u00bfPor qu\u00e9 veneran a Laura si Laura no es ni la sombra de Rodrigo?","datePublished":"2025-11-17T02:02:33+00:00","dateModified":"2025-11-17T02:11:04+00:00","mainEntityOfPage":{"@id":"https:\/\/viniciojarquin.com\/blog\/por-que-veneran-a-laura-si-laura-no-es-ni-la-sombra-de-rodrigo\/"},"wordCount":863,"commentCount":0,"publisher":{"@id":"https:\/\/viniciojarquin.com\/blog\/#\/schema\/person\/90100c8845ae55462ec0657d3d2f8d3b"},"image":{"@id":"https:\/\/viniciojarquin.com\/blog\/por-que-veneran-a-laura-si-laura-no-es-ni-la-sombra-de-rodrigo\/#primaryimage"},"thumbnailUrl":"https:\/\/viniciojarquin.com\/blog\/wp-content\/uploads\/2025\/11\/Serie-reduc.jpg","articleSection":["Serie: El fen\u00f3meno Chaves-Fern\u00e1ndez"],"inLanguage":"es","potentialAction":[{"@type":"CommentAction","name":"Comment","target":["https:\/\/viniciojarquin.com\/blog\/por-que-veneran-a-laura-si-laura-no-es-ni-la-sombra-de-rodrigo\/#respond"]}]},{"@type":"WebPage","@id":"https:\/\/viniciojarquin.com\/blog\/por-que-veneran-a-laura-si-laura-no-es-ni-la-sombra-de-rodrigo\/","url":"https:\/\/viniciojarquin.com\/blog\/por-que-veneran-a-laura-si-laura-no-es-ni-la-sombra-de-rodrigo\/","name":"\u00bfPor qu\u00e9 veneran a Laura si Laura no es ni la sombra de Rodrigo? - MI BLOG","isPartOf":{"@id":"https:\/\/viniciojarquin.com\/blog\/#website"},"primaryImageOfPage":{"@id":"https:\/\/viniciojarquin.com\/blog\/por-que-veneran-a-laura-si-laura-no-es-ni-la-sombra-de-rodrigo\/#primaryimage"},"image":{"@id":"https:\/\/viniciojarquin.com\/blog\/por-que-veneran-a-laura-si-laura-no-es-ni-la-sombra-de-rodrigo\/#primaryimage"},"thumbnailUrl":"https:\/\/viniciojarquin.com\/blog\/wp-content\/uploads\/2025\/11\/Serie-reduc.jpg","datePublished":"2025-11-17T02:02:33+00:00","dateModified":"2025-11-17T02:11:04+00:00","breadcrumb":{"@id":"https:\/\/viniciojarquin.com\/blog\/por-que-veneran-a-laura-si-laura-no-es-ni-la-sombra-de-rodrigo\/#breadcrumb"},"inLanguage":"es","potentialAction":[{"@type":"ReadAction","target":["https:\/\/viniciojarquin.com\/blog\/por-que-veneran-a-laura-si-laura-no-es-ni-la-sombra-de-rodrigo\/"]}]},{"@type":"ImageObject","inLanguage":"es","@id":"https:\/\/viniciojarquin.com\/blog\/por-que-veneran-a-laura-si-laura-no-es-ni-la-sombra-de-rodrigo\/#primaryimage","url":"https:\/\/viniciojarquin.com\/blog\/wp-content\/uploads\/2025\/11\/Serie-reduc.jpg","contentUrl":"https:\/\/viniciojarquin.com\/blog\/wp-content\/uploads\/2025\/11\/Serie-reduc.jpg","width":800,"height":400},{"@type":"BreadcrumbList","@id":"https:\/\/viniciojarquin.com\/blog\/por-que-veneran-a-laura-si-laura-no-es-ni-la-sombra-de-rodrigo\/#breadcrumb","itemListElement":[{"@type":"ListItem","position":1,"name":"Portada","item":"https:\/\/viniciojarquin.com\/blog\/"},{"@type":"ListItem","position":2,"name":"\u00bfPor qu\u00e9 veneran a Laura si Laura no es ni la sombra de Rodrigo?"}]},{"@type":"WebSite","@id":"https:\/\/viniciojarquin.com\/blog\/#website","url":"https:\/\/viniciojarquin.com\/blog\/","name":"Vinicio Jarqu\u00edn BLOG","description":"","publisher":{"@id":"https:\/\/viniciojarquin.com\/blog\/#\/schema\/person\/90100c8845ae55462ec0657d3d2f8d3b"},"potentialAction":[{"@type":"SearchAction","target":{"@type":"EntryPoint","urlTemplate":"https:\/\/viniciojarquin.com\/blog\/?s={search_term_string}"},"query-input":{"@type":"PropertyValueSpecification","valueRequired":true,"valueName":"search_term_string"}}],"inLanguage":"es"},{"@type":["Person","Organization"],"@id":"https:\/\/viniciojarquin.com\/blog\/#\/schema\/person\/90100c8845ae55462ec0657d3d2f8d3b","name":"Vinicio Jarqu\u00edn","image":{"@type":"ImageObject","inLanguage":"es","@id":"https:\/\/viniciojarquin.com\/blog\/#\/schema\/person\/image\/","url":"https:\/\/viniciojarquin.com\/blog\/wp-content\/uploads\/2024\/10\/Logo-VinicioJarquin-original-400.png","contentUrl":"https:\/\/viniciojarquin.com\/blog\/wp-content\/uploads\/2024\/10\/Logo-VinicioJarquin-original-400.png","width":400,"height":130,"caption":"Vinicio Jarqu\u00edn"},"logo":{"@id":"https:\/\/viniciojarquin.com\/blog\/#\/schema\/person\/image\/"},"description":"Empresario textil, artista pl\u00e1stico, escritor, coach de vida y fot\u00f3grafo.","sameAs":["https:\/\/viniciojarquin.com\/blog","https:\/\/www.facebook.com\/vinicio.jarquin","https:\/\/www.instagram.com\/vinicio_jarquin\/","https:\/\/www.pinterest.com\/vinnyjc\/","https:\/\/www.youtube.com\/@VinicioJarquin"],"url":"https:\/\/viniciojarquin.com\/blog\/author\/admin_s02au25i\/"}]}},"blog_post_layout_featured_media_urls":{"thumbnail":["https:\/\/viniciojarquin.com\/blog\/wp-content\/uploads\/2025\/11\/Serie-reduc-150x150.jpg",150,150,true],"full":["https:\/\/viniciojarquin.com\/blog\/wp-content\/uploads\/2025\/11\/Serie-reduc.jpg",800,400,false]},"categories_names":{"22":{"name":"Serie: El fen\u00f3meno Chaves-Fern\u00e1ndez","link":"https:\/\/viniciojarquin.com\/blog\/category\/serie-el-fenomeno-chaves-fernandez\/"}},"tags_names":[],"comments_number":"0","_links":{"self":[{"href":"https:\/\/viniciojarquin.com\/blog\/wp-json\/wp\/v2\/posts\/1328","targetHints":{"allow":["GET"]}}],"collection":[{"href":"https:\/\/viniciojarquin.com\/blog\/wp-json\/wp\/v2\/posts"}],"about":[{"href":"https:\/\/viniciojarquin.com\/blog\/wp-json\/wp\/v2\/types\/post"}],"author":[{"embeddable":true,"href":"https:\/\/viniciojarquin.com\/blog\/wp-json\/wp\/v2\/users\/1"}],"replies":[{"embeddable":true,"href":"https:\/\/viniciojarquin.com\/blog\/wp-json\/wp\/v2\/comments?post=1328"}],"version-history":[{"count":2,"href":"https:\/\/viniciojarquin.com\/blog\/wp-json\/wp\/v2\/posts\/1328\/revisions"}],"predecessor-version":[{"id":1346,"href":"https:\/\/viniciojarquin.com\/blog\/wp-json\/wp\/v2\/posts\/1328\/revisions\/1346"}],"wp:featuredmedia":[{"embeddable":true,"href":"https:\/\/viniciojarquin.com\/blog\/wp-json\/wp\/v2\/media\/1326"}],"wp:attachment":[{"href":"https:\/\/viniciojarquin.com\/blog\/wp-json\/wp\/v2\/media?parent=1328"}],"wp:term":[{"taxonomy":"category","embeddable":true,"href":"https:\/\/viniciojarquin.com\/blog\/wp-json\/wp\/v2\/categories?post=1328"},{"taxonomy":"post_tag","embeddable":true,"href":"https:\/\/viniciojarquin.com\/blog\/wp-json\/wp\/v2\/tags?post=1328"}],"curies":[{"name":"wp","href":"https:\/\/api.w.org\/{rel}","templated":true}]}}