{"id":1329,"date":"2025-11-17T02:02:38","date_gmt":"2025-11-17T02:02:38","guid":{"rendered":"https:\/\/viniciojarquin.com\/blog\/?p=1329"},"modified":"2025-11-17T02:05:05","modified_gmt":"2025-11-17T02:05:05","slug":"que-probabilidades-hay-de-que-laura-se-separe-de-rodrigo-una-vez-que-gane","status":"publish","type":"post","link":"https:\/\/viniciojarquin.com\/blog\/que-probabilidades-hay-de-que-laura-se-separe-de-rodrigo-una-vez-que-gane\/","title":{"rendered":"\u00bfQu\u00e9 probabilidades hay de que Laura se separe de Rodrigo una vez que gane?"},"content":{"rendered":"\n<p><strong>Art\u00edculo 3 de 7 art\u00edculos<\/strong><\/p>\n\n\n\n<p><strong>Serie: El fen\u00f3meno Chaves\u2013Fern\u00e1ndez<\/strong><\/p>\n\n\n\n<p><strong>El mapa emocional: la radiograf\u00eda de un pa\u00eds dividido<\/strong><\/p>\n\n\n\n<p><\/p>\n\n\n\n<p>Cuando intentas analizar con seriedad el futuro pol\u00edtico del continuismo, hay una pregunta que todos prefieren evitar en voz alta, pero que cualquier persona m\u00ednimamente informada deber\u00eda contemplar con calma: \u00bfqu\u00e9 va a pasar el d\u00eda en que Laura se siente de verdad en la silla presidencial? Una cosa es la narrativa de \u201ccontinuidad\u201d, esa ilusi\u00f3n emocional que sostiene al movimiento, y otra muy distinta es la realidad cruda del poder. En pol\u00edtica, la continuidad sirve para ganar; pero una vez ganas, lo que define los comportamientos no es la lealtad, sino la din\u00e1mica del poder real.<\/p>\n\n\n\n<p>La historia pol\u00edtica es bastante clara: casi todos los que llegan al poder se separan de quienes los impulsaron. Incluso vicepresidentes que ascendieron desde la segunda l\u00ednea han terminado distanci\u00e1ndose del presidente que los llev\u00f3 de la mano. Ahora imag\u00ednate una figura que no pertenece a la estructura original, que no forma parte del c\u00edrculo \u00edntimo, y que llega al poder por decisi\u00f3n estrat\u00e9gica m\u00e1s que por afinidad natural. En pol\u00edtica, el poder no se comparte: se ejerce. Y el d\u00eda que Laura reciba la banda presidencial, ya no tendr\u00eda absolutamente ninguna obligaci\u00f3n formal, moral ni jer\u00e1rquica con Rodrigo. Ninguna. Cero. Ese vac\u00edo de obligaci\u00f3n transforma la relaci\u00f3n por completo.<\/p>\n\n\n\n<p>Es necesario decir algo con claridad, sin anestesia: un presidente no tiene jefe. No responde ante su mentor, no recibe \u00f3rdenes de sus patrocinadores, y mucho menos se subordina a un expresidente al que ya no necesita para sostenerse. La pregunta importante no es si Laura ser\u00eda capaz de separarse, sino por qu\u00e9 no lo har\u00eda. Cuando alguien llega al poder, los v\u00ednculos que antes parec\u00edan incuestionables comienzan a revisarse bajo la l\u00f3gica de la autonom\u00eda personal y del propio espacio de decisi\u00f3n.<\/p>\n\n\n\n<p>El poder es un animal extra\u00f1o que primero seduce y luego muerde a quien menos se lo espera. Una persona que nunca ha tenido poder real y que de pronto lo siente en la mano suele enamorarse de \u00e9l de manera fulminante. Tiende a defenderlo con u\u00f1as y dientes, a tomar distancia de quienes podr\u00edan limitarla, y a blindarse de cualquier figura que compita por la influencia. \u00bfY qui\u00e9n ser\u00eda la figura m\u00e1s limitante para Laura si llegara a la presidencia? Precisamente Rodrigo: el \u00fanico capaz de opacarla, cuestionarla o interferir en su narrativa de liderazgo.<\/p>\n\n\n\n<p>Adem\u00e1s, Laura ya ha dado se\u00f1ales de tener instinto pol\u00edtico. No es una figura ingenua. Sabe cu\u00e1ndo callar, cu\u00e1ndo asentir, cu\u00e1ndo seguir un libreto y cu\u00e1ndo desaparecer estrat\u00e9gicamente para no estorbar. Esa docilidad es peligrosa porque muchas veces quienes obedecen para subir dejan de obedecer cuando ya est\u00e1n arriba. En PNL, esto se relaciona con un cambio de identidad: cuando la persona pasa de verse como \u201cla elegida\u201d a verse como \u201cla l\u00edder\u201d. Y ese cambio interior, una vez despierta, es irreversible. Los favores \u2014dice la vieja frase pol\u00edtica\u2014 se pagan antes de llegar, nunca.<\/p>\n\n\n\n<p>Si repasas la historia reciente del pa\u00eds, ves un patr\u00f3n que se repite: diputados que una vez electos aseguran \u201cyo no soy t\u00edtere de nadie\u201d, ministros que renuncian sin avisar, aliados que se enemistan en cuesti\u00f3n de semanas cuando cambia el balance de poder. As\u00ed funciona la pol\u00edtica. La lealtad dura hasta la toma de posesi\u00f3n; a partir de ese d\u00eda, cada qui\u00e9n baila su propio baile. Y esa l\u00f3gica no depende de ideolog\u00eda, sino de naturaleza humana.<\/p>\n\n\n\n<p>Hay un punto crucial: un expresidente fuerte, emocional, dominante, con facilidad para robar pantalla, con capacidad de generar m\u00e1s atenci\u00f3n que la propia presidenta, ser\u00eda para Laura un obst\u00e1culo gigantesco. Ning\u00fan gobierno permitir\u00eda eso. Ella tendr\u00eda a su disposici\u00f3n todo el aparato estatal: Casa Presidencial, ministros, asesores, seguridad, prensa, protocolo e imagen p\u00fablica. Todas esas herramientas fortalecen la autonom\u00eda y debilitan la influencia externa. Rodrigo, lejos de ser un maestro espiritual a quien seguir, se convertir\u00eda en un ruido inc\u00f3modo, un recordatorio del pasado y una competencia innecesaria. Y nadie que ocupe la cima mantiene cerca a alguien que puede opacarlo.<\/p>\n\n\n\n<p><strong>\u00bfProbabilidad real? Alt\u00edsima.<\/strong> Demasiado alta como para ignorarla. El escenario m\u00e1s plausible \u2014y muy posible\u2014 es el siguiente: Laura llega, Laura se sienta, Laura se empodera y, en silencio o en p\u00fablico, Laura se separa. Y entonces Rodrigo queda fuera del c\u00edrculo, pidiendo audiencia como cualquier otro ciudadano. Ese d\u00eda, toda la fantas\u00eda del \u201ccontinuismo\u201d se derrumba en un solo minuto. Y muchos se dar\u00e1n cuenta demasiado tarde de que la promesa emocional jam\u00e1s garantizaba un poder compartido.<\/p>\n\n\n\n<figure class=\"wp-block-image size-full\"><img decoding=\"async\" width=\"800\" height=\"400\" data-src=\"https:\/\/viniciojarquin.com\/blog\/wp-content\/uploads\/2025\/11\/Serie-reduc.jpg\" alt=\"\" class=\"wp-image-1326 lazyload\" data-srcset=\"https:\/\/viniciojarquin.com\/blog\/wp-content\/uploads\/2025\/11\/Serie-reduc.jpg 800w, https:\/\/viniciojarquin.com\/blog\/wp-content\/uploads\/2025\/11\/Serie-reduc-300x150.jpg 300w, https:\/\/viniciojarquin.com\/blog\/wp-content\/uploads\/2025\/11\/Serie-reduc-768x384.jpg 768w\" data-sizes=\"(max-width: 800px) 100vw, 800px\" src=\"data:image\/svg+xml;base64,PHN2ZyB3aWR0aD0iMSIgaGVpZ2h0PSIxIiB4bWxucz0iaHR0cDovL3d3dy53My5vcmcvMjAwMC9zdmciPjwvc3ZnPg==\" style=\"--smush-placeholder-width: 800px; --smush-placeholder-aspect-ratio: 800\/400;\" \/><\/figure>\n","protected":false},"excerpt":{"rendered":"<p>Art\u00edculo 3 de 7 art\u00edculos Serie: El fen\u00f3meno Chaves\u2013Fern\u00e1ndez El mapa emocional: la radiograf\u00eda de un pa\u00eds dividido Cuando intentas [&hellip;]<\/p>\n","protected":false},"author":1,"featured_media":1326,"comment_status":"open","ping_status":"open","sticky":false,"template":"","format":"standard","meta":{"site-sidebar-layout":"default","site-content-layout":"","ast-site-content-layout":"","site-content-style":"default","site-sidebar-style":"default","ast-global-header-display":"","ast-banner-title-visibility":"","ast-main-header-display":"","ast-hfb-above-header-display":"","ast-hfb-below-header-display":"","ast-hfb-mobile-header-display":"","site-post-title":"","ast-breadcrumbs-content":"","ast-featured-img":"","footer-sml-layout":"","theme-transparent-header-meta":"","adv-header-id-meta":"","stick-header-meta":"","header-above-stick-meta":"","header-main-stick-meta":"","header-below-stick-meta":"","astra-migrate-meta-layouts":"default","ast-page-background-enabled":"default","ast-page-background-meta":{"desktop":{"background-color":"var(--ast-global-color-5)","background-image":"","background-repeat":"repeat","background-position":"center center","background-size":"auto","background-attachment":"scroll","background-type":"","background-media":"","overlay-type":"","overlay-color":"","overlay-opacity":"","overlay-gradient":""},"tablet":{"background-color":"","background-image":"","background-repeat":"repeat","background-position":"center center","background-size":"auto","background-attachment":"scroll","background-type":"","background-media":"","overlay-type":"","overlay-color":"","overlay-opacity":"","overlay-gradient":""},"mobile":{"background-color":"","background-image":"","background-repeat":"repeat","background-position":"center center","background-size":"auto","background-attachment":"scroll","background-type":"","background-media":"","overlay-type":"","overlay-color":"","overlay-opacity":"","overlay-gradient":""}},"ast-content-background-meta":{"desktop":{"background-color":"var(--ast-global-color-4)","background-image":"","background-repeat":"repeat","background-position":"center center","background-size":"auto","background-attachment":"scroll","background-type":"","background-media":"","overlay-type":"","overlay-color":"","overlay-opacity":"","overlay-gradient":""},"tablet":{"background-color":"var(--ast-global-color-4)","background-image":"","background-repeat":"repeat","background-position":"center center","background-size":"auto","background-attachment":"scroll","background-type":"","background-media":"","overlay-type":"","overlay-color":"","overlay-opacity":"","overlay-gradient":""},"mobile":{"background-color":"var(--ast-global-color-4)","background-image":"","background-repeat":"repeat","background-position":"center center","background-size":"auto","background-attachment":"scroll","background-type":"","background-media":"","overlay-type":"","overlay-color":"","overlay-opacity":"","overlay-gradient":""}},"footnotes":""},"categories":[22],"tags":[],"class_list":["post-1329","post","type-post","status-publish","format-standard","has-post-thumbnail","hentry","category-serie-el-fenomeno-chaves-fernandez"],"yoast_head":"<!-- This site is optimized with the Yoast SEO plugin v26.0 - https:\/\/yoast.com\/wordpress\/plugins\/seo\/ -->\n<title>\u00bfQu\u00e9 probabilidades hay de que Laura se separe de Rodrigo una vez que gane? - MI BLOG<\/title>\n<meta name=\"robots\" content=\"index, follow, max-snippet:-1, max-image-preview:large, max-video-preview:-1\" \/>\n<link rel=\"canonical\" href=\"https:\/\/viniciojarquin.com\/blog\/que-probabilidades-hay-de-que-laura-se-separe-de-rodrigo-una-vez-que-gane\/\" \/>\n<meta property=\"og:locale\" content=\"es_ES\" \/>\n<meta property=\"og:type\" content=\"article\" \/>\n<meta property=\"og:title\" content=\"\u00bfQu\u00e9 probabilidades hay de que Laura se separe de Rodrigo una vez que gane? - MI BLOG\" \/>\n<meta property=\"og:description\" content=\"Art\u00edculo 3 de 7 art\u00edculos Serie: El fen\u00f3meno Chaves\u2013Fern\u00e1ndez El mapa emocional: la radiograf\u00eda de un pa\u00eds dividido Cuando intentas [&hellip;]\" \/>\n<meta property=\"og:url\" content=\"https:\/\/viniciojarquin.com\/blog\/que-probabilidades-hay-de-que-laura-se-separe-de-rodrigo-una-vez-que-gane\/\" \/>\n<meta property=\"og:site_name\" content=\"MI BLOG\" \/>\n<meta property=\"article:publisher\" content=\"https:\/\/www.facebook.com\/vinicio.jarquin\" \/>\n<meta property=\"article:author\" content=\"https:\/\/www.facebook.com\/vinicio.jarquin\" \/>\n<meta property=\"article:published_time\" content=\"2025-11-17T02:02:38+00:00\" \/>\n<meta property=\"article:modified_time\" content=\"2025-11-17T02:05:05+00:00\" \/>\n<meta property=\"og:image\" content=\"https:\/\/viniciojarquin.com\/blog\/wp-content\/uploads\/2025\/11\/Serie-reduc.jpg\" \/>\n\t<meta property=\"og:image:width\" content=\"800\" \/>\n\t<meta property=\"og:image:height\" content=\"400\" \/>\n\t<meta property=\"og:image:type\" content=\"image\/jpeg\" \/>\n<meta name=\"author\" content=\"Vinicio Jarqu\u00edn\" \/>\n<meta name=\"twitter:card\" content=\"summary_large_image\" \/>\n<meta name=\"twitter:label1\" content=\"Escrito por\" \/>\n\t<meta name=\"twitter:data1\" content=\"Vinicio Jarqu\u00edn\" \/>\n\t<meta name=\"twitter:label2\" content=\"Tiempo de lectura\" \/>\n\t<meta name=\"twitter:data2\" content=\"4 minutos\" \/>\n<script type=\"application\/ld+json\" class=\"yoast-schema-graph\">{\"@context\":\"https:\/\/schema.org\",\"@graph\":[{\"@type\":\"Article\",\"@id\":\"https:\/\/viniciojarquin.com\/blog\/que-probabilidades-hay-de-que-laura-se-separe-de-rodrigo-una-vez-que-gane\/#article\",\"isPartOf\":{\"@id\":\"https:\/\/viniciojarquin.com\/blog\/que-probabilidades-hay-de-que-laura-se-separe-de-rodrigo-una-vez-que-gane\/\"},\"author\":{\"name\":\"Vinicio Jarqu\u00edn\",\"@id\":\"https:\/\/viniciojarquin.com\/blog\/#\/schema\/person\/90100c8845ae55462ec0657d3d2f8d3b\"},\"headline\":\"\u00bfQu\u00e9 probabilidades hay de que Laura se separe de Rodrigo una vez que gane?\",\"datePublished\":\"2025-11-17T02:02:38+00:00\",\"dateModified\":\"2025-11-17T02:05:05+00:00\",\"mainEntityOfPage\":{\"@id\":\"https:\/\/viniciojarquin.com\/blog\/que-probabilidades-hay-de-que-laura-se-separe-de-rodrigo-una-vez-que-gane\/\"},\"wordCount\":852,\"commentCount\":0,\"publisher\":{\"@id\":\"https:\/\/viniciojarquin.com\/blog\/#\/schema\/person\/90100c8845ae55462ec0657d3d2f8d3b\"},\"image\":{\"@id\":\"https:\/\/viniciojarquin.com\/blog\/que-probabilidades-hay-de-que-laura-se-separe-de-rodrigo-una-vez-que-gane\/#primaryimage\"},\"thumbnailUrl\":\"https:\/\/viniciojarquin.com\/blog\/wp-content\/uploads\/2025\/11\/Serie-reduc.jpg\",\"articleSection\":[\"Serie: El fen\u00f3meno Chaves-Fern\u00e1ndez\"],\"inLanguage\":\"es\",\"potentialAction\":[{\"@type\":\"CommentAction\",\"name\":\"Comment\",\"target\":[\"https:\/\/viniciojarquin.com\/blog\/que-probabilidades-hay-de-que-laura-se-separe-de-rodrigo-una-vez-que-gane\/#respond\"]}]},{\"@type\":\"WebPage\",\"@id\":\"https:\/\/viniciojarquin.com\/blog\/que-probabilidades-hay-de-que-laura-se-separe-de-rodrigo-una-vez-que-gane\/\",\"url\":\"https:\/\/viniciojarquin.com\/blog\/que-probabilidades-hay-de-que-laura-se-separe-de-rodrigo-una-vez-que-gane\/\",\"name\":\"\u00bfQu\u00e9 probabilidades hay de que Laura se separe de Rodrigo una vez que gane? - MI BLOG\",\"isPartOf\":{\"@id\":\"https:\/\/viniciojarquin.com\/blog\/#website\"},\"primaryImageOfPage\":{\"@id\":\"https:\/\/viniciojarquin.com\/blog\/que-probabilidades-hay-de-que-laura-se-separe-de-rodrigo-una-vez-que-gane\/#primaryimage\"},\"image\":{\"@id\":\"https:\/\/viniciojarquin.com\/blog\/que-probabilidades-hay-de-que-laura-se-separe-de-rodrigo-una-vez-que-gane\/#primaryimage\"},\"thumbnailUrl\":\"https:\/\/viniciojarquin.com\/blog\/wp-content\/uploads\/2025\/11\/Serie-reduc.jpg\",\"datePublished\":\"2025-11-17T02:02:38+00:00\",\"dateModified\":\"2025-11-17T02:05:05+00:00\",\"breadcrumb\":{\"@id\":\"https:\/\/viniciojarquin.com\/blog\/que-probabilidades-hay-de-que-laura-se-separe-de-rodrigo-una-vez-que-gane\/#breadcrumb\"},\"inLanguage\":\"es\",\"potentialAction\":[{\"@type\":\"ReadAction\",\"target\":[\"https:\/\/viniciojarquin.com\/blog\/que-probabilidades-hay-de-que-laura-se-separe-de-rodrigo-una-vez-que-gane\/\"]}]},{\"@type\":\"ImageObject\",\"inLanguage\":\"es\",\"@id\":\"https:\/\/viniciojarquin.com\/blog\/que-probabilidades-hay-de-que-laura-se-separe-de-rodrigo-una-vez-que-gane\/#primaryimage\",\"url\":\"https:\/\/viniciojarquin.com\/blog\/wp-content\/uploads\/2025\/11\/Serie-reduc.jpg\",\"contentUrl\":\"https:\/\/viniciojarquin.com\/blog\/wp-content\/uploads\/2025\/11\/Serie-reduc.jpg\",\"width\":800,\"height\":400},{\"@type\":\"BreadcrumbList\",\"@id\":\"https:\/\/viniciojarquin.com\/blog\/que-probabilidades-hay-de-que-laura-se-separe-de-rodrigo-una-vez-que-gane\/#breadcrumb\",\"itemListElement\":[{\"@type\":\"ListItem\",\"position\":1,\"name\":\"Portada\",\"item\":\"https:\/\/viniciojarquin.com\/blog\/\"},{\"@type\":\"ListItem\",\"position\":2,\"name\":\"\u00bfQu\u00e9 probabilidades hay de que Laura se separe de Rodrigo una vez que gane?\"}]},{\"@type\":\"WebSite\",\"@id\":\"https:\/\/viniciojarquin.com\/blog\/#website\",\"url\":\"https:\/\/viniciojarquin.com\/blog\/\",\"name\":\"Vinicio Jarqu\u00edn BLOG\",\"description\":\"\",\"publisher\":{\"@id\":\"https:\/\/viniciojarquin.com\/blog\/#\/schema\/person\/90100c8845ae55462ec0657d3d2f8d3b\"},\"potentialAction\":[{\"@type\":\"SearchAction\",\"target\":{\"@type\":\"EntryPoint\",\"urlTemplate\":\"https:\/\/viniciojarquin.com\/blog\/?s={search_term_string}\"},\"query-input\":{\"@type\":\"PropertyValueSpecification\",\"valueRequired\":true,\"valueName\":\"search_term_string\"}}],\"inLanguage\":\"es\"},{\"@type\":[\"Person\",\"Organization\"],\"@id\":\"https:\/\/viniciojarquin.com\/blog\/#\/schema\/person\/90100c8845ae55462ec0657d3d2f8d3b\",\"name\":\"Vinicio Jarqu\u00edn\",\"image\":{\"@type\":\"ImageObject\",\"inLanguage\":\"es\",\"@id\":\"https:\/\/viniciojarquin.com\/blog\/#\/schema\/person\/image\/\",\"url\":\"https:\/\/viniciojarquin.com\/blog\/wp-content\/uploads\/2024\/10\/Logo-VinicioJarquin-original-400.png\",\"contentUrl\":\"https:\/\/viniciojarquin.com\/blog\/wp-content\/uploads\/2024\/10\/Logo-VinicioJarquin-original-400.png\",\"width\":400,\"height\":130,\"caption\":\"Vinicio Jarqu\u00edn\"},\"logo\":{\"@id\":\"https:\/\/viniciojarquin.com\/blog\/#\/schema\/person\/image\/\"},\"description\":\"Empresario textil, artista pl\u00e1stico, escritor, coach de vida y fot\u00f3grafo.\",\"sameAs\":[\"https:\/\/viniciojarquin.com\/blog\",\"https:\/\/www.facebook.com\/vinicio.jarquin\",\"https:\/\/www.instagram.com\/vinicio_jarquin\/\",\"https:\/\/www.pinterest.com\/vinnyjc\/\",\"https:\/\/www.youtube.com\/@VinicioJarquin\"],\"url\":\"https:\/\/viniciojarquin.com\/blog\/author\/admin_s02au25i\/\"}]}<\/script>\n<!-- \/ Yoast SEO plugin. -->","yoast_head_json":{"title":"\u00bfQu\u00e9 probabilidades hay de que Laura se separe de Rodrigo una vez que gane? - MI BLOG","robots":{"index":"index","follow":"follow","max-snippet":"max-snippet:-1","max-image-preview":"max-image-preview:large","max-video-preview":"max-video-preview:-1"},"canonical":"https:\/\/viniciojarquin.com\/blog\/que-probabilidades-hay-de-que-laura-se-separe-de-rodrigo-una-vez-que-gane\/","og_locale":"es_ES","og_type":"article","og_title":"\u00bfQu\u00e9 probabilidades hay de que Laura se separe de Rodrigo una vez que gane? - MI BLOG","og_description":"Art\u00edculo 3 de 7 art\u00edculos Serie: El fen\u00f3meno Chaves\u2013Fern\u00e1ndez El mapa emocional: la radiograf\u00eda de un pa\u00eds dividido Cuando intentas [&hellip;]","og_url":"https:\/\/viniciojarquin.com\/blog\/que-probabilidades-hay-de-que-laura-se-separe-de-rodrigo-una-vez-que-gane\/","og_site_name":"MI BLOG","article_publisher":"https:\/\/www.facebook.com\/vinicio.jarquin","article_author":"https:\/\/www.facebook.com\/vinicio.jarquin","article_published_time":"2025-11-17T02:02:38+00:00","article_modified_time":"2025-11-17T02:05:05+00:00","og_image":[{"width":800,"height":400,"url":"https:\/\/viniciojarquin.com\/blog\/wp-content\/uploads\/2025\/11\/Serie-reduc.jpg","type":"image\/jpeg"}],"author":"Vinicio Jarqu\u00edn","twitter_card":"summary_large_image","twitter_misc":{"Escrito por":"Vinicio Jarqu\u00edn","Tiempo de lectura":"4 minutos"},"schema":{"@context":"https:\/\/schema.org","@graph":[{"@type":"Article","@id":"https:\/\/viniciojarquin.com\/blog\/que-probabilidades-hay-de-que-laura-se-separe-de-rodrigo-una-vez-que-gane\/#article","isPartOf":{"@id":"https:\/\/viniciojarquin.com\/blog\/que-probabilidades-hay-de-que-laura-se-separe-de-rodrigo-una-vez-que-gane\/"},"author":{"name":"Vinicio Jarqu\u00edn","@id":"https:\/\/viniciojarquin.com\/blog\/#\/schema\/person\/90100c8845ae55462ec0657d3d2f8d3b"},"headline":"\u00bfQu\u00e9 probabilidades hay de que Laura se separe de Rodrigo una vez que gane?","datePublished":"2025-11-17T02:02:38+00:00","dateModified":"2025-11-17T02:05:05+00:00","mainEntityOfPage":{"@id":"https:\/\/viniciojarquin.com\/blog\/que-probabilidades-hay-de-que-laura-se-separe-de-rodrigo-una-vez-que-gane\/"},"wordCount":852,"commentCount":0,"publisher":{"@id":"https:\/\/viniciojarquin.com\/blog\/#\/schema\/person\/90100c8845ae55462ec0657d3d2f8d3b"},"image":{"@id":"https:\/\/viniciojarquin.com\/blog\/que-probabilidades-hay-de-que-laura-se-separe-de-rodrigo-una-vez-que-gane\/#primaryimage"},"thumbnailUrl":"https:\/\/viniciojarquin.com\/blog\/wp-content\/uploads\/2025\/11\/Serie-reduc.jpg","articleSection":["Serie: El fen\u00f3meno Chaves-Fern\u00e1ndez"],"inLanguage":"es","potentialAction":[{"@type":"CommentAction","name":"Comment","target":["https:\/\/viniciojarquin.com\/blog\/que-probabilidades-hay-de-que-laura-se-separe-de-rodrigo-una-vez-que-gane\/#respond"]}]},{"@type":"WebPage","@id":"https:\/\/viniciojarquin.com\/blog\/que-probabilidades-hay-de-que-laura-se-separe-de-rodrigo-una-vez-que-gane\/","url":"https:\/\/viniciojarquin.com\/blog\/que-probabilidades-hay-de-que-laura-se-separe-de-rodrigo-una-vez-que-gane\/","name":"\u00bfQu\u00e9 probabilidades hay de que Laura se separe de Rodrigo una vez que gane? - MI BLOG","isPartOf":{"@id":"https:\/\/viniciojarquin.com\/blog\/#website"},"primaryImageOfPage":{"@id":"https:\/\/viniciojarquin.com\/blog\/que-probabilidades-hay-de-que-laura-se-separe-de-rodrigo-una-vez-que-gane\/#primaryimage"},"image":{"@id":"https:\/\/viniciojarquin.com\/blog\/que-probabilidades-hay-de-que-laura-se-separe-de-rodrigo-una-vez-que-gane\/#primaryimage"},"thumbnailUrl":"https:\/\/viniciojarquin.com\/blog\/wp-content\/uploads\/2025\/11\/Serie-reduc.jpg","datePublished":"2025-11-17T02:02:38+00:00","dateModified":"2025-11-17T02:05:05+00:00","breadcrumb":{"@id":"https:\/\/viniciojarquin.com\/blog\/que-probabilidades-hay-de-que-laura-se-separe-de-rodrigo-una-vez-que-gane\/#breadcrumb"},"inLanguage":"es","potentialAction":[{"@type":"ReadAction","target":["https:\/\/viniciojarquin.com\/blog\/que-probabilidades-hay-de-que-laura-se-separe-de-rodrigo-una-vez-que-gane\/"]}]},{"@type":"ImageObject","inLanguage":"es","@id":"https:\/\/viniciojarquin.com\/blog\/que-probabilidades-hay-de-que-laura-se-separe-de-rodrigo-una-vez-que-gane\/#primaryimage","url":"https:\/\/viniciojarquin.com\/blog\/wp-content\/uploads\/2025\/11\/Serie-reduc.jpg","contentUrl":"https:\/\/viniciojarquin.com\/blog\/wp-content\/uploads\/2025\/11\/Serie-reduc.jpg","width":800,"height":400},{"@type":"BreadcrumbList","@id":"https:\/\/viniciojarquin.com\/blog\/que-probabilidades-hay-de-que-laura-se-separe-de-rodrigo-una-vez-que-gane\/#breadcrumb","itemListElement":[{"@type":"ListItem","position":1,"name":"Portada","item":"https:\/\/viniciojarquin.com\/blog\/"},{"@type":"ListItem","position":2,"name":"\u00bfQu\u00e9 probabilidades hay de que Laura se separe de Rodrigo una vez que gane?"}]},{"@type":"WebSite","@id":"https:\/\/viniciojarquin.com\/blog\/#website","url":"https:\/\/viniciojarquin.com\/blog\/","name":"Vinicio Jarqu\u00edn BLOG","description":"","publisher":{"@id":"https:\/\/viniciojarquin.com\/blog\/#\/schema\/person\/90100c8845ae55462ec0657d3d2f8d3b"},"potentialAction":[{"@type":"SearchAction","target":{"@type":"EntryPoint","urlTemplate":"https:\/\/viniciojarquin.com\/blog\/?s={search_term_string}"},"query-input":{"@type":"PropertyValueSpecification","valueRequired":true,"valueName":"search_term_string"}}],"inLanguage":"es"},{"@type":["Person","Organization"],"@id":"https:\/\/viniciojarquin.com\/blog\/#\/schema\/person\/90100c8845ae55462ec0657d3d2f8d3b","name":"Vinicio Jarqu\u00edn","image":{"@type":"ImageObject","inLanguage":"es","@id":"https:\/\/viniciojarquin.com\/blog\/#\/schema\/person\/image\/","url":"https:\/\/viniciojarquin.com\/blog\/wp-content\/uploads\/2024\/10\/Logo-VinicioJarquin-original-400.png","contentUrl":"https:\/\/viniciojarquin.com\/blog\/wp-content\/uploads\/2024\/10\/Logo-VinicioJarquin-original-400.png","width":400,"height":130,"caption":"Vinicio Jarqu\u00edn"},"logo":{"@id":"https:\/\/viniciojarquin.com\/blog\/#\/schema\/person\/image\/"},"description":"Empresario textil, artista pl\u00e1stico, escritor, coach de vida y fot\u00f3grafo.","sameAs":["https:\/\/viniciojarquin.com\/blog","https:\/\/www.facebook.com\/vinicio.jarquin","https:\/\/www.instagram.com\/vinicio_jarquin\/","https:\/\/www.pinterest.com\/vinnyjc\/","https:\/\/www.youtube.com\/@VinicioJarquin"],"url":"https:\/\/viniciojarquin.com\/blog\/author\/admin_s02au25i\/"}]}},"blog_post_layout_featured_media_urls":{"thumbnail":["https:\/\/viniciojarquin.com\/blog\/wp-content\/uploads\/2025\/11\/Serie-reduc-150x150.jpg",150,150,true],"full":["https:\/\/viniciojarquin.com\/blog\/wp-content\/uploads\/2025\/11\/Serie-reduc.jpg",800,400,false]},"categories_names":{"22":{"name":"Serie: El fen\u00f3meno Chaves-Fern\u00e1ndez","link":"https:\/\/viniciojarquin.com\/blog\/category\/serie-el-fenomeno-chaves-fernandez\/"}},"tags_names":[],"comments_number":"0","_links":{"self":[{"href":"https:\/\/viniciojarquin.com\/blog\/wp-json\/wp\/v2\/posts\/1329","targetHints":{"allow":["GET"]}}],"collection":[{"href":"https:\/\/viniciojarquin.com\/blog\/wp-json\/wp\/v2\/posts"}],"about":[{"href":"https:\/\/viniciojarquin.com\/blog\/wp-json\/wp\/v2\/types\/post"}],"author":[{"embeddable":true,"href":"https:\/\/viniciojarquin.com\/blog\/wp-json\/wp\/v2\/users\/1"}],"replies":[{"embeddable":true,"href":"https:\/\/viniciojarquin.com\/blog\/wp-json\/wp\/v2\/comments?post=1329"}],"version-history":[{"count":2,"href":"https:\/\/viniciojarquin.com\/blog\/wp-json\/wp\/v2\/posts\/1329\/revisions"}],"predecessor-version":[{"id":1347,"href":"https:\/\/viniciojarquin.com\/blog\/wp-json\/wp\/v2\/posts\/1329\/revisions\/1347"}],"wp:featuredmedia":[{"embeddable":true,"href":"https:\/\/viniciojarquin.com\/blog\/wp-json\/wp\/v2\/media\/1326"}],"wp:attachment":[{"href":"https:\/\/viniciojarquin.com\/blog\/wp-json\/wp\/v2\/media?parent=1329"}],"wp:term":[{"taxonomy":"category","embeddable":true,"href":"https:\/\/viniciojarquin.com\/blog\/wp-json\/wp\/v2\/categories?post=1329"},{"taxonomy":"post_tag","embeddable":true,"href":"https:\/\/viniciojarquin.com\/blog\/wp-json\/wp\/v2\/tags?post=1329"}],"curies":[{"name":"wp","href":"https:\/\/api.w.org\/{rel}","templated":true}]}}