{"id":1330,"date":"2025-11-17T02:02:41","date_gmt":"2025-11-17T02:02:41","guid":{"rendered":"https:\/\/viniciojarquin.com\/blog\/?p=1330"},"modified":"2025-11-17T02:05:14","modified_gmt":"2025-11-17T02:05:14","slug":"quienes-siguen-a-rodrigo-el-perfil-psicologico-social-y-emocional-del-chavista-promedio","status":"publish","type":"post","link":"https:\/\/viniciojarquin.com\/blog\/quienes-siguen-a-rodrigo-el-perfil-psicologico-social-y-emocional-del-chavista-promedio\/","title":{"rendered":"\u00bfQui\u00e9nes siguen a Rodrigo? El perfil psicol\u00f3gico, social y emocional del chavista promedio"},"content":{"rendered":"\n<p><strong>Art\u00edculo 4 de 7 art\u00edculos<\/strong><\/p>\n\n\n\n<p><strong>Serie: El fen\u00f3meno Chaves\u2013Fern\u00e1ndez<\/strong><\/p>\n\n\n\n<p><strong>El mapa emocional: la radiograf\u00eda de un pa\u00eds dividido<\/strong><\/p>\n\n\n\n<p>Cuando buscas entender el fen\u00f3meno Chaves-Fern\u00e1ndez desde un nivel m\u00e1s profundo, te das cuenta de que no alcanza con observar al l\u00edder; es indispensable comprender a quienes lo siguen. Pero esa comprensi\u00f3n no puede nacer desde el desprecio ni desde el insulto, porque entonces reproducir\u00edas exactamente la din\u00e1mica que criticas. Hay que mirarlo desde la humanidad: desde las heridas, desde las carencias, desde los aprendizajes emocionales que moldean a una persona mucho antes de que vote. Rodrigo no lidera un movimiento pol\u00edtico en el sentido cl\u00e1sico; lidera un fen\u00f3meno emocional que se alimenta de historias personales, frustraciones acumuladas y una necesidad profunda de sentirse vistos. Y todo fen\u00f3meno emocional tiene ra\u00edces que no se pueden ignorar.<\/p>\n\n\n\n<p>Una parte importante de sus seguidores viene de a\u00f1os de sentirse invisibles. Son personas trabajadoras, de oficios, de barrios lejanos, de zonas rurales, de vidas dif\u00edciles donde la pol\u00edtica siempre habl\u00f3 desde arriba y nunca desde su realidad. Para ellos, Rodrigo apareci\u00f3 como alguien que por primera vez les habl\u00f3 directo. No habl\u00f3 bonito, pero habl\u00f3; no habl\u00f3 t\u00e9cnico, pero habl\u00f3 claro; no habl\u00f3 correcto, pero habl\u00f3 fuerte. Y en psicolog\u00eda pol\u00edtica esa identificaci\u00f3n instant\u00e1nea es determinante. Cuando alguien te habla en un idioma emocional parecido al tuyo, tu mente experimenta alivio y pertenencia. Sent\u00eds que al fin alguien te ve, no desde una tarima, sino desde tu rabia acumulada.<\/p>\n\n\n\n<p>Otro grupo lo sigue porque siente un resentimiento profundo hacia \u201cel sistema\u201d, aunque no puedan definir exactamente qu\u00e9 es ese sistema. No necesitan cursos de macroeconom\u00eda para estar convencidos de que algo anda mal, que alguien fall\u00f3, que alguien rob\u00f3 el pa\u00eds o destruy\u00f3 su estabilidad. Y cuando aparece un l\u00edder que valida ese enojo y, adem\u00e1s, ofrece enemigos claros \u2014la prensa, los jueces, los expresidentes, los diputados\u2014, ocurre un mecanismo de descarga emocional. Es un alivio peligroso, pero alivio al fin: finalmente alguien se\u00f1ala culpables y convierte la frustraci\u00f3n difusa en una narrativa concreta.<\/p>\n\n\n\n<p>Tambi\u00e9n hay un grupo con baja alfabetizaci\u00f3n medi\u00e1tica, y eso no es un insulto: es un diagn\u00f3stico responsable. No fueron entrenados para verificar fuentes, detectar manipulaci\u00f3n emocional o distinguir entre hechos y rumores virales. Por eso son altamente vulnerables a discursos simplificados, mensajes virales que prometen soluciones m\u00e1gicas y videos que gritan m\u00e1s fuerte que cualquier an\u00e1lisis serio. Si un video grita, creen; si un discurso promete, creen; si alguien se\u00f1ala un enemigo, lo adoptan sin pensar. En PNL, esto se relaciona con la sugesti\u00f3n directa: el mensaje entra sin filtros cr\u00edticos porque la emoci\u00f3n lo domina.<\/p>\n\n\n\n<p>Otra parte de su base emocional est\u00e1 compuesta por personas debilitadas por la incertidumbre econ\u00f3mica. La vida se ha encarecido en casi todos sus frentes: gasolina, arroz, luz, agua, comida. Cuando la supervivencia se vuelve un ejercicio diario, el miedo se mete en cada rinc\u00f3n de la mente. Y en medio de esa angustia, aparece un l\u00edder que grita, promete, se\u00f1ala culpables, rega\u00f1a y dice \u201cte defiendo\u201d. En tiempos de vulnerabilidad, la fuerza aparente se siente como protecci\u00f3n, aunque sea solo una ilusi\u00f3n.<\/p>\n\n\n\n<p>La ra\u00edz emocional m\u00e1s profunda aparece en quienes crecieron con modelos autoritarios. Personas que vienen de hogares donde el grito era norma, donde la autoridad se impon\u00eda a punta de humillaci\u00f3n, rega\u00f1o o control emocional. Para ese tipo de aprendizajes tempranos, un presidente que grita, humilla o domina no es un abuso: es lo que ellos aprendieron a llamar liderazgo. No es que les guste la violencia; es que la violencia les resulta familiar, predecible, incluso segura.<\/p>\n\n\n\n<p>Hay otro grupo que confunde violencia con valent\u00eda. En su mapa mental, el insulto se interpreta como sinceridad, la amenaza como transparencia, el grito como autenticidad y la agresi\u00f3n como coraje. Todo lo que no suena agresivo lo perciben como debilidad. Por eso desprecian la paz como \u201cblandenguer\u00eda\u201d y el di\u00e1logo como \u201ccobard\u00eda\u201d. No est\u00e1n escuchando argumentos: est\u00e1n buscando sensaciones de fortaleza.<\/p>\n\n\n\n<p>Existe adem\u00e1s una necesidad simb\u00f3lica de paternidad emocional. Para muchas de estas personas, el populista no gobierna: paterna. Protege, pelea, castiga, rega\u00f1a, promete y amenaza. Y eso llena vac\u00edos afectivos m\u00e1s viejos que cualquier elecci\u00f3n. Lo defienden con tanta intensidad porque no est\u00e1n defendiendo ideas, est\u00e1n defendiendo al padre simb\u00f3lico que los hace sentir acompa\u00f1ados.<\/p>\n\n\n\n<p>Tambi\u00e9n aparecen personas con muy baja tolerancia a la complejidad. La democracia es lenta, t\u00e9cnica y llena de procesos. Los resultados toman tiempo. El populista ofrece lo contrario: divide el mundo en buenos y malos, promete soluciones inmediatas y reduce cualquier conflicto a un cuento de h\u00e9roes y villanos. Esa narrativa sencilla resulta irresistible para quien est\u00e1 cansado, frustrado o confundido.<\/p>\n\n\n\n<p>Finalmente, muchas personas que siguen a Rodrigo est\u00e1n emocionalmente solas. Las redes del chavismo funcionan como una familia sustituta: grupos intensos, efusivos, protectores entre s\u00ed. Quien no tiene esa red de apoyo en su vida real encuentra en el movimiento una comunidad inmediata. Para esas personas, el populismo es menos una postura ideol\u00f3gica que una respuesta emocional a la soledad.<\/p>\n\n\n\n<figure class=\"wp-block-image size-full\"><img decoding=\"async\" width=\"800\" height=\"400\" data-src=\"https:\/\/viniciojarquin.com\/blog\/wp-content\/uploads\/2025\/11\/Serie-reduc.jpg\" alt=\"\" class=\"wp-image-1326 lazyload\" data-srcset=\"https:\/\/viniciojarquin.com\/blog\/wp-content\/uploads\/2025\/11\/Serie-reduc.jpg 800w, https:\/\/viniciojarquin.com\/blog\/wp-content\/uploads\/2025\/11\/Serie-reduc-300x150.jpg 300w, https:\/\/viniciojarquin.com\/blog\/wp-content\/uploads\/2025\/11\/Serie-reduc-768x384.jpg 768w\" data-sizes=\"(max-width: 800px) 100vw, 800px\" src=\"data:image\/svg+xml;base64,PHN2ZyB3aWR0aD0iMSIgaGVpZ2h0PSIxIiB4bWxucz0iaHR0cDovL3d3dy53My5vcmcvMjAwMC9zdmciPjwvc3ZnPg==\" style=\"--smush-placeholder-width: 800px; --smush-placeholder-aspect-ratio: 800\/400;\" \/><\/figure>\n","protected":false},"excerpt":{"rendered":"<p>Art\u00edculo 4 de 7 art\u00edculos Serie: El fen\u00f3meno Chaves\u2013Fern\u00e1ndez El mapa emocional: la radiograf\u00eda de un pa\u00eds dividido Cuando buscas [&hellip;]<\/p>\n","protected":false},"author":1,"featured_media":1326,"comment_status":"open","ping_status":"open","sticky":false,"template":"","format":"standard","meta":{"site-sidebar-layout":"default","site-content-layout":"","ast-site-content-layout":"","site-content-style":"default","site-sidebar-style":"default","ast-global-header-display":"","ast-banner-title-visibility":"","ast-main-header-display":"","ast-hfb-above-header-display":"","ast-hfb-below-header-display":"","ast-hfb-mobile-header-display":"","site-post-title":"","ast-breadcrumbs-content":"","ast-featured-img":"","footer-sml-layout":"","theme-transparent-header-meta":"","adv-header-id-meta":"","stick-header-meta":"","header-above-stick-meta":"","header-main-stick-meta":"","header-below-stick-meta":"","astra-migrate-meta-layouts":"default","ast-page-background-enabled":"default","ast-page-background-meta":{"desktop":{"background-color":"var(--ast-global-color-5)","background-image":"","background-repeat":"repeat","background-position":"center center","background-size":"auto","background-attachment":"scroll","background-type":"","background-media":"","overlay-type":"","overlay-color":"","overlay-opacity":"","overlay-gradient":""},"tablet":{"background-color":"","background-image":"","background-repeat":"repeat","background-position":"center center","background-size":"auto","background-attachment":"scroll","background-type":"","background-media":"","overlay-type":"","overlay-color":"","overlay-opacity":"","overlay-gradient":""},"mobile":{"background-color":"","background-image":"","background-repeat":"repeat","background-position":"center center","background-size":"auto","background-attachment":"scroll","background-type":"","background-media":"","overlay-type":"","overlay-color":"","overlay-opacity":"","overlay-gradient":""}},"ast-content-background-meta":{"desktop":{"background-color":"var(--ast-global-color-4)","background-image":"","background-repeat":"repeat","background-position":"center center","background-size":"auto","background-attachment":"scroll","background-type":"","background-media":"","overlay-type":"","overlay-color":"","overlay-opacity":"","overlay-gradient":""},"tablet":{"background-color":"var(--ast-global-color-4)","background-image":"","background-repeat":"repeat","background-position":"center center","background-size":"auto","background-attachment":"scroll","background-type":"","background-media":"","overlay-type":"","overlay-color":"","overlay-opacity":"","overlay-gradient":""},"mobile":{"background-color":"var(--ast-global-color-4)","background-image":"","background-repeat":"repeat","background-position":"center center","background-size":"auto","background-attachment":"scroll","background-type":"","background-media":"","overlay-type":"","overlay-color":"","overlay-opacity":"","overlay-gradient":""}},"footnotes":""},"categories":[22],"tags":[],"class_list":["post-1330","post","type-post","status-publish","format-standard","has-post-thumbnail","hentry","category-serie-el-fenomeno-chaves-fernandez"],"yoast_head":"<!-- This site is optimized with the Yoast SEO plugin v26.0 - https:\/\/yoast.com\/wordpress\/plugins\/seo\/ -->\n<title>\u00bfQui\u00e9nes siguen a Rodrigo? El perfil psicol\u00f3gico, social y emocional del chavista promedio - MI BLOG<\/title>\n<meta name=\"robots\" content=\"index, follow, max-snippet:-1, max-image-preview:large, max-video-preview:-1\" \/>\n<link rel=\"canonical\" href=\"https:\/\/viniciojarquin.com\/blog\/quienes-siguen-a-rodrigo-el-perfil-psicologico-social-y-emocional-del-chavista-promedio\/\" \/>\n<meta property=\"og:locale\" content=\"es_ES\" \/>\n<meta property=\"og:type\" content=\"article\" \/>\n<meta property=\"og:title\" content=\"\u00bfQui\u00e9nes siguen a Rodrigo? El perfil psicol\u00f3gico, social y emocional del chavista promedio - MI BLOG\" \/>\n<meta property=\"og:description\" content=\"Art\u00edculo 4 de 7 art\u00edculos Serie: El fen\u00f3meno Chaves\u2013Fern\u00e1ndez El mapa emocional: la radiograf\u00eda de un pa\u00eds dividido Cuando buscas [&hellip;]\" \/>\n<meta property=\"og:url\" content=\"https:\/\/viniciojarquin.com\/blog\/quienes-siguen-a-rodrigo-el-perfil-psicologico-social-y-emocional-del-chavista-promedio\/\" \/>\n<meta property=\"og:site_name\" content=\"MI BLOG\" \/>\n<meta property=\"article:publisher\" content=\"https:\/\/www.facebook.com\/vinicio.jarquin\" \/>\n<meta property=\"article:author\" content=\"https:\/\/www.facebook.com\/vinicio.jarquin\" \/>\n<meta property=\"article:published_time\" content=\"2025-11-17T02:02:41+00:00\" \/>\n<meta property=\"article:modified_time\" content=\"2025-11-17T02:05:14+00:00\" \/>\n<meta property=\"og:image\" content=\"https:\/\/viniciojarquin.com\/blog\/wp-content\/uploads\/2025\/11\/Serie-reduc.jpg\" \/>\n\t<meta property=\"og:image:width\" content=\"800\" \/>\n\t<meta property=\"og:image:height\" content=\"400\" \/>\n\t<meta property=\"og:image:type\" content=\"image\/jpeg\" \/>\n<meta name=\"author\" content=\"Vinicio Jarqu\u00edn\" \/>\n<meta name=\"twitter:card\" content=\"summary_large_image\" \/>\n<meta name=\"twitter:label1\" content=\"Escrito por\" \/>\n\t<meta name=\"twitter:data1\" content=\"Vinicio Jarqu\u00edn\" \/>\n\t<meta name=\"twitter:label2\" content=\"Tiempo de lectura\" \/>\n\t<meta name=\"twitter:data2\" content=\"5 minutos\" \/>\n<script type=\"application\/ld+json\" class=\"yoast-schema-graph\">{\"@context\":\"https:\/\/schema.org\",\"@graph\":[{\"@type\":\"Article\",\"@id\":\"https:\/\/viniciojarquin.com\/blog\/quienes-siguen-a-rodrigo-el-perfil-psicologico-social-y-emocional-del-chavista-promedio\/#article\",\"isPartOf\":{\"@id\":\"https:\/\/viniciojarquin.com\/blog\/quienes-siguen-a-rodrigo-el-perfil-psicologico-social-y-emocional-del-chavista-promedio\/\"},\"author\":{\"name\":\"Vinicio Jarqu\u00edn\",\"@id\":\"https:\/\/viniciojarquin.com\/blog\/#\/schema\/person\/90100c8845ae55462ec0657d3d2f8d3b\"},\"headline\":\"\u00bfQui\u00e9nes siguen a Rodrigo? El perfil psicol\u00f3gico, social y emocional del chavista promedio\",\"datePublished\":\"2025-11-17T02:02:41+00:00\",\"dateModified\":\"2025-11-17T02:05:14+00:00\",\"mainEntityOfPage\":{\"@id\":\"https:\/\/viniciojarquin.com\/blog\/quienes-siguen-a-rodrigo-el-perfil-psicologico-social-y-emocional-del-chavista-promedio\/\"},\"wordCount\":927,\"commentCount\":0,\"publisher\":{\"@id\":\"https:\/\/viniciojarquin.com\/blog\/#\/schema\/person\/90100c8845ae55462ec0657d3d2f8d3b\"},\"image\":{\"@id\":\"https:\/\/viniciojarquin.com\/blog\/quienes-siguen-a-rodrigo-el-perfil-psicologico-social-y-emocional-del-chavista-promedio\/#primaryimage\"},\"thumbnailUrl\":\"https:\/\/viniciojarquin.com\/blog\/wp-content\/uploads\/2025\/11\/Serie-reduc.jpg\",\"articleSection\":[\"Serie: El fen\u00f3meno Chaves-Fern\u00e1ndez\"],\"inLanguage\":\"es\",\"potentialAction\":[{\"@type\":\"CommentAction\",\"name\":\"Comment\",\"target\":[\"https:\/\/viniciojarquin.com\/blog\/quienes-siguen-a-rodrigo-el-perfil-psicologico-social-y-emocional-del-chavista-promedio\/#respond\"]}]},{\"@type\":\"WebPage\",\"@id\":\"https:\/\/viniciojarquin.com\/blog\/quienes-siguen-a-rodrigo-el-perfil-psicologico-social-y-emocional-del-chavista-promedio\/\",\"url\":\"https:\/\/viniciojarquin.com\/blog\/quienes-siguen-a-rodrigo-el-perfil-psicologico-social-y-emocional-del-chavista-promedio\/\",\"name\":\"\u00bfQui\u00e9nes siguen a Rodrigo? El perfil psicol\u00f3gico, social y emocional del chavista promedio - MI BLOG\",\"isPartOf\":{\"@id\":\"https:\/\/viniciojarquin.com\/blog\/#website\"},\"primaryImageOfPage\":{\"@id\":\"https:\/\/viniciojarquin.com\/blog\/quienes-siguen-a-rodrigo-el-perfil-psicologico-social-y-emocional-del-chavista-promedio\/#primaryimage\"},\"image\":{\"@id\":\"https:\/\/viniciojarquin.com\/blog\/quienes-siguen-a-rodrigo-el-perfil-psicologico-social-y-emocional-del-chavista-promedio\/#primaryimage\"},\"thumbnailUrl\":\"https:\/\/viniciojarquin.com\/blog\/wp-content\/uploads\/2025\/11\/Serie-reduc.jpg\",\"datePublished\":\"2025-11-17T02:02:41+00:00\",\"dateModified\":\"2025-11-17T02:05:14+00:00\",\"breadcrumb\":{\"@id\":\"https:\/\/viniciojarquin.com\/blog\/quienes-siguen-a-rodrigo-el-perfil-psicologico-social-y-emocional-del-chavista-promedio\/#breadcrumb\"},\"inLanguage\":\"es\",\"potentialAction\":[{\"@type\":\"ReadAction\",\"target\":[\"https:\/\/viniciojarquin.com\/blog\/quienes-siguen-a-rodrigo-el-perfil-psicologico-social-y-emocional-del-chavista-promedio\/\"]}]},{\"@type\":\"ImageObject\",\"inLanguage\":\"es\",\"@id\":\"https:\/\/viniciojarquin.com\/blog\/quienes-siguen-a-rodrigo-el-perfil-psicologico-social-y-emocional-del-chavista-promedio\/#primaryimage\",\"url\":\"https:\/\/viniciojarquin.com\/blog\/wp-content\/uploads\/2025\/11\/Serie-reduc.jpg\",\"contentUrl\":\"https:\/\/viniciojarquin.com\/blog\/wp-content\/uploads\/2025\/11\/Serie-reduc.jpg\",\"width\":800,\"height\":400},{\"@type\":\"BreadcrumbList\",\"@id\":\"https:\/\/viniciojarquin.com\/blog\/quienes-siguen-a-rodrigo-el-perfil-psicologico-social-y-emocional-del-chavista-promedio\/#breadcrumb\",\"itemListElement\":[{\"@type\":\"ListItem\",\"position\":1,\"name\":\"Portada\",\"item\":\"https:\/\/viniciojarquin.com\/blog\/\"},{\"@type\":\"ListItem\",\"position\":2,\"name\":\"\u00bfQui\u00e9nes siguen a Rodrigo? El perfil psicol\u00f3gico, social y emocional del chavista promedio\"}]},{\"@type\":\"WebSite\",\"@id\":\"https:\/\/viniciojarquin.com\/blog\/#website\",\"url\":\"https:\/\/viniciojarquin.com\/blog\/\",\"name\":\"Vinicio Jarqu\u00edn BLOG\",\"description\":\"\",\"publisher\":{\"@id\":\"https:\/\/viniciojarquin.com\/blog\/#\/schema\/person\/90100c8845ae55462ec0657d3d2f8d3b\"},\"potentialAction\":[{\"@type\":\"SearchAction\",\"target\":{\"@type\":\"EntryPoint\",\"urlTemplate\":\"https:\/\/viniciojarquin.com\/blog\/?s={search_term_string}\"},\"query-input\":{\"@type\":\"PropertyValueSpecification\",\"valueRequired\":true,\"valueName\":\"search_term_string\"}}],\"inLanguage\":\"es\"},{\"@type\":[\"Person\",\"Organization\"],\"@id\":\"https:\/\/viniciojarquin.com\/blog\/#\/schema\/person\/90100c8845ae55462ec0657d3d2f8d3b\",\"name\":\"Vinicio Jarqu\u00edn\",\"image\":{\"@type\":\"ImageObject\",\"inLanguage\":\"es\",\"@id\":\"https:\/\/viniciojarquin.com\/blog\/#\/schema\/person\/image\/\",\"url\":\"https:\/\/viniciojarquin.com\/blog\/wp-content\/uploads\/2024\/10\/Logo-VinicioJarquin-original-400.png\",\"contentUrl\":\"https:\/\/viniciojarquin.com\/blog\/wp-content\/uploads\/2024\/10\/Logo-VinicioJarquin-original-400.png\",\"width\":400,\"height\":130,\"caption\":\"Vinicio Jarqu\u00edn\"},\"logo\":{\"@id\":\"https:\/\/viniciojarquin.com\/blog\/#\/schema\/person\/image\/\"},\"description\":\"Empresario textil, artista pl\u00e1stico, escritor, coach de vida y fot\u00f3grafo.\",\"sameAs\":[\"https:\/\/viniciojarquin.com\/blog\",\"https:\/\/www.facebook.com\/vinicio.jarquin\",\"https:\/\/www.instagram.com\/vinicio_jarquin\/\",\"https:\/\/www.pinterest.com\/vinnyjc\/\",\"https:\/\/www.youtube.com\/@VinicioJarquin\"],\"url\":\"https:\/\/viniciojarquin.com\/blog\/author\/admin_s02au25i\/\"}]}<\/script>\n<!-- \/ Yoast SEO plugin. -->","yoast_head_json":{"title":"\u00bfQui\u00e9nes siguen a Rodrigo? El perfil psicol\u00f3gico, social y emocional del chavista promedio - MI BLOG","robots":{"index":"index","follow":"follow","max-snippet":"max-snippet:-1","max-image-preview":"max-image-preview:large","max-video-preview":"max-video-preview:-1"},"canonical":"https:\/\/viniciojarquin.com\/blog\/quienes-siguen-a-rodrigo-el-perfil-psicologico-social-y-emocional-del-chavista-promedio\/","og_locale":"es_ES","og_type":"article","og_title":"\u00bfQui\u00e9nes siguen a Rodrigo? El perfil psicol\u00f3gico, social y emocional del chavista promedio - MI BLOG","og_description":"Art\u00edculo 4 de 7 art\u00edculos Serie: El fen\u00f3meno Chaves\u2013Fern\u00e1ndez El mapa emocional: la radiograf\u00eda de un pa\u00eds dividido Cuando buscas [&hellip;]","og_url":"https:\/\/viniciojarquin.com\/blog\/quienes-siguen-a-rodrigo-el-perfil-psicologico-social-y-emocional-del-chavista-promedio\/","og_site_name":"MI BLOG","article_publisher":"https:\/\/www.facebook.com\/vinicio.jarquin","article_author":"https:\/\/www.facebook.com\/vinicio.jarquin","article_published_time":"2025-11-17T02:02:41+00:00","article_modified_time":"2025-11-17T02:05:14+00:00","og_image":[{"width":800,"height":400,"url":"https:\/\/viniciojarquin.com\/blog\/wp-content\/uploads\/2025\/11\/Serie-reduc.jpg","type":"image\/jpeg"}],"author":"Vinicio Jarqu\u00edn","twitter_card":"summary_large_image","twitter_misc":{"Escrito por":"Vinicio Jarqu\u00edn","Tiempo de lectura":"5 minutos"},"schema":{"@context":"https:\/\/schema.org","@graph":[{"@type":"Article","@id":"https:\/\/viniciojarquin.com\/blog\/quienes-siguen-a-rodrigo-el-perfil-psicologico-social-y-emocional-del-chavista-promedio\/#article","isPartOf":{"@id":"https:\/\/viniciojarquin.com\/blog\/quienes-siguen-a-rodrigo-el-perfil-psicologico-social-y-emocional-del-chavista-promedio\/"},"author":{"name":"Vinicio Jarqu\u00edn","@id":"https:\/\/viniciojarquin.com\/blog\/#\/schema\/person\/90100c8845ae55462ec0657d3d2f8d3b"},"headline":"\u00bfQui\u00e9nes siguen a Rodrigo? El perfil psicol\u00f3gico, social y emocional del chavista promedio","datePublished":"2025-11-17T02:02:41+00:00","dateModified":"2025-11-17T02:05:14+00:00","mainEntityOfPage":{"@id":"https:\/\/viniciojarquin.com\/blog\/quienes-siguen-a-rodrigo-el-perfil-psicologico-social-y-emocional-del-chavista-promedio\/"},"wordCount":927,"commentCount":0,"publisher":{"@id":"https:\/\/viniciojarquin.com\/blog\/#\/schema\/person\/90100c8845ae55462ec0657d3d2f8d3b"},"image":{"@id":"https:\/\/viniciojarquin.com\/blog\/quienes-siguen-a-rodrigo-el-perfil-psicologico-social-y-emocional-del-chavista-promedio\/#primaryimage"},"thumbnailUrl":"https:\/\/viniciojarquin.com\/blog\/wp-content\/uploads\/2025\/11\/Serie-reduc.jpg","articleSection":["Serie: El fen\u00f3meno Chaves-Fern\u00e1ndez"],"inLanguage":"es","potentialAction":[{"@type":"CommentAction","name":"Comment","target":["https:\/\/viniciojarquin.com\/blog\/quienes-siguen-a-rodrigo-el-perfil-psicologico-social-y-emocional-del-chavista-promedio\/#respond"]}]},{"@type":"WebPage","@id":"https:\/\/viniciojarquin.com\/blog\/quienes-siguen-a-rodrigo-el-perfil-psicologico-social-y-emocional-del-chavista-promedio\/","url":"https:\/\/viniciojarquin.com\/blog\/quienes-siguen-a-rodrigo-el-perfil-psicologico-social-y-emocional-del-chavista-promedio\/","name":"\u00bfQui\u00e9nes siguen a Rodrigo? El perfil psicol\u00f3gico, social y emocional del chavista promedio - MI BLOG","isPartOf":{"@id":"https:\/\/viniciojarquin.com\/blog\/#website"},"primaryImageOfPage":{"@id":"https:\/\/viniciojarquin.com\/blog\/quienes-siguen-a-rodrigo-el-perfil-psicologico-social-y-emocional-del-chavista-promedio\/#primaryimage"},"image":{"@id":"https:\/\/viniciojarquin.com\/blog\/quienes-siguen-a-rodrigo-el-perfil-psicologico-social-y-emocional-del-chavista-promedio\/#primaryimage"},"thumbnailUrl":"https:\/\/viniciojarquin.com\/blog\/wp-content\/uploads\/2025\/11\/Serie-reduc.jpg","datePublished":"2025-11-17T02:02:41+00:00","dateModified":"2025-11-17T02:05:14+00:00","breadcrumb":{"@id":"https:\/\/viniciojarquin.com\/blog\/quienes-siguen-a-rodrigo-el-perfil-psicologico-social-y-emocional-del-chavista-promedio\/#breadcrumb"},"inLanguage":"es","potentialAction":[{"@type":"ReadAction","target":["https:\/\/viniciojarquin.com\/blog\/quienes-siguen-a-rodrigo-el-perfil-psicologico-social-y-emocional-del-chavista-promedio\/"]}]},{"@type":"ImageObject","inLanguage":"es","@id":"https:\/\/viniciojarquin.com\/blog\/quienes-siguen-a-rodrigo-el-perfil-psicologico-social-y-emocional-del-chavista-promedio\/#primaryimage","url":"https:\/\/viniciojarquin.com\/blog\/wp-content\/uploads\/2025\/11\/Serie-reduc.jpg","contentUrl":"https:\/\/viniciojarquin.com\/blog\/wp-content\/uploads\/2025\/11\/Serie-reduc.jpg","width":800,"height":400},{"@type":"BreadcrumbList","@id":"https:\/\/viniciojarquin.com\/blog\/quienes-siguen-a-rodrigo-el-perfil-psicologico-social-y-emocional-del-chavista-promedio\/#breadcrumb","itemListElement":[{"@type":"ListItem","position":1,"name":"Portada","item":"https:\/\/viniciojarquin.com\/blog\/"},{"@type":"ListItem","position":2,"name":"\u00bfQui\u00e9nes siguen a Rodrigo? El perfil psicol\u00f3gico, social y emocional del chavista promedio"}]},{"@type":"WebSite","@id":"https:\/\/viniciojarquin.com\/blog\/#website","url":"https:\/\/viniciojarquin.com\/blog\/","name":"Vinicio Jarqu\u00edn BLOG","description":"","publisher":{"@id":"https:\/\/viniciojarquin.com\/blog\/#\/schema\/person\/90100c8845ae55462ec0657d3d2f8d3b"},"potentialAction":[{"@type":"SearchAction","target":{"@type":"EntryPoint","urlTemplate":"https:\/\/viniciojarquin.com\/blog\/?s={search_term_string}"},"query-input":{"@type":"PropertyValueSpecification","valueRequired":true,"valueName":"search_term_string"}}],"inLanguage":"es"},{"@type":["Person","Organization"],"@id":"https:\/\/viniciojarquin.com\/blog\/#\/schema\/person\/90100c8845ae55462ec0657d3d2f8d3b","name":"Vinicio Jarqu\u00edn","image":{"@type":"ImageObject","inLanguage":"es","@id":"https:\/\/viniciojarquin.com\/blog\/#\/schema\/person\/image\/","url":"https:\/\/viniciojarquin.com\/blog\/wp-content\/uploads\/2024\/10\/Logo-VinicioJarquin-original-400.png","contentUrl":"https:\/\/viniciojarquin.com\/blog\/wp-content\/uploads\/2024\/10\/Logo-VinicioJarquin-original-400.png","width":400,"height":130,"caption":"Vinicio Jarqu\u00edn"},"logo":{"@id":"https:\/\/viniciojarquin.com\/blog\/#\/schema\/person\/image\/"},"description":"Empresario textil, artista pl\u00e1stico, escritor, coach de vida y fot\u00f3grafo.","sameAs":["https:\/\/viniciojarquin.com\/blog","https:\/\/www.facebook.com\/vinicio.jarquin","https:\/\/www.instagram.com\/vinicio_jarquin\/","https:\/\/www.pinterest.com\/vinnyjc\/","https:\/\/www.youtube.com\/@VinicioJarquin"],"url":"https:\/\/viniciojarquin.com\/blog\/author\/admin_s02au25i\/"}]}},"blog_post_layout_featured_media_urls":{"thumbnail":["https:\/\/viniciojarquin.com\/blog\/wp-content\/uploads\/2025\/11\/Serie-reduc-150x150.jpg",150,150,true],"full":["https:\/\/viniciojarquin.com\/blog\/wp-content\/uploads\/2025\/11\/Serie-reduc.jpg",800,400,false]},"categories_names":{"22":{"name":"Serie: El fen\u00f3meno Chaves-Fern\u00e1ndez","link":"https:\/\/viniciojarquin.com\/blog\/category\/serie-el-fenomeno-chaves-fernandez\/"}},"tags_names":[],"comments_number":"0","_links":{"self":[{"href":"https:\/\/viniciojarquin.com\/blog\/wp-json\/wp\/v2\/posts\/1330","targetHints":{"allow":["GET"]}}],"collection":[{"href":"https:\/\/viniciojarquin.com\/blog\/wp-json\/wp\/v2\/posts"}],"about":[{"href":"https:\/\/viniciojarquin.com\/blog\/wp-json\/wp\/v2\/types\/post"}],"author":[{"embeddable":true,"href":"https:\/\/viniciojarquin.com\/blog\/wp-json\/wp\/v2\/users\/1"}],"replies":[{"embeddable":true,"href":"https:\/\/viniciojarquin.com\/blog\/wp-json\/wp\/v2\/comments?post=1330"}],"version-history":[{"count":2,"href":"https:\/\/viniciojarquin.com\/blog\/wp-json\/wp\/v2\/posts\/1330\/revisions"}],"predecessor-version":[{"id":1348,"href":"https:\/\/viniciojarquin.com\/blog\/wp-json\/wp\/v2\/posts\/1330\/revisions\/1348"}],"wp:featuredmedia":[{"embeddable":true,"href":"https:\/\/viniciojarquin.com\/blog\/wp-json\/wp\/v2\/media\/1326"}],"wp:attachment":[{"href":"https:\/\/viniciojarquin.com\/blog\/wp-json\/wp\/v2\/media?parent=1330"}],"wp:term":[{"taxonomy":"category","embeddable":true,"href":"https:\/\/viniciojarquin.com\/blog\/wp-json\/wp\/v2\/categories?post=1330"},{"taxonomy":"post_tag","embeddable":true,"href":"https:\/\/viniciojarquin.com\/blog\/wp-json\/wp\/v2\/tags?post=1330"}],"curies":[{"name":"wp","href":"https:\/\/api.w.org\/{rel}","templated":true}]}}