{"id":1331,"date":"2025-11-17T02:02:45","date_gmt":"2025-11-17T02:02:45","guid":{"rendered":"https:\/\/viniciojarquin.com\/blog\/?p=1331"},"modified":"2025-11-17T02:05:21","modified_gmt":"2025-11-17T02:05:21","slug":"quienes-siguen-a-laura-el-perfil-psicologico-del-votante-del-continuismo-suave","status":"publish","type":"post","link":"https:\/\/viniciojarquin.com\/blog\/quienes-siguen-a-laura-el-perfil-psicologico-del-votante-del-continuismo-suave\/","title":{"rendered":"\u00bfQui\u00e9nes siguen a Laura? El perfil psicol\u00f3gico del votante del continuismo \u201csuave\u201d"},"content":{"rendered":"\n<p><strong>Art\u00edculo 5 de 7 art\u00edculos<\/strong><\/p>\n\n\n\n<p><strong>Serie: El fen\u00f3meno Chaves\u2013Fern\u00e1ndez<\/strong><\/p>\n\n\n\n<p><strong>El mapa emocional: la radiograf\u00eda de un pa\u00eds dividido<\/strong><\/p>\n\n\n\n<p>Cuando intentas comprender al votante de Laura, es esencial no confundirlo con el votante de Rodrigo. No tienen el mismo coraz\u00f3n, ni la misma energ\u00eda, ni la misma intensidad emocional, pero s\u00ed forman parte de un mismo fen\u00f3meno: una continuidad afectiva que nace del chavismo, se sostiene en la figura de Rodrigo y se proyecta en el rostro de Laura. Este votante es m\u00e1s complejo de lo que parece a simple vista; no es fan\u00e1tico, pero s\u00ed est\u00e1 atrapado en una narrativa emocional muy cuidadosamente construida. Para entenderlo, hay que observar con atenci\u00f3n las capas de miedo, necesidad, pertenencia y estabilidad que definen su conducta electoral.<\/p>\n\n\n\n<p>Una parte importante lo conforman personas que no aman a Laura, pero aman la idea de \u201ccontinuidad sin caos\u201d. Laura no genera devoci\u00f3n, no inspira fervor y no conecta con la fuerza emocional que conecta Rodrigo. Sin embargo, para muchos ella representa algo que les da una tranquilidad muy valiosa: la sensaci\u00f3n de que el pa\u00eds no va a cambiar de golpe. Son personas que temen la incertidumbre, que prefieren un mal conocido antes que un cambio que no saben si podr\u00e1n manejar. Para ellas, Laura suena a \u201csigamos por aqu\u00ed nom\u00e1s\u201d, y en tiempos de ansiedad colectiva esa sensaci\u00f3n de estabilidad es m\u00e1s poderosa que cualquier propuesta racional.<\/p>\n\n\n\n<p>Otro grupo es enorme: personas que quieren profundamente a Rodrigo, pero no pueden votarlo. Le tienen cari\u00f1o, admiraci\u00f3n o fe, pero no est\u00e1 en la papeleta. Entonces Laura se convierte en una sustituta emocional, en la heredera del enojo, en la sucesora de la furia, en la depositaria del resentimiento. No votan por ella: votan por \u00e9l a trav\u00e9s de ella. Es un voto prestado, no un voto convencido, y por eso funciona con una facilidad que sorprende. En PNL, esto se llama transferencia emocional: la energ\u00eda afectiva hacia una figura se redirige a otra sin necesidad de l\u00f3gica.<\/p>\n\n\n\n<p>Tambi\u00e9n est\u00e1n quienes siguen atrapados en la narrativa del \u201cpueblo contra las \u00e9lites\u201d. Ese libreto sigue vivo, solo que ahora lo ejecuta otra vocera. Laura se convierte en la mensajera d\u00f3cil de un discurso que no escribi\u00f3, pero que le permite a cierto votante sentir que contin\u00faa siendo parte de una rebeli\u00f3n simb\u00f3lica sin cargar con el nivel de confrontaci\u00f3n que implicaba apoyar directamente a Rodrigo. Es la rebeld\u00eda higi\u00e9nica del continuismo: la sensaci\u00f3n de protesta, pero sin ensuciarse emocionalmente.<\/p>\n\n\n\n<p>Existe adem\u00e1s un sector que siente una profunda culpa emocional ante la idea de \u201cabandonar a Rodrigo\u201d. En todo movimiento populista, el l\u00edder funciona como padre simb\u00f3lico, protector emocional y salvador imaginado. Cuando se crea ese v\u00ednculo afectivo, dejar de apoyar al l\u00edder se percibe casi como traici\u00f3n moral. Votar por Laura se convierte en una forma de cumplir con \u00e9l, incluso si ella no tiene el mismo peso carism\u00e1tico. Es una lealtad disfrazada de decisi\u00f3n pol\u00edtica.<\/p>\n\n\n\n<p>Otro grupo llega desde el cansancio: personas agotadas de los esc\u00e1ndalos de la pol\u00edtica tradicional. Quieren algo distinto, aun si ese \u201cdistinto\u201d es solo un envoltorio vac\u00edo. Laura funciona como un ant\u00eddoto simb\u00f3lico contra lo viejo, aunque no represente realmente una alternativa. Es el deseo de cambio superficial que se sostiene m\u00e1s en la apariencia que en el contenido.<\/p>\n\n\n\n<p>Encuentras, tambi\u00e9n personas con baja alfabetizaci\u00f3n pol\u00edtica pero una enorme necesidad de pertenecer. No distinguen ideolog\u00edas ni programas, pero s\u00ed distinguen qui\u00e9n est\u00e1 contra qui\u00e9n, qui\u00e9n habla f\u00e1cil, qui\u00e9n habla \u201ccomo los m\u00edos\u201d. Para estas personas, el voto por Laura es un voto tribal, una decisi\u00f3n guiada por identidad y grupo, no por propuesta.<\/p>\n\n\n\n<p>Luego est\u00e1n las personas que buscan estabilidad, aunque sea ficticia. No quieren el caos de Rodrigo, pero tampoco quieren enfrentarlo. Laura es la versi\u00f3n tranquila del mismo proyecto: la que no grita, la que no amenaza, la que parece ordenada. Pero debajo de esa calma siguen intactas las mismas ideas, solo que presentadas en un tono m\u00e1s digerible. Es el deseo de paz sin renunciar al conflicto que la alimenta.<\/p>\n\n\n\n<p>Otro grupo importante es el que simplemente piensa que \u201cLaura no puede ser tan mala\u201d. Son votantes movidos por la simpat\u00eda, la compasi\u00f3n y la victimizaci\u00f3n. Ven que la atacan mucho y sienten l\u00e1stima. Piensan que quiz\u00e1 no la dejan hablar, que tal vez es mejor de lo que dicen, o que es injusto el trato que recibe. No la eligen por convicci\u00f3n, la eligen por ternura. Y la ternura, en pol\u00edtica, es un hilo peligrosamente manipulable.<\/p>\n\n\n\n<p>Finalmente, est\u00e1n quienes se dejan guiar por la emoci\u00f3n colectiva. No investigan, no comparan, no cuestionan. Siguen la ola. Sienten que mucha gente la va a votar, ven encuestas infladas y creen que eso significa seguridad. Son seguidores de narrativa, no de proyecto, y la narrativa del continuismo est\u00e1 perfectamente dise\u00f1ada para ellos.<\/p>\n\n\n\n<p>Al final, la conclusi\u00f3n es inc\u00f3moda pero inevitable: el votante de Rodrigo sigue al l\u00edder. El votante de Laura sigue la idea del l\u00edder. Rodrigo es el fuego. Laura es el humo. El fuego quema; el humo asfixia. Los dos hacen da\u00f1o, pero lo hacen de formas distintas, y entender esa diferencia es fundamental para comprender el verdadero alcance del continuismo emocional.<\/p>\n\n\n\n<figure class=\"wp-block-image size-full\"><img decoding=\"async\" width=\"800\" height=\"400\" data-src=\"https:\/\/viniciojarquin.com\/blog\/wp-content\/uploads\/2025\/11\/Serie-reduc.jpg\" alt=\"\" class=\"wp-image-1326 lazyload\" data-srcset=\"https:\/\/viniciojarquin.com\/blog\/wp-content\/uploads\/2025\/11\/Serie-reduc.jpg 800w, https:\/\/viniciojarquin.com\/blog\/wp-content\/uploads\/2025\/11\/Serie-reduc-300x150.jpg 300w, https:\/\/viniciojarquin.com\/blog\/wp-content\/uploads\/2025\/11\/Serie-reduc-768x384.jpg 768w\" data-sizes=\"(max-width: 800px) 100vw, 800px\" src=\"data:image\/svg+xml;base64,PHN2ZyB3aWR0aD0iMSIgaGVpZ2h0PSIxIiB4bWxucz0iaHR0cDovL3d3dy53My5vcmcvMjAwMC9zdmciPjwvc3ZnPg==\" style=\"--smush-placeholder-width: 800px; --smush-placeholder-aspect-ratio: 800\/400;\" \/><\/figure>\n","protected":false},"excerpt":{"rendered":"<p>Art\u00edculo 5 de 7 art\u00edculos Serie: El fen\u00f3meno Chaves\u2013Fern\u00e1ndez El mapa emocional: la radiograf\u00eda de un pa\u00eds dividido Cuando intentas [&hellip;]<\/p>\n","protected":false},"author":1,"featured_media":1326,"comment_status":"open","ping_status":"open","sticky":false,"template":"","format":"standard","meta":{"site-sidebar-layout":"default","site-content-layout":"","ast-site-content-layout":"","site-content-style":"default","site-sidebar-style":"default","ast-global-header-display":"","ast-banner-title-visibility":"","ast-main-header-display":"","ast-hfb-above-header-display":"","ast-hfb-below-header-display":"","ast-hfb-mobile-header-display":"","site-post-title":"","ast-breadcrumbs-content":"","ast-featured-img":"","footer-sml-layout":"","theme-transparent-header-meta":"","adv-header-id-meta":"","stick-header-meta":"","header-above-stick-meta":"","header-main-stick-meta":"","header-below-stick-meta":"","astra-migrate-meta-layouts":"default","ast-page-background-enabled":"default","ast-page-background-meta":{"desktop":{"background-color":"var(--ast-global-color-5)","background-image":"","background-repeat":"repeat","background-position":"center center","background-size":"auto","background-attachment":"scroll","background-type":"","background-media":"","overlay-type":"","overlay-color":"","overlay-opacity":"","overlay-gradient":""},"tablet":{"background-color":"","background-image":"","background-repeat":"repeat","background-position":"center center","background-size":"auto","background-attachment":"scroll","background-type":"","background-media":"","overlay-type":"","overlay-color":"","overlay-opacity":"","overlay-gradient":""},"mobile":{"background-color":"","background-image":"","background-repeat":"repeat","background-position":"center center","background-size":"auto","background-attachment":"scroll","background-type":"","background-media":"","overlay-type":"","overlay-color":"","overlay-opacity":"","overlay-gradient":""}},"ast-content-background-meta":{"desktop":{"background-color":"var(--ast-global-color-4)","background-image":"","background-repeat":"repeat","background-position":"center center","background-size":"auto","background-attachment":"scroll","background-type":"","background-media":"","overlay-type":"","overlay-color":"","overlay-opacity":"","overlay-gradient":""},"tablet":{"background-color":"var(--ast-global-color-4)","background-image":"","background-repeat":"repeat","background-position":"center center","background-size":"auto","background-attachment":"scroll","background-type":"","background-media":"","overlay-type":"","overlay-color":"","overlay-opacity":"","overlay-gradient":""},"mobile":{"background-color":"var(--ast-global-color-4)","background-image":"","background-repeat":"repeat","background-position":"center center","background-size":"auto","background-attachment":"scroll","background-type":"","background-media":"","overlay-type":"","overlay-color":"","overlay-opacity":"","overlay-gradient":""}},"footnotes":""},"categories":[22],"tags":[],"class_list":["post-1331","post","type-post","status-publish","format-standard","has-post-thumbnail","hentry","category-serie-el-fenomeno-chaves-fernandez"],"yoast_head":"<!-- This site is optimized with the Yoast SEO plugin v26.0 - https:\/\/yoast.com\/wordpress\/plugins\/seo\/ -->\n<title>\u00bfQui\u00e9nes siguen a Laura? El perfil psicol\u00f3gico del votante del continuismo \u201csuave\u201d - MI BLOG<\/title>\n<meta name=\"robots\" content=\"index, follow, max-snippet:-1, max-image-preview:large, max-video-preview:-1\" \/>\n<link rel=\"canonical\" href=\"https:\/\/viniciojarquin.com\/blog\/quienes-siguen-a-laura-el-perfil-psicologico-del-votante-del-continuismo-suave\/\" \/>\n<meta property=\"og:locale\" content=\"es_ES\" \/>\n<meta property=\"og:type\" content=\"article\" \/>\n<meta property=\"og:title\" content=\"\u00bfQui\u00e9nes siguen a Laura? El perfil psicol\u00f3gico del votante del continuismo \u201csuave\u201d - MI BLOG\" \/>\n<meta property=\"og:description\" content=\"Art\u00edculo 5 de 7 art\u00edculos Serie: El fen\u00f3meno Chaves\u2013Fern\u00e1ndez El mapa emocional: la radiograf\u00eda de un pa\u00eds dividido Cuando intentas [&hellip;]\" \/>\n<meta property=\"og:url\" content=\"https:\/\/viniciojarquin.com\/blog\/quienes-siguen-a-laura-el-perfil-psicologico-del-votante-del-continuismo-suave\/\" \/>\n<meta property=\"og:site_name\" content=\"MI BLOG\" \/>\n<meta property=\"article:publisher\" content=\"https:\/\/www.facebook.com\/vinicio.jarquin\" \/>\n<meta property=\"article:author\" content=\"https:\/\/www.facebook.com\/vinicio.jarquin\" \/>\n<meta property=\"article:published_time\" content=\"2025-11-17T02:02:45+00:00\" \/>\n<meta property=\"article:modified_time\" content=\"2025-11-17T02:05:21+00:00\" \/>\n<meta property=\"og:image\" content=\"https:\/\/viniciojarquin.com\/blog\/wp-content\/uploads\/2025\/11\/Serie-reduc.jpg\" \/>\n\t<meta property=\"og:image:width\" content=\"800\" \/>\n\t<meta property=\"og:image:height\" content=\"400\" \/>\n\t<meta property=\"og:image:type\" content=\"image\/jpeg\" \/>\n<meta name=\"author\" content=\"Vinicio Jarqu\u00edn\" \/>\n<meta name=\"twitter:card\" content=\"summary_large_image\" \/>\n<meta name=\"twitter:label1\" content=\"Escrito por\" \/>\n\t<meta name=\"twitter:data1\" content=\"Vinicio Jarqu\u00edn\" \/>\n\t<meta name=\"twitter:label2\" content=\"Tiempo de lectura\" \/>\n\t<meta name=\"twitter:data2\" content=\"5 minutos\" \/>\n<script type=\"application\/ld+json\" class=\"yoast-schema-graph\">{\"@context\":\"https:\/\/schema.org\",\"@graph\":[{\"@type\":\"Article\",\"@id\":\"https:\/\/viniciojarquin.com\/blog\/quienes-siguen-a-laura-el-perfil-psicologico-del-votante-del-continuismo-suave\/#article\",\"isPartOf\":{\"@id\":\"https:\/\/viniciojarquin.com\/blog\/quienes-siguen-a-laura-el-perfil-psicologico-del-votante-del-continuismo-suave\/\"},\"author\":{\"name\":\"Vinicio Jarqu\u00edn\",\"@id\":\"https:\/\/viniciojarquin.com\/blog\/#\/schema\/person\/90100c8845ae55462ec0657d3d2f8d3b\"},\"headline\":\"\u00bfQui\u00e9nes siguen a Laura? El perfil psicol\u00f3gico del votante del continuismo \u201csuave\u201d\",\"datePublished\":\"2025-11-17T02:02:45+00:00\",\"dateModified\":\"2025-11-17T02:05:21+00:00\",\"mainEntityOfPage\":{\"@id\":\"https:\/\/viniciojarquin.com\/blog\/quienes-siguen-a-laura-el-perfil-psicologico-del-votante-del-continuismo-suave\/\"},\"wordCount\":954,\"commentCount\":0,\"publisher\":{\"@id\":\"https:\/\/viniciojarquin.com\/blog\/#\/schema\/person\/90100c8845ae55462ec0657d3d2f8d3b\"},\"image\":{\"@id\":\"https:\/\/viniciojarquin.com\/blog\/quienes-siguen-a-laura-el-perfil-psicologico-del-votante-del-continuismo-suave\/#primaryimage\"},\"thumbnailUrl\":\"https:\/\/viniciojarquin.com\/blog\/wp-content\/uploads\/2025\/11\/Serie-reduc.jpg\",\"articleSection\":[\"Serie: El fen\u00f3meno Chaves-Fern\u00e1ndez\"],\"inLanguage\":\"es\",\"potentialAction\":[{\"@type\":\"CommentAction\",\"name\":\"Comment\",\"target\":[\"https:\/\/viniciojarquin.com\/blog\/quienes-siguen-a-laura-el-perfil-psicologico-del-votante-del-continuismo-suave\/#respond\"]}]},{\"@type\":\"WebPage\",\"@id\":\"https:\/\/viniciojarquin.com\/blog\/quienes-siguen-a-laura-el-perfil-psicologico-del-votante-del-continuismo-suave\/\",\"url\":\"https:\/\/viniciojarquin.com\/blog\/quienes-siguen-a-laura-el-perfil-psicologico-del-votante-del-continuismo-suave\/\",\"name\":\"\u00bfQui\u00e9nes siguen a Laura? El perfil psicol\u00f3gico del votante del continuismo \u201csuave\u201d - MI BLOG\",\"isPartOf\":{\"@id\":\"https:\/\/viniciojarquin.com\/blog\/#website\"},\"primaryImageOfPage\":{\"@id\":\"https:\/\/viniciojarquin.com\/blog\/quienes-siguen-a-laura-el-perfil-psicologico-del-votante-del-continuismo-suave\/#primaryimage\"},\"image\":{\"@id\":\"https:\/\/viniciojarquin.com\/blog\/quienes-siguen-a-laura-el-perfil-psicologico-del-votante-del-continuismo-suave\/#primaryimage\"},\"thumbnailUrl\":\"https:\/\/viniciojarquin.com\/blog\/wp-content\/uploads\/2025\/11\/Serie-reduc.jpg\",\"datePublished\":\"2025-11-17T02:02:45+00:00\",\"dateModified\":\"2025-11-17T02:05:21+00:00\",\"breadcrumb\":{\"@id\":\"https:\/\/viniciojarquin.com\/blog\/quienes-siguen-a-laura-el-perfil-psicologico-del-votante-del-continuismo-suave\/#breadcrumb\"},\"inLanguage\":\"es\",\"potentialAction\":[{\"@type\":\"ReadAction\",\"target\":[\"https:\/\/viniciojarquin.com\/blog\/quienes-siguen-a-laura-el-perfil-psicologico-del-votante-del-continuismo-suave\/\"]}]},{\"@type\":\"ImageObject\",\"inLanguage\":\"es\",\"@id\":\"https:\/\/viniciojarquin.com\/blog\/quienes-siguen-a-laura-el-perfil-psicologico-del-votante-del-continuismo-suave\/#primaryimage\",\"url\":\"https:\/\/viniciojarquin.com\/blog\/wp-content\/uploads\/2025\/11\/Serie-reduc.jpg\",\"contentUrl\":\"https:\/\/viniciojarquin.com\/blog\/wp-content\/uploads\/2025\/11\/Serie-reduc.jpg\",\"width\":800,\"height\":400},{\"@type\":\"BreadcrumbList\",\"@id\":\"https:\/\/viniciojarquin.com\/blog\/quienes-siguen-a-laura-el-perfil-psicologico-del-votante-del-continuismo-suave\/#breadcrumb\",\"itemListElement\":[{\"@type\":\"ListItem\",\"position\":1,\"name\":\"Portada\",\"item\":\"https:\/\/viniciojarquin.com\/blog\/\"},{\"@type\":\"ListItem\",\"position\":2,\"name\":\"\u00bfQui\u00e9nes siguen a Laura? El perfil psicol\u00f3gico del votante del continuismo \u201csuave\u201d\"}]},{\"@type\":\"WebSite\",\"@id\":\"https:\/\/viniciojarquin.com\/blog\/#website\",\"url\":\"https:\/\/viniciojarquin.com\/blog\/\",\"name\":\"Vinicio Jarqu\u00edn BLOG\",\"description\":\"\",\"publisher\":{\"@id\":\"https:\/\/viniciojarquin.com\/blog\/#\/schema\/person\/90100c8845ae55462ec0657d3d2f8d3b\"},\"potentialAction\":[{\"@type\":\"SearchAction\",\"target\":{\"@type\":\"EntryPoint\",\"urlTemplate\":\"https:\/\/viniciojarquin.com\/blog\/?s={search_term_string}\"},\"query-input\":{\"@type\":\"PropertyValueSpecification\",\"valueRequired\":true,\"valueName\":\"search_term_string\"}}],\"inLanguage\":\"es\"},{\"@type\":[\"Person\",\"Organization\"],\"@id\":\"https:\/\/viniciojarquin.com\/blog\/#\/schema\/person\/90100c8845ae55462ec0657d3d2f8d3b\",\"name\":\"Vinicio Jarqu\u00edn\",\"image\":{\"@type\":\"ImageObject\",\"inLanguage\":\"es\",\"@id\":\"https:\/\/viniciojarquin.com\/blog\/#\/schema\/person\/image\/\",\"url\":\"https:\/\/viniciojarquin.com\/blog\/wp-content\/uploads\/2024\/10\/Logo-VinicioJarquin-original-400.png\",\"contentUrl\":\"https:\/\/viniciojarquin.com\/blog\/wp-content\/uploads\/2024\/10\/Logo-VinicioJarquin-original-400.png\",\"width\":400,\"height\":130,\"caption\":\"Vinicio Jarqu\u00edn\"},\"logo\":{\"@id\":\"https:\/\/viniciojarquin.com\/blog\/#\/schema\/person\/image\/\"},\"description\":\"Empresario textil, artista pl\u00e1stico, escritor, coach de vida y fot\u00f3grafo.\",\"sameAs\":[\"https:\/\/viniciojarquin.com\/blog\",\"https:\/\/www.facebook.com\/vinicio.jarquin\",\"https:\/\/www.instagram.com\/vinicio_jarquin\/\",\"https:\/\/www.pinterest.com\/vinnyjc\/\",\"https:\/\/www.youtube.com\/@VinicioJarquin\"],\"url\":\"https:\/\/viniciojarquin.com\/blog\/author\/admin_s02au25i\/\"}]}<\/script>\n<!-- \/ Yoast SEO plugin. -->","yoast_head_json":{"title":"\u00bfQui\u00e9nes siguen a Laura? El perfil psicol\u00f3gico del votante del continuismo \u201csuave\u201d - MI BLOG","robots":{"index":"index","follow":"follow","max-snippet":"max-snippet:-1","max-image-preview":"max-image-preview:large","max-video-preview":"max-video-preview:-1"},"canonical":"https:\/\/viniciojarquin.com\/blog\/quienes-siguen-a-laura-el-perfil-psicologico-del-votante-del-continuismo-suave\/","og_locale":"es_ES","og_type":"article","og_title":"\u00bfQui\u00e9nes siguen a Laura? El perfil psicol\u00f3gico del votante del continuismo \u201csuave\u201d - MI BLOG","og_description":"Art\u00edculo 5 de 7 art\u00edculos Serie: El fen\u00f3meno Chaves\u2013Fern\u00e1ndez El mapa emocional: la radiograf\u00eda de un pa\u00eds dividido Cuando intentas [&hellip;]","og_url":"https:\/\/viniciojarquin.com\/blog\/quienes-siguen-a-laura-el-perfil-psicologico-del-votante-del-continuismo-suave\/","og_site_name":"MI BLOG","article_publisher":"https:\/\/www.facebook.com\/vinicio.jarquin","article_author":"https:\/\/www.facebook.com\/vinicio.jarquin","article_published_time":"2025-11-17T02:02:45+00:00","article_modified_time":"2025-11-17T02:05:21+00:00","og_image":[{"width":800,"height":400,"url":"https:\/\/viniciojarquin.com\/blog\/wp-content\/uploads\/2025\/11\/Serie-reduc.jpg","type":"image\/jpeg"}],"author":"Vinicio Jarqu\u00edn","twitter_card":"summary_large_image","twitter_misc":{"Escrito por":"Vinicio Jarqu\u00edn","Tiempo de lectura":"5 minutos"},"schema":{"@context":"https:\/\/schema.org","@graph":[{"@type":"Article","@id":"https:\/\/viniciojarquin.com\/blog\/quienes-siguen-a-laura-el-perfil-psicologico-del-votante-del-continuismo-suave\/#article","isPartOf":{"@id":"https:\/\/viniciojarquin.com\/blog\/quienes-siguen-a-laura-el-perfil-psicologico-del-votante-del-continuismo-suave\/"},"author":{"name":"Vinicio Jarqu\u00edn","@id":"https:\/\/viniciojarquin.com\/blog\/#\/schema\/person\/90100c8845ae55462ec0657d3d2f8d3b"},"headline":"\u00bfQui\u00e9nes siguen a Laura? El perfil psicol\u00f3gico del votante del continuismo \u201csuave\u201d","datePublished":"2025-11-17T02:02:45+00:00","dateModified":"2025-11-17T02:05:21+00:00","mainEntityOfPage":{"@id":"https:\/\/viniciojarquin.com\/blog\/quienes-siguen-a-laura-el-perfil-psicologico-del-votante-del-continuismo-suave\/"},"wordCount":954,"commentCount":0,"publisher":{"@id":"https:\/\/viniciojarquin.com\/blog\/#\/schema\/person\/90100c8845ae55462ec0657d3d2f8d3b"},"image":{"@id":"https:\/\/viniciojarquin.com\/blog\/quienes-siguen-a-laura-el-perfil-psicologico-del-votante-del-continuismo-suave\/#primaryimage"},"thumbnailUrl":"https:\/\/viniciojarquin.com\/blog\/wp-content\/uploads\/2025\/11\/Serie-reduc.jpg","articleSection":["Serie: El fen\u00f3meno Chaves-Fern\u00e1ndez"],"inLanguage":"es","potentialAction":[{"@type":"CommentAction","name":"Comment","target":["https:\/\/viniciojarquin.com\/blog\/quienes-siguen-a-laura-el-perfil-psicologico-del-votante-del-continuismo-suave\/#respond"]}]},{"@type":"WebPage","@id":"https:\/\/viniciojarquin.com\/blog\/quienes-siguen-a-laura-el-perfil-psicologico-del-votante-del-continuismo-suave\/","url":"https:\/\/viniciojarquin.com\/blog\/quienes-siguen-a-laura-el-perfil-psicologico-del-votante-del-continuismo-suave\/","name":"\u00bfQui\u00e9nes siguen a Laura? El perfil psicol\u00f3gico del votante del continuismo \u201csuave\u201d - MI BLOG","isPartOf":{"@id":"https:\/\/viniciojarquin.com\/blog\/#website"},"primaryImageOfPage":{"@id":"https:\/\/viniciojarquin.com\/blog\/quienes-siguen-a-laura-el-perfil-psicologico-del-votante-del-continuismo-suave\/#primaryimage"},"image":{"@id":"https:\/\/viniciojarquin.com\/blog\/quienes-siguen-a-laura-el-perfil-psicologico-del-votante-del-continuismo-suave\/#primaryimage"},"thumbnailUrl":"https:\/\/viniciojarquin.com\/blog\/wp-content\/uploads\/2025\/11\/Serie-reduc.jpg","datePublished":"2025-11-17T02:02:45+00:00","dateModified":"2025-11-17T02:05:21+00:00","breadcrumb":{"@id":"https:\/\/viniciojarquin.com\/blog\/quienes-siguen-a-laura-el-perfil-psicologico-del-votante-del-continuismo-suave\/#breadcrumb"},"inLanguage":"es","potentialAction":[{"@type":"ReadAction","target":["https:\/\/viniciojarquin.com\/blog\/quienes-siguen-a-laura-el-perfil-psicologico-del-votante-del-continuismo-suave\/"]}]},{"@type":"ImageObject","inLanguage":"es","@id":"https:\/\/viniciojarquin.com\/blog\/quienes-siguen-a-laura-el-perfil-psicologico-del-votante-del-continuismo-suave\/#primaryimage","url":"https:\/\/viniciojarquin.com\/blog\/wp-content\/uploads\/2025\/11\/Serie-reduc.jpg","contentUrl":"https:\/\/viniciojarquin.com\/blog\/wp-content\/uploads\/2025\/11\/Serie-reduc.jpg","width":800,"height":400},{"@type":"BreadcrumbList","@id":"https:\/\/viniciojarquin.com\/blog\/quienes-siguen-a-laura-el-perfil-psicologico-del-votante-del-continuismo-suave\/#breadcrumb","itemListElement":[{"@type":"ListItem","position":1,"name":"Portada","item":"https:\/\/viniciojarquin.com\/blog\/"},{"@type":"ListItem","position":2,"name":"\u00bfQui\u00e9nes siguen a Laura? El perfil psicol\u00f3gico del votante del continuismo \u201csuave\u201d"}]},{"@type":"WebSite","@id":"https:\/\/viniciojarquin.com\/blog\/#website","url":"https:\/\/viniciojarquin.com\/blog\/","name":"Vinicio Jarqu\u00edn BLOG","description":"","publisher":{"@id":"https:\/\/viniciojarquin.com\/blog\/#\/schema\/person\/90100c8845ae55462ec0657d3d2f8d3b"},"potentialAction":[{"@type":"SearchAction","target":{"@type":"EntryPoint","urlTemplate":"https:\/\/viniciojarquin.com\/blog\/?s={search_term_string}"},"query-input":{"@type":"PropertyValueSpecification","valueRequired":true,"valueName":"search_term_string"}}],"inLanguage":"es"},{"@type":["Person","Organization"],"@id":"https:\/\/viniciojarquin.com\/blog\/#\/schema\/person\/90100c8845ae55462ec0657d3d2f8d3b","name":"Vinicio Jarqu\u00edn","image":{"@type":"ImageObject","inLanguage":"es","@id":"https:\/\/viniciojarquin.com\/blog\/#\/schema\/person\/image\/","url":"https:\/\/viniciojarquin.com\/blog\/wp-content\/uploads\/2024\/10\/Logo-VinicioJarquin-original-400.png","contentUrl":"https:\/\/viniciojarquin.com\/blog\/wp-content\/uploads\/2024\/10\/Logo-VinicioJarquin-original-400.png","width":400,"height":130,"caption":"Vinicio Jarqu\u00edn"},"logo":{"@id":"https:\/\/viniciojarquin.com\/blog\/#\/schema\/person\/image\/"},"description":"Empresario textil, artista pl\u00e1stico, escritor, coach de vida y fot\u00f3grafo.","sameAs":["https:\/\/viniciojarquin.com\/blog","https:\/\/www.facebook.com\/vinicio.jarquin","https:\/\/www.instagram.com\/vinicio_jarquin\/","https:\/\/www.pinterest.com\/vinnyjc\/","https:\/\/www.youtube.com\/@VinicioJarquin"],"url":"https:\/\/viniciojarquin.com\/blog\/author\/admin_s02au25i\/"}]}},"blog_post_layout_featured_media_urls":{"thumbnail":["https:\/\/viniciojarquin.com\/blog\/wp-content\/uploads\/2025\/11\/Serie-reduc-150x150.jpg",150,150,true],"full":["https:\/\/viniciojarquin.com\/blog\/wp-content\/uploads\/2025\/11\/Serie-reduc.jpg",800,400,false]},"categories_names":{"22":{"name":"Serie: El fen\u00f3meno Chaves-Fern\u00e1ndez","link":"https:\/\/viniciojarquin.com\/blog\/category\/serie-el-fenomeno-chaves-fernandez\/"}},"tags_names":[],"comments_number":"0","_links":{"self":[{"href":"https:\/\/viniciojarquin.com\/blog\/wp-json\/wp\/v2\/posts\/1331","targetHints":{"allow":["GET"]}}],"collection":[{"href":"https:\/\/viniciojarquin.com\/blog\/wp-json\/wp\/v2\/posts"}],"about":[{"href":"https:\/\/viniciojarquin.com\/blog\/wp-json\/wp\/v2\/types\/post"}],"author":[{"embeddable":true,"href":"https:\/\/viniciojarquin.com\/blog\/wp-json\/wp\/v2\/users\/1"}],"replies":[{"embeddable":true,"href":"https:\/\/viniciojarquin.com\/blog\/wp-json\/wp\/v2\/comments?post=1331"}],"version-history":[{"count":2,"href":"https:\/\/viniciojarquin.com\/blog\/wp-json\/wp\/v2\/posts\/1331\/revisions"}],"predecessor-version":[{"id":1349,"href":"https:\/\/viniciojarquin.com\/blog\/wp-json\/wp\/v2\/posts\/1331\/revisions\/1349"}],"wp:featuredmedia":[{"embeddable":true,"href":"https:\/\/viniciojarquin.com\/blog\/wp-json\/wp\/v2\/media\/1326"}],"wp:attachment":[{"href":"https:\/\/viniciojarquin.com\/blog\/wp-json\/wp\/v2\/media?parent=1331"}],"wp:term":[{"taxonomy":"category","embeddable":true,"href":"https:\/\/viniciojarquin.com\/blog\/wp-json\/wp\/v2\/categories?post=1331"},{"taxonomy":"post_tag","embeddable":true,"href":"https:\/\/viniciojarquin.com\/blog\/wp-json\/wp\/v2\/tags?post=1331"}],"curies":[{"name":"wp","href":"https:\/\/api.w.org\/{rel}","templated":true}]}}