{"id":1364,"date":"2025-11-17T05:26:14","date_gmt":"2025-11-17T05:26:14","guid":{"rendered":"https:\/\/viniciojarquin.com\/blog\/?p=1364"},"modified":"2025-11-17T05:29:56","modified_gmt":"2025-11-17T05:29:56","slug":"un-problema-entre-manos","status":"publish","type":"post","link":"https:\/\/viniciojarquin.com\/blog\/un-problema-entre-manos\/","title":{"rendered":"Un problema entre manos"},"content":{"rendered":"\n<p><\/p>\n\n\n\n<p>Tenemos un problema entre manos, y no va a ser f\u00e1cil de resolver. No es un problema electoral, ni un problema de encuestas, ni un problema de preferencias pol\u00edticas. Es un problema emocional, cultural y profundamente humano.<\/p>\n\n\n\n<p>Si do\u00f1a Laura Fern\u00e1ndez llega a la presidencia, quienes estamos en contra del continuismo sabremos inmediatamente que perdimos. Perdiste t\u00fa, perd\u00ed yo, perdi\u00f3 Costa Rica. No por ella, sino por lo que representa. Por la continuidad de un estilo que ha desgastado a este pa\u00eds, que lo ha dividido, que lo ha vuelto un lugar m\u00e1s tenso, m\u00e1s agresivo, m\u00e1s triste. Ser\u00e1n cuatro a\u00f1os \u2014o m\u00e1s\u2014 de sufrimiento emocional, institucional y democr\u00e1tico. Y lo sabemos.<\/p>\n\n\n\n<p>Pero si do\u00f1a Laura pierde\u2026 ah\u00ed tambi\u00e9n tenemos un problema serio.<\/p>\n\n\n\n<p>Porque quienes apoyan al continuismo ya repiten en foros, en grupos y en redes algo peligros\u00edsimo: <em>\u201csi pierde, es fraude\u201d<\/em>.<\/p>\n\n\n\n<p>\u00bfY por qu\u00e9 lo creen? Porque eso les han hecho creer.<\/p>\n\n\n\n<p>No lo dicen por maldad. No lo dicen por an\u00e1lisis. No lo dicen por rebeld\u00eda.<\/p>\n\n\n\n<p>Lo dicen porque su l\u00edder \u2014un hombre iracundo, col\u00e9rico, profundamente irresponsable con su palabra\u2014 les ha repetido, una y otra vez, que el Tribunal Supremo de Elecciones \u201cno es confiable\u201d, que \u201cno es transparente\u201d, que \u201cno es neutral\u201d. Y cuando un l\u00edder rompe la fe en la instituci\u00f3n que sostiene la democracia, el pueblo se queda sin suelo.<\/p>\n\n\n\n<p>Nosotros, los no chavistas, confiamos en el Tribunal Supremo de Elecciones.<\/p>\n\n\n\n<p>Ellos no.<\/p>\n\n\n\n<p>Y no conf\u00edan, no porque tengan raz\u00f3n hist\u00f3rica o jur\u00eddica, sino porque alguien les rob\u00f3 esa confianza. Alguien se las arranc\u00f3 para convertir la duda en arma, el miedo en estrategia y la rabia en combustible pol\u00edtico.<\/p>\n\n\n\n<p>Ese es el verdadero problema entre manos:<\/p>\n\n\n\n<p>no estamos discutiendo con personas que analizan datos, sino con personas que han sido emocionalmente condicionadas para desconfiar del \u00fanico \u00e1rbitro que todos deber\u00edamos respetar.<\/p>\n\n\n\n<p>Cuando la democracia funciona, todos aceptamos el resultado, aunque no nos guste.<\/p>\n\n\n\n<p>Pero cuando un l\u00edder destruye la credibilidad del \u00e1rbitro, el pa\u00eds queda a la deriva.<\/p>\n\n\n\n<p>Hoy no nos enfrentamos a votos.<\/p>\n\n\n\n<p>Nos enfrentamos a emociones manipuladas.<\/p>\n\n\n\n<p>Nos enfrentamos a un sector que cree que perder es imposible\u2026 porque as\u00ed se lo ense\u00f1aron.<\/p>\n\n\n\n<p>Y cuando alguien est\u00e1 convencido de que \u201cno puede perder\u201d, cualquier derrota se transforma en conspiraci\u00f3n.<\/p>\n\n\n\n<p>Y toda conspiraci\u00f3n, tarde o temprano, se transforma en violencia.<\/p>\n\n\n\n<p>Eso es lo que me preocupa.<\/p>\n\n\n\n<p>No el resultado electoral, sino el resultado emocional.<\/p>\n\n\n\n<p>Costa Rica tiene entre manos un problema que no se resuelve con discursos, ni con propaganda, ni con fuerza p\u00fablica.<\/p>\n\n\n\n<p>Solo se resuelve con algo m\u00e1s dif\u00edcil: devolverle la confianza a un pueblo herido, confundido y manipulado.<\/p>\n\n\n\n<p>Y esa, es la lucha que estamos dando.<\/p>\n\n\n\n<p>Una lucha por la serenidad, por la verdad, por la institucionalidad\u2026<\/p>\n\n\n\n<p>y por evitar que este pa\u00eds \u2014bendito y fr\u00e1gil\u2014 termine pagando con sangre una mentira que nunca debi\u00f3 contarse.<\/p>\n","protected":false},"excerpt":{"rendered":"<p>Tenemos un problema entre manos, y no va a ser f\u00e1cil de resolver. No es un problema electoral, ni un [&hellip;]<\/p>\n","protected":false},"author":1,"featured_media":0,"comment_status":"open","ping_status":"open","sticky":false,"template":"","format":"standard","meta":{"site-sidebar-layout":"default","site-content-layout":"","ast-site-content-layout":"","site-content-style":"default","site-sidebar-style":"default","ast-global-header-display":"","ast-banner-title-visibility":"","ast-main-header-display":"","ast-hfb-above-header-display":"","ast-hfb-below-header-display":"","ast-hfb-mobile-header-display":"","site-post-title":"","ast-breadcrumbs-content":"","ast-featured-img":"","footer-sml-layout":"","theme-transparent-header-meta":"","adv-header-id-meta":"","stick-header-meta":"","header-above-stick-meta":"","header-main-stick-meta":"","header-below-stick-meta":"","astra-migrate-meta-layouts":"default","ast-page-background-enabled":"default","ast-page-background-meta":{"desktop":{"background-color":"var(--ast-global-color-5)","background-image":"","background-repeat":"repeat","background-position":"center center","background-size":"auto","background-attachment":"scroll","background-type":"","background-media":"","overlay-type":"","overlay-color":"","overlay-opacity":"","overlay-gradient":""},"tablet":{"background-color":"","background-image":"","background-repeat":"repeat","background-position":"center center","background-size":"auto","background-attachment":"scroll","background-type":"","background-media":"","overlay-type":"","overlay-color":"","overlay-opacity":"","overlay-gradient":""},"mobile":{"background-color":"","background-image":"","background-repeat":"repeat","background-position":"center center","background-size":"auto","background-attachment":"scroll","background-type":"","background-media":"","overlay-type":"","overlay-color":"","overlay-opacity":"","overlay-gradient":""}},"ast-content-background-meta":{"desktop":{"background-color":"var(--ast-global-color-4)","background-image":"","background-repeat":"repeat","background-position":"center center","background-size":"auto","background-attachment":"scroll","background-type":"","background-media":"","overlay-type":"","overlay-color":"","overlay-opacity":"","overlay-gradient":""},"tablet":{"background-color":"var(--ast-global-color-4)","background-image":"","background-repeat":"repeat","background-position":"center center","background-size":"auto","background-attachment":"scroll","background-type":"","background-media":"","overlay-type":"","overlay-color":"","overlay-opacity":"","overlay-gradient":""},"mobile":{"background-color":"var(--ast-global-color-4)","background-image":"","background-repeat":"repeat","background-position":"center center","background-size":"auto","background-attachment":"scroll","background-type":"","background-media":"","overlay-type":"","overlay-color":"","overlay-opacity":"","overlay-gradient":""}},"footnotes":""},"categories":[17],"tags":[],"class_list":["post-1364","post","type-post","status-publish","format-standard","hentry","category-elecciones-2026"],"yoast_head":"<!-- This site is optimized with the Yoast SEO plugin v26.0 - https:\/\/yoast.com\/wordpress\/plugins\/seo\/ -->\n<title>Un problema entre manos - MI BLOG<\/title>\n<meta name=\"robots\" content=\"index, follow, max-snippet:-1, max-image-preview:large, max-video-preview:-1\" \/>\n<link rel=\"canonical\" href=\"https:\/\/viniciojarquin.com\/blog\/un-problema-entre-manos\/\" \/>\n<meta property=\"og:locale\" content=\"es_ES\" \/>\n<meta property=\"og:type\" content=\"article\" \/>\n<meta property=\"og:title\" content=\"Un problema entre manos - MI BLOG\" \/>\n<meta property=\"og:description\" content=\"Tenemos un problema entre manos, y no va a ser f\u00e1cil de resolver. No es un problema electoral, ni un [&hellip;]\" \/>\n<meta property=\"og:url\" content=\"https:\/\/viniciojarquin.com\/blog\/un-problema-entre-manos\/\" \/>\n<meta property=\"og:site_name\" content=\"MI BLOG\" \/>\n<meta property=\"article:publisher\" content=\"https:\/\/www.facebook.com\/vinicio.jarquin\" \/>\n<meta property=\"article:author\" content=\"https:\/\/www.facebook.com\/vinicio.jarquin\" \/>\n<meta property=\"article:published_time\" content=\"2025-11-17T05:26:14+00:00\" \/>\n<meta property=\"article:modified_time\" content=\"2025-11-17T05:29:56+00:00\" \/>\n<meta name=\"author\" content=\"Vinicio Jarqu\u00edn\" \/>\n<meta name=\"twitter:card\" content=\"summary_large_image\" \/>\n<meta name=\"twitter:label1\" content=\"Escrito por\" \/>\n\t<meta name=\"twitter:data1\" content=\"Vinicio Jarqu\u00edn\" \/>\n\t<meta name=\"twitter:label2\" content=\"Tiempo de lectura\" \/>\n\t<meta name=\"twitter:data2\" content=\"3 minutos\" \/>\n<script type=\"application\/ld+json\" class=\"yoast-schema-graph\">{\"@context\":\"https:\/\/schema.org\",\"@graph\":[{\"@type\":\"Article\",\"@id\":\"https:\/\/viniciojarquin.com\/blog\/un-problema-entre-manos\/#article\",\"isPartOf\":{\"@id\":\"https:\/\/viniciojarquin.com\/blog\/un-problema-entre-manos\/\"},\"author\":{\"name\":\"Vinicio Jarqu\u00edn\",\"@id\":\"https:\/\/viniciojarquin.com\/blog\/#\/schema\/person\/90100c8845ae55462ec0657d3d2f8d3b\"},\"headline\":\"Un problema entre manos\",\"datePublished\":\"2025-11-17T05:26:14+00:00\",\"dateModified\":\"2025-11-17T05:29:56+00:00\",\"mainEntityOfPage\":{\"@id\":\"https:\/\/viniciojarquin.com\/blog\/un-problema-entre-manos\/\"},\"wordCount\":519,\"commentCount\":0,\"publisher\":{\"@id\":\"https:\/\/viniciojarquin.com\/blog\/#\/schema\/person\/90100c8845ae55462ec0657d3d2f8d3b\"},\"articleSection\":[\"Elecciones 2026\"],\"inLanguage\":\"es\",\"potentialAction\":[{\"@type\":\"CommentAction\",\"name\":\"Comment\",\"target\":[\"https:\/\/viniciojarquin.com\/blog\/un-problema-entre-manos\/#respond\"]}]},{\"@type\":\"WebPage\",\"@id\":\"https:\/\/viniciojarquin.com\/blog\/un-problema-entre-manos\/\",\"url\":\"https:\/\/viniciojarquin.com\/blog\/un-problema-entre-manos\/\",\"name\":\"Un problema entre manos - MI BLOG\",\"isPartOf\":{\"@id\":\"https:\/\/viniciojarquin.com\/blog\/#website\"},\"datePublished\":\"2025-11-17T05:26:14+00:00\",\"dateModified\":\"2025-11-17T05:29:56+00:00\",\"breadcrumb\":{\"@id\":\"https:\/\/viniciojarquin.com\/blog\/un-problema-entre-manos\/#breadcrumb\"},\"inLanguage\":\"es\",\"potentialAction\":[{\"@type\":\"ReadAction\",\"target\":[\"https:\/\/viniciojarquin.com\/blog\/un-problema-entre-manos\/\"]}]},{\"@type\":\"BreadcrumbList\",\"@id\":\"https:\/\/viniciojarquin.com\/blog\/un-problema-entre-manos\/#breadcrumb\",\"itemListElement\":[{\"@type\":\"ListItem\",\"position\":1,\"name\":\"Portada\",\"item\":\"https:\/\/viniciojarquin.com\/blog\/\"},{\"@type\":\"ListItem\",\"position\":2,\"name\":\"Un problema entre manos\"}]},{\"@type\":\"WebSite\",\"@id\":\"https:\/\/viniciojarquin.com\/blog\/#website\",\"url\":\"https:\/\/viniciojarquin.com\/blog\/\",\"name\":\"Vinicio Jarqu\u00edn BLOG\",\"description\":\"\",\"publisher\":{\"@id\":\"https:\/\/viniciojarquin.com\/blog\/#\/schema\/person\/90100c8845ae55462ec0657d3d2f8d3b\"},\"potentialAction\":[{\"@type\":\"SearchAction\",\"target\":{\"@type\":\"EntryPoint\",\"urlTemplate\":\"https:\/\/viniciojarquin.com\/blog\/?s={search_term_string}\"},\"query-input\":{\"@type\":\"PropertyValueSpecification\",\"valueRequired\":true,\"valueName\":\"search_term_string\"}}],\"inLanguage\":\"es\"},{\"@type\":[\"Person\",\"Organization\"],\"@id\":\"https:\/\/viniciojarquin.com\/blog\/#\/schema\/person\/90100c8845ae55462ec0657d3d2f8d3b\",\"name\":\"Vinicio Jarqu\u00edn\",\"image\":{\"@type\":\"ImageObject\",\"inLanguage\":\"es\",\"@id\":\"https:\/\/viniciojarquin.com\/blog\/#\/schema\/person\/image\/\",\"url\":\"https:\/\/viniciojarquin.com\/blog\/wp-content\/uploads\/2024\/10\/Logo-VinicioJarquin-original-400.png\",\"contentUrl\":\"https:\/\/viniciojarquin.com\/blog\/wp-content\/uploads\/2024\/10\/Logo-VinicioJarquin-original-400.png\",\"width\":400,\"height\":130,\"caption\":\"Vinicio Jarqu\u00edn\"},\"logo\":{\"@id\":\"https:\/\/viniciojarquin.com\/blog\/#\/schema\/person\/image\/\"},\"description\":\"Empresario textil, artista pl\u00e1stico, escritor, coach de vida y fot\u00f3grafo.\",\"sameAs\":[\"https:\/\/viniciojarquin.com\/blog\",\"https:\/\/www.facebook.com\/vinicio.jarquin\",\"https:\/\/www.instagram.com\/vinicio_jarquin\/\",\"https:\/\/www.pinterest.com\/vinnyjc\/\",\"https:\/\/www.youtube.com\/@VinicioJarquin\"],\"url\":\"https:\/\/viniciojarquin.com\/blog\/author\/admin_s02au25i\/\"}]}<\/script>\n<!-- \/ Yoast SEO plugin. -->","yoast_head_json":{"title":"Un problema entre manos - MI BLOG","robots":{"index":"index","follow":"follow","max-snippet":"max-snippet:-1","max-image-preview":"max-image-preview:large","max-video-preview":"max-video-preview:-1"},"canonical":"https:\/\/viniciojarquin.com\/blog\/un-problema-entre-manos\/","og_locale":"es_ES","og_type":"article","og_title":"Un problema entre manos - MI BLOG","og_description":"Tenemos un problema entre manos, y no va a ser f\u00e1cil de resolver. No es un problema electoral, ni un [&hellip;]","og_url":"https:\/\/viniciojarquin.com\/blog\/un-problema-entre-manos\/","og_site_name":"MI BLOG","article_publisher":"https:\/\/www.facebook.com\/vinicio.jarquin","article_author":"https:\/\/www.facebook.com\/vinicio.jarquin","article_published_time":"2025-11-17T05:26:14+00:00","article_modified_time":"2025-11-17T05:29:56+00:00","author":"Vinicio Jarqu\u00edn","twitter_card":"summary_large_image","twitter_misc":{"Escrito por":"Vinicio Jarqu\u00edn","Tiempo de lectura":"3 minutos"},"schema":{"@context":"https:\/\/schema.org","@graph":[{"@type":"Article","@id":"https:\/\/viniciojarquin.com\/blog\/un-problema-entre-manos\/#article","isPartOf":{"@id":"https:\/\/viniciojarquin.com\/blog\/un-problema-entre-manos\/"},"author":{"name":"Vinicio Jarqu\u00edn","@id":"https:\/\/viniciojarquin.com\/blog\/#\/schema\/person\/90100c8845ae55462ec0657d3d2f8d3b"},"headline":"Un problema entre manos","datePublished":"2025-11-17T05:26:14+00:00","dateModified":"2025-11-17T05:29:56+00:00","mainEntityOfPage":{"@id":"https:\/\/viniciojarquin.com\/blog\/un-problema-entre-manos\/"},"wordCount":519,"commentCount":0,"publisher":{"@id":"https:\/\/viniciojarquin.com\/blog\/#\/schema\/person\/90100c8845ae55462ec0657d3d2f8d3b"},"articleSection":["Elecciones 2026"],"inLanguage":"es","potentialAction":[{"@type":"CommentAction","name":"Comment","target":["https:\/\/viniciojarquin.com\/blog\/un-problema-entre-manos\/#respond"]}]},{"@type":"WebPage","@id":"https:\/\/viniciojarquin.com\/blog\/un-problema-entre-manos\/","url":"https:\/\/viniciojarquin.com\/blog\/un-problema-entre-manos\/","name":"Un problema entre manos - MI BLOG","isPartOf":{"@id":"https:\/\/viniciojarquin.com\/blog\/#website"},"datePublished":"2025-11-17T05:26:14+00:00","dateModified":"2025-11-17T05:29:56+00:00","breadcrumb":{"@id":"https:\/\/viniciojarquin.com\/blog\/un-problema-entre-manos\/#breadcrumb"},"inLanguage":"es","potentialAction":[{"@type":"ReadAction","target":["https:\/\/viniciojarquin.com\/blog\/un-problema-entre-manos\/"]}]},{"@type":"BreadcrumbList","@id":"https:\/\/viniciojarquin.com\/blog\/un-problema-entre-manos\/#breadcrumb","itemListElement":[{"@type":"ListItem","position":1,"name":"Portada","item":"https:\/\/viniciojarquin.com\/blog\/"},{"@type":"ListItem","position":2,"name":"Un problema entre manos"}]},{"@type":"WebSite","@id":"https:\/\/viniciojarquin.com\/blog\/#website","url":"https:\/\/viniciojarquin.com\/blog\/","name":"Vinicio Jarqu\u00edn BLOG","description":"","publisher":{"@id":"https:\/\/viniciojarquin.com\/blog\/#\/schema\/person\/90100c8845ae55462ec0657d3d2f8d3b"},"potentialAction":[{"@type":"SearchAction","target":{"@type":"EntryPoint","urlTemplate":"https:\/\/viniciojarquin.com\/blog\/?s={search_term_string}"},"query-input":{"@type":"PropertyValueSpecification","valueRequired":true,"valueName":"search_term_string"}}],"inLanguage":"es"},{"@type":["Person","Organization"],"@id":"https:\/\/viniciojarquin.com\/blog\/#\/schema\/person\/90100c8845ae55462ec0657d3d2f8d3b","name":"Vinicio Jarqu\u00edn","image":{"@type":"ImageObject","inLanguage":"es","@id":"https:\/\/viniciojarquin.com\/blog\/#\/schema\/person\/image\/","url":"https:\/\/viniciojarquin.com\/blog\/wp-content\/uploads\/2024\/10\/Logo-VinicioJarquin-original-400.png","contentUrl":"https:\/\/viniciojarquin.com\/blog\/wp-content\/uploads\/2024\/10\/Logo-VinicioJarquin-original-400.png","width":400,"height":130,"caption":"Vinicio Jarqu\u00edn"},"logo":{"@id":"https:\/\/viniciojarquin.com\/blog\/#\/schema\/person\/image\/"},"description":"Empresario textil, artista pl\u00e1stico, escritor, coach de vida y fot\u00f3grafo.","sameAs":["https:\/\/viniciojarquin.com\/blog","https:\/\/www.facebook.com\/vinicio.jarquin","https:\/\/www.instagram.com\/vinicio_jarquin\/","https:\/\/www.pinterest.com\/vinnyjc\/","https:\/\/www.youtube.com\/@VinicioJarquin"],"url":"https:\/\/viniciojarquin.com\/blog\/author\/admin_s02au25i\/"}]}},"blog_post_layout_featured_media_urls":{"thumbnail":"","full":""},"categories_names":{"17":{"name":"Elecciones 2026","link":"https:\/\/viniciojarquin.com\/blog\/category\/elecciones-2026\/"}},"tags_names":[],"comments_number":"0","_links":{"self":[{"href":"https:\/\/viniciojarquin.com\/blog\/wp-json\/wp\/v2\/posts\/1364","targetHints":{"allow":["GET"]}}],"collection":[{"href":"https:\/\/viniciojarquin.com\/blog\/wp-json\/wp\/v2\/posts"}],"about":[{"href":"https:\/\/viniciojarquin.com\/blog\/wp-json\/wp\/v2\/types\/post"}],"author":[{"embeddable":true,"href":"https:\/\/viniciojarquin.com\/blog\/wp-json\/wp\/v2\/users\/1"}],"replies":[{"embeddable":true,"href":"https:\/\/viniciojarquin.com\/blog\/wp-json\/wp\/v2\/comments?post=1364"}],"version-history":[{"count":2,"href":"https:\/\/viniciojarquin.com\/blog\/wp-json\/wp\/v2\/posts\/1364\/revisions"}],"predecessor-version":[{"id":1366,"href":"https:\/\/viniciojarquin.com\/blog\/wp-json\/wp\/v2\/posts\/1364\/revisions\/1366"}],"wp:attachment":[{"href":"https:\/\/viniciojarquin.com\/blog\/wp-json\/wp\/v2\/media?parent=1364"}],"wp:term":[{"taxonomy":"category","embeddable":true,"href":"https:\/\/viniciojarquin.com\/blog\/wp-json\/wp\/v2\/categories?post=1364"},{"taxonomy":"post_tag","embeddable":true,"href":"https:\/\/viniciojarquin.com\/blog\/wp-json\/wp\/v2\/tags?post=1364"}],"curies":[{"name":"wp","href":"https:\/\/api.w.org\/{rel}","templated":true}]}}