{"id":1367,"date":"2025-11-17T05:32:43","date_gmt":"2025-11-17T05:32:43","guid":{"rendered":"https:\/\/viniciojarquin.com\/blog\/?p=1367"},"modified":"2025-11-17T05:32:46","modified_gmt":"2025-11-17T05:32:46","slug":"los-que-ya-no-estan-tambien-nos-miran","status":"publish","type":"post","link":"https:\/\/viniciojarquin.com\/blog\/los-que-ya-no-estan-tambien-nos-miran\/","title":{"rendered":"Los que ya no est\u00e1n tambi\u00e9n nos miran"},"content":{"rendered":"\n<p><\/p>\n\n\n\n<p>Escucho comentarios y veo publicaciones que preguntan:<\/p>\n\n\n\n<p><em>\u201c\u00bfQu\u00e9 pa\u00eds le quieres dejar a tus hijos? \u00bfA tus nietos?\u201d<\/em><\/p>\n\n\n\n<p>Y aunque entiendo la intenci\u00f3n, no es eso lo que m\u00e1s me toca el alma. Yo pienso en mis sobrinos, en los hijos de mis sobrinos, en la Costa Rica que quiz\u00e1 no conocer\u00e1n como yo la conoc\u00ed: abierta, confiada, respetuosa, con instituciones firmes y un sentido de pertenencia que nos hac\u00eda sentir orgullosos.<\/p>\n\n\n\n<p>Pero, aun as\u00ed, no es ah\u00ed donde se me parte la voz.<\/p>\n\n\n\n<p>A m\u00ed me golpea m\u00e1s pensar en los que ya no est\u00e1n.<\/p>\n\n\n\n<p>Pienso en mi pap\u00e1.<\/p>\n\n\n\n<p>En c\u00f3mo hubiera visto este momento que estamos viviendo.<\/p>\n\n\n\n<p>En cu\u00e1nto hubiera trabajado para defender la institucionalidad que \u00e9l respet\u00f3 toda su vida.<\/p>\n\n\n\n<p>En c\u00f3mo se habr\u00eda sentado en su escritorio \u2014ese escritorio donde tantas veces construy\u00f3 pa\u00eds desde el silencio\u2014 para tratar de entender qu\u00e9 pas\u00f3, d\u00f3nde nos torcimos, qui\u00e9n nos rob\u00f3 la serenidad nacional.<\/p>\n\n\n\n<p>Y me pregunto cu\u00e1nto habr\u00eda luchado \u00e9l para que la democracia no se nos deshaga entre las manos.<\/p>\n\n\n\n<p>Pero sobre todo pienso en mi hermano.<\/p>\n\n\n\n<p>Mi alma gemela.<\/p>\n\n\n\n<p>Mi otro yo.<\/p>\n\n\n\n<p>Ese con quien compart\u00ed un disco duro emocional durante toda nuestra vida.<\/p>\n\n\n\n<p>Ese que completaba mis pensamientos antes de que yo los dijera, que sab\u00eda qui\u00e9n era yo incluso en mis contradicciones, que me sosten\u00eda sin tener que tocarme.<\/p>\n\n\n\n<p>A veces me siento escribiendo y me pregunto:<\/p>\n\n\n\n<p><em>\u00bfQu\u00e9 estar\u00eda haciendo \u00e9l hoy?<\/em><\/p>\n\n\n\n<p><em>\u00bfC\u00f3mo se sentir\u00eda viendo este pa\u00eds peleado, dividido, insultado desde el poder?<\/em><\/p>\n\n\n\n<p><em>\u00bfCu\u00e1nto me pedir\u00eda que hiciera para defender la Costa Rica que los dos amamos?<\/em><\/p>\n\n\n\n<p><em>\u00bfCu\u00e1nto me exigir\u00eda que trabajara por rescatarla?<\/em><\/p>\n\n\n\n<p>Y ah\u00ed es donde yo me quiebro.<\/p>\n\n\n\n<p>Ah\u00ed es donde lloro.<\/p>\n\n\n\n<p>Ah\u00ed es donde el alma deja de sostenerse y simplemente se derrama.<\/p>\n\n\n\n<p>Porque cuando pienso en \u00e9l, en mi pap\u00e1, en los que marcaron mi vida y construyeron el pa\u00eds que hered\u00e9\u2026 siento que les debo algo. Que les debemos algo. Que este pa\u00eds no se lo debemos solamente a los que vendr\u00e1n, sino tambi\u00e9n \u2014y quiz\u00e1s, sobre todo\u2014 a los que se fueron.<\/p>\n\n\n\n<p>A los que nos ense\u00f1aron civismo con el ejemplo.<\/p>\n\n\n\n<p>A los que cre\u00edan en el di\u00e1logo sin c\u00e1maras enfrente.<\/p>\n\n\n\n<p>A los que jam\u00e1s habr\u00edan usado el poder para intimidar.<\/p>\n\n\n\n<p>A los que defendieron este pa\u00eds con trabajo, no con gritos.<\/p>\n\n\n\n<p>A los que se fueron creyendo que Costa Rica siempre ser\u00eda un lugar seguro para sus hijos y sus nietos.<\/p>\n\n\n\n<p>Hoy, mientras escribo esto, siento su ausencia como un peso y como un abrazo. Y me duele pensar que, de seguir as\u00ed, se nos escape entre las manos la Costa Rica que ellos ayudaron a construir.<\/p>\n\n\n\n<p>Por eso trabajo.<\/p>\n\n\n\n<p>Por eso escribo.<\/p>\n\n\n\n<p>Por eso me quiebro y contin\u00fao.<\/p>\n\n\n\n<p>Porque si ya no est\u00e1n aqu\u00ed para defender este pa\u00eds, entonces nos toca a nosotros honrarlos.<\/p>\n\n\n\n<p>Nos toca sostener lo que ellos levantaron con tanto amor.<\/p>\n\n\n\n<p>Nos toca que su esfuerzo no haya sido en vano.<\/p>\n\n\n\n<p>Nos toca salvar la Costa Rica que ellos so\u00f1aron.<\/p>\n\n\n\n<p>Y a mi abuelito, que tanto quise, le mando un mensaje:<\/p>\n\n\n\n<p>har\u00e9 mi mejor esfuerzo.<\/p>\n\n\n\n<p>\u00c9l luch\u00f3 en el 48, y yo lucho en el 25.<\/p>\n\n\n\n<p>Cada uno con sus armas.<\/p>\n\n\n\n<p>Probablemente \u00e9l con presencia, con gritos, con fuerza, con coraje.<\/p>\n\n\n\n<p>Y yo con papel, con l\u00e1piz, con tel\u00e9fono, con computadora.<\/p>\n\n\n\n<p>Pero estoy dando la lucha.<\/p>\n\n\n\n<p>Son otros tiempos, pero sigo dando la lucha.<\/p>\n","protected":false},"excerpt":{"rendered":"<p>Escucho comentarios y veo publicaciones que preguntan: \u201c\u00bfQu\u00e9 pa\u00eds le quieres dejar a tus hijos? \u00bfA tus nietos?\u201d Y aunque [&hellip;]<\/p>\n","protected":false},"author":1,"featured_media":0,"comment_status":"open","ping_status":"open","sticky":false,"template":"","format":"standard","meta":{"site-sidebar-layout":"default","site-content-layout":"","ast-site-content-layout":"","site-content-style":"default","site-sidebar-style":"default","ast-global-header-display":"","ast-banner-title-visibility":"","ast-main-header-display":"","ast-hfb-above-header-display":"","ast-hfb-below-header-display":"","ast-hfb-mobile-header-display":"","site-post-title":"","ast-breadcrumbs-content":"","ast-featured-img":"","footer-sml-layout":"","theme-transparent-header-meta":"","adv-header-id-meta":"","stick-header-meta":"","header-above-stick-meta":"","header-main-stick-meta":"","header-below-stick-meta":"","astra-migrate-meta-layouts":"default","ast-page-background-enabled":"default","ast-page-background-meta":{"desktop":{"background-color":"var(--ast-global-color-5)","background-image":"","background-repeat":"repeat","background-position":"center center","background-size":"auto","background-attachment":"scroll","background-type":"","background-media":"","overlay-type":"","overlay-color":"","overlay-opacity":"","overlay-gradient":""},"tablet":{"background-color":"","background-image":"","background-repeat":"repeat","background-position":"center center","background-size":"auto","background-attachment":"scroll","background-type":"","background-media":"","overlay-type":"","overlay-color":"","overlay-opacity":"","overlay-gradient":""},"mobile":{"background-color":"","background-image":"","background-repeat":"repeat","background-position":"center center","background-size":"auto","background-attachment":"scroll","background-type":"","background-media":"","overlay-type":"","overlay-color":"","overlay-opacity":"","overlay-gradient":""}},"ast-content-background-meta":{"desktop":{"background-color":"var(--ast-global-color-4)","background-image":"","background-repeat":"repeat","background-position":"center center","background-size":"auto","background-attachment":"scroll","background-type":"","background-media":"","overlay-type":"","overlay-color":"","overlay-opacity":"","overlay-gradient":""},"tablet":{"background-color":"var(--ast-global-color-4)","background-image":"","background-repeat":"repeat","background-position":"center center","background-size":"auto","background-attachment":"scroll","background-type":"","background-media":"","overlay-type":"","overlay-color":"","overlay-opacity":"","overlay-gradient":""},"mobile":{"background-color":"var(--ast-global-color-4)","background-image":"","background-repeat":"repeat","background-position":"center center","background-size":"auto","background-attachment":"scroll","background-type":"","background-media":"","overlay-type":"","overlay-color":"","overlay-opacity":"","overlay-gradient":""}},"footnotes":""},"categories":[17],"tags":[],"class_list":["post-1367","post","type-post","status-publish","format-standard","hentry","category-elecciones-2026"],"yoast_head":"<!-- This site is optimized with the Yoast SEO plugin v26.0 - https:\/\/yoast.com\/wordpress\/plugins\/seo\/ -->\n<title>Los que ya no est\u00e1n tambi\u00e9n nos miran - MI BLOG<\/title>\n<meta name=\"robots\" content=\"index, follow, max-snippet:-1, max-image-preview:large, max-video-preview:-1\" \/>\n<link rel=\"canonical\" href=\"https:\/\/viniciojarquin.com\/blog\/los-que-ya-no-estan-tambien-nos-miran\/\" \/>\n<meta property=\"og:locale\" content=\"es_ES\" \/>\n<meta property=\"og:type\" content=\"article\" \/>\n<meta property=\"og:title\" content=\"Los que ya no est\u00e1n tambi\u00e9n nos miran - MI BLOG\" \/>\n<meta property=\"og:description\" content=\"Escucho comentarios y veo publicaciones que preguntan: \u201c\u00bfQu\u00e9 pa\u00eds le quieres dejar a tus hijos? \u00bfA tus nietos?\u201d Y aunque [&hellip;]\" \/>\n<meta property=\"og:url\" content=\"https:\/\/viniciojarquin.com\/blog\/los-que-ya-no-estan-tambien-nos-miran\/\" \/>\n<meta property=\"og:site_name\" content=\"MI BLOG\" \/>\n<meta property=\"article:publisher\" content=\"https:\/\/www.facebook.com\/vinicio.jarquin\" \/>\n<meta property=\"article:author\" content=\"https:\/\/www.facebook.com\/vinicio.jarquin\" \/>\n<meta property=\"article:published_time\" content=\"2025-11-17T05:32:43+00:00\" \/>\n<meta property=\"article:modified_time\" content=\"2025-11-17T05:32:46+00:00\" \/>\n<meta name=\"author\" content=\"Vinicio Jarqu\u00edn\" \/>\n<meta name=\"twitter:card\" content=\"summary_large_image\" \/>\n<meta name=\"twitter:label1\" content=\"Escrito por\" \/>\n\t<meta name=\"twitter:data1\" content=\"Vinicio Jarqu\u00edn\" \/>\n\t<meta name=\"twitter:label2\" content=\"Tiempo de lectura\" \/>\n\t<meta name=\"twitter:data2\" content=\"3 minutos\" \/>\n<script type=\"application\/ld+json\" class=\"yoast-schema-graph\">{\"@context\":\"https:\/\/schema.org\",\"@graph\":[{\"@type\":\"Article\",\"@id\":\"https:\/\/viniciojarquin.com\/blog\/los-que-ya-no-estan-tambien-nos-miran\/#article\",\"isPartOf\":{\"@id\":\"https:\/\/viniciojarquin.com\/blog\/los-que-ya-no-estan-tambien-nos-miran\/\"},\"author\":{\"name\":\"Vinicio Jarqu\u00edn\",\"@id\":\"https:\/\/viniciojarquin.com\/blog\/#\/schema\/person\/90100c8845ae55462ec0657d3d2f8d3b\"},\"headline\":\"Los que ya no est\u00e1n tambi\u00e9n nos miran\",\"datePublished\":\"2025-11-17T05:32:43+00:00\",\"dateModified\":\"2025-11-17T05:32:46+00:00\",\"mainEntityOfPage\":{\"@id\":\"https:\/\/viniciojarquin.com\/blog\/los-que-ya-no-estan-tambien-nos-miran\/\"},\"wordCount\":618,\"commentCount\":0,\"publisher\":{\"@id\":\"https:\/\/viniciojarquin.com\/blog\/#\/schema\/person\/90100c8845ae55462ec0657d3d2f8d3b\"},\"articleSection\":[\"Elecciones 2026\"],\"inLanguage\":\"es\",\"potentialAction\":[{\"@type\":\"CommentAction\",\"name\":\"Comment\",\"target\":[\"https:\/\/viniciojarquin.com\/blog\/los-que-ya-no-estan-tambien-nos-miran\/#respond\"]}]},{\"@type\":\"WebPage\",\"@id\":\"https:\/\/viniciojarquin.com\/blog\/los-que-ya-no-estan-tambien-nos-miran\/\",\"url\":\"https:\/\/viniciojarquin.com\/blog\/los-que-ya-no-estan-tambien-nos-miran\/\",\"name\":\"Los que ya no est\u00e1n tambi\u00e9n nos miran - MI BLOG\",\"isPartOf\":{\"@id\":\"https:\/\/viniciojarquin.com\/blog\/#website\"},\"datePublished\":\"2025-11-17T05:32:43+00:00\",\"dateModified\":\"2025-11-17T05:32:46+00:00\",\"breadcrumb\":{\"@id\":\"https:\/\/viniciojarquin.com\/blog\/los-que-ya-no-estan-tambien-nos-miran\/#breadcrumb\"},\"inLanguage\":\"es\",\"potentialAction\":[{\"@type\":\"ReadAction\",\"target\":[\"https:\/\/viniciojarquin.com\/blog\/los-que-ya-no-estan-tambien-nos-miran\/\"]}]},{\"@type\":\"BreadcrumbList\",\"@id\":\"https:\/\/viniciojarquin.com\/blog\/los-que-ya-no-estan-tambien-nos-miran\/#breadcrumb\",\"itemListElement\":[{\"@type\":\"ListItem\",\"position\":1,\"name\":\"Portada\",\"item\":\"https:\/\/viniciojarquin.com\/blog\/\"},{\"@type\":\"ListItem\",\"position\":2,\"name\":\"Los que ya no est\u00e1n tambi\u00e9n nos miran\"}]},{\"@type\":\"WebSite\",\"@id\":\"https:\/\/viniciojarquin.com\/blog\/#website\",\"url\":\"https:\/\/viniciojarquin.com\/blog\/\",\"name\":\"Vinicio Jarqu\u00edn BLOG\",\"description\":\"\",\"publisher\":{\"@id\":\"https:\/\/viniciojarquin.com\/blog\/#\/schema\/person\/90100c8845ae55462ec0657d3d2f8d3b\"},\"potentialAction\":[{\"@type\":\"SearchAction\",\"target\":{\"@type\":\"EntryPoint\",\"urlTemplate\":\"https:\/\/viniciojarquin.com\/blog\/?s={search_term_string}\"},\"query-input\":{\"@type\":\"PropertyValueSpecification\",\"valueRequired\":true,\"valueName\":\"search_term_string\"}}],\"inLanguage\":\"es\"},{\"@type\":[\"Person\",\"Organization\"],\"@id\":\"https:\/\/viniciojarquin.com\/blog\/#\/schema\/person\/90100c8845ae55462ec0657d3d2f8d3b\",\"name\":\"Vinicio Jarqu\u00edn\",\"image\":{\"@type\":\"ImageObject\",\"inLanguage\":\"es\",\"@id\":\"https:\/\/viniciojarquin.com\/blog\/#\/schema\/person\/image\/\",\"url\":\"https:\/\/viniciojarquin.com\/blog\/wp-content\/uploads\/2024\/10\/Logo-VinicioJarquin-original-400.png\",\"contentUrl\":\"https:\/\/viniciojarquin.com\/blog\/wp-content\/uploads\/2024\/10\/Logo-VinicioJarquin-original-400.png\",\"width\":400,\"height\":130,\"caption\":\"Vinicio Jarqu\u00edn\"},\"logo\":{\"@id\":\"https:\/\/viniciojarquin.com\/blog\/#\/schema\/person\/image\/\"},\"description\":\"Empresario textil, artista pl\u00e1stico, escritor, coach de vida y fot\u00f3grafo.\",\"sameAs\":[\"https:\/\/viniciojarquin.com\/blog\",\"https:\/\/www.facebook.com\/vinicio.jarquin\",\"https:\/\/www.instagram.com\/vinicio_jarquin\/\",\"https:\/\/www.pinterest.com\/vinnyjc\/\",\"https:\/\/www.youtube.com\/@VinicioJarquin\"],\"url\":\"https:\/\/viniciojarquin.com\/blog\/author\/admin_s02au25i\/\"}]}<\/script>\n<!-- \/ Yoast SEO plugin. -->","yoast_head_json":{"title":"Los que ya no est\u00e1n tambi\u00e9n nos miran - MI BLOG","robots":{"index":"index","follow":"follow","max-snippet":"max-snippet:-1","max-image-preview":"max-image-preview:large","max-video-preview":"max-video-preview:-1"},"canonical":"https:\/\/viniciojarquin.com\/blog\/los-que-ya-no-estan-tambien-nos-miran\/","og_locale":"es_ES","og_type":"article","og_title":"Los que ya no est\u00e1n tambi\u00e9n nos miran - MI BLOG","og_description":"Escucho comentarios y veo publicaciones que preguntan: \u201c\u00bfQu\u00e9 pa\u00eds le quieres dejar a tus hijos? \u00bfA tus nietos?\u201d Y aunque [&hellip;]","og_url":"https:\/\/viniciojarquin.com\/blog\/los-que-ya-no-estan-tambien-nos-miran\/","og_site_name":"MI BLOG","article_publisher":"https:\/\/www.facebook.com\/vinicio.jarquin","article_author":"https:\/\/www.facebook.com\/vinicio.jarquin","article_published_time":"2025-11-17T05:32:43+00:00","article_modified_time":"2025-11-17T05:32:46+00:00","author":"Vinicio Jarqu\u00edn","twitter_card":"summary_large_image","twitter_misc":{"Escrito por":"Vinicio Jarqu\u00edn","Tiempo de lectura":"3 minutos"},"schema":{"@context":"https:\/\/schema.org","@graph":[{"@type":"Article","@id":"https:\/\/viniciojarquin.com\/blog\/los-que-ya-no-estan-tambien-nos-miran\/#article","isPartOf":{"@id":"https:\/\/viniciojarquin.com\/blog\/los-que-ya-no-estan-tambien-nos-miran\/"},"author":{"name":"Vinicio Jarqu\u00edn","@id":"https:\/\/viniciojarquin.com\/blog\/#\/schema\/person\/90100c8845ae55462ec0657d3d2f8d3b"},"headline":"Los que ya no est\u00e1n tambi\u00e9n nos miran","datePublished":"2025-11-17T05:32:43+00:00","dateModified":"2025-11-17T05:32:46+00:00","mainEntityOfPage":{"@id":"https:\/\/viniciojarquin.com\/blog\/los-que-ya-no-estan-tambien-nos-miran\/"},"wordCount":618,"commentCount":0,"publisher":{"@id":"https:\/\/viniciojarquin.com\/blog\/#\/schema\/person\/90100c8845ae55462ec0657d3d2f8d3b"},"articleSection":["Elecciones 2026"],"inLanguage":"es","potentialAction":[{"@type":"CommentAction","name":"Comment","target":["https:\/\/viniciojarquin.com\/blog\/los-que-ya-no-estan-tambien-nos-miran\/#respond"]}]},{"@type":"WebPage","@id":"https:\/\/viniciojarquin.com\/blog\/los-que-ya-no-estan-tambien-nos-miran\/","url":"https:\/\/viniciojarquin.com\/blog\/los-que-ya-no-estan-tambien-nos-miran\/","name":"Los que ya no est\u00e1n tambi\u00e9n nos miran - MI BLOG","isPartOf":{"@id":"https:\/\/viniciojarquin.com\/blog\/#website"},"datePublished":"2025-11-17T05:32:43+00:00","dateModified":"2025-11-17T05:32:46+00:00","breadcrumb":{"@id":"https:\/\/viniciojarquin.com\/blog\/los-que-ya-no-estan-tambien-nos-miran\/#breadcrumb"},"inLanguage":"es","potentialAction":[{"@type":"ReadAction","target":["https:\/\/viniciojarquin.com\/blog\/los-que-ya-no-estan-tambien-nos-miran\/"]}]},{"@type":"BreadcrumbList","@id":"https:\/\/viniciojarquin.com\/blog\/los-que-ya-no-estan-tambien-nos-miran\/#breadcrumb","itemListElement":[{"@type":"ListItem","position":1,"name":"Portada","item":"https:\/\/viniciojarquin.com\/blog\/"},{"@type":"ListItem","position":2,"name":"Los que ya no est\u00e1n tambi\u00e9n nos miran"}]},{"@type":"WebSite","@id":"https:\/\/viniciojarquin.com\/blog\/#website","url":"https:\/\/viniciojarquin.com\/blog\/","name":"Vinicio Jarqu\u00edn BLOG","description":"","publisher":{"@id":"https:\/\/viniciojarquin.com\/blog\/#\/schema\/person\/90100c8845ae55462ec0657d3d2f8d3b"},"potentialAction":[{"@type":"SearchAction","target":{"@type":"EntryPoint","urlTemplate":"https:\/\/viniciojarquin.com\/blog\/?s={search_term_string}"},"query-input":{"@type":"PropertyValueSpecification","valueRequired":true,"valueName":"search_term_string"}}],"inLanguage":"es"},{"@type":["Person","Organization"],"@id":"https:\/\/viniciojarquin.com\/blog\/#\/schema\/person\/90100c8845ae55462ec0657d3d2f8d3b","name":"Vinicio Jarqu\u00edn","image":{"@type":"ImageObject","inLanguage":"es","@id":"https:\/\/viniciojarquin.com\/blog\/#\/schema\/person\/image\/","url":"https:\/\/viniciojarquin.com\/blog\/wp-content\/uploads\/2024\/10\/Logo-VinicioJarquin-original-400.png","contentUrl":"https:\/\/viniciojarquin.com\/blog\/wp-content\/uploads\/2024\/10\/Logo-VinicioJarquin-original-400.png","width":400,"height":130,"caption":"Vinicio Jarqu\u00edn"},"logo":{"@id":"https:\/\/viniciojarquin.com\/blog\/#\/schema\/person\/image\/"},"description":"Empresario textil, artista pl\u00e1stico, escritor, coach de vida y fot\u00f3grafo.","sameAs":["https:\/\/viniciojarquin.com\/blog","https:\/\/www.facebook.com\/vinicio.jarquin","https:\/\/www.instagram.com\/vinicio_jarquin\/","https:\/\/www.pinterest.com\/vinnyjc\/","https:\/\/www.youtube.com\/@VinicioJarquin"],"url":"https:\/\/viniciojarquin.com\/blog\/author\/admin_s02au25i\/"}]}},"blog_post_layout_featured_media_urls":{"thumbnail":"","full":""},"categories_names":{"17":{"name":"Elecciones 2026","link":"https:\/\/viniciojarquin.com\/blog\/category\/elecciones-2026\/"}},"tags_names":[],"comments_number":"0","_links":{"self":[{"href":"https:\/\/viniciojarquin.com\/blog\/wp-json\/wp\/v2\/posts\/1367","targetHints":{"allow":["GET"]}}],"collection":[{"href":"https:\/\/viniciojarquin.com\/blog\/wp-json\/wp\/v2\/posts"}],"about":[{"href":"https:\/\/viniciojarquin.com\/blog\/wp-json\/wp\/v2\/types\/post"}],"author":[{"embeddable":true,"href":"https:\/\/viniciojarquin.com\/blog\/wp-json\/wp\/v2\/users\/1"}],"replies":[{"embeddable":true,"href":"https:\/\/viniciojarquin.com\/blog\/wp-json\/wp\/v2\/comments?post=1367"}],"version-history":[{"count":1,"href":"https:\/\/viniciojarquin.com\/blog\/wp-json\/wp\/v2\/posts\/1367\/revisions"}],"predecessor-version":[{"id":1368,"href":"https:\/\/viniciojarquin.com\/blog\/wp-json\/wp\/v2\/posts\/1367\/revisions\/1368"}],"wp:attachment":[{"href":"https:\/\/viniciojarquin.com\/blog\/wp-json\/wp\/v2\/media?parent=1367"}],"wp:term":[{"taxonomy":"category","embeddable":true,"href":"https:\/\/viniciojarquin.com\/blog\/wp-json\/wp\/v2\/categories?post=1367"},{"taxonomy":"post_tag","embeddable":true,"href":"https:\/\/viniciojarquin.com\/blog\/wp-json\/wp\/v2\/tags?post=1367"}],"curies":[{"name":"wp","href":"https:\/\/api.w.org\/{rel}","templated":true}]}}