{"id":1370,"date":"2025-11-17T05:35:41","date_gmt":"2025-11-17T05:35:41","guid":{"rendered":"https:\/\/viniciojarquin.com\/blog\/?p=1370"},"modified":"2025-11-17T05:35:43","modified_gmt":"2025-11-17T05:35:43","slug":"costa-rica-respiro-en-paz","status":"publish","type":"post","link":"https:\/\/viniciojarquin.com\/blog\/costa-rica-respiro-en-paz\/","title":{"rendered":"Costa Rica respir\u00f3 en paz"},"content":{"rendered":"\n<p><\/p>\n\n\n\n<p>Dicen que hay una historia popular \u2014medio chistosa, medio triste\u2014 de alguien que iba retrasado para una boda. Mientras manejaba, rezaba desesperado: \u201cAy, Dios, por favor, que encuentre un campo cerca de la iglesia. Si me lo das, te prometo que dejo de tomar, dejo de fumar, dejo de portarme mal, dejo todo lo que me hace da\u00f1o\u2026 pero solo ay\u00fadame con el parqueo\u201d. Cuando lleg\u00f3, milagrosamente hab\u00eda un espacio justo frente a la puerta. Y esa persona, sin pensarlo dos veces, dijo: \u201cAy no, Dios, tranquilo\u2026 aqu\u00ed hay uno\u201d.<\/p>\n\n\n\n<p>Una historia simple, pero cargada de humanidad: pedimos fuerza, pedimos ayuda, pedimos luz\u2026 y cuando llega, fingimos que vino de la nada.<\/p>\n\n\n\n<p>En estos d\u00edas \u2014y anoche especialmente\u2014 much\u00edsimos costarricenses est\u00e1bamos preocupados por lo que pudiera ocurrir hoy en la Plaza de la Democracia. No era un miedo inventado. No era exageraci\u00f3n. La efervescencia pol\u00edtica estaba al tope, circulaban mensajes inquietantes, y el pa\u00eds parec\u00eda caminar por una cuerdita floja.<\/p>\n\n\n\n<p>A pesar de eso, miles de personas hicieron lo que pod\u00edan: enviar buena vibra, pensamientos de calma, oraciones, deseos de paz, energ\u00eda de protecci\u00f3n, como cada uno sabe hacerlo.<\/p>\n\n\n\n<p>Y hoy nos despertamos con la noticia de que no hubo altercados.<\/p>\n\n\n\n<p>No hubo disturbios. No hubo violencia. No hubo nada que lamentar.<\/p>\n\n\n\n<p>Aqu\u00ed es donde cada uno decide qu\u00e9 historia quiere creer.<\/p>\n\n\n\n<p>Pod\u00e9s decir: \u201cAy Dios, ya no gracias, no pas\u00f3 nada, todo sali\u00f3 bien por pura casualidad\u201d.<\/p>\n\n\n\n<p>O pod\u00e9s asumir algo m\u00e1s profundo: que cuando un pa\u00eds entero baja el volumen, se aquieta por dentro y decide que no quiere guerra, la energ\u00eda cambia. Que quienes estamos en <em>Apacigua tu ser interior\u2026 para que Costa Rica pueda respirar en paz<\/em> hicimos nuestra parte \u2014peque\u00f1a o grande, silenciosa o visible\u2014 para que hoy Costa Rica no ardiera.<\/p>\n\n\n\n<p>Cada uno elige su versi\u00f3n.<\/p>\n\n\n\n<p>Yo elijo creer que lo que pas\u00f3 no fue suerte. Fue decisi\u00f3n. Fue intenci\u00f3n. Fue conciencia colectiva. Fue un pa\u00eds entero diciendo, aunque fuera en voz bajita: <em>\u201cHoy no. Hoy no vamos a rompernos.\u201d<\/em><\/p>\n\n\n\n<p>As\u00ed que gracias. Gracias por la vibra, por la calma, por la intenci\u00f3n, por la oraci\u00f3n, por el deseo, por el pensamiento.<\/p>\n\n\n\n<p>Hoy, Costa Rica respir\u00f3 en paz.<\/p>\n\n\n\n<p>Y esta campa\u00f1a tiene que seguir\u2014porque demuestra que, cuando el ser interior se apacigua, un pa\u00eds entero cambia su rumbo.<\/p>\n","protected":false},"excerpt":{"rendered":"<p>Dicen que hay una historia popular \u2014medio chistosa, medio triste\u2014 de alguien que iba retrasado para una boda. Mientras manejaba, [&hellip;]<\/p>\n","protected":false},"author":1,"featured_media":0,"comment_status":"open","ping_status":"open","sticky":false,"template":"","format":"standard","meta":{"site-sidebar-layout":"default","site-content-layout":"","ast-site-content-layout":"","site-content-style":"default","site-sidebar-style":"default","ast-global-header-display":"","ast-banner-title-visibility":"","ast-main-header-display":"","ast-hfb-above-header-display":"","ast-hfb-below-header-display":"","ast-hfb-mobile-header-display":"","site-post-title":"","ast-breadcrumbs-content":"","ast-featured-img":"","footer-sml-layout":"","theme-transparent-header-meta":"","adv-header-id-meta":"","stick-header-meta":"","header-above-stick-meta":"","header-main-stick-meta":"","header-below-stick-meta":"","astra-migrate-meta-layouts":"default","ast-page-background-enabled":"default","ast-page-background-meta":{"desktop":{"background-color":"var(--ast-global-color-5)","background-image":"","background-repeat":"repeat","background-position":"center center","background-size":"auto","background-attachment":"scroll","background-type":"","background-media":"","overlay-type":"","overlay-color":"","overlay-opacity":"","overlay-gradient":""},"tablet":{"background-color":"","background-image":"","background-repeat":"repeat","background-position":"center center","background-size":"auto","background-attachment":"scroll","background-type":"","background-media":"","overlay-type":"","overlay-color":"","overlay-opacity":"","overlay-gradient":""},"mobile":{"background-color":"","background-image":"","background-repeat":"repeat","background-position":"center center","background-size":"auto","background-attachment":"scroll","background-type":"","background-media":"","overlay-type":"","overlay-color":"","overlay-opacity":"","overlay-gradient":""}},"ast-content-background-meta":{"desktop":{"background-color":"var(--ast-global-color-4)","background-image":"","background-repeat":"repeat","background-position":"center center","background-size":"auto","background-attachment":"scroll","background-type":"","background-media":"","overlay-type":"","overlay-color":"","overlay-opacity":"","overlay-gradient":""},"tablet":{"background-color":"var(--ast-global-color-4)","background-image":"","background-repeat":"repeat","background-position":"center center","background-size":"auto","background-attachment":"scroll","background-type":"","background-media":"","overlay-type":"","overlay-color":"","overlay-opacity":"","overlay-gradient":""},"mobile":{"background-color":"var(--ast-global-color-4)","background-image":"","background-repeat":"repeat","background-position":"center center","background-size":"auto","background-attachment":"scroll","background-type":"","background-media":"","overlay-type":"","overlay-color":"","overlay-opacity":"","overlay-gradient":""}},"footnotes":""},"categories":[17],"tags":[],"class_list":["post-1370","post","type-post","status-publish","format-standard","hentry","category-elecciones-2026"],"yoast_head":"<!-- This site is optimized with the Yoast SEO plugin v26.0 - https:\/\/yoast.com\/wordpress\/plugins\/seo\/ -->\n<title>Costa Rica respir\u00f3 en paz - MI BLOG<\/title>\n<meta name=\"robots\" content=\"index, follow, max-snippet:-1, max-image-preview:large, max-video-preview:-1\" \/>\n<link rel=\"canonical\" href=\"https:\/\/viniciojarquin.com\/blog\/costa-rica-respiro-en-paz\/\" \/>\n<meta property=\"og:locale\" content=\"es_ES\" \/>\n<meta property=\"og:type\" content=\"article\" \/>\n<meta property=\"og:title\" content=\"Costa Rica respir\u00f3 en paz - MI BLOG\" \/>\n<meta property=\"og:description\" content=\"Dicen que hay una historia popular \u2014medio chistosa, medio triste\u2014 de alguien que iba retrasado para una boda. Mientras manejaba, [&hellip;]\" \/>\n<meta property=\"og:url\" content=\"https:\/\/viniciojarquin.com\/blog\/costa-rica-respiro-en-paz\/\" \/>\n<meta property=\"og:site_name\" content=\"MI BLOG\" \/>\n<meta property=\"article:publisher\" content=\"https:\/\/www.facebook.com\/vinicio.jarquin\" \/>\n<meta property=\"article:author\" content=\"https:\/\/www.facebook.com\/vinicio.jarquin\" \/>\n<meta property=\"article:published_time\" content=\"2025-11-17T05:35:41+00:00\" \/>\n<meta property=\"article:modified_time\" content=\"2025-11-17T05:35:43+00:00\" \/>\n<meta name=\"author\" content=\"Vinicio Jarqu\u00edn\" \/>\n<meta name=\"twitter:card\" content=\"summary_large_image\" \/>\n<meta name=\"twitter:label1\" content=\"Escrito por\" \/>\n\t<meta name=\"twitter:data1\" content=\"Vinicio Jarqu\u00edn\" \/>\n\t<meta name=\"twitter:label2\" content=\"Tiempo de lectura\" \/>\n\t<meta name=\"twitter:data2\" content=\"2 minutos\" \/>\n<script type=\"application\/ld+json\" class=\"yoast-schema-graph\">{\"@context\":\"https:\/\/schema.org\",\"@graph\":[{\"@type\":\"Article\",\"@id\":\"https:\/\/viniciojarquin.com\/blog\/costa-rica-respiro-en-paz\/#article\",\"isPartOf\":{\"@id\":\"https:\/\/viniciojarquin.com\/blog\/costa-rica-respiro-en-paz\/\"},\"author\":{\"name\":\"Vinicio Jarqu\u00edn\",\"@id\":\"https:\/\/viniciojarquin.com\/blog\/#\/schema\/person\/90100c8845ae55462ec0657d3d2f8d3b\"},\"headline\":\"Costa Rica respir\u00f3 en paz\",\"datePublished\":\"2025-11-17T05:35:41+00:00\",\"dateModified\":\"2025-11-17T05:35:43+00:00\",\"mainEntityOfPage\":{\"@id\":\"https:\/\/viniciojarquin.com\/blog\/costa-rica-respiro-en-paz\/\"},\"wordCount\":417,\"commentCount\":0,\"publisher\":{\"@id\":\"https:\/\/viniciojarquin.com\/blog\/#\/schema\/person\/90100c8845ae55462ec0657d3d2f8d3b\"},\"articleSection\":[\"Elecciones 2026\"],\"inLanguage\":\"es\",\"potentialAction\":[{\"@type\":\"CommentAction\",\"name\":\"Comment\",\"target\":[\"https:\/\/viniciojarquin.com\/blog\/costa-rica-respiro-en-paz\/#respond\"]}]},{\"@type\":\"WebPage\",\"@id\":\"https:\/\/viniciojarquin.com\/blog\/costa-rica-respiro-en-paz\/\",\"url\":\"https:\/\/viniciojarquin.com\/blog\/costa-rica-respiro-en-paz\/\",\"name\":\"Costa Rica respir\u00f3 en paz - MI BLOG\",\"isPartOf\":{\"@id\":\"https:\/\/viniciojarquin.com\/blog\/#website\"},\"datePublished\":\"2025-11-17T05:35:41+00:00\",\"dateModified\":\"2025-11-17T05:35:43+00:00\",\"breadcrumb\":{\"@id\":\"https:\/\/viniciojarquin.com\/blog\/costa-rica-respiro-en-paz\/#breadcrumb\"},\"inLanguage\":\"es\",\"potentialAction\":[{\"@type\":\"ReadAction\",\"target\":[\"https:\/\/viniciojarquin.com\/blog\/costa-rica-respiro-en-paz\/\"]}]},{\"@type\":\"BreadcrumbList\",\"@id\":\"https:\/\/viniciojarquin.com\/blog\/costa-rica-respiro-en-paz\/#breadcrumb\",\"itemListElement\":[{\"@type\":\"ListItem\",\"position\":1,\"name\":\"Portada\",\"item\":\"https:\/\/viniciojarquin.com\/blog\/\"},{\"@type\":\"ListItem\",\"position\":2,\"name\":\"Costa Rica respir\u00f3 en paz\"}]},{\"@type\":\"WebSite\",\"@id\":\"https:\/\/viniciojarquin.com\/blog\/#website\",\"url\":\"https:\/\/viniciojarquin.com\/blog\/\",\"name\":\"Vinicio Jarqu\u00edn BLOG\",\"description\":\"\",\"publisher\":{\"@id\":\"https:\/\/viniciojarquin.com\/blog\/#\/schema\/person\/90100c8845ae55462ec0657d3d2f8d3b\"},\"potentialAction\":[{\"@type\":\"SearchAction\",\"target\":{\"@type\":\"EntryPoint\",\"urlTemplate\":\"https:\/\/viniciojarquin.com\/blog\/?s={search_term_string}\"},\"query-input\":{\"@type\":\"PropertyValueSpecification\",\"valueRequired\":true,\"valueName\":\"search_term_string\"}}],\"inLanguage\":\"es\"},{\"@type\":[\"Person\",\"Organization\"],\"@id\":\"https:\/\/viniciojarquin.com\/blog\/#\/schema\/person\/90100c8845ae55462ec0657d3d2f8d3b\",\"name\":\"Vinicio Jarqu\u00edn\",\"image\":{\"@type\":\"ImageObject\",\"inLanguage\":\"es\",\"@id\":\"https:\/\/viniciojarquin.com\/blog\/#\/schema\/person\/image\/\",\"url\":\"https:\/\/viniciojarquin.com\/blog\/wp-content\/uploads\/2024\/10\/Logo-VinicioJarquin-original-400.png\",\"contentUrl\":\"https:\/\/viniciojarquin.com\/blog\/wp-content\/uploads\/2024\/10\/Logo-VinicioJarquin-original-400.png\",\"width\":400,\"height\":130,\"caption\":\"Vinicio Jarqu\u00edn\"},\"logo\":{\"@id\":\"https:\/\/viniciojarquin.com\/blog\/#\/schema\/person\/image\/\"},\"description\":\"Empresario textil, artista pl\u00e1stico, escritor, coach de vida y fot\u00f3grafo.\",\"sameAs\":[\"https:\/\/viniciojarquin.com\/blog\",\"https:\/\/www.facebook.com\/vinicio.jarquin\",\"https:\/\/www.instagram.com\/vinicio_jarquin\/\",\"https:\/\/www.pinterest.com\/vinnyjc\/\",\"https:\/\/www.youtube.com\/@VinicioJarquin\"],\"url\":\"https:\/\/viniciojarquin.com\/blog\/author\/admin_s02au25i\/\"}]}<\/script>\n<!-- \/ Yoast SEO plugin. -->","yoast_head_json":{"title":"Costa Rica respir\u00f3 en paz - MI BLOG","robots":{"index":"index","follow":"follow","max-snippet":"max-snippet:-1","max-image-preview":"max-image-preview:large","max-video-preview":"max-video-preview:-1"},"canonical":"https:\/\/viniciojarquin.com\/blog\/costa-rica-respiro-en-paz\/","og_locale":"es_ES","og_type":"article","og_title":"Costa Rica respir\u00f3 en paz - MI BLOG","og_description":"Dicen que hay una historia popular \u2014medio chistosa, medio triste\u2014 de alguien que iba retrasado para una boda. Mientras manejaba, [&hellip;]","og_url":"https:\/\/viniciojarquin.com\/blog\/costa-rica-respiro-en-paz\/","og_site_name":"MI BLOG","article_publisher":"https:\/\/www.facebook.com\/vinicio.jarquin","article_author":"https:\/\/www.facebook.com\/vinicio.jarquin","article_published_time":"2025-11-17T05:35:41+00:00","article_modified_time":"2025-11-17T05:35:43+00:00","author":"Vinicio Jarqu\u00edn","twitter_card":"summary_large_image","twitter_misc":{"Escrito por":"Vinicio Jarqu\u00edn","Tiempo de lectura":"2 minutos"},"schema":{"@context":"https:\/\/schema.org","@graph":[{"@type":"Article","@id":"https:\/\/viniciojarquin.com\/blog\/costa-rica-respiro-en-paz\/#article","isPartOf":{"@id":"https:\/\/viniciojarquin.com\/blog\/costa-rica-respiro-en-paz\/"},"author":{"name":"Vinicio Jarqu\u00edn","@id":"https:\/\/viniciojarquin.com\/blog\/#\/schema\/person\/90100c8845ae55462ec0657d3d2f8d3b"},"headline":"Costa Rica respir\u00f3 en paz","datePublished":"2025-11-17T05:35:41+00:00","dateModified":"2025-11-17T05:35:43+00:00","mainEntityOfPage":{"@id":"https:\/\/viniciojarquin.com\/blog\/costa-rica-respiro-en-paz\/"},"wordCount":417,"commentCount":0,"publisher":{"@id":"https:\/\/viniciojarquin.com\/blog\/#\/schema\/person\/90100c8845ae55462ec0657d3d2f8d3b"},"articleSection":["Elecciones 2026"],"inLanguage":"es","potentialAction":[{"@type":"CommentAction","name":"Comment","target":["https:\/\/viniciojarquin.com\/blog\/costa-rica-respiro-en-paz\/#respond"]}]},{"@type":"WebPage","@id":"https:\/\/viniciojarquin.com\/blog\/costa-rica-respiro-en-paz\/","url":"https:\/\/viniciojarquin.com\/blog\/costa-rica-respiro-en-paz\/","name":"Costa Rica respir\u00f3 en paz - MI BLOG","isPartOf":{"@id":"https:\/\/viniciojarquin.com\/blog\/#website"},"datePublished":"2025-11-17T05:35:41+00:00","dateModified":"2025-11-17T05:35:43+00:00","breadcrumb":{"@id":"https:\/\/viniciojarquin.com\/blog\/costa-rica-respiro-en-paz\/#breadcrumb"},"inLanguage":"es","potentialAction":[{"@type":"ReadAction","target":["https:\/\/viniciojarquin.com\/blog\/costa-rica-respiro-en-paz\/"]}]},{"@type":"BreadcrumbList","@id":"https:\/\/viniciojarquin.com\/blog\/costa-rica-respiro-en-paz\/#breadcrumb","itemListElement":[{"@type":"ListItem","position":1,"name":"Portada","item":"https:\/\/viniciojarquin.com\/blog\/"},{"@type":"ListItem","position":2,"name":"Costa Rica respir\u00f3 en paz"}]},{"@type":"WebSite","@id":"https:\/\/viniciojarquin.com\/blog\/#website","url":"https:\/\/viniciojarquin.com\/blog\/","name":"Vinicio Jarqu\u00edn BLOG","description":"","publisher":{"@id":"https:\/\/viniciojarquin.com\/blog\/#\/schema\/person\/90100c8845ae55462ec0657d3d2f8d3b"},"potentialAction":[{"@type":"SearchAction","target":{"@type":"EntryPoint","urlTemplate":"https:\/\/viniciojarquin.com\/blog\/?s={search_term_string}"},"query-input":{"@type":"PropertyValueSpecification","valueRequired":true,"valueName":"search_term_string"}}],"inLanguage":"es"},{"@type":["Person","Organization"],"@id":"https:\/\/viniciojarquin.com\/blog\/#\/schema\/person\/90100c8845ae55462ec0657d3d2f8d3b","name":"Vinicio Jarqu\u00edn","image":{"@type":"ImageObject","inLanguage":"es","@id":"https:\/\/viniciojarquin.com\/blog\/#\/schema\/person\/image\/","url":"https:\/\/viniciojarquin.com\/blog\/wp-content\/uploads\/2024\/10\/Logo-VinicioJarquin-original-400.png","contentUrl":"https:\/\/viniciojarquin.com\/blog\/wp-content\/uploads\/2024\/10\/Logo-VinicioJarquin-original-400.png","width":400,"height":130,"caption":"Vinicio Jarqu\u00edn"},"logo":{"@id":"https:\/\/viniciojarquin.com\/blog\/#\/schema\/person\/image\/"},"description":"Empresario textil, artista pl\u00e1stico, escritor, coach de vida y fot\u00f3grafo.","sameAs":["https:\/\/viniciojarquin.com\/blog","https:\/\/www.facebook.com\/vinicio.jarquin","https:\/\/www.instagram.com\/vinicio_jarquin\/","https:\/\/www.pinterest.com\/vinnyjc\/","https:\/\/www.youtube.com\/@VinicioJarquin"],"url":"https:\/\/viniciojarquin.com\/blog\/author\/admin_s02au25i\/"}]}},"blog_post_layout_featured_media_urls":{"thumbnail":"","full":""},"categories_names":{"17":{"name":"Elecciones 2026","link":"https:\/\/viniciojarquin.com\/blog\/category\/elecciones-2026\/"}},"tags_names":[],"comments_number":"0","_links":{"self":[{"href":"https:\/\/viniciojarquin.com\/blog\/wp-json\/wp\/v2\/posts\/1370","targetHints":{"allow":["GET"]}}],"collection":[{"href":"https:\/\/viniciojarquin.com\/blog\/wp-json\/wp\/v2\/posts"}],"about":[{"href":"https:\/\/viniciojarquin.com\/blog\/wp-json\/wp\/v2\/types\/post"}],"author":[{"embeddable":true,"href":"https:\/\/viniciojarquin.com\/blog\/wp-json\/wp\/v2\/users\/1"}],"replies":[{"embeddable":true,"href":"https:\/\/viniciojarquin.com\/blog\/wp-json\/wp\/v2\/comments?post=1370"}],"version-history":[{"count":1,"href":"https:\/\/viniciojarquin.com\/blog\/wp-json\/wp\/v2\/posts\/1370\/revisions"}],"predecessor-version":[{"id":1371,"href":"https:\/\/viniciojarquin.com\/blog\/wp-json\/wp\/v2\/posts\/1370\/revisions\/1371"}],"wp:attachment":[{"href":"https:\/\/viniciojarquin.com\/blog\/wp-json\/wp\/v2\/media?parent=1370"}],"wp:term":[{"taxonomy":"category","embeddable":true,"href":"https:\/\/viniciojarquin.com\/blog\/wp-json\/wp\/v2\/categories?post=1370"},{"taxonomy":"post_tag","embeddable":true,"href":"https:\/\/viniciojarquin.com\/blog\/wp-json\/wp\/v2\/tags?post=1370"}],"curies":[{"name":"wp","href":"https:\/\/api.w.org\/{rel}","templated":true}]}}