{"id":1372,"date":"2025-11-17T17:46:21","date_gmt":"2025-11-17T17:46:21","guid":{"rendered":"https:\/\/viniciojarquin.com\/blog\/?p=1372"},"modified":"2025-11-17T17:46:24","modified_gmt":"2025-11-17T17:46:24","slug":"el-vacio-de-poder-y-la-huida-imposible","status":"publish","type":"post","link":"https:\/\/viniciojarquin.com\/blog\/el-vacio-de-poder-y-la-huida-imposible\/","title":{"rendered":"El vac\u00edo de poder y la huida imposible"},"content":{"rendered":"\n<p><\/p>\n\n\n\n<p>Hay algo que casi nadie considera cuando imagina un escenario pol\u00edtico extremo: el tiempo. Ese peque\u00f1o par\u00e9ntesis entre lo que se acaba y lo que todav\u00eda no empieza. Ese instante suspendido donde parece que no ocurre nada\u2026 mientras, en realidad, est\u00e1 ocurriendo todo. En ese filo invisible entre un minuto y otro se deciden destinos, se caen imperios y se revela qui\u00e9n enfrenta la verdad y qui\u00e9n prefiere correr. Pocos lo notan, pero ah\u00ed, justo ah\u00ed, es donde la pol\u00edtica muestra su rostro m\u00e1s crudo.<\/p>\n\n\n\n<p>Imaginemos entonces a un presidente querido por su base, blindado por una inmunidad que le ha servido de escudo frente a una larga lista de causas penales congeladas. A su lado, una candidata fuerte, con encuestas que le sonr\u00eden y la posibilidad \u2014cada vez m\u00e1s cercana\u2014 de ganar en primera ronda. En segunda jam\u00e1s lo lograr\u00eda, pero en la primera ronda, si las condiciones se alinean con precisi\u00f3n quir\u00fargica, podr\u00eda hacerlo. Y dentro de su narrativa, tan c\u00f3moda como ingenua, sus seguidores insisten en que todo ser\u00eda simple: ella asume, lo nombra ministro, \u00e9l mantiene su inmunidad y la historia contin\u00faa como si nada. Pero la pol\u00edtica real no sigue guiones rom\u00e1nticos; sigue relojes.<\/p>\n\n\n\n<p>En cualquier democracia seria, la inmunidad de un mandatario termina en el segundo exacto en que deja el cargo. No existen bendiciones institucionales que prolonguen su protecci\u00f3n, ni pr\u00f3rrogas invisibles, ni acuerdos t\u00e1citos con el tiempo. Es un corte seco, inevitable y matem\u00e1tico, un punto final que no se puede suavizar con discursos. Y es justamente en ese detalle donde se desploma por completo la fantas\u00eda del \u201cnombramiento inmediato\u201d. Porque antes de que una presidenta pueda convertir a un hombre en ministro, necesita asumir el poder, jurar, instalarse, presentar su gabinete y firmar decretos. Nada ocurre de manera autom\u00e1tica. Nada ocurre sin pasar por la formalidad del Estado. Y entre el instante en que cae la inmunidad del presidente saliente y el momento en que ella pueda extenderle un nuevo blindaje, se abre necesariamente un espacio, uno peque\u00f1o quiz\u00e1, pero lo suficientemente grande para que todo cambie para siempre.<\/p>\n\n\n\n<p>En ese intervalo \u2014esas horas o incluso esos minutos que tanta gente ignora\u2014 la maquinaria estatal se activa como un animal dormido que despierta de golpe: la Fiscal\u00eda vuelve a la vida, los expedientes congelados recuperan pulso, los jueces revisan documentos, la polic\u00eda judicial se organiza, y el Estado, que parec\u00eda detenido, retoma su autoridad como si hubiera estado esperando ese momento hac\u00eda a\u00f1os. Ese breve abismo temporal se convierte en la trampa perfecta, una trampa legal y constitucional que ninguna voluntad pol\u00edtica puede sortear. Ah\u00ed no hay atajos, no hay decretos, no hay discursos que puedan suspender la fuerza del reloj.<\/p>\n\n\n\n<p>Y aunque la nueva presidenta quisiera forzar el nombramiento, la ley se lo impedir\u00eda.<\/p>\n\n\n\n<p>No puede colocar en su gabinete a alguien contra quien pesa una orden de captura o cuya detenci\u00f3n es inminente. Ning\u00fan sistema permite iniciar un gobierno nombrando a un pr\u00f3fugo. Ni la Constituci\u00f3n, ni los protocolos, ni el sentido com\u00fan administrativo. Un gabinete no puede construirse sobre alguien que no puede siquiera presentarse a trabajar. Ese plan \u2014que en redes suena tan l\u00f3gico y tan firme\u2014 pierde toda coherencia cuando se enfrenta a la realidad jur\u00eddica m\u00e1s b\u00e1sica.<\/p>\n\n\n\n<p>Es entonces cuando la historia se vuelve novela. Oscura. Tensa. Inquietante. Porque cuando un expresidente entiende que su protecci\u00f3n institucional caer\u00e1 en cuesti\u00f3n de minutos, la imaginaci\u00f3n pol\u00edtica suele inclinarse hacia decisiones desesperadas. No es nuevo. No es extra\u00f1o. No es ficci\u00f3n. Es la repetici\u00f3n de un patr\u00f3n que todos los continentes han presenciado.<\/p>\n\n\n\n<p>El guion es casi siempre el mismo: un helic\u00f3ptero privado despega desde alg\u00fan punto discreto, lejos de c\u00e1maras y ojos curiosos, porque quienes huyen jam\u00e1s usan la puerta principal. Aterriza en un pa\u00eds cercano donde los tr\u00e1mites migratorios son flexibles con la gente conocida o con los pasaportes diplom\u00e1ticos que, aunque expirados, todav\u00eda abren algunas puertas. Minutos despu\u00e9s, ese hombre aborda un vuelo comercial sin reflector medi\u00e1tico hacia otro destino dentro de la regi\u00f3n, donde pasa desapercibido entre turistas y ejecutivos. Y desde ah\u00ed, un tercer avi\u00f3n lo empuja hacia un pa\u00eds lejano, quiz\u00e1s uno de los que pertenecieron a la antigua Yugoslavia, o cualquier estado sin tratado de extradici\u00f3n, lugares donde la opacidad jur\u00eddica es garant\u00eda de tranquilidad para quienes huyen de procesos penales. La historia se ha repetido tantas veces en tantos pa\u00edses que ya ni sorprende: los l\u00edderes poderosos suelen correr mientras sus seguidores todav\u00eda creen que el plan sigue intacto. Ellos siempre se enteran de \u00faltimos. Siempre.<\/p>\n\n\n\n<p>Pero m\u00e1s all\u00e1 del helic\u00f3ptero, las fronteras y los pasaportes sellados en silencio, la verdadera lecci\u00f3n de este escenario no es si el protagonista logra escapar o no. Lo importante es recordar que en una democracia la inmunidad no es eterna, el poder no es infinito, los seguidores no pueden detener la justicia, y ning\u00fan l\u00edder puede crear, por m\u00e1s carisma que tenga, un camino alterno para evadir el Estado de Derecho. Al final, siempre llega el minuto cero. Y cuando llega, los expedientes despiertan, las instituciones hablan y la verdad sale del cuarto donde intentaron esconderla.<\/p>\n\n\n\n<p>Esta historia podr\u00eda ocurrir en cualquier pa\u00eds del mundo. Y en todos, sin excepci\u00f3n, el desenlace es el mismo: la justicia llega. A veces tarde, a veces despu\u00e9s de mucha turbulencia, pero siempre llega.<\/p>\n","protected":false},"excerpt":{"rendered":"<p>Hay algo que casi nadie considera cuando imagina un escenario pol\u00edtico extremo: el tiempo. Ese peque\u00f1o par\u00e9ntesis entre lo que [&hellip;]<\/p>\n","protected":false},"author":1,"featured_media":0,"comment_status":"open","ping_status":"open","sticky":false,"template":"","format":"standard","meta":{"site-sidebar-layout":"default","site-content-layout":"","ast-site-content-layout":"","site-content-style":"default","site-sidebar-style":"default","ast-global-header-display":"","ast-banner-title-visibility":"","ast-main-header-display":"","ast-hfb-above-header-display":"","ast-hfb-below-header-display":"","ast-hfb-mobile-header-display":"","site-post-title":"","ast-breadcrumbs-content":"","ast-featured-img":"","footer-sml-layout":"","theme-transparent-header-meta":"","adv-header-id-meta":"","stick-header-meta":"","header-above-stick-meta":"","header-main-stick-meta":"","header-below-stick-meta":"","astra-migrate-meta-layouts":"default","ast-page-background-enabled":"default","ast-page-background-meta":{"desktop":{"background-color":"var(--ast-global-color-5)","background-image":"","background-repeat":"repeat","background-position":"center center","background-size":"auto","background-attachment":"scroll","background-type":"","background-media":"","overlay-type":"","overlay-color":"","overlay-opacity":"","overlay-gradient":""},"tablet":{"background-color":"","background-image":"","background-repeat":"repeat","background-position":"center center","background-size":"auto","background-attachment":"scroll","background-type":"","background-media":"","overlay-type":"","overlay-color":"","overlay-opacity":"","overlay-gradient":""},"mobile":{"background-color":"","background-image":"","background-repeat":"repeat","background-position":"center center","background-size":"auto","background-attachment":"scroll","background-type":"","background-media":"","overlay-type":"","overlay-color":"","overlay-opacity":"","overlay-gradient":""}},"ast-content-background-meta":{"desktop":{"background-color":"var(--ast-global-color-4)","background-image":"","background-repeat":"repeat","background-position":"center center","background-size":"auto","background-attachment":"scroll","background-type":"","background-media":"","overlay-type":"","overlay-color":"","overlay-opacity":"","overlay-gradient":""},"tablet":{"background-color":"var(--ast-global-color-4)","background-image":"","background-repeat":"repeat","background-position":"center center","background-size":"auto","background-attachment":"scroll","background-type":"","background-media":"","overlay-type":"","overlay-color":"","overlay-opacity":"","overlay-gradient":""},"mobile":{"background-color":"var(--ast-global-color-4)","background-image":"","background-repeat":"repeat","background-position":"center center","background-size":"auto","background-attachment":"scroll","background-type":"","background-media":"","overlay-type":"","overlay-color":"","overlay-opacity":"","overlay-gradient":""}},"footnotes":""},"categories":[17],"tags":[],"class_list":["post-1372","post","type-post","status-publish","format-standard","hentry","category-elecciones-2026"],"yoast_head":"<!-- This site is optimized with the Yoast SEO plugin v26.0 - https:\/\/yoast.com\/wordpress\/plugins\/seo\/ -->\n<title>El vac\u00edo de poder y la huida imposible - MI BLOG<\/title>\n<meta name=\"robots\" content=\"index, follow, max-snippet:-1, max-image-preview:large, max-video-preview:-1\" \/>\n<link rel=\"canonical\" href=\"https:\/\/viniciojarquin.com\/blog\/el-vacio-de-poder-y-la-huida-imposible\/\" \/>\n<meta property=\"og:locale\" content=\"es_ES\" \/>\n<meta property=\"og:type\" content=\"article\" \/>\n<meta property=\"og:title\" content=\"El vac\u00edo de poder y la huida imposible - MI BLOG\" \/>\n<meta property=\"og:description\" content=\"Hay algo que casi nadie considera cuando imagina un escenario pol\u00edtico extremo: el tiempo. Ese peque\u00f1o par\u00e9ntesis entre lo que [&hellip;]\" \/>\n<meta property=\"og:url\" content=\"https:\/\/viniciojarquin.com\/blog\/el-vacio-de-poder-y-la-huida-imposible\/\" \/>\n<meta property=\"og:site_name\" content=\"MI BLOG\" \/>\n<meta property=\"article:publisher\" content=\"https:\/\/www.facebook.com\/vinicio.jarquin\" \/>\n<meta property=\"article:author\" content=\"https:\/\/www.facebook.com\/vinicio.jarquin\" \/>\n<meta property=\"article:published_time\" content=\"2025-11-17T17:46:21+00:00\" \/>\n<meta property=\"article:modified_time\" content=\"2025-11-17T17:46:24+00:00\" \/>\n<meta name=\"author\" content=\"Vinicio Jarqu\u00edn\" \/>\n<meta name=\"twitter:card\" content=\"summary_large_image\" \/>\n<meta name=\"twitter:label1\" content=\"Escrito por\" \/>\n\t<meta name=\"twitter:data1\" content=\"Vinicio Jarqu\u00edn\" \/>\n\t<meta name=\"twitter:label2\" content=\"Tiempo de lectura\" \/>\n\t<meta name=\"twitter:data2\" content=\"5 minutos\" \/>\n<script type=\"application\/ld+json\" class=\"yoast-schema-graph\">{\"@context\":\"https:\/\/schema.org\",\"@graph\":[{\"@type\":\"Article\",\"@id\":\"https:\/\/viniciojarquin.com\/blog\/el-vacio-de-poder-y-la-huida-imposible\/#article\",\"isPartOf\":{\"@id\":\"https:\/\/viniciojarquin.com\/blog\/el-vacio-de-poder-y-la-huida-imposible\/\"},\"author\":{\"name\":\"Vinicio Jarqu\u00edn\",\"@id\":\"https:\/\/viniciojarquin.com\/blog\/#\/schema\/person\/90100c8845ae55462ec0657d3d2f8d3b\"},\"headline\":\"El vac\u00edo de poder y la huida imposible\",\"datePublished\":\"2025-11-17T17:46:21+00:00\",\"dateModified\":\"2025-11-17T17:46:24+00:00\",\"mainEntityOfPage\":{\"@id\":\"https:\/\/viniciojarquin.com\/blog\/el-vacio-de-poder-y-la-huida-imposible\/\"},\"wordCount\":978,\"commentCount\":0,\"publisher\":{\"@id\":\"https:\/\/viniciojarquin.com\/blog\/#\/schema\/person\/90100c8845ae55462ec0657d3d2f8d3b\"},\"articleSection\":[\"Elecciones 2026\"],\"inLanguage\":\"es\",\"potentialAction\":[{\"@type\":\"CommentAction\",\"name\":\"Comment\",\"target\":[\"https:\/\/viniciojarquin.com\/blog\/el-vacio-de-poder-y-la-huida-imposible\/#respond\"]}]},{\"@type\":\"WebPage\",\"@id\":\"https:\/\/viniciojarquin.com\/blog\/el-vacio-de-poder-y-la-huida-imposible\/\",\"url\":\"https:\/\/viniciojarquin.com\/blog\/el-vacio-de-poder-y-la-huida-imposible\/\",\"name\":\"El vac\u00edo de poder y la huida imposible - MI BLOG\",\"isPartOf\":{\"@id\":\"https:\/\/viniciojarquin.com\/blog\/#website\"},\"datePublished\":\"2025-11-17T17:46:21+00:00\",\"dateModified\":\"2025-11-17T17:46:24+00:00\",\"breadcrumb\":{\"@id\":\"https:\/\/viniciojarquin.com\/blog\/el-vacio-de-poder-y-la-huida-imposible\/#breadcrumb\"},\"inLanguage\":\"es\",\"potentialAction\":[{\"@type\":\"ReadAction\",\"target\":[\"https:\/\/viniciojarquin.com\/blog\/el-vacio-de-poder-y-la-huida-imposible\/\"]}]},{\"@type\":\"BreadcrumbList\",\"@id\":\"https:\/\/viniciojarquin.com\/blog\/el-vacio-de-poder-y-la-huida-imposible\/#breadcrumb\",\"itemListElement\":[{\"@type\":\"ListItem\",\"position\":1,\"name\":\"Portada\",\"item\":\"https:\/\/viniciojarquin.com\/blog\/\"},{\"@type\":\"ListItem\",\"position\":2,\"name\":\"El vac\u00edo de poder y la huida imposible\"}]},{\"@type\":\"WebSite\",\"@id\":\"https:\/\/viniciojarquin.com\/blog\/#website\",\"url\":\"https:\/\/viniciojarquin.com\/blog\/\",\"name\":\"Vinicio Jarqu\u00edn BLOG\",\"description\":\"\",\"publisher\":{\"@id\":\"https:\/\/viniciojarquin.com\/blog\/#\/schema\/person\/90100c8845ae55462ec0657d3d2f8d3b\"},\"potentialAction\":[{\"@type\":\"SearchAction\",\"target\":{\"@type\":\"EntryPoint\",\"urlTemplate\":\"https:\/\/viniciojarquin.com\/blog\/?s={search_term_string}\"},\"query-input\":{\"@type\":\"PropertyValueSpecification\",\"valueRequired\":true,\"valueName\":\"search_term_string\"}}],\"inLanguage\":\"es\"},{\"@type\":[\"Person\",\"Organization\"],\"@id\":\"https:\/\/viniciojarquin.com\/blog\/#\/schema\/person\/90100c8845ae55462ec0657d3d2f8d3b\",\"name\":\"Vinicio Jarqu\u00edn\",\"image\":{\"@type\":\"ImageObject\",\"inLanguage\":\"es\",\"@id\":\"https:\/\/viniciojarquin.com\/blog\/#\/schema\/person\/image\/\",\"url\":\"https:\/\/viniciojarquin.com\/blog\/wp-content\/uploads\/2024\/10\/Logo-VinicioJarquin-original-400.png\",\"contentUrl\":\"https:\/\/viniciojarquin.com\/blog\/wp-content\/uploads\/2024\/10\/Logo-VinicioJarquin-original-400.png\",\"width\":400,\"height\":130,\"caption\":\"Vinicio Jarqu\u00edn\"},\"logo\":{\"@id\":\"https:\/\/viniciojarquin.com\/blog\/#\/schema\/person\/image\/\"},\"description\":\"Empresario textil, artista pl\u00e1stico, escritor, coach de vida y fot\u00f3grafo.\",\"sameAs\":[\"https:\/\/viniciojarquin.com\/blog\",\"https:\/\/www.facebook.com\/vinicio.jarquin\",\"https:\/\/www.instagram.com\/vinicio_jarquin\/\",\"https:\/\/www.pinterest.com\/vinnyjc\/\",\"https:\/\/www.youtube.com\/@VinicioJarquin\"],\"url\":\"https:\/\/viniciojarquin.com\/blog\/author\/admin_s02au25i\/\"}]}<\/script>\n<!-- \/ Yoast SEO plugin. -->","yoast_head_json":{"title":"El vac\u00edo de poder y la huida imposible - MI BLOG","robots":{"index":"index","follow":"follow","max-snippet":"max-snippet:-1","max-image-preview":"max-image-preview:large","max-video-preview":"max-video-preview:-1"},"canonical":"https:\/\/viniciojarquin.com\/blog\/el-vacio-de-poder-y-la-huida-imposible\/","og_locale":"es_ES","og_type":"article","og_title":"El vac\u00edo de poder y la huida imposible - MI BLOG","og_description":"Hay algo que casi nadie considera cuando imagina un escenario pol\u00edtico extremo: el tiempo. Ese peque\u00f1o par\u00e9ntesis entre lo que [&hellip;]","og_url":"https:\/\/viniciojarquin.com\/blog\/el-vacio-de-poder-y-la-huida-imposible\/","og_site_name":"MI BLOG","article_publisher":"https:\/\/www.facebook.com\/vinicio.jarquin","article_author":"https:\/\/www.facebook.com\/vinicio.jarquin","article_published_time":"2025-11-17T17:46:21+00:00","article_modified_time":"2025-11-17T17:46:24+00:00","author":"Vinicio Jarqu\u00edn","twitter_card":"summary_large_image","twitter_misc":{"Escrito por":"Vinicio Jarqu\u00edn","Tiempo de lectura":"5 minutos"},"schema":{"@context":"https:\/\/schema.org","@graph":[{"@type":"Article","@id":"https:\/\/viniciojarquin.com\/blog\/el-vacio-de-poder-y-la-huida-imposible\/#article","isPartOf":{"@id":"https:\/\/viniciojarquin.com\/blog\/el-vacio-de-poder-y-la-huida-imposible\/"},"author":{"name":"Vinicio Jarqu\u00edn","@id":"https:\/\/viniciojarquin.com\/blog\/#\/schema\/person\/90100c8845ae55462ec0657d3d2f8d3b"},"headline":"El vac\u00edo de poder y la huida imposible","datePublished":"2025-11-17T17:46:21+00:00","dateModified":"2025-11-17T17:46:24+00:00","mainEntityOfPage":{"@id":"https:\/\/viniciojarquin.com\/blog\/el-vacio-de-poder-y-la-huida-imposible\/"},"wordCount":978,"commentCount":0,"publisher":{"@id":"https:\/\/viniciojarquin.com\/blog\/#\/schema\/person\/90100c8845ae55462ec0657d3d2f8d3b"},"articleSection":["Elecciones 2026"],"inLanguage":"es","potentialAction":[{"@type":"CommentAction","name":"Comment","target":["https:\/\/viniciojarquin.com\/blog\/el-vacio-de-poder-y-la-huida-imposible\/#respond"]}]},{"@type":"WebPage","@id":"https:\/\/viniciojarquin.com\/blog\/el-vacio-de-poder-y-la-huida-imposible\/","url":"https:\/\/viniciojarquin.com\/blog\/el-vacio-de-poder-y-la-huida-imposible\/","name":"El vac\u00edo de poder y la huida imposible - MI BLOG","isPartOf":{"@id":"https:\/\/viniciojarquin.com\/blog\/#website"},"datePublished":"2025-11-17T17:46:21+00:00","dateModified":"2025-11-17T17:46:24+00:00","breadcrumb":{"@id":"https:\/\/viniciojarquin.com\/blog\/el-vacio-de-poder-y-la-huida-imposible\/#breadcrumb"},"inLanguage":"es","potentialAction":[{"@type":"ReadAction","target":["https:\/\/viniciojarquin.com\/blog\/el-vacio-de-poder-y-la-huida-imposible\/"]}]},{"@type":"BreadcrumbList","@id":"https:\/\/viniciojarquin.com\/blog\/el-vacio-de-poder-y-la-huida-imposible\/#breadcrumb","itemListElement":[{"@type":"ListItem","position":1,"name":"Portada","item":"https:\/\/viniciojarquin.com\/blog\/"},{"@type":"ListItem","position":2,"name":"El vac\u00edo de poder y la huida imposible"}]},{"@type":"WebSite","@id":"https:\/\/viniciojarquin.com\/blog\/#website","url":"https:\/\/viniciojarquin.com\/blog\/","name":"Vinicio Jarqu\u00edn BLOG","description":"","publisher":{"@id":"https:\/\/viniciojarquin.com\/blog\/#\/schema\/person\/90100c8845ae55462ec0657d3d2f8d3b"},"potentialAction":[{"@type":"SearchAction","target":{"@type":"EntryPoint","urlTemplate":"https:\/\/viniciojarquin.com\/blog\/?s={search_term_string}"},"query-input":{"@type":"PropertyValueSpecification","valueRequired":true,"valueName":"search_term_string"}}],"inLanguage":"es"},{"@type":["Person","Organization"],"@id":"https:\/\/viniciojarquin.com\/blog\/#\/schema\/person\/90100c8845ae55462ec0657d3d2f8d3b","name":"Vinicio Jarqu\u00edn","image":{"@type":"ImageObject","inLanguage":"es","@id":"https:\/\/viniciojarquin.com\/blog\/#\/schema\/person\/image\/","url":"https:\/\/viniciojarquin.com\/blog\/wp-content\/uploads\/2024\/10\/Logo-VinicioJarquin-original-400.png","contentUrl":"https:\/\/viniciojarquin.com\/blog\/wp-content\/uploads\/2024\/10\/Logo-VinicioJarquin-original-400.png","width":400,"height":130,"caption":"Vinicio Jarqu\u00edn"},"logo":{"@id":"https:\/\/viniciojarquin.com\/blog\/#\/schema\/person\/image\/"},"description":"Empresario textil, artista pl\u00e1stico, escritor, coach de vida y fot\u00f3grafo.","sameAs":["https:\/\/viniciojarquin.com\/blog","https:\/\/www.facebook.com\/vinicio.jarquin","https:\/\/www.instagram.com\/vinicio_jarquin\/","https:\/\/www.pinterest.com\/vinnyjc\/","https:\/\/www.youtube.com\/@VinicioJarquin"],"url":"https:\/\/viniciojarquin.com\/blog\/author\/admin_s02au25i\/"}]}},"blog_post_layout_featured_media_urls":{"thumbnail":"","full":""},"categories_names":{"17":{"name":"Elecciones 2026","link":"https:\/\/viniciojarquin.com\/blog\/category\/elecciones-2026\/"}},"tags_names":[],"comments_number":"0","_links":{"self":[{"href":"https:\/\/viniciojarquin.com\/blog\/wp-json\/wp\/v2\/posts\/1372","targetHints":{"allow":["GET"]}}],"collection":[{"href":"https:\/\/viniciojarquin.com\/blog\/wp-json\/wp\/v2\/posts"}],"about":[{"href":"https:\/\/viniciojarquin.com\/blog\/wp-json\/wp\/v2\/types\/post"}],"author":[{"embeddable":true,"href":"https:\/\/viniciojarquin.com\/blog\/wp-json\/wp\/v2\/users\/1"}],"replies":[{"embeddable":true,"href":"https:\/\/viniciojarquin.com\/blog\/wp-json\/wp\/v2\/comments?post=1372"}],"version-history":[{"count":1,"href":"https:\/\/viniciojarquin.com\/blog\/wp-json\/wp\/v2\/posts\/1372\/revisions"}],"predecessor-version":[{"id":1373,"href":"https:\/\/viniciojarquin.com\/blog\/wp-json\/wp\/v2\/posts\/1372\/revisions\/1373"}],"wp:attachment":[{"href":"https:\/\/viniciojarquin.com\/blog\/wp-json\/wp\/v2\/media?parent=1372"}],"wp:term":[{"taxonomy":"category","embeddable":true,"href":"https:\/\/viniciojarquin.com\/blog\/wp-json\/wp\/v2\/categories?post=1372"},{"taxonomy":"post_tag","embeddable":true,"href":"https:\/\/viniciojarquin.com\/blog\/wp-json\/wp\/v2\/tags?post=1372"}],"curies":[{"name":"wp","href":"https:\/\/api.w.org\/{rel}","templated":true}]}}