{"id":1378,"date":"2025-11-17T22:54:25","date_gmt":"2025-11-17T22:54:25","guid":{"rendered":"https:\/\/viniciojarquin.com\/blog\/?p=1378"},"modified":"2025-11-24T05:04:21","modified_gmt":"2025-11-24T05:04:21","slug":"respeto-si-pero-no-todo-se-respeta-igual","status":"publish","type":"post","link":"https:\/\/viniciojarquin.com\/blog\/respeto-si-pero-no-todo-se-respeta-igual\/","title":{"rendered":"Respeto, s\u00ed. Pero no todo se respeta igual"},"content":{"rendered":"\n<p>Respeto profundamente a todas las personas que van a votar en estas elecciones, sin importar por qui\u00e9n lo hagan. De verdad. Creo firmemente que cada costarricense tiene derecho a tomar su decisi\u00f3n seg\u00fan su criterio, su historia, su lectura de pa\u00eds. Y mientras ese voto sea fruto de reflexi\u00f3n, an\u00e1lisis y convicci\u00f3n honesta, merece respeto absoluto.<\/p>\n\n\n\n<p>Si alguien me dice: \u201cVoy a votar por el continuismo porque creo que en este gobierno baj\u00f3 la pobreza\u201d, \u201cMi familia vive mejor\u201d, \u201cSiento que el pa\u00eds es m\u00e1s seguro\u201d, \u201cCreo que do\u00f1a Laura, acompa\u00f1ada por Rodrigo, puede continuar lo que empez\u00f3\u201d\u2026<\/p>\n\n\n\n<p>Yo lo respeto. No porque piense igual, sino porque esa persona est\u00e1 haciendo su propio ejercicio c\u00edvico, tomando una decisi\u00f3n desde su percepci\u00f3n del pa\u00eds, aunque yo no comparta esa lectura. No tenemos que pensar igual para respetarnos.<\/p>\n\n\n\n<p>Pero tambi\u00e9n quiero ser honesto: hay votos que me cuesta respetar.<\/p>\n\n\n\n<p>Me cuesta respetar al que dice: \u201cVoy a votar por el continuismo porque los de antes fueron corruptos, porque Arias, porque los otros, porque hace veinte a\u00f1os nos hicieron tal cosa\u201d. Ese voto no nace del an\u00e1lisis. Ese voto nace de la ira. Nace del resentimiento. Nace de la programaci\u00f3n emocional con la que opera cualquier populista. Ese voto no es razonado; es reactivo. Es carne de ca\u00f1\u00f3n.<\/p>\n\n\n\n<p>Y \u2014perdonen la franqueza\u2014 tampoco respeto a quienes pudiendo votar deciden no hacerlo. Eso no es neutralidad. Eso no es prudencia. Eso no es \u201cno meterse en pol\u00edtica\u201d. Eso es renunciar al pa\u00eds. Y un costarricense que renuncia al voto renuncia al \u00fanico mecanismo real que tenemos para evitar que Costa Rica se vaya por un camino del que despu\u00e9s ser\u00e1 dificil\u00edsimo regresar.<\/p>\n\n\n\n<p>Porque esto no es solo pol\u00edtica. Es ciudadan\u00eda. Es responsabilidad. Es amor por este pedacito de tierra que nos sostiene a todos.<\/p>\n\n\n\n<p>As\u00ed que voten por quien quieran. Por el que consideren mejor, por el que crean que puede conducir este barco con decencia o con firmeza o con trabajo. Pero voten desde la raz\u00f3n, no desde la herida. Voten desde la conciencia, no desde el adoctrinamiento. Voten desde la serenidad, no desde el enojo heredado.<\/p>\n\n\n\n<p>Porque un voto consciente fortalece la democracia. Pero un voto ciego la quiebra.<\/p>\n\n\n\n<figure class=\"wp-block-image size-large\"><img decoding=\"async\" width=\"683\" height=\"1024\" data-src=\"https:\/\/viniciojarquin.com\/blog\/wp-content\/uploads\/2025\/11\/respeto-reduc-683x1024.jpg\" alt=\"\" class=\"wp-image-1550 lazyload\" data-srcset=\"https:\/\/viniciojarquin.com\/blog\/wp-content\/uploads\/2025\/11\/respeto-reduc-683x1024.jpg 683w, https:\/\/viniciojarquin.com\/blog\/wp-content\/uploads\/2025\/11\/respeto-reduc-200x300.jpg 200w, https:\/\/viniciojarquin.com\/blog\/wp-content\/uploads\/2025\/11\/respeto-reduc-768x1152.jpg 768w, https:\/\/viniciojarquin.com\/blog\/wp-content\/uploads\/2025\/11\/respeto-reduc.jpg 1024w\" data-sizes=\"(max-width: 683px) 100vw, 683px\" src=\"data:image\/svg+xml;base64,PHN2ZyB3aWR0aD0iMSIgaGVpZ2h0PSIxIiB4bWxucz0iaHR0cDovL3d3dy53My5vcmcvMjAwMC9zdmciPjwvc3ZnPg==\" style=\"--smush-placeholder-width: 683px; --smush-placeholder-aspect-ratio: 683\/1024;\" \/><\/figure>\n","protected":false},"excerpt":{"rendered":"<p>Respeto profundamente a todas las personas que van a votar en estas elecciones, sin importar por qui\u00e9n lo hagan. De [&hellip;]<\/p>\n","protected":false},"author":1,"featured_media":1550,"comment_status":"open","ping_status":"open","sticky":false,"template":"","format":"standard","meta":{"site-sidebar-layout":"default","site-content-layout":"","ast-site-content-layout":"","site-content-style":"default","site-sidebar-style":"default","ast-global-header-display":"","ast-banner-title-visibility":"","ast-main-header-display":"","ast-hfb-above-header-display":"","ast-hfb-below-header-display":"","ast-hfb-mobile-header-display":"","site-post-title":"","ast-breadcrumbs-content":"","ast-featured-img":"","footer-sml-layout":"","theme-transparent-header-meta":"","adv-header-id-meta":"","stick-header-meta":"","header-above-stick-meta":"","header-main-stick-meta":"","header-below-stick-meta":"","astra-migrate-meta-layouts":"default","ast-page-background-enabled":"default","ast-page-background-meta":{"desktop":{"background-color":"var(--ast-global-color-5)","background-image":"","background-repeat":"repeat","background-position":"center center","background-size":"auto","background-attachment":"scroll","background-type":"","background-media":"","overlay-type":"","overlay-color":"","overlay-opacity":"","overlay-gradient":""},"tablet":{"background-color":"","background-image":"","background-repeat":"repeat","background-position":"center center","background-size":"auto","background-attachment":"scroll","background-type":"","background-media":"","overlay-type":"","overlay-color":"","overlay-opacity":"","overlay-gradient":""},"mobile":{"background-color":"","background-image":"","background-repeat":"repeat","background-position":"center center","background-size":"auto","background-attachment":"scroll","background-type":"","background-media":"","overlay-type":"","overlay-color":"","overlay-opacity":"","overlay-gradient":""}},"ast-content-background-meta":{"desktop":{"background-color":"var(--ast-global-color-4)","background-image":"","background-repeat":"repeat","background-position":"center center","background-size":"auto","background-attachment":"scroll","background-type":"","background-media":"","overlay-type":"","overlay-color":"","overlay-opacity":"","overlay-gradient":""},"tablet":{"background-color":"var(--ast-global-color-4)","background-image":"","background-repeat":"repeat","background-position":"center center","background-size":"auto","background-attachment":"scroll","background-type":"","background-media":"","overlay-type":"","overlay-color":"","overlay-opacity":"","overlay-gradient":""},"mobile":{"background-color":"var(--ast-global-color-4)","background-image":"","background-repeat":"repeat","background-position":"center center","background-size":"auto","background-attachment":"scroll","background-type":"","background-media":"","overlay-type":"","overlay-color":"","overlay-opacity":"","overlay-gradient":""}},"footnotes":""},"categories":[17],"tags":[],"class_list":["post-1378","post","type-post","status-publish","format-standard","has-post-thumbnail","hentry","category-elecciones-2026"],"yoast_head":"<!-- This site is optimized with the Yoast SEO plugin v26.0 - https:\/\/yoast.com\/wordpress\/plugins\/seo\/ -->\n<title>Respeto, s\u00ed. Pero no todo se respeta igual - MI BLOG<\/title>\n<meta name=\"robots\" content=\"index, follow, max-snippet:-1, max-image-preview:large, max-video-preview:-1\" \/>\n<link rel=\"canonical\" href=\"https:\/\/viniciojarquin.com\/blog\/respeto-si-pero-no-todo-se-respeta-igual\/\" \/>\n<meta property=\"og:locale\" content=\"es_ES\" \/>\n<meta property=\"og:type\" content=\"article\" \/>\n<meta property=\"og:title\" content=\"Respeto, s\u00ed. Pero no todo se respeta igual - MI BLOG\" \/>\n<meta property=\"og:description\" content=\"Respeto profundamente a todas las personas que van a votar en estas elecciones, sin importar por qui\u00e9n lo hagan. De [&hellip;]\" \/>\n<meta property=\"og:url\" content=\"https:\/\/viniciojarquin.com\/blog\/respeto-si-pero-no-todo-se-respeta-igual\/\" \/>\n<meta property=\"og:site_name\" content=\"MI BLOG\" \/>\n<meta property=\"article:publisher\" content=\"https:\/\/www.facebook.com\/vinicio.jarquin\" \/>\n<meta property=\"article:author\" content=\"https:\/\/www.facebook.com\/vinicio.jarquin\" \/>\n<meta property=\"article:published_time\" content=\"2025-11-17T22:54:25+00:00\" \/>\n<meta property=\"article:modified_time\" content=\"2025-11-24T05:04:21+00:00\" \/>\n<meta property=\"og:image\" content=\"https:\/\/viniciojarquin.com\/blog\/wp-content\/uploads\/2025\/11\/respeto-reduc.jpg\" \/>\n\t<meta property=\"og:image:width\" content=\"1024\" \/>\n\t<meta property=\"og:image:height\" content=\"1536\" \/>\n\t<meta property=\"og:image:type\" content=\"image\/jpeg\" \/>\n<meta name=\"author\" content=\"Vinicio Jarqu\u00edn\" \/>\n<meta name=\"twitter:card\" content=\"summary_large_image\" \/>\n<meta name=\"twitter:label1\" content=\"Escrito por\" \/>\n\t<meta name=\"twitter:data1\" content=\"Vinicio Jarqu\u00edn\" \/>\n\t<meta name=\"twitter:label2\" content=\"Tiempo de lectura\" \/>\n\t<meta name=\"twitter:data2\" content=\"3 minutos\" \/>\n<script type=\"application\/ld+json\" class=\"yoast-schema-graph\">{\"@context\":\"https:\/\/schema.org\",\"@graph\":[{\"@type\":\"Article\",\"@id\":\"https:\/\/viniciojarquin.com\/blog\/respeto-si-pero-no-todo-se-respeta-igual\/#article\",\"isPartOf\":{\"@id\":\"https:\/\/viniciojarquin.com\/blog\/respeto-si-pero-no-todo-se-respeta-igual\/\"},\"author\":{\"name\":\"Vinicio Jarqu\u00edn\",\"@id\":\"https:\/\/viniciojarquin.com\/blog\/#\/schema\/person\/90100c8845ae55462ec0657d3d2f8d3b\"},\"headline\":\"Respeto, s\u00ed. Pero no todo se respeta igual\",\"datePublished\":\"2025-11-17T22:54:25+00:00\",\"dateModified\":\"2025-11-24T05:04:21+00:00\",\"mainEntityOfPage\":{\"@id\":\"https:\/\/viniciojarquin.com\/blog\/respeto-si-pero-no-todo-se-respeta-igual\/\"},\"wordCount\":402,\"commentCount\":0,\"publisher\":{\"@id\":\"https:\/\/viniciojarquin.com\/blog\/#\/schema\/person\/90100c8845ae55462ec0657d3d2f8d3b\"},\"image\":{\"@id\":\"https:\/\/viniciojarquin.com\/blog\/respeto-si-pero-no-todo-se-respeta-igual\/#primaryimage\"},\"thumbnailUrl\":\"https:\/\/viniciojarquin.com\/blog\/wp-content\/uploads\/2025\/11\/respeto-reduc.jpg\",\"articleSection\":[\"Elecciones 2026\"],\"inLanguage\":\"es\",\"potentialAction\":[{\"@type\":\"CommentAction\",\"name\":\"Comment\",\"target\":[\"https:\/\/viniciojarquin.com\/blog\/respeto-si-pero-no-todo-se-respeta-igual\/#respond\"]}]},{\"@type\":\"WebPage\",\"@id\":\"https:\/\/viniciojarquin.com\/blog\/respeto-si-pero-no-todo-se-respeta-igual\/\",\"url\":\"https:\/\/viniciojarquin.com\/blog\/respeto-si-pero-no-todo-se-respeta-igual\/\",\"name\":\"Respeto, s\u00ed. Pero no todo se respeta igual - MI BLOG\",\"isPartOf\":{\"@id\":\"https:\/\/viniciojarquin.com\/blog\/#website\"},\"primaryImageOfPage\":{\"@id\":\"https:\/\/viniciojarquin.com\/blog\/respeto-si-pero-no-todo-se-respeta-igual\/#primaryimage\"},\"image\":{\"@id\":\"https:\/\/viniciojarquin.com\/blog\/respeto-si-pero-no-todo-se-respeta-igual\/#primaryimage\"},\"thumbnailUrl\":\"https:\/\/viniciojarquin.com\/blog\/wp-content\/uploads\/2025\/11\/respeto-reduc.jpg\",\"datePublished\":\"2025-11-17T22:54:25+00:00\",\"dateModified\":\"2025-11-24T05:04:21+00:00\",\"breadcrumb\":{\"@id\":\"https:\/\/viniciojarquin.com\/blog\/respeto-si-pero-no-todo-se-respeta-igual\/#breadcrumb\"},\"inLanguage\":\"es\",\"potentialAction\":[{\"@type\":\"ReadAction\",\"target\":[\"https:\/\/viniciojarquin.com\/blog\/respeto-si-pero-no-todo-se-respeta-igual\/\"]}]},{\"@type\":\"ImageObject\",\"inLanguage\":\"es\",\"@id\":\"https:\/\/viniciojarquin.com\/blog\/respeto-si-pero-no-todo-se-respeta-igual\/#primaryimage\",\"url\":\"https:\/\/viniciojarquin.com\/blog\/wp-content\/uploads\/2025\/11\/respeto-reduc.jpg\",\"contentUrl\":\"https:\/\/viniciojarquin.com\/blog\/wp-content\/uploads\/2025\/11\/respeto-reduc.jpg\",\"width\":1024,\"height\":1536},{\"@type\":\"BreadcrumbList\",\"@id\":\"https:\/\/viniciojarquin.com\/blog\/respeto-si-pero-no-todo-se-respeta-igual\/#breadcrumb\",\"itemListElement\":[{\"@type\":\"ListItem\",\"position\":1,\"name\":\"Portada\",\"item\":\"https:\/\/viniciojarquin.com\/blog\/\"},{\"@type\":\"ListItem\",\"position\":2,\"name\":\"Respeto, s\u00ed. Pero no todo se respeta igual\"}]},{\"@type\":\"WebSite\",\"@id\":\"https:\/\/viniciojarquin.com\/blog\/#website\",\"url\":\"https:\/\/viniciojarquin.com\/blog\/\",\"name\":\"Vinicio Jarqu\u00edn BLOG\",\"description\":\"\",\"publisher\":{\"@id\":\"https:\/\/viniciojarquin.com\/blog\/#\/schema\/person\/90100c8845ae55462ec0657d3d2f8d3b\"},\"potentialAction\":[{\"@type\":\"SearchAction\",\"target\":{\"@type\":\"EntryPoint\",\"urlTemplate\":\"https:\/\/viniciojarquin.com\/blog\/?s={search_term_string}\"},\"query-input\":{\"@type\":\"PropertyValueSpecification\",\"valueRequired\":true,\"valueName\":\"search_term_string\"}}],\"inLanguage\":\"es\"},{\"@type\":[\"Person\",\"Organization\"],\"@id\":\"https:\/\/viniciojarquin.com\/blog\/#\/schema\/person\/90100c8845ae55462ec0657d3d2f8d3b\",\"name\":\"Vinicio Jarqu\u00edn\",\"image\":{\"@type\":\"ImageObject\",\"inLanguage\":\"es\",\"@id\":\"https:\/\/viniciojarquin.com\/blog\/#\/schema\/person\/image\/\",\"url\":\"https:\/\/viniciojarquin.com\/blog\/wp-content\/uploads\/2024\/10\/Logo-VinicioJarquin-original-400.png\",\"contentUrl\":\"https:\/\/viniciojarquin.com\/blog\/wp-content\/uploads\/2024\/10\/Logo-VinicioJarquin-original-400.png\",\"width\":400,\"height\":130,\"caption\":\"Vinicio Jarqu\u00edn\"},\"logo\":{\"@id\":\"https:\/\/viniciojarquin.com\/blog\/#\/schema\/person\/image\/\"},\"description\":\"Empresario textil, artista pl\u00e1stico, escritor, coach de vida y fot\u00f3grafo.\",\"sameAs\":[\"https:\/\/viniciojarquin.com\/blog\",\"https:\/\/www.facebook.com\/vinicio.jarquin\",\"https:\/\/www.instagram.com\/vinicio_jarquin\/\",\"https:\/\/www.pinterest.com\/vinnyjc\/\",\"https:\/\/www.youtube.com\/@VinicioJarquin\"],\"url\":\"https:\/\/viniciojarquin.com\/blog\/author\/admin_s02au25i\/\"}]}<\/script>\n<!-- \/ Yoast SEO plugin. -->","yoast_head_json":{"title":"Respeto, s\u00ed. Pero no todo se respeta igual - MI BLOG","robots":{"index":"index","follow":"follow","max-snippet":"max-snippet:-1","max-image-preview":"max-image-preview:large","max-video-preview":"max-video-preview:-1"},"canonical":"https:\/\/viniciojarquin.com\/blog\/respeto-si-pero-no-todo-se-respeta-igual\/","og_locale":"es_ES","og_type":"article","og_title":"Respeto, s\u00ed. Pero no todo se respeta igual - MI BLOG","og_description":"Respeto profundamente a todas las personas que van a votar en estas elecciones, sin importar por qui\u00e9n lo hagan. De [&hellip;]","og_url":"https:\/\/viniciojarquin.com\/blog\/respeto-si-pero-no-todo-se-respeta-igual\/","og_site_name":"MI BLOG","article_publisher":"https:\/\/www.facebook.com\/vinicio.jarquin","article_author":"https:\/\/www.facebook.com\/vinicio.jarquin","article_published_time":"2025-11-17T22:54:25+00:00","article_modified_time":"2025-11-24T05:04:21+00:00","og_image":[{"width":1024,"height":1536,"url":"https:\/\/viniciojarquin.com\/blog\/wp-content\/uploads\/2025\/11\/respeto-reduc.jpg","type":"image\/jpeg"}],"author":"Vinicio Jarqu\u00edn","twitter_card":"summary_large_image","twitter_misc":{"Escrito por":"Vinicio Jarqu\u00edn","Tiempo de lectura":"3 minutos"},"schema":{"@context":"https:\/\/schema.org","@graph":[{"@type":"Article","@id":"https:\/\/viniciojarquin.com\/blog\/respeto-si-pero-no-todo-se-respeta-igual\/#article","isPartOf":{"@id":"https:\/\/viniciojarquin.com\/blog\/respeto-si-pero-no-todo-se-respeta-igual\/"},"author":{"name":"Vinicio Jarqu\u00edn","@id":"https:\/\/viniciojarquin.com\/blog\/#\/schema\/person\/90100c8845ae55462ec0657d3d2f8d3b"},"headline":"Respeto, s\u00ed. Pero no todo se respeta igual","datePublished":"2025-11-17T22:54:25+00:00","dateModified":"2025-11-24T05:04:21+00:00","mainEntityOfPage":{"@id":"https:\/\/viniciojarquin.com\/blog\/respeto-si-pero-no-todo-se-respeta-igual\/"},"wordCount":402,"commentCount":0,"publisher":{"@id":"https:\/\/viniciojarquin.com\/blog\/#\/schema\/person\/90100c8845ae55462ec0657d3d2f8d3b"},"image":{"@id":"https:\/\/viniciojarquin.com\/blog\/respeto-si-pero-no-todo-se-respeta-igual\/#primaryimage"},"thumbnailUrl":"https:\/\/viniciojarquin.com\/blog\/wp-content\/uploads\/2025\/11\/respeto-reduc.jpg","articleSection":["Elecciones 2026"],"inLanguage":"es","potentialAction":[{"@type":"CommentAction","name":"Comment","target":["https:\/\/viniciojarquin.com\/blog\/respeto-si-pero-no-todo-se-respeta-igual\/#respond"]}]},{"@type":"WebPage","@id":"https:\/\/viniciojarquin.com\/blog\/respeto-si-pero-no-todo-se-respeta-igual\/","url":"https:\/\/viniciojarquin.com\/blog\/respeto-si-pero-no-todo-se-respeta-igual\/","name":"Respeto, s\u00ed. Pero no todo se respeta igual - MI BLOG","isPartOf":{"@id":"https:\/\/viniciojarquin.com\/blog\/#website"},"primaryImageOfPage":{"@id":"https:\/\/viniciojarquin.com\/blog\/respeto-si-pero-no-todo-se-respeta-igual\/#primaryimage"},"image":{"@id":"https:\/\/viniciojarquin.com\/blog\/respeto-si-pero-no-todo-se-respeta-igual\/#primaryimage"},"thumbnailUrl":"https:\/\/viniciojarquin.com\/blog\/wp-content\/uploads\/2025\/11\/respeto-reduc.jpg","datePublished":"2025-11-17T22:54:25+00:00","dateModified":"2025-11-24T05:04:21+00:00","breadcrumb":{"@id":"https:\/\/viniciojarquin.com\/blog\/respeto-si-pero-no-todo-se-respeta-igual\/#breadcrumb"},"inLanguage":"es","potentialAction":[{"@type":"ReadAction","target":["https:\/\/viniciojarquin.com\/blog\/respeto-si-pero-no-todo-se-respeta-igual\/"]}]},{"@type":"ImageObject","inLanguage":"es","@id":"https:\/\/viniciojarquin.com\/blog\/respeto-si-pero-no-todo-se-respeta-igual\/#primaryimage","url":"https:\/\/viniciojarquin.com\/blog\/wp-content\/uploads\/2025\/11\/respeto-reduc.jpg","contentUrl":"https:\/\/viniciojarquin.com\/blog\/wp-content\/uploads\/2025\/11\/respeto-reduc.jpg","width":1024,"height":1536},{"@type":"BreadcrumbList","@id":"https:\/\/viniciojarquin.com\/blog\/respeto-si-pero-no-todo-se-respeta-igual\/#breadcrumb","itemListElement":[{"@type":"ListItem","position":1,"name":"Portada","item":"https:\/\/viniciojarquin.com\/blog\/"},{"@type":"ListItem","position":2,"name":"Respeto, s\u00ed. Pero no todo se respeta igual"}]},{"@type":"WebSite","@id":"https:\/\/viniciojarquin.com\/blog\/#website","url":"https:\/\/viniciojarquin.com\/blog\/","name":"Vinicio Jarqu\u00edn BLOG","description":"","publisher":{"@id":"https:\/\/viniciojarquin.com\/blog\/#\/schema\/person\/90100c8845ae55462ec0657d3d2f8d3b"},"potentialAction":[{"@type":"SearchAction","target":{"@type":"EntryPoint","urlTemplate":"https:\/\/viniciojarquin.com\/blog\/?s={search_term_string}"},"query-input":{"@type":"PropertyValueSpecification","valueRequired":true,"valueName":"search_term_string"}}],"inLanguage":"es"},{"@type":["Person","Organization"],"@id":"https:\/\/viniciojarquin.com\/blog\/#\/schema\/person\/90100c8845ae55462ec0657d3d2f8d3b","name":"Vinicio Jarqu\u00edn","image":{"@type":"ImageObject","inLanguage":"es","@id":"https:\/\/viniciojarquin.com\/blog\/#\/schema\/person\/image\/","url":"https:\/\/viniciojarquin.com\/blog\/wp-content\/uploads\/2024\/10\/Logo-VinicioJarquin-original-400.png","contentUrl":"https:\/\/viniciojarquin.com\/blog\/wp-content\/uploads\/2024\/10\/Logo-VinicioJarquin-original-400.png","width":400,"height":130,"caption":"Vinicio Jarqu\u00edn"},"logo":{"@id":"https:\/\/viniciojarquin.com\/blog\/#\/schema\/person\/image\/"},"description":"Empresario textil, artista pl\u00e1stico, escritor, coach de vida y fot\u00f3grafo.","sameAs":["https:\/\/viniciojarquin.com\/blog","https:\/\/www.facebook.com\/vinicio.jarquin","https:\/\/www.instagram.com\/vinicio_jarquin\/","https:\/\/www.pinterest.com\/vinnyjc\/","https:\/\/www.youtube.com\/@VinicioJarquin"],"url":"https:\/\/viniciojarquin.com\/blog\/author\/admin_s02au25i\/"}]}},"blog_post_layout_featured_media_urls":{"thumbnail":["https:\/\/viniciojarquin.com\/blog\/wp-content\/uploads\/2025\/11\/respeto-reduc-150x150.jpg",150,150,true],"full":["https:\/\/viniciojarquin.com\/blog\/wp-content\/uploads\/2025\/11\/respeto-reduc.jpg",1024,1536,false]},"categories_names":{"17":{"name":"Elecciones 2026","link":"https:\/\/viniciojarquin.com\/blog\/category\/elecciones-2026\/"}},"tags_names":[],"comments_number":"0","_links":{"self":[{"href":"https:\/\/viniciojarquin.com\/blog\/wp-json\/wp\/v2\/posts\/1378","targetHints":{"allow":["GET"]}}],"collection":[{"href":"https:\/\/viniciojarquin.com\/blog\/wp-json\/wp\/v2\/posts"}],"about":[{"href":"https:\/\/viniciojarquin.com\/blog\/wp-json\/wp\/v2\/types\/post"}],"author":[{"embeddable":true,"href":"https:\/\/viniciojarquin.com\/blog\/wp-json\/wp\/v2\/users\/1"}],"replies":[{"embeddable":true,"href":"https:\/\/viniciojarquin.com\/blog\/wp-json\/wp\/v2\/comments?post=1378"}],"version-history":[{"count":2,"href":"https:\/\/viniciojarquin.com\/blog\/wp-json\/wp\/v2\/posts\/1378\/revisions"}],"predecessor-version":[{"id":1552,"href":"https:\/\/viniciojarquin.com\/blog\/wp-json\/wp\/v2\/posts\/1378\/revisions\/1552"}],"wp:featuredmedia":[{"embeddable":true,"href":"https:\/\/viniciojarquin.com\/blog\/wp-json\/wp\/v2\/media\/1550"}],"wp:attachment":[{"href":"https:\/\/viniciojarquin.com\/blog\/wp-json\/wp\/v2\/media?parent=1378"}],"wp:term":[{"taxonomy":"category","embeddable":true,"href":"https:\/\/viniciojarquin.com\/blog\/wp-json\/wp\/v2\/categories?post=1378"},{"taxonomy":"post_tag","embeddable":true,"href":"https:\/\/viniciojarquin.com\/blog\/wp-json\/wp\/v2\/tags?post=1378"}],"curies":[{"name":"wp","href":"https:\/\/api.w.org\/{rel}","templated":true}]}}