{"id":1394,"date":"2025-11-17T23:24:35","date_gmt":"2025-11-17T23:24:35","guid":{"rendered":"https:\/\/viniciojarquin.com\/blog\/?p=1394"},"modified":"2025-11-17T23:24:38","modified_gmt":"2025-11-17T23:24:38","slug":"cuando-el-pueblo-convierte-al-presidente-en-candidato","status":"publish","type":"post","link":"https:\/\/viniciojarquin.com\/blog\/cuando-el-pueblo-convierte-al-presidente-en-candidato\/","title":{"rendered":"Cuando el pueblo convierte al presidente en candidato"},"content":{"rendered":"\n<p>Hay un fen\u00f3meno curioso que estamos viviendo en Costa Rica y que vale la pena observar con calma. Cuando el pueblo seguidor eleva al presidente al nivel de candidato pol\u00edtico, algo se desordena en la conciencia democr\u00e1tica. Muchos de los seguidores del gobierno actual repiten, con raz\u00f3n, que el pa\u00eds arrastra d\u00e9cadas de corrupci\u00f3n: treinta, cuarenta, cincuenta o hasta setenta a\u00f1os. Y es cierto: hemos tenido errores, abusos, negligencias y deudas acumuladas. Pero lo que sorprende es la capacidad de algunos para se\u00f1alar \u00fanicamente hacia atr\u00e1s, como si el presente no existiera.<\/p>\n\n\n\n<p>Porque el presidente actual no es un candidato reci\u00e9n llegado. Es el presidente en ejercicio. No est\u00e1 por entrar a gobernar: lleva casi cuatro a\u00f1os haci\u00e9ndolo. Y si la corrupci\u00f3n del pasado es condenable \u2014como lo es\u2014, tambi\u00e9n deben serlo los actos, las omisiones o las causas que se gestan en el presente. Seg\u00fan datos p\u00fablicos, el presidente acumula m\u00e1s de cien causas abiertas y, aunque todas deben tratarse con respeto al debido proceso, ese n\u00famero lo coloca dentro del mismo paquete que \u00e9l mismo critica. Es decir, si se\u00f1alamos la corrupci\u00f3n de d\u00e9cadas anteriores, con la misma vara debemos medir a quien hoy ostenta el poder. No se puede ser juez del pasado y v\u00edctima del presente al mismo tiempo.<\/p>\n\n\n\n<p>Lo m\u00e1s inquietante es la elasticidad del discurso seg\u00fan la conveniencia. Cuando se habla de problemas estructurales, de atraso, de inseguridad o de estancamiento nacional, muchos seguidores del gobierno dicen: \u201ceso es culpa de los gobiernos anteriores\u201d. Pero cuando se habla de logros, entonces s\u00ed, es m\u00e9rito absoluto del actual mandatario. Y cuando se mencionan las causas judiciales, la respuesta autom\u00e1tica es: \u201ca este presidente no lo han dejado trabajar\u201d. Es una l\u00f3gica peligrosa porque transforma al l\u00edder en m\u00e1rtir y al seguidor en creyente. Y la democracia no necesita feligreses: necesita ciudadanos.<\/p>\n\n\n\n<p>Costa Rica enfrenta desaf\u00edos reales: narcotr\u00e1fico fortalecido, educaci\u00f3n en retroceso, salud p\u00fablica presionada, infraestructura detenida. Y todo eso no puede seguir atribuy\u00e9ndose \u00fanicamente al pasado. Si alguien ocupa la presidencia, tambi\u00e9n ocupa la responsabilidad del presente. De eso se trata el mandato.<\/p>\n\n\n\n<p>Adem\u00e1s de todo lo expuesto en la primera parte, hay algo que llama poderosamente la atenci\u00f3n en este proceso electoral: quien se proclama como candidata del continuismo hace promesas de lo que \u201cva a hacer\u201d, de lo que \u201cva a arreglar\u201d, de lo que \u201cva a corregir\u201d\u2026 cuando ha tenido cuatro a\u00f1os para hacerlo. Y entonces uno se pregunta con toda l\u00f3gica: si en cuatro a\u00f1os no se logr\u00f3, \u00bfpor qu\u00e9 deber\u00edamos creer que ahora s\u00ed? \u00bfQu\u00e9 ha cambiado en la estructura del poder, en los recursos o en la voluntad pol\u00edtica que no exist\u00eda antes? La campa\u00f1a parece pedirle al pueblo que conf\u00ede nuevamente en lo que no funcion\u00f3 la primera vez.<\/p>\n\n\n\n<p>No se trata de negar esfuerzos ni de descalificar personas; se trata de comprender el sentido mismo de la rendici\u00f3n de cuentas. Si un gobierno llega al final de su periodo con grandes promesas a\u00fan pendientes, esas promesas no deber\u00edan reciclarse como si fueran nuevas propuestas. Porque lo que la candidata del continuismo ofrece reparar es, b\u00e1sicamente, una lista de las cosas que no pudieron repararse en cuatro a\u00f1os. Y eso, en el fondo, es una falta de respeto al ciudadano informado.<\/p>\n\n\n\n<p>En una democracia sana, los votantes no deber\u00edan dejarse encandilar por discursos repetidos ni por promesas recicladas. Un verdadero proceso electoral se basa en comparar resultados, no intenciones. En preguntarse qu\u00e9 se hizo, no qu\u00e9 se dice que se har\u00e1. En analizar hechos, no slogans. Pero cuando el pueblo convierte al presidente en candidato y a la candidata en heredera emocional de ese relato, todo se vuelve sentimental. El an\u00e1lisis se sustituye por la fe, y la fe pol\u00edtica \u2014esa fe ciega\u2014 es una de las formas m\u00e1s peligrosas de fanatismo.<\/p>\n\n\n\n<p>Costa Rica merece algo m\u00e1s que eso. Merece memoria, pensamiento cr\u00edtico y responsabilidad electoral. Porque gobernar no es un acto de magia: es una oportunidad finita. Y cuando esa oportunidad se agota, lo m\u00e1s honesto no es pedir otra, sino rendir cuentas de la que se tuvo.<\/p>\n","protected":false},"excerpt":{"rendered":"<p>Hay un fen\u00f3meno curioso que estamos viviendo en Costa Rica y que vale la pena observar con calma. Cuando el [&hellip;]<\/p>\n","protected":false},"author":1,"featured_media":0,"comment_status":"open","ping_status":"open","sticky":false,"template":"","format":"standard","meta":{"site-sidebar-layout":"default","site-content-layout":"","ast-site-content-layout":"","site-content-style":"default","site-sidebar-style":"default","ast-global-header-display":"","ast-banner-title-visibility":"","ast-main-header-display":"","ast-hfb-above-header-display":"","ast-hfb-below-header-display":"","ast-hfb-mobile-header-display":"","site-post-title":"","ast-breadcrumbs-content":"","ast-featured-img":"","footer-sml-layout":"","theme-transparent-header-meta":"","adv-header-id-meta":"","stick-header-meta":"","header-above-stick-meta":"","header-main-stick-meta":"","header-below-stick-meta":"","astra-migrate-meta-layouts":"default","ast-page-background-enabled":"default","ast-page-background-meta":{"desktop":{"background-color":"var(--ast-global-color-5)","background-image":"","background-repeat":"repeat","background-position":"center center","background-size":"auto","background-attachment":"scroll","background-type":"","background-media":"","overlay-type":"","overlay-color":"","overlay-opacity":"","overlay-gradient":""},"tablet":{"background-color":"","background-image":"","background-repeat":"repeat","background-position":"center center","background-size":"auto","background-attachment":"scroll","background-type":"","background-media":"","overlay-type":"","overlay-color":"","overlay-opacity":"","overlay-gradient":""},"mobile":{"background-color":"","background-image":"","background-repeat":"repeat","background-position":"center center","background-size":"auto","background-attachment":"scroll","background-type":"","background-media":"","overlay-type":"","overlay-color":"","overlay-opacity":"","overlay-gradient":""}},"ast-content-background-meta":{"desktop":{"background-color":"var(--ast-global-color-4)","background-image":"","background-repeat":"repeat","background-position":"center center","background-size":"auto","background-attachment":"scroll","background-type":"","background-media":"","overlay-type":"","overlay-color":"","overlay-opacity":"","overlay-gradient":""},"tablet":{"background-color":"var(--ast-global-color-4)","background-image":"","background-repeat":"repeat","background-position":"center center","background-size":"auto","background-attachment":"scroll","background-type":"","background-media":"","overlay-type":"","overlay-color":"","overlay-opacity":"","overlay-gradient":""},"mobile":{"background-color":"var(--ast-global-color-4)","background-image":"","background-repeat":"repeat","background-position":"center center","background-size":"auto","background-attachment":"scroll","background-type":"","background-media":"","overlay-type":"","overlay-color":"","overlay-opacity":"","overlay-gradient":""}},"footnotes":""},"categories":[17],"tags":[],"class_list":["post-1394","post","type-post","status-publish","format-standard","hentry","category-elecciones-2026"],"yoast_head":"<!-- This site is optimized with the Yoast SEO plugin v26.0 - https:\/\/yoast.com\/wordpress\/plugins\/seo\/ -->\n<title>Cuando el pueblo convierte al presidente en candidato - MI BLOG<\/title>\n<meta name=\"robots\" content=\"index, follow, max-snippet:-1, max-image-preview:large, max-video-preview:-1\" \/>\n<link rel=\"canonical\" href=\"https:\/\/viniciojarquin.com\/blog\/cuando-el-pueblo-convierte-al-presidente-en-candidato\/\" \/>\n<meta property=\"og:locale\" content=\"es_ES\" \/>\n<meta property=\"og:type\" content=\"article\" \/>\n<meta property=\"og:title\" content=\"Cuando el pueblo convierte al presidente en candidato - MI BLOG\" \/>\n<meta property=\"og:description\" content=\"Hay un fen\u00f3meno curioso que estamos viviendo en Costa Rica y que vale la pena observar con calma. Cuando el [&hellip;]\" \/>\n<meta property=\"og:url\" content=\"https:\/\/viniciojarquin.com\/blog\/cuando-el-pueblo-convierte-al-presidente-en-candidato\/\" \/>\n<meta property=\"og:site_name\" content=\"MI BLOG\" \/>\n<meta property=\"article:publisher\" content=\"https:\/\/www.facebook.com\/vinicio.jarquin\" \/>\n<meta property=\"article:author\" content=\"https:\/\/www.facebook.com\/vinicio.jarquin\" \/>\n<meta property=\"article:published_time\" content=\"2025-11-17T23:24:35+00:00\" \/>\n<meta property=\"article:modified_time\" content=\"2025-11-17T23:24:38+00:00\" \/>\n<meta name=\"author\" content=\"Vinicio Jarqu\u00edn\" \/>\n<meta name=\"twitter:card\" content=\"summary_large_image\" \/>\n<meta name=\"twitter:label1\" content=\"Escrito por\" \/>\n\t<meta name=\"twitter:data1\" content=\"Vinicio Jarqu\u00edn\" \/>\n\t<meta name=\"twitter:label2\" content=\"Tiempo de lectura\" \/>\n\t<meta name=\"twitter:data2\" content=\"4 minutos\" \/>\n<script type=\"application\/ld+json\" class=\"yoast-schema-graph\">{\"@context\":\"https:\/\/schema.org\",\"@graph\":[{\"@type\":\"Article\",\"@id\":\"https:\/\/viniciojarquin.com\/blog\/cuando-el-pueblo-convierte-al-presidente-en-candidato\/#article\",\"isPartOf\":{\"@id\":\"https:\/\/viniciojarquin.com\/blog\/cuando-el-pueblo-convierte-al-presidente-en-candidato\/\"},\"author\":{\"name\":\"Vinicio Jarqu\u00edn\",\"@id\":\"https:\/\/viniciojarquin.com\/blog\/#\/schema\/person\/90100c8845ae55462ec0657d3d2f8d3b\"},\"headline\":\"Cuando el pueblo convierte al presidente en candidato\",\"datePublished\":\"2025-11-17T23:24:35+00:00\",\"dateModified\":\"2025-11-17T23:24:38+00:00\",\"mainEntityOfPage\":{\"@id\":\"https:\/\/viniciojarquin.com\/blog\/cuando-el-pueblo-convierte-al-presidente-en-candidato\/\"},\"wordCount\":747,\"commentCount\":0,\"publisher\":{\"@id\":\"https:\/\/viniciojarquin.com\/blog\/#\/schema\/person\/90100c8845ae55462ec0657d3d2f8d3b\"},\"articleSection\":[\"Elecciones 2026\"],\"inLanguage\":\"es\",\"potentialAction\":[{\"@type\":\"CommentAction\",\"name\":\"Comment\",\"target\":[\"https:\/\/viniciojarquin.com\/blog\/cuando-el-pueblo-convierte-al-presidente-en-candidato\/#respond\"]}]},{\"@type\":\"WebPage\",\"@id\":\"https:\/\/viniciojarquin.com\/blog\/cuando-el-pueblo-convierte-al-presidente-en-candidato\/\",\"url\":\"https:\/\/viniciojarquin.com\/blog\/cuando-el-pueblo-convierte-al-presidente-en-candidato\/\",\"name\":\"Cuando el pueblo convierte al presidente en candidato - MI BLOG\",\"isPartOf\":{\"@id\":\"https:\/\/viniciojarquin.com\/blog\/#website\"},\"datePublished\":\"2025-11-17T23:24:35+00:00\",\"dateModified\":\"2025-11-17T23:24:38+00:00\",\"breadcrumb\":{\"@id\":\"https:\/\/viniciojarquin.com\/blog\/cuando-el-pueblo-convierte-al-presidente-en-candidato\/#breadcrumb\"},\"inLanguage\":\"es\",\"potentialAction\":[{\"@type\":\"ReadAction\",\"target\":[\"https:\/\/viniciojarquin.com\/blog\/cuando-el-pueblo-convierte-al-presidente-en-candidato\/\"]}]},{\"@type\":\"BreadcrumbList\",\"@id\":\"https:\/\/viniciojarquin.com\/blog\/cuando-el-pueblo-convierte-al-presidente-en-candidato\/#breadcrumb\",\"itemListElement\":[{\"@type\":\"ListItem\",\"position\":1,\"name\":\"Portada\",\"item\":\"https:\/\/viniciojarquin.com\/blog\/\"},{\"@type\":\"ListItem\",\"position\":2,\"name\":\"Cuando el pueblo convierte al presidente en candidato\"}]},{\"@type\":\"WebSite\",\"@id\":\"https:\/\/viniciojarquin.com\/blog\/#website\",\"url\":\"https:\/\/viniciojarquin.com\/blog\/\",\"name\":\"Vinicio Jarqu\u00edn BLOG\",\"description\":\"\",\"publisher\":{\"@id\":\"https:\/\/viniciojarquin.com\/blog\/#\/schema\/person\/90100c8845ae55462ec0657d3d2f8d3b\"},\"potentialAction\":[{\"@type\":\"SearchAction\",\"target\":{\"@type\":\"EntryPoint\",\"urlTemplate\":\"https:\/\/viniciojarquin.com\/blog\/?s={search_term_string}\"},\"query-input\":{\"@type\":\"PropertyValueSpecification\",\"valueRequired\":true,\"valueName\":\"search_term_string\"}}],\"inLanguage\":\"es\"},{\"@type\":[\"Person\",\"Organization\"],\"@id\":\"https:\/\/viniciojarquin.com\/blog\/#\/schema\/person\/90100c8845ae55462ec0657d3d2f8d3b\",\"name\":\"Vinicio Jarqu\u00edn\",\"image\":{\"@type\":\"ImageObject\",\"inLanguage\":\"es\",\"@id\":\"https:\/\/viniciojarquin.com\/blog\/#\/schema\/person\/image\/\",\"url\":\"https:\/\/viniciojarquin.com\/blog\/wp-content\/uploads\/2024\/10\/Logo-VinicioJarquin-original-400.png\",\"contentUrl\":\"https:\/\/viniciojarquin.com\/blog\/wp-content\/uploads\/2024\/10\/Logo-VinicioJarquin-original-400.png\",\"width\":400,\"height\":130,\"caption\":\"Vinicio Jarqu\u00edn\"},\"logo\":{\"@id\":\"https:\/\/viniciojarquin.com\/blog\/#\/schema\/person\/image\/\"},\"description\":\"Empresario textil, artista pl\u00e1stico, escritor, coach de vida y fot\u00f3grafo.\",\"sameAs\":[\"https:\/\/viniciojarquin.com\/blog\",\"https:\/\/www.facebook.com\/vinicio.jarquin\",\"https:\/\/www.instagram.com\/vinicio_jarquin\/\",\"https:\/\/www.pinterest.com\/vinnyjc\/\",\"https:\/\/www.youtube.com\/@VinicioJarquin\"],\"url\":\"https:\/\/viniciojarquin.com\/blog\/author\/admin_s02au25i\/\"}]}<\/script>\n<!-- \/ Yoast SEO plugin. -->","yoast_head_json":{"title":"Cuando el pueblo convierte al presidente en candidato - MI BLOG","robots":{"index":"index","follow":"follow","max-snippet":"max-snippet:-1","max-image-preview":"max-image-preview:large","max-video-preview":"max-video-preview:-1"},"canonical":"https:\/\/viniciojarquin.com\/blog\/cuando-el-pueblo-convierte-al-presidente-en-candidato\/","og_locale":"es_ES","og_type":"article","og_title":"Cuando el pueblo convierte al presidente en candidato - MI BLOG","og_description":"Hay un fen\u00f3meno curioso que estamos viviendo en Costa Rica y que vale la pena observar con calma. Cuando el [&hellip;]","og_url":"https:\/\/viniciojarquin.com\/blog\/cuando-el-pueblo-convierte-al-presidente-en-candidato\/","og_site_name":"MI BLOG","article_publisher":"https:\/\/www.facebook.com\/vinicio.jarquin","article_author":"https:\/\/www.facebook.com\/vinicio.jarquin","article_published_time":"2025-11-17T23:24:35+00:00","article_modified_time":"2025-11-17T23:24:38+00:00","author":"Vinicio Jarqu\u00edn","twitter_card":"summary_large_image","twitter_misc":{"Escrito por":"Vinicio Jarqu\u00edn","Tiempo de lectura":"4 minutos"},"schema":{"@context":"https:\/\/schema.org","@graph":[{"@type":"Article","@id":"https:\/\/viniciojarquin.com\/blog\/cuando-el-pueblo-convierte-al-presidente-en-candidato\/#article","isPartOf":{"@id":"https:\/\/viniciojarquin.com\/blog\/cuando-el-pueblo-convierte-al-presidente-en-candidato\/"},"author":{"name":"Vinicio Jarqu\u00edn","@id":"https:\/\/viniciojarquin.com\/blog\/#\/schema\/person\/90100c8845ae55462ec0657d3d2f8d3b"},"headline":"Cuando el pueblo convierte al presidente en candidato","datePublished":"2025-11-17T23:24:35+00:00","dateModified":"2025-11-17T23:24:38+00:00","mainEntityOfPage":{"@id":"https:\/\/viniciojarquin.com\/blog\/cuando-el-pueblo-convierte-al-presidente-en-candidato\/"},"wordCount":747,"commentCount":0,"publisher":{"@id":"https:\/\/viniciojarquin.com\/blog\/#\/schema\/person\/90100c8845ae55462ec0657d3d2f8d3b"},"articleSection":["Elecciones 2026"],"inLanguage":"es","potentialAction":[{"@type":"CommentAction","name":"Comment","target":["https:\/\/viniciojarquin.com\/blog\/cuando-el-pueblo-convierte-al-presidente-en-candidato\/#respond"]}]},{"@type":"WebPage","@id":"https:\/\/viniciojarquin.com\/blog\/cuando-el-pueblo-convierte-al-presidente-en-candidato\/","url":"https:\/\/viniciojarquin.com\/blog\/cuando-el-pueblo-convierte-al-presidente-en-candidato\/","name":"Cuando el pueblo convierte al presidente en candidato - MI BLOG","isPartOf":{"@id":"https:\/\/viniciojarquin.com\/blog\/#website"},"datePublished":"2025-11-17T23:24:35+00:00","dateModified":"2025-11-17T23:24:38+00:00","breadcrumb":{"@id":"https:\/\/viniciojarquin.com\/blog\/cuando-el-pueblo-convierte-al-presidente-en-candidato\/#breadcrumb"},"inLanguage":"es","potentialAction":[{"@type":"ReadAction","target":["https:\/\/viniciojarquin.com\/blog\/cuando-el-pueblo-convierte-al-presidente-en-candidato\/"]}]},{"@type":"BreadcrumbList","@id":"https:\/\/viniciojarquin.com\/blog\/cuando-el-pueblo-convierte-al-presidente-en-candidato\/#breadcrumb","itemListElement":[{"@type":"ListItem","position":1,"name":"Portada","item":"https:\/\/viniciojarquin.com\/blog\/"},{"@type":"ListItem","position":2,"name":"Cuando el pueblo convierte al presidente en candidato"}]},{"@type":"WebSite","@id":"https:\/\/viniciojarquin.com\/blog\/#website","url":"https:\/\/viniciojarquin.com\/blog\/","name":"Vinicio Jarqu\u00edn BLOG","description":"","publisher":{"@id":"https:\/\/viniciojarquin.com\/blog\/#\/schema\/person\/90100c8845ae55462ec0657d3d2f8d3b"},"potentialAction":[{"@type":"SearchAction","target":{"@type":"EntryPoint","urlTemplate":"https:\/\/viniciojarquin.com\/blog\/?s={search_term_string}"},"query-input":{"@type":"PropertyValueSpecification","valueRequired":true,"valueName":"search_term_string"}}],"inLanguage":"es"},{"@type":["Person","Organization"],"@id":"https:\/\/viniciojarquin.com\/blog\/#\/schema\/person\/90100c8845ae55462ec0657d3d2f8d3b","name":"Vinicio Jarqu\u00edn","image":{"@type":"ImageObject","inLanguage":"es","@id":"https:\/\/viniciojarquin.com\/blog\/#\/schema\/person\/image\/","url":"https:\/\/viniciojarquin.com\/blog\/wp-content\/uploads\/2024\/10\/Logo-VinicioJarquin-original-400.png","contentUrl":"https:\/\/viniciojarquin.com\/blog\/wp-content\/uploads\/2024\/10\/Logo-VinicioJarquin-original-400.png","width":400,"height":130,"caption":"Vinicio Jarqu\u00edn"},"logo":{"@id":"https:\/\/viniciojarquin.com\/blog\/#\/schema\/person\/image\/"},"description":"Empresario textil, artista pl\u00e1stico, escritor, coach de vida y fot\u00f3grafo.","sameAs":["https:\/\/viniciojarquin.com\/blog","https:\/\/www.facebook.com\/vinicio.jarquin","https:\/\/www.instagram.com\/vinicio_jarquin\/","https:\/\/www.pinterest.com\/vinnyjc\/","https:\/\/www.youtube.com\/@VinicioJarquin"],"url":"https:\/\/viniciojarquin.com\/blog\/author\/admin_s02au25i\/"}]}},"blog_post_layout_featured_media_urls":{"thumbnail":"","full":""},"categories_names":{"17":{"name":"Elecciones 2026","link":"https:\/\/viniciojarquin.com\/blog\/category\/elecciones-2026\/"}},"tags_names":[],"comments_number":"0","_links":{"self":[{"href":"https:\/\/viniciojarquin.com\/blog\/wp-json\/wp\/v2\/posts\/1394","targetHints":{"allow":["GET"]}}],"collection":[{"href":"https:\/\/viniciojarquin.com\/blog\/wp-json\/wp\/v2\/posts"}],"about":[{"href":"https:\/\/viniciojarquin.com\/blog\/wp-json\/wp\/v2\/types\/post"}],"author":[{"embeddable":true,"href":"https:\/\/viniciojarquin.com\/blog\/wp-json\/wp\/v2\/users\/1"}],"replies":[{"embeddable":true,"href":"https:\/\/viniciojarquin.com\/blog\/wp-json\/wp\/v2\/comments?post=1394"}],"version-history":[{"count":1,"href":"https:\/\/viniciojarquin.com\/blog\/wp-json\/wp\/v2\/posts\/1394\/revisions"}],"predecessor-version":[{"id":1395,"href":"https:\/\/viniciojarquin.com\/blog\/wp-json\/wp\/v2\/posts\/1394\/revisions\/1395"}],"wp:attachment":[{"href":"https:\/\/viniciojarquin.com\/blog\/wp-json\/wp\/v2\/media?parent=1394"}],"wp:term":[{"taxonomy":"category","embeddable":true,"href":"https:\/\/viniciojarquin.com\/blog\/wp-json\/wp\/v2\/categories?post=1394"},{"taxonomy":"post_tag","embeddable":true,"href":"https:\/\/viniciojarquin.com\/blog\/wp-json\/wp\/v2\/tags?post=1394"}],"curies":[{"name":"wp","href":"https:\/\/api.w.org\/{rel}","templated":true}]}}