{"id":1396,"date":"2025-11-18T01:03:34","date_gmt":"2025-11-18T01:03:34","guid":{"rendered":"https:\/\/viniciojarquin.com\/blog\/?p=1396"},"modified":"2025-11-18T01:03:37","modified_gmt":"2025-11-18T01:03:37","slug":"falsedades-en-el-discurso-de-chaves-y-su-defensa-ante-la-asamblea","status":"publish","type":"post","link":"https:\/\/viniciojarquin.com\/blog\/falsedades-en-el-discurso-de-chaves-y-su-defensa-ante-la-asamblea\/","title":{"rendered":"Falsedades en el discurso de Chaves y su defensa ante la Asamblea"},"content":{"rendered":"\n<p><\/p>\n\n\n\n<p>Gracias a un comentario publicado por el abogado Gerardo Huertas Angulo, cuyos an\u00e1lisis jur\u00eddicos respeto profundamente, me permito desarrollar este art\u00edculo. Toda la informaci\u00f3n t\u00e9cnica aqu\u00ed expuesta proviene de su explicaci\u00f3n, y a \u00e9l pertenecen los cr\u00e9ditos. Yo \u00fanicamente la ordeno, la amplio y la presento con un lenguaje accesible para quienes desean comprender qu\u00e9 est\u00e1 ocurriendo realmente.<\/p>\n\n\n\n<p>Durante la comparecencia del presidente ante la Asamblea Legislativa, tanto \u00e9l como su abogado recurrieron a afirmaciones falsas, tergiversadas o abiertamente manipuladas. No lo digo yo: lo demuestra el an\u00e1lisis jur\u00eddico serio que cualquier persona puede verificar leyendo el C\u00f3digo Electoral, la Constituci\u00f3n Pol\u00edtica y las competencias del Tribunal Supremo de Elecciones. La estrategia fue clara: generar indignaci\u00f3n en sus seguidores mediante frases simples, emotivas y falsas, que suenen convincentes sin serlo. Pero la ley, a diferencia de la ret\u00f3rica populista, no se mueve por emociones; se mueve por normas, procedimientos y art\u00edculos que existen aunque \u00e9l pretenda negarlos.<\/p>\n\n\n\n<p>Uno de los puntos que el presidente repiti\u00f3 con fuerza fue que se le est\u00e1 persiguiendo por una conducta \u201cque no es delito\u201d. Y aqu\u00ed es donde la jugada se vuelve evidente: nadie ha dicho que sea delito. El procedimiento por el cual se discute el levantamiento de su inmunidad nace de denuncias por presunta beligerancia pol\u00edtica, que es una falta administrativa, no penal. Chaves enfatiza que \u201cno es delito\u201d porque quiere hacer creer a su p\u00fablico que le est\u00e1n inventando delitos, cuando lo cierto es que la naturaleza del caso nunca ha sido penal. Es un intento deliberado de confundir al ciudadano que no tiene por qu\u00e9 saber de procedimientos administrativos. No hay invento, no hay persecuci\u00f3n irregular, no hay delito. Solo hay un expediente administrativo que debe seguir su curso legal.<\/p>\n\n\n\n<p>Otro argumento ampliamente repetido fue que el Tribunal Supremo de Elecciones \u201cno tiene competencia\u201d para pedir a la Asamblea levantar la inmunidad en un caso administrativo. Falso. Bastaba leer el cap\u00edtulo VIII del C\u00f3digo Electoral, dedicado exclusivamente a las denuncias por parcialidad o beligerancia pol\u00edtica. Los art\u00edculos correspondientes le otorgan al TSE la facultad \u2014expresa, clara y directa\u2014 de solicitar el levantamiento del fuero cuando se trata de estas conductas administrativas. No es interpretaci\u00f3n creativa, no es invento, no es persecuci\u00f3n. Est\u00e1 en la ley. Y la ley no se borra porque no convenga.<\/p>\n\n\n\n<p>Tambi\u00e9n se afirm\u00f3, con tono dram\u00e1tico, que la palabra \u201cbeligerancia\u201d no est\u00e1 en la Constituci\u00f3n, y que por lo tanto no puede juzgarse. Otra falsedad. La Constituci\u00f3n no enumera todas las faltas ni todas las sanciones en detalle. Para eso existen las leyes. De hecho, la propia Constituci\u00f3n remite a la ley electoral para regular la imparcialidad de las autoridades en tiempos electorales. El C\u00f3digo Electoral contiene varios art\u00edculos que mencionan, definen y regulan la beligerancia. Negar la existencia de la figura es como decir que no existe el delito de estafa porque la Constituci\u00f3n no lo menciona. Es absurdo, es irresponsable y es manipulaci\u00f3n de la m\u00e1s burda.<\/p>\n\n\n\n<p>Adem\u00e1s, el presidente afirm\u00f3 que las denuncias por beligerancia solo pueden ser presentadas por partidos pol\u00edticos. Nuevamente, falso. El art\u00edculo 266 del C\u00f3digo Electoral es expl\u00edcito: cualquier persona f\u00edsica puede denunciar. Cualquiera. Usted, yo, cualquier ciudadano que observe una conducta prohibida. Pretender lo contrario es negar palabra por palabra la ley escrita.<\/p>\n\n\n\n<p>Incluso se trat\u00f3 de instalar la idea de que se viol\u00f3 su derecho de defensa al limitar a diez minutos la intervenci\u00f3n de su abogado. Aqu\u00ed el enga\u00f1o es a\u00fan m\u00e1s evidente. La comparecencia en la Asamblea no es el juicio, ni la audiencia de fondo, ni el procedimiento administrativo donde la defensa t\u00e9cnica ejerce plenamente. Es \u00fanicamente una etapa previa, legislativa, donde la ley no contempla que el abogado litigue. Que se le concedieran diez minutos fue una cortes\u00eda, no una obligaci\u00f3n. Su momento para alegar, debatir y defenderse llegar\u00e1 \u2014como corresponde\u2014 cuando el proceso administrativo se realice ante el Tribunal Supremo de Elecciones. Decir que se le \u201ccercen\u00f3 la defensa\u201d es simplemente falso.<\/p>\n\n\n\n<p>Para rematar, se habl\u00f3 de denunciar magistrados o funcionarios del TSE por prevaricato. Una amenaza vac\u00eda, teatral, destinada \u00fanicamente a inflamar a sus seguidores. Porque si algo es evidente, es que el TSE actu\u00f3 exactamente como la ley le exige actuar. Si no lo hubiera hecho, ah\u00ed s\u00ed habr\u00eda incurrido en un delito. Esta amenaza se parece m\u00e1s a un intento de intimidaci\u00f3n que a un planteamiento jur\u00eddico serio.<\/p>\n\n\n\n<p>Lo que queda claro, al final, es que el discurso del presidente y de su defensor no estuvo dise\u00f1ado para informar, sino para manipular emociones. No se dirig\u00eda a los expertos en derecho, se dirig\u00eda a quienes lo apoyan sin cuestionar. Quienes escuchan un discurso agresivo y creen cada frase sin verificar. Quienes confunden seguridad con prepotencia, liderazgo con gritos, y verdades jur\u00eddicas con berrinches pol\u00edticos. Pero la ley no se tuerce para complacer a las multitudes; la ley se respeta, aun cuando incomode.<\/p>\n\n\n\n<p>Agradezco profundamente al abogado Gerardo Huertas Angulo por su claridad, su rigor t\u00e9cnico y su generosidad al compartir esta explicaci\u00f3n. Hoy m\u00e1s que nunca, la transparencia jur\u00eddica es una herramienta esencial para que Costa Rica no pierda el rumbo.<\/p>\n\n\n\n<p>Porque los discursos pueden manipular.<\/p>\n\n\n\n<p>Pero la ley no.<\/p>\n\n\n\n<p>Y en este pa\u00eds \u2014todav\u00eda\u2014 la ley sigue siendo m\u00e1s fuerte que el populismo.<\/p>\n","protected":false},"excerpt":{"rendered":"<p>Gracias a un comentario publicado por el abogado Gerardo Huertas Angulo, cuyos an\u00e1lisis jur\u00eddicos respeto profundamente, me permito desarrollar este [&hellip;]<\/p>\n","protected":false},"author":1,"featured_media":0,"comment_status":"open","ping_status":"open","sticky":false,"template":"","format":"standard","meta":{"site-sidebar-layout":"default","site-content-layout":"","ast-site-content-layout":"","site-content-style":"default","site-sidebar-style":"default","ast-global-header-display":"","ast-banner-title-visibility":"","ast-main-header-display":"","ast-hfb-above-header-display":"","ast-hfb-below-header-display":"","ast-hfb-mobile-header-display":"","site-post-title":"","ast-breadcrumbs-content":"","ast-featured-img":"","footer-sml-layout":"","theme-transparent-header-meta":"","adv-header-id-meta":"","stick-header-meta":"","header-above-stick-meta":"","header-main-stick-meta":"","header-below-stick-meta":"","astra-migrate-meta-layouts":"default","ast-page-background-enabled":"default","ast-page-background-meta":{"desktop":{"background-color":"var(--ast-global-color-5)","background-image":"","background-repeat":"repeat","background-position":"center center","background-size":"auto","background-attachment":"scroll","background-type":"","background-media":"","overlay-type":"","overlay-color":"","overlay-opacity":"","overlay-gradient":""},"tablet":{"background-color":"","background-image":"","background-repeat":"repeat","background-position":"center center","background-size":"auto","background-attachment":"scroll","background-type":"","background-media":"","overlay-type":"","overlay-color":"","overlay-opacity":"","overlay-gradient":""},"mobile":{"background-color":"","background-image":"","background-repeat":"repeat","background-position":"center center","background-size":"auto","background-attachment":"scroll","background-type":"","background-media":"","overlay-type":"","overlay-color":"","overlay-opacity":"","overlay-gradient":""}},"ast-content-background-meta":{"desktop":{"background-color":"var(--ast-global-color-4)","background-image":"","background-repeat":"repeat","background-position":"center center","background-size":"auto","background-attachment":"scroll","background-type":"","background-media":"","overlay-type":"","overlay-color":"","overlay-opacity":"","overlay-gradient":""},"tablet":{"background-color":"var(--ast-global-color-4)","background-image":"","background-repeat":"repeat","background-position":"center center","background-size":"auto","background-attachment":"scroll","background-type":"","background-media":"","overlay-type":"","overlay-color":"","overlay-opacity":"","overlay-gradient":""},"mobile":{"background-color":"var(--ast-global-color-4)","background-image":"","background-repeat":"repeat","background-position":"center center","background-size":"auto","background-attachment":"scroll","background-type":"","background-media":"","overlay-type":"","overlay-color":"","overlay-opacity":"","overlay-gradient":""}},"footnotes":""},"categories":[17],"tags":[],"class_list":["post-1396","post","type-post","status-publish","format-standard","hentry","category-elecciones-2026"],"yoast_head":"<!-- This site is optimized with the Yoast SEO plugin v26.0 - https:\/\/yoast.com\/wordpress\/plugins\/seo\/ -->\n<title>Falsedades en el discurso de Chaves y su defensa ante la Asamblea - MI BLOG<\/title>\n<meta name=\"robots\" content=\"index, follow, max-snippet:-1, max-image-preview:large, max-video-preview:-1\" \/>\n<link rel=\"canonical\" href=\"https:\/\/viniciojarquin.com\/blog\/falsedades-en-el-discurso-de-chaves-y-su-defensa-ante-la-asamblea\/\" \/>\n<meta property=\"og:locale\" content=\"es_ES\" \/>\n<meta property=\"og:type\" content=\"article\" \/>\n<meta property=\"og:title\" content=\"Falsedades en el discurso de Chaves y su defensa ante la Asamblea - MI BLOG\" \/>\n<meta property=\"og:description\" content=\"Gracias a un comentario publicado por el abogado Gerardo Huertas Angulo, cuyos an\u00e1lisis jur\u00eddicos respeto profundamente, me permito desarrollar este [&hellip;]\" \/>\n<meta property=\"og:url\" content=\"https:\/\/viniciojarquin.com\/blog\/falsedades-en-el-discurso-de-chaves-y-su-defensa-ante-la-asamblea\/\" \/>\n<meta property=\"og:site_name\" content=\"MI BLOG\" \/>\n<meta property=\"article:publisher\" content=\"https:\/\/www.facebook.com\/vinicio.jarquin\" \/>\n<meta property=\"article:author\" content=\"https:\/\/www.facebook.com\/vinicio.jarquin\" \/>\n<meta property=\"article:published_time\" content=\"2025-11-18T01:03:34+00:00\" \/>\n<meta property=\"article:modified_time\" content=\"2025-11-18T01:03:37+00:00\" \/>\n<meta name=\"author\" content=\"Vinicio Jarqu\u00edn\" \/>\n<meta name=\"twitter:card\" content=\"summary_large_image\" \/>\n<meta name=\"twitter:label1\" content=\"Escrito por\" \/>\n\t<meta name=\"twitter:data1\" content=\"Vinicio Jarqu\u00edn\" \/>\n\t<meta name=\"twitter:label2\" content=\"Tiempo de lectura\" \/>\n\t<meta name=\"twitter:data2\" content=\"5 minutos\" \/>\n<script type=\"application\/ld+json\" class=\"yoast-schema-graph\">{\"@context\":\"https:\/\/schema.org\",\"@graph\":[{\"@type\":\"Article\",\"@id\":\"https:\/\/viniciojarquin.com\/blog\/falsedades-en-el-discurso-de-chaves-y-su-defensa-ante-la-asamblea\/#article\",\"isPartOf\":{\"@id\":\"https:\/\/viniciojarquin.com\/blog\/falsedades-en-el-discurso-de-chaves-y-su-defensa-ante-la-asamblea\/\"},\"author\":{\"name\":\"Vinicio Jarqu\u00edn\",\"@id\":\"https:\/\/viniciojarquin.com\/blog\/#\/schema\/person\/90100c8845ae55462ec0657d3d2f8d3b\"},\"headline\":\"Falsedades en el discurso de Chaves y su defensa ante la Asamblea\",\"datePublished\":\"2025-11-18T01:03:34+00:00\",\"dateModified\":\"2025-11-18T01:03:37+00:00\",\"mainEntityOfPage\":{\"@id\":\"https:\/\/viniciojarquin.com\/blog\/falsedades-en-el-discurso-de-chaves-y-su-defensa-ante-la-asamblea\/\"},\"wordCount\":951,\"commentCount\":0,\"publisher\":{\"@id\":\"https:\/\/viniciojarquin.com\/blog\/#\/schema\/person\/90100c8845ae55462ec0657d3d2f8d3b\"},\"articleSection\":[\"Elecciones 2026\"],\"inLanguage\":\"es\",\"potentialAction\":[{\"@type\":\"CommentAction\",\"name\":\"Comment\",\"target\":[\"https:\/\/viniciojarquin.com\/blog\/falsedades-en-el-discurso-de-chaves-y-su-defensa-ante-la-asamblea\/#respond\"]}]},{\"@type\":\"WebPage\",\"@id\":\"https:\/\/viniciojarquin.com\/blog\/falsedades-en-el-discurso-de-chaves-y-su-defensa-ante-la-asamblea\/\",\"url\":\"https:\/\/viniciojarquin.com\/blog\/falsedades-en-el-discurso-de-chaves-y-su-defensa-ante-la-asamblea\/\",\"name\":\"Falsedades en el discurso de Chaves y su defensa ante la Asamblea - MI BLOG\",\"isPartOf\":{\"@id\":\"https:\/\/viniciojarquin.com\/blog\/#website\"},\"datePublished\":\"2025-11-18T01:03:34+00:00\",\"dateModified\":\"2025-11-18T01:03:37+00:00\",\"breadcrumb\":{\"@id\":\"https:\/\/viniciojarquin.com\/blog\/falsedades-en-el-discurso-de-chaves-y-su-defensa-ante-la-asamblea\/#breadcrumb\"},\"inLanguage\":\"es\",\"potentialAction\":[{\"@type\":\"ReadAction\",\"target\":[\"https:\/\/viniciojarquin.com\/blog\/falsedades-en-el-discurso-de-chaves-y-su-defensa-ante-la-asamblea\/\"]}]},{\"@type\":\"BreadcrumbList\",\"@id\":\"https:\/\/viniciojarquin.com\/blog\/falsedades-en-el-discurso-de-chaves-y-su-defensa-ante-la-asamblea\/#breadcrumb\",\"itemListElement\":[{\"@type\":\"ListItem\",\"position\":1,\"name\":\"Portada\",\"item\":\"https:\/\/viniciojarquin.com\/blog\/\"},{\"@type\":\"ListItem\",\"position\":2,\"name\":\"Falsedades en el discurso de Chaves y su defensa ante la Asamblea\"}]},{\"@type\":\"WebSite\",\"@id\":\"https:\/\/viniciojarquin.com\/blog\/#website\",\"url\":\"https:\/\/viniciojarquin.com\/blog\/\",\"name\":\"Vinicio Jarqu\u00edn BLOG\",\"description\":\"\",\"publisher\":{\"@id\":\"https:\/\/viniciojarquin.com\/blog\/#\/schema\/person\/90100c8845ae55462ec0657d3d2f8d3b\"},\"potentialAction\":[{\"@type\":\"SearchAction\",\"target\":{\"@type\":\"EntryPoint\",\"urlTemplate\":\"https:\/\/viniciojarquin.com\/blog\/?s={search_term_string}\"},\"query-input\":{\"@type\":\"PropertyValueSpecification\",\"valueRequired\":true,\"valueName\":\"search_term_string\"}}],\"inLanguage\":\"es\"},{\"@type\":[\"Person\",\"Organization\"],\"@id\":\"https:\/\/viniciojarquin.com\/blog\/#\/schema\/person\/90100c8845ae55462ec0657d3d2f8d3b\",\"name\":\"Vinicio Jarqu\u00edn\",\"image\":{\"@type\":\"ImageObject\",\"inLanguage\":\"es\",\"@id\":\"https:\/\/viniciojarquin.com\/blog\/#\/schema\/person\/image\/\",\"url\":\"https:\/\/viniciojarquin.com\/blog\/wp-content\/uploads\/2024\/10\/Logo-VinicioJarquin-original-400.png\",\"contentUrl\":\"https:\/\/viniciojarquin.com\/blog\/wp-content\/uploads\/2024\/10\/Logo-VinicioJarquin-original-400.png\",\"width\":400,\"height\":130,\"caption\":\"Vinicio Jarqu\u00edn\"},\"logo\":{\"@id\":\"https:\/\/viniciojarquin.com\/blog\/#\/schema\/person\/image\/\"},\"description\":\"Empresario textil, artista pl\u00e1stico, escritor, coach de vida y fot\u00f3grafo.\",\"sameAs\":[\"https:\/\/viniciojarquin.com\/blog\",\"https:\/\/www.facebook.com\/vinicio.jarquin\",\"https:\/\/www.instagram.com\/vinicio_jarquin\/\",\"https:\/\/www.pinterest.com\/vinnyjc\/\",\"https:\/\/www.youtube.com\/@VinicioJarquin\"],\"url\":\"https:\/\/viniciojarquin.com\/blog\/author\/admin_s02au25i\/\"}]}<\/script>\n<!-- \/ Yoast SEO plugin. -->","yoast_head_json":{"title":"Falsedades en el discurso de Chaves y su defensa ante la Asamblea - MI BLOG","robots":{"index":"index","follow":"follow","max-snippet":"max-snippet:-1","max-image-preview":"max-image-preview:large","max-video-preview":"max-video-preview:-1"},"canonical":"https:\/\/viniciojarquin.com\/blog\/falsedades-en-el-discurso-de-chaves-y-su-defensa-ante-la-asamblea\/","og_locale":"es_ES","og_type":"article","og_title":"Falsedades en el discurso de Chaves y su defensa ante la Asamblea - MI BLOG","og_description":"Gracias a un comentario publicado por el abogado Gerardo Huertas Angulo, cuyos an\u00e1lisis jur\u00eddicos respeto profundamente, me permito desarrollar este [&hellip;]","og_url":"https:\/\/viniciojarquin.com\/blog\/falsedades-en-el-discurso-de-chaves-y-su-defensa-ante-la-asamblea\/","og_site_name":"MI BLOG","article_publisher":"https:\/\/www.facebook.com\/vinicio.jarquin","article_author":"https:\/\/www.facebook.com\/vinicio.jarquin","article_published_time":"2025-11-18T01:03:34+00:00","article_modified_time":"2025-11-18T01:03:37+00:00","author":"Vinicio Jarqu\u00edn","twitter_card":"summary_large_image","twitter_misc":{"Escrito por":"Vinicio Jarqu\u00edn","Tiempo de lectura":"5 minutos"},"schema":{"@context":"https:\/\/schema.org","@graph":[{"@type":"Article","@id":"https:\/\/viniciojarquin.com\/blog\/falsedades-en-el-discurso-de-chaves-y-su-defensa-ante-la-asamblea\/#article","isPartOf":{"@id":"https:\/\/viniciojarquin.com\/blog\/falsedades-en-el-discurso-de-chaves-y-su-defensa-ante-la-asamblea\/"},"author":{"name":"Vinicio Jarqu\u00edn","@id":"https:\/\/viniciojarquin.com\/blog\/#\/schema\/person\/90100c8845ae55462ec0657d3d2f8d3b"},"headline":"Falsedades en el discurso de Chaves y su defensa ante la Asamblea","datePublished":"2025-11-18T01:03:34+00:00","dateModified":"2025-11-18T01:03:37+00:00","mainEntityOfPage":{"@id":"https:\/\/viniciojarquin.com\/blog\/falsedades-en-el-discurso-de-chaves-y-su-defensa-ante-la-asamblea\/"},"wordCount":951,"commentCount":0,"publisher":{"@id":"https:\/\/viniciojarquin.com\/blog\/#\/schema\/person\/90100c8845ae55462ec0657d3d2f8d3b"},"articleSection":["Elecciones 2026"],"inLanguage":"es","potentialAction":[{"@type":"CommentAction","name":"Comment","target":["https:\/\/viniciojarquin.com\/blog\/falsedades-en-el-discurso-de-chaves-y-su-defensa-ante-la-asamblea\/#respond"]}]},{"@type":"WebPage","@id":"https:\/\/viniciojarquin.com\/blog\/falsedades-en-el-discurso-de-chaves-y-su-defensa-ante-la-asamblea\/","url":"https:\/\/viniciojarquin.com\/blog\/falsedades-en-el-discurso-de-chaves-y-su-defensa-ante-la-asamblea\/","name":"Falsedades en el discurso de Chaves y su defensa ante la Asamblea - MI BLOG","isPartOf":{"@id":"https:\/\/viniciojarquin.com\/blog\/#website"},"datePublished":"2025-11-18T01:03:34+00:00","dateModified":"2025-11-18T01:03:37+00:00","breadcrumb":{"@id":"https:\/\/viniciojarquin.com\/blog\/falsedades-en-el-discurso-de-chaves-y-su-defensa-ante-la-asamblea\/#breadcrumb"},"inLanguage":"es","potentialAction":[{"@type":"ReadAction","target":["https:\/\/viniciojarquin.com\/blog\/falsedades-en-el-discurso-de-chaves-y-su-defensa-ante-la-asamblea\/"]}]},{"@type":"BreadcrumbList","@id":"https:\/\/viniciojarquin.com\/blog\/falsedades-en-el-discurso-de-chaves-y-su-defensa-ante-la-asamblea\/#breadcrumb","itemListElement":[{"@type":"ListItem","position":1,"name":"Portada","item":"https:\/\/viniciojarquin.com\/blog\/"},{"@type":"ListItem","position":2,"name":"Falsedades en el discurso de Chaves y su defensa ante la Asamblea"}]},{"@type":"WebSite","@id":"https:\/\/viniciojarquin.com\/blog\/#website","url":"https:\/\/viniciojarquin.com\/blog\/","name":"Vinicio Jarqu\u00edn BLOG","description":"","publisher":{"@id":"https:\/\/viniciojarquin.com\/blog\/#\/schema\/person\/90100c8845ae55462ec0657d3d2f8d3b"},"potentialAction":[{"@type":"SearchAction","target":{"@type":"EntryPoint","urlTemplate":"https:\/\/viniciojarquin.com\/blog\/?s={search_term_string}"},"query-input":{"@type":"PropertyValueSpecification","valueRequired":true,"valueName":"search_term_string"}}],"inLanguage":"es"},{"@type":["Person","Organization"],"@id":"https:\/\/viniciojarquin.com\/blog\/#\/schema\/person\/90100c8845ae55462ec0657d3d2f8d3b","name":"Vinicio Jarqu\u00edn","image":{"@type":"ImageObject","inLanguage":"es","@id":"https:\/\/viniciojarquin.com\/blog\/#\/schema\/person\/image\/","url":"https:\/\/viniciojarquin.com\/blog\/wp-content\/uploads\/2024\/10\/Logo-VinicioJarquin-original-400.png","contentUrl":"https:\/\/viniciojarquin.com\/blog\/wp-content\/uploads\/2024\/10\/Logo-VinicioJarquin-original-400.png","width":400,"height":130,"caption":"Vinicio Jarqu\u00edn"},"logo":{"@id":"https:\/\/viniciojarquin.com\/blog\/#\/schema\/person\/image\/"},"description":"Empresario textil, artista pl\u00e1stico, escritor, coach de vida y fot\u00f3grafo.","sameAs":["https:\/\/viniciojarquin.com\/blog","https:\/\/www.facebook.com\/vinicio.jarquin","https:\/\/www.instagram.com\/vinicio_jarquin\/","https:\/\/www.pinterest.com\/vinnyjc\/","https:\/\/www.youtube.com\/@VinicioJarquin"],"url":"https:\/\/viniciojarquin.com\/blog\/author\/admin_s02au25i\/"}]}},"blog_post_layout_featured_media_urls":{"thumbnail":"","full":""},"categories_names":{"17":{"name":"Elecciones 2026","link":"https:\/\/viniciojarquin.com\/blog\/category\/elecciones-2026\/"}},"tags_names":[],"comments_number":"0","_links":{"self":[{"href":"https:\/\/viniciojarquin.com\/blog\/wp-json\/wp\/v2\/posts\/1396","targetHints":{"allow":["GET"]}}],"collection":[{"href":"https:\/\/viniciojarquin.com\/blog\/wp-json\/wp\/v2\/posts"}],"about":[{"href":"https:\/\/viniciojarquin.com\/blog\/wp-json\/wp\/v2\/types\/post"}],"author":[{"embeddable":true,"href":"https:\/\/viniciojarquin.com\/blog\/wp-json\/wp\/v2\/users\/1"}],"replies":[{"embeddable":true,"href":"https:\/\/viniciojarquin.com\/blog\/wp-json\/wp\/v2\/comments?post=1396"}],"version-history":[{"count":1,"href":"https:\/\/viniciojarquin.com\/blog\/wp-json\/wp\/v2\/posts\/1396\/revisions"}],"predecessor-version":[{"id":1397,"href":"https:\/\/viniciojarquin.com\/blog\/wp-json\/wp\/v2\/posts\/1396\/revisions\/1397"}],"wp:attachment":[{"href":"https:\/\/viniciojarquin.com\/blog\/wp-json\/wp\/v2\/media?parent=1396"}],"wp:term":[{"taxonomy":"category","embeddable":true,"href":"https:\/\/viniciojarquin.com\/blog\/wp-json\/wp\/v2\/categories?post=1396"},{"taxonomy":"post_tag","embeddable":true,"href":"https:\/\/viniciojarquin.com\/blog\/wp-json\/wp\/v2\/tags?post=1396"}],"curies":[{"name":"wp","href":"https:\/\/api.w.org\/{rel}","templated":true}]}}