{"id":1398,"date":"2025-11-18T01:11:32","date_gmt":"2025-11-18T01:11:32","guid":{"rendered":"https:\/\/viniciojarquin.com\/blog\/?p=1398"},"modified":"2025-11-24T02:06:56","modified_gmt":"2025-11-24T02:06:56","slug":"cuando-el-tamano-de-un-articulo-revela-algo-mas-profundo-2","status":"publish","type":"post","link":"https:\/\/viniciojarquin.com\/blog\/cuando-el-tamano-de-un-articulo-revela-algo-mas-profundo-2\/","title":{"rendered":"Cuando el tama\u00f1o de un art\u00edculo revela algo m\u00e1s profundo"},"content":{"rendered":"\n<p>He notado algo con mucha claridad en estas semanas, y quiero cont\u00e1rtelo sin rodeos, pero tambi\u00e9n sin faltar al respeto. Muchas de las personas que siguen con fervor al presidente de la Rep\u00fablica parecen ser \u2014en una proporci\u00f3n considerable\u2014 personas sencillas. No digo \u201cb\u00e1sicas\u201d, porque esa palabra es ofensiva y no corresponde; digo sencillas porque la vida no siempre les ofreci\u00f3 las mismas oportunidades de formaci\u00f3n o educaci\u00f3n. Y eso no est\u00e1 bien ni mal. Simplemente es. Lo que s\u00ed importa es que el presidente adopta un tono que parece dise\u00f1ado para comunicarse directamente con ese grupo: frases cortas, golpes emocionales, consignas inmediatas, apelaciones simples. Y funciona.<\/p>\n\n\n\n<p>Hace unos d\u00edas estuve en una conmemoraci\u00f3n por la democracia y alguien me present\u00f3 as\u00ed: \u201c\u00c9l es el se\u00f1or que escribe art\u00edculos grandes.\u201d Lo repiti\u00f3 varias veces. Le pregunt\u00e9 por qu\u00e9 me introduc\u00eda de esa manera, y me explic\u00f3 que mis art\u00edculos son demasiado largos, que la mayor\u00eda de la gente no lee textos extensos\u2026 pero que, en mi caso, aun siendo largos, la gente los lee hasta el final. Que eso \u2014seg\u00fan \u00e9l\u2014 era una cualidad m\u00eda. Me qued\u00e9 pensando en esa observaci\u00f3n, sin saber d\u00f3nde colocarla en la conversaci\u00f3n p\u00fablica que estamos viviendo.<\/p>\n\n\n\n<p>Y entonces ca\u00ed en cuenta: mi inmunidad a los troles proviene justamente de eso. Del tama\u00f1o de mis art\u00edculos. Ese tipo de personas no lee textos largos. Ni los analizadores superficiales, ni los defensores impulsivos, ni quienes repiten consignas sin cuestionarlas. Ellos leen solo frases breves o ven videos r\u00e1pidos. Por eso casi nunca comentan en mis art\u00edculos grandes. Pero en cuanto empec\u00e9 a poner videos de un minuto, aparecieron como si alguien hubiera dejado un confite en la mesa y las hormigas hubieran sentido el olor en segundos.<\/p>\n\n\n\n<p>No quiero que esto se entienda como una generalizaci\u00f3n. He tenido discusiones extensas, profundas y respetuosas con personas del continuismo. Hay gente educada, sensible, argumentativa en ese sector. Como en todas partes. Pero tambi\u00e9n es cierto que la presencia de troles, insultos y comentarios cargados de faltas de ortograf\u00eda es m\u00e1s notoria en el continuismo. Y digo notoria porque es visible, no porque sea absoluta.<\/p>\n\n\n\n<p>Es muy f\u00e1cil comprobarlo: los insultos aparecen en mis publicaciones cortas y en mis videos. No aparecen en mis art\u00edculos grandes. No los leen. No llegan ah\u00ed. No quieren an\u00e1lisis. Quieren est\u00edmulo r\u00e1pido. Y cuando algo va en contra de lo que creen, responden desde la emoci\u00f3n, no desde la raz\u00f3n.<\/p>\n\n\n\n<p>Adicionalmente, y dejando de lado las faltas de ortograf\u00eda y el uso excesivo de las letras may\u00fasculas en las largas frases, muchas veces cuesta entender si est\u00e1n \u201ca favor o en contra, o todo lo contrario\u201d.<\/p>\n\n\n\n<p>Y eso es lo que m\u00e1s me preocupa. Porque revela algo importante de esta campa\u00f1a: mientras los dem\u00e1s candidatos presentan planes, n\u00fameros, l\u00edneas de gobierno y programas concretos, el continuismo est\u00e1 haciendo una campa\u00f1a emocional. Apuntada directamente a las fibras sensibles, no a las ideas. No por Laura \u2014porque ella no tiene la m\u00ednima capacidad para eso\u2014 sino porque representa la continuidad de alguien que s\u00ed sabe manejar las emociones colectivas.<\/p>\n\n\n\n<p>No subestimes ese detalle. Porque cuando un pa\u00eds deja de analizar y empieza solo a sentir, el populismo gana terreno. Y cuando las emociones sustituyen al pensamiento cr\u00edtico, el peligro crece silenciosamente.<\/p>\n\n\n\n<p>No escribo esto para condenar a nadie. Lo escribo porque lo veo, lo leo, lo siento y lo vivo. Y porque quiero que \u2014al menos desde este peque\u00f1o rinc\u00f3n de reflexi\u00f3n\u2014 las cosas se nombren como son, sin miedo, pero con respeto. La educaci\u00f3n es un derecho; la manipulaci\u00f3n emocional, no.<\/p>\n\n\n\n<figure class=\"wp-block-image size-full\"><img decoding=\"async\" width=\"1024\" height=\"1024\" data-src=\"https:\/\/viniciojarquin.com\/blog\/wp-content\/uploads\/2025\/11\/cuando-el-tamano-red.jpg\" alt=\"\" class=\"wp-image-1546 lazyload\" data-srcset=\"https:\/\/viniciojarquin.com\/blog\/wp-content\/uploads\/2025\/11\/cuando-el-tamano-red.jpg 1024w, https:\/\/viniciojarquin.com\/blog\/wp-content\/uploads\/2025\/11\/cuando-el-tamano-red-300x300.jpg 300w, https:\/\/viniciojarquin.com\/blog\/wp-content\/uploads\/2025\/11\/cuando-el-tamano-red-150x150.jpg 150w, https:\/\/viniciojarquin.com\/blog\/wp-content\/uploads\/2025\/11\/cuando-el-tamano-red-768x768.jpg 768w\" data-sizes=\"(max-width: 1024px) 100vw, 1024px\" src=\"data:image\/svg+xml;base64,PHN2ZyB3aWR0aD0iMSIgaGVpZ2h0PSIxIiB4bWxucz0iaHR0cDovL3d3dy53My5vcmcvMjAwMC9zdmciPjwvc3ZnPg==\" style=\"--smush-placeholder-width: 1024px; --smush-placeholder-aspect-ratio: 1024\/1024;\" \/><\/figure>\n","protected":false},"excerpt":{"rendered":"<p>He notado algo con mucha claridad en estas semanas, y quiero cont\u00e1rtelo sin rodeos, pero tambi\u00e9n sin faltar al respeto. [&hellip;]<\/p>\n","protected":false},"author":1,"featured_media":1546,"comment_status":"open","ping_status":"open","sticky":false,"template":"","format":"standard","meta":{"site-sidebar-layout":"default","site-content-layout":"","ast-site-content-layout":"","site-content-style":"default","site-sidebar-style":"default","ast-global-header-display":"","ast-banner-title-visibility":"","ast-main-header-display":"","ast-hfb-above-header-display":"","ast-hfb-below-header-display":"","ast-hfb-mobile-header-display":"","site-post-title":"","ast-breadcrumbs-content":"","ast-featured-img":"","footer-sml-layout":"","theme-transparent-header-meta":"","adv-header-id-meta":"","stick-header-meta":"","header-above-stick-meta":"","header-main-stick-meta":"","header-below-stick-meta":"","astra-migrate-meta-layouts":"default","ast-page-background-enabled":"default","ast-page-background-meta":{"desktop":{"background-color":"var(--ast-global-color-5)","background-image":"","background-repeat":"repeat","background-position":"center center","background-size":"auto","background-attachment":"scroll","background-type":"","background-media":"","overlay-type":"","overlay-color":"","overlay-opacity":"","overlay-gradient":""},"tablet":{"background-color":"","background-image":"","background-repeat":"repeat","background-position":"center center","background-size":"auto","background-attachment":"scroll","background-type":"","background-media":"","overlay-type":"","overlay-color":"","overlay-opacity":"","overlay-gradient":""},"mobile":{"background-color":"","background-image":"","background-repeat":"repeat","background-position":"center center","background-size":"auto","background-attachment":"scroll","background-type":"","background-media":"","overlay-type":"","overlay-color":"","overlay-opacity":"","overlay-gradient":""}},"ast-content-background-meta":{"desktop":{"background-color":"var(--ast-global-color-4)","background-image":"","background-repeat":"repeat","background-position":"center center","background-size":"auto","background-attachment":"scroll","background-type":"","background-media":"","overlay-type":"","overlay-color":"","overlay-opacity":"","overlay-gradient":""},"tablet":{"background-color":"var(--ast-global-color-4)","background-image":"","background-repeat":"repeat","background-position":"center center","background-size":"auto","background-attachment":"scroll","background-type":"","background-media":"","overlay-type":"","overlay-color":"","overlay-opacity":"","overlay-gradient":""},"mobile":{"background-color":"var(--ast-global-color-4)","background-image":"","background-repeat":"repeat","background-position":"center center","background-size":"auto","background-attachment":"scroll","background-type":"","background-media":"","overlay-type":"","overlay-color":"","overlay-opacity":"","overlay-gradient":""}},"footnotes":""},"categories":[17],"tags":[],"class_list":["post-1398","post","type-post","status-publish","format-standard","has-post-thumbnail","hentry","category-elecciones-2026"],"yoast_head":"<!-- This site is optimized with the Yoast SEO plugin v26.0 - https:\/\/yoast.com\/wordpress\/plugins\/seo\/ -->\n<title>Cuando el tama\u00f1o de un art\u00edculo revela algo m\u00e1s profundo - MI BLOG<\/title>\n<meta name=\"robots\" content=\"index, follow, max-snippet:-1, max-image-preview:large, max-video-preview:-1\" \/>\n<link rel=\"canonical\" href=\"https:\/\/viniciojarquin.com\/blog\/cuando-el-tamano-de-un-articulo-revela-algo-mas-profundo-2\/\" \/>\n<meta property=\"og:locale\" content=\"es_ES\" \/>\n<meta property=\"og:type\" content=\"article\" \/>\n<meta property=\"og:title\" content=\"Cuando el tama\u00f1o de un art\u00edculo revela algo m\u00e1s profundo - MI BLOG\" \/>\n<meta property=\"og:description\" content=\"He notado algo con mucha claridad en estas semanas, y quiero cont\u00e1rtelo sin rodeos, pero tambi\u00e9n sin faltar al respeto. [&hellip;]\" \/>\n<meta property=\"og:url\" content=\"https:\/\/viniciojarquin.com\/blog\/cuando-el-tamano-de-un-articulo-revela-algo-mas-profundo-2\/\" \/>\n<meta property=\"og:site_name\" content=\"MI BLOG\" \/>\n<meta property=\"article:publisher\" content=\"https:\/\/www.facebook.com\/vinicio.jarquin\" \/>\n<meta property=\"article:author\" content=\"https:\/\/www.facebook.com\/vinicio.jarquin\" \/>\n<meta property=\"article:published_time\" content=\"2025-11-18T01:11:32+00:00\" \/>\n<meta property=\"article:modified_time\" content=\"2025-11-24T02:06:56+00:00\" \/>\n<meta property=\"og:image\" content=\"https:\/\/viniciojarquin.com\/blog\/wp-content\/uploads\/2025\/11\/cuando-el-tamano-red.jpg\" \/>\n\t<meta property=\"og:image:width\" content=\"1024\" \/>\n\t<meta property=\"og:image:height\" content=\"1024\" \/>\n\t<meta property=\"og:image:type\" content=\"image\/jpeg\" \/>\n<meta name=\"author\" content=\"Vinicio Jarqu\u00edn\" \/>\n<meta name=\"twitter:card\" content=\"summary_large_image\" \/>\n<meta name=\"twitter:label1\" content=\"Escrito por\" \/>\n\t<meta name=\"twitter:data1\" content=\"Vinicio Jarqu\u00edn\" \/>\n\t<meta name=\"twitter:label2\" content=\"Tiempo de lectura\" \/>\n\t<meta name=\"twitter:data2\" content=\"3 minutos\" \/>\n<script type=\"application\/ld+json\" class=\"yoast-schema-graph\">{\"@context\":\"https:\/\/schema.org\",\"@graph\":[{\"@type\":\"Article\",\"@id\":\"https:\/\/viniciojarquin.com\/blog\/cuando-el-tamano-de-un-articulo-revela-algo-mas-profundo-2\/#article\",\"isPartOf\":{\"@id\":\"https:\/\/viniciojarquin.com\/blog\/cuando-el-tamano-de-un-articulo-revela-algo-mas-profundo-2\/\"},\"author\":{\"name\":\"Vinicio Jarqu\u00edn\",\"@id\":\"https:\/\/viniciojarquin.com\/blog\/#\/schema\/person\/90100c8845ae55462ec0657d3d2f8d3b\"},\"headline\":\"Cuando el tama\u00f1o de un art\u00edculo revela algo m\u00e1s profundo\",\"datePublished\":\"2025-11-18T01:11:32+00:00\",\"dateModified\":\"2025-11-24T02:06:56+00:00\",\"mainEntityOfPage\":{\"@id\":\"https:\/\/viniciojarquin.com\/blog\/cuando-el-tamano-de-un-articulo-revela-algo-mas-profundo-2\/\"},\"wordCount\":663,\"commentCount\":0,\"publisher\":{\"@id\":\"https:\/\/viniciojarquin.com\/blog\/#\/schema\/person\/90100c8845ae55462ec0657d3d2f8d3b\"},\"image\":{\"@id\":\"https:\/\/viniciojarquin.com\/blog\/cuando-el-tamano-de-un-articulo-revela-algo-mas-profundo-2\/#primaryimage\"},\"thumbnailUrl\":\"https:\/\/viniciojarquin.com\/blog\/wp-content\/uploads\/2025\/11\/cuando-el-tamano-red.jpg\",\"articleSection\":[\"Elecciones 2026\"],\"inLanguage\":\"es\",\"potentialAction\":[{\"@type\":\"CommentAction\",\"name\":\"Comment\",\"target\":[\"https:\/\/viniciojarquin.com\/blog\/cuando-el-tamano-de-un-articulo-revela-algo-mas-profundo-2\/#respond\"]}]},{\"@type\":\"WebPage\",\"@id\":\"https:\/\/viniciojarquin.com\/blog\/cuando-el-tamano-de-un-articulo-revela-algo-mas-profundo-2\/\",\"url\":\"https:\/\/viniciojarquin.com\/blog\/cuando-el-tamano-de-un-articulo-revela-algo-mas-profundo-2\/\",\"name\":\"Cuando el tama\u00f1o de un art\u00edculo revela algo m\u00e1s profundo - MI BLOG\",\"isPartOf\":{\"@id\":\"https:\/\/viniciojarquin.com\/blog\/#website\"},\"primaryImageOfPage\":{\"@id\":\"https:\/\/viniciojarquin.com\/blog\/cuando-el-tamano-de-un-articulo-revela-algo-mas-profundo-2\/#primaryimage\"},\"image\":{\"@id\":\"https:\/\/viniciojarquin.com\/blog\/cuando-el-tamano-de-un-articulo-revela-algo-mas-profundo-2\/#primaryimage\"},\"thumbnailUrl\":\"https:\/\/viniciojarquin.com\/blog\/wp-content\/uploads\/2025\/11\/cuando-el-tamano-red.jpg\",\"datePublished\":\"2025-11-18T01:11:32+00:00\",\"dateModified\":\"2025-11-24T02:06:56+00:00\",\"breadcrumb\":{\"@id\":\"https:\/\/viniciojarquin.com\/blog\/cuando-el-tamano-de-un-articulo-revela-algo-mas-profundo-2\/#breadcrumb\"},\"inLanguage\":\"es\",\"potentialAction\":[{\"@type\":\"ReadAction\",\"target\":[\"https:\/\/viniciojarquin.com\/blog\/cuando-el-tamano-de-un-articulo-revela-algo-mas-profundo-2\/\"]}]},{\"@type\":\"ImageObject\",\"inLanguage\":\"es\",\"@id\":\"https:\/\/viniciojarquin.com\/blog\/cuando-el-tamano-de-un-articulo-revela-algo-mas-profundo-2\/#primaryimage\",\"url\":\"https:\/\/viniciojarquin.com\/blog\/wp-content\/uploads\/2025\/11\/cuando-el-tamano-red.jpg\",\"contentUrl\":\"https:\/\/viniciojarquin.com\/blog\/wp-content\/uploads\/2025\/11\/cuando-el-tamano-red.jpg\",\"width\":1024,\"height\":1024},{\"@type\":\"BreadcrumbList\",\"@id\":\"https:\/\/viniciojarquin.com\/blog\/cuando-el-tamano-de-un-articulo-revela-algo-mas-profundo-2\/#breadcrumb\",\"itemListElement\":[{\"@type\":\"ListItem\",\"position\":1,\"name\":\"Portada\",\"item\":\"https:\/\/viniciojarquin.com\/blog\/\"},{\"@type\":\"ListItem\",\"position\":2,\"name\":\"Cuando el tama\u00f1o de un art\u00edculo revela algo m\u00e1s profundo\"}]},{\"@type\":\"WebSite\",\"@id\":\"https:\/\/viniciojarquin.com\/blog\/#website\",\"url\":\"https:\/\/viniciojarquin.com\/blog\/\",\"name\":\"Vinicio Jarqu\u00edn BLOG\",\"description\":\"\",\"publisher\":{\"@id\":\"https:\/\/viniciojarquin.com\/blog\/#\/schema\/person\/90100c8845ae55462ec0657d3d2f8d3b\"},\"potentialAction\":[{\"@type\":\"SearchAction\",\"target\":{\"@type\":\"EntryPoint\",\"urlTemplate\":\"https:\/\/viniciojarquin.com\/blog\/?s={search_term_string}\"},\"query-input\":{\"@type\":\"PropertyValueSpecification\",\"valueRequired\":true,\"valueName\":\"search_term_string\"}}],\"inLanguage\":\"es\"},{\"@type\":[\"Person\",\"Organization\"],\"@id\":\"https:\/\/viniciojarquin.com\/blog\/#\/schema\/person\/90100c8845ae55462ec0657d3d2f8d3b\",\"name\":\"Vinicio Jarqu\u00edn\",\"image\":{\"@type\":\"ImageObject\",\"inLanguage\":\"es\",\"@id\":\"https:\/\/viniciojarquin.com\/blog\/#\/schema\/person\/image\/\",\"url\":\"https:\/\/viniciojarquin.com\/blog\/wp-content\/uploads\/2024\/10\/Logo-VinicioJarquin-original-400.png\",\"contentUrl\":\"https:\/\/viniciojarquin.com\/blog\/wp-content\/uploads\/2024\/10\/Logo-VinicioJarquin-original-400.png\",\"width\":400,\"height\":130,\"caption\":\"Vinicio Jarqu\u00edn\"},\"logo\":{\"@id\":\"https:\/\/viniciojarquin.com\/blog\/#\/schema\/person\/image\/\"},\"description\":\"Empresario textil, artista pl\u00e1stico, escritor, coach de vida y fot\u00f3grafo.\",\"sameAs\":[\"https:\/\/viniciojarquin.com\/blog\",\"https:\/\/www.facebook.com\/vinicio.jarquin\",\"https:\/\/www.instagram.com\/vinicio_jarquin\/\",\"https:\/\/www.pinterest.com\/vinnyjc\/\",\"https:\/\/www.youtube.com\/@VinicioJarquin\"],\"url\":\"https:\/\/viniciojarquin.com\/blog\/author\/admin_s02au25i\/\"}]}<\/script>\n<!-- \/ Yoast SEO plugin. -->","yoast_head_json":{"title":"Cuando el tama\u00f1o de un art\u00edculo revela algo m\u00e1s profundo - MI BLOG","robots":{"index":"index","follow":"follow","max-snippet":"max-snippet:-1","max-image-preview":"max-image-preview:large","max-video-preview":"max-video-preview:-1"},"canonical":"https:\/\/viniciojarquin.com\/blog\/cuando-el-tamano-de-un-articulo-revela-algo-mas-profundo-2\/","og_locale":"es_ES","og_type":"article","og_title":"Cuando el tama\u00f1o de un art\u00edculo revela algo m\u00e1s profundo - MI BLOG","og_description":"He notado algo con mucha claridad en estas semanas, y quiero cont\u00e1rtelo sin rodeos, pero tambi\u00e9n sin faltar al respeto. [&hellip;]","og_url":"https:\/\/viniciojarquin.com\/blog\/cuando-el-tamano-de-un-articulo-revela-algo-mas-profundo-2\/","og_site_name":"MI BLOG","article_publisher":"https:\/\/www.facebook.com\/vinicio.jarquin","article_author":"https:\/\/www.facebook.com\/vinicio.jarquin","article_published_time":"2025-11-18T01:11:32+00:00","article_modified_time":"2025-11-24T02:06:56+00:00","og_image":[{"width":1024,"height":1024,"url":"https:\/\/viniciojarquin.com\/blog\/wp-content\/uploads\/2025\/11\/cuando-el-tamano-red.jpg","type":"image\/jpeg"}],"author":"Vinicio Jarqu\u00edn","twitter_card":"summary_large_image","twitter_misc":{"Escrito por":"Vinicio Jarqu\u00edn","Tiempo de lectura":"3 minutos"},"schema":{"@context":"https:\/\/schema.org","@graph":[{"@type":"Article","@id":"https:\/\/viniciojarquin.com\/blog\/cuando-el-tamano-de-un-articulo-revela-algo-mas-profundo-2\/#article","isPartOf":{"@id":"https:\/\/viniciojarquin.com\/blog\/cuando-el-tamano-de-un-articulo-revela-algo-mas-profundo-2\/"},"author":{"name":"Vinicio Jarqu\u00edn","@id":"https:\/\/viniciojarquin.com\/blog\/#\/schema\/person\/90100c8845ae55462ec0657d3d2f8d3b"},"headline":"Cuando el tama\u00f1o de un art\u00edculo revela algo m\u00e1s profundo","datePublished":"2025-11-18T01:11:32+00:00","dateModified":"2025-11-24T02:06:56+00:00","mainEntityOfPage":{"@id":"https:\/\/viniciojarquin.com\/blog\/cuando-el-tamano-de-un-articulo-revela-algo-mas-profundo-2\/"},"wordCount":663,"commentCount":0,"publisher":{"@id":"https:\/\/viniciojarquin.com\/blog\/#\/schema\/person\/90100c8845ae55462ec0657d3d2f8d3b"},"image":{"@id":"https:\/\/viniciojarquin.com\/blog\/cuando-el-tamano-de-un-articulo-revela-algo-mas-profundo-2\/#primaryimage"},"thumbnailUrl":"https:\/\/viniciojarquin.com\/blog\/wp-content\/uploads\/2025\/11\/cuando-el-tamano-red.jpg","articleSection":["Elecciones 2026"],"inLanguage":"es","potentialAction":[{"@type":"CommentAction","name":"Comment","target":["https:\/\/viniciojarquin.com\/blog\/cuando-el-tamano-de-un-articulo-revela-algo-mas-profundo-2\/#respond"]}]},{"@type":"WebPage","@id":"https:\/\/viniciojarquin.com\/blog\/cuando-el-tamano-de-un-articulo-revela-algo-mas-profundo-2\/","url":"https:\/\/viniciojarquin.com\/blog\/cuando-el-tamano-de-un-articulo-revela-algo-mas-profundo-2\/","name":"Cuando el tama\u00f1o de un art\u00edculo revela algo m\u00e1s profundo - MI BLOG","isPartOf":{"@id":"https:\/\/viniciojarquin.com\/blog\/#website"},"primaryImageOfPage":{"@id":"https:\/\/viniciojarquin.com\/blog\/cuando-el-tamano-de-un-articulo-revela-algo-mas-profundo-2\/#primaryimage"},"image":{"@id":"https:\/\/viniciojarquin.com\/blog\/cuando-el-tamano-de-un-articulo-revela-algo-mas-profundo-2\/#primaryimage"},"thumbnailUrl":"https:\/\/viniciojarquin.com\/blog\/wp-content\/uploads\/2025\/11\/cuando-el-tamano-red.jpg","datePublished":"2025-11-18T01:11:32+00:00","dateModified":"2025-11-24T02:06:56+00:00","breadcrumb":{"@id":"https:\/\/viniciojarquin.com\/blog\/cuando-el-tamano-de-un-articulo-revela-algo-mas-profundo-2\/#breadcrumb"},"inLanguage":"es","potentialAction":[{"@type":"ReadAction","target":["https:\/\/viniciojarquin.com\/blog\/cuando-el-tamano-de-un-articulo-revela-algo-mas-profundo-2\/"]}]},{"@type":"ImageObject","inLanguage":"es","@id":"https:\/\/viniciojarquin.com\/blog\/cuando-el-tamano-de-un-articulo-revela-algo-mas-profundo-2\/#primaryimage","url":"https:\/\/viniciojarquin.com\/blog\/wp-content\/uploads\/2025\/11\/cuando-el-tamano-red.jpg","contentUrl":"https:\/\/viniciojarquin.com\/blog\/wp-content\/uploads\/2025\/11\/cuando-el-tamano-red.jpg","width":1024,"height":1024},{"@type":"BreadcrumbList","@id":"https:\/\/viniciojarquin.com\/blog\/cuando-el-tamano-de-un-articulo-revela-algo-mas-profundo-2\/#breadcrumb","itemListElement":[{"@type":"ListItem","position":1,"name":"Portada","item":"https:\/\/viniciojarquin.com\/blog\/"},{"@type":"ListItem","position":2,"name":"Cuando el tama\u00f1o de un art\u00edculo revela algo m\u00e1s profundo"}]},{"@type":"WebSite","@id":"https:\/\/viniciojarquin.com\/blog\/#website","url":"https:\/\/viniciojarquin.com\/blog\/","name":"Vinicio Jarqu\u00edn BLOG","description":"","publisher":{"@id":"https:\/\/viniciojarquin.com\/blog\/#\/schema\/person\/90100c8845ae55462ec0657d3d2f8d3b"},"potentialAction":[{"@type":"SearchAction","target":{"@type":"EntryPoint","urlTemplate":"https:\/\/viniciojarquin.com\/blog\/?s={search_term_string}"},"query-input":{"@type":"PropertyValueSpecification","valueRequired":true,"valueName":"search_term_string"}}],"inLanguage":"es"},{"@type":["Person","Organization"],"@id":"https:\/\/viniciojarquin.com\/blog\/#\/schema\/person\/90100c8845ae55462ec0657d3d2f8d3b","name":"Vinicio Jarqu\u00edn","image":{"@type":"ImageObject","inLanguage":"es","@id":"https:\/\/viniciojarquin.com\/blog\/#\/schema\/person\/image\/","url":"https:\/\/viniciojarquin.com\/blog\/wp-content\/uploads\/2024\/10\/Logo-VinicioJarquin-original-400.png","contentUrl":"https:\/\/viniciojarquin.com\/blog\/wp-content\/uploads\/2024\/10\/Logo-VinicioJarquin-original-400.png","width":400,"height":130,"caption":"Vinicio Jarqu\u00edn"},"logo":{"@id":"https:\/\/viniciojarquin.com\/blog\/#\/schema\/person\/image\/"},"description":"Empresario textil, artista pl\u00e1stico, escritor, coach de vida y fot\u00f3grafo.","sameAs":["https:\/\/viniciojarquin.com\/blog","https:\/\/www.facebook.com\/vinicio.jarquin","https:\/\/www.instagram.com\/vinicio_jarquin\/","https:\/\/www.pinterest.com\/vinnyjc\/","https:\/\/www.youtube.com\/@VinicioJarquin"],"url":"https:\/\/viniciojarquin.com\/blog\/author\/admin_s02au25i\/"}]}},"blog_post_layout_featured_media_urls":{"thumbnail":["https:\/\/viniciojarquin.com\/blog\/wp-content\/uploads\/2025\/11\/cuando-el-tamano-red-150x150.jpg",150,150,true],"full":["https:\/\/viniciojarquin.com\/blog\/wp-content\/uploads\/2025\/11\/cuando-el-tamano-red.jpg",1024,1024,false]},"categories_names":{"17":{"name":"Elecciones 2026","link":"https:\/\/viniciojarquin.com\/blog\/category\/elecciones-2026\/"}},"tags_names":[],"comments_number":"0","_links":{"self":[{"href":"https:\/\/viniciojarquin.com\/blog\/wp-json\/wp\/v2\/posts\/1398","targetHints":{"allow":["GET"]}}],"collection":[{"href":"https:\/\/viniciojarquin.com\/blog\/wp-json\/wp\/v2\/posts"}],"about":[{"href":"https:\/\/viniciojarquin.com\/blog\/wp-json\/wp\/v2\/types\/post"}],"author":[{"embeddable":true,"href":"https:\/\/viniciojarquin.com\/blog\/wp-json\/wp\/v2\/users\/1"}],"replies":[{"embeddable":true,"href":"https:\/\/viniciojarquin.com\/blog\/wp-json\/wp\/v2\/comments?post=1398"}],"version-history":[{"count":2,"href":"https:\/\/viniciojarquin.com\/blog\/wp-json\/wp\/v2\/posts\/1398\/revisions"}],"predecessor-version":[{"id":1547,"href":"https:\/\/viniciojarquin.com\/blog\/wp-json\/wp\/v2\/posts\/1398\/revisions\/1547"}],"wp:featuredmedia":[{"embeddable":true,"href":"https:\/\/viniciojarquin.com\/blog\/wp-json\/wp\/v2\/media\/1546"}],"wp:attachment":[{"href":"https:\/\/viniciojarquin.com\/blog\/wp-json\/wp\/v2\/media?parent=1398"}],"wp:term":[{"taxonomy":"category","embeddable":true,"href":"https:\/\/viniciojarquin.com\/blog\/wp-json\/wp\/v2\/categories?post=1398"},{"taxonomy":"post_tag","embeddable":true,"href":"https:\/\/viniciojarquin.com\/blog\/wp-json\/wp\/v2\/tags?post=1398"}],"curies":[{"name":"wp","href":"https:\/\/api.w.org\/{rel}","templated":true}]}}