{"id":1402,"date":"2025-11-18T01:14:35","date_gmt":"2025-11-18T01:14:35","guid":{"rendered":"https:\/\/viniciojarquin.com\/blog\/?p=1402"},"modified":"2025-11-18T01:14:38","modified_gmt":"2025-11-18T01:14:38","slug":"cuando-el-pueblo-se-ofende-por-su-presidente","status":"publish","type":"post","link":"https:\/\/viniciojarquin.com\/blog\/cuando-el-pueblo-se-ofende-por-su-presidente\/","title":{"rendered":"Cuando el pueblo se ofende por su presidente"},"content":{"rendered":"\n<p><\/p>\n\n\n\n<p>Las personas que siguen a don Rodrigo Chaves se ofenden cuando se publica algo en contra de \u00e9l, de su administraci\u00f3n o de su gobierno. Y honestamente, no entiendo por qu\u00e9. Tengo amigos que se muestran profundamente enojados, como si fueran parte del gabinete, como si fueran sus asesores personales o como si fueran el mism\u00edsimo don Rodrigo. Hasta ese punto ha llegado, no s\u00e9, \u00bfel fanatismo? \u00bfLa identificaci\u00f3n emocional? \u00bfEl enamoramiento pol\u00edtico?<\/p>\n\n\n\n<p>Alguien me recordaba hoy que, tradicionalmente, los presidentes en Costa Rica son queridos durante los primeros seis meses de gobierno. Ese periodo de gracia en el que todo parece posible, en el que las expectativas est\u00e1n frescas, en el que el cuento a\u00fan no ha sido contrastado con la realidad. Despu\u00e9s de eso, suelen convertirse en los villanos de la historia\u2026 hasta que llega el siguiente, y empieza su propio semestre de luna de miel.<\/p>\n\n\n\n<p>Pero en este caso, ya llevamos tres a\u00f1os y medio y todav\u00eda hay quienes se cortar\u00edan las venas por \u00e9l. \u00bfPor qu\u00e9? \u00bfSer\u00e1 porque es bueno? \u00bfPorque es elocuente? \u00bfPorque es carism\u00e1tico? \u00bfO ser\u00e1, m\u00e1s bien, una especie de virus emocional que enamora a unos y enoja profundamente a otros? Es una reacci\u00f3n psicol\u00f3gica interesante, casi inexplicable desde el coaching o desde la comunicaci\u00f3n pol\u00edtica. Supongo que ser\u00eda tarea de un psic\u00f3logo \u2014o quiz\u00e1 de un psiquiatra\u2014 ayudarnos a entenderla con detalle.<\/p>\n\n\n\n<p>Porque si uno revisa con calma la informaci\u00f3n disponible, la descripci\u00f3n encaja perfectamente con lo que se conoce como el fen\u00f3meno del populismo. Y ser popular, o incluso populista, no deber\u00eda ser malo en s\u00ed mismo. Lo peligroso es cuando empiezan a repetirse los pasos que todos los populistas siguen, uno tras otro: los mismos discursos, las mismas estrategias emocionales, las mismas fracturas sociales, las mismas narrativas de m\u00e1rtir y salvador\u2026 hasta que el pa\u00eds entero se vuelve reh\u00e9n de una historia que no construye, sino que divide.<\/p>\n\n\n\n<p>Cuando una poblaci\u00f3n se ofende m\u00e1s por una cr\u00edtica al presidente que por un abuso del presidente, algo empieza a torcerse. Se diluye la frontera entre ciudadan\u00eda y devoci\u00f3n. Se confunde la figura del gobernante con la del \u00eddolo, y esa confusi\u00f3n es el terreno f\u00e9rtil donde el populismo se convierte en fe, y la fe pol\u00edtica \u2014cuando se vuelve ciega\u2014 termina siendo una amenaza para cualquier pa\u00eds, incluso para uno tan acostumbrado a la democracia como el nuestro.<\/p>\n","protected":false},"excerpt":{"rendered":"<p>Las personas que siguen a don Rodrigo Chaves se ofenden cuando se publica algo en contra de \u00e9l, de su [&hellip;]<\/p>\n","protected":false},"author":1,"featured_media":0,"comment_status":"open","ping_status":"open","sticky":false,"template":"","format":"standard","meta":{"site-sidebar-layout":"default","site-content-layout":"","ast-site-content-layout":"","site-content-style":"default","site-sidebar-style":"default","ast-global-header-display":"","ast-banner-title-visibility":"","ast-main-header-display":"","ast-hfb-above-header-display":"","ast-hfb-below-header-display":"","ast-hfb-mobile-header-display":"","site-post-title":"","ast-breadcrumbs-content":"","ast-featured-img":"","footer-sml-layout":"","theme-transparent-header-meta":"","adv-header-id-meta":"","stick-header-meta":"","header-above-stick-meta":"","header-main-stick-meta":"","header-below-stick-meta":"","astra-migrate-meta-layouts":"default","ast-page-background-enabled":"default","ast-page-background-meta":{"desktop":{"background-color":"var(--ast-global-color-5)","background-image":"","background-repeat":"repeat","background-position":"center center","background-size":"auto","background-attachment":"scroll","background-type":"","background-media":"","overlay-type":"","overlay-color":"","overlay-opacity":"","overlay-gradient":""},"tablet":{"background-color":"","background-image":"","background-repeat":"repeat","background-position":"center center","background-size":"auto","background-attachment":"scroll","background-type":"","background-media":"","overlay-type":"","overlay-color":"","overlay-opacity":"","overlay-gradient":""},"mobile":{"background-color":"","background-image":"","background-repeat":"repeat","background-position":"center center","background-size":"auto","background-attachment":"scroll","background-type":"","background-media":"","overlay-type":"","overlay-color":"","overlay-opacity":"","overlay-gradient":""}},"ast-content-background-meta":{"desktop":{"background-color":"var(--ast-global-color-4)","background-image":"","background-repeat":"repeat","background-position":"center center","background-size":"auto","background-attachment":"scroll","background-type":"","background-media":"","overlay-type":"","overlay-color":"","overlay-opacity":"","overlay-gradient":""},"tablet":{"background-color":"var(--ast-global-color-4)","background-image":"","background-repeat":"repeat","background-position":"center center","background-size":"auto","background-attachment":"scroll","background-type":"","background-media":"","overlay-type":"","overlay-color":"","overlay-opacity":"","overlay-gradient":""},"mobile":{"background-color":"var(--ast-global-color-4)","background-image":"","background-repeat":"repeat","background-position":"center center","background-size":"auto","background-attachment":"scroll","background-type":"","background-media":"","overlay-type":"","overlay-color":"","overlay-opacity":"","overlay-gradient":""}},"footnotes":""},"categories":[17],"tags":[],"class_list":["post-1402","post","type-post","status-publish","format-standard","hentry","category-elecciones-2026"],"yoast_head":"<!-- This site is optimized with the Yoast SEO plugin v26.0 - https:\/\/yoast.com\/wordpress\/plugins\/seo\/ -->\n<title>Cuando el pueblo se ofende por su presidente - MI BLOG<\/title>\n<meta name=\"robots\" content=\"index, follow, max-snippet:-1, max-image-preview:large, max-video-preview:-1\" \/>\n<link rel=\"canonical\" href=\"https:\/\/viniciojarquin.com\/blog\/cuando-el-pueblo-se-ofende-por-su-presidente\/\" \/>\n<meta property=\"og:locale\" content=\"es_ES\" \/>\n<meta property=\"og:type\" content=\"article\" \/>\n<meta property=\"og:title\" content=\"Cuando el pueblo se ofende por su presidente - MI BLOG\" \/>\n<meta property=\"og:description\" content=\"Las personas que siguen a don Rodrigo Chaves se ofenden cuando se publica algo en contra de \u00e9l, de su [&hellip;]\" \/>\n<meta property=\"og:url\" content=\"https:\/\/viniciojarquin.com\/blog\/cuando-el-pueblo-se-ofende-por-su-presidente\/\" \/>\n<meta property=\"og:site_name\" content=\"MI BLOG\" \/>\n<meta property=\"article:publisher\" content=\"https:\/\/www.facebook.com\/vinicio.jarquin\" \/>\n<meta property=\"article:author\" content=\"https:\/\/www.facebook.com\/vinicio.jarquin\" \/>\n<meta property=\"article:published_time\" content=\"2025-11-18T01:14:35+00:00\" \/>\n<meta property=\"article:modified_time\" content=\"2025-11-18T01:14:38+00:00\" \/>\n<meta name=\"author\" content=\"Vinicio Jarqu\u00edn\" \/>\n<meta name=\"twitter:card\" content=\"summary_large_image\" \/>\n<meta name=\"twitter:label1\" content=\"Escrito por\" \/>\n\t<meta name=\"twitter:data1\" content=\"Vinicio Jarqu\u00edn\" \/>\n\t<meta name=\"twitter:label2\" content=\"Tiempo de lectura\" \/>\n\t<meta name=\"twitter:data2\" content=\"2 minutos\" \/>\n<script type=\"application\/ld+json\" class=\"yoast-schema-graph\">{\"@context\":\"https:\/\/schema.org\",\"@graph\":[{\"@type\":\"Article\",\"@id\":\"https:\/\/viniciojarquin.com\/blog\/cuando-el-pueblo-se-ofende-por-su-presidente\/#article\",\"isPartOf\":{\"@id\":\"https:\/\/viniciojarquin.com\/blog\/cuando-el-pueblo-se-ofende-por-su-presidente\/\"},\"author\":{\"name\":\"Vinicio Jarqu\u00edn\",\"@id\":\"https:\/\/viniciojarquin.com\/blog\/#\/schema\/person\/90100c8845ae55462ec0657d3d2f8d3b\"},\"headline\":\"Cuando el pueblo se ofende por su presidente\",\"datePublished\":\"2025-11-18T01:14:35+00:00\",\"dateModified\":\"2025-11-18T01:14:38+00:00\",\"mainEntityOfPage\":{\"@id\":\"https:\/\/viniciojarquin.com\/blog\/cuando-el-pueblo-se-ofende-por-su-presidente\/\"},\"wordCount\":439,\"commentCount\":0,\"publisher\":{\"@id\":\"https:\/\/viniciojarquin.com\/blog\/#\/schema\/person\/90100c8845ae55462ec0657d3d2f8d3b\"},\"articleSection\":[\"Elecciones 2026\"],\"inLanguage\":\"es\",\"potentialAction\":[{\"@type\":\"CommentAction\",\"name\":\"Comment\",\"target\":[\"https:\/\/viniciojarquin.com\/blog\/cuando-el-pueblo-se-ofende-por-su-presidente\/#respond\"]}]},{\"@type\":\"WebPage\",\"@id\":\"https:\/\/viniciojarquin.com\/blog\/cuando-el-pueblo-se-ofende-por-su-presidente\/\",\"url\":\"https:\/\/viniciojarquin.com\/blog\/cuando-el-pueblo-se-ofende-por-su-presidente\/\",\"name\":\"Cuando el pueblo se ofende por su presidente - MI BLOG\",\"isPartOf\":{\"@id\":\"https:\/\/viniciojarquin.com\/blog\/#website\"},\"datePublished\":\"2025-11-18T01:14:35+00:00\",\"dateModified\":\"2025-11-18T01:14:38+00:00\",\"breadcrumb\":{\"@id\":\"https:\/\/viniciojarquin.com\/blog\/cuando-el-pueblo-se-ofende-por-su-presidente\/#breadcrumb\"},\"inLanguage\":\"es\",\"potentialAction\":[{\"@type\":\"ReadAction\",\"target\":[\"https:\/\/viniciojarquin.com\/blog\/cuando-el-pueblo-se-ofende-por-su-presidente\/\"]}]},{\"@type\":\"BreadcrumbList\",\"@id\":\"https:\/\/viniciojarquin.com\/blog\/cuando-el-pueblo-se-ofende-por-su-presidente\/#breadcrumb\",\"itemListElement\":[{\"@type\":\"ListItem\",\"position\":1,\"name\":\"Portada\",\"item\":\"https:\/\/viniciojarquin.com\/blog\/\"},{\"@type\":\"ListItem\",\"position\":2,\"name\":\"Cuando el pueblo se ofende por su presidente\"}]},{\"@type\":\"WebSite\",\"@id\":\"https:\/\/viniciojarquin.com\/blog\/#website\",\"url\":\"https:\/\/viniciojarquin.com\/blog\/\",\"name\":\"Vinicio Jarqu\u00edn BLOG\",\"description\":\"\",\"publisher\":{\"@id\":\"https:\/\/viniciojarquin.com\/blog\/#\/schema\/person\/90100c8845ae55462ec0657d3d2f8d3b\"},\"potentialAction\":[{\"@type\":\"SearchAction\",\"target\":{\"@type\":\"EntryPoint\",\"urlTemplate\":\"https:\/\/viniciojarquin.com\/blog\/?s={search_term_string}\"},\"query-input\":{\"@type\":\"PropertyValueSpecification\",\"valueRequired\":true,\"valueName\":\"search_term_string\"}}],\"inLanguage\":\"es\"},{\"@type\":[\"Person\",\"Organization\"],\"@id\":\"https:\/\/viniciojarquin.com\/blog\/#\/schema\/person\/90100c8845ae55462ec0657d3d2f8d3b\",\"name\":\"Vinicio Jarqu\u00edn\",\"image\":{\"@type\":\"ImageObject\",\"inLanguage\":\"es\",\"@id\":\"https:\/\/viniciojarquin.com\/blog\/#\/schema\/person\/image\/\",\"url\":\"https:\/\/viniciojarquin.com\/blog\/wp-content\/uploads\/2024\/10\/Logo-VinicioJarquin-original-400.png\",\"contentUrl\":\"https:\/\/viniciojarquin.com\/blog\/wp-content\/uploads\/2024\/10\/Logo-VinicioJarquin-original-400.png\",\"width\":400,\"height\":130,\"caption\":\"Vinicio Jarqu\u00edn\"},\"logo\":{\"@id\":\"https:\/\/viniciojarquin.com\/blog\/#\/schema\/person\/image\/\"},\"description\":\"Empresario textil, artista pl\u00e1stico, escritor, coach de vida y fot\u00f3grafo.\",\"sameAs\":[\"https:\/\/viniciojarquin.com\/blog\",\"https:\/\/www.facebook.com\/vinicio.jarquin\",\"https:\/\/www.instagram.com\/vinicio_jarquin\/\",\"https:\/\/www.pinterest.com\/vinnyjc\/\",\"https:\/\/www.youtube.com\/@VinicioJarquin\"],\"url\":\"https:\/\/viniciojarquin.com\/blog\/author\/admin_s02au25i\/\"}]}<\/script>\n<!-- \/ Yoast SEO plugin. -->","yoast_head_json":{"title":"Cuando el pueblo se ofende por su presidente - MI BLOG","robots":{"index":"index","follow":"follow","max-snippet":"max-snippet:-1","max-image-preview":"max-image-preview:large","max-video-preview":"max-video-preview:-1"},"canonical":"https:\/\/viniciojarquin.com\/blog\/cuando-el-pueblo-se-ofende-por-su-presidente\/","og_locale":"es_ES","og_type":"article","og_title":"Cuando el pueblo se ofende por su presidente - MI BLOG","og_description":"Las personas que siguen a don Rodrigo Chaves se ofenden cuando se publica algo en contra de \u00e9l, de su [&hellip;]","og_url":"https:\/\/viniciojarquin.com\/blog\/cuando-el-pueblo-se-ofende-por-su-presidente\/","og_site_name":"MI BLOG","article_publisher":"https:\/\/www.facebook.com\/vinicio.jarquin","article_author":"https:\/\/www.facebook.com\/vinicio.jarquin","article_published_time":"2025-11-18T01:14:35+00:00","article_modified_time":"2025-11-18T01:14:38+00:00","author":"Vinicio Jarqu\u00edn","twitter_card":"summary_large_image","twitter_misc":{"Escrito por":"Vinicio Jarqu\u00edn","Tiempo de lectura":"2 minutos"},"schema":{"@context":"https:\/\/schema.org","@graph":[{"@type":"Article","@id":"https:\/\/viniciojarquin.com\/blog\/cuando-el-pueblo-se-ofende-por-su-presidente\/#article","isPartOf":{"@id":"https:\/\/viniciojarquin.com\/blog\/cuando-el-pueblo-se-ofende-por-su-presidente\/"},"author":{"name":"Vinicio Jarqu\u00edn","@id":"https:\/\/viniciojarquin.com\/blog\/#\/schema\/person\/90100c8845ae55462ec0657d3d2f8d3b"},"headline":"Cuando el pueblo se ofende por su presidente","datePublished":"2025-11-18T01:14:35+00:00","dateModified":"2025-11-18T01:14:38+00:00","mainEntityOfPage":{"@id":"https:\/\/viniciojarquin.com\/blog\/cuando-el-pueblo-se-ofende-por-su-presidente\/"},"wordCount":439,"commentCount":0,"publisher":{"@id":"https:\/\/viniciojarquin.com\/blog\/#\/schema\/person\/90100c8845ae55462ec0657d3d2f8d3b"},"articleSection":["Elecciones 2026"],"inLanguage":"es","potentialAction":[{"@type":"CommentAction","name":"Comment","target":["https:\/\/viniciojarquin.com\/blog\/cuando-el-pueblo-se-ofende-por-su-presidente\/#respond"]}]},{"@type":"WebPage","@id":"https:\/\/viniciojarquin.com\/blog\/cuando-el-pueblo-se-ofende-por-su-presidente\/","url":"https:\/\/viniciojarquin.com\/blog\/cuando-el-pueblo-se-ofende-por-su-presidente\/","name":"Cuando el pueblo se ofende por su presidente - MI BLOG","isPartOf":{"@id":"https:\/\/viniciojarquin.com\/blog\/#website"},"datePublished":"2025-11-18T01:14:35+00:00","dateModified":"2025-11-18T01:14:38+00:00","breadcrumb":{"@id":"https:\/\/viniciojarquin.com\/blog\/cuando-el-pueblo-se-ofende-por-su-presidente\/#breadcrumb"},"inLanguage":"es","potentialAction":[{"@type":"ReadAction","target":["https:\/\/viniciojarquin.com\/blog\/cuando-el-pueblo-se-ofende-por-su-presidente\/"]}]},{"@type":"BreadcrumbList","@id":"https:\/\/viniciojarquin.com\/blog\/cuando-el-pueblo-se-ofende-por-su-presidente\/#breadcrumb","itemListElement":[{"@type":"ListItem","position":1,"name":"Portada","item":"https:\/\/viniciojarquin.com\/blog\/"},{"@type":"ListItem","position":2,"name":"Cuando el pueblo se ofende por su presidente"}]},{"@type":"WebSite","@id":"https:\/\/viniciojarquin.com\/blog\/#website","url":"https:\/\/viniciojarquin.com\/blog\/","name":"Vinicio Jarqu\u00edn BLOG","description":"","publisher":{"@id":"https:\/\/viniciojarquin.com\/blog\/#\/schema\/person\/90100c8845ae55462ec0657d3d2f8d3b"},"potentialAction":[{"@type":"SearchAction","target":{"@type":"EntryPoint","urlTemplate":"https:\/\/viniciojarquin.com\/blog\/?s={search_term_string}"},"query-input":{"@type":"PropertyValueSpecification","valueRequired":true,"valueName":"search_term_string"}}],"inLanguage":"es"},{"@type":["Person","Organization"],"@id":"https:\/\/viniciojarquin.com\/blog\/#\/schema\/person\/90100c8845ae55462ec0657d3d2f8d3b","name":"Vinicio Jarqu\u00edn","image":{"@type":"ImageObject","inLanguage":"es","@id":"https:\/\/viniciojarquin.com\/blog\/#\/schema\/person\/image\/","url":"https:\/\/viniciojarquin.com\/blog\/wp-content\/uploads\/2024\/10\/Logo-VinicioJarquin-original-400.png","contentUrl":"https:\/\/viniciojarquin.com\/blog\/wp-content\/uploads\/2024\/10\/Logo-VinicioJarquin-original-400.png","width":400,"height":130,"caption":"Vinicio Jarqu\u00edn"},"logo":{"@id":"https:\/\/viniciojarquin.com\/blog\/#\/schema\/person\/image\/"},"description":"Empresario textil, artista pl\u00e1stico, escritor, coach de vida y fot\u00f3grafo.","sameAs":["https:\/\/viniciojarquin.com\/blog","https:\/\/www.facebook.com\/vinicio.jarquin","https:\/\/www.instagram.com\/vinicio_jarquin\/","https:\/\/www.pinterest.com\/vinnyjc\/","https:\/\/www.youtube.com\/@VinicioJarquin"],"url":"https:\/\/viniciojarquin.com\/blog\/author\/admin_s02au25i\/"}]}},"blog_post_layout_featured_media_urls":{"thumbnail":"","full":""},"categories_names":{"17":{"name":"Elecciones 2026","link":"https:\/\/viniciojarquin.com\/blog\/category\/elecciones-2026\/"}},"tags_names":[],"comments_number":"0","_links":{"self":[{"href":"https:\/\/viniciojarquin.com\/blog\/wp-json\/wp\/v2\/posts\/1402","targetHints":{"allow":["GET"]}}],"collection":[{"href":"https:\/\/viniciojarquin.com\/blog\/wp-json\/wp\/v2\/posts"}],"about":[{"href":"https:\/\/viniciojarquin.com\/blog\/wp-json\/wp\/v2\/types\/post"}],"author":[{"embeddable":true,"href":"https:\/\/viniciojarquin.com\/blog\/wp-json\/wp\/v2\/users\/1"}],"replies":[{"embeddable":true,"href":"https:\/\/viniciojarquin.com\/blog\/wp-json\/wp\/v2\/comments?post=1402"}],"version-history":[{"count":1,"href":"https:\/\/viniciojarquin.com\/blog\/wp-json\/wp\/v2\/posts\/1402\/revisions"}],"predecessor-version":[{"id":1403,"href":"https:\/\/viniciojarquin.com\/blog\/wp-json\/wp\/v2\/posts\/1402\/revisions\/1403"}],"wp:attachment":[{"href":"https:\/\/viniciojarquin.com\/blog\/wp-json\/wp\/v2\/media?parent=1402"}],"wp:term":[{"taxonomy":"category","embeddable":true,"href":"https:\/\/viniciojarquin.com\/blog\/wp-json\/wp\/v2\/categories?post=1402"},{"taxonomy":"post_tag","embeddable":true,"href":"https:\/\/viniciojarquin.com\/blog\/wp-json\/wp\/v2\/tags?post=1402"}],"curies":[{"name":"wp","href":"https:\/\/api.w.org\/{rel}","templated":true}]}}