{"id":1404,"date":"2025-11-18T01:23:01","date_gmt":"2025-11-18T01:23:01","guid":{"rendered":"https:\/\/viniciojarquin.com\/blog\/?p=1404"},"modified":"2025-12-04T02:43:43","modified_gmt":"2025-12-04T02:43:43","slug":"el-almacigo-de-la-corrupcion","status":"publish","type":"post","link":"https:\/\/viniciojarquin.com\/blog\/el-almacigo-de-la-corrupcion\/","title":{"rendered":"El alm\u00e1cigo de la corrupci\u00f3n"},"content":{"rendered":"\n<p><\/p>\n\n\n\n<p>Es muy f\u00e1cil suponer que todos los pol\u00edticos son corruptos. Se dice todo el tiempo, casi como una verdad autom\u00e1tica. Pero yo no lo creo. S\u00ed, hay pol\u00edticos corruptos. Tambi\u00e9n hay pol\u00edticos corruptibles. Pero creo sinceramente que hay muchos \u2014tal vez la mayor\u00eda\u2014 que no lo son. Muchos llegaron a la pol\u00edtica con la intenci\u00f3n de hacer algo bueno, con un prop\u00f3sito de vida, con la necesidad de dejar huella. Y aunque algunos se desviaron, otros siguen \u00edntegros, a pesar de la presi\u00f3n, el ruido y la tentaci\u00f3n.<\/p>\n\n\n\n<p>El problema no son \u00fanicamente los pol\u00edticos corruptos. El problema es el alm\u00e1cigo del que salieron. Porque si bajamos ese comportamiento al nivel de la vida cotidiana, nos encontramos con el mismo germen, solo que en dosis m\u00e1s peque\u00f1as. La persona que se queda callada cuando en un restaurante le cobran una Coca-Cola menos, y se alegra porque pag\u00f3 menos, est\u00e1 siendo corrupta. Esa persona, si tuviera poder, probablemente se dejar\u00eda millones. La semilla ya est\u00e1 ah\u00ed. Solo necesita el terreno f\u00e9rtil indicado.<\/p>\n\n\n\n<p>Recuerdo \u2014y lo digo con mea culpa\u2014 cuando yo empezaba mi empresa. Alguien me pidi\u00f3 que facturara m\u00e1s caro y que le diera la diferencia. \u00c9l era mi contacto en la empresa cliente. Y yo acept\u00e9. Joven, inexperto y necesitado del dinero, lo hice. Pero a los pocos d\u00edas entend\u00ed lo que hab\u00eda hecho: me hab\u00eda prestado a la corrupci\u00f3n. Me arrepent\u00ed y me perdon\u00e9. Y desde entonces, nunca m\u00e1s volv\u00ed a hacerlo, aunque me lo propusieron varias veces m\u00e1s.<\/p>\n\n\n\n<p>La misma persona que me pidi\u00f3 aquel sobreprecio, semanas despu\u00e9s, hablaba indignado de los pol\u00edticos corruptos, del robo en la Caja, de los abusos del poder. Y yo pensaba: si este hombre tuviera un puesto de poder, har\u00eda lo mismo o peor que el pol\u00edtico que critica. Y as\u00ed funciona este alm\u00e1cigo: la corrupci\u00f3n no empieza en los altos cargos; empieza en lo peque\u00f1o, en lo cotidiano, en lo que normalizamos sin darnos cuenta.<\/p>\n\n\n\n<p>\u00bfCu\u00e1ntas veces vamos a una tienda y nos preguntan: \u201c\u00bfcon factura o sin factura?\u201d<br>Y respondemos: \u201csin factura, para no pagar el IVA\u201d?<br>Eso tambi\u00e9n es corrupci\u00f3n. Peque\u00f1a, cotidiana, normalizada. Pero corrupci\u00f3n pura, igual de real, igual de da\u00f1ina.<\/p>\n\n\n\n<p>No estoy disculpando a los pol\u00edticos corruptos. Lo que propongo es un mea culpa nacional, una revisi\u00f3n honesta de nuestra propia honorabilidad. Porque el pa\u00eds no cambiar\u00e1 desde arriba si no cambia tambi\u00e9n desde abajo. Ninguna reforma legal servir\u00e1 si seguimos justificando lo injustificable en lo \u00edntimo y en lo cotidiano.<\/p>\n\n\n\n<p>Y quiero invitarte a algo sencillo pero poderoso: la pr\u00f3xima vez que est\u00e9s con tus hijos en una tienda y te pregunten \u201c\u00bfcon factura o sin factura?\u201d, responde sin dudar: \u201ccon factura, por supuesto.\u201d Hazlo con tranquilidad, con naturalidad, con orgullo. Que tus hijos te oigan decirlo. Porque el alm\u00e1cigo del futuro se siembra con el ejemplo, y la integridad no se predica: se modela.<\/p>\n\n\n\n<figure class=\"wp-block-image size-full\"><img decoding=\"async\" width=\"800\" height=\"800\" data-src=\"https:\/\/viniciojarquin.com\/blog\/wp-content\/uploads\/2025\/11\/El-almacigo-de-la-corrupcion.png\" alt=\"\" class=\"wp-image-1640 lazyload\" data-srcset=\"https:\/\/viniciojarquin.com\/blog\/wp-content\/uploads\/2025\/11\/El-almacigo-de-la-corrupcion.png 800w, https:\/\/viniciojarquin.com\/blog\/wp-content\/uploads\/2025\/11\/El-almacigo-de-la-corrupcion-300x300.png 300w, https:\/\/viniciojarquin.com\/blog\/wp-content\/uploads\/2025\/11\/El-almacigo-de-la-corrupcion-150x150.png 150w, https:\/\/viniciojarquin.com\/blog\/wp-content\/uploads\/2025\/11\/El-almacigo-de-la-corrupcion-768x768.png 768w\" data-sizes=\"(max-width: 800px) 100vw, 800px\" src=\"data:image\/svg+xml;base64,PHN2ZyB3aWR0aD0iMSIgaGVpZ2h0PSIxIiB4bWxucz0iaHR0cDovL3d3dy53My5vcmcvMjAwMC9zdmciPjwvc3ZnPg==\" style=\"--smush-placeholder-width: 800px; --smush-placeholder-aspect-ratio: 800\/800;\" \/><\/figure>\n","protected":false},"excerpt":{"rendered":"<p>Es muy f\u00e1cil suponer que todos los pol\u00edticos son corruptos. Se dice todo el tiempo, casi como una verdad autom\u00e1tica. [&hellip;]<\/p>\n","protected":false},"author":1,"featured_media":1640,"comment_status":"open","ping_status":"open","sticky":false,"template":"","format":"standard","meta":{"site-sidebar-layout":"default","site-content-layout":"","ast-site-content-layout":"","site-content-style":"default","site-sidebar-style":"default","ast-global-header-display":"","ast-banner-title-visibility":"","ast-main-header-display":"","ast-hfb-above-header-display":"","ast-hfb-below-header-display":"","ast-hfb-mobile-header-display":"","site-post-title":"","ast-breadcrumbs-content":"","ast-featured-img":"","footer-sml-layout":"","theme-transparent-header-meta":"","adv-header-id-meta":"","stick-header-meta":"","header-above-stick-meta":"","header-main-stick-meta":"","header-below-stick-meta":"","astra-migrate-meta-layouts":"default","ast-page-background-enabled":"default","ast-page-background-meta":{"desktop":{"background-color":"var(--ast-global-color-5)","background-image":"","background-repeat":"repeat","background-position":"center center","background-size":"auto","background-attachment":"scroll","background-type":"","background-media":"","overlay-type":"","overlay-color":"","overlay-opacity":"","overlay-gradient":""},"tablet":{"background-color":"","background-image":"","background-repeat":"repeat","background-position":"center center","background-size":"auto","background-attachment":"scroll","background-type":"","background-media":"","overlay-type":"","overlay-color":"","overlay-opacity":"","overlay-gradient":""},"mobile":{"background-color":"","background-image":"","background-repeat":"repeat","background-position":"center center","background-size":"auto","background-attachment":"scroll","background-type":"","background-media":"","overlay-type":"","overlay-color":"","overlay-opacity":"","overlay-gradient":""}},"ast-content-background-meta":{"desktop":{"background-color":"var(--ast-global-color-4)","background-image":"","background-repeat":"repeat","background-position":"center center","background-size":"auto","background-attachment":"scroll","background-type":"","background-media":"","overlay-type":"","overlay-color":"","overlay-opacity":"","overlay-gradient":""},"tablet":{"background-color":"var(--ast-global-color-4)","background-image":"","background-repeat":"repeat","background-position":"center center","background-size":"auto","background-attachment":"scroll","background-type":"","background-media":"","overlay-type":"","overlay-color":"","overlay-opacity":"","overlay-gradient":""},"mobile":{"background-color":"var(--ast-global-color-4)","background-image":"","background-repeat":"repeat","background-position":"center center","background-size":"auto","background-attachment":"scroll","background-type":"","background-media":"","overlay-type":"","overlay-color":"","overlay-opacity":"","overlay-gradient":""}},"footnotes":""},"categories":[17],"tags":[],"class_list":["post-1404","post","type-post","status-publish","format-standard","has-post-thumbnail","hentry","category-elecciones-2026"],"yoast_head":"<!-- This site is optimized with the Yoast SEO plugin v26.0 - https:\/\/yoast.com\/wordpress\/plugins\/seo\/ -->\n<title>El alm\u00e1cigo de la corrupci\u00f3n - MI BLOG<\/title>\n<meta name=\"robots\" content=\"index, follow, max-snippet:-1, max-image-preview:large, max-video-preview:-1\" \/>\n<link rel=\"canonical\" href=\"https:\/\/viniciojarquin.com\/blog\/el-almacigo-de-la-corrupcion\/\" \/>\n<meta property=\"og:locale\" content=\"es_ES\" \/>\n<meta property=\"og:type\" content=\"article\" \/>\n<meta property=\"og:title\" content=\"El alm\u00e1cigo de la corrupci\u00f3n - MI BLOG\" \/>\n<meta property=\"og:description\" content=\"Es muy f\u00e1cil suponer que todos los pol\u00edticos son corruptos. Se dice todo el tiempo, casi como una verdad autom\u00e1tica. [&hellip;]\" \/>\n<meta property=\"og:url\" content=\"https:\/\/viniciojarquin.com\/blog\/el-almacigo-de-la-corrupcion\/\" \/>\n<meta property=\"og:site_name\" content=\"MI BLOG\" \/>\n<meta property=\"article:publisher\" content=\"https:\/\/www.facebook.com\/vinicio.jarquin\" \/>\n<meta property=\"article:author\" content=\"https:\/\/www.facebook.com\/vinicio.jarquin\" \/>\n<meta property=\"article:published_time\" content=\"2025-11-18T01:23:01+00:00\" \/>\n<meta property=\"article:modified_time\" content=\"2025-12-04T02:43:43+00:00\" \/>\n<meta property=\"og:image\" content=\"https:\/\/viniciojarquin.com\/blog\/wp-content\/uploads\/2025\/11\/El-almacigo-de-la-corrupcion.png\" \/>\n\t<meta property=\"og:image:width\" content=\"800\" \/>\n\t<meta property=\"og:image:height\" content=\"800\" \/>\n\t<meta property=\"og:image:type\" content=\"image\/png\" \/>\n<meta name=\"author\" content=\"Vinicio Jarqu\u00edn\" \/>\n<meta name=\"twitter:card\" content=\"summary_large_image\" \/>\n<meta name=\"twitter:label1\" content=\"Escrito por\" \/>\n\t<meta name=\"twitter:data1\" content=\"Vinicio Jarqu\u00edn\" \/>\n\t<meta name=\"twitter:label2\" content=\"Tiempo de lectura\" \/>\n\t<meta name=\"twitter:data2\" content=\"3 minutos\" \/>\n<script type=\"application\/ld+json\" class=\"yoast-schema-graph\">{\"@context\":\"https:\/\/schema.org\",\"@graph\":[{\"@type\":\"Article\",\"@id\":\"https:\/\/viniciojarquin.com\/blog\/el-almacigo-de-la-corrupcion\/#article\",\"isPartOf\":{\"@id\":\"https:\/\/viniciojarquin.com\/blog\/el-almacigo-de-la-corrupcion\/\"},\"author\":{\"name\":\"Vinicio Jarqu\u00edn\",\"@id\":\"https:\/\/viniciojarquin.com\/blog\/#\/schema\/person\/90100c8845ae55462ec0657d3d2f8d3b\"},\"headline\":\"El alm\u00e1cigo de la corrupci\u00f3n\",\"datePublished\":\"2025-11-18T01:23:01+00:00\",\"dateModified\":\"2025-12-04T02:43:43+00:00\",\"mainEntityOfPage\":{\"@id\":\"https:\/\/viniciojarquin.com\/blog\/el-almacigo-de-la-corrupcion\/\"},\"wordCount\":532,\"commentCount\":0,\"publisher\":{\"@id\":\"https:\/\/viniciojarquin.com\/blog\/#\/schema\/person\/90100c8845ae55462ec0657d3d2f8d3b\"},\"image\":{\"@id\":\"https:\/\/viniciojarquin.com\/blog\/el-almacigo-de-la-corrupcion\/#primaryimage\"},\"thumbnailUrl\":\"https:\/\/viniciojarquin.com\/blog\/wp-content\/uploads\/2025\/11\/El-almacigo-de-la-corrupcion.png\",\"articleSection\":[\"Elecciones 2026\"],\"inLanguage\":\"es\",\"potentialAction\":[{\"@type\":\"CommentAction\",\"name\":\"Comment\",\"target\":[\"https:\/\/viniciojarquin.com\/blog\/el-almacigo-de-la-corrupcion\/#respond\"]}]},{\"@type\":\"WebPage\",\"@id\":\"https:\/\/viniciojarquin.com\/blog\/el-almacigo-de-la-corrupcion\/\",\"url\":\"https:\/\/viniciojarquin.com\/blog\/el-almacigo-de-la-corrupcion\/\",\"name\":\"El alm\u00e1cigo de la corrupci\u00f3n - MI BLOG\",\"isPartOf\":{\"@id\":\"https:\/\/viniciojarquin.com\/blog\/#website\"},\"primaryImageOfPage\":{\"@id\":\"https:\/\/viniciojarquin.com\/blog\/el-almacigo-de-la-corrupcion\/#primaryimage\"},\"image\":{\"@id\":\"https:\/\/viniciojarquin.com\/blog\/el-almacigo-de-la-corrupcion\/#primaryimage\"},\"thumbnailUrl\":\"https:\/\/viniciojarquin.com\/blog\/wp-content\/uploads\/2025\/11\/El-almacigo-de-la-corrupcion.png\",\"datePublished\":\"2025-11-18T01:23:01+00:00\",\"dateModified\":\"2025-12-04T02:43:43+00:00\",\"breadcrumb\":{\"@id\":\"https:\/\/viniciojarquin.com\/blog\/el-almacigo-de-la-corrupcion\/#breadcrumb\"},\"inLanguage\":\"es\",\"potentialAction\":[{\"@type\":\"ReadAction\",\"target\":[\"https:\/\/viniciojarquin.com\/blog\/el-almacigo-de-la-corrupcion\/\"]}]},{\"@type\":\"ImageObject\",\"inLanguage\":\"es\",\"@id\":\"https:\/\/viniciojarquin.com\/blog\/el-almacigo-de-la-corrupcion\/#primaryimage\",\"url\":\"https:\/\/viniciojarquin.com\/blog\/wp-content\/uploads\/2025\/11\/El-almacigo-de-la-corrupcion.png\",\"contentUrl\":\"https:\/\/viniciojarquin.com\/blog\/wp-content\/uploads\/2025\/11\/El-almacigo-de-la-corrupcion.png\",\"width\":800,\"height\":800},{\"@type\":\"BreadcrumbList\",\"@id\":\"https:\/\/viniciojarquin.com\/blog\/el-almacigo-de-la-corrupcion\/#breadcrumb\",\"itemListElement\":[{\"@type\":\"ListItem\",\"position\":1,\"name\":\"Portada\",\"item\":\"https:\/\/viniciojarquin.com\/blog\/\"},{\"@type\":\"ListItem\",\"position\":2,\"name\":\"El alm\u00e1cigo de la corrupci\u00f3n\"}]},{\"@type\":\"WebSite\",\"@id\":\"https:\/\/viniciojarquin.com\/blog\/#website\",\"url\":\"https:\/\/viniciojarquin.com\/blog\/\",\"name\":\"Vinicio Jarqu\u00edn BLOG\",\"description\":\"\",\"publisher\":{\"@id\":\"https:\/\/viniciojarquin.com\/blog\/#\/schema\/person\/90100c8845ae55462ec0657d3d2f8d3b\"},\"potentialAction\":[{\"@type\":\"SearchAction\",\"target\":{\"@type\":\"EntryPoint\",\"urlTemplate\":\"https:\/\/viniciojarquin.com\/blog\/?s={search_term_string}\"},\"query-input\":{\"@type\":\"PropertyValueSpecification\",\"valueRequired\":true,\"valueName\":\"search_term_string\"}}],\"inLanguage\":\"es\"},{\"@type\":[\"Person\",\"Organization\"],\"@id\":\"https:\/\/viniciojarquin.com\/blog\/#\/schema\/person\/90100c8845ae55462ec0657d3d2f8d3b\",\"name\":\"Vinicio Jarqu\u00edn\",\"image\":{\"@type\":\"ImageObject\",\"inLanguage\":\"es\",\"@id\":\"https:\/\/viniciojarquin.com\/blog\/#\/schema\/person\/image\/\",\"url\":\"https:\/\/viniciojarquin.com\/blog\/wp-content\/uploads\/2024\/10\/Logo-VinicioJarquin-original-400.png\",\"contentUrl\":\"https:\/\/viniciojarquin.com\/blog\/wp-content\/uploads\/2024\/10\/Logo-VinicioJarquin-original-400.png\",\"width\":400,\"height\":130,\"caption\":\"Vinicio Jarqu\u00edn\"},\"logo\":{\"@id\":\"https:\/\/viniciojarquin.com\/blog\/#\/schema\/person\/image\/\"},\"description\":\"Empresario textil, artista pl\u00e1stico, escritor, coach de vida y fot\u00f3grafo.\",\"sameAs\":[\"https:\/\/viniciojarquin.com\/blog\",\"https:\/\/www.facebook.com\/vinicio.jarquin\",\"https:\/\/www.instagram.com\/vinicio_jarquin\/\",\"https:\/\/www.pinterest.com\/vinnyjc\/\",\"https:\/\/www.youtube.com\/@VinicioJarquin\"],\"url\":\"https:\/\/viniciojarquin.com\/blog\/author\/admin_s02au25i\/\"}]}<\/script>\n<!-- \/ Yoast SEO plugin. -->","yoast_head_json":{"title":"El alm\u00e1cigo de la corrupci\u00f3n - MI BLOG","robots":{"index":"index","follow":"follow","max-snippet":"max-snippet:-1","max-image-preview":"max-image-preview:large","max-video-preview":"max-video-preview:-1"},"canonical":"https:\/\/viniciojarquin.com\/blog\/el-almacigo-de-la-corrupcion\/","og_locale":"es_ES","og_type":"article","og_title":"El alm\u00e1cigo de la corrupci\u00f3n - MI BLOG","og_description":"Es muy f\u00e1cil suponer que todos los pol\u00edticos son corruptos. Se dice todo el tiempo, casi como una verdad autom\u00e1tica. [&hellip;]","og_url":"https:\/\/viniciojarquin.com\/blog\/el-almacigo-de-la-corrupcion\/","og_site_name":"MI BLOG","article_publisher":"https:\/\/www.facebook.com\/vinicio.jarquin","article_author":"https:\/\/www.facebook.com\/vinicio.jarquin","article_published_time":"2025-11-18T01:23:01+00:00","article_modified_time":"2025-12-04T02:43:43+00:00","og_image":[{"width":800,"height":800,"url":"https:\/\/viniciojarquin.com\/blog\/wp-content\/uploads\/2025\/11\/El-almacigo-de-la-corrupcion.png","type":"image\/png"}],"author":"Vinicio Jarqu\u00edn","twitter_card":"summary_large_image","twitter_misc":{"Escrito por":"Vinicio Jarqu\u00edn","Tiempo de lectura":"3 minutos"},"schema":{"@context":"https:\/\/schema.org","@graph":[{"@type":"Article","@id":"https:\/\/viniciojarquin.com\/blog\/el-almacigo-de-la-corrupcion\/#article","isPartOf":{"@id":"https:\/\/viniciojarquin.com\/blog\/el-almacigo-de-la-corrupcion\/"},"author":{"name":"Vinicio Jarqu\u00edn","@id":"https:\/\/viniciojarquin.com\/blog\/#\/schema\/person\/90100c8845ae55462ec0657d3d2f8d3b"},"headline":"El alm\u00e1cigo de la corrupci\u00f3n","datePublished":"2025-11-18T01:23:01+00:00","dateModified":"2025-12-04T02:43:43+00:00","mainEntityOfPage":{"@id":"https:\/\/viniciojarquin.com\/blog\/el-almacigo-de-la-corrupcion\/"},"wordCount":532,"commentCount":0,"publisher":{"@id":"https:\/\/viniciojarquin.com\/blog\/#\/schema\/person\/90100c8845ae55462ec0657d3d2f8d3b"},"image":{"@id":"https:\/\/viniciojarquin.com\/blog\/el-almacigo-de-la-corrupcion\/#primaryimage"},"thumbnailUrl":"https:\/\/viniciojarquin.com\/blog\/wp-content\/uploads\/2025\/11\/El-almacigo-de-la-corrupcion.png","articleSection":["Elecciones 2026"],"inLanguage":"es","potentialAction":[{"@type":"CommentAction","name":"Comment","target":["https:\/\/viniciojarquin.com\/blog\/el-almacigo-de-la-corrupcion\/#respond"]}]},{"@type":"WebPage","@id":"https:\/\/viniciojarquin.com\/blog\/el-almacigo-de-la-corrupcion\/","url":"https:\/\/viniciojarquin.com\/blog\/el-almacigo-de-la-corrupcion\/","name":"El alm\u00e1cigo de la corrupci\u00f3n - MI BLOG","isPartOf":{"@id":"https:\/\/viniciojarquin.com\/blog\/#website"},"primaryImageOfPage":{"@id":"https:\/\/viniciojarquin.com\/blog\/el-almacigo-de-la-corrupcion\/#primaryimage"},"image":{"@id":"https:\/\/viniciojarquin.com\/blog\/el-almacigo-de-la-corrupcion\/#primaryimage"},"thumbnailUrl":"https:\/\/viniciojarquin.com\/blog\/wp-content\/uploads\/2025\/11\/El-almacigo-de-la-corrupcion.png","datePublished":"2025-11-18T01:23:01+00:00","dateModified":"2025-12-04T02:43:43+00:00","breadcrumb":{"@id":"https:\/\/viniciojarquin.com\/blog\/el-almacigo-de-la-corrupcion\/#breadcrumb"},"inLanguage":"es","potentialAction":[{"@type":"ReadAction","target":["https:\/\/viniciojarquin.com\/blog\/el-almacigo-de-la-corrupcion\/"]}]},{"@type":"ImageObject","inLanguage":"es","@id":"https:\/\/viniciojarquin.com\/blog\/el-almacigo-de-la-corrupcion\/#primaryimage","url":"https:\/\/viniciojarquin.com\/blog\/wp-content\/uploads\/2025\/11\/El-almacigo-de-la-corrupcion.png","contentUrl":"https:\/\/viniciojarquin.com\/blog\/wp-content\/uploads\/2025\/11\/El-almacigo-de-la-corrupcion.png","width":800,"height":800},{"@type":"BreadcrumbList","@id":"https:\/\/viniciojarquin.com\/blog\/el-almacigo-de-la-corrupcion\/#breadcrumb","itemListElement":[{"@type":"ListItem","position":1,"name":"Portada","item":"https:\/\/viniciojarquin.com\/blog\/"},{"@type":"ListItem","position":2,"name":"El alm\u00e1cigo de la corrupci\u00f3n"}]},{"@type":"WebSite","@id":"https:\/\/viniciojarquin.com\/blog\/#website","url":"https:\/\/viniciojarquin.com\/blog\/","name":"Vinicio Jarqu\u00edn BLOG","description":"","publisher":{"@id":"https:\/\/viniciojarquin.com\/blog\/#\/schema\/person\/90100c8845ae55462ec0657d3d2f8d3b"},"potentialAction":[{"@type":"SearchAction","target":{"@type":"EntryPoint","urlTemplate":"https:\/\/viniciojarquin.com\/blog\/?s={search_term_string}"},"query-input":{"@type":"PropertyValueSpecification","valueRequired":true,"valueName":"search_term_string"}}],"inLanguage":"es"},{"@type":["Person","Organization"],"@id":"https:\/\/viniciojarquin.com\/blog\/#\/schema\/person\/90100c8845ae55462ec0657d3d2f8d3b","name":"Vinicio Jarqu\u00edn","image":{"@type":"ImageObject","inLanguage":"es","@id":"https:\/\/viniciojarquin.com\/blog\/#\/schema\/person\/image\/","url":"https:\/\/viniciojarquin.com\/blog\/wp-content\/uploads\/2024\/10\/Logo-VinicioJarquin-original-400.png","contentUrl":"https:\/\/viniciojarquin.com\/blog\/wp-content\/uploads\/2024\/10\/Logo-VinicioJarquin-original-400.png","width":400,"height":130,"caption":"Vinicio Jarqu\u00edn"},"logo":{"@id":"https:\/\/viniciojarquin.com\/blog\/#\/schema\/person\/image\/"},"description":"Empresario textil, artista pl\u00e1stico, escritor, coach de vida y fot\u00f3grafo.","sameAs":["https:\/\/viniciojarquin.com\/blog","https:\/\/www.facebook.com\/vinicio.jarquin","https:\/\/www.instagram.com\/vinicio_jarquin\/","https:\/\/www.pinterest.com\/vinnyjc\/","https:\/\/www.youtube.com\/@VinicioJarquin"],"url":"https:\/\/viniciojarquin.com\/blog\/author\/admin_s02au25i\/"}]}},"blog_post_layout_featured_media_urls":{"thumbnail":["https:\/\/viniciojarquin.com\/blog\/wp-content\/uploads\/2025\/11\/El-almacigo-de-la-corrupcion-150x150.png",150,150,true],"full":["https:\/\/viniciojarquin.com\/blog\/wp-content\/uploads\/2025\/11\/El-almacigo-de-la-corrupcion.png",800,800,false]},"categories_names":{"17":{"name":"Elecciones 2026","link":"https:\/\/viniciojarquin.com\/blog\/category\/elecciones-2026\/"}},"tags_names":[],"comments_number":"0","_links":{"self":[{"href":"https:\/\/viniciojarquin.com\/blog\/wp-json\/wp\/v2\/posts\/1404","targetHints":{"allow":["GET"]}}],"collection":[{"href":"https:\/\/viniciojarquin.com\/blog\/wp-json\/wp\/v2\/posts"}],"about":[{"href":"https:\/\/viniciojarquin.com\/blog\/wp-json\/wp\/v2\/types\/post"}],"author":[{"embeddable":true,"href":"https:\/\/viniciojarquin.com\/blog\/wp-json\/wp\/v2\/users\/1"}],"replies":[{"embeddable":true,"href":"https:\/\/viniciojarquin.com\/blog\/wp-json\/wp\/v2\/comments?post=1404"}],"version-history":[{"count":2,"href":"https:\/\/viniciojarquin.com\/blog\/wp-json\/wp\/v2\/posts\/1404\/revisions"}],"predecessor-version":[{"id":1641,"href":"https:\/\/viniciojarquin.com\/blog\/wp-json\/wp\/v2\/posts\/1404\/revisions\/1641"}],"wp:featuredmedia":[{"embeddable":true,"href":"https:\/\/viniciojarquin.com\/blog\/wp-json\/wp\/v2\/media\/1640"}],"wp:attachment":[{"href":"https:\/\/viniciojarquin.com\/blog\/wp-json\/wp\/v2\/media?parent=1404"}],"wp:term":[{"taxonomy":"category","embeddable":true,"href":"https:\/\/viniciojarquin.com\/blog\/wp-json\/wp\/v2\/categories?post=1404"},{"taxonomy":"post_tag","embeddable":true,"href":"https:\/\/viniciojarquin.com\/blog\/wp-json\/wp\/v2\/tags?post=1404"}],"curies":[{"name":"wp","href":"https:\/\/api.w.org\/{rel}","templated":true}]}}