{"id":1415,"date":"2025-11-18T05:56:54","date_gmt":"2025-11-18T05:56:54","guid":{"rendered":"https:\/\/viniciojarquin.com\/blog\/?p=1415"},"modified":"2025-11-18T05:56:57","modified_gmt":"2025-11-18T05:56:57","slug":"la-interminable-lista-de-enemigos","status":"publish","type":"post","link":"https:\/\/viniciojarquin.com\/blog\/la-interminable-lista-de-enemigos\/","title":{"rendered":"La interminable lista de enemigos"},"content":{"rendered":"\n<p>Esta noche me sent\u00e9 a ver la grabaci\u00f3n del programa OPA, esa entrevista que le hicieron los dos muchachos al presidente Rodrigo Chaves. Voy a ser honesto: lo vi solo hasta la mitad. No porque el programa estuviera mal conducido \u2014al contrario, los muchachos hicieron su trabajo con respeto, sin favoritismos evidentes y sin ataques gratuitos\u2014 sino porque hubo un punto en el que simplemente me result\u00f3 imposible seguir viendo la pantalla sin sentir que algo dentro de m\u00ed se revolv\u00eda de indignaci\u00f3n y tristeza.<\/p>\n\n\n\n<p>Lo que me impresion\u00f3 no fue la entrevista, sino \u00e9l. \u00c9l como figura, como presencia, como voz. Qu\u00e9 persona m\u00e1s despreciable en su forma de hablar de los dem\u00e1s. Qu\u00e9 forma m\u00e1s corrosiva, m\u00e1s manipuladora, m\u00e1s arteramente construida de describir el pa\u00eds como si absolutamente todo y todos fueran enemigos personales. Y mientras lo ve\u00eda enumerar, una a una, a todas las instituciones, me hac\u00eda una pregunta que tal vez vos tambi\u00e9n te est\u00e1s haciendo: \u00bfc\u00f3mo es posible que para \u00e9l todos son malos?<\/p>\n\n\n\n<p>Porque ah\u00ed estaba, frente a c\u00e1maras, descalificando ministerios completos, instituciones enteras, expertos, organismos de control, la prensa, los diputados, los tribunales, funcionarios p\u00fablicos de todas las \u00e1reas\u2026 todos convertidos en villanos de su narrativa. Todos humanos, todos imperfectos, s\u00ed, pero todos presentados como si de verdad hubiera una conspiraci\u00f3n nacional cuya \u00fanica finalidad fuera destruirlo a \u00e9l. Y ah\u00ed es donde la indignaci\u00f3n se mezcla con la incredulidad: \u00bfc\u00f3mo puede tanta gente creerse ese cuento?<\/p>\n\n\n\n<p>Porque no estamos hablando de un presidente que enfrenta cr\u00edticas o diferencias leg\u00edtimas. Estamos hablando de alguien que ha construido un universo emocional donde el denominador com\u00fan es siempre el mismo: la maldad ajena. El error ajeno. La corrupci\u00f3n ajena. La conspiraci\u00f3n ajena. Y en medio de esa arquitectura de odio, hay una constante que ya resulta evidente para cualquiera que se detenga a observar con un poquito de sensatez: cuando en toda la habitaci\u00f3n hay un solo foco de mal olor, no es la habitaci\u00f3n.<\/p>\n\n\n\n<p>El problema es \u00e9l.<\/p>\n\n\n\n<p>Y aqu\u00ed es donde la preocupaci\u00f3n se vuelve profunda. Porque no puedo comprender c\u00f3mo tantos de sus seguidores han internalizado al punto de repetir, casi palabra por palabra, la idea de que \u201ctodo el pa\u00eds est\u00e1 contra \u00e9l\u201d. Que si la Contralor\u00eda habla, es persecuci\u00f3n. Si un diputado cuestiona, es odio. Si un periodista pregunta, es porque es vendido. Si el Tribunal Supremo de Elecciones act\u00faa, es complot. Si un ministerio no le sigue la l\u00ednea, es traici\u00f3n. Si un juez interpreta la ley, es enemigo.<\/p>\n\n\n\n<p>\u00bfNo es raro?<\/p>\n\n\n\n<p>\u00bfNo es alarmante?<\/p>\n\n\n\n<p>\u00bfNo deber\u00eda hacerles ruido a los mismos seguidores que haya un solo hombre al que supuestamente odia todo un pa\u00eds?<\/p>\n\n\n\n<p>Eso no es l\u00f3gica.<\/p>\n\n\n\n<p>Eso es programaci\u00f3n emocional.<\/p>\n\n\n\n<p>Eso es lavado de narrativa.<\/p>\n\n\n\n<p>Eso es manipulaci\u00f3n pura y cruda.<\/p>\n\n\n\n<p>Cuando uno observa a fondo, lo que aparece es un patr\u00f3n claro: un l\u00edder que necesita presentar al mundo como un enemigo constante para reforzar su propia figura como \u201cv\u00edctima heroica\u201d. Y eso, en cualquier parte del mundo, en cualquier momento de la historia, tiene un solo nombre: populismo.<\/p>\n\n\n\n<p>Pero lo que m\u00e1s me duele no es \u00e9l.<\/p>\n\n\n\n<p>Lo que m\u00e1s me duele es la gente buena, noble, trabajadora, que cae en ese discurso. Personas que repiten frases como verdades absolutas, que se indignan por cosas que nunca ocurrieron, que defienden lo indefendible porque alguien les ense\u00f1\u00f3 que cuestionarlo es traici\u00f3n.<\/p>\n\n\n\n<p>Me duele ver c\u00f3mo tanta gente inteligente parece haber apagado el sentido cr\u00edtico y haber encendido, en su lugar, una fe ciega en alguien que ha demostrado una y otra vez que no respeta a nadie. Ni instituciones, ni ministros, ni poderes del Estado, ni prensa, ni historia, ni democracia. Nada.<\/p>\n\n\n\n<p>Y sin embargo, ah\u00ed lo siguen.<\/p>\n\n\n\n<p>Como si fueran la \u00faltima barrera entre \u00e9l y el apocalipsis que \u00e9l mismo invent\u00f3.<\/p>\n\n\n\n<p>Yo, por mi parte, no puedo quedarme callado.<\/p>\n\n\n\n<p>No frente a un discurso que destruye, divide, humilla y enferma emocionalmente a un pa\u00eds entero.<\/p>\n\n\n\n<p>No frente a una figura que se alimenta del conflicto y necesita crear enemigos para justificar su permanencia.<\/p>\n\n\n\n<p>Si algo tengo claro despu\u00e9s de ver medio programa es esto: Costa Rica no merece un l\u00edder que cree enemigos donde no los hay. No merece un l\u00edder que convierta la institucionalidad en chatarra emocional. Y no merece un pueblo dividido por la narrativa paranoica de un solo hombre.<\/p>\n\n\n\n<p>Que cada quien crea lo que quiera creer.<\/p>\n\n\n\n<p>Pero que al menos sepan lo que est\u00e1n creyendo.<\/p>\n","protected":false},"excerpt":{"rendered":"<p>Esta noche me sent\u00e9 a ver la grabaci\u00f3n del programa OPA, esa entrevista que le hicieron los dos muchachos al [&hellip;]<\/p>\n","protected":false},"author":1,"featured_media":0,"comment_status":"open","ping_status":"open","sticky":false,"template":"","format":"standard","meta":{"site-sidebar-layout":"default","site-content-layout":"","ast-site-content-layout":"","site-content-style":"default","site-sidebar-style":"default","ast-global-header-display":"","ast-banner-title-visibility":"","ast-main-header-display":"","ast-hfb-above-header-display":"","ast-hfb-below-header-display":"","ast-hfb-mobile-header-display":"","site-post-title":"","ast-breadcrumbs-content":"","ast-featured-img":"","footer-sml-layout":"","theme-transparent-header-meta":"","adv-header-id-meta":"","stick-header-meta":"","header-above-stick-meta":"","header-main-stick-meta":"","header-below-stick-meta":"","astra-migrate-meta-layouts":"default","ast-page-background-enabled":"default","ast-page-background-meta":{"desktop":{"background-color":"var(--ast-global-color-5)","background-image":"","background-repeat":"repeat","background-position":"center center","background-size":"auto","background-attachment":"scroll","background-type":"","background-media":"","overlay-type":"","overlay-color":"","overlay-opacity":"","overlay-gradient":""},"tablet":{"background-color":"","background-image":"","background-repeat":"repeat","background-position":"center center","background-size":"auto","background-attachment":"scroll","background-type":"","background-media":"","overlay-type":"","overlay-color":"","overlay-opacity":"","overlay-gradient":""},"mobile":{"background-color":"","background-image":"","background-repeat":"repeat","background-position":"center center","background-size":"auto","background-attachment":"scroll","background-type":"","background-media":"","overlay-type":"","overlay-color":"","overlay-opacity":"","overlay-gradient":""}},"ast-content-background-meta":{"desktop":{"background-color":"var(--ast-global-color-4)","background-image":"","background-repeat":"repeat","background-position":"center center","background-size":"auto","background-attachment":"scroll","background-type":"","background-media":"","overlay-type":"","overlay-color":"","overlay-opacity":"","overlay-gradient":""},"tablet":{"background-color":"var(--ast-global-color-4)","background-image":"","background-repeat":"repeat","background-position":"center center","background-size":"auto","background-attachment":"scroll","background-type":"","background-media":"","overlay-type":"","overlay-color":"","overlay-opacity":"","overlay-gradient":""},"mobile":{"background-color":"var(--ast-global-color-4)","background-image":"","background-repeat":"repeat","background-position":"center center","background-size":"auto","background-attachment":"scroll","background-type":"","background-media":"","overlay-type":"","overlay-color":"","overlay-opacity":"","overlay-gradient":""}},"footnotes":""},"categories":[17],"tags":[],"class_list":["post-1415","post","type-post","status-publish","format-standard","hentry","category-elecciones-2026"],"yoast_head":"<!-- This site is optimized with the Yoast SEO plugin v26.0 - https:\/\/yoast.com\/wordpress\/plugins\/seo\/ -->\n<title>La interminable lista de enemigos - MI BLOG<\/title>\n<meta name=\"robots\" content=\"index, follow, max-snippet:-1, max-image-preview:large, max-video-preview:-1\" \/>\n<link rel=\"canonical\" href=\"https:\/\/viniciojarquin.com\/blog\/la-interminable-lista-de-enemigos\/\" \/>\n<meta property=\"og:locale\" content=\"es_ES\" \/>\n<meta property=\"og:type\" content=\"article\" \/>\n<meta property=\"og:title\" content=\"La interminable lista de enemigos - MI BLOG\" \/>\n<meta property=\"og:description\" content=\"Esta noche me sent\u00e9 a ver la grabaci\u00f3n del programa OPA, esa entrevista que le hicieron los dos muchachos al [&hellip;]\" \/>\n<meta property=\"og:url\" content=\"https:\/\/viniciojarquin.com\/blog\/la-interminable-lista-de-enemigos\/\" \/>\n<meta property=\"og:site_name\" content=\"MI BLOG\" \/>\n<meta property=\"article:publisher\" content=\"https:\/\/www.facebook.com\/vinicio.jarquin\" \/>\n<meta property=\"article:author\" content=\"https:\/\/www.facebook.com\/vinicio.jarquin\" \/>\n<meta property=\"article:published_time\" content=\"2025-11-18T05:56:54+00:00\" \/>\n<meta property=\"article:modified_time\" content=\"2025-11-18T05:56:57+00:00\" \/>\n<meta name=\"author\" content=\"Vinicio Jarqu\u00edn\" \/>\n<meta name=\"twitter:card\" content=\"summary_large_image\" \/>\n<meta name=\"twitter:label1\" content=\"Escrito por\" \/>\n\t<meta name=\"twitter:data1\" content=\"Vinicio Jarqu\u00edn\" \/>\n\t<meta name=\"twitter:label2\" content=\"Tiempo de lectura\" \/>\n\t<meta name=\"twitter:data2\" content=\"4 minutos\" \/>\n<script type=\"application\/ld+json\" class=\"yoast-schema-graph\">{\"@context\":\"https:\/\/schema.org\",\"@graph\":[{\"@type\":\"Article\",\"@id\":\"https:\/\/viniciojarquin.com\/blog\/la-interminable-lista-de-enemigos\/#article\",\"isPartOf\":{\"@id\":\"https:\/\/viniciojarquin.com\/blog\/la-interminable-lista-de-enemigos\/\"},\"author\":{\"name\":\"Vinicio Jarqu\u00edn\",\"@id\":\"https:\/\/viniciojarquin.com\/blog\/#\/schema\/person\/90100c8845ae55462ec0657d3d2f8d3b\"},\"headline\":\"La interminable lista de enemigos\",\"datePublished\":\"2025-11-18T05:56:54+00:00\",\"dateModified\":\"2025-11-18T05:56:57+00:00\",\"mainEntityOfPage\":{\"@id\":\"https:\/\/viniciojarquin.com\/blog\/la-interminable-lista-de-enemigos\/\"},\"wordCount\":803,\"commentCount\":0,\"publisher\":{\"@id\":\"https:\/\/viniciojarquin.com\/blog\/#\/schema\/person\/90100c8845ae55462ec0657d3d2f8d3b\"},\"articleSection\":[\"Elecciones 2026\"],\"inLanguage\":\"es\",\"potentialAction\":[{\"@type\":\"CommentAction\",\"name\":\"Comment\",\"target\":[\"https:\/\/viniciojarquin.com\/blog\/la-interminable-lista-de-enemigos\/#respond\"]}]},{\"@type\":\"WebPage\",\"@id\":\"https:\/\/viniciojarquin.com\/blog\/la-interminable-lista-de-enemigos\/\",\"url\":\"https:\/\/viniciojarquin.com\/blog\/la-interminable-lista-de-enemigos\/\",\"name\":\"La interminable lista de enemigos - MI BLOG\",\"isPartOf\":{\"@id\":\"https:\/\/viniciojarquin.com\/blog\/#website\"},\"datePublished\":\"2025-11-18T05:56:54+00:00\",\"dateModified\":\"2025-11-18T05:56:57+00:00\",\"breadcrumb\":{\"@id\":\"https:\/\/viniciojarquin.com\/blog\/la-interminable-lista-de-enemigos\/#breadcrumb\"},\"inLanguage\":\"es\",\"potentialAction\":[{\"@type\":\"ReadAction\",\"target\":[\"https:\/\/viniciojarquin.com\/blog\/la-interminable-lista-de-enemigos\/\"]}]},{\"@type\":\"BreadcrumbList\",\"@id\":\"https:\/\/viniciojarquin.com\/blog\/la-interminable-lista-de-enemigos\/#breadcrumb\",\"itemListElement\":[{\"@type\":\"ListItem\",\"position\":1,\"name\":\"Portada\",\"item\":\"https:\/\/viniciojarquin.com\/blog\/\"},{\"@type\":\"ListItem\",\"position\":2,\"name\":\"La interminable lista de enemigos\"}]},{\"@type\":\"WebSite\",\"@id\":\"https:\/\/viniciojarquin.com\/blog\/#website\",\"url\":\"https:\/\/viniciojarquin.com\/blog\/\",\"name\":\"Vinicio Jarqu\u00edn BLOG\",\"description\":\"\",\"publisher\":{\"@id\":\"https:\/\/viniciojarquin.com\/blog\/#\/schema\/person\/90100c8845ae55462ec0657d3d2f8d3b\"},\"potentialAction\":[{\"@type\":\"SearchAction\",\"target\":{\"@type\":\"EntryPoint\",\"urlTemplate\":\"https:\/\/viniciojarquin.com\/blog\/?s={search_term_string}\"},\"query-input\":{\"@type\":\"PropertyValueSpecification\",\"valueRequired\":true,\"valueName\":\"search_term_string\"}}],\"inLanguage\":\"es\"},{\"@type\":[\"Person\",\"Organization\"],\"@id\":\"https:\/\/viniciojarquin.com\/blog\/#\/schema\/person\/90100c8845ae55462ec0657d3d2f8d3b\",\"name\":\"Vinicio Jarqu\u00edn\",\"image\":{\"@type\":\"ImageObject\",\"inLanguage\":\"es\",\"@id\":\"https:\/\/viniciojarquin.com\/blog\/#\/schema\/person\/image\/\",\"url\":\"https:\/\/viniciojarquin.com\/blog\/wp-content\/uploads\/2024\/10\/Logo-VinicioJarquin-original-400.png\",\"contentUrl\":\"https:\/\/viniciojarquin.com\/blog\/wp-content\/uploads\/2024\/10\/Logo-VinicioJarquin-original-400.png\",\"width\":400,\"height\":130,\"caption\":\"Vinicio Jarqu\u00edn\"},\"logo\":{\"@id\":\"https:\/\/viniciojarquin.com\/blog\/#\/schema\/person\/image\/\"},\"description\":\"Empresario textil, artista pl\u00e1stico, escritor, coach de vida y fot\u00f3grafo.\",\"sameAs\":[\"https:\/\/viniciojarquin.com\/blog\",\"https:\/\/www.facebook.com\/vinicio.jarquin\",\"https:\/\/www.instagram.com\/vinicio_jarquin\/\",\"https:\/\/www.pinterest.com\/vinnyjc\/\",\"https:\/\/www.youtube.com\/@VinicioJarquin\"],\"url\":\"https:\/\/viniciojarquin.com\/blog\/author\/admin_s02au25i\/\"}]}<\/script>\n<!-- \/ Yoast SEO plugin. -->","yoast_head_json":{"title":"La interminable lista de enemigos - MI BLOG","robots":{"index":"index","follow":"follow","max-snippet":"max-snippet:-1","max-image-preview":"max-image-preview:large","max-video-preview":"max-video-preview:-1"},"canonical":"https:\/\/viniciojarquin.com\/blog\/la-interminable-lista-de-enemigos\/","og_locale":"es_ES","og_type":"article","og_title":"La interminable lista de enemigos - MI BLOG","og_description":"Esta noche me sent\u00e9 a ver la grabaci\u00f3n del programa OPA, esa entrevista que le hicieron los dos muchachos al [&hellip;]","og_url":"https:\/\/viniciojarquin.com\/blog\/la-interminable-lista-de-enemigos\/","og_site_name":"MI BLOG","article_publisher":"https:\/\/www.facebook.com\/vinicio.jarquin","article_author":"https:\/\/www.facebook.com\/vinicio.jarquin","article_published_time":"2025-11-18T05:56:54+00:00","article_modified_time":"2025-11-18T05:56:57+00:00","author":"Vinicio Jarqu\u00edn","twitter_card":"summary_large_image","twitter_misc":{"Escrito por":"Vinicio Jarqu\u00edn","Tiempo de lectura":"4 minutos"},"schema":{"@context":"https:\/\/schema.org","@graph":[{"@type":"Article","@id":"https:\/\/viniciojarquin.com\/blog\/la-interminable-lista-de-enemigos\/#article","isPartOf":{"@id":"https:\/\/viniciojarquin.com\/blog\/la-interminable-lista-de-enemigos\/"},"author":{"name":"Vinicio Jarqu\u00edn","@id":"https:\/\/viniciojarquin.com\/blog\/#\/schema\/person\/90100c8845ae55462ec0657d3d2f8d3b"},"headline":"La interminable lista de enemigos","datePublished":"2025-11-18T05:56:54+00:00","dateModified":"2025-11-18T05:56:57+00:00","mainEntityOfPage":{"@id":"https:\/\/viniciojarquin.com\/blog\/la-interminable-lista-de-enemigos\/"},"wordCount":803,"commentCount":0,"publisher":{"@id":"https:\/\/viniciojarquin.com\/blog\/#\/schema\/person\/90100c8845ae55462ec0657d3d2f8d3b"},"articleSection":["Elecciones 2026"],"inLanguage":"es","potentialAction":[{"@type":"CommentAction","name":"Comment","target":["https:\/\/viniciojarquin.com\/blog\/la-interminable-lista-de-enemigos\/#respond"]}]},{"@type":"WebPage","@id":"https:\/\/viniciojarquin.com\/blog\/la-interminable-lista-de-enemigos\/","url":"https:\/\/viniciojarquin.com\/blog\/la-interminable-lista-de-enemigos\/","name":"La interminable lista de enemigos - MI BLOG","isPartOf":{"@id":"https:\/\/viniciojarquin.com\/blog\/#website"},"datePublished":"2025-11-18T05:56:54+00:00","dateModified":"2025-11-18T05:56:57+00:00","breadcrumb":{"@id":"https:\/\/viniciojarquin.com\/blog\/la-interminable-lista-de-enemigos\/#breadcrumb"},"inLanguage":"es","potentialAction":[{"@type":"ReadAction","target":["https:\/\/viniciojarquin.com\/blog\/la-interminable-lista-de-enemigos\/"]}]},{"@type":"BreadcrumbList","@id":"https:\/\/viniciojarquin.com\/blog\/la-interminable-lista-de-enemigos\/#breadcrumb","itemListElement":[{"@type":"ListItem","position":1,"name":"Portada","item":"https:\/\/viniciojarquin.com\/blog\/"},{"@type":"ListItem","position":2,"name":"La interminable lista de enemigos"}]},{"@type":"WebSite","@id":"https:\/\/viniciojarquin.com\/blog\/#website","url":"https:\/\/viniciojarquin.com\/blog\/","name":"Vinicio Jarqu\u00edn BLOG","description":"","publisher":{"@id":"https:\/\/viniciojarquin.com\/blog\/#\/schema\/person\/90100c8845ae55462ec0657d3d2f8d3b"},"potentialAction":[{"@type":"SearchAction","target":{"@type":"EntryPoint","urlTemplate":"https:\/\/viniciojarquin.com\/blog\/?s={search_term_string}"},"query-input":{"@type":"PropertyValueSpecification","valueRequired":true,"valueName":"search_term_string"}}],"inLanguage":"es"},{"@type":["Person","Organization"],"@id":"https:\/\/viniciojarquin.com\/blog\/#\/schema\/person\/90100c8845ae55462ec0657d3d2f8d3b","name":"Vinicio Jarqu\u00edn","image":{"@type":"ImageObject","inLanguage":"es","@id":"https:\/\/viniciojarquin.com\/blog\/#\/schema\/person\/image\/","url":"https:\/\/viniciojarquin.com\/blog\/wp-content\/uploads\/2024\/10\/Logo-VinicioJarquin-original-400.png","contentUrl":"https:\/\/viniciojarquin.com\/blog\/wp-content\/uploads\/2024\/10\/Logo-VinicioJarquin-original-400.png","width":400,"height":130,"caption":"Vinicio Jarqu\u00edn"},"logo":{"@id":"https:\/\/viniciojarquin.com\/blog\/#\/schema\/person\/image\/"},"description":"Empresario textil, artista pl\u00e1stico, escritor, coach de vida y fot\u00f3grafo.","sameAs":["https:\/\/viniciojarquin.com\/blog","https:\/\/www.facebook.com\/vinicio.jarquin","https:\/\/www.instagram.com\/vinicio_jarquin\/","https:\/\/www.pinterest.com\/vinnyjc\/","https:\/\/www.youtube.com\/@VinicioJarquin"],"url":"https:\/\/viniciojarquin.com\/blog\/author\/admin_s02au25i\/"}]}},"blog_post_layout_featured_media_urls":{"thumbnail":"","full":""},"categories_names":{"17":{"name":"Elecciones 2026","link":"https:\/\/viniciojarquin.com\/blog\/category\/elecciones-2026\/"}},"tags_names":[],"comments_number":"0","_links":{"self":[{"href":"https:\/\/viniciojarquin.com\/blog\/wp-json\/wp\/v2\/posts\/1415","targetHints":{"allow":["GET"]}}],"collection":[{"href":"https:\/\/viniciojarquin.com\/blog\/wp-json\/wp\/v2\/posts"}],"about":[{"href":"https:\/\/viniciojarquin.com\/blog\/wp-json\/wp\/v2\/types\/post"}],"author":[{"embeddable":true,"href":"https:\/\/viniciojarquin.com\/blog\/wp-json\/wp\/v2\/users\/1"}],"replies":[{"embeddable":true,"href":"https:\/\/viniciojarquin.com\/blog\/wp-json\/wp\/v2\/comments?post=1415"}],"version-history":[{"count":1,"href":"https:\/\/viniciojarquin.com\/blog\/wp-json\/wp\/v2\/posts\/1415\/revisions"}],"predecessor-version":[{"id":1416,"href":"https:\/\/viniciojarquin.com\/blog\/wp-json\/wp\/v2\/posts\/1415\/revisions\/1416"}],"wp:attachment":[{"href":"https:\/\/viniciojarquin.com\/blog\/wp-json\/wp\/v2\/media?parent=1415"}],"wp:term":[{"taxonomy":"category","embeddable":true,"href":"https:\/\/viniciojarquin.com\/blog\/wp-json\/wp\/v2\/categories?post=1415"},{"taxonomy":"post_tag","embeddable":true,"href":"https:\/\/viniciojarquin.com\/blog\/wp-json\/wp\/v2\/tags?post=1415"}],"curies":[{"name":"wp","href":"https:\/\/api.w.org\/{rel}","templated":true}]}}