{"id":1418,"date":"2025-11-18T06:02:57","date_gmt":"2025-11-18T06:02:57","guid":{"rendered":"https:\/\/viniciojarquin.com\/blog\/?p=1418"},"modified":"2025-11-18T06:03:00","modified_gmt":"2025-11-18T06:03:00","slug":"por-que-si-debe-ir-a-los-debates","status":"publish","type":"post","link":"https:\/\/viniciojarquin.com\/blog\/por-que-si-debe-ir-a-los-debates\/","title":{"rendered":"Por qu\u00e9 s\u00ed debe ir a los debates"},"content":{"rendered":"\n<p><\/p>\n\n\n\n<p>Hoy le\u00ed a alguien en redes sociales decir que do\u00f1a Laura Fern\u00e1ndez \u201cno tiene por qu\u00e9 ir a los debates\u201d, que \u201ceso es un circo\u201d montado \u00fanicamente para desacreditarla, y que ella no deber\u00eda \u201crebajarse\u201d a ese tipo de escenarios. Y te digo algo con toda sinceridad: no, no se\u00f1or. No funciona as\u00ed. No es tan simple. Y no ten\u00e9s por qu\u00e9 repetir discursos prefabricados con un entusiasmo casi religioso sin detenerte un minuto a pensar.<\/p>\n\n\n\n<p>Los debates presidenciales no existen para entretener, ni para humillar, ni para hacer show. Existen porque la democracia necesita contraste, transparencia y temple. \u00bfSab\u00e9s qu\u00e9 significa eso? Que no basta con un plan de gobierno \u2014que muchas veces ni siquiera leen quienes lo defienden\u2014 sino que tambi\u00e9n hace falta ver c\u00f3mo un candidato se comporta bajo presi\u00f3n, c\u00f3mo argumenta, c\u00f3mo responde, c\u00f3mo piensa, c\u00f3mo sostiene sus convicciones cuando no tiene un teleprompter enfrente. Un debate muestra car\u00e1cter. Muestra confianza. Muestra inteligencia emocional. Muestra liderazgo real. Y si un candidato no quiere ir, no es porque \u201cno necesita rebajarse\u201d: es porque no puede sostener lo que dice bajo la luz p\u00fablica.<\/p>\n\n\n\n<p>Es impresionante la lavada de cerebro que algunos han recibido, al punto de convertir la ausencia de su candidata en una virtud. \u201cNo necesita debatir\u201d, dicen. \u201cElla no tiene que pelear con nadie\u201d, repiten. \u201cYa sabemos que va ganando\u201d, afirman. Y uno se pregunta: \u00bfde d\u00f3nde sali\u00f3 esa idea tan conveniente, tan a la medida, tan perfectamente alineada con evitar que la gente vea lo obvio? Porque un candidato que no debate no demuestra sabidur\u00eda. Demuestra miedo.<\/p>\n\n\n\n<p>Yo entiendo que alguien quiera votar por un candidato. Eso est\u00e1 bien. Entiendo que te guste un plan de gobierno, aunque sea b\u00e1sico. Eso tambi\u00e9n est\u00e1 bien. Entiendo incluso que pens\u00e9s que esa persona podr\u00eda hacer algo bueno por el pa\u00eds. Eso es tu derecho, tu libertad y tu criterio. Esta es una democracia, no un club privado. Pero lo que no puedo respetar \u2014porque no se sostiene desde ning\u00fan \u00e1ngulo\u2014 es cuando alguien decide justificar absolutamente todo lo que hace su candidata o su l\u00edder, incluso cuando lo que hace va en contra de las reglas m\u00e1s b\u00e1sicas del juego democr\u00e1tico.<\/p>\n\n\n\n<p>Cuando alguien me dice que est\u00e1 de acuerdo con que su candidata no vaya a los debates, te lo digo sin rodeos: para m\u00ed es alguien que dej\u00f3 de pensar. Alguien que repite lo que le ense\u00f1aron sin filtros. Alguien que fue programado emocionalmente para creer que su l\u00edder nunca debe ser cuestionado, nunca debe exponerse, nunca debe confrontar ideas. Y eso no es democracia, eso es culto. Eso no es criterio, eso es entrega ciega. Eso no es madurez pol\u00edtica, es obediencia disfrazada de convicci\u00f3n.<\/p>\n\n\n\n<p>Si un candidato quiere llegar a la presidencia de Costa Rica, debe estar dispuesto a hablarle al pa\u00eds. Debe enfrentarse a preguntas inc\u00f3modas. Debe reconocer errores. Debe debatir. Debe mostrar que no se derrumba cuando le toca justificar lo que promete. Debe dar la cara. No esconderse. No blindarse. No desaparecerse detr\u00e1s del enojo de otro.<\/p>\n\n\n\n<p>As\u00ed que cuando escuch\u00e9s a alguien decir que su candidata \u201cno debe ir a los debates\u201d, sab\u00e9 que no te est\u00e1 hablando desde el criterio, sino desde el adoctrinamiento. Te est\u00e1 hablando desde el miedo disfrazado de fuerza. Desde la repetici\u00f3n disfrazada de convicci\u00f3n. Desde la ignorancia disfrazada de lealtad.<\/p>\n\n\n\n<p>Y vos y yo sabemos algo que ellos todav\u00eda no se animan a admitir:<\/p>\n\n\n\n<p>un liderazgo que no se atreve a debatir nunca estuvo listo para gobernar.<\/p>\n","protected":false},"excerpt":{"rendered":"<p>Hoy le\u00ed a alguien en redes sociales decir que do\u00f1a Laura Fern\u00e1ndez \u201cno tiene por qu\u00e9 ir a los debates\u201d, [&hellip;]<\/p>\n","protected":false},"author":1,"featured_media":0,"comment_status":"open","ping_status":"open","sticky":false,"template":"","format":"standard","meta":{"site-sidebar-layout":"default","site-content-layout":"","ast-site-content-layout":"","site-content-style":"default","site-sidebar-style":"default","ast-global-header-display":"","ast-banner-title-visibility":"","ast-main-header-display":"","ast-hfb-above-header-display":"","ast-hfb-below-header-display":"","ast-hfb-mobile-header-display":"","site-post-title":"","ast-breadcrumbs-content":"","ast-featured-img":"","footer-sml-layout":"","theme-transparent-header-meta":"","adv-header-id-meta":"","stick-header-meta":"","header-above-stick-meta":"","header-main-stick-meta":"","header-below-stick-meta":"","astra-migrate-meta-layouts":"default","ast-page-background-enabled":"default","ast-page-background-meta":{"desktop":{"background-color":"var(--ast-global-color-5)","background-image":"","background-repeat":"repeat","background-position":"center center","background-size":"auto","background-attachment":"scroll","background-type":"","background-media":"","overlay-type":"","overlay-color":"","overlay-opacity":"","overlay-gradient":""},"tablet":{"background-color":"","background-image":"","background-repeat":"repeat","background-position":"center center","background-size":"auto","background-attachment":"scroll","background-type":"","background-media":"","overlay-type":"","overlay-color":"","overlay-opacity":"","overlay-gradient":""},"mobile":{"background-color":"","background-image":"","background-repeat":"repeat","background-position":"center center","background-size":"auto","background-attachment":"scroll","background-type":"","background-media":"","overlay-type":"","overlay-color":"","overlay-opacity":"","overlay-gradient":""}},"ast-content-background-meta":{"desktop":{"background-color":"var(--ast-global-color-4)","background-image":"","background-repeat":"repeat","background-position":"center center","background-size":"auto","background-attachment":"scroll","background-type":"","background-media":"","overlay-type":"","overlay-color":"","overlay-opacity":"","overlay-gradient":""},"tablet":{"background-color":"var(--ast-global-color-4)","background-image":"","background-repeat":"repeat","background-position":"center center","background-size":"auto","background-attachment":"scroll","background-type":"","background-media":"","overlay-type":"","overlay-color":"","overlay-opacity":"","overlay-gradient":""},"mobile":{"background-color":"var(--ast-global-color-4)","background-image":"","background-repeat":"repeat","background-position":"center center","background-size":"auto","background-attachment":"scroll","background-type":"","background-media":"","overlay-type":"","overlay-color":"","overlay-opacity":"","overlay-gradient":""}},"footnotes":""},"categories":[17],"tags":[],"class_list":["post-1418","post","type-post","status-publish","format-standard","hentry","category-elecciones-2026"],"yoast_head":"<!-- This site is optimized with the Yoast SEO plugin v26.0 - https:\/\/yoast.com\/wordpress\/plugins\/seo\/ -->\n<title>Por qu\u00e9 s\u00ed debe ir a los debates - MI BLOG<\/title>\n<meta name=\"robots\" content=\"index, follow, max-snippet:-1, max-image-preview:large, max-video-preview:-1\" \/>\n<link rel=\"canonical\" href=\"https:\/\/viniciojarquin.com\/blog\/por-que-si-debe-ir-a-los-debates\/\" \/>\n<meta property=\"og:locale\" content=\"es_ES\" \/>\n<meta property=\"og:type\" content=\"article\" \/>\n<meta property=\"og:title\" content=\"Por qu\u00e9 s\u00ed debe ir a los debates - MI BLOG\" \/>\n<meta property=\"og:description\" content=\"Hoy le\u00ed a alguien en redes sociales decir que do\u00f1a Laura Fern\u00e1ndez \u201cno tiene por qu\u00e9 ir a los debates\u201d, [&hellip;]\" \/>\n<meta property=\"og:url\" content=\"https:\/\/viniciojarquin.com\/blog\/por-que-si-debe-ir-a-los-debates\/\" \/>\n<meta property=\"og:site_name\" content=\"MI BLOG\" \/>\n<meta property=\"article:publisher\" content=\"https:\/\/www.facebook.com\/vinicio.jarquin\" \/>\n<meta property=\"article:author\" content=\"https:\/\/www.facebook.com\/vinicio.jarquin\" \/>\n<meta property=\"article:published_time\" content=\"2025-11-18T06:02:57+00:00\" \/>\n<meta property=\"article:modified_time\" content=\"2025-11-18T06:03:00+00:00\" \/>\n<meta name=\"author\" content=\"Vinicio Jarqu\u00edn\" \/>\n<meta name=\"twitter:card\" content=\"summary_large_image\" \/>\n<meta name=\"twitter:label1\" content=\"Escrito por\" \/>\n\t<meta name=\"twitter:data1\" content=\"Vinicio Jarqu\u00edn\" \/>\n\t<meta name=\"twitter:label2\" content=\"Tiempo de lectura\" \/>\n\t<meta name=\"twitter:data2\" content=\"3 minutos\" \/>\n<script type=\"application\/ld+json\" class=\"yoast-schema-graph\">{\"@context\":\"https:\/\/schema.org\",\"@graph\":[{\"@type\":\"Article\",\"@id\":\"https:\/\/viniciojarquin.com\/blog\/por-que-si-debe-ir-a-los-debates\/#article\",\"isPartOf\":{\"@id\":\"https:\/\/viniciojarquin.com\/blog\/por-que-si-debe-ir-a-los-debates\/\"},\"author\":{\"name\":\"Vinicio Jarqu\u00edn\",\"@id\":\"https:\/\/viniciojarquin.com\/blog\/#\/schema\/person\/90100c8845ae55462ec0657d3d2f8d3b\"},\"headline\":\"Por qu\u00e9 s\u00ed debe ir a los debates\",\"datePublished\":\"2025-11-18T06:02:57+00:00\",\"dateModified\":\"2025-11-18T06:03:00+00:00\",\"mainEntityOfPage\":{\"@id\":\"https:\/\/viniciojarquin.com\/blog\/por-que-si-debe-ir-a-los-debates\/\"},\"wordCount\":630,\"commentCount\":0,\"publisher\":{\"@id\":\"https:\/\/viniciojarquin.com\/blog\/#\/schema\/person\/90100c8845ae55462ec0657d3d2f8d3b\"},\"articleSection\":[\"Elecciones 2026\"],\"inLanguage\":\"es\",\"potentialAction\":[{\"@type\":\"CommentAction\",\"name\":\"Comment\",\"target\":[\"https:\/\/viniciojarquin.com\/blog\/por-que-si-debe-ir-a-los-debates\/#respond\"]}]},{\"@type\":\"WebPage\",\"@id\":\"https:\/\/viniciojarquin.com\/blog\/por-que-si-debe-ir-a-los-debates\/\",\"url\":\"https:\/\/viniciojarquin.com\/blog\/por-que-si-debe-ir-a-los-debates\/\",\"name\":\"Por qu\u00e9 s\u00ed debe ir a los debates - MI BLOG\",\"isPartOf\":{\"@id\":\"https:\/\/viniciojarquin.com\/blog\/#website\"},\"datePublished\":\"2025-11-18T06:02:57+00:00\",\"dateModified\":\"2025-11-18T06:03:00+00:00\",\"breadcrumb\":{\"@id\":\"https:\/\/viniciojarquin.com\/blog\/por-que-si-debe-ir-a-los-debates\/#breadcrumb\"},\"inLanguage\":\"es\",\"potentialAction\":[{\"@type\":\"ReadAction\",\"target\":[\"https:\/\/viniciojarquin.com\/blog\/por-que-si-debe-ir-a-los-debates\/\"]}]},{\"@type\":\"BreadcrumbList\",\"@id\":\"https:\/\/viniciojarquin.com\/blog\/por-que-si-debe-ir-a-los-debates\/#breadcrumb\",\"itemListElement\":[{\"@type\":\"ListItem\",\"position\":1,\"name\":\"Portada\",\"item\":\"https:\/\/viniciojarquin.com\/blog\/\"},{\"@type\":\"ListItem\",\"position\":2,\"name\":\"Por qu\u00e9 s\u00ed debe ir a los debates\"}]},{\"@type\":\"WebSite\",\"@id\":\"https:\/\/viniciojarquin.com\/blog\/#website\",\"url\":\"https:\/\/viniciojarquin.com\/blog\/\",\"name\":\"Vinicio Jarqu\u00edn BLOG\",\"description\":\"\",\"publisher\":{\"@id\":\"https:\/\/viniciojarquin.com\/blog\/#\/schema\/person\/90100c8845ae55462ec0657d3d2f8d3b\"},\"potentialAction\":[{\"@type\":\"SearchAction\",\"target\":{\"@type\":\"EntryPoint\",\"urlTemplate\":\"https:\/\/viniciojarquin.com\/blog\/?s={search_term_string}\"},\"query-input\":{\"@type\":\"PropertyValueSpecification\",\"valueRequired\":true,\"valueName\":\"search_term_string\"}}],\"inLanguage\":\"es\"},{\"@type\":[\"Person\",\"Organization\"],\"@id\":\"https:\/\/viniciojarquin.com\/blog\/#\/schema\/person\/90100c8845ae55462ec0657d3d2f8d3b\",\"name\":\"Vinicio Jarqu\u00edn\",\"image\":{\"@type\":\"ImageObject\",\"inLanguage\":\"es\",\"@id\":\"https:\/\/viniciojarquin.com\/blog\/#\/schema\/person\/image\/\",\"url\":\"https:\/\/viniciojarquin.com\/blog\/wp-content\/uploads\/2024\/10\/Logo-VinicioJarquin-original-400.png\",\"contentUrl\":\"https:\/\/viniciojarquin.com\/blog\/wp-content\/uploads\/2024\/10\/Logo-VinicioJarquin-original-400.png\",\"width\":400,\"height\":130,\"caption\":\"Vinicio Jarqu\u00edn\"},\"logo\":{\"@id\":\"https:\/\/viniciojarquin.com\/blog\/#\/schema\/person\/image\/\"},\"description\":\"Empresario textil, artista pl\u00e1stico, escritor, coach de vida y fot\u00f3grafo.\",\"sameAs\":[\"https:\/\/viniciojarquin.com\/blog\",\"https:\/\/www.facebook.com\/vinicio.jarquin\",\"https:\/\/www.instagram.com\/vinicio_jarquin\/\",\"https:\/\/www.pinterest.com\/vinnyjc\/\",\"https:\/\/www.youtube.com\/@VinicioJarquin\"],\"url\":\"https:\/\/viniciojarquin.com\/blog\/author\/admin_s02au25i\/\"}]}<\/script>\n<!-- \/ Yoast SEO plugin. -->","yoast_head_json":{"title":"Por qu\u00e9 s\u00ed debe ir a los debates - MI BLOG","robots":{"index":"index","follow":"follow","max-snippet":"max-snippet:-1","max-image-preview":"max-image-preview:large","max-video-preview":"max-video-preview:-1"},"canonical":"https:\/\/viniciojarquin.com\/blog\/por-que-si-debe-ir-a-los-debates\/","og_locale":"es_ES","og_type":"article","og_title":"Por qu\u00e9 s\u00ed debe ir a los debates - MI BLOG","og_description":"Hoy le\u00ed a alguien en redes sociales decir que do\u00f1a Laura Fern\u00e1ndez \u201cno tiene por qu\u00e9 ir a los debates\u201d, [&hellip;]","og_url":"https:\/\/viniciojarquin.com\/blog\/por-que-si-debe-ir-a-los-debates\/","og_site_name":"MI BLOG","article_publisher":"https:\/\/www.facebook.com\/vinicio.jarquin","article_author":"https:\/\/www.facebook.com\/vinicio.jarquin","article_published_time":"2025-11-18T06:02:57+00:00","article_modified_time":"2025-11-18T06:03:00+00:00","author":"Vinicio Jarqu\u00edn","twitter_card":"summary_large_image","twitter_misc":{"Escrito por":"Vinicio Jarqu\u00edn","Tiempo de lectura":"3 minutos"},"schema":{"@context":"https:\/\/schema.org","@graph":[{"@type":"Article","@id":"https:\/\/viniciojarquin.com\/blog\/por-que-si-debe-ir-a-los-debates\/#article","isPartOf":{"@id":"https:\/\/viniciojarquin.com\/blog\/por-que-si-debe-ir-a-los-debates\/"},"author":{"name":"Vinicio Jarqu\u00edn","@id":"https:\/\/viniciojarquin.com\/blog\/#\/schema\/person\/90100c8845ae55462ec0657d3d2f8d3b"},"headline":"Por qu\u00e9 s\u00ed debe ir a los debates","datePublished":"2025-11-18T06:02:57+00:00","dateModified":"2025-11-18T06:03:00+00:00","mainEntityOfPage":{"@id":"https:\/\/viniciojarquin.com\/blog\/por-que-si-debe-ir-a-los-debates\/"},"wordCount":630,"commentCount":0,"publisher":{"@id":"https:\/\/viniciojarquin.com\/blog\/#\/schema\/person\/90100c8845ae55462ec0657d3d2f8d3b"},"articleSection":["Elecciones 2026"],"inLanguage":"es","potentialAction":[{"@type":"CommentAction","name":"Comment","target":["https:\/\/viniciojarquin.com\/blog\/por-que-si-debe-ir-a-los-debates\/#respond"]}]},{"@type":"WebPage","@id":"https:\/\/viniciojarquin.com\/blog\/por-que-si-debe-ir-a-los-debates\/","url":"https:\/\/viniciojarquin.com\/blog\/por-que-si-debe-ir-a-los-debates\/","name":"Por qu\u00e9 s\u00ed debe ir a los debates - MI BLOG","isPartOf":{"@id":"https:\/\/viniciojarquin.com\/blog\/#website"},"datePublished":"2025-11-18T06:02:57+00:00","dateModified":"2025-11-18T06:03:00+00:00","breadcrumb":{"@id":"https:\/\/viniciojarquin.com\/blog\/por-que-si-debe-ir-a-los-debates\/#breadcrumb"},"inLanguage":"es","potentialAction":[{"@type":"ReadAction","target":["https:\/\/viniciojarquin.com\/blog\/por-que-si-debe-ir-a-los-debates\/"]}]},{"@type":"BreadcrumbList","@id":"https:\/\/viniciojarquin.com\/blog\/por-que-si-debe-ir-a-los-debates\/#breadcrumb","itemListElement":[{"@type":"ListItem","position":1,"name":"Portada","item":"https:\/\/viniciojarquin.com\/blog\/"},{"@type":"ListItem","position":2,"name":"Por qu\u00e9 s\u00ed debe ir a los debates"}]},{"@type":"WebSite","@id":"https:\/\/viniciojarquin.com\/blog\/#website","url":"https:\/\/viniciojarquin.com\/blog\/","name":"Vinicio Jarqu\u00edn BLOG","description":"","publisher":{"@id":"https:\/\/viniciojarquin.com\/blog\/#\/schema\/person\/90100c8845ae55462ec0657d3d2f8d3b"},"potentialAction":[{"@type":"SearchAction","target":{"@type":"EntryPoint","urlTemplate":"https:\/\/viniciojarquin.com\/blog\/?s={search_term_string}"},"query-input":{"@type":"PropertyValueSpecification","valueRequired":true,"valueName":"search_term_string"}}],"inLanguage":"es"},{"@type":["Person","Organization"],"@id":"https:\/\/viniciojarquin.com\/blog\/#\/schema\/person\/90100c8845ae55462ec0657d3d2f8d3b","name":"Vinicio Jarqu\u00edn","image":{"@type":"ImageObject","inLanguage":"es","@id":"https:\/\/viniciojarquin.com\/blog\/#\/schema\/person\/image\/","url":"https:\/\/viniciojarquin.com\/blog\/wp-content\/uploads\/2024\/10\/Logo-VinicioJarquin-original-400.png","contentUrl":"https:\/\/viniciojarquin.com\/blog\/wp-content\/uploads\/2024\/10\/Logo-VinicioJarquin-original-400.png","width":400,"height":130,"caption":"Vinicio Jarqu\u00edn"},"logo":{"@id":"https:\/\/viniciojarquin.com\/blog\/#\/schema\/person\/image\/"},"description":"Empresario textil, artista pl\u00e1stico, escritor, coach de vida y fot\u00f3grafo.","sameAs":["https:\/\/viniciojarquin.com\/blog","https:\/\/www.facebook.com\/vinicio.jarquin","https:\/\/www.instagram.com\/vinicio_jarquin\/","https:\/\/www.pinterest.com\/vinnyjc\/","https:\/\/www.youtube.com\/@VinicioJarquin"],"url":"https:\/\/viniciojarquin.com\/blog\/author\/admin_s02au25i\/"}]}},"blog_post_layout_featured_media_urls":{"thumbnail":"","full":""},"categories_names":{"17":{"name":"Elecciones 2026","link":"https:\/\/viniciojarquin.com\/blog\/category\/elecciones-2026\/"}},"tags_names":[],"comments_number":"0","_links":{"self":[{"href":"https:\/\/viniciojarquin.com\/blog\/wp-json\/wp\/v2\/posts\/1418","targetHints":{"allow":["GET"]}}],"collection":[{"href":"https:\/\/viniciojarquin.com\/blog\/wp-json\/wp\/v2\/posts"}],"about":[{"href":"https:\/\/viniciojarquin.com\/blog\/wp-json\/wp\/v2\/types\/post"}],"author":[{"embeddable":true,"href":"https:\/\/viniciojarquin.com\/blog\/wp-json\/wp\/v2\/users\/1"}],"replies":[{"embeddable":true,"href":"https:\/\/viniciojarquin.com\/blog\/wp-json\/wp\/v2\/comments?post=1418"}],"version-history":[{"count":1,"href":"https:\/\/viniciojarquin.com\/blog\/wp-json\/wp\/v2\/posts\/1418\/revisions"}],"predecessor-version":[{"id":1419,"href":"https:\/\/viniciojarquin.com\/blog\/wp-json\/wp\/v2\/posts\/1418\/revisions\/1419"}],"wp:attachment":[{"href":"https:\/\/viniciojarquin.com\/blog\/wp-json\/wp\/v2\/media?parent=1418"}],"wp:term":[{"taxonomy":"category","embeddable":true,"href":"https:\/\/viniciojarquin.com\/blog\/wp-json\/wp\/v2\/categories?post=1418"},{"taxonomy":"post_tag","embeddable":true,"href":"https:\/\/viniciojarquin.com\/blog\/wp-json\/wp\/v2\/tags?post=1418"}],"curies":[{"name":"wp","href":"https:\/\/api.w.org\/{rel}","templated":true}]}}