{"id":1860,"date":"2025-12-16T01:13:15","date_gmt":"2025-12-16T01:13:15","guid":{"rendered":"https:\/\/viniciojarquin.com\/blog\/?p=1860"},"modified":"2025-12-16T01:13:19","modified_gmt":"2025-12-16T01:13:19","slug":"ii-dona-laura-fernandez-y-la-pregunta-por-la-idoneidad","status":"publish","type":"post","link":"https:\/\/viniciojarquin.com\/blog\/ii-dona-laura-fernandez-y-la-pregunta-por-la-idoneidad\/","title":{"rendered":"II &#8211; Do\u00f1a Laura Fern\u00e1ndez y la pregunta por la idoneidad"},"content":{"rendered":"\n<p>\u00bfPor qu\u00e9 no deber\u00edamos votar por el continuismo?<\/p>\n\n\n\n<p>Supongamos, con serenidad y sin prejuicios, que do\u00f1a Laura Fern\u00e1ndez sea quien gobierne el pa\u00eds durante cuatro a\u00f1os. Supongamos tambi\u00e9n que lo haga separ\u00e1ndose, en la pr\u00e1ctica, de la influencia directa de don Rodrigo Ch\u00e1vez. En ese escenario, aparece una pregunta inevitable y profundamente leg\u00edtima: \u00bfqu\u00e9 atestados profesionales y de experiencia aporta do\u00f1a Laura que superen a los de la mayor\u00eda de los otros candidatos?<\/p>\n\n\n\n<p>Cuando uno observa el panorama electoral completo, encuentra personas con trayectorias acad\u00e9micas m\u00e1s s\u00f3lidas, con mayor experiencia en gesti\u00f3n p\u00fablica, con partidos pol\u00edticos que no surgieron hace unos pocos meses, sino que tienen historia, estructura, equipos t\u00e9cnicos y logros ya realizados. Encuentra candidaturas que se presentan a debates, que se exponen al contraste de ideas, que aceptan preguntas inc\u00f3modas y se muestran ante el pa\u00eds sin filtros.<\/p>\n\n\n\n<p>En contraste, do\u00f1a Laura aparece como una candidata cuyos t\u00edtulos profesionales son, objetivamente, inferiores a los de varios de sus contendientes. Su pr\u00e1ctica profesional, aunque existente, no destaca por una trayectoria amplia o reconocida en la conducci\u00f3n de un Estado complejo como Costa Rica. Y, adem\u00e1s, ha optado por no asistir a debates, renunciando voluntariamente a uno de los principales espacios democr\u00e1ticos para explicar, defender y contrastar sus propuestas frente a otros liderazgos.<\/p>\n\n\n\n<p>A esto se suma un elemento central: ella se define a s\u00ed misma como candidata de continuidad. Continuidad de un gobierno cuyos resultados, \u00edndices y pr\u00e1cticas han sido, como m\u00ednimo, pol\u00e9micos y ampliamente cuestionados. Continuidad de un estilo confrontativo, de una relaci\u00f3n tensa con las instituciones y de decisiones que han generado divisi\u00f3n m\u00e1s que consensos.<\/p>\n\n\n\n<p>Do\u00f1a Laura sostiene que gobernar\u00eda con don Rodrigo a su lado. Pero esa afirmaci\u00f3n depende de m\u00faltiples condiciones que no est\u00e1n bajo su control. Si, una vez en el poder, las autoridades judiciales avanzaran en denuncias, acusaciones o procesos contra don Rodrigo, y este quedara fuera de la escena pol\u00edtica activa, la pregunta vuelve con m\u00e1s fuerza: \u00bftiene do\u00f1a Laura la capacidad profesional, t\u00e9cnica e intelectual para gobernar el pa\u00eds por s\u00ed sola?<\/p>\n\n\n\n<p>No se trata de descalificarla como persona. Se trata de evaluar con responsabilidad a quien podr\u00eda ocupar la Presidencia de la Rep\u00fablica. Gobernar Costa Rica no es un aprendizaje en el camino. Requiere preparaci\u00f3n, experiencia, temple, visi\u00f3n y la capacidad de dialogar con sectores diversos, con partidos distintos y con instituciones que no siempre estar\u00e1n de acuerdo.<\/p>\n\n\n\n<p>Pensar el voto tambi\u00e9n implica hacerse estas preguntas inc\u00f3modas. No desde el ataque, sino desde la seriedad que exige el futuro del pa\u00eds.<\/p>\n\n\n\n<figure class=\"wp-block-image size-full\"><img decoding=\"async\" width=\"800\" height=\"500\" data-src=\"https:\/\/viniciojarquin.com\/blog\/wp-content\/uploads\/2025\/12\/Por-que-no-deberiamos-votar-por-el-continuismo-02.jpg\" alt=\"\" class=\"wp-image-1875 lazyload\" data-srcset=\"https:\/\/viniciojarquin.com\/blog\/wp-content\/uploads\/2025\/12\/Por-que-no-deberiamos-votar-por-el-continuismo-02.jpg 800w, https:\/\/viniciojarquin.com\/blog\/wp-content\/uploads\/2025\/12\/Por-que-no-deberiamos-votar-por-el-continuismo-02-300x188.jpg 300w, https:\/\/viniciojarquin.com\/blog\/wp-content\/uploads\/2025\/12\/Por-que-no-deberiamos-votar-por-el-continuismo-02-768x480.jpg 768w\" data-sizes=\"(max-width: 800px) 100vw, 800px\" src=\"data:image\/svg+xml;base64,PHN2ZyB3aWR0aD0iMSIgaGVpZ2h0PSIxIiB4bWxucz0iaHR0cDovL3d3dy53My5vcmcvMjAwMC9zdmciPjwvc3ZnPg==\" style=\"--smush-placeholder-width: 800px; --smush-placeholder-aspect-ratio: 800\/500;\" \/><\/figure>\n","protected":false},"excerpt":{"rendered":"<p>\u00bfPor qu\u00e9 no deber\u00edamos votar por el continuismo? Supongamos, con serenidad y sin prejuicios, que do\u00f1a Laura Fern\u00e1ndez sea quien [&hellip;]<\/p>\n","protected":false},"author":1,"featured_media":1875,"comment_status":"open","ping_status":"open","sticky":false,"template":"","format":"standard","meta":{"site-sidebar-layout":"default","site-content-layout":"","ast-site-content-layout":"","site-content-style":"default","site-sidebar-style":"default","ast-global-header-display":"","ast-banner-title-visibility":"","ast-main-header-display":"","ast-hfb-above-header-display":"","ast-hfb-below-header-display":"","ast-hfb-mobile-header-display":"","site-post-title":"","ast-breadcrumbs-content":"","ast-featured-img":"","footer-sml-layout":"","theme-transparent-header-meta":"","adv-header-id-meta":"","stick-header-meta":"","header-above-stick-meta":"","header-main-stick-meta":"","header-below-stick-meta":"","astra-migrate-meta-layouts":"default","ast-page-background-enabled":"default","ast-page-background-meta":{"desktop":{"background-color":"var(--ast-global-color-5)","background-image":"","background-repeat":"repeat","background-position":"center center","background-size":"auto","background-attachment":"scroll","background-type":"","background-media":"","overlay-type":"","overlay-color":"","overlay-opacity":"","overlay-gradient":""},"tablet":{"background-color":"","background-image":"","background-repeat":"repeat","background-position":"center center","background-size":"auto","background-attachment":"scroll","background-type":"","background-media":"","overlay-type":"","overlay-color":"","overlay-opacity":"","overlay-gradient":""},"mobile":{"background-color":"","background-image":"","background-repeat":"repeat","background-position":"center center","background-size":"auto","background-attachment":"scroll","background-type":"","background-media":"","overlay-type":"","overlay-color":"","overlay-opacity":"","overlay-gradient":""}},"ast-content-background-meta":{"desktop":{"background-color":"var(--ast-global-color-4)","background-image":"","background-repeat":"repeat","background-position":"center center","background-size":"auto","background-attachment":"scroll","background-type":"","background-media":"","overlay-type":"","overlay-color":"","overlay-opacity":"","overlay-gradient":""},"tablet":{"background-color":"var(--ast-global-color-4)","background-image":"","background-repeat":"repeat","background-position":"center center","background-size":"auto","background-attachment":"scroll","background-type":"","background-media":"","overlay-type":"","overlay-color":"","overlay-opacity":"","overlay-gradient":""},"mobile":{"background-color":"var(--ast-global-color-4)","background-image":"","background-repeat":"repeat","background-position":"center center","background-size":"auto","background-attachment":"scroll","background-type":"","background-media":"","overlay-type":"","overlay-color":"","overlay-opacity":"","overlay-gradient":""}},"footnotes":""},"categories":[28],"tags":[],"class_list":["post-1860","post","type-post","status-publish","format-standard","has-post-thumbnail","hentry","category-serie-por-que-no-al-continuismo"],"yoast_head":"<!-- This site is optimized with the Yoast SEO plugin v26.0 - https:\/\/yoast.com\/wordpress\/plugins\/seo\/ -->\n<title>II - Do\u00f1a Laura Fern\u00e1ndez y la pregunta por la idoneidad - MI BLOG<\/title>\n<meta name=\"robots\" content=\"index, follow, max-snippet:-1, max-image-preview:large, max-video-preview:-1\" \/>\n<link rel=\"canonical\" href=\"https:\/\/viniciojarquin.com\/blog\/ii-dona-laura-fernandez-y-la-pregunta-por-la-idoneidad\/\" \/>\n<meta property=\"og:locale\" content=\"es_ES\" \/>\n<meta property=\"og:type\" content=\"article\" \/>\n<meta property=\"og:title\" content=\"II - Do\u00f1a Laura Fern\u00e1ndez y la pregunta por la idoneidad - MI BLOG\" \/>\n<meta property=\"og:description\" content=\"\u00bfPor qu\u00e9 no deber\u00edamos votar por el continuismo? Supongamos, con serenidad y sin prejuicios, que do\u00f1a Laura Fern\u00e1ndez sea quien [&hellip;]\" \/>\n<meta property=\"og:url\" content=\"https:\/\/viniciojarquin.com\/blog\/ii-dona-laura-fernandez-y-la-pregunta-por-la-idoneidad\/\" \/>\n<meta property=\"og:site_name\" content=\"MI BLOG\" \/>\n<meta property=\"article:publisher\" content=\"https:\/\/www.facebook.com\/vinicio.jarquin\" \/>\n<meta property=\"article:author\" content=\"https:\/\/www.facebook.com\/vinicio.jarquin\" \/>\n<meta property=\"article:published_time\" content=\"2025-12-16T01:13:15+00:00\" \/>\n<meta property=\"article:modified_time\" content=\"2025-12-16T01:13:19+00:00\" \/>\n<meta property=\"og:image\" content=\"https:\/\/viniciojarquin.com\/blog\/wp-content\/uploads\/2025\/12\/Por-que-no-deberiamos-votar-por-el-continuismo-02.jpg\" \/>\n\t<meta property=\"og:image:width\" content=\"800\" \/>\n\t<meta property=\"og:image:height\" content=\"500\" \/>\n\t<meta property=\"og:image:type\" content=\"image\/jpeg\" \/>\n<meta name=\"author\" content=\"Vinicio Jarqu\u00edn\" \/>\n<meta name=\"twitter:card\" content=\"summary_large_image\" \/>\n<meta name=\"twitter:label1\" content=\"Escrito por\" \/>\n\t<meta name=\"twitter:data1\" content=\"Vinicio Jarqu\u00edn\" \/>\n\t<meta name=\"twitter:label2\" content=\"Tiempo de lectura\" \/>\n\t<meta name=\"twitter:data2\" content=\"3 minutos\" \/>\n<script type=\"application\/ld+json\" class=\"yoast-schema-graph\">{\"@context\":\"https:\/\/schema.org\",\"@graph\":[{\"@type\":\"Article\",\"@id\":\"https:\/\/viniciojarquin.com\/blog\/ii-dona-laura-fernandez-y-la-pregunta-por-la-idoneidad\/#article\",\"isPartOf\":{\"@id\":\"https:\/\/viniciojarquin.com\/blog\/ii-dona-laura-fernandez-y-la-pregunta-por-la-idoneidad\/\"},\"author\":{\"name\":\"Vinicio Jarqu\u00edn\",\"@id\":\"https:\/\/viniciojarquin.com\/blog\/#\/schema\/person\/90100c8845ae55462ec0657d3d2f8d3b\"},\"headline\":\"II &#8211; Do\u00f1a Laura Fern\u00e1ndez y la pregunta por la idoneidad\",\"datePublished\":\"2025-12-16T01:13:15+00:00\",\"dateModified\":\"2025-12-16T01:13:19+00:00\",\"mainEntityOfPage\":{\"@id\":\"https:\/\/viniciojarquin.com\/blog\/ii-dona-laura-fernandez-y-la-pregunta-por-la-idoneidad\/\"},\"wordCount\":486,\"commentCount\":0,\"publisher\":{\"@id\":\"https:\/\/viniciojarquin.com\/blog\/#\/schema\/person\/90100c8845ae55462ec0657d3d2f8d3b\"},\"image\":{\"@id\":\"https:\/\/viniciojarquin.com\/blog\/ii-dona-laura-fernandez-y-la-pregunta-por-la-idoneidad\/#primaryimage\"},\"thumbnailUrl\":\"https:\/\/viniciojarquin.com\/blog\/wp-content\/uploads\/2025\/12\/Por-que-no-deberiamos-votar-por-el-continuismo-02.jpg\",\"articleSection\":[\"Serie: Por qu\u00e9 NO al continuismo\"],\"inLanguage\":\"es\",\"potentialAction\":[{\"@type\":\"CommentAction\",\"name\":\"Comment\",\"target\":[\"https:\/\/viniciojarquin.com\/blog\/ii-dona-laura-fernandez-y-la-pregunta-por-la-idoneidad\/#respond\"]}]},{\"@type\":\"WebPage\",\"@id\":\"https:\/\/viniciojarquin.com\/blog\/ii-dona-laura-fernandez-y-la-pregunta-por-la-idoneidad\/\",\"url\":\"https:\/\/viniciojarquin.com\/blog\/ii-dona-laura-fernandez-y-la-pregunta-por-la-idoneidad\/\",\"name\":\"II - Do\u00f1a Laura Fern\u00e1ndez y la pregunta por la idoneidad - MI BLOG\",\"isPartOf\":{\"@id\":\"https:\/\/viniciojarquin.com\/blog\/#website\"},\"primaryImageOfPage\":{\"@id\":\"https:\/\/viniciojarquin.com\/blog\/ii-dona-laura-fernandez-y-la-pregunta-por-la-idoneidad\/#primaryimage\"},\"image\":{\"@id\":\"https:\/\/viniciojarquin.com\/blog\/ii-dona-laura-fernandez-y-la-pregunta-por-la-idoneidad\/#primaryimage\"},\"thumbnailUrl\":\"https:\/\/viniciojarquin.com\/blog\/wp-content\/uploads\/2025\/12\/Por-que-no-deberiamos-votar-por-el-continuismo-02.jpg\",\"datePublished\":\"2025-12-16T01:13:15+00:00\",\"dateModified\":\"2025-12-16T01:13:19+00:00\",\"breadcrumb\":{\"@id\":\"https:\/\/viniciojarquin.com\/blog\/ii-dona-laura-fernandez-y-la-pregunta-por-la-idoneidad\/#breadcrumb\"},\"inLanguage\":\"es\",\"potentialAction\":[{\"@type\":\"ReadAction\",\"target\":[\"https:\/\/viniciojarquin.com\/blog\/ii-dona-laura-fernandez-y-la-pregunta-por-la-idoneidad\/\"]}]},{\"@type\":\"ImageObject\",\"inLanguage\":\"es\",\"@id\":\"https:\/\/viniciojarquin.com\/blog\/ii-dona-laura-fernandez-y-la-pregunta-por-la-idoneidad\/#primaryimage\",\"url\":\"https:\/\/viniciojarquin.com\/blog\/wp-content\/uploads\/2025\/12\/Por-que-no-deberiamos-votar-por-el-continuismo-02.jpg\",\"contentUrl\":\"https:\/\/viniciojarquin.com\/blog\/wp-content\/uploads\/2025\/12\/Por-que-no-deberiamos-votar-por-el-continuismo-02.jpg\",\"width\":800,\"height\":500},{\"@type\":\"BreadcrumbList\",\"@id\":\"https:\/\/viniciojarquin.com\/blog\/ii-dona-laura-fernandez-y-la-pregunta-por-la-idoneidad\/#breadcrumb\",\"itemListElement\":[{\"@type\":\"ListItem\",\"position\":1,\"name\":\"Portada\",\"item\":\"https:\/\/viniciojarquin.com\/blog\/\"},{\"@type\":\"ListItem\",\"position\":2,\"name\":\"II &#8211; Do\u00f1a Laura Fern\u00e1ndez y la pregunta por la idoneidad\"}]},{\"@type\":\"WebSite\",\"@id\":\"https:\/\/viniciojarquin.com\/blog\/#website\",\"url\":\"https:\/\/viniciojarquin.com\/blog\/\",\"name\":\"Vinicio Jarqu\u00edn BLOG\",\"description\":\"\",\"publisher\":{\"@id\":\"https:\/\/viniciojarquin.com\/blog\/#\/schema\/person\/90100c8845ae55462ec0657d3d2f8d3b\"},\"potentialAction\":[{\"@type\":\"SearchAction\",\"target\":{\"@type\":\"EntryPoint\",\"urlTemplate\":\"https:\/\/viniciojarquin.com\/blog\/?s={search_term_string}\"},\"query-input\":{\"@type\":\"PropertyValueSpecification\",\"valueRequired\":true,\"valueName\":\"search_term_string\"}}],\"inLanguage\":\"es\"},{\"@type\":[\"Person\",\"Organization\"],\"@id\":\"https:\/\/viniciojarquin.com\/blog\/#\/schema\/person\/90100c8845ae55462ec0657d3d2f8d3b\",\"name\":\"Vinicio Jarqu\u00edn\",\"image\":{\"@type\":\"ImageObject\",\"inLanguage\":\"es\",\"@id\":\"https:\/\/viniciojarquin.com\/blog\/#\/schema\/person\/image\/\",\"url\":\"https:\/\/viniciojarquin.com\/blog\/wp-content\/uploads\/2024\/10\/Logo-VinicioJarquin-original-400.png\",\"contentUrl\":\"https:\/\/viniciojarquin.com\/blog\/wp-content\/uploads\/2024\/10\/Logo-VinicioJarquin-original-400.png\",\"width\":400,\"height\":130,\"caption\":\"Vinicio Jarqu\u00edn\"},\"logo\":{\"@id\":\"https:\/\/viniciojarquin.com\/blog\/#\/schema\/person\/image\/\"},\"description\":\"Empresario textil, artista pl\u00e1stico, escritor, coach de vida y fot\u00f3grafo.\",\"sameAs\":[\"https:\/\/viniciojarquin.com\/blog\",\"https:\/\/www.facebook.com\/vinicio.jarquin\",\"https:\/\/www.instagram.com\/vinicio_jarquin\/\",\"https:\/\/www.pinterest.com\/vinnyjc\/\",\"https:\/\/www.youtube.com\/@VinicioJarquin\"],\"url\":\"https:\/\/viniciojarquin.com\/blog\/author\/admin_s02au25i\/\"}]}<\/script>\n<!-- \/ Yoast SEO plugin. -->","yoast_head_json":{"title":"II - Do\u00f1a Laura Fern\u00e1ndez y la pregunta por la idoneidad - MI BLOG","robots":{"index":"index","follow":"follow","max-snippet":"max-snippet:-1","max-image-preview":"max-image-preview:large","max-video-preview":"max-video-preview:-1"},"canonical":"https:\/\/viniciojarquin.com\/blog\/ii-dona-laura-fernandez-y-la-pregunta-por-la-idoneidad\/","og_locale":"es_ES","og_type":"article","og_title":"II - Do\u00f1a Laura Fern\u00e1ndez y la pregunta por la idoneidad - MI BLOG","og_description":"\u00bfPor qu\u00e9 no deber\u00edamos votar por el continuismo? Supongamos, con serenidad y sin prejuicios, que do\u00f1a Laura Fern\u00e1ndez sea quien [&hellip;]","og_url":"https:\/\/viniciojarquin.com\/blog\/ii-dona-laura-fernandez-y-la-pregunta-por-la-idoneidad\/","og_site_name":"MI BLOG","article_publisher":"https:\/\/www.facebook.com\/vinicio.jarquin","article_author":"https:\/\/www.facebook.com\/vinicio.jarquin","article_published_time":"2025-12-16T01:13:15+00:00","article_modified_time":"2025-12-16T01:13:19+00:00","og_image":[{"width":800,"height":500,"url":"https:\/\/viniciojarquin.com\/blog\/wp-content\/uploads\/2025\/12\/Por-que-no-deberiamos-votar-por-el-continuismo-02.jpg","type":"image\/jpeg"}],"author":"Vinicio Jarqu\u00edn","twitter_card":"summary_large_image","twitter_misc":{"Escrito por":"Vinicio Jarqu\u00edn","Tiempo de lectura":"3 minutos"},"schema":{"@context":"https:\/\/schema.org","@graph":[{"@type":"Article","@id":"https:\/\/viniciojarquin.com\/blog\/ii-dona-laura-fernandez-y-la-pregunta-por-la-idoneidad\/#article","isPartOf":{"@id":"https:\/\/viniciojarquin.com\/blog\/ii-dona-laura-fernandez-y-la-pregunta-por-la-idoneidad\/"},"author":{"name":"Vinicio Jarqu\u00edn","@id":"https:\/\/viniciojarquin.com\/blog\/#\/schema\/person\/90100c8845ae55462ec0657d3d2f8d3b"},"headline":"II &#8211; Do\u00f1a Laura Fern\u00e1ndez y la pregunta por la idoneidad","datePublished":"2025-12-16T01:13:15+00:00","dateModified":"2025-12-16T01:13:19+00:00","mainEntityOfPage":{"@id":"https:\/\/viniciojarquin.com\/blog\/ii-dona-laura-fernandez-y-la-pregunta-por-la-idoneidad\/"},"wordCount":486,"commentCount":0,"publisher":{"@id":"https:\/\/viniciojarquin.com\/blog\/#\/schema\/person\/90100c8845ae55462ec0657d3d2f8d3b"},"image":{"@id":"https:\/\/viniciojarquin.com\/blog\/ii-dona-laura-fernandez-y-la-pregunta-por-la-idoneidad\/#primaryimage"},"thumbnailUrl":"https:\/\/viniciojarquin.com\/blog\/wp-content\/uploads\/2025\/12\/Por-que-no-deberiamos-votar-por-el-continuismo-02.jpg","articleSection":["Serie: Por qu\u00e9 NO al continuismo"],"inLanguage":"es","potentialAction":[{"@type":"CommentAction","name":"Comment","target":["https:\/\/viniciojarquin.com\/blog\/ii-dona-laura-fernandez-y-la-pregunta-por-la-idoneidad\/#respond"]}]},{"@type":"WebPage","@id":"https:\/\/viniciojarquin.com\/blog\/ii-dona-laura-fernandez-y-la-pregunta-por-la-idoneidad\/","url":"https:\/\/viniciojarquin.com\/blog\/ii-dona-laura-fernandez-y-la-pregunta-por-la-idoneidad\/","name":"II - Do\u00f1a Laura Fern\u00e1ndez y la pregunta por la idoneidad - MI BLOG","isPartOf":{"@id":"https:\/\/viniciojarquin.com\/blog\/#website"},"primaryImageOfPage":{"@id":"https:\/\/viniciojarquin.com\/blog\/ii-dona-laura-fernandez-y-la-pregunta-por-la-idoneidad\/#primaryimage"},"image":{"@id":"https:\/\/viniciojarquin.com\/blog\/ii-dona-laura-fernandez-y-la-pregunta-por-la-idoneidad\/#primaryimage"},"thumbnailUrl":"https:\/\/viniciojarquin.com\/blog\/wp-content\/uploads\/2025\/12\/Por-que-no-deberiamos-votar-por-el-continuismo-02.jpg","datePublished":"2025-12-16T01:13:15+00:00","dateModified":"2025-12-16T01:13:19+00:00","breadcrumb":{"@id":"https:\/\/viniciojarquin.com\/blog\/ii-dona-laura-fernandez-y-la-pregunta-por-la-idoneidad\/#breadcrumb"},"inLanguage":"es","potentialAction":[{"@type":"ReadAction","target":["https:\/\/viniciojarquin.com\/blog\/ii-dona-laura-fernandez-y-la-pregunta-por-la-idoneidad\/"]}]},{"@type":"ImageObject","inLanguage":"es","@id":"https:\/\/viniciojarquin.com\/blog\/ii-dona-laura-fernandez-y-la-pregunta-por-la-idoneidad\/#primaryimage","url":"https:\/\/viniciojarquin.com\/blog\/wp-content\/uploads\/2025\/12\/Por-que-no-deberiamos-votar-por-el-continuismo-02.jpg","contentUrl":"https:\/\/viniciojarquin.com\/blog\/wp-content\/uploads\/2025\/12\/Por-que-no-deberiamos-votar-por-el-continuismo-02.jpg","width":800,"height":500},{"@type":"BreadcrumbList","@id":"https:\/\/viniciojarquin.com\/blog\/ii-dona-laura-fernandez-y-la-pregunta-por-la-idoneidad\/#breadcrumb","itemListElement":[{"@type":"ListItem","position":1,"name":"Portada","item":"https:\/\/viniciojarquin.com\/blog\/"},{"@type":"ListItem","position":2,"name":"II &#8211; Do\u00f1a Laura Fern\u00e1ndez y la pregunta por la idoneidad"}]},{"@type":"WebSite","@id":"https:\/\/viniciojarquin.com\/blog\/#website","url":"https:\/\/viniciojarquin.com\/blog\/","name":"Vinicio Jarqu\u00edn BLOG","description":"","publisher":{"@id":"https:\/\/viniciojarquin.com\/blog\/#\/schema\/person\/90100c8845ae55462ec0657d3d2f8d3b"},"potentialAction":[{"@type":"SearchAction","target":{"@type":"EntryPoint","urlTemplate":"https:\/\/viniciojarquin.com\/blog\/?s={search_term_string}"},"query-input":{"@type":"PropertyValueSpecification","valueRequired":true,"valueName":"search_term_string"}}],"inLanguage":"es"},{"@type":["Person","Organization"],"@id":"https:\/\/viniciojarquin.com\/blog\/#\/schema\/person\/90100c8845ae55462ec0657d3d2f8d3b","name":"Vinicio Jarqu\u00edn","image":{"@type":"ImageObject","inLanguage":"es","@id":"https:\/\/viniciojarquin.com\/blog\/#\/schema\/person\/image\/","url":"https:\/\/viniciojarquin.com\/blog\/wp-content\/uploads\/2024\/10\/Logo-VinicioJarquin-original-400.png","contentUrl":"https:\/\/viniciojarquin.com\/blog\/wp-content\/uploads\/2024\/10\/Logo-VinicioJarquin-original-400.png","width":400,"height":130,"caption":"Vinicio Jarqu\u00edn"},"logo":{"@id":"https:\/\/viniciojarquin.com\/blog\/#\/schema\/person\/image\/"},"description":"Empresario textil, artista pl\u00e1stico, escritor, coach de vida y fot\u00f3grafo.","sameAs":["https:\/\/viniciojarquin.com\/blog","https:\/\/www.facebook.com\/vinicio.jarquin","https:\/\/www.instagram.com\/vinicio_jarquin\/","https:\/\/www.pinterest.com\/vinnyjc\/","https:\/\/www.youtube.com\/@VinicioJarquin"],"url":"https:\/\/viniciojarquin.com\/blog\/author\/admin_s02au25i\/"}]}},"blog_post_layout_featured_media_urls":{"thumbnail":["https:\/\/viniciojarquin.com\/blog\/wp-content\/uploads\/2025\/12\/Por-que-no-deberiamos-votar-por-el-continuismo-02-150x150.jpg",150,150,true],"full":["https:\/\/viniciojarquin.com\/blog\/wp-content\/uploads\/2025\/12\/Por-que-no-deberiamos-votar-por-el-continuismo-02.jpg",800,500,false]},"categories_names":{"28":{"name":"Serie: Por qu\u00e9 NO al continuismo","link":"https:\/\/viniciojarquin.com\/blog\/category\/serie-por-que-no-al-continuismo\/"}},"tags_names":[],"comments_number":"0","_links":{"self":[{"href":"https:\/\/viniciojarquin.com\/blog\/wp-json\/wp\/v2\/posts\/1860","targetHints":{"allow":["GET"]}}],"collection":[{"href":"https:\/\/viniciojarquin.com\/blog\/wp-json\/wp\/v2\/posts"}],"about":[{"href":"https:\/\/viniciojarquin.com\/blog\/wp-json\/wp\/v2\/types\/post"}],"author":[{"embeddable":true,"href":"https:\/\/viniciojarquin.com\/blog\/wp-json\/wp\/v2\/users\/1"}],"replies":[{"embeddable":true,"href":"https:\/\/viniciojarquin.com\/blog\/wp-json\/wp\/v2\/comments?post=1860"}],"version-history":[{"count":1,"href":"https:\/\/viniciojarquin.com\/blog\/wp-json\/wp\/v2\/posts\/1860\/revisions"}],"predecessor-version":[{"id":1876,"href":"https:\/\/viniciojarquin.com\/blog\/wp-json\/wp\/v2\/posts\/1860\/revisions\/1876"}],"wp:featuredmedia":[{"embeddable":true,"href":"https:\/\/viniciojarquin.com\/blog\/wp-json\/wp\/v2\/media\/1875"}],"wp:attachment":[{"href":"https:\/\/viniciojarquin.com\/blog\/wp-json\/wp\/v2\/media?parent=1860"}],"wp:term":[{"taxonomy":"category","embeddable":true,"href":"https:\/\/viniciojarquin.com\/blog\/wp-json\/wp\/v2\/categories?post=1860"},{"taxonomy":"post_tag","embeddable":true,"href":"https:\/\/viniciojarquin.com\/blog\/wp-json\/wp\/v2\/tags?post=1860"}],"curies":[{"name":"wp","href":"https:\/\/api.w.org\/{rel}","templated":true}]}}