{"id":1864,"date":"2025-12-16T01:15:39","date_gmt":"2025-12-16T01:15:39","guid":{"rendered":"https:\/\/viniciojarquin.com\/blog\/?p=1864"},"modified":"2025-12-16T01:15:43","modified_gmt":"2025-12-16T01:15:43","slug":"vi-la-seguridad-y-la-normalizacion-del-miedo","status":"publish","type":"post","link":"https:\/\/viniciojarquin.com\/blog\/vi-la-seguridad-y-la-normalizacion-del-miedo\/","title":{"rendered":"VI &#8211; La seguridad y la normalizaci\u00f3n del miedo"},"content":{"rendered":"\n<p>\u00bfPor qu\u00e9 no deber\u00edamos votar por el continuismo?<\/p>\n\n\n\n<p>La seguridad se ha convertido en una de las mayores preocupaciones del pa\u00eds. Y no es una percepci\u00f3n aislada ni exagerada. Nunca en Costa Rica hab\u00edamos vivido un nivel de inseguridad como el actual. La cantidad de homicidios, la sensaci\u00f3n permanente de riesgo, la p\u00e9rdida de tranquilidad para salir de casa, el ambiente que se respira en las calles\u2026 todo eso forma parte hoy de la vida cotidiana de muchos costarricenses.<\/p>\n\n\n\n<p>Esto no es ideolog\u00eda. Es experiencia diaria.<\/p>\n\n\n\n<p>La candidata del continuismo asegura que tiene planes para enfrentar esta situaci\u00f3n. Habla de estrategias, de medidas, de soluciones. Pero aqu\u00ed aparece una contradicci\u00f3n que no se puede ignorar: ella forma parte del gobierno actual. Y cada vez que propone una idea para resolver la inseguridad, lo que indirectamente est\u00e1 diciendo es qu\u00e9 fue lo que no se hizo cuando tuvo la oportunidad de hacerlo.<\/p>\n\n\n\n<p>Porque si esas ideas eran tan claras, tan efectivas y urgentes, la pregunta es inevitable: \u00bfpor qu\u00e9 no se implementaron cuando ella estaba en el gobierno? \u00bfPor qu\u00e9 no se pusieron en marcha hace meses, o incluso a\u00f1os, cuando el problema ya era evidente y el deterioro de la seguridad avanzaba?<\/p>\n\n\n\n<p>Prometer soluciones desde la campa\u00f1a, mientras a\u00fan se ejerce poder, suena menos a propuesta y m\u00e1s a confesi\u00f3n.<\/p>\n\n\n\n<p>Hay otro elemento a\u00fan m\u00e1s delicado. En alg\u00fan momento se ha sugerido, o se ha dejado entrever, la posibilidad de pedir permisos extraordinarios para suspender o limitar garant\u00edas individuales como mecanismo para enfrentar la criminalidad. Y eso no es una soluci\u00f3n t\u00e9cnica: es una amenaza directa a la libertad y a la democracia.<\/p>\n\n\n\n<p>Costa Rica no se ha construido recortando derechos cuando las cosas se ponen dif\u00edciles. Al contrario. Nuestra historia democr\u00e1tica se ha basado en fortalecer instituciones, profesionalizar la seguridad, mejorar la inteligencia policial y respetar el marco constitucional. Suspender garant\u00edas individuales puede parecer una salida r\u00e1pida, pero es un camino peligroso, especialmente cuando se normaliza desde el discurso pol\u00edtico.<\/p>\n\n\n\n<p>La inseguridad no se combate debilitando el Estado de derecho.<br>Se combate con pol\u00edtica p\u00fablica seria, sostenida y profesional.<\/p>\n\n\n\n<p>Si hoy todav\u00eda se est\u00e1 en el gobierno, si todav\u00eda se ejerce influencia real, o si don Rodrigo Ch\u00e1vez contin\u00faa al mando, entonces la pregunta vuelve a ser la misma: \u00bfpor qu\u00e9 no se implementan desde ya las medidas que se recomiendan? \u00bfPor qu\u00e9 esperar a una eventual reelecci\u00f3n indirecta para hacer lo que, seg\u00fan se dice, es urgente y necesario?<\/p>\n\n\n\n<p>La seguridad no puede seguir siendo un tema de campa\u00f1a mientras el pa\u00eds vive con miedo. Y menos a\u00fan puede convertirse en excusa para recortar libertades que luego cuesta d\u00e9cadas recuperar.<\/p>\n\n\n\n<p>Pensar el voto tambi\u00e9n implica preguntarse si las soluciones ofrecidas llegan tarde, si son coherentes con la gesti\u00f3n actual y, sobre todo, si el precio que se nos pide pagar no es demasiado alto para un pa\u00eds que siempre ha apostado por la paz y la democracia.<\/p>\n\n\n\n<figure class=\"wp-block-image size-full\"><img decoding=\"async\" width=\"800\" height=\"500\" data-src=\"https:\/\/viniciojarquin.com\/blog\/wp-content\/uploads\/2025\/12\/Por-que-no-deberiamos-votar-por-el-continuismo-06.jpg\" alt=\"\" class=\"wp-image-1883 lazyload\" data-srcset=\"https:\/\/viniciojarquin.com\/blog\/wp-content\/uploads\/2025\/12\/Por-que-no-deberiamos-votar-por-el-continuismo-06.jpg 800w, https:\/\/viniciojarquin.com\/blog\/wp-content\/uploads\/2025\/12\/Por-que-no-deberiamos-votar-por-el-continuismo-06-300x188.jpg 300w, https:\/\/viniciojarquin.com\/blog\/wp-content\/uploads\/2025\/12\/Por-que-no-deberiamos-votar-por-el-continuismo-06-768x480.jpg 768w\" data-sizes=\"(max-width: 800px) 100vw, 800px\" src=\"data:image\/svg+xml;base64,PHN2ZyB3aWR0aD0iMSIgaGVpZ2h0PSIxIiB4bWxucz0iaHR0cDovL3d3dy53My5vcmcvMjAwMC9zdmciPjwvc3ZnPg==\" style=\"--smush-placeholder-width: 800px; --smush-placeholder-aspect-ratio: 800\/500;\" \/><\/figure>\n","protected":false},"excerpt":{"rendered":"<p>\u00bfPor qu\u00e9 no deber\u00edamos votar por el continuismo? La seguridad se ha convertido en una de las mayores preocupaciones del [&hellip;]<\/p>\n","protected":false},"author":1,"featured_media":1883,"comment_status":"open","ping_status":"open","sticky":false,"template":"","format":"standard","meta":{"site-sidebar-layout":"default","site-content-layout":"","ast-site-content-layout":"","site-content-style":"default","site-sidebar-style":"default","ast-global-header-display":"","ast-banner-title-visibility":"","ast-main-header-display":"","ast-hfb-above-header-display":"","ast-hfb-below-header-display":"","ast-hfb-mobile-header-display":"","site-post-title":"","ast-breadcrumbs-content":"","ast-featured-img":"","footer-sml-layout":"","theme-transparent-header-meta":"","adv-header-id-meta":"","stick-header-meta":"","header-above-stick-meta":"","header-main-stick-meta":"","header-below-stick-meta":"","astra-migrate-meta-layouts":"default","ast-page-background-enabled":"default","ast-page-background-meta":{"desktop":{"background-color":"var(--ast-global-color-5)","background-image":"","background-repeat":"repeat","background-position":"center center","background-size":"auto","background-attachment":"scroll","background-type":"","background-media":"","overlay-type":"","overlay-color":"","overlay-opacity":"","overlay-gradient":""},"tablet":{"background-color":"","background-image":"","background-repeat":"repeat","background-position":"center center","background-size":"auto","background-attachment":"scroll","background-type":"","background-media":"","overlay-type":"","overlay-color":"","overlay-opacity":"","overlay-gradient":""},"mobile":{"background-color":"","background-image":"","background-repeat":"repeat","background-position":"center center","background-size":"auto","background-attachment":"scroll","background-type":"","background-media":"","overlay-type":"","overlay-color":"","overlay-opacity":"","overlay-gradient":""}},"ast-content-background-meta":{"desktop":{"background-color":"var(--ast-global-color-4)","background-image":"","background-repeat":"repeat","background-position":"center center","background-size":"auto","background-attachment":"scroll","background-type":"","background-media":"","overlay-type":"","overlay-color":"","overlay-opacity":"","overlay-gradient":""},"tablet":{"background-color":"var(--ast-global-color-4)","background-image":"","background-repeat":"repeat","background-position":"center center","background-size":"auto","background-attachment":"scroll","background-type":"","background-media":"","overlay-type":"","overlay-color":"","overlay-opacity":"","overlay-gradient":""},"mobile":{"background-color":"var(--ast-global-color-4)","background-image":"","background-repeat":"repeat","background-position":"center center","background-size":"auto","background-attachment":"scroll","background-type":"","background-media":"","overlay-type":"","overlay-color":"","overlay-opacity":"","overlay-gradient":""}},"footnotes":""},"categories":[28],"tags":[],"class_list":["post-1864","post","type-post","status-publish","format-standard","has-post-thumbnail","hentry","category-serie-por-que-no-al-continuismo"],"yoast_head":"<!-- This site is optimized with the Yoast SEO plugin v26.0 - https:\/\/yoast.com\/wordpress\/plugins\/seo\/ -->\n<title>VI - La seguridad y la normalizaci\u00f3n del miedo - MI BLOG<\/title>\n<meta name=\"robots\" content=\"index, follow, max-snippet:-1, max-image-preview:large, max-video-preview:-1\" \/>\n<link rel=\"canonical\" href=\"https:\/\/viniciojarquin.com\/blog\/vi-la-seguridad-y-la-normalizacion-del-miedo\/\" \/>\n<meta property=\"og:locale\" content=\"es_ES\" \/>\n<meta property=\"og:type\" content=\"article\" \/>\n<meta property=\"og:title\" content=\"VI - La seguridad y la normalizaci\u00f3n del miedo - MI BLOG\" \/>\n<meta property=\"og:description\" content=\"\u00bfPor qu\u00e9 no deber\u00edamos votar por el continuismo? La seguridad se ha convertido en una de las mayores preocupaciones del [&hellip;]\" \/>\n<meta property=\"og:url\" content=\"https:\/\/viniciojarquin.com\/blog\/vi-la-seguridad-y-la-normalizacion-del-miedo\/\" \/>\n<meta property=\"og:site_name\" content=\"MI BLOG\" \/>\n<meta property=\"article:publisher\" content=\"https:\/\/www.facebook.com\/vinicio.jarquin\" \/>\n<meta property=\"article:author\" content=\"https:\/\/www.facebook.com\/vinicio.jarquin\" \/>\n<meta property=\"article:published_time\" content=\"2025-12-16T01:15:39+00:00\" \/>\n<meta property=\"article:modified_time\" content=\"2025-12-16T01:15:43+00:00\" \/>\n<meta property=\"og:image\" content=\"https:\/\/viniciojarquin.com\/blog\/wp-content\/uploads\/2025\/12\/Por-que-no-deberiamos-votar-por-el-continuismo-06.jpg\" \/>\n\t<meta property=\"og:image:width\" content=\"800\" \/>\n\t<meta property=\"og:image:height\" content=\"500\" \/>\n\t<meta property=\"og:image:type\" content=\"image\/jpeg\" \/>\n<meta name=\"author\" content=\"Vinicio Jarqu\u00edn\" \/>\n<meta name=\"twitter:card\" content=\"summary_large_image\" \/>\n<meta name=\"twitter:label1\" content=\"Escrito por\" \/>\n\t<meta name=\"twitter:data1\" content=\"Vinicio Jarqu\u00edn\" \/>\n\t<meta name=\"twitter:label2\" content=\"Tiempo de lectura\" \/>\n\t<meta name=\"twitter:data2\" content=\"3 minutos\" \/>\n<script type=\"application\/ld+json\" class=\"yoast-schema-graph\">{\"@context\":\"https:\/\/schema.org\",\"@graph\":[{\"@type\":\"Article\",\"@id\":\"https:\/\/viniciojarquin.com\/blog\/vi-la-seguridad-y-la-normalizacion-del-miedo\/#article\",\"isPartOf\":{\"@id\":\"https:\/\/viniciojarquin.com\/blog\/vi-la-seguridad-y-la-normalizacion-del-miedo\/\"},\"author\":{\"name\":\"Vinicio Jarqu\u00edn\",\"@id\":\"https:\/\/viniciojarquin.com\/blog\/#\/schema\/person\/90100c8845ae55462ec0657d3d2f8d3b\"},\"headline\":\"VI &#8211; La seguridad y la normalizaci\u00f3n del miedo\",\"datePublished\":\"2025-12-16T01:15:39+00:00\",\"dateModified\":\"2025-12-16T01:15:43+00:00\",\"mainEntityOfPage\":{\"@id\":\"https:\/\/viniciojarquin.com\/blog\/vi-la-seguridad-y-la-normalizacion-del-miedo\/\"},\"wordCount\":539,\"commentCount\":0,\"publisher\":{\"@id\":\"https:\/\/viniciojarquin.com\/blog\/#\/schema\/person\/90100c8845ae55462ec0657d3d2f8d3b\"},\"image\":{\"@id\":\"https:\/\/viniciojarquin.com\/blog\/vi-la-seguridad-y-la-normalizacion-del-miedo\/#primaryimage\"},\"thumbnailUrl\":\"https:\/\/viniciojarquin.com\/blog\/wp-content\/uploads\/2025\/12\/Por-que-no-deberiamos-votar-por-el-continuismo-06.jpg\",\"articleSection\":[\"Serie: Por qu\u00e9 NO al continuismo\"],\"inLanguage\":\"es\",\"potentialAction\":[{\"@type\":\"CommentAction\",\"name\":\"Comment\",\"target\":[\"https:\/\/viniciojarquin.com\/blog\/vi-la-seguridad-y-la-normalizacion-del-miedo\/#respond\"]}]},{\"@type\":\"WebPage\",\"@id\":\"https:\/\/viniciojarquin.com\/blog\/vi-la-seguridad-y-la-normalizacion-del-miedo\/\",\"url\":\"https:\/\/viniciojarquin.com\/blog\/vi-la-seguridad-y-la-normalizacion-del-miedo\/\",\"name\":\"VI - La seguridad y la normalizaci\u00f3n del miedo - MI BLOG\",\"isPartOf\":{\"@id\":\"https:\/\/viniciojarquin.com\/blog\/#website\"},\"primaryImageOfPage\":{\"@id\":\"https:\/\/viniciojarquin.com\/blog\/vi-la-seguridad-y-la-normalizacion-del-miedo\/#primaryimage\"},\"image\":{\"@id\":\"https:\/\/viniciojarquin.com\/blog\/vi-la-seguridad-y-la-normalizacion-del-miedo\/#primaryimage\"},\"thumbnailUrl\":\"https:\/\/viniciojarquin.com\/blog\/wp-content\/uploads\/2025\/12\/Por-que-no-deberiamos-votar-por-el-continuismo-06.jpg\",\"datePublished\":\"2025-12-16T01:15:39+00:00\",\"dateModified\":\"2025-12-16T01:15:43+00:00\",\"breadcrumb\":{\"@id\":\"https:\/\/viniciojarquin.com\/blog\/vi-la-seguridad-y-la-normalizacion-del-miedo\/#breadcrumb\"},\"inLanguage\":\"es\",\"potentialAction\":[{\"@type\":\"ReadAction\",\"target\":[\"https:\/\/viniciojarquin.com\/blog\/vi-la-seguridad-y-la-normalizacion-del-miedo\/\"]}]},{\"@type\":\"ImageObject\",\"inLanguage\":\"es\",\"@id\":\"https:\/\/viniciojarquin.com\/blog\/vi-la-seguridad-y-la-normalizacion-del-miedo\/#primaryimage\",\"url\":\"https:\/\/viniciojarquin.com\/blog\/wp-content\/uploads\/2025\/12\/Por-que-no-deberiamos-votar-por-el-continuismo-06.jpg\",\"contentUrl\":\"https:\/\/viniciojarquin.com\/blog\/wp-content\/uploads\/2025\/12\/Por-que-no-deberiamos-votar-por-el-continuismo-06.jpg\",\"width\":800,\"height\":500},{\"@type\":\"BreadcrumbList\",\"@id\":\"https:\/\/viniciojarquin.com\/blog\/vi-la-seguridad-y-la-normalizacion-del-miedo\/#breadcrumb\",\"itemListElement\":[{\"@type\":\"ListItem\",\"position\":1,\"name\":\"Portada\",\"item\":\"https:\/\/viniciojarquin.com\/blog\/\"},{\"@type\":\"ListItem\",\"position\":2,\"name\":\"VI &#8211; La seguridad y la normalizaci\u00f3n del miedo\"}]},{\"@type\":\"WebSite\",\"@id\":\"https:\/\/viniciojarquin.com\/blog\/#website\",\"url\":\"https:\/\/viniciojarquin.com\/blog\/\",\"name\":\"Vinicio Jarqu\u00edn BLOG\",\"description\":\"\",\"publisher\":{\"@id\":\"https:\/\/viniciojarquin.com\/blog\/#\/schema\/person\/90100c8845ae55462ec0657d3d2f8d3b\"},\"potentialAction\":[{\"@type\":\"SearchAction\",\"target\":{\"@type\":\"EntryPoint\",\"urlTemplate\":\"https:\/\/viniciojarquin.com\/blog\/?s={search_term_string}\"},\"query-input\":{\"@type\":\"PropertyValueSpecification\",\"valueRequired\":true,\"valueName\":\"search_term_string\"}}],\"inLanguage\":\"es\"},{\"@type\":[\"Person\",\"Organization\"],\"@id\":\"https:\/\/viniciojarquin.com\/blog\/#\/schema\/person\/90100c8845ae55462ec0657d3d2f8d3b\",\"name\":\"Vinicio Jarqu\u00edn\",\"image\":{\"@type\":\"ImageObject\",\"inLanguage\":\"es\",\"@id\":\"https:\/\/viniciojarquin.com\/blog\/#\/schema\/person\/image\/\",\"url\":\"https:\/\/viniciojarquin.com\/blog\/wp-content\/uploads\/2024\/10\/Logo-VinicioJarquin-original-400.png\",\"contentUrl\":\"https:\/\/viniciojarquin.com\/blog\/wp-content\/uploads\/2024\/10\/Logo-VinicioJarquin-original-400.png\",\"width\":400,\"height\":130,\"caption\":\"Vinicio Jarqu\u00edn\"},\"logo\":{\"@id\":\"https:\/\/viniciojarquin.com\/blog\/#\/schema\/person\/image\/\"},\"description\":\"Empresario textil, artista pl\u00e1stico, escritor, coach de vida y fot\u00f3grafo.\",\"sameAs\":[\"https:\/\/viniciojarquin.com\/blog\",\"https:\/\/www.facebook.com\/vinicio.jarquin\",\"https:\/\/www.instagram.com\/vinicio_jarquin\/\",\"https:\/\/www.pinterest.com\/vinnyjc\/\",\"https:\/\/www.youtube.com\/@VinicioJarquin\"],\"url\":\"https:\/\/viniciojarquin.com\/blog\/author\/admin_s02au25i\/\"}]}<\/script>\n<!-- \/ Yoast SEO plugin. -->","yoast_head_json":{"title":"VI - La seguridad y la normalizaci\u00f3n del miedo - MI BLOG","robots":{"index":"index","follow":"follow","max-snippet":"max-snippet:-1","max-image-preview":"max-image-preview:large","max-video-preview":"max-video-preview:-1"},"canonical":"https:\/\/viniciojarquin.com\/blog\/vi-la-seguridad-y-la-normalizacion-del-miedo\/","og_locale":"es_ES","og_type":"article","og_title":"VI - La seguridad y la normalizaci\u00f3n del miedo - MI BLOG","og_description":"\u00bfPor qu\u00e9 no deber\u00edamos votar por el continuismo? La seguridad se ha convertido en una de las mayores preocupaciones del [&hellip;]","og_url":"https:\/\/viniciojarquin.com\/blog\/vi-la-seguridad-y-la-normalizacion-del-miedo\/","og_site_name":"MI BLOG","article_publisher":"https:\/\/www.facebook.com\/vinicio.jarquin","article_author":"https:\/\/www.facebook.com\/vinicio.jarquin","article_published_time":"2025-12-16T01:15:39+00:00","article_modified_time":"2025-12-16T01:15:43+00:00","og_image":[{"width":800,"height":500,"url":"https:\/\/viniciojarquin.com\/blog\/wp-content\/uploads\/2025\/12\/Por-que-no-deberiamos-votar-por-el-continuismo-06.jpg","type":"image\/jpeg"}],"author":"Vinicio Jarqu\u00edn","twitter_card":"summary_large_image","twitter_misc":{"Escrito por":"Vinicio Jarqu\u00edn","Tiempo de lectura":"3 minutos"},"schema":{"@context":"https:\/\/schema.org","@graph":[{"@type":"Article","@id":"https:\/\/viniciojarquin.com\/blog\/vi-la-seguridad-y-la-normalizacion-del-miedo\/#article","isPartOf":{"@id":"https:\/\/viniciojarquin.com\/blog\/vi-la-seguridad-y-la-normalizacion-del-miedo\/"},"author":{"name":"Vinicio Jarqu\u00edn","@id":"https:\/\/viniciojarquin.com\/blog\/#\/schema\/person\/90100c8845ae55462ec0657d3d2f8d3b"},"headline":"VI &#8211; La seguridad y la normalizaci\u00f3n del miedo","datePublished":"2025-12-16T01:15:39+00:00","dateModified":"2025-12-16T01:15:43+00:00","mainEntityOfPage":{"@id":"https:\/\/viniciojarquin.com\/blog\/vi-la-seguridad-y-la-normalizacion-del-miedo\/"},"wordCount":539,"commentCount":0,"publisher":{"@id":"https:\/\/viniciojarquin.com\/blog\/#\/schema\/person\/90100c8845ae55462ec0657d3d2f8d3b"},"image":{"@id":"https:\/\/viniciojarquin.com\/blog\/vi-la-seguridad-y-la-normalizacion-del-miedo\/#primaryimage"},"thumbnailUrl":"https:\/\/viniciojarquin.com\/blog\/wp-content\/uploads\/2025\/12\/Por-que-no-deberiamos-votar-por-el-continuismo-06.jpg","articleSection":["Serie: Por qu\u00e9 NO al continuismo"],"inLanguage":"es","potentialAction":[{"@type":"CommentAction","name":"Comment","target":["https:\/\/viniciojarquin.com\/blog\/vi-la-seguridad-y-la-normalizacion-del-miedo\/#respond"]}]},{"@type":"WebPage","@id":"https:\/\/viniciojarquin.com\/blog\/vi-la-seguridad-y-la-normalizacion-del-miedo\/","url":"https:\/\/viniciojarquin.com\/blog\/vi-la-seguridad-y-la-normalizacion-del-miedo\/","name":"VI - La seguridad y la normalizaci\u00f3n del miedo - MI BLOG","isPartOf":{"@id":"https:\/\/viniciojarquin.com\/blog\/#website"},"primaryImageOfPage":{"@id":"https:\/\/viniciojarquin.com\/blog\/vi-la-seguridad-y-la-normalizacion-del-miedo\/#primaryimage"},"image":{"@id":"https:\/\/viniciojarquin.com\/blog\/vi-la-seguridad-y-la-normalizacion-del-miedo\/#primaryimage"},"thumbnailUrl":"https:\/\/viniciojarquin.com\/blog\/wp-content\/uploads\/2025\/12\/Por-que-no-deberiamos-votar-por-el-continuismo-06.jpg","datePublished":"2025-12-16T01:15:39+00:00","dateModified":"2025-12-16T01:15:43+00:00","breadcrumb":{"@id":"https:\/\/viniciojarquin.com\/blog\/vi-la-seguridad-y-la-normalizacion-del-miedo\/#breadcrumb"},"inLanguage":"es","potentialAction":[{"@type":"ReadAction","target":["https:\/\/viniciojarquin.com\/blog\/vi-la-seguridad-y-la-normalizacion-del-miedo\/"]}]},{"@type":"ImageObject","inLanguage":"es","@id":"https:\/\/viniciojarquin.com\/blog\/vi-la-seguridad-y-la-normalizacion-del-miedo\/#primaryimage","url":"https:\/\/viniciojarquin.com\/blog\/wp-content\/uploads\/2025\/12\/Por-que-no-deberiamos-votar-por-el-continuismo-06.jpg","contentUrl":"https:\/\/viniciojarquin.com\/blog\/wp-content\/uploads\/2025\/12\/Por-que-no-deberiamos-votar-por-el-continuismo-06.jpg","width":800,"height":500},{"@type":"BreadcrumbList","@id":"https:\/\/viniciojarquin.com\/blog\/vi-la-seguridad-y-la-normalizacion-del-miedo\/#breadcrumb","itemListElement":[{"@type":"ListItem","position":1,"name":"Portada","item":"https:\/\/viniciojarquin.com\/blog\/"},{"@type":"ListItem","position":2,"name":"VI &#8211; La seguridad y la normalizaci\u00f3n del miedo"}]},{"@type":"WebSite","@id":"https:\/\/viniciojarquin.com\/blog\/#website","url":"https:\/\/viniciojarquin.com\/blog\/","name":"Vinicio Jarqu\u00edn BLOG","description":"","publisher":{"@id":"https:\/\/viniciojarquin.com\/blog\/#\/schema\/person\/90100c8845ae55462ec0657d3d2f8d3b"},"potentialAction":[{"@type":"SearchAction","target":{"@type":"EntryPoint","urlTemplate":"https:\/\/viniciojarquin.com\/blog\/?s={search_term_string}"},"query-input":{"@type":"PropertyValueSpecification","valueRequired":true,"valueName":"search_term_string"}}],"inLanguage":"es"},{"@type":["Person","Organization"],"@id":"https:\/\/viniciojarquin.com\/blog\/#\/schema\/person\/90100c8845ae55462ec0657d3d2f8d3b","name":"Vinicio Jarqu\u00edn","image":{"@type":"ImageObject","inLanguage":"es","@id":"https:\/\/viniciojarquin.com\/blog\/#\/schema\/person\/image\/","url":"https:\/\/viniciojarquin.com\/blog\/wp-content\/uploads\/2024\/10\/Logo-VinicioJarquin-original-400.png","contentUrl":"https:\/\/viniciojarquin.com\/blog\/wp-content\/uploads\/2024\/10\/Logo-VinicioJarquin-original-400.png","width":400,"height":130,"caption":"Vinicio Jarqu\u00edn"},"logo":{"@id":"https:\/\/viniciojarquin.com\/blog\/#\/schema\/person\/image\/"},"description":"Empresario textil, artista pl\u00e1stico, escritor, coach de vida y fot\u00f3grafo.","sameAs":["https:\/\/viniciojarquin.com\/blog","https:\/\/www.facebook.com\/vinicio.jarquin","https:\/\/www.instagram.com\/vinicio_jarquin\/","https:\/\/www.pinterest.com\/vinnyjc\/","https:\/\/www.youtube.com\/@VinicioJarquin"],"url":"https:\/\/viniciojarquin.com\/blog\/author\/admin_s02au25i\/"}]}},"blog_post_layout_featured_media_urls":{"thumbnail":["https:\/\/viniciojarquin.com\/blog\/wp-content\/uploads\/2025\/12\/Por-que-no-deberiamos-votar-por-el-continuismo-06-150x150.jpg",150,150,true],"full":["https:\/\/viniciojarquin.com\/blog\/wp-content\/uploads\/2025\/12\/Por-que-no-deberiamos-votar-por-el-continuismo-06.jpg",800,500,false]},"categories_names":{"28":{"name":"Serie: Por qu\u00e9 NO al continuismo","link":"https:\/\/viniciojarquin.com\/blog\/category\/serie-por-que-no-al-continuismo\/"}},"tags_names":[],"comments_number":"0","_links":{"self":[{"href":"https:\/\/viniciojarquin.com\/blog\/wp-json\/wp\/v2\/posts\/1864","targetHints":{"allow":["GET"]}}],"collection":[{"href":"https:\/\/viniciojarquin.com\/blog\/wp-json\/wp\/v2\/posts"}],"about":[{"href":"https:\/\/viniciojarquin.com\/blog\/wp-json\/wp\/v2\/types\/post"}],"author":[{"embeddable":true,"href":"https:\/\/viniciojarquin.com\/blog\/wp-json\/wp\/v2\/users\/1"}],"replies":[{"embeddable":true,"href":"https:\/\/viniciojarquin.com\/blog\/wp-json\/wp\/v2\/comments?post=1864"}],"version-history":[{"count":1,"href":"https:\/\/viniciojarquin.com\/blog\/wp-json\/wp\/v2\/posts\/1864\/revisions"}],"predecessor-version":[{"id":1884,"href":"https:\/\/viniciojarquin.com\/blog\/wp-json\/wp\/v2\/posts\/1864\/revisions\/1884"}],"wp:featuredmedia":[{"embeddable":true,"href":"https:\/\/viniciojarquin.com\/blog\/wp-json\/wp\/v2\/media\/1883"}],"wp:attachment":[{"href":"https:\/\/viniciojarquin.com\/blog\/wp-json\/wp\/v2\/media?parent=1864"}],"wp:term":[{"taxonomy":"category","embeddable":true,"href":"https:\/\/viniciojarquin.com\/blog\/wp-json\/wp\/v2\/categories?post=1864"},{"taxonomy":"post_tag","embeddable":true,"href":"https:\/\/viniciojarquin.com\/blog\/wp-json\/wp\/v2\/tags?post=1864"}],"curies":[{"name":"wp","href":"https:\/\/api.w.org\/{rel}","templated":true}]}}