{"id":1865,"date":"2025-12-16T01:17:45","date_gmt":"2025-12-16T01:17:45","guid":{"rendered":"https:\/\/viniciojarquin.com\/blog\/?p=1865"},"modified":"2025-12-16T01:17:50","modified_gmt":"2025-12-16T01:17:50","slug":"vii-la-prensa-y-el-silenciamiento-incomodo-de-las-preguntas","status":"publish","type":"post","link":"https:\/\/viniciojarquin.com\/blog\/vii-la-prensa-y-el-silenciamiento-incomodo-de-las-preguntas\/","title":{"rendered":"VII La prensa y el silenciamiento inc\u00f3modo de las preguntas"},"content":{"rendered":"\n<p>\u00bfPor qu\u00e9 no deber\u00edamos votar por el continuismo?<\/p>\n\n\n\n<p>La prensa y los periodistas cumplen una funci\u00f3n esencial en cualquier democracia sana. No est\u00e1n para agradar al poder, ni para aplaudir gobiernos, ni para convertirse en voceros oficiales. Su rol es fiscalizar, preguntar, incomodar, investigar, contrastar datos y pedir cuentas sobre el uso del poder p\u00fablico. Eso no es un defecto del sistema: es una de sus principales fortalezas.<\/p>\n\n\n\n<p>Cuando la prensa funciona, el poder sabe que est\u00e1 siendo observado. Y cuando el poder es observado, se cuida m\u00e1s.<\/p>\n\n\n\n<p>Por eso, cuando un presidente o un gobierno decide convertir a la prensa en su enemiga, lo que realmente est\u00e1 haciendo no es defenderse de supuestos ataques, sino debilitar un contrapeso fundamental. Atacar periodistas, desacreditarlos sistem\u00e1ticamente, generalizar errores individuales para invalidar a todo el gremio, o sembrar la idea de que \u201ctodos mienten\u201d, tiene un efecto muy concreto: quitarles legitimidad a las preguntas.<\/p>\n\n\n\n<p>Y sin preguntas, no hay rendici\u00f3n de cuentas.<\/p>\n\n\n\n<p>Eliminar a la prensa como ente fiscalizador no requiere censura directa. Basta con deslegitimarla, ridiculizarla o presentarla como parte de una conspiraci\u00f3n. As\u00ed, cualquier investigaci\u00f3n se descarta antes de leerse, cualquier denuncia se invalida antes de analizarse y cualquier dato inc\u00f3modo se convierte en \u201cataque pol\u00edtico\u201d.<\/p>\n\n\n\n<p>Eso no fortalece la democracia. La debilita.<\/p>\n\n\n\n<p>En un Estado de Derecho, el gobernante no elige qui\u00e9n le pregunta ni c\u00f3mo le preguntan. Aprende a responder. Aprende a rendir cuentas. Aprende a convivir con la cr\u00edtica, incluso cuando es dura o inc\u00f3moda. Porque el poder que no tolera preguntas es un poder que empieza a temerle a la verdad.<\/p>\n\n\n\n<p>Cuando se normaliza el enfrentamiento con la prensa, la ciudadan\u00eda pierde una herramienta clave para entender lo que ocurre. Se queda solo con la versi\u00f3n oficial, con el relato \u00fanico, con la narrativa que el poder decide contar. Y cuando eso pasa, la democracia deja de ser plural y empieza a parecerse peligrosamente a un mon\u00f3logo.<\/p>\n\n\n\n<p>Defender la libertad de prensa no es defender a periodistas espec\u00edficos. Es defender tu derecho a saber. A informarte. A cuestionar.<\/p>\n\n\n\n<p>Por eso, votar por un proyecto que convierte a la prensa en enemiga no es un detalle menor. Es una se\u00f1al clara de c\u00f3mo se concibe el poder y de cu\u00e1n dispuesto est\u00e1 a ser observado. Y en democracia, el poder que no acepta ser fiscalizado nunca termina bien.<\/p>\n\n\n\n<figure class=\"wp-block-image size-full\"><img decoding=\"async\" width=\"800\" height=\"500\" data-src=\"https:\/\/viniciojarquin.com\/blog\/wp-content\/uploads\/2025\/12\/Por-que-no-deberiamos-votar-por-el-continuismo-07.jpg\" alt=\"\" class=\"wp-image-1885 lazyload\" data-srcset=\"https:\/\/viniciojarquin.com\/blog\/wp-content\/uploads\/2025\/12\/Por-que-no-deberiamos-votar-por-el-continuismo-07.jpg 800w, https:\/\/viniciojarquin.com\/blog\/wp-content\/uploads\/2025\/12\/Por-que-no-deberiamos-votar-por-el-continuismo-07-300x188.jpg 300w, https:\/\/viniciojarquin.com\/blog\/wp-content\/uploads\/2025\/12\/Por-que-no-deberiamos-votar-por-el-continuismo-07-768x480.jpg 768w\" data-sizes=\"(max-width: 800px) 100vw, 800px\" src=\"data:image\/svg+xml;base64,PHN2ZyB3aWR0aD0iMSIgaGVpZ2h0PSIxIiB4bWxucz0iaHR0cDovL3d3dy53My5vcmcvMjAwMC9zdmciPjwvc3ZnPg==\" style=\"--smush-placeholder-width: 800px; --smush-placeholder-aspect-ratio: 800\/500;\" \/><\/figure>\n","protected":false},"excerpt":{"rendered":"<p>\u00bfPor qu\u00e9 no deber\u00edamos votar por el continuismo? La prensa y los periodistas cumplen una funci\u00f3n esencial en cualquier democracia [&hellip;]<\/p>\n","protected":false},"author":1,"featured_media":1885,"comment_status":"open","ping_status":"open","sticky":false,"template":"","format":"standard","meta":{"site-sidebar-layout":"default","site-content-layout":"","ast-site-content-layout":"","site-content-style":"default","site-sidebar-style":"default","ast-global-header-display":"","ast-banner-title-visibility":"","ast-main-header-display":"","ast-hfb-above-header-display":"","ast-hfb-below-header-display":"","ast-hfb-mobile-header-display":"","site-post-title":"","ast-breadcrumbs-content":"","ast-featured-img":"","footer-sml-layout":"","theme-transparent-header-meta":"","adv-header-id-meta":"","stick-header-meta":"","header-above-stick-meta":"","header-main-stick-meta":"","header-below-stick-meta":"","astra-migrate-meta-layouts":"default","ast-page-background-enabled":"default","ast-page-background-meta":{"desktop":{"background-color":"var(--ast-global-color-5)","background-image":"","background-repeat":"repeat","background-position":"center center","background-size":"auto","background-attachment":"scroll","background-type":"","background-media":"","overlay-type":"","overlay-color":"","overlay-opacity":"","overlay-gradient":""},"tablet":{"background-color":"","background-image":"","background-repeat":"repeat","background-position":"center center","background-size":"auto","background-attachment":"scroll","background-type":"","background-media":"","overlay-type":"","overlay-color":"","overlay-opacity":"","overlay-gradient":""},"mobile":{"background-color":"","background-image":"","background-repeat":"repeat","background-position":"center center","background-size":"auto","background-attachment":"scroll","background-type":"","background-media":"","overlay-type":"","overlay-color":"","overlay-opacity":"","overlay-gradient":""}},"ast-content-background-meta":{"desktop":{"background-color":"var(--ast-global-color-4)","background-image":"","background-repeat":"repeat","background-position":"center center","background-size":"auto","background-attachment":"scroll","background-type":"","background-media":"","overlay-type":"","overlay-color":"","overlay-opacity":"","overlay-gradient":""},"tablet":{"background-color":"var(--ast-global-color-4)","background-image":"","background-repeat":"repeat","background-position":"center center","background-size":"auto","background-attachment":"scroll","background-type":"","background-media":"","overlay-type":"","overlay-color":"","overlay-opacity":"","overlay-gradient":""},"mobile":{"background-color":"var(--ast-global-color-4)","background-image":"","background-repeat":"repeat","background-position":"center center","background-size":"auto","background-attachment":"scroll","background-type":"","background-media":"","overlay-type":"","overlay-color":"","overlay-opacity":"","overlay-gradient":""}},"footnotes":""},"categories":[28],"tags":[],"class_list":["post-1865","post","type-post","status-publish","format-standard","has-post-thumbnail","hentry","category-serie-por-que-no-al-continuismo"],"yoast_head":"<!-- This site is optimized with the Yoast SEO plugin v26.0 - https:\/\/yoast.com\/wordpress\/plugins\/seo\/ -->\n<title>VII La prensa y el silenciamiento inc\u00f3modo de las preguntas - MI BLOG<\/title>\n<meta name=\"robots\" content=\"index, follow, max-snippet:-1, max-image-preview:large, max-video-preview:-1\" \/>\n<link rel=\"canonical\" href=\"https:\/\/viniciojarquin.com\/blog\/vii-la-prensa-y-el-silenciamiento-incomodo-de-las-preguntas\/\" \/>\n<meta property=\"og:locale\" content=\"es_ES\" \/>\n<meta property=\"og:type\" content=\"article\" \/>\n<meta property=\"og:title\" content=\"VII La prensa y el silenciamiento inc\u00f3modo de las preguntas - MI BLOG\" \/>\n<meta property=\"og:description\" content=\"\u00bfPor qu\u00e9 no deber\u00edamos votar por el continuismo? La prensa y los periodistas cumplen una funci\u00f3n esencial en cualquier democracia [&hellip;]\" \/>\n<meta property=\"og:url\" content=\"https:\/\/viniciojarquin.com\/blog\/vii-la-prensa-y-el-silenciamiento-incomodo-de-las-preguntas\/\" \/>\n<meta property=\"og:site_name\" content=\"MI BLOG\" \/>\n<meta property=\"article:publisher\" content=\"https:\/\/www.facebook.com\/vinicio.jarquin\" \/>\n<meta property=\"article:author\" content=\"https:\/\/www.facebook.com\/vinicio.jarquin\" \/>\n<meta property=\"article:published_time\" content=\"2025-12-16T01:17:45+00:00\" \/>\n<meta property=\"article:modified_time\" content=\"2025-12-16T01:17:50+00:00\" \/>\n<meta property=\"og:image\" content=\"https:\/\/viniciojarquin.com\/blog\/wp-content\/uploads\/2025\/12\/Por-que-no-deberiamos-votar-por-el-continuismo-07.jpg\" \/>\n\t<meta property=\"og:image:width\" content=\"800\" \/>\n\t<meta property=\"og:image:height\" content=\"500\" \/>\n\t<meta property=\"og:image:type\" content=\"image\/jpeg\" \/>\n<meta name=\"author\" content=\"Vinicio Jarqu\u00edn\" \/>\n<meta name=\"twitter:card\" content=\"summary_large_image\" \/>\n<meta name=\"twitter:label1\" content=\"Escrito por\" \/>\n\t<meta name=\"twitter:data1\" content=\"Vinicio Jarqu\u00edn\" \/>\n\t<meta name=\"twitter:label2\" content=\"Tiempo de lectura\" \/>\n\t<meta name=\"twitter:data2\" content=\"3 minutos\" \/>\n<script type=\"application\/ld+json\" class=\"yoast-schema-graph\">{\"@context\":\"https:\/\/schema.org\",\"@graph\":[{\"@type\":\"Article\",\"@id\":\"https:\/\/viniciojarquin.com\/blog\/vii-la-prensa-y-el-silenciamiento-incomodo-de-las-preguntas\/#article\",\"isPartOf\":{\"@id\":\"https:\/\/viniciojarquin.com\/blog\/vii-la-prensa-y-el-silenciamiento-incomodo-de-las-preguntas\/\"},\"author\":{\"name\":\"Vinicio Jarqu\u00edn\",\"@id\":\"https:\/\/viniciojarquin.com\/blog\/#\/schema\/person\/90100c8845ae55462ec0657d3d2f8d3b\"},\"headline\":\"VII La prensa y el silenciamiento inc\u00f3modo de las preguntas\",\"datePublished\":\"2025-12-16T01:17:45+00:00\",\"dateModified\":\"2025-12-16T01:17:50+00:00\",\"mainEntityOfPage\":{\"@id\":\"https:\/\/viniciojarquin.com\/blog\/vii-la-prensa-y-el-silenciamiento-incomodo-de-las-preguntas\/\"},\"wordCount\":423,\"commentCount\":0,\"publisher\":{\"@id\":\"https:\/\/viniciojarquin.com\/blog\/#\/schema\/person\/90100c8845ae55462ec0657d3d2f8d3b\"},\"image\":{\"@id\":\"https:\/\/viniciojarquin.com\/blog\/vii-la-prensa-y-el-silenciamiento-incomodo-de-las-preguntas\/#primaryimage\"},\"thumbnailUrl\":\"https:\/\/viniciojarquin.com\/blog\/wp-content\/uploads\/2025\/12\/Por-que-no-deberiamos-votar-por-el-continuismo-07.jpg\",\"articleSection\":[\"Serie: Por qu\u00e9 NO al continuismo\"],\"inLanguage\":\"es\",\"potentialAction\":[{\"@type\":\"CommentAction\",\"name\":\"Comment\",\"target\":[\"https:\/\/viniciojarquin.com\/blog\/vii-la-prensa-y-el-silenciamiento-incomodo-de-las-preguntas\/#respond\"]}]},{\"@type\":\"WebPage\",\"@id\":\"https:\/\/viniciojarquin.com\/blog\/vii-la-prensa-y-el-silenciamiento-incomodo-de-las-preguntas\/\",\"url\":\"https:\/\/viniciojarquin.com\/blog\/vii-la-prensa-y-el-silenciamiento-incomodo-de-las-preguntas\/\",\"name\":\"VII La prensa y el silenciamiento inc\u00f3modo de las preguntas - MI BLOG\",\"isPartOf\":{\"@id\":\"https:\/\/viniciojarquin.com\/blog\/#website\"},\"primaryImageOfPage\":{\"@id\":\"https:\/\/viniciojarquin.com\/blog\/vii-la-prensa-y-el-silenciamiento-incomodo-de-las-preguntas\/#primaryimage\"},\"image\":{\"@id\":\"https:\/\/viniciojarquin.com\/blog\/vii-la-prensa-y-el-silenciamiento-incomodo-de-las-preguntas\/#primaryimage\"},\"thumbnailUrl\":\"https:\/\/viniciojarquin.com\/blog\/wp-content\/uploads\/2025\/12\/Por-que-no-deberiamos-votar-por-el-continuismo-07.jpg\",\"datePublished\":\"2025-12-16T01:17:45+00:00\",\"dateModified\":\"2025-12-16T01:17:50+00:00\",\"breadcrumb\":{\"@id\":\"https:\/\/viniciojarquin.com\/blog\/vii-la-prensa-y-el-silenciamiento-incomodo-de-las-preguntas\/#breadcrumb\"},\"inLanguage\":\"es\",\"potentialAction\":[{\"@type\":\"ReadAction\",\"target\":[\"https:\/\/viniciojarquin.com\/blog\/vii-la-prensa-y-el-silenciamiento-incomodo-de-las-preguntas\/\"]}]},{\"@type\":\"ImageObject\",\"inLanguage\":\"es\",\"@id\":\"https:\/\/viniciojarquin.com\/blog\/vii-la-prensa-y-el-silenciamiento-incomodo-de-las-preguntas\/#primaryimage\",\"url\":\"https:\/\/viniciojarquin.com\/blog\/wp-content\/uploads\/2025\/12\/Por-que-no-deberiamos-votar-por-el-continuismo-07.jpg\",\"contentUrl\":\"https:\/\/viniciojarquin.com\/blog\/wp-content\/uploads\/2025\/12\/Por-que-no-deberiamos-votar-por-el-continuismo-07.jpg\",\"width\":800,\"height\":500},{\"@type\":\"BreadcrumbList\",\"@id\":\"https:\/\/viniciojarquin.com\/blog\/vii-la-prensa-y-el-silenciamiento-incomodo-de-las-preguntas\/#breadcrumb\",\"itemListElement\":[{\"@type\":\"ListItem\",\"position\":1,\"name\":\"Portada\",\"item\":\"https:\/\/viniciojarquin.com\/blog\/\"},{\"@type\":\"ListItem\",\"position\":2,\"name\":\"VII La prensa y el silenciamiento inc\u00f3modo de las preguntas\"}]},{\"@type\":\"WebSite\",\"@id\":\"https:\/\/viniciojarquin.com\/blog\/#website\",\"url\":\"https:\/\/viniciojarquin.com\/blog\/\",\"name\":\"Vinicio Jarqu\u00edn BLOG\",\"description\":\"\",\"publisher\":{\"@id\":\"https:\/\/viniciojarquin.com\/blog\/#\/schema\/person\/90100c8845ae55462ec0657d3d2f8d3b\"},\"potentialAction\":[{\"@type\":\"SearchAction\",\"target\":{\"@type\":\"EntryPoint\",\"urlTemplate\":\"https:\/\/viniciojarquin.com\/blog\/?s={search_term_string}\"},\"query-input\":{\"@type\":\"PropertyValueSpecification\",\"valueRequired\":true,\"valueName\":\"search_term_string\"}}],\"inLanguage\":\"es\"},{\"@type\":[\"Person\",\"Organization\"],\"@id\":\"https:\/\/viniciojarquin.com\/blog\/#\/schema\/person\/90100c8845ae55462ec0657d3d2f8d3b\",\"name\":\"Vinicio Jarqu\u00edn\",\"image\":{\"@type\":\"ImageObject\",\"inLanguage\":\"es\",\"@id\":\"https:\/\/viniciojarquin.com\/blog\/#\/schema\/person\/image\/\",\"url\":\"https:\/\/viniciojarquin.com\/blog\/wp-content\/uploads\/2024\/10\/Logo-VinicioJarquin-original-400.png\",\"contentUrl\":\"https:\/\/viniciojarquin.com\/blog\/wp-content\/uploads\/2024\/10\/Logo-VinicioJarquin-original-400.png\",\"width\":400,\"height\":130,\"caption\":\"Vinicio Jarqu\u00edn\"},\"logo\":{\"@id\":\"https:\/\/viniciojarquin.com\/blog\/#\/schema\/person\/image\/\"},\"description\":\"Empresario textil, artista pl\u00e1stico, escritor, coach de vida y fot\u00f3grafo.\",\"sameAs\":[\"https:\/\/viniciojarquin.com\/blog\",\"https:\/\/www.facebook.com\/vinicio.jarquin\",\"https:\/\/www.instagram.com\/vinicio_jarquin\/\",\"https:\/\/www.pinterest.com\/vinnyjc\/\",\"https:\/\/www.youtube.com\/@VinicioJarquin\"],\"url\":\"https:\/\/viniciojarquin.com\/blog\/author\/admin_s02au25i\/\"}]}<\/script>\n<!-- \/ Yoast SEO plugin. -->","yoast_head_json":{"title":"VII La prensa y el silenciamiento inc\u00f3modo de las preguntas - MI BLOG","robots":{"index":"index","follow":"follow","max-snippet":"max-snippet:-1","max-image-preview":"max-image-preview:large","max-video-preview":"max-video-preview:-1"},"canonical":"https:\/\/viniciojarquin.com\/blog\/vii-la-prensa-y-el-silenciamiento-incomodo-de-las-preguntas\/","og_locale":"es_ES","og_type":"article","og_title":"VII La prensa y el silenciamiento inc\u00f3modo de las preguntas - MI BLOG","og_description":"\u00bfPor qu\u00e9 no deber\u00edamos votar por el continuismo? La prensa y los periodistas cumplen una funci\u00f3n esencial en cualquier democracia [&hellip;]","og_url":"https:\/\/viniciojarquin.com\/blog\/vii-la-prensa-y-el-silenciamiento-incomodo-de-las-preguntas\/","og_site_name":"MI BLOG","article_publisher":"https:\/\/www.facebook.com\/vinicio.jarquin","article_author":"https:\/\/www.facebook.com\/vinicio.jarquin","article_published_time":"2025-12-16T01:17:45+00:00","article_modified_time":"2025-12-16T01:17:50+00:00","og_image":[{"width":800,"height":500,"url":"https:\/\/viniciojarquin.com\/blog\/wp-content\/uploads\/2025\/12\/Por-que-no-deberiamos-votar-por-el-continuismo-07.jpg","type":"image\/jpeg"}],"author":"Vinicio Jarqu\u00edn","twitter_card":"summary_large_image","twitter_misc":{"Escrito por":"Vinicio Jarqu\u00edn","Tiempo de lectura":"3 minutos"},"schema":{"@context":"https:\/\/schema.org","@graph":[{"@type":"Article","@id":"https:\/\/viniciojarquin.com\/blog\/vii-la-prensa-y-el-silenciamiento-incomodo-de-las-preguntas\/#article","isPartOf":{"@id":"https:\/\/viniciojarquin.com\/blog\/vii-la-prensa-y-el-silenciamiento-incomodo-de-las-preguntas\/"},"author":{"name":"Vinicio Jarqu\u00edn","@id":"https:\/\/viniciojarquin.com\/blog\/#\/schema\/person\/90100c8845ae55462ec0657d3d2f8d3b"},"headline":"VII La prensa y el silenciamiento inc\u00f3modo de las preguntas","datePublished":"2025-12-16T01:17:45+00:00","dateModified":"2025-12-16T01:17:50+00:00","mainEntityOfPage":{"@id":"https:\/\/viniciojarquin.com\/blog\/vii-la-prensa-y-el-silenciamiento-incomodo-de-las-preguntas\/"},"wordCount":423,"commentCount":0,"publisher":{"@id":"https:\/\/viniciojarquin.com\/blog\/#\/schema\/person\/90100c8845ae55462ec0657d3d2f8d3b"},"image":{"@id":"https:\/\/viniciojarquin.com\/blog\/vii-la-prensa-y-el-silenciamiento-incomodo-de-las-preguntas\/#primaryimage"},"thumbnailUrl":"https:\/\/viniciojarquin.com\/blog\/wp-content\/uploads\/2025\/12\/Por-que-no-deberiamos-votar-por-el-continuismo-07.jpg","articleSection":["Serie: Por qu\u00e9 NO al continuismo"],"inLanguage":"es","potentialAction":[{"@type":"CommentAction","name":"Comment","target":["https:\/\/viniciojarquin.com\/blog\/vii-la-prensa-y-el-silenciamiento-incomodo-de-las-preguntas\/#respond"]}]},{"@type":"WebPage","@id":"https:\/\/viniciojarquin.com\/blog\/vii-la-prensa-y-el-silenciamiento-incomodo-de-las-preguntas\/","url":"https:\/\/viniciojarquin.com\/blog\/vii-la-prensa-y-el-silenciamiento-incomodo-de-las-preguntas\/","name":"VII La prensa y el silenciamiento inc\u00f3modo de las preguntas - MI BLOG","isPartOf":{"@id":"https:\/\/viniciojarquin.com\/blog\/#website"},"primaryImageOfPage":{"@id":"https:\/\/viniciojarquin.com\/blog\/vii-la-prensa-y-el-silenciamiento-incomodo-de-las-preguntas\/#primaryimage"},"image":{"@id":"https:\/\/viniciojarquin.com\/blog\/vii-la-prensa-y-el-silenciamiento-incomodo-de-las-preguntas\/#primaryimage"},"thumbnailUrl":"https:\/\/viniciojarquin.com\/blog\/wp-content\/uploads\/2025\/12\/Por-que-no-deberiamos-votar-por-el-continuismo-07.jpg","datePublished":"2025-12-16T01:17:45+00:00","dateModified":"2025-12-16T01:17:50+00:00","breadcrumb":{"@id":"https:\/\/viniciojarquin.com\/blog\/vii-la-prensa-y-el-silenciamiento-incomodo-de-las-preguntas\/#breadcrumb"},"inLanguage":"es","potentialAction":[{"@type":"ReadAction","target":["https:\/\/viniciojarquin.com\/blog\/vii-la-prensa-y-el-silenciamiento-incomodo-de-las-preguntas\/"]}]},{"@type":"ImageObject","inLanguage":"es","@id":"https:\/\/viniciojarquin.com\/blog\/vii-la-prensa-y-el-silenciamiento-incomodo-de-las-preguntas\/#primaryimage","url":"https:\/\/viniciojarquin.com\/blog\/wp-content\/uploads\/2025\/12\/Por-que-no-deberiamos-votar-por-el-continuismo-07.jpg","contentUrl":"https:\/\/viniciojarquin.com\/blog\/wp-content\/uploads\/2025\/12\/Por-que-no-deberiamos-votar-por-el-continuismo-07.jpg","width":800,"height":500},{"@type":"BreadcrumbList","@id":"https:\/\/viniciojarquin.com\/blog\/vii-la-prensa-y-el-silenciamiento-incomodo-de-las-preguntas\/#breadcrumb","itemListElement":[{"@type":"ListItem","position":1,"name":"Portada","item":"https:\/\/viniciojarquin.com\/blog\/"},{"@type":"ListItem","position":2,"name":"VII La prensa y el silenciamiento inc\u00f3modo de las preguntas"}]},{"@type":"WebSite","@id":"https:\/\/viniciojarquin.com\/blog\/#website","url":"https:\/\/viniciojarquin.com\/blog\/","name":"Vinicio Jarqu\u00edn BLOG","description":"","publisher":{"@id":"https:\/\/viniciojarquin.com\/blog\/#\/schema\/person\/90100c8845ae55462ec0657d3d2f8d3b"},"potentialAction":[{"@type":"SearchAction","target":{"@type":"EntryPoint","urlTemplate":"https:\/\/viniciojarquin.com\/blog\/?s={search_term_string}"},"query-input":{"@type":"PropertyValueSpecification","valueRequired":true,"valueName":"search_term_string"}}],"inLanguage":"es"},{"@type":["Person","Organization"],"@id":"https:\/\/viniciojarquin.com\/blog\/#\/schema\/person\/90100c8845ae55462ec0657d3d2f8d3b","name":"Vinicio Jarqu\u00edn","image":{"@type":"ImageObject","inLanguage":"es","@id":"https:\/\/viniciojarquin.com\/blog\/#\/schema\/person\/image\/","url":"https:\/\/viniciojarquin.com\/blog\/wp-content\/uploads\/2024\/10\/Logo-VinicioJarquin-original-400.png","contentUrl":"https:\/\/viniciojarquin.com\/blog\/wp-content\/uploads\/2024\/10\/Logo-VinicioJarquin-original-400.png","width":400,"height":130,"caption":"Vinicio Jarqu\u00edn"},"logo":{"@id":"https:\/\/viniciojarquin.com\/blog\/#\/schema\/person\/image\/"},"description":"Empresario textil, artista pl\u00e1stico, escritor, coach de vida y fot\u00f3grafo.","sameAs":["https:\/\/viniciojarquin.com\/blog","https:\/\/www.facebook.com\/vinicio.jarquin","https:\/\/www.instagram.com\/vinicio_jarquin\/","https:\/\/www.pinterest.com\/vinnyjc\/","https:\/\/www.youtube.com\/@VinicioJarquin"],"url":"https:\/\/viniciojarquin.com\/blog\/author\/admin_s02au25i\/"}]}},"blog_post_layout_featured_media_urls":{"thumbnail":["https:\/\/viniciojarquin.com\/blog\/wp-content\/uploads\/2025\/12\/Por-que-no-deberiamos-votar-por-el-continuismo-07-150x150.jpg",150,150,true],"full":["https:\/\/viniciojarquin.com\/blog\/wp-content\/uploads\/2025\/12\/Por-que-no-deberiamos-votar-por-el-continuismo-07.jpg",800,500,false]},"categories_names":{"28":{"name":"Serie: Por qu\u00e9 NO al continuismo","link":"https:\/\/viniciojarquin.com\/blog\/category\/serie-por-que-no-al-continuismo\/"}},"tags_names":[],"comments_number":"0","_links":{"self":[{"href":"https:\/\/viniciojarquin.com\/blog\/wp-json\/wp\/v2\/posts\/1865","targetHints":{"allow":["GET"]}}],"collection":[{"href":"https:\/\/viniciojarquin.com\/blog\/wp-json\/wp\/v2\/posts"}],"about":[{"href":"https:\/\/viniciojarquin.com\/blog\/wp-json\/wp\/v2\/types\/post"}],"author":[{"embeddable":true,"href":"https:\/\/viniciojarquin.com\/blog\/wp-json\/wp\/v2\/users\/1"}],"replies":[{"embeddable":true,"href":"https:\/\/viniciojarquin.com\/blog\/wp-json\/wp\/v2\/comments?post=1865"}],"version-history":[{"count":1,"href":"https:\/\/viniciojarquin.com\/blog\/wp-json\/wp\/v2\/posts\/1865\/revisions"}],"predecessor-version":[{"id":1887,"href":"https:\/\/viniciojarquin.com\/blog\/wp-json\/wp\/v2\/posts\/1865\/revisions\/1887"}],"wp:featuredmedia":[{"embeddable":true,"href":"https:\/\/viniciojarquin.com\/blog\/wp-json\/wp\/v2\/media\/1885"}],"wp:attachment":[{"href":"https:\/\/viniciojarquin.com\/blog\/wp-json\/wp\/v2\/media?parent=1865"}],"wp:term":[{"taxonomy":"category","embeddable":true,"href":"https:\/\/viniciojarquin.com\/blog\/wp-json\/wp\/v2\/categories?post=1865"},{"taxonomy":"post_tag","embeddable":true,"href":"https:\/\/viniciojarquin.com\/blog\/wp-json\/wp\/v2\/tags?post=1865"}],"curies":[{"name":"wp","href":"https:\/\/api.w.org\/{rel}","templated":true}]}}