{"id":1866,"date":"2025-12-16T01:17:51","date_gmt":"2025-12-16T01:17:51","guid":{"rendered":"https:\/\/viniciojarquin.com\/blog\/?p=1866"},"modified":"2025-12-16T01:17:54","modified_gmt":"2025-12-16T01:17:54","slug":"viii-el-tono-la-forma-y-lo-que-normalizamos-como-pais","status":"publish","type":"post","link":"https:\/\/viniciojarquin.com\/blog\/viii-el-tono-la-forma-y-lo-que-normalizamos-como-pais\/","title":{"rendered":"VIII &#8211; El tono, la forma y lo que normalizamos como pa\u00eds"},"content":{"rendered":"\n<p>\u00bfPor qu\u00e9 no deber\u00edamos votar por el continuismo?<\/p>\n\n\n\n<p>Es cierto: la forma de hablar de un presidente, por s\u00ed sola, no garantiza que un gobierno ser\u00e1 bueno o malo. Un discurso elegante no asegura buenas pol\u00edticas, y un tono agresivo no implica autom\u00e1ticamente una mala gesti\u00f3n. Eso hay que decirlo con claridad. La forma no sustituye al fondo. Pero que no sea garant\u00eda no significa que sea irrelevante.<\/p>\n\n\n\n<p>El tono y la forma en que habla quien gobierna s\u00ed importan, porque modelan la conversaci\u00f3n p\u00fablica, marcan l\u00edmites y normalizan comportamientos. Cuando desde la Presidencia se insulta, se grita, se vulgariza el lenguaje o se desacredita al otro con desprecio, no se est\u00e1 siendo \u201caut\u00e9ntico\u201d ni \u201cdirecto\u201d: se est\u00e1 rebajando el est\u00e1ndar del di\u00e1logo democr\u00e1tico.<\/p>\n\n\n\n<p>Un presidente no habla solo como individuo. Habla como instituci\u00f3n. Y cuando la figura m\u00e1s alta del Poder Ejecutivo normaliza la groser\u00eda, el insulto o la descalificaci\u00f3n, ese estilo se filtra hacia abajo: a la pol\u00edtica, a las redes, a la calle, a la convivencia cotidiana. Poco a poco, lo que antes parec\u00eda inaceptable empieza a verse como normal.<\/p>\n\n\n\n<p>No se trata de exigir discursos acartonados ni palabras rebuscadas. Se trata de mantener un m\u00ednimo de respeto, de cuidar la forma como reflejo de valores. Tal vez no sea \u201cla forma de hablar de todos los costarricenses\u201d, pero s\u00ed deber\u00eda ser la forma correcta de ejercer el poder en una democracia madura.<\/p>\n\n\n\n<p>Porque cuando el liderazgo pierde la compostura, el mensaje impl\u00edcito es peligroso: que el fin justifica los medios, que el insulto es v\u00e1lido, que la agresi\u00f3n verbal es una herramienta pol\u00edtica leg\u00edtima. Y eso, aunque no se vea de inmediato, erosiona la convivencia y la cultura democr\u00e1tica.<\/p>\n\n\n\n<p>Si da lo mismo tener un presidente que habla con respeto que uno que no lo hace, entonces hemos bajado demasiado la vara. Y como sociedad, deber\u00edamos aspirar a m\u00e1s. No por apariencia, sino por lo que esa forma comunica: autocontrol, respeto por el cargo y conciencia del impacto que tiene la palabra cuando viene desde el poder.<\/p>\n\n\n\n<p>Elegir tambi\u00e9n es decidir qu\u00e9 tipo de liderazgo queremos normalizar. Y el tono, aunque algunos lo minimicen, tambi\u00e9n gobierna.<\/p>\n\n\n\n<figure class=\"wp-block-image size-full\"><img decoding=\"async\" width=\"800\" height=\"500\" data-src=\"https:\/\/viniciojarquin.com\/blog\/wp-content\/uploads\/2025\/12\/Por-que-no-deberiamos-votar-por-el-continuismo-08.jpg\" alt=\"\" class=\"wp-image-1847 lazyload\" data-srcset=\"https:\/\/viniciojarquin.com\/blog\/wp-content\/uploads\/2025\/12\/Por-que-no-deberiamos-votar-por-el-continuismo-08.jpg 800w, https:\/\/viniciojarquin.com\/blog\/wp-content\/uploads\/2025\/12\/Por-que-no-deberiamos-votar-por-el-continuismo-08-300x188.jpg 300w, https:\/\/viniciojarquin.com\/blog\/wp-content\/uploads\/2025\/12\/Por-que-no-deberiamos-votar-por-el-continuismo-08-768x480.jpg 768w\" data-sizes=\"(max-width: 800px) 100vw, 800px\" src=\"data:image\/svg+xml;base64,PHN2ZyB3aWR0aD0iMSIgaGVpZ2h0PSIxIiB4bWxucz0iaHR0cDovL3d3dy53My5vcmcvMjAwMC9zdmciPjwvc3ZnPg==\" style=\"--smush-placeholder-width: 800px; --smush-placeholder-aspect-ratio: 800\/500;\" \/><\/figure>\n","protected":false},"excerpt":{"rendered":"<p>\u00bfPor qu\u00e9 no deber\u00edamos votar por el continuismo? Es cierto: la forma de hablar de un presidente, por s\u00ed sola, [&hellip;]<\/p>\n","protected":false},"author":1,"featured_media":1847,"comment_status":"open","ping_status":"open","sticky":false,"template":"","format":"standard","meta":{"site-sidebar-layout":"default","site-content-layout":"","ast-site-content-layout":"","site-content-style":"default","site-sidebar-style":"default","ast-global-header-display":"","ast-banner-title-visibility":"","ast-main-header-display":"","ast-hfb-above-header-display":"","ast-hfb-below-header-display":"","ast-hfb-mobile-header-display":"","site-post-title":"","ast-breadcrumbs-content":"","ast-featured-img":"","footer-sml-layout":"","theme-transparent-header-meta":"","adv-header-id-meta":"","stick-header-meta":"","header-above-stick-meta":"","header-main-stick-meta":"","header-below-stick-meta":"","astra-migrate-meta-layouts":"default","ast-page-background-enabled":"default","ast-page-background-meta":{"desktop":{"background-color":"var(--ast-global-color-5)","background-image":"","background-repeat":"repeat","background-position":"center center","background-size":"auto","background-attachment":"scroll","background-type":"","background-media":"","overlay-type":"","overlay-color":"","overlay-opacity":"","overlay-gradient":""},"tablet":{"background-color":"","background-image":"","background-repeat":"repeat","background-position":"center center","background-size":"auto","background-attachment":"scroll","background-type":"","background-media":"","overlay-type":"","overlay-color":"","overlay-opacity":"","overlay-gradient":""},"mobile":{"background-color":"","background-image":"","background-repeat":"repeat","background-position":"center center","background-size":"auto","background-attachment":"scroll","background-type":"","background-media":"","overlay-type":"","overlay-color":"","overlay-opacity":"","overlay-gradient":""}},"ast-content-background-meta":{"desktop":{"background-color":"var(--ast-global-color-4)","background-image":"","background-repeat":"repeat","background-position":"center center","background-size":"auto","background-attachment":"scroll","background-type":"","background-media":"","overlay-type":"","overlay-color":"","overlay-opacity":"","overlay-gradient":""},"tablet":{"background-color":"var(--ast-global-color-4)","background-image":"","background-repeat":"repeat","background-position":"center center","background-size":"auto","background-attachment":"scroll","background-type":"","background-media":"","overlay-type":"","overlay-color":"","overlay-opacity":"","overlay-gradient":""},"mobile":{"background-color":"var(--ast-global-color-4)","background-image":"","background-repeat":"repeat","background-position":"center center","background-size":"auto","background-attachment":"scroll","background-type":"","background-media":"","overlay-type":"","overlay-color":"","overlay-opacity":"","overlay-gradient":""}},"footnotes":""},"categories":[28],"tags":[],"class_list":["post-1866","post","type-post","status-publish","format-standard","has-post-thumbnail","hentry","category-serie-por-que-no-al-continuismo"],"yoast_head":"<!-- This site is optimized with the Yoast SEO plugin v26.0 - https:\/\/yoast.com\/wordpress\/plugins\/seo\/ -->\n<title>VIII - El tono, la forma y lo que normalizamos como pa\u00eds - MI BLOG<\/title>\n<meta name=\"robots\" content=\"index, follow, max-snippet:-1, max-image-preview:large, max-video-preview:-1\" \/>\n<link rel=\"canonical\" href=\"https:\/\/viniciojarquin.com\/blog\/viii-el-tono-la-forma-y-lo-que-normalizamos-como-pais\/\" \/>\n<meta property=\"og:locale\" content=\"es_ES\" \/>\n<meta property=\"og:type\" content=\"article\" \/>\n<meta property=\"og:title\" content=\"VIII - El tono, la forma y lo que normalizamos como pa\u00eds - MI BLOG\" \/>\n<meta property=\"og:description\" content=\"\u00bfPor qu\u00e9 no deber\u00edamos votar por el continuismo? Es cierto: la forma de hablar de un presidente, por s\u00ed sola, [&hellip;]\" \/>\n<meta property=\"og:url\" content=\"https:\/\/viniciojarquin.com\/blog\/viii-el-tono-la-forma-y-lo-que-normalizamos-como-pais\/\" \/>\n<meta property=\"og:site_name\" content=\"MI BLOG\" \/>\n<meta property=\"article:publisher\" content=\"https:\/\/www.facebook.com\/vinicio.jarquin\" \/>\n<meta property=\"article:author\" content=\"https:\/\/www.facebook.com\/vinicio.jarquin\" \/>\n<meta property=\"article:published_time\" content=\"2025-12-16T01:17:51+00:00\" \/>\n<meta property=\"article:modified_time\" content=\"2025-12-16T01:17:54+00:00\" \/>\n<meta property=\"og:image\" content=\"https:\/\/viniciojarquin.com\/blog\/wp-content\/uploads\/2025\/12\/Por-que-no-deberiamos-votar-por-el-continuismo-08.jpg\" \/>\n\t<meta property=\"og:image:width\" content=\"800\" \/>\n\t<meta property=\"og:image:height\" content=\"500\" \/>\n\t<meta property=\"og:image:type\" content=\"image\/jpeg\" \/>\n<meta name=\"author\" content=\"Vinicio Jarqu\u00edn\" \/>\n<meta name=\"twitter:card\" content=\"summary_large_image\" \/>\n<meta name=\"twitter:label1\" content=\"Escrito por\" \/>\n\t<meta name=\"twitter:data1\" content=\"Vinicio Jarqu\u00edn\" \/>\n\t<meta name=\"twitter:label2\" content=\"Tiempo de lectura\" \/>\n\t<meta name=\"twitter:data2\" content=\"3 minutos\" \/>\n<script type=\"application\/ld+json\" class=\"yoast-schema-graph\">{\"@context\":\"https:\/\/schema.org\",\"@graph\":[{\"@type\":\"Article\",\"@id\":\"https:\/\/viniciojarquin.com\/blog\/viii-el-tono-la-forma-y-lo-que-normalizamos-como-pais\/#article\",\"isPartOf\":{\"@id\":\"https:\/\/viniciojarquin.com\/blog\/viii-el-tono-la-forma-y-lo-que-normalizamos-como-pais\/\"},\"author\":{\"name\":\"Vinicio Jarqu\u00edn\",\"@id\":\"https:\/\/viniciojarquin.com\/blog\/#\/schema\/person\/90100c8845ae55462ec0657d3d2f8d3b\"},\"headline\":\"VIII &#8211; El tono, la forma y lo que normalizamos como pa\u00eds\",\"datePublished\":\"2025-12-16T01:17:51+00:00\",\"dateModified\":\"2025-12-16T01:17:54+00:00\",\"mainEntityOfPage\":{\"@id\":\"https:\/\/viniciojarquin.com\/blog\/viii-el-tono-la-forma-y-lo-que-normalizamos-como-pais\/\"},\"wordCount\":403,\"commentCount\":0,\"publisher\":{\"@id\":\"https:\/\/viniciojarquin.com\/blog\/#\/schema\/person\/90100c8845ae55462ec0657d3d2f8d3b\"},\"image\":{\"@id\":\"https:\/\/viniciojarquin.com\/blog\/viii-el-tono-la-forma-y-lo-que-normalizamos-como-pais\/#primaryimage\"},\"thumbnailUrl\":\"https:\/\/viniciojarquin.com\/blog\/wp-content\/uploads\/2025\/12\/Por-que-no-deberiamos-votar-por-el-continuismo-08.jpg\",\"articleSection\":[\"Serie: Por qu\u00e9 NO al continuismo\"],\"inLanguage\":\"es\",\"potentialAction\":[{\"@type\":\"CommentAction\",\"name\":\"Comment\",\"target\":[\"https:\/\/viniciojarquin.com\/blog\/viii-el-tono-la-forma-y-lo-que-normalizamos-como-pais\/#respond\"]}]},{\"@type\":\"WebPage\",\"@id\":\"https:\/\/viniciojarquin.com\/blog\/viii-el-tono-la-forma-y-lo-que-normalizamos-como-pais\/\",\"url\":\"https:\/\/viniciojarquin.com\/blog\/viii-el-tono-la-forma-y-lo-que-normalizamos-como-pais\/\",\"name\":\"VIII - El tono, la forma y lo que normalizamos como pa\u00eds - MI BLOG\",\"isPartOf\":{\"@id\":\"https:\/\/viniciojarquin.com\/blog\/#website\"},\"primaryImageOfPage\":{\"@id\":\"https:\/\/viniciojarquin.com\/blog\/viii-el-tono-la-forma-y-lo-que-normalizamos-como-pais\/#primaryimage\"},\"image\":{\"@id\":\"https:\/\/viniciojarquin.com\/blog\/viii-el-tono-la-forma-y-lo-que-normalizamos-como-pais\/#primaryimage\"},\"thumbnailUrl\":\"https:\/\/viniciojarquin.com\/blog\/wp-content\/uploads\/2025\/12\/Por-que-no-deberiamos-votar-por-el-continuismo-08.jpg\",\"datePublished\":\"2025-12-16T01:17:51+00:00\",\"dateModified\":\"2025-12-16T01:17:54+00:00\",\"breadcrumb\":{\"@id\":\"https:\/\/viniciojarquin.com\/blog\/viii-el-tono-la-forma-y-lo-que-normalizamos-como-pais\/#breadcrumb\"},\"inLanguage\":\"es\",\"potentialAction\":[{\"@type\":\"ReadAction\",\"target\":[\"https:\/\/viniciojarquin.com\/blog\/viii-el-tono-la-forma-y-lo-que-normalizamos-como-pais\/\"]}]},{\"@type\":\"ImageObject\",\"inLanguage\":\"es\",\"@id\":\"https:\/\/viniciojarquin.com\/blog\/viii-el-tono-la-forma-y-lo-que-normalizamos-como-pais\/#primaryimage\",\"url\":\"https:\/\/viniciojarquin.com\/blog\/wp-content\/uploads\/2025\/12\/Por-que-no-deberiamos-votar-por-el-continuismo-08.jpg\",\"contentUrl\":\"https:\/\/viniciojarquin.com\/blog\/wp-content\/uploads\/2025\/12\/Por-que-no-deberiamos-votar-por-el-continuismo-08.jpg\",\"width\":800,\"height\":500},{\"@type\":\"BreadcrumbList\",\"@id\":\"https:\/\/viniciojarquin.com\/blog\/viii-el-tono-la-forma-y-lo-que-normalizamos-como-pais\/#breadcrumb\",\"itemListElement\":[{\"@type\":\"ListItem\",\"position\":1,\"name\":\"Portada\",\"item\":\"https:\/\/viniciojarquin.com\/blog\/\"},{\"@type\":\"ListItem\",\"position\":2,\"name\":\"VIII &#8211; El tono, la forma y lo que normalizamos como pa\u00eds\"}]},{\"@type\":\"WebSite\",\"@id\":\"https:\/\/viniciojarquin.com\/blog\/#website\",\"url\":\"https:\/\/viniciojarquin.com\/blog\/\",\"name\":\"Vinicio Jarqu\u00edn BLOG\",\"description\":\"\",\"publisher\":{\"@id\":\"https:\/\/viniciojarquin.com\/blog\/#\/schema\/person\/90100c8845ae55462ec0657d3d2f8d3b\"},\"potentialAction\":[{\"@type\":\"SearchAction\",\"target\":{\"@type\":\"EntryPoint\",\"urlTemplate\":\"https:\/\/viniciojarquin.com\/blog\/?s={search_term_string}\"},\"query-input\":{\"@type\":\"PropertyValueSpecification\",\"valueRequired\":true,\"valueName\":\"search_term_string\"}}],\"inLanguage\":\"es\"},{\"@type\":[\"Person\",\"Organization\"],\"@id\":\"https:\/\/viniciojarquin.com\/blog\/#\/schema\/person\/90100c8845ae55462ec0657d3d2f8d3b\",\"name\":\"Vinicio Jarqu\u00edn\",\"image\":{\"@type\":\"ImageObject\",\"inLanguage\":\"es\",\"@id\":\"https:\/\/viniciojarquin.com\/blog\/#\/schema\/person\/image\/\",\"url\":\"https:\/\/viniciojarquin.com\/blog\/wp-content\/uploads\/2024\/10\/Logo-VinicioJarquin-original-400.png\",\"contentUrl\":\"https:\/\/viniciojarquin.com\/blog\/wp-content\/uploads\/2024\/10\/Logo-VinicioJarquin-original-400.png\",\"width\":400,\"height\":130,\"caption\":\"Vinicio Jarqu\u00edn\"},\"logo\":{\"@id\":\"https:\/\/viniciojarquin.com\/blog\/#\/schema\/person\/image\/\"},\"description\":\"Empresario textil, artista pl\u00e1stico, escritor, coach de vida y fot\u00f3grafo.\",\"sameAs\":[\"https:\/\/viniciojarquin.com\/blog\",\"https:\/\/www.facebook.com\/vinicio.jarquin\",\"https:\/\/www.instagram.com\/vinicio_jarquin\/\",\"https:\/\/www.pinterest.com\/vinnyjc\/\",\"https:\/\/www.youtube.com\/@VinicioJarquin\"],\"url\":\"https:\/\/viniciojarquin.com\/blog\/author\/admin_s02au25i\/\"}]}<\/script>\n<!-- \/ Yoast SEO plugin. -->","yoast_head_json":{"title":"VIII - El tono, la forma y lo que normalizamos como pa\u00eds - MI BLOG","robots":{"index":"index","follow":"follow","max-snippet":"max-snippet:-1","max-image-preview":"max-image-preview:large","max-video-preview":"max-video-preview:-1"},"canonical":"https:\/\/viniciojarquin.com\/blog\/viii-el-tono-la-forma-y-lo-que-normalizamos-como-pais\/","og_locale":"es_ES","og_type":"article","og_title":"VIII - El tono, la forma y lo que normalizamos como pa\u00eds - MI BLOG","og_description":"\u00bfPor qu\u00e9 no deber\u00edamos votar por el continuismo? Es cierto: la forma de hablar de un presidente, por s\u00ed sola, [&hellip;]","og_url":"https:\/\/viniciojarquin.com\/blog\/viii-el-tono-la-forma-y-lo-que-normalizamos-como-pais\/","og_site_name":"MI BLOG","article_publisher":"https:\/\/www.facebook.com\/vinicio.jarquin","article_author":"https:\/\/www.facebook.com\/vinicio.jarquin","article_published_time":"2025-12-16T01:17:51+00:00","article_modified_time":"2025-12-16T01:17:54+00:00","og_image":[{"width":800,"height":500,"url":"https:\/\/viniciojarquin.com\/blog\/wp-content\/uploads\/2025\/12\/Por-que-no-deberiamos-votar-por-el-continuismo-08.jpg","type":"image\/jpeg"}],"author":"Vinicio Jarqu\u00edn","twitter_card":"summary_large_image","twitter_misc":{"Escrito por":"Vinicio Jarqu\u00edn","Tiempo de lectura":"3 minutos"},"schema":{"@context":"https:\/\/schema.org","@graph":[{"@type":"Article","@id":"https:\/\/viniciojarquin.com\/blog\/viii-el-tono-la-forma-y-lo-que-normalizamos-como-pais\/#article","isPartOf":{"@id":"https:\/\/viniciojarquin.com\/blog\/viii-el-tono-la-forma-y-lo-que-normalizamos-como-pais\/"},"author":{"name":"Vinicio Jarqu\u00edn","@id":"https:\/\/viniciojarquin.com\/blog\/#\/schema\/person\/90100c8845ae55462ec0657d3d2f8d3b"},"headline":"VIII &#8211; El tono, la forma y lo que normalizamos como pa\u00eds","datePublished":"2025-12-16T01:17:51+00:00","dateModified":"2025-12-16T01:17:54+00:00","mainEntityOfPage":{"@id":"https:\/\/viniciojarquin.com\/blog\/viii-el-tono-la-forma-y-lo-que-normalizamos-como-pais\/"},"wordCount":403,"commentCount":0,"publisher":{"@id":"https:\/\/viniciojarquin.com\/blog\/#\/schema\/person\/90100c8845ae55462ec0657d3d2f8d3b"},"image":{"@id":"https:\/\/viniciojarquin.com\/blog\/viii-el-tono-la-forma-y-lo-que-normalizamos-como-pais\/#primaryimage"},"thumbnailUrl":"https:\/\/viniciojarquin.com\/blog\/wp-content\/uploads\/2025\/12\/Por-que-no-deberiamos-votar-por-el-continuismo-08.jpg","articleSection":["Serie: Por qu\u00e9 NO al continuismo"],"inLanguage":"es","potentialAction":[{"@type":"CommentAction","name":"Comment","target":["https:\/\/viniciojarquin.com\/blog\/viii-el-tono-la-forma-y-lo-que-normalizamos-como-pais\/#respond"]}]},{"@type":"WebPage","@id":"https:\/\/viniciojarquin.com\/blog\/viii-el-tono-la-forma-y-lo-que-normalizamos-como-pais\/","url":"https:\/\/viniciojarquin.com\/blog\/viii-el-tono-la-forma-y-lo-que-normalizamos-como-pais\/","name":"VIII - El tono, la forma y lo que normalizamos como pa\u00eds - MI BLOG","isPartOf":{"@id":"https:\/\/viniciojarquin.com\/blog\/#website"},"primaryImageOfPage":{"@id":"https:\/\/viniciojarquin.com\/blog\/viii-el-tono-la-forma-y-lo-que-normalizamos-como-pais\/#primaryimage"},"image":{"@id":"https:\/\/viniciojarquin.com\/blog\/viii-el-tono-la-forma-y-lo-que-normalizamos-como-pais\/#primaryimage"},"thumbnailUrl":"https:\/\/viniciojarquin.com\/blog\/wp-content\/uploads\/2025\/12\/Por-que-no-deberiamos-votar-por-el-continuismo-08.jpg","datePublished":"2025-12-16T01:17:51+00:00","dateModified":"2025-12-16T01:17:54+00:00","breadcrumb":{"@id":"https:\/\/viniciojarquin.com\/blog\/viii-el-tono-la-forma-y-lo-que-normalizamos-como-pais\/#breadcrumb"},"inLanguage":"es","potentialAction":[{"@type":"ReadAction","target":["https:\/\/viniciojarquin.com\/blog\/viii-el-tono-la-forma-y-lo-que-normalizamos-como-pais\/"]}]},{"@type":"ImageObject","inLanguage":"es","@id":"https:\/\/viniciojarquin.com\/blog\/viii-el-tono-la-forma-y-lo-que-normalizamos-como-pais\/#primaryimage","url":"https:\/\/viniciojarquin.com\/blog\/wp-content\/uploads\/2025\/12\/Por-que-no-deberiamos-votar-por-el-continuismo-08.jpg","contentUrl":"https:\/\/viniciojarquin.com\/blog\/wp-content\/uploads\/2025\/12\/Por-que-no-deberiamos-votar-por-el-continuismo-08.jpg","width":800,"height":500},{"@type":"BreadcrumbList","@id":"https:\/\/viniciojarquin.com\/blog\/viii-el-tono-la-forma-y-lo-que-normalizamos-como-pais\/#breadcrumb","itemListElement":[{"@type":"ListItem","position":1,"name":"Portada","item":"https:\/\/viniciojarquin.com\/blog\/"},{"@type":"ListItem","position":2,"name":"VIII &#8211; El tono, la forma y lo que normalizamos como pa\u00eds"}]},{"@type":"WebSite","@id":"https:\/\/viniciojarquin.com\/blog\/#website","url":"https:\/\/viniciojarquin.com\/blog\/","name":"Vinicio Jarqu\u00edn BLOG","description":"","publisher":{"@id":"https:\/\/viniciojarquin.com\/blog\/#\/schema\/person\/90100c8845ae55462ec0657d3d2f8d3b"},"potentialAction":[{"@type":"SearchAction","target":{"@type":"EntryPoint","urlTemplate":"https:\/\/viniciojarquin.com\/blog\/?s={search_term_string}"},"query-input":{"@type":"PropertyValueSpecification","valueRequired":true,"valueName":"search_term_string"}}],"inLanguage":"es"},{"@type":["Person","Organization"],"@id":"https:\/\/viniciojarquin.com\/blog\/#\/schema\/person\/90100c8845ae55462ec0657d3d2f8d3b","name":"Vinicio Jarqu\u00edn","image":{"@type":"ImageObject","inLanguage":"es","@id":"https:\/\/viniciojarquin.com\/blog\/#\/schema\/person\/image\/","url":"https:\/\/viniciojarquin.com\/blog\/wp-content\/uploads\/2024\/10\/Logo-VinicioJarquin-original-400.png","contentUrl":"https:\/\/viniciojarquin.com\/blog\/wp-content\/uploads\/2024\/10\/Logo-VinicioJarquin-original-400.png","width":400,"height":130,"caption":"Vinicio Jarqu\u00edn"},"logo":{"@id":"https:\/\/viniciojarquin.com\/blog\/#\/schema\/person\/image\/"},"description":"Empresario textil, artista pl\u00e1stico, escritor, coach de vida y fot\u00f3grafo.","sameAs":["https:\/\/viniciojarquin.com\/blog","https:\/\/www.facebook.com\/vinicio.jarquin","https:\/\/www.instagram.com\/vinicio_jarquin\/","https:\/\/www.pinterest.com\/vinnyjc\/","https:\/\/www.youtube.com\/@VinicioJarquin"],"url":"https:\/\/viniciojarquin.com\/blog\/author\/admin_s02au25i\/"}]}},"blog_post_layout_featured_media_urls":{"thumbnail":["https:\/\/viniciojarquin.com\/blog\/wp-content\/uploads\/2025\/12\/Por-que-no-deberiamos-votar-por-el-continuismo-08-150x150.jpg",150,150,true],"full":["https:\/\/viniciojarquin.com\/blog\/wp-content\/uploads\/2025\/12\/Por-que-no-deberiamos-votar-por-el-continuismo-08.jpg",800,500,false]},"categories_names":{"28":{"name":"Serie: Por qu\u00e9 NO al continuismo","link":"https:\/\/viniciojarquin.com\/blog\/category\/serie-por-que-no-al-continuismo\/"}},"tags_names":[],"comments_number":"0","_links":{"self":[{"href":"https:\/\/viniciojarquin.com\/blog\/wp-json\/wp\/v2\/posts\/1866","targetHints":{"allow":["GET"]}}],"collection":[{"href":"https:\/\/viniciojarquin.com\/blog\/wp-json\/wp\/v2\/posts"}],"about":[{"href":"https:\/\/viniciojarquin.com\/blog\/wp-json\/wp\/v2\/types\/post"}],"author":[{"embeddable":true,"href":"https:\/\/viniciojarquin.com\/blog\/wp-json\/wp\/v2\/users\/1"}],"replies":[{"embeddable":true,"href":"https:\/\/viniciojarquin.com\/blog\/wp-json\/wp\/v2\/comments?post=1866"}],"version-history":[{"count":1,"href":"https:\/\/viniciojarquin.com\/blog\/wp-json\/wp\/v2\/posts\/1866\/revisions"}],"predecessor-version":[{"id":1888,"href":"https:\/\/viniciojarquin.com\/blog\/wp-json\/wp\/v2\/posts\/1866\/revisions\/1888"}],"wp:featuredmedia":[{"embeddable":true,"href":"https:\/\/viniciojarquin.com\/blog\/wp-json\/wp\/v2\/media\/1847"}],"wp:attachment":[{"href":"https:\/\/viniciojarquin.com\/blog\/wp-json\/wp\/v2\/media?parent=1866"}],"wp:term":[{"taxonomy":"category","embeddable":true,"href":"https:\/\/viniciojarquin.com\/blog\/wp-json\/wp\/v2\/categories?post=1866"},{"taxonomy":"post_tag","embeddable":true,"href":"https:\/\/viniciojarquin.com\/blog\/wp-json\/wp\/v2\/tags?post=1866"}],"curies":[{"name":"wp","href":"https:\/\/api.w.org\/{rel}","templated":true}]}}