{"id":1868,"date":"2025-12-16T01:21:19","date_gmt":"2025-12-16T01:21:19","guid":{"rendered":"https:\/\/viniciojarquin.com\/blog\/?p=1868"},"modified":"2025-12-16T01:21:22","modified_gmt":"2025-12-16T01:21:22","slug":"x-el-aislamiento-internacional-y-la-perdida-silenciosa-del-prestigio-pais","status":"publish","type":"post","link":"https:\/\/viniciojarquin.com\/blog\/x-el-aislamiento-internacional-y-la-perdida-silenciosa-del-prestigio-pais\/","title":{"rendered":"X &#8211; El aislamiento internacional y la p\u00e9rdida silenciosa del prestigio pa\u00eds"},"content":{"rendered":"\n<p>\u00bfPor qu\u00e9 no deber\u00edamos votar por el continuismo?<\/p>\n\n\n\n<p>Costa Rica no es un pa\u00eds grande. No lo es en territorio, no lo es en poder militar y no lo es en peso econ\u00f3mico. Y, sin embargo, durante d\u00e9cadas logr\u00f3 algo que muchos pa\u00edses m\u00e1s grandes nunca consiguieron: prestigio internacional. Una reputaci\u00f3n construida con paciencia, coherencia y respeto a la democracia, a los derechos humanos, al derecho internacional y a la institucionalidad.<\/p>\n\n\n\n<p>Ese prestigio no era simb\u00f3lico. Era real. Nos abr\u00eda puertas, generaba confianza, facilitaba inversi\u00f3n, cooperaci\u00f3n internacional y voz en foros donde, en teor\u00eda, no tendr\u00edamos por qu\u00e9 ser escuchados. Costa Rica era vista como un pa\u00eds serio, predecible, confiable. Un pa\u00eds que pod\u00eda disentir sin romper, criticar sin insultar y defender sus intereses sin dinamitar puentes.<\/p>\n\n\n\n<p>Eso se ha ido erosionando.<\/p>\n\n\n\n<p>No por una sola decisi\u00f3n, ni por un evento aislado, sino por una forma de relacionarse con el mundo. Por el tono confrontativo, por los conflictos innecesarios, por el desprecio abierto hacia organismos internacionales, por la incapacidad de construir alianzas duraderas y por una narrativa que parece m\u00e1s interesada en pelear que en cooperar.<\/p>\n\n\n\n<p>El prestigio internacional no se pierde de un d\u00eda para otro. Se desgasta. Se agrieta. Se debilita lentamente. Y lo m\u00e1s peligroso es que no se siente de inmediato. No hay titulares que digan \u201choy Costa Rica perdi\u00f3 credibilidad\u201d, pero los efectos empiezan a aparecer en decisiones que no nos favorecen, en apoyos que no llegan, en oportunidades que pasan de largo.<\/p>\n\n\n\n<p>Un pa\u00eds peque\u00f1o vive tambi\u00e9n de su reputaci\u00f3n. Vive de la confianza que inspira. Cuando esa confianza se rompe, no basta con cambiar el discurso; hay que reconstruir relaciones, pedir segundas oportunidades y demostrar, con hechos sostenidos en el tiempo, que se volvi\u00f3 a ser confiable.<\/p>\n\n\n\n<p>El continuismo implica seguir por ese mismo camino. Mantener una forma de gobernar que ve al exterior con desconfianza, que se siente c\u00f3modo en el conflicto y que no valora suficientemente el capital diplom\u00e1tico acumulado durante generaciones. Y ese capital, cuando se pierde, cuesta a\u00f1os recuperarlo.<\/p>\n\n\n\n<p>No se trata de agradar al mundo ni de vivir pendientes de la opini\u00f3n internacional. Se trata de entender que Costa Rica no puede darse el lujo de aislarse, de pelear con todos o de convertirse en un actor impredecible. Nuestro tama\u00f1o no lo permite. Nuestra historia tampoco.<\/p>\n\n\n\n<p>Votar tambi\u00e9n es decidir qu\u00e9 lugar queremos que ocupe Costa Rica en el mundo.<br>Si uno de respeto, di\u00e1logo y credibilidad\u2026 o uno de ruido, confrontaci\u00f3n y puertas cerradas.<\/p>\n\n\n\n<figure class=\"wp-block-image size-full\"><img decoding=\"async\" width=\"800\" height=\"500\" data-src=\"https:\/\/viniciojarquin.com\/blog\/wp-content\/uploads\/2025\/12\/Por-que-no-deberiamos-votar-por-el-continuismo-10.jpg\" alt=\"\" class=\"wp-image-1849 lazyload\" data-srcset=\"https:\/\/viniciojarquin.com\/blog\/wp-content\/uploads\/2025\/12\/Por-que-no-deberiamos-votar-por-el-continuismo-10.jpg 800w, https:\/\/viniciojarquin.com\/blog\/wp-content\/uploads\/2025\/12\/Por-que-no-deberiamos-votar-por-el-continuismo-10-300x188.jpg 300w, https:\/\/viniciojarquin.com\/blog\/wp-content\/uploads\/2025\/12\/Por-que-no-deberiamos-votar-por-el-continuismo-10-768x480.jpg 768w\" data-sizes=\"(max-width: 800px) 100vw, 800px\" src=\"data:image\/svg+xml;base64,PHN2ZyB3aWR0aD0iMSIgaGVpZ2h0PSIxIiB4bWxucz0iaHR0cDovL3d3dy53My5vcmcvMjAwMC9zdmciPjwvc3ZnPg==\" style=\"--smush-placeholder-width: 800px; --smush-placeholder-aspect-ratio: 800\/500;\" \/><\/figure>\n","protected":false},"excerpt":{"rendered":"<p>\u00bfPor qu\u00e9 no deber\u00edamos votar por el continuismo? Costa Rica no es un pa\u00eds grande. No lo es en territorio, [&hellip;]<\/p>\n","protected":false},"author":1,"featured_media":1849,"comment_status":"open","ping_status":"open","sticky":false,"template":"","format":"standard","meta":{"site-sidebar-layout":"default","site-content-layout":"","ast-site-content-layout":"","site-content-style":"default","site-sidebar-style":"default","ast-global-header-display":"","ast-banner-title-visibility":"","ast-main-header-display":"","ast-hfb-above-header-display":"","ast-hfb-below-header-display":"","ast-hfb-mobile-header-display":"","site-post-title":"","ast-breadcrumbs-content":"","ast-featured-img":"","footer-sml-layout":"","theme-transparent-header-meta":"","adv-header-id-meta":"","stick-header-meta":"","header-above-stick-meta":"","header-main-stick-meta":"","header-below-stick-meta":"","astra-migrate-meta-layouts":"default","ast-page-background-enabled":"default","ast-page-background-meta":{"desktop":{"background-color":"var(--ast-global-color-5)","background-image":"","background-repeat":"repeat","background-position":"center center","background-size":"auto","background-attachment":"scroll","background-type":"","background-media":"","overlay-type":"","overlay-color":"","overlay-opacity":"","overlay-gradient":""},"tablet":{"background-color":"","background-image":"","background-repeat":"repeat","background-position":"center center","background-size":"auto","background-attachment":"scroll","background-type":"","background-media":"","overlay-type":"","overlay-color":"","overlay-opacity":"","overlay-gradient":""},"mobile":{"background-color":"","background-image":"","background-repeat":"repeat","background-position":"center center","background-size":"auto","background-attachment":"scroll","background-type":"","background-media":"","overlay-type":"","overlay-color":"","overlay-opacity":"","overlay-gradient":""}},"ast-content-background-meta":{"desktop":{"background-color":"var(--ast-global-color-4)","background-image":"","background-repeat":"repeat","background-position":"center center","background-size":"auto","background-attachment":"scroll","background-type":"","background-media":"","overlay-type":"","overlay-color":"","overlay-opacity":"","overlay-gradient":""},"tablet":{"background-color":"var(--ast-global-color-4)","background-image":"","background-repeat":"repeat","background-position":"center center","background-size":"auto","background-attachment":"scroll","background-type":"","background-media":"","overlay-type":"","overlay-color":"","overlay-opacity":"","overlay-gradient":""},"mobile":{"background-color":"var(--ast-global-color-4)","background-image":"","background-repeat":"repeat","background-position":"center center","background-size":"auto","background-attachment":"scroll","background-type":"","background-media":"","overlay-type":"","overlay-color":"","overlay-opacity":"","overlay-gradient":""}},"footnotes":""},"categories":[28],"tags":[],"class_list":["post-1868","post","type-post","status-publish","format-standard","has-post-thumbnail","hentry","category-serie-por-que-no-al-continuismo"],"yoast_head":"<!-- This site is optimized with the Yoast SEO plugin v26.0 - https:\/\/yoast.com\/wordpress\/plugins\/seo\/ -->\n<title>X - El aislamiento internacional y la p\u00e9rdida silenciosa del prestigio pa\u00eds - MI BLOG<\/title>\n<meta name=\"robots\" content=\"index, follow, max-snippet:-1, max-image-preview:large, max-video-preview:-1\" \/>\n<link rel=\"canonical\" href=\"https:\/\/viniciojarquin.com\/blog\/x-el-aislamiento-internacional-y-la-perdida-silenciosa-del-prestigio-pais\/\" \/>\n<meta property=\"og:locale\" content=\"es_ES\" \/>\n<meta property=\"og:type\" content=\"article\" \/>\n<meta property=\"og:title\" content=\"X - El aislamiento internacional y la p\u00e9rdida silenciosa del prestigio pa\u00eds - MI BLOG\" \/>\n<meta property=\"og:description\" content=\"\u00bfPor qu\u00e9 no deber\u00edamos votar por el continuismo? Costa Rica no es un pa\u00eds grande. No lo es en territorio, [&hellip;]\" \/>\n<meta property=\"og:url\" content=\"https:\/\/viniciojarquin.com\/blog\/x-el-aislamiento-internacional-y-la-perdida-silenciosa-del-prestigio-pais\/\" \/>\n<meta property=\"og:site_name\" content=\"MI BLOG\" \/>\n<meta property=\"article:publisher\" content=\"https:\/\/www.facebook.com\/vinicio.jarquin\" \/>\n<meta property=\"article:author\" content=\"https:\/\/www.facebook.com\/vinicio.jarquin\" \/>\n<meta property=\"article:published_time\" content=\"2025-12-16T01:21:19+00:00\" \/>\n<meta property=\"article:modified_time\" content=\"2025-12-16T01:21:22+00:00\" \/>\n<meta property=\"og:image\" content=\"https:\/\/viniciojarquin.com\/blog\/wp-content\/uploads\/2025\/12\/Por-que-no-deberiamos-votar-por-el-continuismo-10.jpg\" \/>\n\t<meta property=\"og:image:width\" content=\"800\" \/>\n\t<meta property=\"og:image:height\" content=\"500\" \/>\n\t<meta property=\"og:image:type\" content=\"image\/jpeg\" \/>\n<meta name=\"author\" content=\"Vinicio Jarqu\u00edn\" \/>\n<meta name=\"twitter:card\" content=\"summary_large_image\" \/>\n<meta name=\"twitter:label1\" content=\"Escrito por\" \/>\n\t<meta name=\"twitter:data1\" content=\"Vinicio Jarqu\u00edn\" \/>\n\t<meta name=\"twitter:label2\" content=\"Tiempo de lectura\" \/>\n\t<meta name=\"twitter:data2\" content=\"3 minutos\" \/>\n<script type=\"application\/ld+json\" class=\"yoast-schema-graph\">{\"@context\":\"https:\/\/schema.org\",\"@graph\":[{\"@type\":\"Article\",\"@id\":\"https:\/\/viniciojarquin.com\/blog\/x-el-aislamiento-internacional-y-la-perdida-silenciosa-del-prestigio-pais\/#article\",\"isPartOf\":{\"@id\":\"https:\/\/viniciojarquin.com\/blog\/x-el-aislamiento-internacional-y-la-perdida-silenciosa-del-prestigio-pais\/\"},\"author\":{\"name\":\"Vinicio Jarqu\u00edn\",\"@id\":\"https:\/\/viniciojarquin.com\/blog\/#\/schema\/person\/90100c8845ae55462ec0657d3d2f8d3b\"},\"headline\":\"X &#8211; El aislamiento internacional y la p\u00e9rdida silenciosa del prestigio pa\u00eds\",\"datePublished\":\"2025-12-16T01:21:19+00:00\",\"dateModified\":\"2025-12-16T01:21:22+00:00\",\"mainEntityOfPage\":{\"@id\":\"https:\/\/viniciojarquin.com\/blog\/x-el-aislamiento-internacional-y-la-perdida-silenciosa-del-prestigio-pais\/\"},\"wordCount\":463,\"commentCount\":0,\"publisher\":{\"@id\":\"https:\/\/viniciojarquin.com\/blog\/#\/schema\/person\/90100c8845ae55462ec0657d3d2f8d3b\"},\"image\":{\"@id\":\"https:\/\/viniciojarquin.com\/blog\/x-el-aislamiento-internacional-y-la-perdida-silenciosa-del-prestigio-pais\/#primaryimage\"},\"thumbnailUrl\":\"https:\/\/viniciojarquin.com\/blog\/wp-content\/uploads\/2025\/12\/Por-que-no-deberiamos-votar-por-el-continuismo-10.jpg\",\"articleSection\":[\"Serie: Por qu\u00e9 NO al continuismo\"],\"inLanguage\":\"es\",\"potentialAction\":[{\"@type\":\"CommentAction\",\"name\":\"Comment\",\"target\":[\"https:\/\/viniciojarquin.com\/blog\/x-el-aislamiento-internacional-y-la-perdida-silenciosa-del-prestigio-pais\/#respond\"]}]},{\"@type\":\"WebPage\",\"@id\":\"https:\/\/viniciojarquin.com\/blog\/x-el-aislamiento-internacional-y-la-perdida-silenciosa-del-prestigio-pais\/\",\"url\":\"https:\/\/viniciojarquin.com\/blog\/x-el-aislamiento-internacional-y-la-perdida-silenciosa-del-prestigio-pais\/\",\"name\":\"X - El aislamiento internacional y la p\u00e9rdida silenciosa del prestigio pa\u00eds - MI BLOG\",\"isPartOf\":{\"@id\":\"https:\/\/viniciojarquin.com\/blog\/#website\"},\"primaryImageOfPage\":{\"@id\":\"https:\/\/viniciojarquin.com\/blog\/x-el-aislamiento-internacional-y-la-perdida-silenciosa-del-prestigio-pais\/#primaryimage\"},\"image\":{\"@id\":\"https:\/\/viniciojarquin.com\/blog\/x-el-aislamiento-internacional-y-la-perdida-silenciosa-del-prestigio-pais\/#primaryimage\"},\"thumbnailUrl\":\"https:\/\/viniciojarquin.com\/blog\/wp-content\/uploads\/2025\/12\/Por-que-no-deberiamos-votar-por-el-continuismo-10.jpg\",\"datePublished\":\"2025-12-16T01:21:19+00:00\",\"dateModified\":\"2025-12-16T01:21:22+00:00\",\"breadcrumb\":{\"@id\":\"https:\/\/viniciojarquin.com\/blog\/x-el-aislamiento-internacional-y-la-perdida-silenciosa-del-prestigio-pais\/#breadcrumb\"},\"inLanguage\":\"es\",\"potentialAction\":[{\"@type\":\"ReadAction\",\"target\":[\"https:\/\/viniciojarquin.com\/blog\/x-el-aislamiento-internacional-y-la-perdida-silenciosa-del-prestigio-pais\/\"]}]},{\"@type\":\"ImageObject\",\"inLanguage\":\"es\",\"@id\":\"https:\/\/viniciojarquin.com\/blog\/x-el-aislamiento-internacional-y-la-perdida-silenciosa-del-prestigio-pais\/#primaryimage\",\"url\":\"https:\/\/viniciojarquin.com\/blog\/wp-content\/uploads\/2025\/12\/Por-que-no-deberiamos-votar-por-el-continuismo-10.jpg\",\"contentUrl\":\"https:\/\/viniciojarquin.com\/blog\/wp-content\/uploads\/2025\/12\/Por-que-no-deberiamos-votar-por-el-continuismo-10.jpg\",\"width\":800,\"height\":500},{\"@type\":\"BreadcrumbList\",\"@id\":\"https:\/\/viniciojarquin.com\/blog\/x-el-aislamiento-internacional-y-la-perdida-silenciosa-del-prestigio-pais\/#breadcrumb\",\"itemListElement\":[{\"@type\":\"ListItem\",\"position\":1,\"name\":\"Portada\",\"item\":\"https:\/\/viniciojarquin.com\/blog\/\"},{\"@type\":\"ListItem\",\"position\":2,\"name\":\"X &#8211; El aislamiento internacional y la p\u00e9rdida silenciosa del prestigio pa\u00eds\"}]},{\"@type\":\"WebSite\",\"@id\":\"https:\/\/viniciojarquin.com\/blog\/#website\",\"url\":\"https:\/\/viniciojarquin.com\/blog\/\",\"name\":\"Vinicio Jarqu\u00edn BLOG\",\"description\":\"\",\"publisher\":{\"@id\":\"https:\/\/viniciojarquin.com\/blog\/#\/schema\/person\/90100c8845ae55462ec0657d3d2f8d3b\"},\"potentialAction\":[{\"@type\":\"SearchAction\",\"target\":{\"@type\":\"EntryPoint\",\"urlTemplate\":\"https:\/\/viniciojarquin.com\/blog\/?s={search_term_string}\"},\"query-input\":{\"@type\":\"PropertyValueSpecification\",\"valueRequired\":true,\"valueName\":\"search_term_string\"}}],\"inLanguage\":\"es\"},{\"@type\":[\"Person\",\"Organization\"],\"@id\":\"https:\/\/viniciojarquin.com\/blog\/#\/schema\/person\/90100c8845ae55462ec0657d3d2f8d3b\",\"name\":\"Vinicio Jarqu\u00edn\",\"image\":{\"@type\":\"ImageObject\",\"inLanguage\":\"es\",\"@id\":\"https:\/\/viniciojarquin.com\/blog\/#\/schema\/person\/image\/\",\"url\":\"https:\/\/viniciojarquin.com\/blog\/wp-content\/uploads\/2024\/10\/Logo-VinicioJarquin-original-400.png\",\"contentUrl\":\"https:\/\/viniciojarquin.com\/blog\/wp-content\/uploads\/2024\/10\/Logo-VinicioJarquin-original-400.png\",\"width\":400,\"height\":130,\"caption\":\"Vinicio Jarqu\u00edn\"},\"logo\":{\"@id\":\"https:\/\/viniciojarquin.com\/blog\/#\/schema\/person\/image\/\"},\"description\":\"Empresario textil, artista pl\u00e1stico, escritor, coach de vida y fot\u00f3grafo.\",\"sameAs\":[\"https:\/\/viniciojarquin.com\/blog\",\"https:\/\/www.facebook.com\/vinicio.jarquin\",\"https:\/\/www.instagram.com\/vinicio_jarquin\/\",\"https:\/\/www.pinterest.com\/vinnyjc\/\",\"https:\/\/www.youtube.com\/@VinicioJarquin\"],\"url\":\"https:\/\/viniciojarquin.com\/blog\/author\/admin_s02au25i\/\"}]}<\/script>\n<!-- \/ Yoast SEO plugin. -->","yoast_head_json":{"title":"X - El aislamiento internacional y la p\u00e9rdida silenciosa del prestigio pa\u00eds - MI BLOG","robots":{"index":"index","follow":"follow","max-snippet":"max-snippet:-1","max-image-preview":"max-image-preview:large","max-video-preview":"max-video-preview:-1"},"canonical":"https:\/\/viniciojarquin.com\/blog\/x-el-aislamiento-internacional-y-la-perdida-silenciosa-del-prestigio-pais\/","og_locale":"es_ES","og_type":"article","og_title":"X - El aislamiento internacional y la p\u00e9rdida silenciosa del prestigio pa\u00eds - MI BLOG","og_description":"\u00bfPor qu\u00e9 no deber\u00edamos votar por el continuismo? Costa Rica no es un pa\u00eds grande. No lo es en territorio, [&hellip;]","og_url":"https:\/\/viniciojarquin.com\/blog\/x-el-aislamiento-internacional-y-la-perdida-silenciosa-del-prestigio-pais\/","og_site_name":"MI BLOG","article_publisher":"https:\/\/www.facebook.com\/vinicio.jarquin","article_author":"https:\/\/www.facebook.com\/vinicio.jarquin","article_published_time":"2025-12-16T01:21:19+00:00","article_modified_time":"2025-12-16T01:21:22+00:00","og_image":[{"width":800,"height":500,"url":"https:\/\/viniciojarquin.com\/blog\/wp-content\/uploads\/2025\/12\/Por-que-no-deberiamos-votar-por-el-continuismo-10.jpg","type":"image\/jpeg"}],"author":"Vinicio Jarqu\u00edn","twitter_card":"summary_large_image","twitter_misc":{"Escrito por":"Vinicio Jarqu\u00edn","Tiempo de lectura":"3 minutos"},"schema":{"@context":"https:\/\/schema.org","@graph":[{"@type":"Article","@id":"https:\/\/viniciojarquin.com\/blog\/x-el-aislamiento-internacional-y-la-perdida-silenciosa-del-prestigio-pais\/#article","isPartOf":{"@id":"https:\/\/viniciojarquin.com\/blog\/x-el-aislamiento-internacional-y-la-perdida-silenciosa-del-prestigio-pais\/"},"author":{"name":"Vinicio Jarqu\u00edn","@id":"https:\/\/viniciojarquin.com\/blog\/#\/schema\/person\/90100c8845ae55462ec0657d3d2f8d3b"},"headline":"X &#8211; El aislamiento internacional y la p\u00e9rdida silenciosa del prestigio pa\u00eds","datePublished":"2025-12-16T01:21:19+00:00","dateModified":"2025-12-16T01:21:22+00:00","mainEntityOfPage":{"@id":"https:\/\/viniciojarquin.com\/blog\/x-el-aislamiento-internacional-y-la-perdida-silenciosa-del-prestigio-pais\/"},"wordCount":463,"commentCount":0,"publisher":{"@id":"https:\/\/viniciojarquin.com\/blog\/#\/schema\/person\/90100c8845ae55462ec0657d3d2f8d3b"},"image":{"@id":"https:\/\/viniciojarquin.com\/blog\/x-el-aislamiento-internacional-y-la-perdida-silenciosa-del-prestigio-pais\/#primaryimage"},"thumbnailUrl":"https:\/\/viniciojarquin.com\/blog\/wp-content\/uploads\/2025\/12\/Por-que-no-deberiamos-votar-por-el-continuismo-10.jpg","articleSection":["Serie: Por qu\u00e9 NO al continuismo"],"inLanguage":"es","potentialAction":[{"@type":"CommentAction","name":"Comment","target":["https:\/\/viniciojarquin.com\/blog\/x-el-aislamiento-internacional-y-la-perdida-silenciosa-del-prestigio-pais\/#respond"]}]},{"@type":"WebPage","@id":"https:\/\/viniciojarquin.com\/blog\/x-el-aislamiento-internacional-y-la-perdida-silenciosa-del-prestigio-pais\/","url":"https:\/\/viniciojarquin.com\/blog\/x-el-aislamiento-internacional-y-la-perdida-silenciosa-del-prestigio-pais\/","name":"X - El aislamiento internacional y la p\u00e9rdida silenciosa del prestigio pa\u00eds - MI BLOG","isPartOf":{"@id":"https:\/\/viniciojarquin.com\/blog\/#website"},"primaryImageOfPage":{"@id":"https:\/\/viniciojarquin.com\/blog\/x-el-aislamiento-internacional-y-la-perdida-silenciosa-del-prestigio-pais\/#primaryimage"},"image":{"@id":"https:\/\/viniciojarquin.com\/blog\/x-el-aislamiento-internacional-y-la-perdida-silenciosa-del-prestigio-pais\/#primaryimage"},"thumbnailUrl":"https:\/\/viniciojarquin.com\/blog\/wp-content\/uploads\/2025\/12\/Por-que-no-deberiamos-votar-por-el-continuismo-10.jpg","datePublished":"2025-12-16T01:21:19+00:00","dateModified":"2025-12-16T01:21:22+00:00","breadcrumb":{"@id":"https:\/\/viniciojarquin.com\/blog\/x-el-aislamiento-internacional-y-la-perdida-silenciosa-del-prestigio-pais\/#breadcrumb"},"inLanguage":"es","potentialAction":[{"@type":"ReadAction","target":["https:\/\/viniciojarquin.com\/blog\/x-el-aislamiento-internacional-y-la-perdida-silenciosa-del-prestigio-pais\/"]}]},{"@type":"ImageObject","inLanguage":"es","@id":"https:\/\/viniciojarquin.com\/blog\/x-el-aislamiento-internacional-y-la-perdida-silenciosa-del-prestigio-pais\/#primaryimage","url":"https:\/\/viniciojarquin.com\/blog\/wp-content\/uploads\/2025\/12\/Por-que-no-deberiamos-votar-por-el-continuismo-10.jpg","contentUrl":"https:\/\/viniciojarquin.com\/blog\/wp-content\/uploads\/2025\/12\/Por-que-no-deberiamos-votar-por-el-continuismo-10.jpg","width":800,"height":500},{"@type":"BreadcrumbList","@id":"https:\/\/viniciojarquin.com\/blog\/x-el-aislamiento-internacional-y-la-perdida-silenciosa-del-prestigio-pais\/#breadcrumb","itemListElement":[{"@type":"ListItem","position":1,"name":"Portada","item":"https:\/\/viniciojarquin.com\/blog\/"},{"@type":"ListItem","position":2,"name":"X &#8211; El aislamiento internacional y la p\u00e9rdida silenciosa del prestigio pa\u00eds"}]},{"@type":"WebSite","@id":"https:\/\/viniciojarquin.com\/blog\/#website","url":"https:\/\/viniciojarquin.com\/blog\/","name":"Vinicio Jarqu\u00edn BLOG","description":"","publisher":{"@id":"https:\/\/viniciojarquin.com\/blog\/#\/schema\/person\/90100c8845ae55462ec0657d3d2f8d3b"},"potentialAction":[{"@type":"SearchAction","target":{"@type":"EntryPoint","urlTemplate":"https:\/\/viniciojarquin.com\/blog\/?s={search_term_string}"},"query-input":{"@type":"PropertyValueSpecification","valueRequired":true,"valueName":"search_term_string"}}],"inLanguage":"es"},{"@type":["Person","Organization"],"@id":"https:\/\/viniciojarquin.com\/blog\/#\/schema\/person\/90100c8845ae55462ec0657d3d2f8d3b","name":"Vinicio Jarqu\u00edn","image":{"@type":"ImageObject","inLanguage":"es","@id":"https:\/\/viniciojarquin.com\/blog\/#\/schema\/person\/image\/","url":"https:\/\/viniciojarquin.com\/blog\/wp-content\/uploads\/2024\/10\/Logo-VinicioJarquin-original-400.png","contentUrl":"https:\/\/viniciojarquin.com\/blog\/wp-content\/uploads\/2024\/10\/Logo-VinicioJarquin-original-400.png","width":400,"height":130,"caption":"Vinicio Jarqu\u00edn"},"logo":{"@id":"https:\/\/viniciojarquin.com\/blog\/#\/schema\/person\/image\/"},"description":"Empresario textil, artista pl\u00e1stico, escritor, coach de vida y fot\u00f3grafo.","sameAs":["https:\/\/viniciojarquin.com\/blog","https:\/\/www.facebook.com\/vinicio.jarquin","https:\/\/www.instagram.com\/vinicio_jarquin\/","https:\/\/www.pinterest.com\/vinnyjc\/","https:\/\/www.youtube.com\/@VinicioJarquin"],"url":"https:\/\/viniciojarquin.com\/blog\/author\/admin_s02au25i\/"}]}},"blog_post_layout_featured_media_urls":{"thumbnail":["https:\/\/viniciojarquin.com\/blog\/wp-content\/uploads\/2025\/12\/Por-que-no-deberiamos-votar-por-el-continuismo-10-150x150.jpg",150,150,true],"full":["https:\/\/viniciojarquin.com\/blog\/wp-content\/uploads\/2025\/12\/Por-que-no-deberiamos-votar-por-el-continuismo-10.jpg",800,500,false]},"categories_names":{"28":{"name":"Serie: Por qu\u00e9 NO al continuismo","link":"https:\/\/viniciojarquin.com\/blog\/category\/serie-por-que-no-al-continuismo\/"}},"tags_names":[],"comments_number":"0","_links":{"self":[{"href":"https:\/\/viniciojarquin.com\/blog\/wp-json\/wp\/v2\/posts\/1868","targetHints":{"allow":["GET"]}}],"collection":[{"href":"https:\/\/viniciojarquin.com\/blog\/wp-json\/wp\/v2\/posts"}],"about":[{"href":"https:\/\/viniciojarquin.com\/blog\/wp-json\/wp\/v2\/types\/post"}],"author":[{"embeddable":true,"href":"https:\/\/viniciojarquin.com\/blog\/wp-json\/wp\/v2\/users\/1"}],"replies":[{"embeddable":true,"href":"https:\/\/viniciojarquin.com\/blog\/wp-json\/wp\/v2\/comments?post=1868"}],"version-history":[{"count":1,"href":"https:\/\/viniciojarquin.com\/blog\/wp-json\/wp\/v2\/posts\/1868\/revisions"}],"predecessor-version":[{"id":1894,"href":"https:\/\/viniciojarquin.com\/blog\/wp-json\/wp\/v2\/posts\/1868\/revisions\/1894"}],"wp:featuredmedia":[{"embeddable":true,"href":"https:\/\/viniciojarquin.com\/blog\/wp-json\/wp\/v2\/media\/1849"}],"wp:attachment":[{"href":"https:\/\/viniciojarquin.com\/blog\/wp-json\/wp\/v2\/media?parent=1868"}],"wp:term":[{"taxonomy":"category","embeddable":true,"href":"https:\/\/viniciojarquin.com\/blog\/wp-json\/wp\/v2\/categories?post=1868"},{"taxonomy":"post_tag","embeddable":true,"href":"https:\/\/viniciojarquin.com\/blog\/wp-json\/wp\/v2\/tags?post=1868"}],"curies":[{"name":"wp","href":"https:\/\/api.w.org\/{rel}","templated":true}]}}