{"id":1870,"date":"2025-12-16T01:19:00","date_gmt":"2025-12-16T01:19:00","guid":{"rendered":"https:\/\/viniciojarquin.com\/blog\/?p=1870"},"modified":"2025-12-16T01:19:04","modified_gmt":"2025-12-16T01:19:04","slug":"xii-el-desgaste-social-y-la-fractura-del-tejido-humano","status":"publish","type":"post","link":"https:\/\/viniciojarquin.com\/blog\/xii-el-desgaste-social-y-la-fractura-del-tejido-humano\/","title":{"rendered":"XII &#8211; El desgaste social y la fractura del tejido humano"},"content":{"rendered":"\n<p>\u00bfPor qu\u00e9 no deber\u00edamos votar por el continuismo?<\/p>\n\n\n\n<p>Un pa\u00eds no se mide solo por sus n\u00fameros econ\u00f3micos, por sus indicadores fiscales o por sus estad\u00edsticas de crecimiento. Un pa\u00eds tambi\u00e9n se mide por c\u00f3mo se habla a s\u00ed mismo, por el clima emocional que se vive en las casas, en las calles, en los trabajos, en las conversaciones cotidianas. Y ah\u00ed es donde Costa Rica hoy muestra un desgaste profundo.<\/p>\n\n\n\n<p>Vivimos en un ambiente de tensi\u00f3n permanente. De enojo acumulado. De bandos que ya no se escuchan. De discusiones que escalan r\u00e1pido y se rompen f\u00e1cil. Familias divididas, amistades que se evitan, conversaciones que se cancelan \u201cpara no pelear\u201d. Eso no es casualidad. Es el resultado de una forma de hacer pol\u00edtica.<\/p>\n\n\n\n<p>Un gobierno no solo administra recursos; administra convivencia. Y cuando desde el poder se valida el enfrentamiento, la descalificaci\u00f3n constante y la l\u00f3gica de \u201cellos contra nosotros\u201d, esa manera de relacionarse se filtra en toda la sociedad. Se normaliza la agresi\u00f3n verbal, se justifica el desprecio y se pierde la capacidad de dialogar sin atacar.<\/p>\n\n\n\n<p>El continuismo promete seguir en esa misma din\u00e1mica. Una din\u00e1mica que puede ser rentable pol\u00edticamente, pero que empobrece emocionalmente al pa\u00eds. Porque vivir en alerta constante, en conflicto permanente, cansa. Y un pa\u00eds cansado piensa peor, decide peor y se vuelve m\u00e1s vulnerable a discursos extremos.<\/p>\n\n\n\n<p>Costa Rica siempre se ha caracterizado por una convivencia relativamente pac\u00edfica, por la posibilidad de disentir sin romper, por el respeto b\u00e1sico al otro, aunque piense distinto. Eso se est\u00e1 debilitando. No de golpe, sino lentamente, conversaci\u00f3n a conversaci\u00f3n, insulto a insulto, silencio a silencio.<\/p>\n\n\n\n<p>El desgaste social no sale en los informes oficiales, pero se siente. Se respira. Y cuando se rompe el tejido humano, reconstruirlo es mucho m\u00e1s dif\u00edcil que arreglar una carretera o ajustar un presupuesto.<\/p>\n\n\n\n<p>Votar por un proyecto pol\u00edtico tambi\u00e9n es decidir qu\u00e9 tipo de clima emocional queremos seguir viviendo. Si uno de confrontaci\u00f3n constante\u2026 o uno donde sea posible volver a conversar sin miedo a romperlo todo.<\/p>\n\n\n\n<figure class=\"wp-block-image size-full\"><img decoding=\"async\" width=\"800\" height=\"500\" data-src=\"https:\/\/viniciojarquin.com\/blog\/wp-content\/uploads\/2025\/12\/Por-que-no-deberiamos-votar-por-el-continuismo-12.jpg\" alt=\"\" class=\"wp-image-1851 lazyload\" data-srcset=\"https:\/\/viniciojarquin.com\/blog\/wp-content\/uploads\/2025\/12\/Por-que-no-deberiamos-votar-por-el-continuismo-12.jpg 800w, https:\/\/viniciojarquin.com\/blog\/wp-content\/uploads\/2025\/12\/Por-que-no-deberiamos-votar-por-el-continuismo-12-300x188.jpg 300w, https:\/\/viniciojarquin.com\/blog\/wp-content\/uploads\/2025\/12\/Por-que-no-deberiamos-votar-por-el-continuismo-12-768x480.jpg 768w\" data-sizes=\"(max-width: 800px) 100vw, 800px\" src=\"data:image\/svg+xml;base64,PHN2ZyB3aWR0aD0iMSIgaGVpZ2h0PSIxIiB4bWxucz0iaHR0cDovL3d3dy53My5vcmcvMjAwMC9zdmciPjwvc3ZnPg==\" style=\"--smush-placeholder-width: 800px; --smush-placeholder-aspect-ratio: 800\/500;\" \/><\/figure>\n","protected":false},"excerpt":{"rendered":"<p>\u00bfPor qu\u00e9 no deber\u00edamos votar por el continuismo? Un pa\u00eds no se mide solo por sus n\u00fameros econ\u00f3micos, por sus [&hellip;]<\/p>\n","protected":false},"author":1,"featured_media":1851,"comment_status":"open","ping_status":"open","sticky":false,"template":"","format":"standard","meta":{"site-sidebar-layout":"default","site-content-layout":"","ast-site-content-layout":"","site-content-style":"default","site-sidebar-style":"default","ast-global-header-display":"","ast-banner-title-visibility":"","ast-main-header-display":"","ast-hfb-above-header-display":"","ast-hfb-below-header-display":"","ast-hfb-mobile-header-display":"","site-post-title":"","ast-breadcrumbs-content":"","ast-featured-img":"","footer-sml-layout":"","theme-transparent-header-meta":"","adv-header-id-meta":"","stick-header-meta":"","header-above-stick-meta":"","header-main-stick-meta":"","header-below-stick-meta":"","astra-migrate-meta-layouts":"default","ast-page-background-enabled":"default","ast-page-background-meta":{"desktop":{"background-color":"var(--ast-global-color-5)","background-image":"","background-repeat":"repeat","background-position":"center center","background-size":"auto","background-attachment":"scroll","background-type":"","background-media":"","overlay-type":"","overlay-color":"","overlay-opacity":"","overlay-gradient":""},"tablet":{"background-color":"","background-image":"","background-repeat":"repeat","background-position":"center center","background-size":"auto","background-attachment":"scroll","background-type":"","background-media":"","overlay-type":"","overlay-color":"","overlay-opacity":"","overlay-gradient":""},"mobile":{"background-color":"","background-image":"","background-repeat":"repeat","background-position":"center center","background-size":"auto","background-attachment":"scroll","background-type":"","background-media":"","overlay-type":"","overlay-color":"","overlay-opacity":"","overlay-gradient":""}},"ast-content-background-meta":{"desktop":{"background-color":"var(--ast-global-color-4)","background-image":"","background-repeat":"repeat","background-position":"center center","background-size":"auto","background-attachment":"scroll","background-type":"","background-media":"","overlay-type":"","overlay-color":"","overlay-opacity":"","overlay-gradient":""},"tablet":{"background-color":"var(--ast-global-color-4)","background-image":"","background-repeat":"repeat","background-position":"center center","background-size":"auto","background-attachment":"scroll","background-type":"","background-media":"","overlay-type":"","overlay-color":"","overlay-opacity":"","overlay-gradient":""},"mobile":{"background-color":"var(--ast-global-color-4)","background-image":"","background-repeat":"repeat","background-position":"center center","background-size":"auto","background-attachment":"scroll","background-type":"","background-media":"","overlay-type":"","overlay-color":"","overlay-opacity":"","overlay-gradient":""}},"footnotes":""},"categories":[28],"tags":[],"class_list":["post-1870","post","type-post","status-publish","format-standard","has-post-thumbnail","hentry","category-serie-por-que-no-al-continuismo"],"yoast_head":"<!-- This site is optimized with the Yoast SEO plugin v26.0 - https:\/\/yoast.com\/wordpress\/plugins\/seo\/ -->\n<title>XII - El desgaste social y la fractura del tejido humano - MI BLOG<\/title>\n<meta name=\"robots\" content=\"index, follow, max-snippet:-1, max-image-preview:large, max-video-preview:-1\" \/>\n<link rel=\"canonical\" href=\"https:\/\/viniciojarquin.com\/blog\/xii-el-desgaste-social-y-la-fractura-del-tejido-humano\/\" \/>\n<meta property=\"og:locale\" content=\"es_ES\" \/>\n<meta property=\"og:type\" content=\"article\" \/>\n<meta property=\"og:title\" content=\"XII - El desgaste social y la fractura del tejido humano - MI BLOG\" \/>\n<meta property=\"og:description\" content=\"\u00bfPor qu\u00e9 no deber\u00edamos votar por el continuismo? Un pa\u00eds no se mide solo por sus n\u00fameros econ\u00f3micos, por sus [&hellip;]\" \/>\n<meta property=\"og:url\" content=\"https:\/\/viniciojarquin.com\/blog\/xii-el-desgaste-social-y-la-fractura-del-tejido-humano\/\" \/>\n<meta property=\"og:site_name\" content=\"MI BLOG\" \/>\n<meta property=\"article:publisher\" content=\"https:\/\/www.facebook.com\/vinicio.jarquin\" \/>\n<meta property=\"article:author\" content=\"https:\/\/www.facebook.com\/vinicio.jarquin\" \/>\n<meta property=\"article:published_time\" content=\"2025-12-16T01:19:00+00:00\" \/>\n<meta property=\"article:modified_time\" content=\"2025-12-16T01:19:04+00:00\" \/>\n<meta property=\"og:image\" content=\"https:\/\/viniciojarquin.com\/blog\/wp-content\/uploads\/2025\/12\/Por-que-no-deberiamos-votar-por-el-continuismo-12.jpg\" \/>\n\t<meta property=\"og:image:width\" content=\"800\" \/>\n\t<meta property=\"og:image:height\" content=\"500\" \/>\n\t<meta property=\"og:image:type\" content=\"image\/jpeg\" \/>\n<meta name=\"author\" content=\"Vinicio Jarqu\u00edn\" \/>\n<meta name=\"twitter:card\" content=\"summary_large_image\" \/>\n<meta name=\"twitter:label1\" content=\"Escrito por\" \/>\n\t<meta name=\"twitter:data1\" content=\"Vinicio Jarqu\u00edn\" \/>\n\t<meta name=\"twitter:label2\" content=\"Tiempo de lectura\" \/>\n\t<meta name=\"twitter:data2\" content=\"2 minutos\" \/>\n<script type=\"application\/ld+json\" class=\"yoast-schema-graph\">{\"@context\":\"https:\/\/schema.org\",\"@graph\":[{\"@type\":\"Article\",\"@id\":\"https:\/\/viniciojarquin.com\/blog\/xii-el-desgaste-social-y-la-fractura-del-tejido-humano\/#article\",\"isPartOf\":{\"@id\":\"https:\/\/viniciojarquin.com\/blog\/xii-el-desgaste-social-y-la-fractura-del-tejido-humano\/\"},\"author\":{\"name\":\"Vinicio Jarqu\u00edn\",\"@id\":\"https:\/\/viniciojarquin.com\/blog\/#\/schema\/person\/90100c8845ae55462ec0657d3d2f8d3b\"},\"headline\":\"XII &#8211; El desgaste social y la fractura del tejido humano\",\"datePublished\":\"2025-12-16T01:19:00+00:00\",\"dateModified\":\"2025-12-16T01:19:04+00:00\",\"mainEntityOfPage\":{\"@id\":\"https:\/\/viniciojarquin.com\/blog\/xii-el-desgaste-social-y-la-fractura-del-tejido-humano\/\"},\"wordCount\":378,\"commentCount\":0,\"publisher\":{\"@id\":\"https:\/\/viniciojarquin.com\/blog\/#\/schema\/person\/90100c8845ae55462ec0657d3d2f8d3b\"},\"image\":{\"@id\":\"https:\/\/viniciojarquin.com\/blog\/xii-el-desgaste-social-y-la-fractura-del-tejido-humano\/#primaryimage\"},\"thumbnailUrl\":\"https:\/\/viniciojarquin.com\/blog\/wp-content\/uploads\/2025\/12\/Por-que-no-deberiamos-votar-por-el-continuismo-12.jpg\",\"articleSection\":[\"Serie: Por qu\u00e9 NO al continuismo\"],\"inLanguage\":\"es\",\"potentialAction\":[{\"@type\":\"CommentAction\",\"name\":\"Comment\",\"target\":[\"https:\/\/viniciojarquin.com\/blog\/xii-el-desgaste-social-y-la-fractura-del-tejido-humano\/#respond\"]}]},{\"@type\":\"WebPage\",\"@id\":\"https:\/\/viniciojarquin.com\/blog\/xii-el-desgaste-social-y-la-fractura-del-tejido-humano\/\",\"url\":\"https:\/\/viniciojarquin.com\/blog\/xii-el-desgaste-social-y-la-fractura-del-tejido-humano\/\",\"name\":\"XII - El desgaste social y la fractura del tejido humano - MI BLOG\",\"isPartOf\":{\"@id\":\"https:\/\/viniciojarquin.com\/blog\/#website\"},\"primaryImageOfPage\":{\"@id\":\"https:\/\/viniciojarquin.com\/blog\/xii-el-desgaste-social-y-la-fractura-del-tejido-humano\/#primaryimage\"},\"image\":{\"@id\":\"https:\/\/viniciojarquin.com\/blog\/xii-el-desgaste-social-y-la-fractura-del-tejido-humano\/#primaryimage\"},\"thumbnailUrl\":\"https:\/\/viniciojarquin.com\/blog\/wp-content\/uploads\/2025\/12\/Por-que-no-deberiamos-votar-por-el-continuismo-12.jpg\",\"datePublished\":\"2025-12-16T01:19:00+00:00\",\"dateModified\":\"2025-12-16T01:19:04+00:00\",\"breadcrumb\":{\"@id\":\"https:\/\/viniciojarquin.com\/blog\/xii-el-desgaste-social-y-la-fractura-del-tejido-humano\/#breadcrumb\"},\"inLanguage\":\"es\",\"potentialAction\":[{\"@type\":\"ReadAction\",\"target\":[\"https:\/\/viniciojarquin.com\/blog\/xii-el-desgaste-social-y-la-fractura-del-tejido-humano\/\"]}]},{\"@type\":\"ImageObject\",\"inLanguage\":\"es\",\"@id\":\"https:\/\/viniciojarquin.com\/blog\/xii-el-desgaste-social-y-la-fractura-del-tejido-humano\/#primaryimage\",\"url\":\"https:\/\/viniciojarquin.com\/blog\/wp-content\/uploads\/2025\/12\/Por-que-no-deberiamos-votar-por-el-continuismo-12.jpg\",\"contentUrl\":\"https:\/\/viniciojarquin.com\/blog\/wp-content\/uploads\/2025\/12\/Por-que-no-deberiamos-votar-por-el-continuismo-12.jpg\",\"width\":800,\"height\":500},{\"@type\":\"BreadcrumbList\",\"@id\":\"https:\/\/viniciojarquin.com\/blog\/xii-el-desgaste-social-y-la-fractura-del-tejido-humano\/#breadcrumb\",\"itemListElement\":[{\"@type\":\"ListItem\",\"position\":1,\"name\":\"Portada\",\"item\":\"https:\/\/viniciojarquin.com\/blog\/\"},{\"@type\":\"ListItem\",\"position\":2,\"name\":\"XII &#8211; El desgaste social y la fractura del tejido humano\"}]},{\"@type\":\"WebSite\",\"@id\":\"https:\/\/viniciojarquin.com\/blog\/#website\",\"url\":\"https:\/\/viniciojarquin.com\/blog\/\",\"name\":\"Vinicio Jarqu\u00edn BLOG\",\"description\":\"\",\"publisher\":{\"@id\":\"https:\/\/viniciojarquin.com\/blog\/#\/schema\/person\/90100c8845ae55462ec0657d3d2f8d3b\"},\"potentialAction\":[{\"@type\":\"SearchAction\",\"target\":{\"@type\":\"EntryPoint\",\"urlTemplate\":\"https:\/\/viniciojarquin.com\/blog\/?s={search_term_string}\"},\"query-input\":{\"@type\":\"PropertyValueSpecification\",\"valueRequired\":true,\"valueName\":\"search_term_string\"}}],\"inLanguage\":\"es\"},{\"@type\":[\"Person\",\"Organization\"],\"@id\":\"https:\/\/viniciojarquin.com\/blog\/#\/schema\/person\/90100c8845ae55462ec0657d3d2f8d3b\",\"name\":\"Vinicio Jarqu\u00edn\",\"image\":{\"@type\":\"ImageObject\",\"inLanguage\":\"es\",\"@id\":\"https:\/\/viniciojarquin.com\/blog\/#\/schema\/person\/image\/\",\"url\":\"https:\/\/viniciojarquin.com\/blog\/wp-content\/uploads\/2024\/10\/Logo-VinicioJarquin-original-400.png\",\"contentUrl\":\"https:\/\/viniciojarquin.com\/blog\/wp-content\/uploads\/2024\/10\/Logo-VinicioJarquin-original-400.png\",\"width\":400,\"height\":130,\"caption\":\"Vinicio Jarqu\u00edn\"},\"logo\":{\"@id\":\"https:\/\/viniciojarquin.com\/blog\/#\/schema\/person\/image\/\"},\"description\":\"Empresario textil, artista pl\u00e1stico, escritor, coach de vida y fot\u00f3grafo.\",\"sameAs\":[\"https:\/\/viniciojarquin.com\/blog\",\"https:\/\/www.facebook.com\/vinicio.jarquin\",\"https:\/\/www.instagram.com\/vinicio_jarquin\/\",\"https:\/\/www.pinterest.com\/vinnyjc\/\",\"https:\/\/www.youtube.com\/@VinicioJarquin\"],\"url\":\"https:\/\/viniciojarquin.com\/blog\/author\/admin_s02au25i\/\"}]}<\/script>\n<!-- \/ Yoast SEO plugin. -->","yoast_head_json":{"title":"XII - El desgaste social y la fractura del tejido humano - MI BLOG","robots":{"index":"index","follow":"follow","max-snippet":"max-snippet:-1","max-image-preview":"max-image-preview:large","max-video-preview":"max-video-preview:-1"},"canonical":"https:\/\/viniciojarquin.com\/blog\/xii-el-desgaste-social-y-la-fractura-del-tejido-humano\/","og_locale":"es_ES","og_type":"article","og_title":"XII - El desgaste social y la fractura del tejido humano - MI BLOG","og_description":"\u00bfPor qu\u00e9 no deber\u00edamos votar por el continuismo? Un pa\u00eds no se mide solo por sus n\u00fameros econ\u00f3micos, por sus [&hellip;]","og_url":"https:\/\/viniciojarquin.com\/blog\/xii-el-desgaste-social-y-la-fractura-del-tejido-humano\/","og_site_name":"MI BLOG","article_publisher":"https:\/\/www.facebook.com\/vinicio.jarquin","article_author":"https:\/\/www.facebook.com\/vinicio.jarquin","article_published_time":"2025-12-16T01:19:00+00:00","article_modified_time":"2025-12-16T01:19:04+00:00","og_image":[{"width":800,"height":500,"url":"https:\/\/viniciojarquin.com\/blog\/wp-content\/uploads\/2025\/12\/Por-que-no-deberiamos-votar-por-el-continuismo-12.jpg","type":"image\/jpeg"}],"author":"Vinicio Jarqu\u00edn","twitter_card":"summary_large_image","twitter_misc":{"Escrito por":"Vinicio Jarqu\u00edn","Tiempo de lectura":"2 minutos"},"schema":{"@context":"https:\/\/schema.org","@graph":[{"@type":"Article","@id":"https:\/\/viniciojarquin.com\/blog\/xii-el-desgaste-social-y-la-fractura-del-tejido-humano\/#article","isPartOf":{"@id":"https:\/\/viniciojarquin.com\/blog\/xii-el-desgaste-social-y-la-fractura-del-tejido-humano\/"},"author":{"name":"Vinicio Jarqu\u00edn","@id":"https:\/\/viniciojarquin.com\/blog\/#\/schema\/person\/90100c8845ae55462ec0657d3d2f8d3b"},"headline":"XII &#8211; El desgaste social y la fractura del tejido humano","datePublished":"2025-12-16T01:19:00+00:00","dateModified":"2025-12-16T01:19:04+00:00","mainEntityOfPage":{"@id":"https:\/\/viniciojarquin.com\/blog\/xii-el-desgaste-social-y-la-fractura-del-tejido-humano\/"},"wordCount":378,"commentCount":0,"publisher":{"@id":"https:\/\/viniciojarquin.com\/blog\/#\/schema\/person\/90100c8845ae55462ec0657d3d2f8d3b"},"image":{"@id":"https:\/\/viniciojarquin.com\/blog\/xii-el-desgaste-social-y-la-fractura-del-tejido-humano\/#primaryimage"},"thumbnailUrl":"https:\/\/viniciojarquin.com\/blog\/wp-content\/uploads\/2025\/12\/Por-que-no-deberiamos-votar-por-el-continuismo-12.jpg","articleSection":["Serie: Por qu\u00e9 NO al continuismo"],"inLanguage":"es","potentialAction":[{"@type":"CommentAction","name":"Comment","target":["https:\/\/viniciojarquin.com\/blog\/xii-el-desgaste-social-y-la-fractura-del-tejido-humano\/#respond"]}]},{"@type":"WebPage","@id":"https:\/\/viniciojarquin.com\/blog\/xii-el-desgaste-social-y-la-fractura-del-tejido-humano\/","url":"https:\/\/viniciojarquin.com\/blog\/xii-el-desgaste-social-y-la-fractura-del-tejido-humano\/","name":"XII - El desgaste social y la fractura del tejido humano - MI BLOG","isPartOf":{"@id":"https:\/\/viniciojarquin.com\/blog\/#website"},"primaryImageOfPage":{"@id":"https:\/\/viniciojarquin.com\/blog\/xii-el-desgaste-social-y-la-fractura-del-tejido-humano\/#primaryimage"},"image":{"@id":"https:\/\/viniciojarquin.com\/blog\/xii-el-desgaste-social-y-la-fractura-del-tejido-humano\/#primaryimage"},"thumbnailUrl":"https:\/\/viniciojarquin.com\/blog\/wp-content\/uploads\/2025\/12\/Por-que-no-deberiamos-votar-por-el-continuismo-12.jpg","datePublished":"2025-12-16T01:19:00+00:00","dateModified":"2025-12-16T01:19:04+00:00","breadcrumb":{"@id":"https:\/\/viniciojarquin.com\/blog\/xii-el-desgaste-social-y-la-fractura-del-tejido-humano\/#breadcrumb"},"inLanguage":"es","potentialAction":[{"@type":"ReadAction","target":["https:\/\/viniciojarquin.com\/blog\/xii-el-desgaste-social-y-la-fractura-del-tejido-humano\/"]}]},{"@type":"ImageObject","inLanguage":"es","@id":"https:\/\/viniciojarquin.com\/blog\/xii-el-desgaste-social-y-la-fractura-del-tejido-humano\/#primaryimage","url":"https:\/\/viniciojarquin.com\/blog\/wp-content\/uploads\/2025\/12\/Por-que-no-deberiamos-votar-por-el-continuismo-12.jpg","contentUrl":"https:\/\/viniciojarquin.com\/blog\/wp-content\/uploads\/2025\/12\/Por-que-no-deberiamos-votar-por-el-continuismo-12.jpg","width":800,"height":500},{"@type":"BreadcrumbList","@id":"https:\/\/viniciojarquin.com\/blog\/xii-el-desgaste-social-y-la-fractura-del-tejido-humano\/#breadcrumb","itemListElement":[{"@type":"ListItem","position":1,"name":"Portada","item":"https:\/\/viniciojarquin.com\/blog\/"},{"@type":"ListItem","position":2,"name":"XII &#8211; El desgaste social y la fractura del tejido humano"}]},{"@type":"WebSite","@id":"https:\/\/viniciojarquin.com\/blog\/#website","url":"https:\/\/viniciojarquin.com\/blog\/","name":"Vinicio Jarqu\u00edn BLOG","description":"","publisher":{"@id":"https:\/\/viniciojarquin.com\/blog\/#\/schema\/person\/90100c8845ae55462ec0657d3d2f8d3b"},"potentialAction":[{"@type":"SearchAction","target":{"@type":"EntryPoint","urlTemplate":"https:\/\/viniciojarquin.com\/blog\/?s={search_term_string}"},"query-input":{"@type":"PropertyValueSpecification","valueRequired":true,"valueName":"search_term_string"}}],"inLanguage":"es"},{"@type":["Person","Organization"],"@id":"https:\/\/viniciojarquin.com\/blog\/#\/schema\/person\/90100c8845ae55462ec0657d3d2f8d3b","name":"Vinicio Jarqu\u00edn","image":{"@type":"ImageObject","inLanguage":"es","@id":"https:\/\/viniciojarquin.com\/blog\/#\/schema\/person\/image\/","url":"https:\/\/viniciojarquin.com\/blog\/wp-content\/uploads\/2024\/10\/Logo-VinicioJarquin-original-400.png","contentUrl":"https:\/\/viniciojarquin.com\/blog\/wp-content\/uploads\/2024\/10\/Logo-VinicioJarquin-original-400.png","width":400,"height":130,"caption":"Vinicio Jarqu\u00edn"},"logo":{"@id":"https:\/\/viniciojarquin.com\/blog\/#\/schema\/person\/image\/"},"description":"Empresario textil, artista pl\u00e1stico, escritor, coach de vida y fot\u00f3grafo.","sameAs":["https:\/\/viniciojarquin.com\/blog","https:\/\/www.facebook.com\/vinicio.jarquin","https:\/\/www.instagram.com\/vinicio_jarquin\/","https:\/\/www.pinterest.com\/vinnyjc\/","https:\/\/www.youtube.com\/@VinicioJarquin"],"url":"https:\/\/viniciojarquin.com\/blog\/author\/admin_s02au25i\/"}]}},"blog_post_layout_featured_media_urls":{"thumbnail":["https:\/\/viniciojarquin.com\/blog\/wp-content\/uploads\/2025\/12\/Por-que-no-deberiamos-votar-por-el-continuismo-12-150x150.jpg",150,150,true],"full":["https:\/\/viniciojarquin.com\/blog\/wp-content\/uploads\/2025\/12\/Por-que-no-deberiamos-votar-por-el-continuismo-12.jpg",800,500,false]},"categories_names":{"28":{"name":"Serie: Por qu\u00e9 NO al continuismo","link":"https:\/\/viniciojarquin.com\/blog\/category\/serie-por-que-no-al-continuismo\/"}},"tags_names":[],"comments_number":"0","_links":{"self":[{"href":"https:\/\/viniciojarquin.com\/blog\/wp-json\/wp\/v2\/posts\/1870","targetHints":{"allow":["GET"]}}],"collection":[{"href":"https:\/\/viniciojarquin.com\/blog\/wp-json\/wp\/v2\/posts"}],"about":[{"href":"https:\/\/viniciojarquin.com\/blog\/wp-json\/wp\/v2\/types\/post"}],"author":[{"embeddable":true,"href":"https:\/\/viniciojarquin.com\/blog\/wp-json\/wp\/v2\/users\/1"}],"replies":[{"embeddable":true,"href":"https:\/\/viniciojarquin.com\/blog\/wp-json\/wp\/v2\/comments?post=1870"}],"version-history":[{"count":1,"href":"https:\/\/viniciojarquin.com\/blog\/wp-json\/wp\/v2\/posts\/1870\/revisions"}],"predecessor-version":[{"id":1890,"href":"https:\/\/viniciojarquin.com\/blog\/wp-json\/wp\/v2\/posts\/1870\/revisions\/1890"}],"wp:featuredmedia":[{"embeddable":true,"href":"https:\/\/viniciojarquin.com\/blog\/wp-json\/wp\/v2\/media\/1851"}],"wp:attachment":[{"href":"https:\/\/viniciojarquin.com\/blog\/wp-json\/wp\/v2\/media?parent=1870"}],"wp:term":[{"taxonomy":"category","embeddable":true,"href":"https:\/\/viniciojarquin.com\/blog\/wp-json\/wp\/v2\/categories?post=1870"},{"taxonomy":"post_tag","embeddable":true,"href":"https:\/\/viniciojarquin.com\/blog\/wp-json\/wp\/v2\/tags?post=1870"}],"curies":[{"name":"wp","href":"https:\/\/api.w.org\/{rel}","templated":true}]}}