{"id":1873,"date":"2025-12-16T01:20:38","date_gmt":"2025-12-16T01:20:38","guid":{"rendered":"https:\/\/viniciojarquin.com\/blog\/?p=1873"},"modified":"2025-12-16T01:20:41","modified_gmt":"2025-12-16T01:20:41","slug":"cierre-no-es-enojo-es-responsabilidad","status":"publish","type":"post","link":"https:\/\/viniciojarquin.com\/blog\/cierre-no-es-enojo-es-responsabilidad\/","title":{"rendered":"Cierre: No es enojo, es responsabilidad"},"content":{"rendered":"\n<p>\u00bfPor qu\u00e9 no deber\u00edamos votar por el continuismo?<\/p>\n\n\n\n<p>Este art\u00edculo no nace del odio ni del resentimiento. No nace del deseo de imponer una verdad ni de descalificar a quien piensa distinto. Nace de algo m\u00e1s simple y m\u00e1s serio: la responsabilidad de pensar el pa\u00eds antes de entregarlo cuatro a\u00f1os m\u00e1s a una forma de ejercer el poder que ya conocemos.<\/p>\n\n\n\n<p>Aqu\u00ed no se ha dicho que todo haya sido malo. Tampoco que otros gobiernos hayan sido perfectos. La democracia nunca funciona as\u00ed. Funciona comparando, evaluando, aprendiendo y corrigiendo. Y cuando uno pone todos los puntos sobre la mesa \u2014las personas, la institucionalidad, la Constituci\u00f3n, la seguridad, la prensa, el tono, la corrupci\u00f3n, los logros reales, el desgaste social, los precedentes y la forma en que se est\u00e1 votando\u2014 aparece un patr\u00f3n que no se puede ignorar.<\/p>\n\n\n\n<p>El continuismo no es solo una propuesta electoral. Es una manera de relacionarse con el poder. Con las reglas. Con la cr\u00edtica. Con el disenso. Con los l\u00edmites. Y ese estilo tiene consecuencias que van mucho m\u00e1s all\u00e1 de una elecci\u00f3n.<\/p>\n\n\n\n<p>Costa Rica no es un pa\u00eds perfecto, pero ha sido un pa\u00eds cuidadoso. Cuidadoso de sus instituciones, de sus equilibrios, de su forma de resolver conflictos sin romperlo todo. Eso no es debilidad. Es madurez democr\u00e1tica. Y perder eso, aunque sea poco a poco, ser\u00eda un precio demasiado alto.<\/p>\n\n\n\n<p>Votar no es un acto emocional moment\u00e1neo. Es una decisi\u00f3n que deja huella. No solo en los pr\u00f3ximos cuatro a\u00f1os, sino en lo que queda permitido, en lo que se normaliza y en lo que las pr\u00f3ximas generaciones heredar\u00e1n como \u201clo aceptable\u201d.<\/p>\n\n\n\n<p>Tal vez no se trate de elegir al candidato ideal. Tal vez se trate de evitar el camino que ya sabemos a d\u00f3nde conduce.<\/p>\n\n\n\n<p>Pensar el voto no es traicionar a nadie. Es honrar la democracia que nos permiti\u00f3 votar.<\/p>\n\n\n\n<p>Y si algo merece Costa Rica en este momento, no es m\u00e1s ruido, m\u00e1s confrontaci\u00f3n ni m\u00e1s impulsos. Merece lucidez, calma y una decisi\u00f3n consciente.<\/p>\n\n\n\n<p>La pregunta final no es por qui\u00e9n votar. La pregunta final es: \u00bfqu\u00e9 pa\u00eds est\u00e1s dispuesto a cuidar? Ah\u00ed empieza todo.<\/p>\n\n\n\n<p>Ep\u00edlogo: El voto tambi\u00e9n te pertenece a ti<\/p>\n\n\n\n<p>\u00bfPor qu\u00e9 no deber\u00edamos votar por el continuismo?<\/p>\n\n\n\n<p>Tal vez nadie te va a pedir cuentas ma\u00f1ana. Tal vez no habr\u00e1 un momento exacto en que alguien se\u00f1ale tu voto y te diga que fue decisivo. Pero eso no elimina la verdad de fondo: cada voto construye el pa\u00eds en el que luego tendr\u00e1s que vivir.<\/p>\n\n\n\n<p>No se trata de culpas individuales ni de se\u00f1alar con el dedo. Se trata de asumir que la democracia funciona precisamente porque reparte la responsabilidad. Porque nadie puede decir \u201cyo no tuve nada que ver\u201d. Porque incluso la indiferencia decide.<\/p>\n\n\n\n<p>Cuando votes, no votes solo por una persona, ni por un discurso, ni por una emoci\u00f3n pasajera. Vota pensando en las instituciones que te protegen, en las libertades que disfrutas sin notarlo, en el pa\u00eds que quieres que exista cuando el ruido baje y los discursos se apaguen.<\/p>\n\n\n\n<p>Este no es un llamado al miedo. Es un llamado a la conciencia.<\/p>\n\n\n\n<p>Porque cuando la historia avance \u2014y siempre avanza\u2014 no recordar\u00e1 consignas ni excusas. Recordar\u00e1 decisiones. Y el voto, aunque sea silencioso, tambi\u00e9n habla.<\/p>\n\n\n\n<p>Apacigua tu ser interior antes de votar<\/p>\n\n\n\n<p>\u00bfPor qu\u00e9 no deber\u00edamos votar por el continuismo?<\/p>\n\n\n\n<p>Apaciguar tu ser interior no es desconectarte de la realidad ni mirar para otro lado. No es callar, ni resignarte, ni aceptar cualquier cosa con tal de evitar el conflicto. Apaciguar tu ser interior es bajar el ruido para pensar mejor, es elegir con calma cuando otros te empujan a decidir desde el enojo o el miedo.<\/p>\n\n\n\n<p>Votar en paz no significa votar sin criterio. Significa hacerlo con conciencia. Con informaci\u00f3n. Con responsabilidad. Significa preguntarte, honestamente, si la forma en que se ha ejercido el poder es la forma en que quieres que se siga ejerciendo. Si el tono, el trato, el desgaste institucional y el clima emocional del pa\u00eds son compatibles con la Costa Rica que dices amar.<\/p>\n\n\n\n<p>Apaciguar tu ser interior tambi\u00e9n es resistir la manipulaci\u00f3n emocional. Es no dejarte arrastrar por consignas, por identidades cerradas ni por liderazgos que necesitan el conflicto permanente para sostenerse. Es recordar que ning\u00fan proyecto pol\u00edtico vale m\u00e1s que la democracia que te permite cambiarlo.<\/p>\n\n\n\n<p>Este no es un llamado a la confrontaci\u00f3n. Es un llamado a la lucidez.<\/p>\n\n\n\n<p>Costa Rica puede votar en paz. Puede decidir sin gritar. Puede disentir sin destruir.<\/p>\n\n\n\n<p>Pero para eso, cada uno tiene que hacer su parte. Y esa parte empieza adentro, en silencio, cuando nadie te ve y solo t\u00fa sabes qu\u00e9 est\u00e1s haciendo con tu voto.<\/p>\n\n\n\n<p>Apacigua tu ser interior, para que Costa Rica pueda respirar en paz.<\/p>\n\n\n\n<figure class=\"wp-block-image size-full\"><img decoding=\"async\" width=\"800\" height=\"500\" data-src=\"https:\/\/viniciojarquin.com\/blog\/wp-content\/uploads\/2025\/12\/Cierre.jpg\" alt=\"\" class=\"wp-image-1843 lazyload\" data-srcset=\"https:\/\/viniciojarquin.com\/blog\/wp-content\/uploads\/2025\/12\/Cierre.jpg 800w, https:\/\/viniciojarquin.com\/blog\/wp-content\/uploads\/2025\/12\/Cierre-300x188.jpg 300w, https:\/\/viniciojarquin.com\/blog\/wp-content\/uploads\/2025\/12\/Cierre-768x480.jpg 768w\" data-sizes=\"(max-width: 800px) 100vw, 800px\" src=\"data:image\/svg+xml;base64,PHN2ZyB3aWR0aD0iMSIgaGVpZ2h0PSIxIiB4bWxucz0iaHR0cDovL3d3dy53My5vcmcvMjAwMC9zdmciPjwvc3ZnPg==\" style=\"--smush-placeholder-width: 800px; --smush-placeholder-aspect-ratio: 800\/500;\" \/><\/figure>\n","protected":false},"excerpt":{"rendered":"<p>\u00bfPor qu\u00e9 no deber\u00edamos votar por el continuismo? Este art\u00edculo no nace del odio ni del resentimiento. No nace del [&hellip;]<\/p>\n","protected":false},"author":1,"featured_media":1843,"comment_status":"open","ping_status":"open","sticky":false,"template":"","format":"standard","meta":{"site-sidebar-layout":"default","site-content-layout":"","ast-site-content-layout":"","site-content-style":"default","site-sidebar-style":"default","ast-global-header-display":"","ast-banner-title-visibility":"","ast-main-header-display":"","ast-hfb-above-header-display":"","ast-hfb-below-header-display":"","ast-hfb-mobile-header-display":"","site-post-title":"","ast-breadcrumbs-content":"","ast-featured-img":"","footer-sml-layout":"","theme-transparent-header-meta":"","adv-header-id-meta":"","stick-header-meta":"","header-above-stick-meta":"","header-main-stick-meta":"","header-below-stick-meta":"","astra-migrate-meta-layouts":"default","ast-page-background-enabled":"default","ast-page-background-meta":{"desktop":{"background-color":"var(--ast-global-color-5)","background-image":"","background-repeat":"repeat","background-position":"center center","background-size":"auto","background-attachment":"scroll","background-type":"","background-media":"","overlay-type":"","overlay-color":"","overlay-opacity":"","overlay-gradient":""},"tablet":{"background-color":"","background-image":"","background-repeat":"repeat","background-position":"center center","background-size":"auto","background-attachment":"scroll","background-type":"","background-media":"","overlay-type":"","overlay-color":"","overlay-opacity":"","overlay-gradient":""},"mobile":{"background-color":"","background-image":"","background-repeat":"repeat","background-position":"center center","background-size":"auto","background-attachment":"scroll","background-type":"","background-media":"","overlay-type":"","overlay-color":"","overlay-opacity":"","overlay-gradient":""}},"ast-content-background-meta":{"desktop":{"background-color":"var(--ast-global-color-4)","background-image":"","background-repeat":"repeat","background-position":"center center","background-size":"auto","background-attachment":"scroll","background-type":"","background-media":"","overlay-type":"","overlay-color":"","overlay-opacity":"","overlay-gradient":""},"tablet":{"background-color":"var(--ast-global-color-4)","background-image":"","background-repeat":"repeat","background-position":"center center","background-size":"auto","background-attachment":"scroll","background-type":"","background-media":"","overlay-type":"","overlay-color":"","overlay-opacity":"","overlay-gradient":""},"mobile":{"background-color":"var(--ast-global-color-4)","background-image":"","background-repeat":"repeat","background-position":"center center","background-size":"auto","background-attachment":"scroll","background-type":"","background-media":"","overlay-type":"","overlay-color":"","overlay-opacity":"","overlay-gradient":""}},"footnotes":""},"categories":[28],"tags":[],"class_list":["post-1873","post","type-post","status-publish","format-standard","has-post-thumbnail","hentry","category-serie-por-que-no-al-continuismo"],"yoast_head":"<!-- This site is optimized with the Yoast SEO plugin v26.0 - https:\/\/yoast.com\/wordpress\/plugins\/seo\/ -->\n<title>Cierre: No es enojo, es responsabilidad - MI BLOG<\/title>\n<meta name=\"robots\" content=\"index, follow, max-snippet:-1, max-image-preview:large, max-video-preview:-1\" \/>\n<link rel=\"canonical\" href=\"https:\/\/viniciojarquin.com\/blog\/cierre-no-es-enojo-es-responsabilidad\/\" \/>\n<meta property=\"og:locale\" content=\"es_ES\" \/>\n<meta property=\"og:type\" content=\"article\" \/>\n<meta property=\"og:title\" content=\"Cierre: No es enojo, es responsabilidad - MI BLOG\" \/>\n<meta property=\"og:description\" content=\"\u00bfPor qu\u00e9 no deber\u00edamos votar por el continuismo? Este art\u00edculo no nace del odio ni del resentimiento. No nace del [&hellip;]\" \/>\n<meta property=\"og:url\" content=\"https:\/\/viniciojarquin.com\/blog\/cierre-no-es-enojo-es-responsabilidad\/\" \/>\n<meta property=\"og:site_name\" content=\"MI BLOG\" \/>\n<meta property=\"article:publisher\" content=\"https:\/\/www.facebook.com\/vinicio.jarquin\" \/>\n<meta property=\"article:author\" content=\"https:\/\/www.facebook.com\/vinicio.jarquin\" \/>\n<meta property=\"article:published_time\" content=\"2025-12-16T01:20:38+00:00\" \/>\n<meta property=\"article:modified_time\" content=\"2025-12-16T01:20:41+00:00\" \/>\n<meta property=\"og:image\" content=\"https:\/\/viniciojarquin.com\/blog\/wp-content\/uploads\/2025\/12\/Cierre.jpg\" \/>\n\t<meta property=\"og:image:width\" content=\"800\" \/>\n\t<meta property=\"og:image:height\" content=\"500\" \/>\n\t<meta property=\"og:image:type\" content=\"image\/jpeg\" \/>\n<meta name=\"author\" content=\"Vinicio Jarqu\u00edn\" \/>\n<meta name=\"twitter:card\" content=\"summary_large_image\" \/>\n<meta name=\"twitter:label1\" content=\"Escrito por\" \/>\n\t<meta name=\"twitter:data1\" content=\"Vinicio Jarqu\u00edn\" \/>\n\t<meta name=\"twitter:label2\" content=\"Tiempo de lectura\" \/>\n\t<meta name=\"twitter:data2\" content=\"5 minutos\" \/>\n<script type=\"application\/ld+json\" class=\"yoast-schema-graph\">{\"@context\":\"https:\/\/schema.org\",\"@graph\":[{\"@type\":\"Article\",\"@id\":\"https:\/\/viniciojarquin.com\/blog\/cierre-no-es-enojo-es-responsabilidad\/#article\",\"isPartOf\":{\"@id\":\"https:\/\/viniciojarquin.com\/blog\/cierre-no-es-enojo-es-responsabilidad\/\"},\"author\":{\"name\":\"Vinicio Jarqu\u00edn\",\"@id\":\"https:\/\/viniciojarquin.com\/blog\/#\/schema\/person\/90100c8845ae55462ec0657d3d2f8d3b\"},\"headline\":\"Cierre: No es enojo, es responsabilidad\",\"datePublished\":\"2025-12-16T01:20:38+00:00\",\"dateModified\":\"2025-12-16T01:20:41+00:00\",\"mainEntityOfPage\":{\"@id\":\"https:\/\/viniciojarquin.com\/blog\/cierre-no-es-enojo-es-responsabilidad\/\"},\"wordCount\":853,\"commentCount\":0,\"publisher\":{\"@id\":\"https:\/\/viniciojarquin.com\/blog\/#\/schema\/person\/90100c8845ae55462ec0657d3d2f8d3b\"},\"image\":{\"@id\":\"https:\/\/viniciojarquin.com\/blog\/cierre-no-es-enojo-es-responsabilidad\/#primaryimage\"},\"thumbnailUrl\":\"https:\/\/viniciojarquin.com\/blog\/wp-content\/uploads\/2025\/12\/Cierre.jpg\",\"articleSection\":[\"Serie: Por qu\u00e9 NO al continuismo\"],\"inLanguage\":\"es\",\"potentialAction\":[{\"@type\":\"CommentAction\",\"name\":\"Comment\",\"target\":[\"https:\/\/viniciojarquin.com\/blog\/cierre-no-es-enojo-es-responsabilidad\/#respond\"]}]},{\"@type\":\"WebPage\",\"@id\":\"https:\/\/viniciojarquin.com\/blog\/cierre-no-es-enojo-es-responsabilidad\/\",\"url\":\"https:\/\/viniciojarquin.com\/blog\/cierre-no-es-enojo-es-responsabilidad\/\",\"name\":\"Cierre: No es enojo, es responsabilidad - MI BLOG\",\"isPartOf\":{\"@id\":\"https:\/\/viniciojarquin.com\/blog\/#website\"},\"primaryImageOfPage\":{\"@id\":\"https:\/\/viniciojarquin.com\/blog\/cierre-no-es-enojo-es-responsabilidad\/#primaryimage\"},\"image\":{\"@id\":\"https:\/\/viniciojarquin.com\/blog\/cierre-no-es-enojo-es-responsabilidad\/#primaryimage\"},\"thumbnailUrl\":\"https:\/\/viniciojarquin.com\/blog\/wp-content\/uploads\/2025\/12\/Cierre.jpg\",\"datePublished\":\"2025-12-16T01:20:38+00:00\",\"dateModified\":\"2025-12-16T01:20:41+00:00\",\"breadcrumb\":{\"@id\":\"https:\/\/viniciojarquin.com\/blog\/cierre-no-es-enojo-es-responsabilidad\/#breadcrumb\"},\"inLanguage\":\"es\",\"potentialAction\":[{\"@type\":\"ReadAction\",\"target\":[\"https:\/\/viniciojarquin.com\/blog\/cierre-no-es-enojo-es-responsabilidad\/\"]}]},{\"@type\":\"ImageObject\",\"inLanguage\":\"es\",\"@id\":\"https:\/\/viniciojarquin.com\/blog\/cierre-no-es-enojo-es-responsabilidad\/#primaryimage\",\"url\":\"https:\/\/viniciojarquin.com\/blog\/wp-content\/uploads\/2025\/12\/Cierre.jpg\",\"contentUrl\":\"https:\/\/viniciojarquin.com\/blog\/wp-content\/uploads\/2025\/12\/Cierre.jpg\",\"width\":800,\"height\":500},{\"@type\":\"BreadcrumbList\",\"@id\":\"https:\/\/viniciojarquin.com\/blog\/cierre-no-es-enojo-es-responsabilidad\/#breadcrumb\",\"itemListElement\":[{\"@type\":\"ListItem\",\"position\":1,\"name\":\"Portada\",\"item\":\"https:\/\/viniciojarquin.com\/blog\/\"},{\"@type\":\"ListItem\",\"position\":2,\"name\":\"Cierre: No es enojo, es responsabilidad\"}]},{\"@type\":\"WebSite\",\"@id\":\"https:\/\/viniciojarquin.com\/blog\/#website\",\"url\":\"https:\/\/viniciojarquin.com\/blog\/\",\"name\":\"Vinicio Jarqu\u00edn BLOG\",\"description\":\"\",\"publisher\":{\"@id\":\"https:\/\/viniciojarquin.com\/blog\/#\/schema\/person\/90100c8845ae55462ec0657d3d2f8d3b\"},\"potentialAction\":[{\"@type\":\"SearchAction\",\"target\":{\"@type\":\"EntryPoint\",\"urlTemplate\":\"https:\/\/viniciojarquin.com\/blog\/?s={search_term_string}\"},\"query-input\":{\"@type\":\"PropertyValueSpecification\",\"valueRequired\":true,\"valueName\":\"search_term_string\"}}],\"inLanguage\":\"es\"},{\"@type\":[\"Person\",\"Organization\"],\"@id\":\"https:\/\/viniciojarquin.com\/blog\/#\/schema\/person\/90100c8845ae55462ec0657d3d2f8d3b\",\"name\":\"Vinicio Jarqu\u00edn\",\"image\":{\"@type\":\"ImageObject\",\"inLanguage\":\"es\",\"@id\":\"https:\/\/viniciojarquin.com\/blog\/#\/schema\/person\/image\/\",\"url\":\"https:\/\/viniciojarquin.com\/blog\/wp-content\/uploads\/2024\/10\/Logo-VinicioJarquin-original-400.png\",\"contentUrl\":\"https:\/\/viniciojarquin.com\/blog\/wp-content\/uploads\/2024\/10\/Logo-VinicioJarquin-original-400.png\",\"width\":400,\"height\":130,\"caption\":\"Vinicio Jarqu\u00edn\"},\"logo\":{\"@id\":\"https:\/\/viniciojarquin.com\/blog\/#\/schema\/person\/image\/\"},\"description\":\"Empresario textil, artista pl\u00e1stico, escritor, coach de vida y fot\u00f3grafo.\",\"sameAs\":[\"https:\/\/viniciojarquin.com\/blog\",\"https:\/\/www.facebook.com\/vinicio.jarquin\",\"https:\/\/www.instagram.com\/vinicio_jarquin\/\",\"https:\/\/www.pinterest.com\/vinnyjc\/\",\"https:\/\/www.youtube.com\/@VinicioJarquin\"],\"url\":\"https:\/\/viniciojarquin.com\/blog\/author\/admin_s02au25i\/\"}]}<\/script>\n<!-- \/ Yoast SEO plugin. -->","yoast_head_json":{"title":"Cierre: No es enojo, es responsabilidad - MI BLOG","robots":{"index":"index","follow":"follow","max-snippet":"max-snippet:-1","max-image-preview":"max-image-preview:large","max-video-preview":"max-video-preview:-1"},"canonical":"https:\/\/viniciojarquin.com\/blog\/cierre-no-es-enojo-es-responsabilidad\/","og_locale":"es_ES","og_type":"article","og_title":"Cierre: No es enojo, es responsabilidad - MI BLOG","og_description":"\u00bfPor qu\u00e9 no deber\u00edamos votar por el continuismo? Este art\u00edculo no nace del odio ni del resentimiento. No nace del [&hellip;]","og_url":"https:\/\/viniciojarquin.com\/blog\/cierre-no-es-enojo-es-responsabilidad\/","og_site_name":"MI BLOG","article_publisher":"https:\/\/www.facebook.com\/vinicio.jarquin","article_author":"https:\/\/www.facebook.com\/vinicio.jarquin","article_published_time":"2025-12-16T01:20:38+00:00","article_modified_time":"2025-12-16T01:20:41+00:00","og_image":[{"width":800,"height":500,"url":"https:\/\/viniciojarquin.com\/blog\/wp-content\/uploads\/2025\/12\/Cierre.jpg","type":"image\/jpeg"}],"author":"Vinicio Jarqu\u00edn","twitter_card":"summary_large_image","twitter_misc":{"Escrito por":"Vinicio Jarqu\u00edn","Tiempo de lectura":"5 minutos"},"schema":{"@context":"https:\/\/schema.org","@graph":[{"@type":"Article","@id":"https:\/\/viniciojarquin.com\/blog\/cierre-no-es-enojo-es-responsabilidad\/#article","isPartOf":{"@id":"https:\/\/viniciojarquin.com\/blog\/cierre-no-es-enojo-es-responsabilidad\/"},"author":{"name":"Vinicio Jarqu\u00edn","@id":"https:\/\/viniciojarquin.com\/blog\/#\/schema\/person\/90100c8845ae55462ec0657d3d2f8d3b"},"headline":"Cierre: No es enojo, es responsabilidad","datePublished":"2025-12-16T01:20:38+00:00","dateModified":"2025-12-16T01:20:41+00:00","mainEntityOfPage":{"@id":"https:\/\/viniciojarquin.com\/blog\/cierre-no-es-enojo-es-responsabilidad\/"},"wordCount":853,"commentCount":0,"publisher":{"@id":"https:\/\/viniciojarquin.com\/blog\/#\/schema\/person\/90100c8845ae55462ec0657d3d2f8d3b"},"image":{"@id":"https:\/\/viniciojarquin.com\/blog\/cierre-no-es-enojo-es-responsabilidad\/#primaryimage"},"thumbnailUrl":"https:\/\/viniciojarquin.com\/blog\/wp-content\/uploads\/2025\/12\/Cierre.jpg","articleSection":["Serie: Por qu\u00e9 NO al continuismo"],"inLanguage":"es","potentialAction":[{"@type":"CommentAction","name":"Comment","target":["https:\/\/viniciojarquin.com\/blog\/cierre-no-es-enojo-es-responsabilidad\/#respond"]}]},{"@type":"WebPage","@id":"https:\/\/viniciojarquin.com\/blog\/cierre-no-es-enojo-es-responsabilidad\/","url":"https:\/\/viniciojarquin.com\/blog\/cierre-no-es-enojo-es-responsabilidad\/","name":"Cierre: No es enojo, es responsabilidad - MI BLOG","isPartOf":{"@id":"https:\/\/viniciojarquin.com\/blog\/#website"},"primaryImageOfPage":{"@id":"https:\/\/viniciojarquin.com\/blog\/cierre-no-es-enojo-es-responsabilidad\/#primaryimage"},"image":{"@id":"https:\/\/viniciojarquin.com\/blog\/cierre-no-es-enojo-es-responsabilidad\/#primaryimage"},"thumbnailUrl":"https:\/\/viniciojarquin.com\/blog\/wp-content\/uploads\/2025\/12\/Cierre.jpg","datePublished":"2025-12-16T01:20:38+00:00","dateModified":"2025-12-16T01:20:41+00:00","breadcrumb":{"@id":"https:\/\/viniciojarquin.com\/blog\/cierre-no-es-enojo-es-responsabilidad\/#breadcrumb"},"inLanguage":"es","potentialAction":[{"@type":"ReadAction","target":["https:\/\/viniciojarquin.com\/blog\/cierre-no-es-enojo-es-responsabilidad\/"]}]},{"@type":"ImageObject","inLanguage":"es","@id":"https:\/\/viniciojarquin.com\/blog\/cierre-no-es-enojo-es-responsabilidad\/#primaryimage","url":"https:\/\/viniciojarquin.com\/blog\/wp-content\/uploads\/2025\/12\/Cierre.jpg","contentUrl":"https:\/\/viniciojarquin.com\/blog\/wp-content\/uploads\/2025\/12\/Cierre.jpg","width":800,"height":500},{"@type":"BreadcrumbList","@id":"https:\/\/viniciojarquin.com\/blog\/cierre-no-es-enojo-es-responsabilidad\/#breadcrumb","itemListElement":[{"@type":"ListItem","position":1,"name":"Portada","item":"https:\/\/viniciojarquin.com\/blog\/"},{"@type":"ListItem","position":2,"name":"Cierre: No es enojo, es responsabilidad"}]},{"@type":"WebSite","@id":"https:\/\/viniciojarquin.com\/blog\/#website","url":"https:\/\/viniciojarquin.com\/blog\/","name":"Vinicio Jarqu\u00edn BLOG","description":"","publisher":{"@id":"https:\/\/viniciojarquin.com\/blog\/#\/schema\/person\/90100c8845ae55462ec0657d3d2f8d3b"},"potentialAction":[{"@type":"SearchAction","target":{"@type":"EntryPoint","urlTemplate":"https:\/\/viniciojarquin.com\/blog\/?s={search_term_string}"},"query-input":{"@type":"PropertyValueSpecification","valueRequired":true,"valueName":"search_term_string"}}],"inLanguage":"es"},{"@type":["Person","Organization"],"@id":"https:\/\/viniciojarquin.com\/blog\/#\/schema\/person\/90100c8845ae55462ec0657d3d2f8d3b","name":"Vinicio Jarqu\u00edn","image":{"@type":"ImageObject","inLanguage":"es","@id":"https:\/\/viniciojarquin.com\/blog\/#\/schema\/person\/image\/","url":"https:\/\/viniciojarquin.com\/blog\/wp-content\/uploads\/2024\/10\/Logo-VinicioJarquin-original-400.png","contentUrl":"https:\/\/viniciojarquin.com\/blog\/wp-content\/uploads\/2024\/10\/Logo-VinicioJarquin-original-400.png","width":400,"height":130,"caption":"Vinicio Jarqu\u00edn"},"logo":{"@id":"https:\/\/viniciojarquin.com\/blog\/#\/schema\/person\/image\/"},"description":"Empresario textil, artista pl\u00e1stico, escritor, coach de vida y fot\u00f3grafo.","sameAs":["https:\/\/viniciojarquin.com\/blog","https:\/\/www.facebook.com\/vinicio.jarquin","https:\/\/www.instagram.com\/vinicio_jarquin\/","https:\/\/www.pinterest.com\/vinnyjc\/","https:\/\/www.youtube.com\/@VinicioJarquin"],"url":"https:\/\/viniciojarquin.com\/blog\/author\/admin_s02au25i\/"}]}},"blog_post_layout_featured_media_urls":{"thumbnail":["https:\/\/viniciojarquin.com\/blog\/wp-content\/uploads\/2025\/12\/Cierre-150x150.jpg",150,150,true],"full":["https:\/\/viniciojarquin.com\/blog\/wp-content\/uploads\/2025\/12\/Cierre.jpg",800,500,false]},"categories_names":{"28":{"name":"Serie: Por qu\u00e9 NO al continuismo","link":"https:\/\/viniciojarquin.com\/blog\/category\/serie-por-que-no-al-continuismo\/"}},"tags_names":[],"comments_number":"0","_links":{"self":[{"href":"https:\/\/viniciojarquin.com\/blog\/wp-json\/wp\/v2\/posts\/1873","targetHints":{"allow":["GET"]}}],"collection":[{"href":"https:\/\/viniciojarquin.com\/blog\/wp-json\/wp\/v2\/posts"}],"about":[{"href":"https:\/\/viniciojarquin.com\/blog\/wp-json\/wp\/v2\/types\/post"}],"author":[{"embeddable":true,"href":"https:\/\/viniciojarquin.com\/blog\/wp-json\/wp\/v2\/users\/1"}],"replies":[{"embeddable":true,"href":"https:\/\/viniciojarquin.com\/blog\/wp-json\/wp\/v2\/comments?post=1873"}],"version-history":[{"count":1,"href":"https:\/\/viniciojarquin.com\/blog\/wp-json\/wp\/v2\/posts\/1873\/revisions"}],"predecessor-version":[{"id":1893,"href":"https:\/\/viniciojarquin.com\/blog\/wp-json\/wp\/v2\/posts\/1873\/revisions\/1893"}],"wp:featuredmedia":[{"embeddable":true,"href":"https:\/\/viniciojarquin.com\/blog\/wp-json\/wp\/v2\/media\/1843"}],"wp:attachment":[{"href":"https:\/\/viniciojarquin.com\/blog\/wp-json\/wp\/v2\/media?parent=1873"}],"wp:term":[{"taxonomy":"category","embeddable":true,"href":"https:\/\/viniciojarquin.com\/blog\/wp-json\/wp\/v2\/categories?post=1873"},{"taxonomy":"post_tag","embeddable":true,"href":"https:\/\/viniciojarquin.com\/blog\/wp-json\/wp\/v2\/tags?post=1873"}],"curies":[{"name":"wp","href":"https:\/\/api.w.org\/{rel}","templated":true}]}}