{"id":1895,"date":"2025-12-24T11:00:00","date_gmt":"2025-12-24T11:00:00","guid":{"rendered":"https:\/\/viniciojarquin.com\/blog\/?p=1895"},"modified":"2025-12-16T02:51:39","modified_gmt":"2025-12-16T02:51:39","slug":"mensaje-de-navidad-para-los-apaciguaditos","status":"publish","type":"post","link":"https:\/\/viniciojarquin.com\/blog\/mensaje-de-navidad-para-los-apaciguaditos\/","title":{"rendered":"Mensaje de Navidad para los apaciguaditos"},"content":{"rendered":"\n<p>Queridos apaciguaditos, hoy no quiero hablar de futuro ni de preocupaciones, ni siquiera de planes. Hoy quiero quedarme un rato en el camino recorrido. Hace poco m\u00e1s de tres meses empezamos a caminar juntos, casi sin darnos cuenta, como suelen empezar las cosas que son importantes. Tres meses de conversaciones honestas, de preguntas que no buscaban ganar discusiones sino entendernos mejor, de pausas necesarias cuando el ruido afuera parec\u00eda no dar tregua. Tres meses de aprender, poco a poco, a bajar el volumen sin desconectarnos del mundo, a respirar sin huir, a permanecer.<\/p>\n\n\n\n<p>Tal vez esa preparaci\u00f3n silenciosa que hemos venido cultivando sin alardes, sin consignas estridentes, sea justamente uno de los regalos m\u00e1s valiosos de esta Navidad. Prepararnos no solo para pensar mejor, sino para sentir mejor. Para escuchar de verdad. Para estar un poco m\u00e1s despiertos en medio de la prisa y la exigencia constante. Estos d\u00edas nos invitan a eso: a disfrutar el tiempo que estamos viviendo, a saborearlo sin culpa, a permitirnos momentos de calma sin esa sensaci\u00f3n persistente de que siempre falta algo m\u00e1s por hacer o por alcanzar.<\/p>\n\n\n\n<p>La Navidad tambi\u00e9n nos toca el territorio de la memoria. Nos recuerda a las personas que ya no est\u00e1n f\u00edsicamente con nosotros, pero que siguen ocupando un lugar intacto y luminoso en el coraz\u00f3n. Personas que nos ense\u00f1aron, que nos cuidaron, que nos acompa\u00f1aron cuando no sab\u00edamos c\u00f3mo seguir. Recordarlas no es tristeza; es gratitud. Es reconocer que somos quienes somos porque alguien, en alg\u00fan momento, nos sostuvo la mano, nos dio un consejo a tiempo o nos mostr\u00f3 una forma m\u00e1s humana y m\u00e1s amable de vivir.<\/p>\n\n\n\n<p>Y en medio de todo eso, aparece Costa Rica. Esta patria peque\u00f1a y generosa que a veces damos por sentada. Un pa\u00eds que nos regala monta\u00f1as, mares, lluvias mansas, cafecitos compartidos, conversaciones largas sin reloj, abrazos sinceros y una manera muy nuestra de entender la vida. Costa Rica no es perfecta, nunca lo ha sido, pero es profundamente nuestra. Es el lugar donde aprendimos a decir \u201cpura vida\u201d no como una frase vac\u00eda, sino como una actitud frente a la existencia. Donde todav\u00eda es posible sentarse a la mesa, mirar alrededor y sentir, sin necesidad de discursos, que hay mucho por agradecer.<\/p>\n\n\n\n<p>Esta Navidad es una oportunidad para alabar lo que somos y honrar lo que tenemos hoy. No desde la ingenuidad ni desde la negaci\u00f3n de los desaf\u00edos, sino desde la conciencia. Desde saber que vivir en paz, compartir con quienes amamos y respirar con tranquilidad ya es, en s\u00ed mismo, un privilegio enorme. No todo est\u00e1 resuelto, y no hace falta que lo est\u00e9. Hoy no necesitamos respuestas definitivas. Hoy basta con estar.<\/p>\n\n\n\n<p>Que estos d\u00edas te encuentren presente. Que puedas disfrutar una comida sin apuro, una conversaci\u00f3n sin interrupciones, un silencio sin incomodidad. Que puedas mirar a quienes te rodean y recordar que la vida, aun con sus desaf\u00edos, sigue siendo un regalo. Y que esa pr\u00e1ctica de apaciguar el ser interior, que hemos ido construyendo juntos con cuidado y respeto, se sienta natural en Navidad, como algo que siempre estuvo ah\u00ed y que ahora simplemente reconoc\u00e9s.<\/p>\n\n\n\n<p>Gracias por caminar juntos este tramo. Gracias por la confianza, por la escucha, por el cuidado mutuo. Que esta Navidad te abrace con calma, con memoria y con una alegr\u00eda serena. Y que Costa Rica, esta patria entra\u00f1able, siga siendo el lugar donde aprendemos a vivir con dignidad, con cari\u00f1o y con esperanza.<\/p>\n\n\n\n<p>Feliz Navidad, apaciguadito. Que el coraz\u00f3n encuentre descanso y que la vida, aunque sea por un momento, se sienta un poquito m\u00e1s liviana.<\/p>\n\n\n\n<figure class=\"wp-block-image size-full\"><img decoding=\"async\" width=\"800\" height=\"500\" data-src=\"https:\/\/viniciojarquin.com\/blog\/wp-content\/uploads\/2025\/12\/Feliz-Navidad.jpg\" alt=\"\" class=\"wp-image-1896 lazyload\" data-srcset=\"https:\/\/viniciojarquin.com\/blog\/wp-content\/uploads\/2025\/12\/Feliz-Navidad.jpg 800w, https:\/\/viniciojarquin.com\/blog\/wp-content\/uploads\/2025\/12\/Feliz-Navidad-300x188.jpg 300w, https:\/\/viniciojarquin.com\/blog\/wp-content\/uploads\/2025\/12\/Feliz-Navidad-768x480.jpg 768w\" data-sizes=\"(max-width: 800px) 100vw, 800px\" src=\"data:image\/svg+xml;base64,PHN2ZyB3aWR0aD0iMSIgaGVpZ2h0PSIxIiB4bWxucz0iaHR0cDovL3d3dy53My5vcmcvMjAwMC9zdmciPjwvc3ZnPg==\" style=\"--smush-placeholder-width: 800px; --smush-placeholder-aspect-ratio: 800\/500;\" \/><\/figure>\n","protected":false},"excerpt":{"rendered":"<p>Queridos apaciguaditos, hoy no quiero hablar de futuro ni de preocupaciones, ni siquiera de planes. Hoy quiero quedarme un rato [&hellip;]<\/p>\n","protected":false},"author":1,"featured_media":1896,"comment_status":"open","ping_status":"open","sticky":false,"template":"","format":"standard","meta":{"site-sidebar-layout":"default","site-content-layout":"","ast-site-content-layout":"","site-content-style":"default","site-sidebar-style":"default","ast-global-header-display":"","ast-banner-title-visibility":"","ast-main-header-display":"","ast-hfb-above-header-display":"","ast-hfb-below-header-display":"","ast-hfb-mobile-header-display":"","site-post-title":"","ast-breadcrumbs-content":"","ast-featured-img":"","footer-sml-layout":"","theme-transparent-header-meta":"","adv-header-id-meta":"","stick-header-meta":"","header-above-stick-meta":"","header-main-stick-meta":"","header-below-stick-meta":"","astra-migrate-meta-layouts":"default","ast-page-background-enabled":"default","ast-page-background-meta":{"desktop":{"background-color":"var(--ast-global-color-5)","background-image":"","background-repeat":"repeat","background-position":"center center","background-size":"auto","background-attachment":"scroll","background-type":"","background-media":"","overlay-type":"","overlay-color":"","overlay-opacity":"","overlay-gradient":""},"tablet":{"background-color":"","background-image":"","background-repeat":"repeat","background-position":"center center","background-size":"auto","background-attachment":"scroll","background-type":"","background-media":"","overlay-type":"","overlay-color":"","overlay-opacity":"","overlay-gradient":""},"mobile":{"background-color":"","background-image":"","background-repeat":"repeat","background-position":"center center","background-size":"auto","background-attachment":"scroll","background-type":"","background-media":"","overlay-type":"","overlay-color":"","overlay-opacity":"","overlay-gradient":""}},"ast-content-background-meta":{"desktop":{"background-color":"var(--ast-global-color-4)","background-image":"","background-repeat":"repeat","background-position":"center center","background-size":"auto","background-attachment":"scroll","background-type":"","background-media":"","overlay-type":"","overlay-color":"","overlay-opacity":"","overlay-gradient":""},"tablet":{"background-color":"var(--ast-global-color-4)","background-image":"","background-repeat":"repeat","background-position":"center center","background-size":"auto","background-attachment":"scroll","background-type":"","background-media":"","overlay-type":"","overlay-color":"","overlay-opacity":"","overlay-gradient":""},"mobile":{"background-color":"var(--ast-global-color-4)","background-image":"","background-repeat":"repeat","background-position":"center center","background-size":"auto","background-attachment":"scroll","background-type":"","background-media":"","overlay-type":"","overlay-color":"","overlay-opacity":"","overlay-gradient":""}},"footnotes":""},"categories":[17],"tags":[],"class_list":["post-1895","post","type-post","status-publish","format-standard","has-post-thumbnail","hentry","category-elecciones-2026"],"yoast_head":"<!-- This site is optimized with the Yoast SEO plugin v26.0 - https:\/\/yoast.com\/wordpress\/plugins\/seo\/ -->\n<title>Mensaje de Navidad para los apaciguaditos - MI BLOG<\/title>\n<meta name=\"robots\" content=\"index, follow, max-snippet:-1, max-image-preview:large, max-video-preview:-1\" \/>\n<link rel=\"canonical\" href=\"https:\/\/viniciojarquin.com\/blog\/mensaje-de-navidad-para-los-apaciguaditos\/\" \/>\n<meta property=\"og:locale\" content=\"es_ES\" \/>\n<meta property=\"og:type\" content=\"article\" \/>\n<meta property=\"og:title\" content=\"Mensaje de Navidad para los apaciguaditos - MI BLOG\" \/>\n<meta property=\"og:description\" content=\"Queridos apaciguaditos, hoy no quiero hablar de futuro ni de preocupaciones, ni siquiera de planes. Hoy quiero quedarme un rato [&hellip;]\" \/>\n<meta property=\"og:url\" content=\"https:\/\/viniciojarquin.com\/blog\/mensaje-de-navidad-para-los-apaciguaditos\/\" \/>\n<meta property=\"og:site_name\" content=\"MI BLOG\" \/>\n<meta property=\"article:publisher\" content=\"https:\/\/www.facebook.com\/vinicio.jarquin\" \/>\n<meta property=\"article:author\" content=\"https:\/\/www.facebook.com\/vinicio.jarquin\" \/>\n<meta property=\"article:published_time\" content=\"2025-12-24T11:00:00+00:00\" \/>\n<meta property=\"og:image\" content=\"https:\/\/viniciojarquin.com\/blog\/wp-content\/uploads\/2025\/12\/Feliz-Navidad.jpg\" \/>\n\t<meta property=\"og:image:width\" content=\"800\" \/>\n\t<meta property=\"og:image:height\" content=\"500\" \/>\n\t<meta property=\"og:image:type\" content=\"image\/jpeg\" \/>\n<meta name=\"author\" content=\"Vinicio Jarqu\u00edn\" \/>\n<meta name=\"twitter:card\" content=\"summary_large_image\" \/>\n<meta name=\"twitter:label1\" content=\"Escrito por\" \/>\n\t<meta name=\"twitter:data1\" content=\"Vinicio Jarqu\u00edn\" \/>\n\t<meta name=\"twitter:label2\" content=\"Tiempo de lectura\" \/>\n\t<meta name=\"twitter:data2\" content=\"4 minutos\" \/>\n<script type=\"application\/ld+json\" class=\"yoast-schema-graph\">{\"@context\":\"https:\/\/schema.org\",\"@graph\":[{\"@type\":\"Article\",\"@id\":\"https:\/\/viniciojarquin.com\/blog\/mensaje-de-navidad-para-los-apaciguaditos\/#article\",\"isPartOf\":{\"@id\":\"https:\/\/viniciojarquin.com\/blog\/mensaje-de-navidad-para-los-apaciguaditos\/\"},\"author\":{\"name\":\"Vinicio Jarqu\u00edn\",\"@id\":\"https:\/\/viniciojarquin.com\/blog\/#\/schema\/person\/90100c8845ae55462ec0657d3d2f8d3b\"},\"headline\":\"Mensaje de Navidad para los apaciguaditos\",\"datePublished\":\"2025-12-24T11:00:00+00:00\",\"mainEntityOfPage\":{\"@id\":\"https:\/\/viniciojarquin.com\/blog\/mensaje-de-navidad-para-los-apaciguaditos\/\"},\"wordCount\":640,\"commentCount\":0,\"publisher\":{\"@id\":\"https:\/\/viniciojarquin.com\/blog\/#\/schema\/person\/90100c8845ae55462ec0657d3d2f8d3b\"},\"image\":{\"@id\":\"https:\/\/viniciojarquin.com\/blog\/mensaje-de-navidad-para-los-apaciguaditos\/#primaryimage\"},\"thumbnailUrl\":\"https:\/\/viniciojarquin.com\/blog\/wp-content\/uploads\/2025\/12\/Feliz-Navidad.jpg\",\"articleSection\":[\"Elecciones 2026\"],\"inLanguage\":\"es\",\"potentialAction\":[{\"@type\":\"CommentAction\",\"name\":\"Comment\",\"target\":[\"https:\/\/viniciojarquin.com\/blog\/mensaje-de-navidad-para-los-apaciguaditos\/#respond\"]}]},{\"@type\":\"WebPage\",\"@id\":\"https:\/\/viniciojarquin.com\/blog\/mensaje-de-navidad-para-los-apaciguaditos\/\",\"url\":\"https:\/\/viniciojarquin.com\/blog\/mensaje-de-navidad-para-los-apaciguaditos\/\",\"name\":\"Mensaje de Navidad para los apaciguaditos - MI BLOG\",\"isPartOf\":{\"@id\":\"https:\/\/viniciojarquin.com\/blog\/#website\"},\"primaryImageOfPage\":{\"@id\":\"https:\/\/viniciojarquin.com\/blog\/mensaje-de-navidad-para-los-apaciguaditos\/#primaryimage\"},\"image\":{\"@id\":\"https:\/\/viniciojarquin.com\/blog\/mensaje-de-navidad-para-los-apaciguaditos\/#primaryimage\"},\"thumbnailUrl\":\"https:\/\/viniciojarquin.com\/blog\/wp-content\/uploads\/2025\/12\/Feliz-Navidad.jpg\",\"datePublished\":\"2025-12-24T11:00:00+00:00\",\"breadcrumb\":{\"@id\":\"https:\/\/viniciojarquin.com\/blog\/mensaje-de-navidad-para-los-apaciguaditos\/#breadcrumb\"},\"inLanguage\":\"es\",\"potentialAction\":[{\"@type\":\"ReadAction\",\"target\":[\"https:\/\/viniciojarquin.com\/blog\/mensaje-de-navidad-para-los-apaciguaditos\/\"]}]},{\"@type\":\"ImageObject\",\"inLanguage\":\"es\",\"@id\":\"https:\/\/viniciojarquin.com\/blog\/mensaje-de-navidad-para-los-apaciguaditos\/#primaryimage\",\"url\":\"https:\/\/viniciojarquin.com\/blog\/wp-content\/uploads\/2025\/12\/Feliz-Navidad.jpg\",\"contentUrl\":\"https:\/\/viniciojarquin.com\/blog\/wp-content\/uploads\/2025\/12\/Feliz-Navidad.jpg\",\"width\":800,\"height\":500},{\"@type\":\"BreadcrumbList\",\"@id\":\"https:\/\/viniciojarquin.com\/blog\/mensaje-de-navidad-para-los-apaciguaditos\/#breadcrumb\",\"itemListElement\":[{\"@type\":\"ListItem\",\"position\":1,\"name\":\"Portada\",\"item\":\"https:\/\/viniciojarquin.com\/blog\/\"},{\"@type\":\"ListItem\",\"position\":2,\"name\":\"Mensaje de Navidad para los apaciguaditos\"}]},{\"@type\":\"WebSite\",\"@id\":\"https:\/\/viniciojarquin.com\/blog\/#website\",\"url\":\"https:\/\/viniciojarquin.com\/blog\/\",\"name\":\"Vinicio Jarqu\u00edn BLOG\",\"description\":\"\",\"publisher\":{\"@id\":\"https:\/\/viniciojarquin.com\/blog\/#\/schema\/person\/90100c8845ae55462ec0657d3d2f8d3b\"},\"potentialAction\":[{\"@type\":\"SearchAction\",\"target\":{\"@type\":\"EntryPoint\",\"urlTemplate\":\"https:\/\/viniciojarquin.com\/blog\/?s={search_term_string}\"},\"query-input\":{\"@type\":\"PropertyValueSpecification\",\"valueRequired\":true,\"valueName\":\"search_term_string\"}}],\"inLanguage\":\"es\"},{\"@type\":[\"Person\",\"Organization\"],\"@id\":\"https:\/\/viniciojarquin.com\/blog\/#\/schema\/person\/90100c8845ae55462ec0657d3d2f8d3b\",\"name\":\"Vinicio Jarqu\u00edn\",\"image\":{\"@type\":\"ImageObject\",\"inLanguage\":\"es\",\"@id\":\"https:\/\/viniciojarquin.com\/blog\/#\/schema\/person\/image\/\",\"url\":\"https:\/\/viniciojarquin.com\/blog\/wp-content\/uploads\/2024\/10\/Logo-VinicioJarquin-original-400.png\",\"contentUrl\":\"https:\/\/viniciojarquin.com\/blog\/wp-content\/uploads\/2024\/10\/Logo-VinicioJarquin-original-400.png\",\"width\":400,\"height\":130,\"caption\":\"Vinicio Jarqu\u00edn\"},\"logo\":{\"@id\":\"https:\/\/viniciojarquin.com\/blog\/#\/schema\/person\/image\/\"},\"description\":\"Empresario textil, artista pl\u00e1stico, escritor, coach de vida y fot\u00f3grafo.\",\"sameAs\":[\"https:\/\/viniciojarquin.com\/blog\",\"https:\/\/www.facebook.com\/vinicio.jarquin\",\"https:\/\/www.instagram.com\/vinicio_jarquin\/\",\"https:\/\/www.pinterest.com\/vinnyjc\/\",\"https:\/\/www.youtube.com\/@VinicioJarquin\"],\"url\":\"https:\/\/viniciojarquin.com\/blog\/author\/admin_s02au25i\/\"}]}<\/script>\n<!-- \/ Yoast SEO plugin. -->","yoast_head_json":{"title":"Mensaje de Navidad para los apaciguaditos - MI BLOG","robots":{"index":"index","follow":"follow","max-snippet":"max-snippet:-1","max-image-preview":"max-image-preview:large","max-video-preview":"max-video-preview:-1"},"canonical":"https:\/\/viniciojarquin.com\/blog\/mensaje-de-navidad-para-los-apaciguaditos\/","og_locale":"es_ES","og_type":"article","og_title":"Mensaje de Navidad para los apaciguaditos - MI BLOG","og_description":"Queridos apaciguaditos, hoy no quiero hablar de futuro ni de preocupaciones, ni siquiera de planes. Hoy quiero quedarme un rato [&hellip;]","og_url":"https:\/\/viniciojarquin.com\/blog\/mensaje-de-navidad-para-los-apaciguaditos\/","og_site_name":"MI BLOG","article_publisher":"https:\/\/www.facebook.com\/vinicio.jarquin","article_author":"https:\/\/www.facebook.com\/vinicio.jarquin","article_published_time":"2025-12-24T11:00:00+00:00","og_image":[{"width":800,"height":500,"url":"https:\/\/viniciojarquin.com\/blog\/wp-content\/uploads\/2025\/12\/Feliz-Navidad.jpg","type":"image\/jpeg"}],"author":"Vinicio Jarqu\u00edn","twitter_card":"summary_large_image","twitter_misc":{"Escrito por":"Vinicio Jarqu\u00edn","Tiempo de lectura":"4 minutos"},"schema":{"@context":"https:\/\/schema.org","@graph":[{"@type":"Article","@id":"https:\/\/viniciojarquin.com\/blog\/mensaje-de-navidad-para-los-apaciguaditos\/#article","isPartOf":{"@id":"https:\/\/viniciojarquin.com\/blog\/mensaje-de-navidad-para-los-apaciguaditos\/"},"author":{"name":"Vinicio Jarqu\u00edn","@id":"https:\/\/viniciojarquin.com\/blog\/#\/schema\/person\/90100c8845ae55462ec0657d3d2f8d3b"},"headline":"Mensaje de Navidad para los apaciguaditos","datePublished":"2025-12-24T11:00:00+00:00","mainEntityOfPage":{"@id":"https:\/\/viniciojarquin.com\/blog\/mensaje-de-navidad-para-los-apaciguaditos\/"},"wordCount":640,"commentCount":0,"publisher":{"@id":"https:\/\/viniciojarquin.com\/blog\/#\/schema\/person\/90100c8845ae55462ec0657d3d2f8d3b"},"image":{"@id":"https:\/\/viniciojarquin.com\/blog\/mensaje-de-navidad-para-los-apaciguaditos\/#primaryimage"},"thumbnailUrl":"https:\/\/viniciojarquin.com\/blog\/wp-content\/uploads\/2025\/12\/Feliz-Navidad.jpg","articleSection":["Elecciones 2026"],"inLanguage":"es","potentialAction":[{"@type":"CommentAction","name":"Comment","target":["https:\/\/viniciojarquin.com\/blog\/mensaje-de-navidad-para-los-apaciguaditos\/#respond"]}]},{"@type":"WebPage","@id":"https:\/\/viniciojarquin.com\/blog\/mensaje-de-navidad-para-los-apaciguaditos\/","url":"https:\/\/viniciojarquin.com\/blog\/mensaje-de-navidad-para-los-apaciguaditos\/","name":"Mensaje de Navidad para los apaciguaditos - MI BLOG","isPartOf":{"@id":"https:\/\/viniciojarquin.com\/blog\/#website"},"primaryImageOfPage":{"@id":"https:\/\/viniciojarquin.com\/blog\/mensaje-de-navidad-para-los-apaciguaditos\/#primaryimage"},"image":{"@id":"https:\/\/viniciojarquin.com\/blog\/mensaje-de-navidad-para-los-apaciguaditos\/#primaryimage"},"thumbnailUrl":"https:\/\/viniciojarquin.com\/blog\/wp-content\/uploads\/2025\/12\/Feliz-Navidad.jpg","datePublished":"2025-12-24T11:00:00+00:00","breadcrumb":{"@id":"https:\/\/viniciojarquin.com\/blog\/mensaje-de-navidad-para-los-apaciguaditos\/#breadcrumb"},"inLanguage":"es","potentialAction":[{"@type":"ReadAction","target":["https:\/\/viniciojarquin.com\/blog\/mensaje-de-navidad-para-los-apaciguaditos\/"]}]},{"@type":"ImageObject","inLanguage":"es","@id":"https:\/\/viniciojarquin.com\/blog\/mensaje-de-navidad-para-los-apaciguaditos\/#primaryimage","url":"https:\/\/viniciojarquin.com\/blog\/wp-content\/uploads\/2025\/12\/Feliz-Navidad.jpg","contentUrl":"https:\/\/viniciojarquin.com\/blog\/wp-content\/uploads\/2025\/12\/Feliz-Navidad.jpg","width":800,"height":500},{"@type":"BreadcrumbList","@id":"https:\/\/viniciojarquin.com\/blog\/mensaje-de-navidad-para-los-apaciguaditos\/#breadcrumb","itemListElement":[{"@type":"ListItem","position":1,"name":"Portada","item":"https:\/\/viniciojarquin.com\/blog\/"},{"@type":"ListItem","position":2,"name":"Mensaje de Navidad para los apaciguaditos"}]},{"@type":"WebSite","@id":"https:\/\/viniciojarquin.com\/blog\/#website","url":"https:\/\/viniciojarquin.com\/blog\/","name":"Vinicio Jarqu\u00edn BLOG","description":"","publisher":{"@id":"https:\/\/viniciojarquin.com\/blog\/#\/schema\/person\/90100c8845ae55462ec0657d3d2f8d3b"},"potentialAction":[{"@type":"SearchAction","target":{"@type":"EntryPoint","urlTemplate":"https:\/\/viniciojarquin.com\/blog\/?s={search_term_string}"},"query-input":{"@type":"PropertyValueSpecification","valueRequired":true,"valueName":"search_term_string"}}],"inLanguage":"es"},{"@type":["Person","Organization"],"@id":"https:\/\/viniciojarquin.com\/blog\/#\/schema\/person\/90100c8845ae55462ec0657d3d2f8d3b","name":"Vinicio Jarqu\u00edn","image":{"@type":"ImageObject","inLanguage":"es","@id":"https:\/\/viniciojarquin.com\/blog\/#\/schema\/person\/image\/","url":"https:\/\/viniciojarquin.com\/blog\/wp-content\/uploads\/2024\/10\/Logo-VinicioJarquin-original-400.png","contentUrl":"https:\/\/viniciojarquin.com\/blog\/wp-content\/uploads\/2024\/10\/Logo-VinicioJarquin-original-400.png","width":400,"height":130,"caption":"Vinicio Jarqu\u00edn"},"logo":{"@id":"https:\/\/viniciojarquin.com\/blog\/#\/schema\/person\/image\/"},"description":"Empresario textil, artista pl\u00e1stico, escritor, coach de vida y fot\u00f3grafo.","sameAs":["https:\/\/viniciojarquin.com\/blog","https:\/\/www.facebook.com\/vinicio.jarquin","https:\/\/www.instagram.com\/vinicio_jarquin\/","https:\/\/www.pinterest.com\/vinnyjc\/","https:\/\/www.youtube.com\/@VinicioJarquin"],"url":"https:\/\/viniciojarquin.com\/blog\/author\/admin_s02au25i\/"}]}},"blog_post_layout_featured_media_urls":{"thumbnail":["https:\/\/viniciojarquin.com\/blog\/wp-content\/uploads\/2025\/12\/Feliz-Navidad-150x150.jpg",150,150,true],"full":["https:\/\/viniciojarquin.com\/blog\/wp-content\/uploads\/2025\/12\/Feliz-Navidad.jpg",800,500,false]},"categories_names":{"17":{"name":"Elecciones 2026","link":"https:\/\/viniciojarquin.com\/blog\/category\/elecciones-2026\/"}},"tags_names":[],"comments_number":"0","_links":{"self":[{"href":"https:\/\/viniciojarquin.com\/blog\/wp-json\/wp\/v2\/posts\/1895","targetHints":{"allow":["GET"]}}],"collection":[{"href":"https:\/\/viniciojarquin.com\/blog\/wp-json\/wp\/v2\/posts"}],"about":[{"href":"https:\/\/viniciojarquin.com\/blog\/wp-json\/wp\/v2\/types\/post"}],"author":[{"embeddable":true,"href":"https:\/\/viniciojarquin.com\/blog\/wp-json\/wp\/v2\/users\/1"}],"replies":[{"embeddable":true,"href":"https:\/\/viniciojarquin.com\/blog\/wp-json\/wp\/v2\/comments?post=1895"}],"version-history":[{"count":1,"href":"https:\/\/viniciojarquin.com\/blog\/wp-json\/wp\/v2\/posts\/1895\/revisions"}],"predecessor-version":[{"id":1897,"href":"https:\/\/viniciojarquin.com\/blog\/wp-json\/wp\/v2\/posts\/1895\/revisions\/1897"}],"wp:featuredmedia":[{"embeddable":true,"href":"https:\/\/viniciojarquin.com\/blog\/wp-json\/wp\/v2\/media\/1896"}],"wp:attachment":[{"href":"https:\/\/viniciojarquin.com\/blog\/wp-json\/wp\/v2\/media?parent=1895"}],"wp:term":[{"taxonomy":"category","embeddable":true,"href":"https:\/\/viniciojarquin.com\/blog\/wp-json\/wp\/v2\/categories?post=1895"},{"taxonomy":"post_tag","embeddable":true,"href":"https:\/\/viniciojarquin.com\/blog\/wp-json\/wp\/v2\/tags?post=1895"}],"curies":[{"name":"wp","href":"https:\/\/api.w.org\/{rel}","templated":true}]}}