{"id":1905,"date":"2025-12-17T01:11:17","date_gmt":"2025-12-17T01:11:17","guid":{"rendered":"https:\/\/viniciojarquin.com\/blog\/?p=1905"},"modified":"2025-12-17T01:12:33","modified_gmt":"2025-12-17T01:12:33","slug":"esta-noche-intentaron-silenciarme","status":"publish","type":"post","link":"https:\/\/viniciojarquin.com\/blog\/esta-noche-intentaron-silenciarme\/","title":{"rendered":"Esta noche intentaron silenciarme"},"content":{"rendered":"\n<p>Esta noche, en las primeras horas de la noche, atacaron mi Facebook. No fue una sensaci\u00f3n, no fue una paranoia, fue un hecho t\u00e9cnico y concreto. Al parecer, lo hicieron de varias maneras al mismo tiempo. Por un lado, intentaron entrar a mi cuenta. Adem\u00e1s, reportaron mi perfil repetidas veces como cuenta fantasma o como cuenta ilegal. Y, paralelamente, crearon una cuenta gemela a la m\u00eda para hacerse pasar por m\u00ed. Facebook atendi\u00f3 las tres solicitudes y, en cuesti\u00f3n de minutos, mis cuentas quedaron bloqueadas. Afuera. Sin acceso desde mi tel\u00e9fono y sin acceso desde el servidor de mi oficina.<\/p>\n\n\n\n<p>De pronto, simplemente no estaba.<\/p>\n\n\n\n<p>Quienes usamos redes sociales para compartir ideas, reflexiones y conversaciones profundas sabemos lo vulnerable que puede ser ese espacio. No porque dependa de \u00e9l nuestra identidad, sino porque ah\u00ed se ha construido comunidad, di\u00e1logo, intercambio humano. De un momento a otro, todo eso qued\u00f3 en pausa.<\/p>\n\n\n\n<p>Dichosamente, y lo digo con absoluta claridad, pago el servicio de verificaci\u00f3n de Meta. Gracias a eso, pude desde otro dispositivo iniciar el proceso para demostrar algo tan b\u00e1sico y tan absurdo a la vez: que yo era yo. Que no era una cuenta falsa. Que no era una cuenta ilegal. Que no era un bot, ni una sombra, ni una simulaci\u00f3n.<\/p>\n\n\n\n<p>Fue una carrera contra el tiempo. Tuve que enviar todos mis atestados a Facebook en cuesti\u00f3n de minutos para no quedar fuera por horas o d\u00edas. Grab\u00e9 un video siguiendo instrucciones precisas, mostrando el rostro, repitiendo c\u00f3digos, cumpliendo pasos espec\u00edficos para que el sistema pudiera validar mi identidad. Mientras eso ocurr\u00eda, un antivirus corr\u00eda en el servidor de mi oficina, revisando que las computadoras estuvieran limpias, que no hubiera malware, que no hubiera una puerta abierta que justificara el bloqueo.<\/p>\n\n\n\n<p>Facebook, normalmente, tarda varios d\u00edas en revisar este tipo de autenticaciones. Esta vez fue m\u00e1s r\u00e1pido. Probablemente influy\u00f3 el servicio de verificaci\u00f3n, probablemente influy\u00f3 la coherencia de la informaci\u00f3n cruzada entre dispositivos. Lo cierto es que, entre claves, c\u00f3digos, verificaciones y cruces de datos, logramos recuperar el control.<\/p>\n\n\n\n<p>Vi, casi en vivo, como a Facebook borraba las cuentas gemelas que se hab\u00edan creado<\/p>\n\n\n\n<p>Blindamos mi cuenta nuevamente.<\/p>\n\n\n\n<p>Blindamos mis servidores.<\/p>\n\n\n\n<p>Blindamos mis p\u00e1ginas web.<\/p>\n\n\n\n<p>Blindamos los servidores que mis sitios tienen en Miami, los que operan aqu\u00ed, y los que contrato en otro punto de USA.<\/p>\n\n\n\n<p>Y aqu\u00ed estamos, otra vez.<\/p>\n\n\n\n<p>Podr\u00eda quedarme solo en el relato t\u00e9cnico. Pero no tendr\u00eda sentido. Porque lo que pas\u00f3 esta noche tambi\u00e9n invita a una reflexi\u00f3n m\u00e1s profunda.<\/p>\n\n\n\n<p>Cuando una voz empieza a incomodar, cuando una conversaci\u00f3n se sostiene sin gritos, cuando un espacio propone pensar en lugar de reaccionar, no siempre la respuesta es el debate. A veces es el intento de silenciamiento. No frontal, no valiente, sino lateral, an\u00f3nimo, escondido detr\u00e1s de reportes y ataques digitales.<\/p>\n\n\n\n<p>No lo digo con dramatismo. Lo digo con calma. Esto no me victimiza ni me asusta. Al contrario: me confirma algo. <strong>Pensar en voz alta, con respeto y con firmeza, tiene impacto<\/strong>. Y cuando tiene impacto, tambi\u00e9n genera resistencias.<\/p>\n\n\n\n<p>Esta experiencia no me hace gritar m\u00e1s fuerte. Me hace ser m\u00e1s cuidadoso, m\u00e1s consciente y m\u00e1s claro. Me recuerda que la democracia, incluso en lo digital, se cuida. Que la libertad de expresi\u00f3n no es un regalo autom\u00e1tico, sino algo que se defiende tambi\u00e9n con responsabilidad t\u00e9cnica y emocional.<\/p>\n\n\n\n<p>Al principio no ten\u00eda tiempo de pensar en c\u00f3mo me sent\u00eda, mientras estaba verificando mi identidad, y los t\u00e9cnicos externos revisaban todo; pero una vez que todo pas\u00f3 y qued\u00f3 blindo, me embarg\u00f3 una sensaci\u00f3n de ultraje, de violaci\u00f3n; adem\u00e1s de tristeza, de ver a lo que hemos llegado en este pa\u00eds. Inimaginable que esto suceda en tiempos electorales.<\/p>\n\n\n\n<p>Seguimos.<\/p>\n\n\n\n<p>Con m\u00e1s calma.<\/p>\n\n\n\n<p>Con m\u00e1s conciencia.<\/p>\n\n\n\n<p>Y, si hace falta, con m\u00e1s respaldo.<\/p>\n\n\n\n<p>Apacigua tu ser interior.<\/p>\n\n\n\n<p>Incluso cuando intentan apagar la pantalla.<\/p>\n\n\n\n<figure class=\"wp-block-image size-full\"><img decoding=\"async\" width=\"800\" height=\"500\" data-src=\"https:\/\/viniciojarquin.com\/blog\/wp-content\/uploads\/2025\/12\/Atacaron-mi-Facebook.jpg\" alt=\"\" class=\"wp-image-1906 lazyload\" data-srcset=\"https:\/\/viniciojarquin.com\/blog\/wp-content\/uploads\/2025\/12\/Atacaron-mi-Facebook.jpg 800w, https:\/\/viniciojarquin.com\/blog\/wp-content\/uploads\/2025\/12\/Atacaron-mi-Facebook-300x188.jpg 300w, https:\/\/viniciojarquin.com\/blog\/wp-content\/uploads\/2025\/12\/Atacaron-mi-Facebook-768x480.jpg 768w\" data-sizes=\"(max-width: 800px) 100vw, 800px\" src=\"data:image\/svg+xml;base64,PHN2ZyB3aWR0aD0iMSIgaGVpZ2h0PSIxIiB4bWxucz0iaHR0cDovL3d3dy53My5vcmcvMjAwMC9zdmciPjwvc3ZnPg==\" style=\"--smush-placeholder-width: 800px; --smush-placeholder-aspect-ratio: 800\/500;\" \/><\/figure>\n","protected":false},"excerpt":{"rendered":"<p>Esta noche, en las primeras horas de la noche, atacaron mi Facebook. No fue una sensaci\u00f3n, no fue una paranoia, [&hellip;]<\/p>\n","protected":false},"author":1,"featured_media":1906,"comment_status":"open","ping_status":"open","sticky":false,"template":"","format":"standard","meta":{"site-sidebar-layout":"default","site-content-layout":"","ast-site-content-layout":"","site-content-style":"default","site-sidebar-style":"default","ast-global-header-display":"","ast-banner-title-visibility":"","ast-main-header-display":"","ast-hfb-above-header-display":"","ast-hfb-below-header-display":"","ast-hfb-mobile-header-display":"","site-post-title":"","ast-breadcrumbs-content":"","ast-featured-img":"","footer-sml-layout":"","theme-transparent-header-meta":"","adv-header-id-meta":"","stick-header-meta":"","header-above-stick-meta":"","header-main-stick-meta":"","header-below-stick-meta":"","astra-migrate-meta-layouts":"default","ast-page-background-enabled":"default","ast-page-background-meta":{"desktop":{"background-color":"var(--ast-global-color-5)","background-image":"","background-repeat":"repeat","background-position":"center center","background-size":"auto","background-attachment":"scroll","background-type":"","background-media":"","overlay-type":"","overlay-color":"","overlay-opacity":"","overlay-gradient":""},"tablet":{"background-color":"","background-image":"","background-repeat":"repeat","background-position":"center center","background-size":"auto","background-attachment":"scroll","background-type":"","background-media":"","overlay-type":"","overlay-color":"","overlay-opacity":"","overlay-gradient":""},"mobile":{"background-color":"","background-image":"","background-repeat":"repeat","background-position":"center center","background-size":"auto","background-attachment":"scroll","background-type":"","background-media":"","overlay-type":"","overlay-color":"","overlay-opacity":"","overlay-gradient":""}},"ast-content-background-meta":{"desktop":{"background-color":"var(--ast-global-color-4)","background-image":"","background-repeat":"repeat","background-position":"center center","background-size":"auto","background-attachment":"scroll","background-type":"","background-media":"","overlay-type":"","overlay-color":"","overlay-opacity":"","overlay-gradient":""},"tablet":{"background-color":"var(--ast-global-color-4)","background-image":"","background-repeat":"repeat","background-position":"center center","background-size":"auto","background-attachment":"scroll","background-type":"","background-media":"","overlay-type":"","overlay-color":"","overlay-opacity":"","overlay-gradient":""},"mobile":{"background-color":"var(--ast-global-color-4)","background-image":"","background-repeat":"repeat","background-position":"center center","background-size":"auto","background-attachment":"scroll","background-type":"","background-media":"","overlay-type":"","overlay-color":"","overlay-opacity":"","overlay-gradient":""}},"footnotes":""},"categories":[17,1],"tags":[],"class_list":["post-1905","post","type-post","status-publish","format-standard","has-post-thumbnail","hentry","category-elecciones-2026","category-uncategorized"],"yoast_head":"<!-- This site is optimized with the Yoast SEO plugin v26.0 - https:\/\/yoast.com\/wordpress\/plugins\/seo\/ -->\n<title>Esta noche intentaron silenciarme - MI BLOG<\/title>\n<meta name=\"robots\" content=\"index, follow, max-snippet:-1, max-image-preview:large, max-video-preview:-1\" \/>\n<link rel=\"canonical\" href=\"https:\/\/viniciojarquin.com\/blog\/esta-noche-intentaron-silenciarme\/\" \/>\n<meta property=\"og:locale\" content=\"es_ES\" \/>\n<meta property=\"og:type\" content=\"article\" \/>\n<meta property=\"og:title\" content=\"Esta noche intentaron silenciarme - MI BLOG\" \/>\n<meta property=\"og:description\" content=\"Esta noche, en las primeras horas de la noche, atacaron mi Facebook. No fue una sensaci\u00f3n, no fue una paranoia, [&hellip;]\" \/>\n<meta property=\"og:url\" content=\"https:\/\/viniciojarquin.com\/blog\/esta-noche-intentaron-silenciarme\/\" \/>\n<meta property=\"og:site_name\" content=\"MI BLOG\" \/>\n<meta property=\"article:publisher\" content=\"https:\/\/www.facebook.com\/vinicio.jarquin\" \/>\n<meta property=\"article:author\" content=\"https:\/\/www.facebook.com\/vinicio.jarquin\" \/>\n<meta property=\"article:published_time\" content=\"2025-12-17T01:11:17+00:00\" \/>\n<meta property=\"article:modified_time\" content=\"2025-12-17T01:12:33+00:00\" \/>\n<meta property=\"og:image\" content=\"https:\/\/viniciojarquin.com\/blog\/wp-content\/uploads\/2025\/12\/Atacaron-mi-Facebook.jpg\" \/>\n\t<meta property=\"og:image:width\" content=\"800\" \/>\n\t<meta property=\"og:image:height\" content=\"500\" \/>\n\t<meta property=\"og:image:type\" content=\"image\/jpeg\" \/>\n<meta name=\"author\" content=\"Vinicio Jarqu\u00edn\" \/>\n<meta name=\"twitter:card\" content=\"summary_large_image\" \/>\n<meta name=\"twitter:label1\" content=\"Escrito por\" \/>\n\t<meta name=\"twitter:data1\" content=\"Vinicio Jarqu\u00edn\" \/>\n\t<meta name=\"twitter:label2\" content=\"Tiempo de lectura\" \/>\n\t<meta name=\"twitter:data2\" content=\"4 minutos\" \/>\n<script type=\"application\/ld+json\" class=\"yoast-schema-graph\">{\"@context\":\"https:\/\/schema.org\",\"@graph\":[{\"@type\":\"Article\",\"@id\":\"https:\/\/viniciojarquin.com\/blog\/esta-noche-intentaron-silenciarme\/#article\",\"isPartOf\":{\"@id\":\"https:\/\/viniciojarquin.com\/blog\/esta-noche-intentaron-silenciarme\/\"},\"author\":{\"name\":\"Vinicio Jarqu\u00edn\",\"@id\":\"https:\/\/viniciojarquin.com\/blog\/#\/schema\/person\/90100c8845ae55462ec0657d3d2f8d3b\"},\"headline\":\"Esta noche intentaron silenciarme\",\"datePublished\":\"2025-12-17T01:11:17+00:00\",\"dateModified\":\"2025-12-17T01:12:33+00:00\",\"mainEntityOfPage\":{\"@id\":\"https:\/\/viniciojarquin.com\/blog\/esta-noche-intentaron-silenciarme\/\"},\"wordCount\":697,\"commentCount\":0,\"publisher\":{\"@id\":\"https:\/\/viniciojarquin.com\/blog\/#\/schema\/person\/90100c8845ae55462ec0657d3d2f8d3b\"},\"image\":{\"@id\":\"https:\/\/viniciojarquin.com\/blog\/esta-noche-intentaron-silenciarme\/#primaryimage\"},\"thumbnailUrl\":\"https:\/\/viniciojarquin.com\/blog\/wp-content\/uploads\/2025\/12\/Atacaron-mi-Facebook.jpg\",\"articleSection\":[\"Elecciones 2026\",\"Uncategorized\"],\"inLanguage\":\"es\",\"potentialAction\":[{\"@type\":\"CommentAction\",\"name\":\"Comment\",\"target\":[\"https:\/\/viniciojarquin.com\/blog\/esta-noche-intentaron-silenciarme\/#respond\"]}]},{\"@type\":\"WebPage\",\"@id\":\"https:\/\/viniciojarquin.com\/blog\/esta-noche-intentaron-silenciarme\/\",\"url\":\"https:\/\/viniciojarquin.com\/blog\/esta-noche-intentaron-silenciarme\/\",\"name\":\"Esta noche intentaron silenciarme - MI BLOG\",\"isPartOf\":{\"@id\":\"https:\/\/viniciojarquin.com\/blog\/#website\"},\"primaryImageOfPage\":{\"@id\":\"https:\/\/viniciojarquin.com\/blog\/esta-noche-intentaron-silenciarme\/#primaryimage\"},\"image\":{\"@id\":\"https:\/\/viniciojarquin.com\/blog\/esta-noche-intentaron-silenciarme\/#primaryimage\"},\"thumbnailUrl\":\"https:\/\/viniciojarquin.com\/blog\/wp-content\/uploads\/2025\/12\/Atacaron-mi-Facebook.jpg\",\"datePublished\":\"2025-12-17T01:11:17+00:00\",\"dateModified\":\"2025-12-17T01:12:33+00:00\",\"breadcrumb\":{\"@id\":\"https:\/\/viniciojarquin.com\/blog\/esta-noche-intentaron-silenciarme\/#breadcrumb\"},\"inLanguage\":\"es\",\"potentialAction\":[{\"@type\":\"ReadAction\",\"target\":[\"https:\/\/viniciojarquin.com\/blog\/esta-noche-intentaron-silenciarme\/\"]}]},{\"@type\":\"ImageObject\",\"inLanguage\":\"es\",\"@id\":\"https:\/\/viniciojarquin.com\/blog\/esta-noche-intentaron-silenciarme\/#primaryimage\",\"url\":\"https:\/\/viniciojarquin.com\/blog\/wp-content\/uploads\/2025\/12\/Atacaron-mi-Facebook.jpg\",\"contentUrl\":\"https:\/\/viniciojarquin.com\/blog\/wp-content\/uploads\/2025\/12\/Atacaron-mi-Facebook.jpg\",\"width\":800,\"height\":500},{\"@type\":\"BreadcrumbList\",\"@id\":\"https:\/\/viniciojarquin.com\/blog\/esta-noche-intentaron-silenciarme\/#breadcrumb\",\"itemListElement\":[{\"@type\":\"ListItem\",\"position\":1,\"name\":\"Portada\",\"item\":\"https:\/\/viniciojarquin.com\/blog\/\"},{\"@type\":\"ListItem\",\"position\":2,\"name\":\"Esta noche intentaron silenciarme\"}]},{\"@type\":\"WebSite\",\"@id\":\"https:\/\/viniciojarquin.com\/blog\/#website\",\"url\":\"https:\/\/viniciojarquin.com\/blog\/\",\"name\":\"Vinicio Jarqu\u00edn BLOG\",\"description\":\"\",\"publisher\":{\"@id\":\"https:\/\/viniciojarquin.com\/blog\/#\/schema\/person\/90100c8845ae55462ec0657d3d2f8d3b\"},\"potentialAction\":[{\"@type\":\"SearchAction\",\"target\":{\"@type\":\"EntryPoint\",\"urlTemplate\":\"https:\/\/viniciojarquin.com\/blog\/?s={search_term_string}\"},\"query-input\":{\"@type\":\"PropertyValueSpecification\",\"valueRequired\":true,\"valueName\":\"search_term_string\"}}],\"inLanguage\":\"es\"},{\"@type\":[\"Person\",\"Organization\"],\"@id\":\"https:\/\/viniciojarquin.com\/blog\/#\/schema\/person\/90100c8845ae55462ec0657d3d2f8d3b\",\"name\":\"Vinicio Jarqu\u00edn\",\"image\":{\"@type\":\"ImageObject\",\"inLanguage\":\"es\",\"@id\":\"https:\/\/viniciojarquin.com\/blog\/#\/schema\/person\/image\/\",\"url\":\"https:\/\/viniciojarquin.com\/blog\/wp-content\/uploads\/2024\/10\/Logo-VinicioJarquin-original-400.png\",\"contentUrl\":\"https:\/\/viniciojarquin.com\/blog\/wp-content\/uploads\/2024\/10\/Logo-VinicioJarquin-original-400.png\",\"width\":400,\"height\":130,\"caption\":\"Vinicio Jarqu\u00edn\"},\"logo\":{\"@id\":\"https:\/\/viniciojarquin.com\/blog\/#\/schema\/person\/image\/\"},\"description\":\"Empresario textil, artista pl\u00e1stico, escritor, coach de vida y fot\u00f3grafo.\",\"sameAs\":[\"https:\/\/viniciojarquin.com\/blog\",\"https:\/\/www.facebook.com\/vinicio.jarquin\",\"https:\/\/www.instagram.com\/vinicio_jarquin\/\",\"https:\/\/www.pinterest.com\/vinnyjc\/\",\"https:\/\/www.youtube.com\/@VinicioJarquin\"],\"url\":\"https:\/\/viniciojarquin.com\/blog\/author\/admin_s02au25i\/\"}]}<\/script>\n<!-- \/ Yoast SEO plugin. -->","yoast_head_json":{"title":"Esta noche intentaron silenciarme - MI BLOG","robots":{"index":"index","follow":"follow","max-snippet":"max-snippet:-1","max-image-preview":"max-image-preview:large","max-video-preview":"max-video-preview:-1"},"canonical":"https:\/\/viniciojarquin.com\/blog\/esta-noche-intentaron-silenciarme\/","og_locale":"es_ES","og_type":"article","og_title":"Esta noche intentaron silenciarme - MI BLOG","og_description":"Esta noche, en las primeras horas de la noche, atacaron mi Facebook. No fue una sensaci\u00f3n, no fue una paranoia, [&hellip;]","og_url":"https:\/\/viniciojarquin.com\/blog\/esta-noche-intentaron-silenciarme\/","og_site_name":"MI BLOG","article_publisher":"https:\/\/www.facebook.com\/vinicio.jarquin","article_author":"https:\/\/www.facebook.com\/vinicio.jarquin","article_published_time":"2025-12-17T01:11:17+00:00","article_modified_time":"2025-12-17T01:12:33+00:00","og_image":[{"width":800,"height":500,"url":"https:\/\/viniciojarquin.com\/blog\/wp-content\/uploads\/2025\/12\/Atacaron-mi-Facebook.jpg","type":"image\/jpeg"}],"author":"Vinicio Jarqu\u00edn","twitter_card":"summary_large_image","twitter_misc":{"Escrito por":"Vinicio Jarqu\u00edn","Tiempo de lectura":"4 minutos"},"schema":{"@context":"https:\/\/schema.org","@graph":[{"@type":"Article","@id":"https:\/\/viniciojarquin.com\/blog\/esta-noche-intentaron-silenciarme\/#article","isPartOf":{"@id":"https:\/\/viniciojarquin.com\/blog\/esta-noche-intentaron-silenciarme\/"},"author":{"name":"Vinicio Jarqu\u00edn","@id":"https:\/\/viniciojarquin.com\/blog\/#\/schema\/person\/90100c8845ae55462ec0657d3d2f8d3b"},"headline":"Esta noche intentaron silenciarme","datePublished":"2025-12-17T01:11:17+00:00","dateModified":"2025-12-17T01:12:33+00:00","mainEntityOfPage":{"@id":"https:\/\/viniciojarquin.com\/blog\/esta-noche-intentaron-silenciarme\/"},"wordCount":697,"commentCount":0,"publisher":{"@id":"https:\/\/viniciojarquin.com\/blog\/#\/schema\/person\/90100c8845ae55462ec0657d3d2f8d3b"},"image":{"@id":"https:\/\/viniciojarquin.com\/blog\/esta-noche-intentaron-silenciarme\/#primaryimage"},"thumbnailUrl":"https:\/\/viniciojarquin.com\/blog\/wp-content\/uploads\/2025\/12\/Atacaron-mi-Facebook.jpg","articleSection":["Elecciones 2026","Uncategorized"],"inLanguage":"es","potentialAction":[{"@type":"CommentAction","name":"Comment","target":["https:\/\/viniciojarquin.com\/blog\/esta-noche-intentaron-silenciarme\/#respond"]}]},{"@type":"WebPage","@id":"https:\/\/viniciojarquin.com\/blog\/esta-noche-intentaron-silenciarme\/","url":"https:\/\/viniciojarquin.com\/blog\/esta-noche-intentaron-silenciarme\/","name":"Esta noche intentaron silenciarme - MI BLOG","isPartOf":{"@id":"https:\/\/viniciojarquin.com\/blog\/#website"},"primaryImageOfPage":{"@id":"https:\/\/viniciojarquin.com\/blog\/esta-noche-intentaron-silenciarme\/#primaryimage"},"image":{"@id":"https:\/\/viniciojarquin.com\/blog\/esta-noche-intentaron-silenciarme\/#primaryimage"},"thumbnailUrl":"https:\/\/viniciojarquin.com\/blog\/wp-content\/uploads\/2025\/12\/Atacaron-mi-Facebook.jpg","datePublished":"2025-12-17T01:11:17+00:00","dateModified":"2025-12-17T01:12:33+00:00","breadcrumb":{"@id":"https:\/\/viniciojarquin.com\/blog\/esta-noche-intentaron-silenciarme\/#breadcrumb"},"inLanguage":"es","potentialAction":[{"@type":"ReadAction","target":["https:\/\/viniciojarquin.com\/blog\/esta-noche-intentaron-silenciarme\/"]}]},{"@type":"ImageObject","inLanguage":"es","@id":"https:\/\/viniciojarquin.com\/blog\/esta-noche-intentaron-silenciarme\/#primaryimage","url":"https:\/\/viniciojarquin.com\/blog\/wp-content\/uploads\/2025\/12\/Atacaron-mi-Facebook.jpg","contentUrl":"https:\/\/viniciojarquin.com\/blog\/wp-content\/uploads\/2025\/12\/Atacaron-mi-Facebook.jpg","width":800,"height":500},{"@type":"BreadcrumbList","@id":"https:\/\/viniciojarquin.com\/blog\/esta-noche-intentaron-silenciarme\/#breadcrumb","itemListElement":[{"@type":"ListItem","position":1,"name":"Portada","item":"https:\/\/viniciojarquin.com\/blog\/"},{"@type":"ListItem","position":2,"name":"Esta noche intentaron silenciarme"}]},{"@type":"WebSite","@id":"https:\/\/viniciojarquin.com\/blog\/#website","url":"https:\/\/viniciojarquin.com\/blog\/","name":"Vinicio Jarqu\u00edn BLOG","description":"","publisher":{"@id":"https:\/\/viniciojarquin.com\/blog\/#\/schema\/person\/90100c8845ae55462ec0657d3d2f8d3b"},"potentialAction":[{"@type":"SearchAction","target":{"@type":"EntryPoint","urlTemplate":"https:\/\/viniciojarquin.com\/blog\/?s={search_term_string}"},"query-input":{"@type":"PropertyValueSpecification","valueRequired":true,"valueName":"search_term_string"}}],"inLanguage":"es"},{"@type":["Person","Organization"],"@id":"https:\/\/viniciojarquin.com\/blog\/#\/schema\/person\/90100c8845ae55462ec0657d3d2f8d3b","name":"Vinicio Jarqu\u00edn","image":{"@type":"ImageObject","inLanguage":"es","@id":"https:\/\/viniciojarquin.com\/blog\/#\/schema\/person\/image\/","url":"https:\/\/viniciojarquin.com\/blog\/wp-content\/uploads\/2024\/10\/Logo-VinicioJarquin-original-400.png","contentUrl":"https:\/\/viniciojarquin.com\/blog\/wp-content\/uploads\/2024\/10\/Logo-VinicioJarquin-original-400.png","width":400,"height":130,"caption":"Vinicio Jarqu\u00edn"},"logo":{"@id":"https:\/\/viniciojarquin.com\/blog\/#\/schema\/person\/image\/"},"description":"Empresario textil, artista pl\u00e1stico, escritor, coach de vida y fot\u00f3grafo.","sameAs":["https:\/\/viniciojarquin.com\/blog","https:\/\/www.facebook.com\/vinicio.jarquin","https:\/\/www.instagram.com\/vinicio_jarquin\/","https:\/\/www.pinterest.com\/vinnyjc\/","https:\/\/www.youtube.com\/@VinicioJarquin"],"url":"https:\/\/viniciojarquin.com\/blog\/author\/admin_s02au25i\/"}]}},"blog_post_layout_featured_media_urls":{"thumbnail":["https:\/\/viniciojarquin.com\/blog\/wp-content\/uploads\/2025\/12\/Atacaron-mi-Facebook-150x150.jpg",150,150,true],"full":["https:\/\/viniciojarquin.com\/blog\/wp-content\/uploads\/2025\/12\/Atacaron-mi-Facebook.jpg",800,500,false]},"categories_names":{"17":{"name":"Elecciones 2026","link":"https:\/\/viniciojarquin.com\/blog\/category\/elecciones-2026\/"},"1":{"name":"Uncategorized","link":"https:\/\/viniciojarquin.com\/blog\/category\/uncategorized\/"}},"tags_names":[],"comments_number":"0","_links":{"self":[{"href":"https:\/\/viniciojarquin.com\/blog\/wp-json\/wp\/v2\/posts\/1905","targetHints":{"allow":["GET"]}}],"collection":[{"href":"https:\/\/viniciojarquin.com\/blog\/wp-json\/wp\/v2\/posts"}],"about":[{"href":"https:\/\/viniciojarquin.com\/blog\/wp-json\/wp\/v2\/types\/post"}],"author":[{"embeddable":true,"href":"https:\/\/viniciojarquin.com\/blog\/wp-json\/wp\/v2\/users\/1"}],"replies":[{"embeddable":true,"href":"https:\/\/viniciojarquin.com\/blog\/wp-json\/wp\/v2\/comments?post=1905"}],"version-history":[{"count":1,"href":"https:\/\/viniciojarquin.com\/blog\/wp-json\/wp\/v2\/posts\/1905\/revisions"}],"predecessor-version":[{"id":1907,"href":"https:\/\/viniciojarquin.com\/blog\/wp-json\/wp\/v2\/posts\/1905\/revisions\/1907"}],"wp:featuredmedia":[{"embeddable":true,"href":"https:\/\/viniciojarquin.com\/blog\/wp-json\/wp\/v2\/media\/1906"}],"wp:attachment":[{"href":"https:\/\/viniciojarquin.com\/blog\/wp-json\/wp\/v2\/media?parent=1905"}],"wp:term":[{"taxonomy":"category","embeddable":true,"href":"https:\/\/viniciojarquin.com\/blog\/wp-json\/wp\/v2\/categories?post=1905"},{"taxonomy":"post_tag","embeddable":true,"href":"https:\/\/viniciojarquin.com\/blog\/wp-json\/wp\/v2\/tags?post=1905"}],"curies":[{"name":"wp","href":"https:\/\/api.w.org\/{rel}","templated":true}]}}