{"id":1911,"date":"2025-12-17T03:08:22","date_gmt":"2025-12-17T03:08:22","guid":{"rendered":"https:\/\/viniciojarquin.com\/blog\/?p=1911"},"modified":"2025-12-17T03:08:25","modified_gmt":"2025-12-17T03:08:25","slug":"cuando-solo-se-puede-ver-lo-malo-en-los-demas","status":"publish","type":"post","link":"https:\/\/viniciojarquin.com\/blog\/cuando-solo-se-puede-ver-lo-malo-en-los-demas\/","title":{"rendered":"Cuando solo se puede ver lo malo en los dem\u00e1s"},"content":{"rendered":"\n<p>Hay una forma particular de ceguera que no tiene que ver con los ojos, sino con la conciencia. Es la incapacidad \u2014o tal vez la condici\u00f3n\u2014 de ver algo bueno en el otro, incluso cuando uno mismo est\u00e1 metido en un berenjenal. Una forma de mirar el mundo donde todo lo ajeno es defectuoso, sospechoso o despreciable, mientras lo propio se defiende con furia, no con argumentos.<\/p>\n\n\n\n<p>Se nota mucho en estos tiempos. Personas que apoyan la continuidad del poder actual, navegan perfiles de otros candidatos no para informarse, sino para se\u00f1alar errores, ofender, provocar o anunciar, casi a gritos, por qui\u00e9n van a votar. Entran al espacio del candidato B para decir \u201cyo voy con el A\u201d, o al del candidato C para repetir \u201cyo voto por el B\u201d, como si eso fuera necesario. Como si alguien lo hubiera pedido. Como si hiciera falta.<\/p>\n\n\n\n<p>No lo es.<\/p>\n\n\n\n<p>Quien est\u00e1 seguro de su elecci\u00f3n no necesita invadir el espacio del otro para reafirmarse. Quien est\u00e1 convencido no necesita gritarlo. Lo vive con calma. Lo sostiene con serenidad. Lo explica si se le pregunta. Pero no lo impone.<\/p>\n\n\n\n<p>Entonces surge la pregunta inc\u00f3moda: \u00bfpor qu\u00e9 hacerlo as\u00ed?, \u00bfpor qu\u00e9 desde el pleito, la burla o la furia?<\/p>\n\n\n\n<p>Tal vez porque hay decisiones que no se tomaron desde la convicci\u00f3n, sino desde la obediencia emocional. Tal vez porque apoyar a alguien cuestionado, sin resultados claros, sin profundidad visible, genera una tensi\u00f3n interna dif\u00edcil de sostener. Y cuando esa tensi\u00f3n no se reconoce, se proyecta.<\/p>\n\n\n\n<p>Ah\u00ed aparece la necesidad de rebajar a los otros.<\/p>\n\n\n\n<p>Se entra al perfil de una persona con trayectoria acad\u00e9mica y se le llama tonta. Se acusa corrupci\u00f3n donde no hay pruebas. Se minimiza una vida de lucha, de servicio o de trabajo solo para poder justificar la propia elecci\u00f3n. No porque el otro sea realmente inferior, sino porque reconocer su valor har\u00eda demasiado evidente la precariedad de lo que se est\u00e1 defendiendo.<\/p>\n\n\n\n<p>Eso no es debate. Eso es compensaci\u00f3n.<\/p>\n\n\n\n<p>Es el mismo mecanismo que se repite cuando desde el poder se habla constantemente de los dem\u00e1s para sentirse m\u00e1s grande. Cuando se desacredita a quienes tuvieron logros, preparaci\u00f3n y amor por la patria, no desde argumentos, sino desde el desprecio. Y quienes siguen ese discurso aprenden r\u00e1pido: copian el tono, repiten la pr\u00e1ctica y la normalizan.<\/p>\n\n\n\n<p>As\u00ed se instala una cultura donde no se discuten ideas, se desacreditan personas. Donde no se comparan propuestas, se atacan trayectorias. Donde no se construye pa\u00eds, se alborota a las masas.<\/p>\n\n\n\n<p>Por eso resulta tan evidente el contraste cuando los candidatos conversan entre s\u00ed, se reconocen como parte de una misma patria, como competidores dentro de una democracia que se respeta. Y tambi\u00e9n resulta evidente qui\u00e9n queda fuera de ese esp\u00edritu. Quien no une, sino divide. Quien no debate, sino agita. Quien ni siquiera da la cara en los espacios donde se confrontan ideas, porque ah\u00ed el grito no alcanza y la preparaci\u00f3n s\u00ed importa.<\/p>\n\n\n\n<p>Ver solo lo malo en los dem\u00e1s no es fortaleza. Es se\u00f1al de fragilidad interna.<\/p>\n\n\n\n<p>Necesitar destruir al otro para sostener tu elecci\u00f3n no es convicci\u00f3n. Es inseguridad.<\/p>\n\n\n\n<p>Un pa\u00eds no se cuida rebajando a quienes piensan distinto. Se cuida elevando el nivel de la conversaci\u00f3n.<\/p>\n\n\n\n<p>Y quiz\u00e1 el verdadero problema no sea a qui\u00e9n se apoya, sino desde d\u00f3nde se apoya. Porque cuando una decisi\u00f3n nace del miedo, de la obediencia o del enojo, tarde o temprano necesita atacar a alguien para no derrumbarse.<\/p>\n\n\n\n<p>La paz interior no necesita enemigos. La convicci\u00f3n verdadera no necesita gritar. Y la democracia no se defiende ensuciando a los dem\u00e1s.<\/p>\n\n\n\n<p>Se defiende con criterio, con respeto y con la valent\u00eda de mirar tambi\u00e9n lo que no queremos ver.<\/p>\n\n\n\n<figure class=\"wp-block-image size-full\"><img decoding=\"async\" width=\"800\" height=\"500\" data-src=\"https:\/\/viniciojarquin.com\/blog\/wp-content\/uploads\/2025\/12\/Articulo.jpg\" alt=\"\" class=\"wp-image-1753 lazyload\" data-srcset=\"https:\/\/viniciojarquin.com\/blog\/wp-content\/uploads\/2025\/12\/Articulo.jpg 800w, https:\/\/viniciojarquin.com\/blog\/wp-content\/uploads\/2025\/12\/Articulo-300x188.jpg 300w, https:\/\/viniciojarquin.com\/blog\/wp-content\/uploads\/2025\/12\/Articulo-768x480.jpg 768w\" data-sizes=\"(max-width: 800px) 100vw, 800px\" src=\"data:image\/svg+xml;base64,PHN2ZyB3aWR0aD0iMSIgaGVpZ2h0PSIxIiB4bWxucz0iaHR0cDovL3d3dy53My5vcmcvMjAwMC9zdmciPjwvc3ZnPg==\" style=\"--smush-placeholder-width: 800px; --smush-placeholder-aspect-ratio: 800\/500;\" \/><\/figure>\n","protected":false},"excerpt":{"rendered":"<p>Hay una forma particular de ceguera que no tiene que ver con los ojos, sino con la conciencia. Es la [&hellip;]<\/p>\n","protected":false},"author":1,"featured_media":1753,"comment_status":"open","ping_status":"open","sticky":false,"template":"","format":"standard","meta":{"site-sidebar-layout":"default","site-content-layout":"","ast-site-content-layout":"","site-content-style":"default","site-sidebar-style":"default","ast-global-header-display":"","ast-banner-title-visibility":"","ast-main-header-display":"","ast-hfb-above-header-display":"","ast-hfb-below-header-display":"","ast-hfb-mobile-header-display":"","site-post-title":"","ast-breadcrumbs-content":"","ast-featured-img":"","footer-sml-layout":"","theme-transparent-header-meta":"","adv-header-id-meta":"","stick-header-meta":"","header-above-stick-meta":"","header-main-stick-meta":"","header-below-stick-meta":"","astra-migrate-meta-layouts":"default","ast-page-background-enabled":"default","ast-page-background-meta":{"desktop":{"background-color":"var(--ast-global-color-5)","background-image":"","background-repeat":"repeat","background-position":"center center","background-size":"auto","background-attachment":"scroll","background-type":"","background-media":"","overlay-type":"","overlay-color":"","overlay-opacity":"","overlay-gradient":""},"tablet":{"background-color":"","background-image":"","background-repeat":"repeat","background-position":"center center","background-size":"auto","background-attachment":"scroll","background-type":"","background-media":"","overlay-type":"","overlay-color":"","overlay-opacity":"","overlay-gradient":""},"mobile":{"background-color":"","background-image":"","background-repeat":"repeat","background-position":"center center","background-size":"auto","background-attachment":"scroll","background-type":"","background-media":"","overlay-type":"","overlay-color":"","overlay-opacity":"","overlay-gradient":""}},"ast-content-background-meta":{"desktop":{"background-color":"var(--ast-global-color-4)","background-image":"","background-repeat":"repeat","background-position":"center center","background-size":"auto","background-attachment":"scroll","background-type":"","background-media":"","overlay-type":"","overlay-color":"","overlay-opacity":"","overlay-gradient":""},"tablet":{"background-color":"var(--ast-global-color-4)","background-image":"","background-repeat":"repeat","background-position":"center center","background-size":"auto","background-attachment":"scroll","background-type":"","background-media":"","overlay-type":"","overlay-color":"","overlay-opacity":"","overlay-gradient":""},"mobile":{"background-color":"var(--ast-global-color-4)","background-image":"","background-repeat":"repeat","background-position":"center center","background-size":"auto","background-attachment":"scroll","background-type":"","background-media":"","overlay-type":"","overlay-color":"","overlay-opacity":"","overlay-gradient":""}},"footnotes":""},"categories":[17],"tags":[],"class_list":["post-1911","post","type-post","status-publish","format-standard","has-post-thumbnail","hentry","category-elecciones-2026"],"yoast_head":"<!-- This site is optimized with the Yoast SEO plugin v26.0 - https:\/\/yoast.com\/wordpress\/plugins\/seo\/ -->\n<title>Cuando solo se puede ver lo malo en los dem\u00e1s - MI BLOG<\/title>\n<meta name=\"robots\" content=\"index, follow, max-snippet:-1, max-image-preview:large, max-video-preview:-1\" \/>\n<link rel=\"canonical\" href=\"https:\/\/viniciojarquin.com\/blog\/cuando-solo-se-puede-ver-lo-malo-en-los-demas\/\" \/>\n<meta property=\"og:locale\" content=\"es_ES\" \/>\n<meta property=\"og:type\" content=\"article\" \/>\n<meta property=\"og:title\" content=\"Cuando solo se puede ver lo malo en los dem\u00e1s - MI BLOG\" \/>\n<meta property=\"og:description\" content=\"Hay una forma particular de ceguera que no tiene que ver con los ojos, sino con la conciencia. Es la [&hellip;]\" \/>\n<meta property=\"og:url\" content=\"https:\/\/viniciojarquin.com\/blog\/cuando-solo-se-puede-ver-lo-malo-en-los-demas\/\" \/>\n<meta property=\"og:site_name\" content=\"MI BLOG\" \/>\n<meta property=\"article:publisher\" content=\"https:\/\/www.facebook.com\/vinicio.jarquin\" \/>\n<meta property=\"article:author\" content=\"https:\/\/www.facebook.com\/vinicio.jarquin\" \/>\n<meta property=\"article:published_time\" content=\"2025-12-17T03:08:22+00:00\" \/>\n<meta property=\"article:modified_time\" content=\"2025-12-17T03:08:25+00:00\" \/>\n<meta property=\"og:image\" content=\"https:\/\/viniciojarquin.com\/blog\/wp-content\/uploads\/2025\/12\/Articulo.jpg\" \/>\n\t<meta property=\"og:image:width\" content=\"800\" \/>\n\t<meta property=\"og:image:height\" content=\"500\" \/>\n\t<meta property=\"og:image:type\" content=\"image\/jpeg\" \/>\n<meta name=\"author\" content=\"Vinicio Jarqu\u00edn\" \/>\n<meta name=\"twitter:card\" content=\"summary_large_image\" \/>\n<meta name=\"twitter:label1\" content=\"Escrito por\" \/>\n\t<meta name=\"twitter:data1\" content=\"Vinicio Jarqu\u00edn\" \/>\n\t<meta name=\"twitter:label2\" content=\"Tiempo de lectura\" \/>\n\t<meta name=\"twitter:data2\" content=\"4 minutos\" \/>\n<script type=\"application\/ld+json\" class=\"yoast-schema-graph\">{\"@context\":\"https:\/\/schema.org\",\"@graph\":[{\"@type\":\"Article\",\"@id\":\"https:\/\/viniciojarquin.com\/blog\/cuando-solo-se-puede-ver-lo-malo-en-los-demas\/#article\",\"isPartOf\":{\"@id\":\"https:\/\/viniciojarquin.com\/blog\/cuando-solo-se-puede-ver-lo-malo-en-los-demas\/\"},\"author\":{\"name\":\"Vinicio Jarqu\u00edn\",\"@id\":\"https:\/\/viniciojarquin.com\/blog\/#\/schema\/person\/90100c8845ae55462ec0657d3d2f8d3b\"},\"headline\":\"Cuando solo se puede ver lo malo en los dem\u00e1s\",\"datePublished\":\"2025-12-17T03:08:22+00:00\",\"dateModified\":\"2025-12-17T03:08:25+00:00\",\"mainEntityOfPage\":{\"@id\":\"https:\/\/viniciojarquin.com\/blog\/cuando-solo-se-puede-ver-lo-malo-en-los-demas\/\"},\"wordCount\":666,\"commentCount\":0,\"publisher\":{\"@id\":\"https:\/\/viniciojarquin.com\/blog\/#\/schema\/person\/90100c8845ae55462ec0657d3d2f8d3b\"},\"image\":{\"@id\":\"https:\/\/viniciojarquin.com\/blog\/cuando-solo-se-puede-ver-lo-malo-en-los-demas\/#primaryimage\"},\"thumbnailUrl\":\"https:\/\/viniciojarquin.com\/blog\/wp-content\/uploads\/2025\/12\/Articulo.jpg\",\"articleSection\":[\"Elecciones 2026\"],\"inLanguage\":\"es\",\"potentialAction\":[{\"@type\":\"CommentAction\",\"name\":\"Comment\",\"target\":[\"https:\/\/viniciojarquin.com\/blog\/cuando-solo-se-puede-ver-lo-malo-en-los-demas\/#respond\"]}]},{\"@type\":\"WebPage\",\"@id\":\"https:\/\/viniciojarquin.com\/blog\/cuando-solo-se-puede-ver-lo-malo-en-los-demas\/\",\"url\":\"https:\/\/viniciojarquin.com\/blog\/cuando-solo-se-puede-ver-lo-malo-en-los-demas\/\",\"name\":\"Cuando solo se puede ver lo malo en los dem\u00e1s - MI BLOG\",\"isPartOf\":{\"@id\":\"https:\/\/viniciojarquin.com\/blog\/#website\"},\"primaryImageOfPage\":{\"@id\":\"https:\/\/viniciojarquin.com\/blog\/cuando-solo-se-puede-ver-lo-malo-en-los-demas\/#primaryimage\"},\"image\":{\"@id\":\"https:\/\/viniciojarquin.com\/blog\/cuando-solo-se-puede-ver-lo-malo-en-los-demas\/#primaryimage\"},\"thumbnailUrl\":\"https:\/\/viniciojarquin.com\/blog\/wp-content\/uploads\/2025\/12\/Articulo.jpg\",\"datePublished\":\"2025-12-17T03:08:22+00:00\",\"dateModified\":\"2025-12-17T03:08:25+00:00\",\"breadcrumb\":{\"@id\":\"https:\/\/viniciojarquin.com\/blog\/cuando-solo-se-puede-ver-lo-malo-en-los-demas\/#breadcrumb\"},\"inLanguage\":\"es\",\"potentialAction\":[{\"@type\":\"ReadAction\",\"target\":[\"https:\/\/viniciojarquin.com\/blog\/cuando-solo-se-puede-ver-lo-malo-en-los-demas\/\"]}]},{\"@type\":\"ImageObject\",\"inLanguage\":\"es\",\"@id\":\"https:\/\/viniciojarquin.com\/blog\/cuando-solo-se-puede-ver-lo-malo-en-los-demas\/#primaryimage\",\"url\":\"https:\/\/viniciojarquin.com\/blog\/wp-content\/uploads\/2025\/12\/Articulo.jpg\",\"contentUrl\":\"https:\/\/viniciojarquin.com\/blog\/wp-content\/uploads\/2025\/12\/Articulo.jpg\",\"width\":800,\"height\":500},{\"@type\":\"BreadcrumbList\",\"@id\":\"https:\/\/viniciojarquin.com\/blog\/cuando-solo-se-puede-ver-lo-malo-en-los-demas\/#breadcrumb\",\"itemListElement\":[{\"@type\":\"ListItem\",\"position\":1,\"name\":\"Portada\",\"item\":\"https:\/\/viniciojarquin.com\/blog\/\"},{\"@type\":\"ListItem\",\"position\":2,\"name\":\"Cuando solo se puede ver lo malo en los dem\u00e1s\"}]},{\"@type\":\"WebSite\",\"@id\":\"https:\/\/viniciojarquin.com\/blog\/#website\",\"url\":\"https:\/\/viniciojarquin.com\/blog\/\",\"name\":\"Vinicio Jarqu\u00edn BLOG\",\"description\":\"\",\"publisher\":{\"@id\":\"https:\/\/viniciojarquin.com\/blog\/#\/schema\/person\/90100c8845ae55462ec0657d3d2f8d3b\"},\"potentialAction\":[{\"@type\":\"SearchAction\",\"target\":{\"@type\":\"EntryPoint\",\"urlTemplate\":\"https:\/\/viniciojarquin.com\/blog\/?s={search_term_string}\"},\"query-input\":{\"@type\":\"PropertyValueSpecification\",\"valueRequired\":true,\"valueName\":\"search_term_string\"}}],\"inLanguage\":\"es\"},{\"@type\":[\"Person\",\"Organization\"],\"@id\":\"https:\/\/viniciojarquin.com\/blog\/#\/schema\/person\/90100c8845ae55462ec0657d3d2f8d3b\",\"name\":\"Vinicio Jarqu\u00edn\",\"image\":{\"@type\":\"ImageObject\",\"inLanguage\":\"es\",\"@id\":\"https:\/\/viniciojarquin.com\/blog\/#\/schema\/person\/image\/\",\"url\":\"https:\/\/viniciojarquin.com\/blog\/wp-content\/uploads\/2024\/10\/Logo-VinicioJarquin-original-400.png\",\"contentUrl\":\"https:\/\/viniciojarquin.com\/blog\/wp-content\/uploads\/2024\/10\/Logo-VinicioJarquin-original-400.png\",\"width\":400,\"height\":130,\"caption\":\"Vinicio Jarqu\u00edn\"},\"logo\":{\"@id\":\"https:\/\/viniciojarquin.com\/blog\/#\/schema\/person\/image\/\"},\"description\":\"Empresario textil, artista pl\u00e1stico, escritor, coach de vida y fot\u00f3grafo.\",\"sameAs\":[\"https:\/\/viniciojarquin.com\/blog\",\"https:\/\/www.facebook.com\/vinicio.jarquin\",\"https:\/\/www.instagram.com\/vinicio_jarquin\/\",\"https:\/\/www.pinterest.com\/vinnyjc\/\",\"https:\/\/www.youtube.com\/@VinicioJarquin\"],\"url\":\"https:\/\/viniciojarquin.com\/blog\/author\/admin_s02au25i\/\"}]}<\/script>\n<!-- \/ Yoast SEO plugin. -->","yoast_head_json":{"title":"Cuando solo se puede ver lo malo en los dem\u00e1s - MI BLOG","robots":{"index":"index","follow":"follow","max-snippet":"max-snippet:-1","max-image-preview":"max-image-preview:large","max-video-preview":"max-video-preview:-1"},"canonical":"https:\/\/viniciojarquin.com\/blog\/cuando-solo-se-puede-ver-lo-malo-en-los-demas\/","og_locale":"es_ES","og_type":"article","og_title":"Cuando solo se puede ver lo malo en los dem\u00e1s - MI BLOG","og_description":"Hay una forma particular de ceguera que no tiene que ver con los ojos, sino con la conciencia. Es la [&hellip;]","og_url":"https:\/\/viniciojarquin.com\/blog\/cuando-solo-se-puede-ver-lo-malo-en-los-demas\/","og_site_name":"MI BLOG","article_publisher":"https:\/\/www.facebook.com\/vinicio.jarquin","article_author":"https:\/\/www.facebook.com\/vinicio.jarquin","article_published_time":"2025-12-17T03:08:22+00:00","article_modified_time":"2025-12-17T03:08:25+00:00","og_image":[{"width":800,"height":500,"url":"https:\/\/viniciojarquin.com\/blog\/wp-content\/uploads\/2025\/12\/Articulo.jpg","type":"image\/jpeg"}],"author":"Vinicio Jarqu\u00edn","twitter_card":"summary_large_image","twitter_misc":{"Escrito por":"Vinicio Jarqu\u00edn","Tiempo de lectura":"4 minutos"},"schema":{"@context":"https:\/\/schema.org","@graph":[{"@type":"Article","@id":"https:\/\/viniciojarquin.com\/blog\/cuando-solo-se-puede-ver-lo-malo-en-los-demas\/#article","isPartOf":{"@id":"https:\/\/viniciojarquin.com\/blog\/cuando-solo-se-puede-ver-lo-malo-en-los-demas\/"},"author":{"name":"Vinicio Jarqu\u00edn","@id":"https:\/\/viniciojarquin.com\/blog\/#\/schema\/person\/90100c8845ae55462ec0657d3d2f8d3b"},"headline":"Cuando solo se puede ver lo malo en los dem\u00e1s","datePublished":"2025-12-17T03:08:22+00:00","dateModified":"2025-12-17T03:08:25+00:00","mainEntityOfPage":{"@id":"https:\/\/viniciojarquin.com\/blog\/cuando-solo-se-puede-ver-lo-malo-en-los-demas\/"},"wordCount":666,"commentCount":0,"publisher":{"@id":"https:\/\/viniciojarquin.com\/blog\/#\/schema\/person\/90100c8845ae55462ec0657d3d2f8d3b"},"image":{"@id":"https:\/\/viniciojarquin.com\/blog\/cuando-solo-se-puede-ver-lo-malo-en-los-demas\/#primaryimage"},"thumbnailUrl":"https:\/\/viniciojarquin.com\/blog\/wp-content\/uploads\/2025\/12\/Articulo.jpg","articleSection":["Elecciones 2026"],"inLanguage":"es","potentialAction":[{"@type":"CommentAction","name":"Comment","target":["https:\/\/viniciojarquin.com\/blog\/cuando-solo-se-puede-ver-lo-malo-en-los-demas\/#respond"]}]},{"@type":"WebPage","@id":"https:\/\/viniciojarquin.com\/blog\/cuando-solo-se-puede-ver-lo-malo-en-los-demas\/","url":"https:\/\/viniciojarquin.com\/blog\/cuando-solo-se-puede-ver-lo-malo-en-los-demas\/","name":"Cuando solo se puede ver lo malo en los dem\u00e1s - MI BLOG","isPartOf":{"@id":"https:\/\/viniciojarquin.com\/blog\/#website"},"primaryImageOfPage":{"@id":"https:\/\/viniciojarquin.com\/blog\/cuando-solo-se-puede-ver-lo-malo-en-los-demas\/#primaryimage"},"image":{"@id":"https:\/\/viniciojarquin.com\/blog\/cuando-solo-se-puede-ver-lo-malo-en-los-demas\/#primaryimage"},"thumbnailUrl":"https:\/\/viniciojarquin.com\/blog\/wp-content\/uploads\/2025\/12\/Articulo.jpg","datePublished":"2025-12-17T03:08:22+00:00","dateModified":"2025-12-17T03:08:25+00:00","breadcrumb":{"@id":"https:\/\/viniciojarquin.com\/blog\/cuando-solo-se-puede-ver-lo-malo-en-los-demas\/#breadcrumb"},"inLanguage":"es","potentialAction":[{"@type":"ReadAction","target":["https:\/\/viniciojarquin.com\/blog\/cuando-solo-se-puede-ver-lo-malo-en-los-demas\/"]}]},{"@type":"ImageObject","inLanguage":"es","@id":"https:\/\/viniciojarquin.com\/blog\/cuando-solo-se-puede-ver-lo-malo-en-los-demas\/#primaryimage","url":"https:\/\/viniciojarquin.com\/blog\/wp-content\/uploads\/2025\/12\/Articulo.jpg","contentUrl":"https:\/\/viniciojarquin.com\/blog\/wp-content\/uploads\/2025\/12\/Articulo.jpg","width":800,"height":500},{"@type":"BreadcrumbList","@id":"https:\/\/viniciojarquin.com\/blog\/cuando-solo-se-puede-ver-lo-malo-en-los-demas\/#breadcrumb","itemListElement":[{"@type":"ListItem","position":1,"name":"Portada","item":"https:\/\/viniciojarquin.com\/blog\/"},{"@type":"ListItem","position":2,"name":"Cuando solo se puede ver lo malo en los dem\u00e1s"}]},{"@type":"WebSite","@id":"https:\/\/viniciojarquin.com\/blog\/#website","url":"https:\/\/viniciojarquin.com\/blog\/","name":"Vinicio Jarqu\u00edn BLOG","description":"","publisher":{"@id":"https:\/\/viniciojarquin.com\/blog\/#\/schema\/person\/90100c8845ae55462ec0657d3d2f8d3b"},"potentialAction":[{"@type":"SearchAction","target":{"@type":"EntryPoint","urlTemplate":"https:\/\/viniciojarquin.com\/blog\/?s={search_term_string}"},"query-input":{"@type":"PropertyValueSpecification","valueRequired":true,"valueName":"search_term_string"}}],"inLanguage":"es"},{"@type":["Person","Organization"],"@id":"https:\/\/viniciojarquin.com\/blog\/#\/schema\/person\/90100c8845ae55462ec0657d3d2f8d3b","name":"Vinicio Jarqu\u00edn","image":{"@type":"ImageObject","inLanguage":"es","@id":"https:\/\/viniciojarquin.com\/blog\/#\/schema\/person\/image\/","url":"https:\/\/viniciojarquin.com\/blog\/wp-content\/uploads\/2024\/10\/Logo-VinicioJarquin-original-400.png","contentUrl":"https:\/\/viniciojarquin.com\/blog\/wp-content\/uploads\/2024\/10\/Logo-VinicioJarquin-original-400.png","width":400,"height":130,"caption":"Vinicio Jarqu\u00edn"},"logo":{"@id":"https:\/\/viniciojarquin.com\/blog\/#\/schema\/person\/image\/"},"description":"Empresario textil, artista pl\u00e1stico, escritor, coach de vida y fot\u00f3grafo.","sameAs":["https:\/\/viniciojarquin.com\/blog","https:\/\/www.facebook.com\/vinicio.jarquin","https:\/\/www.instagram.com\/vinicio_jarquin\/","https:\/\/www.pinterest.com\/vinnyjc\/","https:\/\/www.youtube.com\/@VinicioJarquin"],"url":"https:\/\/viniciojarquin.com\/blog\/author\/admin_s02au25i\/"}]}},"blog_post_layout_featured_media_urls":{"thumbnail":["https:\/\/viniciojarquin.com\/blog\/wp-content\/uploads\/2025\/12\/Articulo-150x150.jpg",150,150,true],"full":["https:\/\/viniciojarquin.com\/blog\/wp-content\/uploads\/2025\/12\/Articulo.jpg",800,500,false]},"categories_names":{"17":{"name":"Elecciones 2026","link":"https:\/\/viniciojarquin.com\/blog\/category\/elecciones-2026\/"}},"tags_names":[],"comments_number":"0","_links":{"self":[{"href":"https:\/\/viniciojarquin.com\/blog\/wp-json\/wp\/v2\/posts\/1911","targetHints":{"allow":["GET"]}}],"collection":[{"href":"https:\/\/viniciojarquin.com\/blog\/wp-json\/wp\/v2\/posts"}],"about":[{"href":"https:\/\/viniciojarquin.com\/blog\/wp-json\/wp\/v2\/types\/post"}],"author":[{"embeddable":true,"href":"https:\/\/viniciojarquin.com\/blog\/wp-json\/wp\/v2\/users\/1"}],"replies":[{"embeddable":true,"href":"https:\/\/viniciojarquin.com\/blog\/wp-json\/wp\/v2\/comments?post=1911"}],"version-history":[{"count":1,"href":"https:\/\/viniciojarquin.com\/blog\/wp-json\/wp\/v2\/posts\/1911\/revisions"}],"predecessor-version":[{"id":1914,"href":"https:\/\/viniciojarquin.com\/blog\/wp-json\/wp\/v2\/posts\/1911\/revisions\/1914"}],"wp:featuredmedia":[{"embeddable":true,"href":"https:\/\/viniciojarquin.com\/blog\/wp-json\/wp\/v2\/media\/1753"}],"wp:attachment":[{"href":"https:\/\/viniciojarquin.com\/blog\/wp-json\/wp\/v2\/media?parent=1911"}],"wp:term":[{"taxonomy":"category","embeddable":true,"href":"https:\/\/viniciojarquin.com\/blog\/wp-json\/wp\/v2\/categories?post=1911"},{"taxonomy":"post_tag","embeddable":true,"href":"https:\/\/viniciojarquin.com\/blog\/wp-json\/wp\/v2\/tags?post=1911"}],"curies":[{"name":"wp","href":"https:\/\/api.w.org\/{rel}","templated":true}]}}