{"id":1912,"date":"2025-12-17T03:08:15","date_gmt":"2025-12-17T03:08:15","guid":{"rendered":"https:\/\/viniciojarquin.com\/blog\/?p=1912"},"modified":"2025-12-17T03:08:19","modified_gmt":"2025-12-17T03:08:19","slug":"escuchar-ideas-sin-necesitar-estar-de-acuerdo-con-quien-las-dice","status":"publish","type":"post","link":"https:\/\/viniciojarquin.com\/blog\/escuchar-ideas-sin-necesitar-estar-de-acuerdo-con-quien-las-dice\/","title":{"rendered":"Escuchar ideas sin necesitar estar de acuerdo con quien las dice"},"content":{"rendered":"\n<p>Hay una habilidad que dice mucho de la madurez de una persona, y no tiene que ver con inteligencia acad\u00e9mica ni con t\u00edtulos. Tiene que ver con algo m\u00e1s simple y, al mismo tiempo, m\u00e1s escaso: la capacidad de escuchar una idea sin que importe demasiado qui\u00e9n la est\u00e1 diciendo.<\/p>\n\n\n\n<p>Escuchar de verdad. No para responder r\u00e1pido. No para descalificar. No para buscar el error del otro. Escuchar para entender qu\u00e9 se est\u00e1 planteando, aunque no coincida con lo que t\u00fa piensas, aunque venga de alguien con quien no simpatizas, aunque no te caiga bien.<\/p>\n\n\n\n<p>Eso no es debilidad. Eso es criterio propio.<\/p>\n\n\n\n<p>Vivimos tiempos en los que muchas personas ya no eval\u00faan ideas, sino emisores. No preguntan si algo es cierto, sensato o razonable, sino si viene del \u201clado correcto\u201d. Si la frase la dice alguien en quien creen, la aceptan sin analizarla demasiado. Si la dice alguien en quien no creen, la rechazan de inmediato, incluso antes de escucharla completa.<\/p>\n\n\n\n<p>Ah\u00ed se pierde algo importante: la posibilidad de pensar.<\/p>\n\n\n\n<p>Porque una idea no se vuelve falsa por el simple hecho de que no te guste quien la expresa. Y una idea no se vuelve verdadera solo porque venga de alguien a quien admiras. Las ideas, las verdades, las propuestas, deber\u00edan sostenerse por s\u00ed mismas, no por la identidad del mensajero.<\/p>\n\n\n\n<p>Escuchar no obliga a estar de acuerdo.<\/p>\n\n\n\n<p>Entender no significa rendirse.<\/p>\n\n\n\n<p>Analizar no implica traicionarte.<\/p>\n\n\n\n<p>Significa que conf\u00edas lo suficiente en tu criterio como para exponerte a otras miradas sin miedo a perderte. Significa que no necesitas protegerte de todo lo que incomoda, porque sabes qui\u00e9n eres y desde d\u00f3nde decides.<\/p>\n\n\n\n<p>Cuando una sociedad deja de escuchar ideas y empieza a escuchar bandos, algo se empobrece. Se achica el di\u00e1logo. Se endurecen las posiciones. Y poco a poco, la conversaci\u00f3n se vuelve imposible, no porque falten palabras, sino porque sobra desconfianza.<\/p>\n\n\n\n<p>Escuchar una idea no es darle la raz\u00f3n. Es darle una oportunidad a tu propia conciencia de evaluar, contrastar y decidir. Es permitirte pensar sin consignas, sin lealtades ciegas, sin necesidad de descalificar para sentirte seguro.<\/p>\n\n\n\n<p>Tal vez por eso escuchar se volvi\u00f3 tan dif\u00edcil. Porque escuchar exige pausa. Exige bajar el volumen interno. Exige tolerar la incomodidad de que el otro, a veces, diga algo que tiene sentido\u2026 incluso si no te gusta qui\u00e9n es.<\/p>\n\n\n\n<p>Y ah\u00ed aparece una pregunta honesta:<\/p>\n\n\n\n<p>\u00bfest\u00e1s rechazando esa idea porque no es v\u00e1lida, o porque no viene de quien t\u00fa quisieras?<\/p>\n\n\n\n<p>Aprender a separar el mensaje del mensajero no te quita identidad. Te la devuelve. Te permite salir del reflejo autom\u00e1tico y entrar en el terreno de la elecci\u00f3n consciente. Te permite disentir con respeto, acordar sin rendirte y mantener la dignidad del di\u00e1logo incluso en la diferencia.<\/p>\n\n\n\n<p>Un pa\u00eds que sabe escuchar ideas, aunque no est\u00e9 de acuerdo con todas, es un pa\u00eds que todav\u00eda puede conversar. Y un pa\u00eds que todav\u00eda conversa, todav\u00eda puede cuidarse.<\/p>\n\n\n\n<p>Escuchar no te obliga a cambiar de opini\u00f3n.<\/p>\n\n\n\n<p>Pero negarte a escuchar s\u00ed te condena a no pensar.<\/p>\n\n\n\n<p>Y pensar, incluso cuando incomoda, sigue siendo una de las formas m\u00e1s profundas de libertad.<\/p>\n\n\n\n<figure class=\"wp-block-image size-full\"><img decoding=\"async\" width=\"800\" height=\"500\" data-src=\"https:\/\/viniciojarquin.com\/blog\/wp-content\/uploads\/2025\/12\/Articulo.jpg\" alt=\"\" class=\"wp-image-1753 lazyload\" data-srcset=\"https:\/\/viniciojarquin.com\/blog\/wp-content\/uploads\/2025\/12\/Articulo.jpg 800w, https:\/\/viniciojarquin.com\/blog\/wp-content\/uploads\/2025\/12\/Articulo-300x188.jpg 300w, https:\/\/viniciojarquin.com\/blog\/wp-content\/uploads\/2025\/12\/Articulo-768x480.jpg 768w\" data-sizes=\"(max-width: 800px) 100vw, 800px\" src=\"data:image\/svg+xml;base64,PHN2ZyB3aWR0aD0iMSIgaGVpZ2h0PSIxIiB4bWxucz0iaHR0cDovL3d3dy53My5vcmcvMjAwMC9zdmciPjwvc3ZnPg==\" style=\"--smush-placeholder-width: 800px; --smush-placeholder-aspect-ratio: 800\/500;\" \/><\/figure>\n","protected":false},"excerpt":{"rendered":"<p>Hay una habilidad que dice mucho de la madurez de una persona, y no tiene que ver con inteligencia acad\u00e9mica [&hellip;]<\/p>\n","protected":false},"author":1,"featured_media":1753,"comment_status":"open","ping_status":"open","sticky":false,"template":"","format":"standard","meta":{"site-sidebar-layout":"default","site-content-layout":"","ast-site-content-layout":"","site-content-style":"default","site-sidebar-style":"default","ast-global-header-display":"","ast-banner-title-visibility":"","ast-main-header-display":"","ast-hfb-above-header-display":"","ast-hfb-below-header-display":"","ast-hfb-mobile-header-display":"","site-post-title":"","ast-breadcrumbs-content":"","ast-featured-img":"","footer-sml-layout":"","theme-transparent-header-meta":"","adv-header-id-meta":"","stick-header-meta":"","header-above-stick-meta":"","header-main-stick-meta":"","header-below-stick-meta":"","astra-migrate-meta-layouts":"default","ast-page-background-enabled":"default","ast-page-background-meta":{"desktop":{"background-color":"var(--ast-global-color-5)","background-image":"","background-repeat":"repeat","background-position":"center center","background-size":"auto","background-attachment":"scroll","background-type":"","background-media":"","overlay-type":"","overlay-color":"","overlay-opacity":"","overlay-gradient":""},"tablet":{"background-color":"","background-image":"","background-repeat":"repeat","background-position":"center center","background-size":"auto","background-attachment":"scroll","background-type":"","background-media":"","overlay-type":"","overlay-color":"","overlay-opacity":"","overlay-gradient":""},"mobile":{"background-color":"","background-image":"","background-repeat":"repeat","background-position":"center center","background-size":"auto","background-attachment":"scroll","background-type":"","background-media":"","overlay-type":"","overlay-color":"","overlay-opacity":"","overlay-gradient":""}},"ast-content-background-meta":{"desktop":{"background-color":"var(--ast-global-color-4)","background-image":"","background-repeat":"repeat","background-position":"center center","background-size":"auto","background-attachment":"scroll","background-type":"","background-media":"","overlay-type":"","overlay-color":"","overlay-opacity":"","overlay-gradient":""},"tablet":{"background-color":"var(--ast-global-color-4)","background-image":"","background-repeat":"repeat","background-position":"center center","background-size":"auto","background-attachment":"scroll","background-type":"","background-media":"","overlay-type":"","overlay-color":"","overlay-opacity":"","overlay-gradient":""},"mobile":{"background-color":"var(--ast-global-color-4)","background-image":"","background-repeat":"repeat","background-position":"center center","background-size":"auto","background-attachment":"scroll","background-type":"","background-media":"","overlay-type":"","overlay-color":"","overlay-opacity":"","overlay-gradient":""}},"footnotes":""},"categories":[17],"tags":[],"class_list":["post-1912","post","type-post","status-publish","format-standard","has-post-thumbnail","hentry","category-elecciones-2026"],"yoast_head":"<!-- This site is optimized with the Yoast SEO plugin v26.0 - https:\/\/yoast.com\/wordpress\/plugins\/seo\/ -->\n<title>Escuchar ideas sin necesitar estar de acuerdo con quien las dice - MI BLOG<\/title>\n<meta name=\"robots\" content=\"index, follow, max-snippet:-1, max-image-preview:large, max-video-preview:-1\" \/>\n<link rel=\"canonical\" href=\"https:\/\/viniciojarquin.com\/blog\/escuchar-ideas-sin-necesitar-estar-de-acuerdo-con-quien-las-dice\/\" \/>\n<meta property=\"og:locale\" content=\"es_ES\" \/>\n<meta property=\"og:type\" content=\"article\" \/>\n<meta property=\"og:title\" content=\"Escuchar ideas sin necesitar estar de acuerdo con quien las dice - MI BLOG\" \/>\n<meta property=\"og:description\" content=\"Hay una habilidad que dice mucho de la madurez de una persona, y no tiene que ver con inteligencia acad\u00e9mica [&hellip;]\" \/>\n<meta property=\"og:url\" content=\"https:\/\/viniciojarquin.com\/blog\/escuchar-ideas-sin-necesitar-estar-de-acuerdo-con-quien-las-dice\/\" \/>\n<meta property=\"og:site_name\" content=\"MI BLOG\" \/>\n<meta property=\"article:publisher\" content=\"https:\/\/www.facebook.com\/vinicio.jarquin\" \/>\n<meta property=\"article:author\" content=\"https:\/\/www.facebook.com\/vinicio.jarquin\" \/>\n<meta property=\"article:published_time\" content=\"2025-12-17T03:08:15+00:00\" \/>\n<meta property=\"article:modified_time\" content=\"2025-12-17T03:08:19+00:00\" \/>\n<meta property=\"og:image\" content=\"https:\/\/viniciojarquin.com\/blog\/wp-content\/uploads\/2025\/12\/Articulo.jpg\" \/>\n\t<meta property=\"og:image:width\" content=\"800\" \/>\n\t<meta property=\"og:image:height\" content=\"500\" \/>\n\t<meta property=\"og:image:type\" content=\"image\/jpeg\" \/>\n<meta name=\"author\" content=\"Vinicio Jarqu\u00edn\" \/>\n<meta name=\"twitter:card\" content=\"summary_large_image\" \/>\n<meta name=\"twitter:label1\" content=\"Escrito por\" \/>\n\t<meta name=\"twitter:data1\" content=\"Vinicio Jarqu\u00edn\" \/>\n\t<meta name=\"twitter:label2\" content=\"Tiempo de lectura\" \/>\n\t<meta name=\"twitter:data2\" content=\"3 minutos\" \/>\n<script type=\"application\/ld+json\" class=\"yoast-schema-graph\">{\"@context\":\"https:\/\/schema.org\",\"@graph\":[{\"@type\":\"Article\",\"@id\":\"https:\/\/viniciojarquin.com\/blog\/escuchar-ideas-sin-necesitar-estar-de-acuerdo-con-quien-las-dice\/#article\",\"isPartOf\":{\"@id\":\"https:\/\/viniciojarquin.com\/blog\/escuchar-ideas-sin-necesitar-estar-de-acuerdo-con-quien-las-dice\/\"},\"author\":{\"name\":\"Vinicio Jarqu\u00edn\",\"@id\":\"https:\/\/viniciojarquin.com\/blog\/#\/schema\/person\/90100c8845ae55462ec0657d3d2f8d3b\"},\"headline\":\"Escuchar ideas sin necesitar estar de acuerdo con quien las dice\",\"datePublished\":\"2025-12-17T03:08:15+00:00\",\"dateModified\":\"2025-12-17T03:08:19+00:00\",\"mainEntityOfPage\":{\"@id\":\"https:\/\/viniciojarquin.com\/blog\/escuchar-ideas-sin-necesitar-estar-de-acuerdo-con-quien-las-dice\/\"},\"wordCount\":560,\"commentCount\":0,\"publisher\":{\"@id\":\"https:\/\/viniciojarquin.com\/blog\/#\/schema\/person\/90100c8845ae55462ec0657d3d2f8d3b\"},\"image\":{\"@id\":\"https:\/\/viniciojarquin.com\/blog\/escuchar-ideas-sin-necesitar-estar-de-acuerdo-con-quien-las-dice\/#primaryimage\"},\"thumbnailUrl\":\"https:\/\/viniciojarquin.com\/blog\/wp-content\/uploads\/2025\/12\/Articulo.jpg\",\"articleSection\":[\"Elecciones 2026\"],\"inLanguage\":\"es\",\"potentialAction\":[{\"@type\":\"CommentAction\",\"name\":\"Comment\",\"target\":[\"https:\/\/viniciojarquin.com\/blog\/escuchar-ideas-sin-necesitar-estar-de-acuerdo-con-quien-las-dice\/#respond\"]}]},{\"@type\":\"WebPage\",\"@id\":\"https:\/\/viniciojarquin.com\/blog\/escuchar-ideas-sin-necesitar-estar-de-acuerdo-con-quien-las-dice\/\",\"url\":\"https:\/\/viniciojarquin.com\/blog\/escuchar-ideas-sin-necesitar-estar-de-acuerdo-con-quien-las-dice\/\",\"name\":\"Escuchar ideas sin necesitar estar de acuerdo con quien las dice - MI BLOG\",\"isPartOf\":{\"@id\":\"https:\/\/viniciojarquin.com\/blog\/#website\"},\"primaryImageOfPage\":{\"@id\":\"https:\/\/viniciojarquin.com\/blog\/escuchar-ideas-sin-necesitar-estar-de-acuerdo-con-quien-las-dice\/#primaryimage\"},\"image\":{\"@id\":\"https:\/\/viniciojarquin.com\/blog\/escuchar-ideas-sin-necesitar-estar-de-acuerdo-con-quien-las-dice\/#primaryimage\"},\"thumbnailUrl\":\"https:\/\/viniciojarquin.com\/blog\/wp-content\/uploads\/2025\/12\/Articulo.jpg\",\"datePublished\":\"2025-12-17T03:08:15+00:00\",\"dateModified\":\"2025-12-17T03:08:19+00:00\",\"breadcrumb\":{\"@id\":\"https:\/\/viniciojarquin.com\/blog\/escuchar-ideas-sin-necesitar-estar-de-acuerdo-con-quien-las-dice\/#breadcrumb\"},\"inLanguage\":\"es\",\"potentialAction\":[{\"@type\":\"ReadAction\",\"target\":[\"https:\/\/viniciojarquin.com\/blog\/escuchar-ideas-sin-necesitar-estar-de-acuerdo-con-quien-las-dice\/\"]}]},{\"@type\":\"ImageObject\",\"inLanguage\":\"es\",\"@id\":\"https:\/\/viniciojarquin.com\/blog\/escuchar-ideas-sin-necesitar-estar-de-acuerdo-con-quien-las-dice\/#primaryimage\",\"url\":\"https:\/\/viniciojarquin.com\/blog\/wp-content\/uploads\/2025\/12\/Articulo.jpg\",\"contentUrl\":\"https:\/\/viniciojarquin.com\/blog\/wp-content\/uploads\/2025\/12\/Articulo.jpg\",\"width\":800,\"height\":500},{\"@type\":\"BreadcrumbList\",\"@id\":\"https:\/\/viniciojarquin.com\/blog\/escuchar-ideas-sin-necesitar-estar-de-acuerdo-con-quien-las-dice\/#breadcrumb\",\"itemListElement\":[{\"@type\":\"ListItem\",\"position\":1,\"name\":\"Portada\",\"item\":\"https:\/\/viniciojarquin.com\/blog\/\"},{\"@type\":\"ListItem\",\"position\":2,\"name\":\"Escuchar ideas sin necesitar estar de acuerdo con quien las dice\"}]},{\"@type\":\"WebSite\",\"@id\":\"https:\/\/viniciojarquin.com\/blog\/#website\",\"url\":\"https:\/\/viniciojarquin.com\/blog\/\",\"name\":\"Vinicio Jarqu\u00edn BLOG\",\"description\":\"\",\"publisher\":{\"@id\":\"https:\/\/viniciojarquin.com\/blog\/#\/schema\/person\/90100c8845ae55462ec0657d3d2f8d3b\"},\"potentialAction\":[{\"@type\":\"SearchAction\",\"target\":{\"@type\":\"EntryPoint\",\"urlTemplate\":\"https:\/\/viniciojarquin.com\/blog\/?s={search_term_string}\"},\"query-input\":{\"@type\":\"PropertyValueSpecification\",\"valueRequired\":true,\"valueName\":\"search_term_string\"}}],\"inLanguage\":\"es\"},{\"@type\":[\"Person\",\"Organization\"],\"@id\":\"https:\/\/viniciojarquin.com\/blog\/#\/schema\/person\/90100c8845ae55462ec0657d3d2f8d3b\",\"name\":\"Vinicio Jarqu\u00edn\",\"image\":{\"@type\":\"ImageObject\",\"inLanguage\":\"es\",\"@id\":\"https:\/\/viniciojarquin.com\/blog\/#\/schema\/person\/image\/\",\"url\":\"https:\/\/viniciojarquin.com\/blog\/wp-content\/uploads\/2024\/10\/Logo-VinicioJarquin-original-400.png\",\"contentUrl\":\"https:\/\/viniciojarquin.com\/blog\/wp-content\/uploads\/2024\/10\/Logo-VinicioJarquin-original-400.png\",\"width\":400,\"height\":130,\"caption\":\"Vinicio Jarqu\u00edn\"},\"logo\":{\"@id\":\"https:\/\/viniciojarquin.com\/blog\/#\/schema\/person\/image\/\"},\"description\":\"Empresario textil, artista pl\u00e1stico, escritor, coach de vida y fot\u00f3grafo.\",\"sameAs\":[\"https:\/\/viniciojarquin.com\/blog\",\"https:\/\/www.facebook.com\/vinicio.jarquin\",\"https:\/\/www.instagram.com\/vinicio_jarquin\/\",\"https:\/\/www.pinterest.com\/vinnyjc\/\",\"https:\/\/www.youtube.com\/@VinicioJarquin\"],\"url\":\"https:\/\/viniciojarquin.com\/blog\/author\/admin_s02au25i\/\"}]}<\/script>\n<!-- \/ Yoast SEO plugin. -->","yoast_head_json":{"title":"Escuchar ideas sin necesitar estar de acuerdo con quien las dice - MI BLOG","robots":{"index":"index","follow":"follow","max-snippet":"max-snippet:-1","max-image-preview":"max-image-preview:large","max-video-preview":"max-video-preview:-1"},"canonical":"https:\/\/viniciojarquin.com\/blog\/escuchar-ideas-sin-necesitar-estar-de-acuerdo-con-quien-las-dice\/","og_locale":"es_ES","og_type":"article","og_title":"Escuchar ideas sin necesitar estar de acuerdo con quien las dice - MI BLOG","og_description":"Hay una habilidad que dice mucho de la madurez de una persona, y no tiene que ver con inteligencia acad\u00e9mica [&hellip;]","og_url":"https:\/\/viniciojarquin.com\/blog\/escuchar-ideas-sin-necesitar-estar-de-acuerdo-con-quien-las-dice\/","og_site_name":"MI BLOG","article_publisher":"https:\/\/www.facebook.com\/vinicio.jarquin","article_author":"https:\/\/www.facebook.com\/vinicio.jarquin","article_published_time":"2025-12-17T03:08:15+00:00","article_modified_time":"2025-12-17T03:08:19+00:00","og_image":[{"width":800,"height":500,"url":"https:\/\/viniciojarquin.com\/blog\/wp-content\/uploads\/2025\/12\/Articulo.jpg","type":"image\/jpeg"}],"author":"Vinicio Jarqu\u00edn","twitter_card":"summary_large_image","twitter_misc":{"Escrito por":"Vinicio Jarqu\u00edn","Tiempo de lectura":"3 minutos"},"schema":{"@context":"https:\/\/schema.org","@graph":[{"@type":"Article","@id":"https:\/\/viniciojarquin.com\/blog\/escuchar-ideas-sin-necesitar-estar-de-acuerdo-con-quien-las-dice\/#article","isPartOf":{"@id":"https:\/\/viniciojarquin.com\/blog\/escuchar-ideas-sin-necesitar-estar-de-acuerdo-con-quien-las-dice\/"},"author":{"name":"Vinicio Jarqu\u00edn","@id":"https:\/\/viniciojarquin.com\/blog\/#\/schema\/person\/90100c8845ae55462ec0657d3d2f8d3b"},"headline":"Escuchar ideas sin necesitar estar de acuerdo con quien las dice","datePublished":"2025-12-17T03:08:15+00:00","dateModified":"2025-12-17T03:08:19+00:00","mainEntityOfPage":{"@id":"https:\/\/viniciojarquin.com\/blog\/escuchar-ideas-sin-necesitar-estar-de-acuerdo-con-quien-las-dice\/"},"wordCount":560,"commentCount":0,"publisher":{"@id":"https:\/\/viniciojarquin.com\/blog\/#\/schema\/person\/90100c8845ae55462ec0657d3d2f8d3b"},"image":{"@id":"https:\/\/viniciojarquin.com\/blog\/escuchar-ideas-sin-necesitar-estar-de-acuerdo-con-quien-las-dice\/#primaryimage"},"thumbnailUrl":"https:\/\/viniciojarquin.com\/blog\/wp-content\/uploads\/2025\/12\/Articulo.jpg","articleSection":["Elecciones 2026"],"inLanguage":"es","potentialAction":[{"@type":"CommentAction","name":"Comment","target":["https:\/\/viniciojarquin.com\/blog\/escuchar-ideas-sin-necesitar-estar-de-acuerdo-con-quien-las-dice\/#respond"]}]},{"@type":"WebPage","@id":"https:\/\/viniciojarquin.com\/blog\/escuchar-ideas-sin-necesitar-estar-de-acuerdo-con-quien-las-dice\/","url":"https:\/\/viniciojarquin.com\/blog\/escuchar-ideas-sin-necesitar-estar-de-acuerdo-con-quien-las-dice\/","name":"Escuchar ideas sin necesitar estar de acuerdo con quien las dice - MI BLOG","isPartOf":{"@id":"https:\/\/viniciojarquin.com\/blog\/#website"},"primaryImageOfPage":{"@id":"https:\/\/viniciojarquin.com\/blog\/escuchar-ideas-sin-necesitar-estar-de-acuerdo-con-quien-las-dice\/#primaryimage"},"image":{"@id":"https:\/\/viniciojarquin.com\/blog\/escuchar-ideas-sin-necesitar-estar-de-acuerdo-con-quien-las-dice\/#primaryimage"},"thumbnailUrl":"https:\/\/viniciojarquin.com\/blog\/wp-content\/uploads\/2025\/12\/Articulo.jpg","datePublished":"2025-12-17T03:08:15+00:00","dateModified":"2025-12-17T03:08:19+00:00","breadcrumb":{"@id":"https:\/\/viniciojarquin.com\/blog\/escuchar-ideas-sin-necesitar-estar-de-acuerdo-con-quien-las-dice\/#breadcrumb"},"inLanguage":"es","potentialAction":[{"@type":"ReadAction","target":["https:\/\/viniciojarquin.com\/blog\/escuchar-ideas-sin-necesitar-estar-de-acuerdo-con-quien-las-dice\/"]}]},{"@type":"ImageObject","inLanguage":"es","@id":"https:\/\/viniciojarquin.com\/blog\/escuchar-ideas-sin-necesitar-estar-de-acuerdo-con-quien-las-dice\/#primaryimage","url":"https:\/\/viniciojarquin.com\/blog\/wp-content\/uploads\/2025\/12\/Articulo.jpg","contentUrl":"https:\/\/viniciojarquin.com\/blog\/wp-content\/uploads\/2025\/12\/Articulo.jpg","width":800,"height":500},{"@type":"BreadcrumbList","@id":"https:\/\/viniciojarquin.com\/blog\/escuchar-ideas-sin-necesitar-estar-de-acuerdo-con-quien-las-dice\/#breadcrumb","itemListElement":[{"@type":"ListItem","position":1,"name":"Portada","item":"https:\/\/viniciojarquin.com\/blog\/"},{"@type":"ListItem","position":2,"name":"Escuchar ideas sin necesitar estar de acuerdo con quien las dice"}]},{"@type":"WebSite","@id":"https:\/\/viniciojarquin.com\/blog\/#website","url":"https:\/\/viniciojarquin.com\/blog\/","name":"Vinicio Jarqu\u00edn BLOG","description":"","publisher":{"@id":"https:\/\/viniciojarquin.com\/blog\/#\/schema\/person\/90100c8845ae55462ec0657d3d2f8d3b"},"potentialAction":[{"@type":"SearchAction","target":{"@type":"EntryPoint","urlTemplate":"https:\/\/viniciojarquin.com\/blog\/?s={search_term_string}"},"query-input":{"@type":"PropertyValueSpecification","valueRequired":true,"valueName":"search_term_string"}}],"inLanguage":"es"},{"@type":["Person","Organization"],"@id":"https:\/\/viniciojarquin.com\/blog\/#\/schema\/person\/90100c8845ae55462ec0657d3d2f8d3b","name":"Vinicio Jarqu\u00edn","image":{"@type":"ImageObject","inLanguage":"es","@id":"https:\/\/viniciojarquin.com\/blog\/#\/schema\/person\/image\/","url":"https:\/\/viniciojarquin.com\/blog\/wp-content\/uploads\/2024\/10\/Logo-VinicioJarquin-original-400.png","contentUrl":"https:\/\/viniciojarquin.com\/blog\/wp-content\/uploads\/2024\/10\/Logo-VinicioJarquin-original-400.png","width":400,"height":130,"caption":"Vinicio Jarqu\u00edn"},"logo":{"@id":"https:\/\/viniciojarquin.com\/blog\/#\/schema\/person\/image\/"},"description":"Empresario textil, artista pl\u00e1stico, escritor, coach de vida y fot\u00f3grafo.","sameAs":["https:\/\/viniciojarquin.com\/blog","https:\/\/www.facebook.com\/vinicio.jarquin","https:\/\/www.instagram.com\/vinicio_jarquin\/","https:\/\/www.pinterest.com\/vinnyjc\/","https:\/\/www.youtube.com\/@VinicioJarquin"],"url":"https:\/\/viniciojarquin.com\/blog\/author\/admin_s02au25i\/"}]}},"blog_post_layout_featured_media_urls":{"thumbnail":["https:\/\/viniciojarquin.com\/blog\/wp-content\/uploads\/2025\/12\/Articulo-150x150.jpg",150,150,true],"full":["https:\/\/viniciojarquin.com\/blog\/wp-content\/uploads\/2025\/12\/Articulo.jpg",800,500,false]},"categories_names":{"17":{"name":"Elecciones 2026","link":"https:\/\/viniciojarquin.com\/blog\/category\/elecciones-2026\/"}},"tags_names":[],"comments_number":"0","_links":{"self":[{"href":"https:\/\/viniciojarquin.com\/blog\/wp-json\/wp\/v2\/posts\/1912","targetHints":{"allow":["GET"]}}],"collection":[{"href":"https:\/\/viniciojarquin.com\/blog\/wp-json\/wp\/v2\/posts"}],"about":[{"href":"https:\/\/viniciojarquin.com\/blog\/wp-json\/wp\/v2\/types\/post"}],"author":[{"embeddable":true,"href":"https:\/\/viniciojarquin.com\/blog\/wp-json\/wp\/v2\/users\/1"}],"replies":[{"embeddable":true,"href":"https:\/\/viniciojarquin.com\/blog\/wp-json\/wp\/v2\/comments?post=1912"}],"version-history":[{"count":1,"href":"https:\/\/viniciojarquin.com\/blog\/wp-json\/wp\/v2\/posts\/1912\/revisions"}],"predecessor-version":[{"id":1913,"href":"https:\/\/viniciojarquin.com\/blog\/wp-json\/wp\/v2\/posts\/1912\/revisions\/1913"}],"wp:featuredmedia":[{"embeddable":true,"href":"https:\/\/viniciojarquin.com\/blog\/wp-json\/wp\/v2\/media\/1753"}],"wp:attachment":[{"href":"https:\/\/viniciojarquin.com\/blog\/wp-json\/wp\/v2\/media?parent=1912"}],"wp:term":[{"taxonomy":"category","embeddable":true,"href":"https:\/\/viniciojarquin.com\/blog\/wp-json\/wp\/v2\/categories?post=1912"},{"taxonomy":"post_tag","embeddable":true,"href":"https:\/\/viniciojarquin.com\/blog\/wp-json\/wp\/v2\/tags?post=1912"}],"curies":[{"name":"wp","href":"https:\/\/api.w.org\/{rel}","templated":true}]}}