{"id":1924,"date":"2025-12-18T02:25:30","date_gmt":"2025-12-18T02:25:30","guid":{"rendered":"https:\/\/viniciojarquin.com\/blog\/?p=1924"},"modified":"2025-12-18T02:25:34","modified_gmt":"2025-12-18T02:25:34","slug":"cuando-una-investigacion-dice-mas-del-clima-que-de-los-hechos-2","status":"publish","type":"post","link":"https:\/\/viniciojarquin.com\/blog\/cuando-una-investigacion-dice-mas-del-clima-que-de-los-hechos-2\/","title":{"rendered":"Cuando una investigaci\u00f3n dice m\u00e1s del clima que de los hechos"},"content":{"rendered":"\n<p>Hace algunos d\u00edas, en una actividad p\u00fablica, el candidato del Partido Liberaci\u00f3n Nacional, don \u00c1lvaro Ramos, vivi\u00f3 un momento familiar que r\u00e1pidamente se volvi\u00f3 viral. Su hija tom\u00f3 el micr\u00f3fono e hizo un peque\u00f1o comentario, con la naturalidad y la espontaneidad propias de una ni\u00f1a peque\u00f1a, diciendo lo que seguramente ha escuchado y sentido en medio de una campa\u00f1a pol\u00edtica que, sin duda, tambi\u00e9n atraviesa a las familias. No hubo libreto, no hubo c\u00e1lculo, no hubo estrategia. Fue, simplemente, una ni\u00f1a hablando en un espacio donde su padre era la figura principal.<\/p>\n\n\n\n<p>El video se comparti\u00f3 por lo gracioso, por lo humano y por ese aire dom\u00e9stico que, de vez en cuando, se cuela en la pol\u00edtica. Sin embargo, d\u00edas despu\u00e9s, el Patronato Nacional de la Infancia anunci\u00f3 la apertura de una investigaci\u00f3n contra don \u00c1lvaro Ramos. Una reacci\u00f3n que llama la atenci\u00f3n, no solo por la rapidez con que se produce, sino porque, a simple vista, no parece haber ni monetizaci\u00f3n, ni explotaci\u00f3n, ni maltrato, ni exposici\u00f3n indebida de la menor. Es, hasta donde cualquiera puede observar, una ni\u00f1a hablando unos segundos en un micr\u00f3fono.<\/p>\n\n\n\n<p>Por eso resulta inevitable preguntarse qu\u00e9 es exactamente lo que se est\u00e1 se\u00f1alando. No como acusaci\u00f3n, sino como inquietud ciudadana. Porque cuando las instituciones act\u00faan con una diligencia inusual en situaciones que no muestran un da\u00f1o evidente, el pa\u00eds tiene derecho a entender con claridad cu\u00e1l es el criterio que se est\u00e1 aplicando y por qu\u00e9.<\/p>\n\n\n\n<p>En ese sentido, coincido con las manifestaciones p\u00fablicas de do\u00f1a Laura Chinchilla y de do\u00f1a Claudia Dobles, quienes han expresado su repudio a esta acci\u00f3n. No desde la confrontaci\u00f3n, sino desde la preocupaci\u00f3n por el precedente que podr\u00eda estarse sentando. La protecci\u00f3n de la ni\u00f1ez es sagrada, pero justamente por eso debe ejercerse con rigor, proporcionalidad y sentido com\u00fan.<\/p>\n\n\n\n<p>A t\u00edtulo personal, quiero expresar mi solidaridad con don \u00c1lvaro Ramos, candidato presidencial, como lo he hecho con todos los hombres y mujeres que han decidido participar en esta contienda electoral con la intenci\u00f3n genuina de aportar algo bueno al pa\u00eds. Lanzarse a una elecci\u00f3n nacional no es sencillo, y hacerlo exponiendo tambi\u00e9n a la familia \u2014aunque sea de manera involuntaria\u2014 a\u00f1ade una carga emocional que merece respeto.<\/p>\n\n\n\n<p>Tambi\u00e9n me solidarizo con las muchas personas que forman parte de <em>Apacigua tu ser interior<\/em> y que han decidido, desde su criterio y su conciencia, que su candidato de preferencia es don \u00c1lvaro Ramos. En una democracia sana, esa elecci\u00f3n no deber\u00eda venir acompa\u00f1ada de episodios que generen angustia innecesaria o sensaci\u00f3n de persecuci\u00f3n.<\/p>\n\n\n\n<p>Lamento el momento, la situaci\u00f3n y las circunstancias que esta familia est\u00e1 atravesando. Y espero, sinceramente, que el PANI pueda brindar pronto informaci\u00f3n clara, precisa y transparente sobre qu\u00e9 es lo que considera objetable en este caso y cu\u00e1les son los fundamentos concretos de su proceder. La calma social tambi\u00e9n se construye con explicaciones oportunas, con mesura institucional y con decisiones que ayuden a bajar la efervescencia, no a incrementarla.<\/p>\n","protected":false},"excerpt":{"rendered":"<p>Hace algunos d\u00edas, en una actividad p\u00fablica, el candidato del Partido Liberaci\u00f3n Nacional, don \u00c1lvaro Ramos, vivi\u00f3 un momento familiar [&hellip;]<\/p>\n","protected":false},"author":1,"featured_media":0,"comment_status":"open","ping_status":"open","sticky":false,"template":"","format":"standard","meta":{"site-sidebar-layout":"default","site-content-layout":"","ast-site-content-layout":"","site-content-style":"default","site-sidebar-style":"default","ast-global-header-display":"","ast-banner-title-visibility":"","ast-main-header-display":"","ast-hfb-above-header-display":"","ast-hfb-below-header-display":"","ast-hfb-mobile-header-display":"","site-post-title":"","ast-breadcrumbs-content":"","ast-featured-img":"","footer-sml-layout":"","theme-transparent-header-meta":"","adv-header-id-meta":"","stick-header-meta":"","header-above-stick-meta":"","header-main-stick-meta":"","header-below-stick-meta":"","astra-migrate-meta-layouts":"default","ast-page-background-enabled":"default","ast-page-background-meta":{"desktop":{"background-color":"var(--ast-global-color-5)","background-image":"","background-repeat":"repeat","background-position":"center center","background-size":"auto","background-attachment":"scroll","background-type":"","background-media":"","overlay-type":"","overlay-color":"","overlay-opacity":"","overlay-gradient":""},"tablet":{"background-color":"","background-image":"","background-repeat":"repeat","background-position":"center center","background-size":"auto","background-attachment":"scroll","background-type":"","background-media":"","overlay-type":"","overlay-color":"","overlay-opacity":"","overlay-gradient":""},"mobile":{"background-color":"","background-image":"","background-repeat":"repeat","background-position":"center center","background-size":"auto","background-attachment":"scroll","background-type":"","background-media":"","overlay-type":"","overlay-color":"","overlay-opacity":"","overlay-gradient":""}},"ast-content-background-meta":{"desktop":{"background-color":"var(--ast-global-color-4)","background-image":"","background-repeat":"repeat","background-position":"center center","background-size":"auto","background-attachment":"scroll","background-type":"","background-media":"","overlay-type":"","overlay-color":"","overlay-opacity":"","overlay-gradient":""},"tablet":{"background-color":"var(--ast-global-color-4)","background-image":"","background-repeat":"repeat","background-position":"center center","background-size":"auto","background-attachment":"scroll","background-type":"","background-media":"","overlay-type":"","overlay-color":"","overlay-opacity":"","overlay-gradient":""},"mobile":{"background-color":"var(--ast-global-color-4)","background-image":"","background-repeat":"repeat","background-position":"center center","background-size":"auto","background-attachment":"scroll","background-type":"","background-media":"","overlay-type":"","overlay-color":"","overlay-opacity":"","overlay-gradient":""}},"footnotes":""},"categories":[17],"tags":[],"class_list":["post-1924","post","type-post","status-publish","format-standard","hentry","category-elecciones-2026"],"yoast_head":"<!-- This site is optimized with the Yoast SEO plugin v26.0 - https:\/\/yoast.com\/wordpress\/plugins\/seo\/ -->\n<title>Cuando una investigaci\u00f3n dice m\u00e1s del clima que de los hechos - MI BLOG<\/title>\n<meta name=\"robots\" content=\"index, follow, max-snippet:-1, max-image-preview:large, max-video-preview:-1\" \/>\n<link rel=\"canonical\" href=\"https:\/\/viniciojarquin.com\/blog\/cuando-una-investigacion-dice-mas-del-clima-que-de-los-hechos-2\/\" \/>\n<meta property=\"og:locale\" content=\"es_ES\" \/>\n<meta property=\"og:type\" content=\"article\" \/>\n<meta property=\"og:title\" content=\"Cuando una investigaci\u00f3n dice m\u00e1s del clima que de los hechos - MI BLOG\" \/>\n<meta property=\"og:description\" content=\"Hace algunos d\u00edas, en una actividad p\u00fablica, el candidato del Partido Liberaci\u00f3n Nacional, don \u00c1lvaro Ramos, vivi\u00f3 un momento familiar [&hellip;]\" \/>\n<meta property=\"og:url\" content=\"https:\/\/viniciojarquin.com\/blog\/cuando-una-investigacion-dice-mas-del-clima-que-de-los-hechos-2\/\" \/>\n<meta property=\"og:site_name\" content=\"MI BLOG\" \/>\n<meta property=\"article:publisher\" content=\"https:\/\/www.facebook.com\/vinicio.jarquin\" \/>\n<meta property=\"article:author\" content=\"https:\/\/www.facebook.com\/vinicio.jarquin\" \/>\n<meta property=\"article:published_time\" content=\"2025-12-18T02:25:30+00:00\" \/>\n<meta property=\"article:modified_time\" content=\"2025-12-18T02:25:34+00:00\" \/>\n<meta name=\"author\" content=\"Vinicio Jarqu\u00edn\" \/>\n<meta name=\"twitter:card\" content=\"summary_large_image\" \/>\n<meta name=\"twitter:label1\" content=\"Escrito por\" \/>\n\t<meta name=\"twitter:data1\" content=\"Vinicio Jarqu\u00edn\" \/>\n\t<meta name=\"twitter:label2\" content=\"Tiempo de lectura\" \/>\n\t<meta name=\"twitter:data2\" content=\"3 minutos\" \/>\n<script type=\"application\/ld+json\" class=\"yoast-schema-graph\">{\"@context\":\"https:\/\/schema.org\",\"@graph\":[{\"@type\":\"Article\",\"@id\":\"https:\/\/viniciojarquin.com\/blog\/cuando-una-investigacion-dice-mas-del-clima-que-de-los-hechos-2\/#article\",\"isPartOf\":{\"@id\":\"https:\/\/viniciojarquin.com\/blog\/cuando-una-investigacion-dice-mas-del-clima-que-de-los-hechos-2\/\"},\"author\":{\"name\":\"Vinicio Jarqu\u00edn\",\"@id\":\"https:\/\/viniciojarquin.com\/blog\/#\/schema\/person\/90100c8845ae55462ec0657d3d2f8d3b\"},\"headline\":\"Cuando una investigaci\u00f3n dice m\u00e1s del clima que de los hechos\",\"datePublished\":\"2025-12-18T02:25:30+00:00\",\"dateModified\":\"2025-12-18T02:25:34+00:00\",\"mainEntityOfPage\":{\"@id\":\"https:\/\/viniciojarquin.com\/blog\/cuando-una-investigacion-dice-mas-del-clima-que-de-los-hechos-2\/\"},\"wordCount\":563,\"commentCount\":0,\"publisher\":{\"@id\":\"https:\/\/viniciojarquin.com\/blog\/#\/schema\/person\/90100c8845ae55462ec0657d3d2f8d3b\"},\"articleSection\":[\"Elecciones 2026\"],\"inLanguage\":\"es\",\"potentialAction\":[{\"@type\":\"CommentAction\",\"name\":\"Comment\",\"target\":[\"https:\/\/viniciojarquin.com\/blog\/cuando-una-investigacion-dice-mas-del-clima-que-de-los-hechos-2\/#respond\"]}]},{\"@type\":\"WebPage\",\"@id\":\"https:\/\/viniciojarquin.com\/blog\/cuando-una-investigacion-dice-mas-del-clima-que-de-los-hechos-2\/\",\"url\":\"https:\/\/viniciojarquin.com\/blog\/cuando-una-investigacion-dice-mas-del-clima-que-de-los-hechos-2\/\",\"name\":\"Cuando una investigaci\u00f3n dice m\u00e1s del clima que de los hechos - MI BLOG\",\"isPartOf\":{\"@id\":\"https:\/\/viniciojarquin.com\/blog\/#website\"},\"datePublished\":\"2025-12-18T02:25:30+00:00\",\"dateModified\":\"2025-12-18T02:25:34+00:00\",\"breadcrumb\":{\"@id\":\"https:\/\/viniciojarquin.com\/blog\/cuando-una-investigacion-dice-mas-del-clima-que-de-los-hechos-2\/#breadcrumb\"},\"inLanguage\":\"es\",\"potentialAction\":[{\"@type\":\"ReadAction\",\"target\":[\"https:\/\/viniciojarquin.com\/blog\/cuando-una-investigacion-dice-mas-del-clima-que-de-los-hechos-2\/\"]}]},{\"@type\":\"BreadcrumbList\",\"@id\":\"https:\/\/viniciojarquin.com\/blog\/cuando-una-investigacion-dice-mas-del-clima-que-de-los-hechos-2\/#breadcrumb\",\"itemListElement\":[{\"@type\":\"ListItem\",\"position\":1,\"name\":\"Portada\",\"item\":\"https:\/\/viniciojarquin.com\/blog\/\"},{\"@type\":\"ListItem\",\"position\":2,\"name\":\"Cuando una investigaci\u00f3n dice m\u00e1s del clima que de los hechos\"}]},{\"@type\":\"WebSite\",\"@id\":\"https:\/\/viniciojarquin.com\/blog\/#website\",\"url\":\"https:\/\/viniciojarquin.com\/blog\/\",\"name\":\"Vinicio Jarqu\u00edn BLOG\",\"description\":\"\",\"publisher\":{\"@id\":\"https:\/\/viniciojarquin.com\/blog\/#\/schema\/person\/90100c8845ae55462ec0657d3d2f8d3b\"},\"potentialAction\":[{\"@type\":\"SearchAction\",\"target\":{\"@type\":\"EntryPoint\",\"urlTemplate\":\"https:\/\/viniciojarquin.com\/blog\/?s={search_term_string}\"},\"query-input\":{\"@type\":\"PropertyValueSpecification\",\"valueRequired\":true,\"valueName\":\"search_term_string\"}}],\"inLanguage\":\"es\"},{\"@type\":[\"Person\",\"Organization\"],\"@id\":\"https:\/\/viniciojarquin.com\/blog\/#\/schema\/person\/90100c8845ae55462ec0657d3d2f8d3b\",\"name\":\"Vinicio Jarqu\u00edn\",\"image\":{\"@type\":\"ImageObject\",\"inLanguage\":\"es\",\"@id\":\"https:\/\/viniciojarquin.com\/blog\/#\/schema\/person\/image\/\",\"url\":\"https:\/\/viniciojarquin.com\/blog\/wp-content\/uploads\/2024\/10\/Logo-VinicioJarquin-original-400.png\",\"contentUrl\":\"https:\/\/viniciojarquin.com\/blog\/wp-content\/uploads\/2024\/10\/Logo-VinicioJarquin-original-400.png\",\"width\":400,\"height\":130,\"caption\":\"Vinicio Jarqu\u00edn\"},\"logo\":{\"@id\":\"https:\/\/viniciojarquin.com\/blog\/#\/schema\/person\/image\/\"},\"description\":\"Empresario textil, artista pl\u00e1stico, escritor, coach de vida y fot\u00f3grafo.\",\"sameAs\":[\"https:\/\/viniciojarquin.com\/blog\",\"https:\/\/www.facebook.com\/vinicio.jarquin\",\"https:\/\/www.instagram.com\/vinicio_jarquin\/\",\"https:\/\/www.pinterest.com\/vinnyjc\/\",\"https:\/\/www.youtube.com\/@VinicioJarquin\"],\"url\":\"https:\/\/viniciojarquin.com\/blog\/author\/admin_s02au25i\/\"}]}<\/script>\n<!-- \/ Yoast SEO plugin. -->","yoast_head_json":{"title":"Cuando una investigaci\u00f3n dice m\u00e1s del clima que de los hechos - MI BLOG","robots":{"index":"index","follow":"follow","max-snippet":"max-snippet:-1","max-image-preview":"max-image-preview:large","max-video-preview":"max-video-preview:-1"},"canonical":"https:\/\/viniciojarquin.com\/blog\/cuando-una-investigacion-dice-mas-del-clima-que-de-los-hechos-2\/","og_locale":"es_ES","og_type":"article","og_title":"Cuando una investigaci\u00f3n dice m\u00e1s del clima que de los hechos - MI BLOG","og_description":"Hace algunos d\u00edas, en una actividad p\u00fablica, el candidato del Partido Liberaci\u00f3n Nacional, don \u00c1lvaro Ramos, vivi\u00f3 un momento familiar [&hellip;]","og_url":"https:\/\/viniciojarquin.com\/blog\/cuando-una-investigacion-dice-mas-del-clima-que-de-los-hechos-2\/","og_site_name":"MI BLOG","article_publisher":"https:\/\/www.facebook.com\/vinicio.jarquin","article_author":"https:\/\/www.facebook.com\/vinicio.jarquin","article_published_time":"2025-12-18T02:25:30+00:00","article_modified_time":"2025-12-18T02:25:34+00:00","author":"Vinicio Jarqu\u00edn","twitter_card":"summary_large_image","twitter_misc":{"Escrito por":"Vinicio Jarqu\u00edn","Tiempo de lectura":"3 minutos"},"schema":{"@context":"https:\/\/schema.org","@graph":[{"@type":"Article","@id":"https:\/\/viniciojarquin.com\/blog\/cuando-una-investigacion-dice-mas-del-clima-que-de-los-hechos-2\/#article","isPartOf":{"@id":"https:\/\/viniciojarquin.com\/blog\/cuando-una-investigacion-dice-mas-del-clima-que-de-los-hechos-2\/"},"author":{"name":"Vinicio Jarqu\u00edn","@id":"https:\/\/viniciojarquin.com\/blog\/#\/schema\/person\/90100c8845ae55462ec0657d3d2f8d3b"},"headline":"Cuando una investigaci\u00f3n dice m\u00e1s del clima que de los hechos","datePublished":"2025-12-18T02:25:30+00:00","dateModified":"2025-12-18T02:25:34+00:00","mainEntityOfPage":{"@id":"https:\/\/viniciojarquin.com\/blog\/cuando-una-investigacion-dice-mas-del-clima-que-de-los-hechos-2\/"},"wordCount":563,"commentCount":0,"publisher":{"@id":"https:\/\/viniciojarquin.com\/blog\/#\/schema\/person\/90100c8845ae55462ec0657d3d2f8d3b"},"articleSection":["Elecciones 2026"],"inLanguage":"es","potentialAction":[{"@type":"CommentAction","name":"Comment","target":["https:\/\/viniciojarquin.com\/blog\/cuando-una-investigacion-dice-mas-del-clima-que-de-los-hechos-2\/#respond"]}]},{"@type":"WebPage","@id":"https:\/\/viniciojarquin.com\/blog\/cuando-una-investigacion-dice-mas-del-clima-que-de-los-hechos-2\/","url":"https:\/\/viniciojarquin.com\/blog\/cuando-una-investigacion-dice-mas-del-clima-que-de-los-hechos-2\/","name":"Cuando una investigaci\u00f3n dice m\u00e1s del clima que de los hechos - MI BLOG","isPartOf":{"@id":"https:\/\/viniciojarquin.com\/blog\/#website"},"datePublished":"2025-12-18T02:25:30+00:00","dateModified":"2025-12-18T02:25:34+00:00","breadcrumb":{"@id":"https:\/\/viniciojarquin.com\/blog\/cuando-una-investigacion-dice-mas-del-clima-que-de-los-hechos-2\/#breadcrumb"},"inLanguage":"es","potentialAction":[{"@type":"ReadAction","target":["https:\/\/viniciojarquin.com\/blog\/cuando-una-investigacion-dice-mas-del-clima-que-de-los-hechos-2\/"]}]},{"@type":"BreadcrumbList","@id":"https:\/\/viniciojarquin.com\/blog\/cuando-una-investigacion-dice-mas-del-clima-que-de-los-hechos-2\/#breadcrumb","itemListElement":[{"@type":"ListItem","position":1,"name":"Portada","item":"https:\/\/viniciojarquin.com\/blog\/"},{"@type":"ListItem","position":2,"name":"Cuando una investigaci\u00f3n dice m\u00e1s del clima que de los hechos"}]},{"@type":"WebSite","@id":"https:\/\/viniciojarquin.com\/blog\/#website","url":"https:\/\/viniciojarquin.com\/blog\/","name":"Vinicio Jarqu\u00edn BLOG","description":"","publisher":{"@id":"https:\/\/viniciojarquin.com\/blog\/#\/schema\/person\/90100c8845ae55462ec0657d3d2f8d3b"},"potentialAction":[{"@type":"SearchAction","target":{"@type":"EntryPoint","urlTemplate":"https:\/\/viniciojarquin.com\/blog\/?s={search_term_string}"},"query-input":{"@type":"PropertyValueSpecification","valueRequired":true,"valueName":"search_term_string"}}],"inLanguage":"es"},{"@type":["Person","Organization"],"@id":"https:\/\/viniciojarquin.com\/blog\/#\/schema\/person\/90100c8845ae55462ec0657d3d2f8d3b","name":"Vinicio Jarqu\u00edn","image":{"@type":"ImageObject","inLanguage":"es","@id":"https:\/\/viniciojarquin.com\/blog\/#\/schema\/person\/image\/","url":"https:\/\/viniciojarquin.com\/blog\/wp-content\/uploads\/2024\/10\/Logo-VinicioJarquin-original-400.png","contentUrl":"https:\/\/viniciojarquin.com\/blog\/wp-content\/uploads\/2024\/10\/Logo-VinicioJarquin-original-400.png","width":400,"height":130,"caption":"Vinicio Jarqu\u00edn"},"logo":{"@id":"https:\/\/viniciojarquin.com\/blog\/#\/schema\/person\/image\/"},"description":"Empresario textil, artista pl\u00e1stico, escritor, coach de vida y fot\u00f3grafo.","sameAs":["https:\/\/viniciojarquin.com\/blog","https:\/\/www.facebook.com\/vinicio.jarquin","https:\/\/www.instagram.com\/vinicio_jarquin\/","https:\/\/www.pinterest.com\/vinnyjc\/","https:\/\/www.youtube.com\/@VinicioJarquin"],"url":"https:\/\/viniciojarquin.com\/blog\/author\/admin_s02au25i\/"}]}},"blog_post_layout_featured_media_urls":{"thumbnail":"","full":""},"categories_names":{"17":{"name":"Elecciones 2026","link":"https:\/\/viniciojarquin.com\/blog\/category\/elecciones-2026\/"}},"tags_names":[],"comments_number":"0","_links":{"self":[{"href":"https:\/\/viniciojarquin.com\/blog\/wp-json\/wp\/v2\/posts\/1924","targetHints":{"allow":["GET"]}}],"collection":[{"href":"https:\/\/viniciojarquin.com\/blog\/wp-json\/wp\/v2\/posts"}],"about":[{"href":"https:\/\/viniciojarquin.com\/blog\/wp-json\/wp\/v2\/types\/post"}],"author":[{"embeddable":true,"href":"https:\/\/viniciojarquin.com\/blog\/wp-json\/wp\/v2\/users\/1"}],"replies":[{"embeddable":true,"href":"https:\/\/viniciojarquin.com\/blog\/wp-json\/wp\/v2\/comments?post=1924"}],"version-history":[{"count":1,"href":"https:\/\/viniciojarquin.com\/blog\/wp-json\/wp\/v2\/posts\/1924\/revisions"}],"predecessor-version":[{"id":1925,"href":"https:\/\/viniciojarquin.com\/blog\/wp-json\/wp\/v2\/posts\/1924\/revisions\/1925"}],"wp:attachment":[{"href":"https:\/\/viniciojarquin.com\/blog\/wp-json\/wp\/v2\/media?parent=1924"}],"wp:term":[{"taxonomy":"category","embeddable":true,"href":"https:\/\/viniciojarquin.com\/blog\/wp-json\/wp\/v2\/categories?post=1924"},{"taxonomy":"post_tag","embeddable":true,"href":"https:\/\/viniciojarquin.com\/blog\/wp-json\/wp\/v2\/tags?post=1924"}],"curies":[{"name":"wp","href":"https:\/\/api.w.org\/{rel}","templated":true}]}}