{"id":1931,"date":"2025-12-18T03:42:11","date_gmt":"2025-12-18T03:42:11","guid":{"rendered":"https:\/\/viniciojarquin.com\/blog\/?p=1931"},"modified":"2026-01-05T02:40:06","modified_gmt":"2026-01-05T02:40:06","slug":"una-manana-con-lisbeth-quesada-tristancandidata-a-la-presidencia-de-la-republica-periodo-2026-2030","status":"publish","type":"post","link":"https:\/\/viniciojarquin.com\/blog\/una-manana-con-lisbeth-quesada-tristancandidata-a-la-presidencia-de-la-republica-periodo-2026-2030\/","title":{"rendered":"Una ma\u00f1ana con Lisbeth Quesada Trist\u00e1n"},"content":{"rendered":"\n<p>Candidata a la vicepresidencia de la Rep\u00fablica, periodo 2026-2030<\/p>\n\n\n\n<p>Lisbeth Quesada, nacida en Costa Rica el 25 de junio de 1952, es una m\u00e9dica cirujana y pol\u00edtica costarricense que ha desempe\u00f1ado una destacada labor en el campo de los cuidados paliativos. Fue Defensora de los Habitantes de Costa Rica entre 2005 y 2009, y en la actualidad es la presidenta y fundadora de la Fundaci\u00f3n de Cuidados Paliativos, una de las organizaciones pioneras en el pa\u00eds en esta \u00e1rea tan vital y humana. Es tambi\u00e9n candidata a la primera vicepresidencia en la f\u00f3rmula de Fernando Zamora, con miras a las elecciones presidenciales de 2026.<\/p>\n\n\n\n<p>Quesada se gradu\u00f3 en medicina en la Universidad de Costa Rica en 1984, y m\u00e1s tarde, curs\u00f3 estudios de especializaci\u00f3n en cuidados paliativos en el St. Luke\u2019s-Roosevelt Hospital Center de Nueva York. A su regreso al pa\u00eds, se dedic\u00f3 a implementar y dirigir los cuidados paliativos pedi\u00e1tricos en el Hospital Nacional de Ni\u00f1os, labor por la cual ha sido reconocida a nivel nacional.<\/p>\n\n\n\n<p>Mi amiga Cuca Coronas, seguidora cercana de <em>Apacigua tu ser interior<\/em>, ha estado trabajando muy de cerca en algo que valoro profundamente: tender puentes. Puentes entre personas del \u00e1mbito pol\u00edtico nacional, personas que est\u00e1n pensando el pa\u00eds desde distintos lugares, y este espacio ciudadano que hemos ido construyendo juntos, con calma, con respeto y con conciencia. En ese caminar, Cuca me ha ido sugiriendo nombres, posibles conversaciones, encuentros que valen la pena.<\/p>\n\n\n\n<p>Hace unos d\u00edas me propuso que hablara con do\u00f1a Lisbeth Quesada. Doctora, primera vicepresidenta de Zamora y candidata a la primera vicepresidencia por ese partido. Anoche, con mucha naturalidad, nos puso en contacto. Yo le escrib\u00ed, le pregunt\u00e9 cu\u00e1ndo ser\u00eda un buen momento para llamarla, y esta ma\u00f1ana ella misma me contact\u00f3. Hablamos.<\/p>\n\n\n\n<p>Tengo que confesar algo que hace la escena m\u00e1s humana. Me parece que ella todav\u00eda estaba sin ba\u00f1ar. Yo tambi\u00e9n. Se lo dije tal cual, entre risas. Desde el inicio la conversaci\u00f3n se dio en un tono relajado, sin poses, sin rigidez, sin esa formalidad impostada que a veces rodea a la pol\u00edtica. Le expliqu\u00e9 que, por supuesto, me gustar\u00eda reunirme con ella en alg\u00fan momento, pero que hab\u00eda algo m\u00e1s que me importaba: quer\u00eda conversar con alguien que la amara, que me ayudara a m\u00ed a amarla, para poder escribir de una manera tal que Costa Rica tambi\u00e9n pudiera llegar a amarla. No desde la propaganda, sino desde lo humano.<\/p>\n\n\n\n<p>La conversaci\u00f3n dur\u00f3 m\u00e1s de lo que usualmente duran estas llamadas. Hablamos de varias cosas. Hablamos de pa\u00eds, de candidatos, de contextos. Hablamos de ella, de su vida. Incluso hablamos de m\u00ed. Fue una conversaci\u00f3n que se fue soltando sola, como cuando dos personas se sientan sin prisa y dejan que las palabras encuentren su ritmo.<\/p>\n\n\n\n<p>En alg\u00fan momento me habl\u00f3 de algo que me toc\u00f3 profundamente. Me cont\u00f3 que es la presidenta y fundadora de los cuidados paliativos en Costa Rica. Que cuando ella trajo el concepto de cuidados paliativos al pa\u00eds, simplemente no exist\u00edan. Que fue abrir camino donde no lo hab\u00eda. Hoy preside la fundaci\u00f3n que sostiene ese trabajo tan delicado, tan humano, tan necesario. No tengo claro a\u00fan si su enfoque inicial fue solo en ni\u00f1os o en cuidados paliativos en general, pero s\u00ed me qued\u00f3 claro el nivel de compromiso, de vocaci\u00f3n y de historia que hay detr\u00e1s de eso.<\/p>\n\n\n\n<p>Me pareci\u00f3 simp\u00e1tica. Cercana. Agradable. Como si estuviera hablando con una amiga de toda la vida. Como si cada uno tuviera una copa de vino en la mano y la conversaci\u00f3n se diera al final de la tarde. Pero no. Eran las ocho de la ma\u00f1ana. Yo no hab\u00eda desayunado todav\u00eda. Y, aun as\u00ed, la sensaci\u00f3n era esa: intimidad, confianza, humanidad.<\/p>\n\n\n\n<p>La conversaci\u00f3n sigui\u00f3 por otros caminos, m\u00e1s profundos, m\u00e1s pol\u00edticos y personales. Y eso merece su propio espacio.<\/p>\n\n\n\n<p>Terminamos la llamada y, casi de inmediato, me cont\u00f3 algo m\u00e1s. Que esa misma ma\u00f1ana, durante gran parte del d\u00eda, tendr\u00eda una actividad de cuidados paliativos para ni\u00f1os en el plantel de la Municipalidad de San Jos\u00e9, en Pavas. Que habr\u00eda una actividad grande, abierta, y que, si yo estaba disponible, me invitaba con mucho gusto a acompa\u00f1arla.<\/p>\n\n\n\n<p>La invitaci\u00f3n me pareci\u00f3 hermosa. No solo por verla en acci\u00f3n dentro de la fundaci\u00f3n que preside, sino por la posibilidad de estar ah\u00ed, con los ni\u00f1os, con las familias, y entender desde adentro eso de lo que me hab\u00eda hablado con tanta pasi\u00f3n. Le dije que s\u00ed. Que iba. Que, si hab\u00eda necesidad de trabajar con los ni\u00f1os o si hab\u00eda oportunidad de hacerlo, yo tambi\u00e9n estaba dispuesto. Incluso a tirarme al suelo, si hac\u00eda falta. Colgamos. Me alist\u00e9. Y fui.<\/p>\n\n\n\n<p>No me quedaba tan lejos, as\u00ed que llegu\u00e9 con esa mezcla de expectativa y curiosidad que se tiene cuando uno va a ver algo que intuye que va a ser importante, aunque todav\u00eda no sepa por qu\u00e9. Yo esperaba encontrarme a una presidenta de fundaci\u00f3n dirigiendo todo desde alg\u00fan punto central, con agenda en mano, coordinando, dando \u00f3rdenes. Nunca imagin\u00e9 encontrarme con lo que encontr\u00e9.<\/p>\n\n\n\n<p>Me top\u00e9 con una mujer sencilla, con el pelo suelto, corto, que adem\u00e1s le luc\u00eda. Llevaba collares que parec\u00edan mentas navide\u00f1as, aretes a juego, todo con un aire claramente de Navidad. Era como estar con la se\u00f1ora Claus, pero en versi\u00f3n humana, cercana y costarricense. Una mujer risue\u00f1a, hermosa, entregada, trabajadora, y notoriamente querida por todos los que estaban ah\u00ed.<\/p>\n\n\n\n<p>Hab\u00eda cientos de ni\u00f1os, acompa\u00f1ados por sus madres y padres. Puestos de bebidas, de comida, pi\u00f1atas. Un ambiente vivo, c\u00e1lido, lleno de movimiento y de risa. El sal\u00f3n era enorme. Afuera, estacionados, hab\u00eda carros de bomberos, de la municipalidad, de la polic\u00eda municipal, del OIJ. Todo formaba parte de una puesta en escena que no ten\u00eda nada de artificial. Cuando entr\u00e9, me encontr\u00e9 con un ambiente que nunca hab\u00eda imaginado. Era\u2026 surrealista. Y profundamente hermoso.<\/p>\n\n\n\n<p>Fui caminando con ella por las diferentes \u00e1reas de la actividad y, mientras avanz\u00e1bamos, me iba explicando qu\u00e9 hac\u00eda cada espacio y por qu\u00e9 estaba ah\u00ed. Me cont\u00f3, por ejemplo, que las pi\u00f1atas hab\u00edan sido hechas a mano por uno de los jefes del OIJ, quien las construy\u00f3 \u00e9l mismo para donarlas. Me habl\u00f3 de los puestos, de la gente que trabaja en la fundaci\u00f3n, de los voluntarios, de c\u00f3mo se fue tejiendo esa red humana que hace posible algo as\u00ed.<\/p>\n\n\n\n<p>Me explic\u00f3 tambi\u00e9n c\u00f3mo logr\u00f3 que la OIJ estuviera presente. O, m\u00e1s bien, c\u00f3mo el personal se ofreci\u00f3 a s\u00ed mismo para acompa\u00f1arla en esta actividad. No como una obligaci\u00f3n institucional, sino como un acto voluntario, personal, profundamente humano. Hab\u00eda paintball, estaban los carros del equipo t\u00e1ctico, el que llaman La Bestia, diferentes veh\u00edculos para transportar reos, incluso unidades adaptadas para personas con problemas de movilidad.<\/p>\n\n\n\n<p>Los muchachos de las distintas polic\u00edas y equipos t\u00e1cticos estaban ah\u00ed, vestidos con sus uniformes, plenamente presentes. En uno de los puestos hab\u00eda incluso un uniforme de ataque, de esos que uno asocia con operaciones especiales, similares a los que usa SWAT, aunque en Costa Rica el equipo tenga otro nombre. Me ofrecieron pon\u00e9rmelo, acept\u00e9, y nos tomamos una fotograf\u00eda. Todo se daba con una naturalidad que desarmaba cualquier idea previa que uno pudiera tener.<\/p>\n\n\n\n<p>Convers\u00e9 con polic\u00edas de distintos departamentos: prensa, secretar\u00eda, equipos de asalto. Me contaron sobre su trabajo, sobre la pasi\u00f3n con la que viven lo que hacen, sobre la necesidad del secretismo en ciertas operaciones, sobre la responsabilidad enorme que cargan y, al mismo tiempo, sobre el orgullo silencioso de servir. Escuchar esas historias, de boca de quienes las viven, fue revelador.<\/p>\n\n\n\n<p>Aprend\u00ed much\u00edsimo. Me divert\u00ed, s\u00ed. Pero m\u00e1s que divertirme, lo disfrut\u00e9 profundamente. Disfrut\u00e9 ver la parte humana detr\u00e1s de los uniformes, detr\u00e1s de las siglas, detr\u00e1s de las instituciones. Disfrut\u00e9 sentir que, en medio de todo, hab\u00eda algo muy vivo, muy aut\u00e9ntico, muy nuestro, ocurriendo ah\u00ed mismo, frente a mis ojos.<\/p>\n\n\n\n<p>Fuimos luego a un toldo donde ten\u00edan unas motos enormes de polic\u00eda. No s\u00e9 si eran del OIJ o de la Polic\u00eda Municipal, pero eran imponentes, grandes, pesadas, casi desproporcionadas. Ah\u00ed, entre risas, logr\u00e9 convencer a la se\u00f1ora candidata a la vicepresidencia de la Rep\u00fablica de que se subiera a una de ellas. Yo le tomaba fotograf\u00edas mientras, feliz, tomada de la mano de uno de los polic\u00edas, lograba montarse en algo que era casi m\u00e1s grande que un caballo. La escena ten\u00eda algo de juego, de valent\u00eda y de complicidad, sin perder nunca la sencillez.<\/p>\n\n\n\n<p>Despu\u00e9s nos fuimos al \u00e1rea de paintball. Ah\u00ed volv\u00ed a meter un poco de picard\u00eda y le suger\u00ed a la persona que estaba coordinando que le diera un arma. Se la prestaron sin dudarlo. Ella la tom\u00f3 con naturalidad, con firmeza, y se meti\u00f3 en el juego. Hab\u00eda que dispararle a un polic\u00eda que estaba, calculo, a unos cincuenta metros. Con valent\u00eda y bastante exactitud, dispar\u00f3 varias veces y le acert\u00f3 muy bien en los brazos. M\u00e1s tarde, entre risas, \u00e9l mismo nos ense\u00f1\u00f3 los moretones que le hab\u00edan quedado por los disparos certeros de la doctora, presidenta de la fundaci\u00f3n de cuidados paliativos. Fue genuinamente divertido.<\/p>\n\n\n\n<p>Luego caminamos por un sendero m\u00e1s tranquilo. Ah\u00ed la conversaci\u00f3n cambi\u00f3 de ritmo. Me fue contando c\u00f3mo lleg\u00f3 hasta aqu\u00ed. C\u00f3mo fue su camino como m\u00e9dica. C\u00f3mo estudi\u00f3 con una beca Fullbright. C\u00f3mo creci\u00f3, c\u00f3mo investig\u00f3 sobre los cuidados paliativos y de qu\u00e9 manera logr\u00f3 traerlos a Costa Rica cuando aqu\u00ed simplemente no exist\u00edan. Me habl\u00f3 de ese primer momento, de abrir camino donde no lo hab\u00eda, y de c\u00f3mo, hasta hoy, sigue siendo la presidenta de la fundaci\u00f3n que sostiene ese trabajo tan delicado y tan profundamente humano.<\/p>\n\n\n\n<p>Seguimos caminando. La conversaci\u00f3n sigui\u00f3 fluyendo, y fue muy f\u00e1cil amarla, para mostrarles a ustedes la mujer atr\u00e1s de la candidatura.<\/p>\n\n\n\n<p>Luego, como as\u00ed hab\u00eda sido mi sugerencia inicial, me ofreci\u00f3 que hablara con algunos de sus hijos, lo que ya no considero necesario, porque ya con ella, me doy por servido; pero acept\u00e9. Hablar\u00e9 con Daniel, el doctorcito de cuarenta y tantos a\u00f1os, para que me cuenta de su madre.<\/p>\n\n\n\n<p>Esa, queridos amigos, ser\u00e1 otra parte de la historia.<\/p>\n\n\n\n<figure class=\"wp-block-image size-full\"><img decoding=\"async\" width=\"800\" height=\"600\" data-src=\"https:\/\/viniciojarquin.com\/blog\/wp-content\/uploads\/2025\/12\/Lisbeth-Quesada.jpeg\" alt=\"\" class=\"wp-image-1932 lazyload\" data-srcset=\"https:\/\/viniciojarquin.com\/blog\/wp-content\/uploads\/2025\/12\/Lisbeth-Quesada.jpeg 800w, https:\/\/viniciojarquin.com\/blog\/wp-content\/uploads\/2025\/12\/Lisbeth-Quesada-300x225.jpeg 300w, https:\/\/viniciojarquin.com\/blog\/wp-content\/uploads\/2025\/12\/Lisbeth-Quesada-768x576.jpeg 768w\" data-sizes=\"(max-width: 800px) 100vw, 800px\" src=\"data:image\/svg+xml;base64,PHN2ZyB3aWR0aD0iMSIgaGVpZ2h0PSIxIiB4bWxucz0iaHR0cDovL3d3dy53My5vcmcvMjAwMC9zdmciPjwvc3ZnPg==\" style=\"--smush-placeholder-width: 800px; --smush-placeholder-aspect-ratio: 800\/600;\" \/><\/figure>\n","protected":false},"excerpt":{"rendered":"<p>Candidata a la vicepresidencia de la Rep\u00fablica, periodo 2026-2030 Lisbeth Quesada, nacida en Costa Rica el 25 de junio de [&hellip;]<\/p>\n","protected":false},"author":1,"featured_media":1932,"comment_status":"open","ping_status":"open","sticky":false,"template":"","format":"standard","meta":{"site-sidebar-layout":"default","site-content-layout":"","ast-site-content-layout":"","site-content-style":"default","site-sidebar-style":"default","ast-global-header-display":"","ast-banner-title-visibility":"","ast-main-header-display":"","ast-hfb-above-header-display":"","ast-hfb-below-header-display":"","ast-hfb-mobile-header-display":"","site-post-title":"","ast-breadcrumbs-content":"","ast-featured-img":"","footer-sml-layout":"","theme-transparent-header-meta":"","adv-header-id-meta":"","stick-header-meta":"","header-above-stick-meta":"","header-main-stick-meta":"","header-below-stick-meta":"","astra-migrate-meta-layouts":"default","ast-page-background-enabled":"default","ast-page-background-meta":{"desktop":{"background-color":"var(--ast-global-color-5)","background-image":"","background-repeat":"repeat","background-position":"center center","background-size":"auto","background-attachment":"scroll","background-type":"","background-media":"","overlay-type":"","overlay-color":"","overlay-opacity":"","overlay-gradient":""},"tablet":{"background-color":"","background-image":"","background-repeat":"repeat","background-position":"center center","background-size":"auto","background-attachment":"scroll","background-type":"","background-media":"","overlay-type":"","overlay-color":"","overlay-opacity":"","overlay-gradient":""},"mobile":{"background-color":"","background-image":"","background-repeat":"repeat","background-position":"center center","background-size":"auto","background-attachment":"scroll","background-type":"","background-media":"","overlay-type":"","overlay-color":"","overlay-opacity":"","overlay-gradient":""}},"ast-content-background-meta":{"desktop":{"background-color":"var(--ast-global-color-4)","background-image":"","background-repeat":"repeat","background-position":"center center","background-size":"auto","background-attachment":"scroll","background-type":"","background-media":"","overlay-type":"","overlay-color":"","overlay-opacity":"","overlay-gradient":""},"tablet":{"background-color":"var(--ast-global-color-4)","background-image":"","background-repeat":"repeat","background-position":"center center","background-size":"auto","background-attachment":"scroll","background-type":"","background-media":"","overlay-type":"","overlay-color":"","overlay-opacity":"","overlay-gradient":""},"mobile":{"background-color":"var(--ast-global-color-4)","background-image":"","background-repeat":"repeat","background-position":"center center","background-size":"auto","background-attachment":"scroll","background-type":"","background-media":"","overlay-type":"","overlay-color":"","overlay-opacity":"","overlay-gradient":""}},"footnotes":""},"categories":[17,30],"tags":[],"class_list":["post-1931","post","type-post","status-publish","format-standard","has-post-thumbnail","hentry","category-elecciones-2026","category-entrevistas"],"yoast_head":"<!-- This site is optimized with the Yoast SEO plugin v26.0 - https:\/\/yoast.com\/wordpress\/plugins\/seo\/ -->\n<title>Una ma\u00f1ana con Lisbeth Quesada Trist\u00e1n - MI BLOG<\/title>\n<meta name=\"robots\" content=\"index, follow, max-snippet:-1, max-image-preview:large, max-video-preview:-1\" \/>\n<link rel=\"canonical\" href=\"https:\/\/viniciojarquin.com\/blog\/una-manana-con-lisbeth-quesada-tristancandidata-a-la-presidencia-de-la-republica-periodo-2026-2030\/\" \/>\n<meta property=\"og:locale\" content=\"es_ES\" \/>\n<meta property=\"og:type\" content=\"article\" \/>\n<meta property=\"og:title\" content=\"Una ma\u00f1ana con Lisbeth Quesada Trist\u00e1n - MI BLOG\" \/>\n<meta property=\"og:description\" content=\"Candidata a la vicepresidencia de la Rep\u00fablica, periodo 2026-2030 Lisbeth Quesada, nacida en Costa Rica el 25 de junio de [&hellip;]\" \/>\n<meta property=\"og:url\" content=\"https:\/\/viniciojarquin.com\/blog\/una-manana-con-lisbeth-quesada-tristancandidata-a-la-presidencia-de-la-republica-periodo-2026-2030\/\" \/>\n<meta property=\"og:site_name\" content=\"MI BLOG\" \/>\n<meta property=\"article:publisher\" content=\"https:\/\/www.facebook.com\/vinicio.jarquin\" \/>\n<meta property=\"article:author\" content=\"https:\/\/www.facebook.com\/vinicio.jarquin\" \/>\n<meta property=\"article:published_time\" content=\"2025-12-18T03:42:11+00:00\" \/>\n<meta property=\"article:modified_time\" content=\"2026-01-05T02:40:06+00:00\" \/>\n<meta property=\"og:image\" content=\"https:\/\/viniciojarquin.com\/blog\/wp-content\/uploads\/2025\/12\/Lisbeth-Quesada.jpeg\" \/>\n\t<meta property=\"og:image:width\" content=\"800\" \/>\n\t<meta property=\"og:image:height\" content=\"600\" \/>\n\t<meta property=\"og:image:type\" content=\"image\/jpeg\" \/>\n<meta name=\"author\" content=\"Vinicio Jarqu\u00edn\" \/>\n<meta name=\"twitter:card\" content=\"summary_large_image\" \/>\n<meta name=\"twitter:label1\" content=\"Escrito por\" \/>\n\t<meta name=\"twitter:data1\" content=\"Vinicio Jarqu\u00edn\" \/>\n\t<meta name=\"twitter:label2\" content=\"Tiempo de lectura\" \/>\n\t<meta name=\"twitter:data2\" content=\"9 minutos\" \/>\n<script type=\"application\/ld+json\" class=\"yoast-schema-graph\">{\"@context\":\"https:\/\/schema.org\",\"@graph\":[{\"@type\":\"Article\",\"@id\":\"https:\/\/viniciojarquin.com\/blog\/una-manana-con-lisbeth-quesada-tristancandidata-a-la-presidencia-de-la-republica-periodo-2026-2030\/#article\",\"isPartOf\":{\"@id\":\"https:\/\/viniciojarquin.com\/blog\/una-manana-con-lisbeth-quesada-tristancandidata-a-la-presidencia-de-la-republica-periodo-2026-2030\/\"},\"author\":{\"name\":\"Vinicio Jarqu\u00edn\",\"@id\":\"https:\/\/viniciojarquin.com\/blog\/#\/schema\/person\/90100c8845ae55462ec0657d3d2f8d3b\"},\"headline\":\"Una ma\u00f1ana con Lisbeth Quesada Trist\u00e1n\",\"datePublished\":\"2025-12-18T03:42:11+00:00\",\"dateModified\":\"2026-01-05T02:40:06+00:00\",\"mainEntityOfPage\":{\"@id\":\"https:\/\/viniciojarquin.com\/blog\/una-manana-con-lisbeth-quesada-tristancandidata-a-la-presidencia-de-la-republica-periodo-2026-2030\/\"},\"wordCount\":1845,\"commentCount\":0,\"publisher\":{\"@id\":\"https:\/\/viniciojarquin.com\/blog\/#\/schema\/person\/90100c8845ae55462ec0657d3d2f8d3b\"},\"image\":{\"@id\":\"https:\/\/viniciojarquin.com\/blog\/una-manana-con-lisbeth-quesada-tristancandidata-a-la-presidencia-de-la-republica-periodo-2026-2030\/#primaryimage\"},\"thumbnailUrl\":\"https:\/\/viniciojarquin.com\/blog\/wp-content\/uploads\/2025\/12\/Lisbeth-Quesada.jpeg\",\"articleSection\":[\"Elecciones 2026\",\"Entrevistas Elecciones 2026\"],\"inLanguage\":\"es\",\"potentialAction\":[{\"@type\":\"CommentAction\",\"name\":\"Comment\",\"target\":[\"https:\/\/viniciojarquin.com\/blog\/una-manana-con-lisbeth-quesada-tristancandidata-a-la-presidencia-de-la-republica-periodo-2026-2030\/#respond\"]}]},{\"@type\":\"WebPage\",\"@id\":\"https:\/\/viniciojarquin.com\/blog\/una-manana-con-lisbeth-quesada-tristancandidata-a-la-presidencia-de-la-republica-periodo-2026-2030\/\",\"url\":\"https:\/\/viniciojarquin.com\/blog\/una-manana-con-lisbeth-quesada-tristancandidata-a-la-presidencia-de-la-republica-periodo-2026-2030\/\",\"name\":\"Una ma\u00f1ana con Lisbeth Quesada Trist\u00e1n - MI BLOG\",\"isPartOf\":{\"@id\":\"https:\/\/viniciojarquin.com\/blog\/#website\"},\"primaryImageOfPage\":{\"@id\":\"https:\/\/viniciojarquin.com\/blog\/una-manana-con-lisbeth-quesada-tristancandidata-a-la-presidencia-de-la-republica-periodo-2026-2030\/#primaryimage\"},\"image\":{\"@id\":\"https:\/\/viniciojarquin.com\/blog\/una-manana-con-lisbeth-quesada-tristancandidata-a-la-presidencia-de-la-republica-periodo-2026-2030\/#primaryimage\"},\"thumbnailUrl\":\"https:\/\/viniciojarquin.com\/blog\/wp-content\/uploads\/2025\/12\/Lisbeth-Quesada.jpeg\",\"datePublished\":\"2025-12-18T03:42:11+00:00\",\"dateModified\":\"2026-01-05T02:40:06+00:00\",\"breadcrumb\":{\"@id\":\"https:\/\/viniciojarquin.com\/blog\/una-manana-con-lisbeth-quesada-tristancandidata-a-la-presidencia-de-la-republica-periodo-2026-2030\/#breadcrumb\"},\"inLanguage\":\"es\",\"potentialAction\":[{\"@type\":\"ReadAction\",\"target\":[\"https:\/\/viniciojarquin.com\/blog\/una-manana-con-lisbeth-quesada-tristancandidata-a-la-presidencia-de-la-republica-periodo-2026-2030\/\"]}]},{\"@type\":\"ImageObject\",\"inLanguage\":\"es\",\"@id\":\"https:\/\/viniciojarquin.com\/blog\/una-manana-con-lisbeth-quesada-tristancandidata-a-la-presidencia-de-la-republica-periodo-2026-2030\/#primaryimage\",\"url\":\"https:\/\/viniciojarquin.com\/blog\/wp-content\/uploads\/2025\/12\/Lisbeth-Quesada.jpeg\",\"contentUrl\":\"https:\/\/viniciojarquin.com\/blog\/wp-content\/uploads\/2025\/12\/Lisbeth-Quesada.jpeg\",\"width\":800,\"height\":600},{\"@type\":\"BreadcrumbList\",\"@id\":\"https:\/\/viniciojarquin.com\/blog\/una-manana-con-lisbeth-quesada-tristancandidata-a-la-presidencia-de-la-republica-periodo-2026-2030\/#breadcrumb\",\"itemListElement\":[{\"@type\":\"ListItem\",\"position\":1,\"name\":\"Portada\",\"item\":\"https:\/\/viniciojarquin.com\/blog\/\"},{\"@type\":\"ListItem\",\"position\":2,\"name\":\"Una ma\u00f1ana con Lisbeth Quesada Trist\u00e1n\"}]},{\"@type\":\"WebSite\",\"@id\":\"https:\/\/viniciojarquin.com\/blog\/#website\",\"url\":\"https:\/\/viniciojarquin.com\/blog\/\",\"name\":\"Vinicio Jarqu\u00edn BLOG\",\"description\":\"\",\"publisher\":{\"@id\":\"https:\/\/viniciojarquin.com\/blog\/#\/schema\/person\/90100c8845ae55462ec0657d3d2f8d3b\"},\"potentialAction\":[{\"@type\":\"SearchAction\",\"target\":{\"@type\":\"EntryPoint\",\"urlTemplate\":\"https:\/\/viniciojarquin.com\/blog\/?s={search_term_string}\"},\"query-input\":{\"@type\":\"PropertyValueSpecification\",\"valueRequired\":true,\"valueName\":\"search_term_string\"}}],\"inLanguage\":\"es\"},{\"@type\":[\"Person\",\"Organization\"],\"@id\":\"https:\/\/viniciojarquin.com\/blog\/#\/schema\/person\/90100c8845ae55462ec0657d3d2f8d3b\",\"name\":\"Vinicio Jarqu\u00edn\",\"image\":{\"@type\":\"ImageObject\",\"inLanguage\":\"es\",\"@id\":\"https:\/\/viniciojarquin.com\/blog\/#\/schema\/person\/image\/\",\"url\":\"https:\/\/viniciojarquin.com\/blog\/wp-content\/uploads\/2024\/10\/Logo-VinicioJarquin-original-400.png\",\"contentUrl\":\"https:\/\/viniciojarquin.com\/blog\/wp-content\/uploads\/2024\/10\/Logo-VinicioJarquin-original-400.png\",\"width\":400,\"height\":130,\"caption\":\"Vinicio Jarqu\u00edn\"},\"logo\":{\"@id\":\"https:\/\/viniciojarquin.com\/blog\/#\/schema\/person\/image\/\"},\"description\":\"Empresario textil, artista pl\u00e1stico, escritor, coach de vida y fot\u00f3grafo.\",\"sameAs\":[\"https:\/\/viniciojarquin.com\/blog\",\"https:\/\/www.facebook.com\/vinicio.jarquin\",\"https:\/\/www.instagram.com\/vinicio_jarquin\/\",\"https:\/\/www.pinterest.com\/vinnyjc\/\",\"https:\/\/www.youtube.com\/@VinicioJarquin\"],\"url\":\"https:\/\/viniciojarquin.com\/blog\/author\/admin_s02au25i\/\"}]}<\/script>\n<!-- \/ Yoast SEO plugin. -->","yoast_head_json":{"title":"Una ma\u00f1ana con Lisbeth Quesada Trist\u00e1n - MI BLOG","robots":{"index":"index","follow":"follow","max-snippet":"max-snippet:-1","max-image-preview":"max-image-preview:large","max-video-preview":"max-video-preview:-1"},"canonical":"https:\/\/viniciojarquin.com\/blog\/una-manana-con-lisbeth-quesada-tristancandidata-a-la-presidencia-de-la-republica-periodo-2026-2030\/","og_locale":"es_ES","og_type":"article","og_title":"Una ma\u00f1ana con Lisbeth Quesada Trist\u00e1n - MI BLOG","og_description":"Candidata a la vicepresidencia de la Rep\u00fablica, periodo 2026-2030 Lisbeth Quesada, nacida en Costa Rica el 25 de junio de [&hellip;]","og_url":"https:\/\/viniciojarquin.com\/blog\/una-manana-con-lisbeth-quesada-tristancandidata-a-la-presidencia-de-la-republica-periodo-2026-2030\/","og_site_name":"MI BLOG","article_publisher":"https:\/\/www.facebook.com\/vinicio.jarquin","article_author":"https:\/\/www.facebook.com\/vinicio.jarquin","article_published_time":"2025-12-18T03:42:11+00:00","article_modified_time":"2026-01-05T02:40:06+00:00","og_image":[{"width":800,"height":600,"url":"https:\/\/viniciojarquin.com\/blog\/wp-content\/uploads\/2025\/12\/Lisbeth-Quesada.jpeg","type":"image\/jpeg"}],"author":"Vinicio Jarqu\u00edn","twitter_card":"summary_large_image","twitter_misc":{"Escrito por":"Vinicio Jarqu\u00edn","Tiempo de lectura":"9 minutos"},"schema":{"@context":"https:\/\/schema.org","@graph":[{"@type":"Article","@id":"https:\/\/viniciojarquin.com\/blog\/una-manana-con-lisbeth-quesada-tristancandidata-a-la-presidencia-de-la-republica-periodo-2026-2030\/#article","isPartOf":{"@id":"https:\/\/viniciojarquin.com\/blog\/una-manana-con-lisbeth-quesada-tristancandidata-a-la-presidencia-de-la-republica-periodo-2026-2030\/"},"author":{"name":"Vinicio Jarqu\u00edn","@id":"https:\/\/viniciojarquin.com\/blog\/#\/schema\/person\/90100c8845ae55462ec0657d3d2f8d3b"},"headline":"Una ma\u00f1ana con Lisbeth Quesada Trist\u00e1n","datePublished":"2025-12-18T03:42:11+00:00","dateModified":"2026-01-05T02:40:06+00:00","mainEntityOfPage":{"@id":"https:\/\/viniciojarquin.com\/blog\/una-manana-con-lisbeth-quesada-tristancandidata-a-la-presidencia-de-la-republica-periodo-2026-2030\/"},"wordCount":1845,"commentCount":0,"publisher":{"@id":"https:\/\/viniciojarquin.com\/blog\/#\/schema\/person\/90100c8845ae55462ec0657d3d2f8d3b"},"image":{"@id":"https:\/\/viniciojarquin.com\/blog\/una-manana-con-lisbeth-quesada-tristancandidata-a-la-presidencia-de-la-republica-periodo-2026-2030\/#primaryimage"},"thumbnailUrl":"https:\/\/viniciojarquin.com\/blog\/wp-content\/uploads\/2025\/12\/Lisbeth-Quesada.jpeg","articleSection":["Elecciones 2026","Entrevistas Elecciones 2026"],"inLanguage":"es","potentialAction":[{"@type":"CommentAction","name":"Comment","target":["https:\/\/viniciojarquin.com\/blog\/una-manana-con-lisbeth-quesada-tristancandidata-a-la-presidencia-de-la-republica-periodo-2026-2030\/#respond"]}]},{"@type":"WebPage","@id":"https:\/\/viniciojarquin.com\/blog\/una-manana-con-lisbeth-quesada-tristancandidata-a-la-presidencia-de-la-republica-periodo-2026-2030\/","url":"https:\/\/viniciojarquin.com\/blog\/una-manana-con-lisbeth-quesada-tristancandidata-a-la-presidencia-de-la-republica-periodo-2026-2030\/","name":"Una ma\u00f1ana con Lisbeth Quesada Trist\u00e1n - MI BLOG","isPartOf":{"@id":"https:\/\/viniciojarquin.com\/blog\/#website"},"primaryImageOfPage":{"@id":"https:\/\/viniciojarquin.com\/blog\/una-manana-con-lisbeth-quesada-tristancandidata-a-la-presidencia-de-la-republica-periodo-2026-2030\/#primaryimage"},"image":{"@id":"https:\/\/viniciojarquin.com\/blog\/una-manana-con-lisbeth-quesada-tristancandidata-a-la-presidencia-de-la-republica-periodo-2026-2030\/#primaryimage"},"thumbnailUrl":"https:\/\/viniciojarquin.com\/blog\/wp-content\/uploads\/2025\/12\/Lisbeth-Quesada.jpeg","datePublished":"2025-12-18T03:42:11+00:00","dateModified":"2026-01-05T02:40:06+00:00","breadcrumb":{"@id":"https:\/\/viniciojarquin.com\/blog\/una-manana-con-lisbeth-quesada-tristancandidata-a-la-presidencia-de-la-republica-periodo-2026-2030\/#breadcrumb"},"inLanguage":"es","potentialAction":[{"@type":"ReadAction","target":["https:\/\/viniciojarquin.com\/blog\/una-manana-con-lisbeth-quesada-tristancandidata-a-la-presidencia-de-la-republica-periodo-2026-2030\/"]}]},{"@type":"ImageObject","inLanguage":"es","@id":"https:\/\/viniciojarquin.com\/blog\/una-manana-con-lisbeth-quesada-tristancandidata-a-la-presidencia-de-la-republica-periodo-2026-2030\/#primaryimage","url":"https:\/\/viniciojarquin.com\/blog\/wp-content\/uploads\/2025\/12\/Lisbeth-Quesada.jpeg","contentUrl":"https:\/\/viniciojarquin.com\/blog\/wp-content\/uploads\/2025\/12\/Lisbeth-Quesada.jpeg","width":800,"height":600},{"@type":"BreadcrumbList","@id":"https:\/\/viniciojarquin.com\/blog\/una-manana-con-lisbeth-quesada-tristancandidata-a-la-presidencia-de-la-republica-periodo-2026-2030\/#breadcrumb","itemListElement":[{"@type":"ListItem","position":1,"name":"Portada","item":"https:\/\/viniciojarquin.com\/blog\/"},{"@type":"ListItem","position":2,"name":"Una ma\u00f1ana con Lisbeth Quesada Trist\u00e1n"}]},{"@type":"WebSite","@id":"https:\/\/viniciojarquin.com\/blog\/#website","url":"https:\/\/viniciojarquin.com\/blog\/","name":"Vinicio Jarqu\u00edn BLOG","description":"","publisher":{"@id":"https:\/\/viniciojarquin.com\/blog\/#\/schema\/person\/90100c8845ae55462ec0657d3d2f8d3b"},"potentialAction":[{"@type":"SearchAction","target":{"@type":"EntryPoint","urlTemplate":"https:\/\/viniciojarquin.com\/blog\/?s={search_term_string}"},"query-input":{"@type":"PropertyValueSpecification","valueRequired":true,"valueName":"search_term_string"}}],"inLanguage":"es"},{"@type":["Person","Organization"],"@id":"https:\/\/viniciojarquin.com\/blog\/#\/schema\/person\/90100c8845ae55462ec0657d3d2f8d3b","name":"Vinicio Jarqu\u00edn","image":{"@type":"ImageObject","inLanguage":"es","@id":"https:\/\/viniciojarquin.com\/blog\/#\/schema\/person\/image\/","url":"https:\/\/viniciojarquin.com\/blog\/wp-content\/uploads\/2024\/10\/Logo-VinicioJarquin-original-400.png","contentUrl":"https:\/\/viniciojarquin.com\/blog\/wp-content\/uploads\/2024\/10\/Logo-VinicioJarquin-original-400.png","width":400,"height":130,"caption":"Vinicio Jarqu\u00edn"},"logo":{"@id":"https:\/\/viniciojarquin.com\/blog\/#\/schema\/person\/image\/"},"description":"Empresario textil, artista pl\u00e1stico, escritor, coach de vida y fot\u00f3grafo.","sameAs":["https:\/\/viniciojarquin.com\/blog","https:\/\/www.facebook.com\/vinicio.jarquin","https:\/\/www.instagram.com\/vinicio_jarquin\/","https:\/\/www.pinterest.com\/vinnyjc\/","https:\/\/www.youtube.com\/@VinicioJarquin"],"url":"https:\/\/viniciojarquin.com\/blog\/author\/admin_s02au25i\/"}]}},"blog_post_layout_featured_media_urls":{"thumbnail":["https:\/\/viniciojarquin.com\/blog\/wp-content\/uploads\/2025\/12\/Lisbeth-Quesada-150x150.jpeg",150,150,true],"full":["https:\/\/viniciojarquin.com\/blog\/wp-content\/uploads\/2025\/12\/Lisbeth-Quesada.jpeg",800,600,false]},"categories_names":{"17":{"name":"Elecciones 2026","link":"https:\/\/viniciojarquin.com\/blog\/category\/elecciones-2026\/"},"30":{"name":"Entrevistas Elecciones 2026","link":"https:\/\/viniciojarquin.com\/blog\/category\/entrevistas\/"}},"tags_names":[],"comments_number":"0","_links":{"self":[{"href":"https:\/\/viniciojarquin.com\/blog\/wp-json\/wp\/v2\/posts\/1931","targetHints":{"allow":["GET"]}}],"collection":[{"href":"https:\/\/viniciojarquin.com\/blog\/wp-json\/wp\/v2\/posts"}],"about":[{"href":"https:\/\/viniciojarquin.com\/blog\/wp-json\/wp\/v2\/types\/post"}],"author":[{"embeddable":true,"href":"https:\/\/viniciojarquin.com\/blog\/wp-json\/wp\/v2\/users\/1"}],"replies":[{"embeddable":true,"href":"https:\/\/viniciojarquin.com\/blog\/wp-json\/wp\/v2\/comments?post=1931"}],"version-history":[{"count":2,"href":"https:\/\/viniciojarquin.com\/blog\/wp-json\/wp\/v2\/posts\/1931\/revisions"}],"predecessor-version":[{"id":1972,"href":"https:\/\/viniciojarquin.com\/blog\/wp-json\/wp\/v2\/posts\/1931\/revisions\/1972"}],"wp:featuredmedia":[{"embeddable":true,"href":"https:\/\/viniciojarquin.com\/blog\/wp-json\/wp\/v2\/media\/1932"}],"wp:attachment":[{"href":"https:\/\/viniciojarquin.com\/blog\/wp-json\/wp\/v2\/media?parent=1931"}],"wp:term":[{"taxonomy":"category","embeddable":true,"href":"https:\/\/viniciojarquin.com\/blog\/wp-json\/wp\/v2\/categories?post=1931"},{"taxonomy":"post_tag","embeddable":true,"href":"https:\/\/viniciojarquin.com\/blog\/wp-json\/wp\/v2\/tags?post=1931"}],"curies":[{"name":"wp","href":"https:\/\/api.w.org\/{rel}","templated":true}]}}