{"id":1936,"date":"2025-12-18T04:18:43","date_gmt":"2025-12-18T04:18:43","guid":{"rendered":"https:\/\/viniciojarquin.com\/blog\/?p=1936"},"modified":"2025-12-18T04:18:46","modified_gmt":"2025-12-18T04:18:46","slug":"no-fue-que-cambiamos-fue-que-nos-dividieron","status":"publish","type":"post","link":"https:\/\/viniciojarquin.com\/blog\/no-fue-que-cambiamos-fue-que-nos-dividieron\/","title":{"rendered":"No fue que cambiamos, fue que nos dividieron"},"content":{"rendered":"\n<p>Alguien me preguntaba, con genuina preocupaci\u00f3n, qu\u00e9 pas\u00f3 con los costarricenses. En qu\u00e9 momento cambiamos tanto. En qu\u00e9 momento dejamos los valores. En qu\u00e9 momento dejamos de creer. La pregunta ven\u00eda cargada de nostalgia, casi de duelo, como si el pa\u00eds que conoc\u00edamos se hubiera evaporado de un d\u00eda para otro.<\/p>\n\n\n\n<p>Y mi respuesta fue inmediata, casi instintiva: no, no es as\u00ed.<\/p>\n\n\n\n<p>No es cierto que <em>los costarricenses<\/em> hayamos cambiado como un todo. Costa Rica no es un bloque homog\u00e9neo que piensa, siente y reacciona de la misma manera. Cada persona es lo que es cada persona. Siempre ha sido as\u00ed.<\/p>\n\n\n\n<p>Lo que s\u00ed ocurri\u00f3 fue otra cosa.<\/p>\n\n\n\n<p>Durante mucho tiempo, mientras las circunstancias eran similares para todos, escuch\u00e1bamos una misma m\u00fasica. Democracia. Libertad. Institucionalidad. Estado de Derecho. Conversaciones largas. Acuerdos imperfectos. Cr\u00edticas duras, s\u00ed, pero dentro de un marco compartido. No pens\u00e1bamos igual en todo, pero sintoniz\u00e1bamos la misma frecuencia b\u00e1sica.<\/p>\n\n\n\n<p>Y entonces apareci\u00f3 alguien con un silbato.<\/p>\n\n\n\n<p>No fue un golpe, ni una invasi\u00f3n, ni una ruptura evidente. Fue un llamado distinto. Una frecuencia nueva. M\u00e1s aguda. M\u00e1s emocional. M\u00e1s simple. Un sonido que no todos escuchan\u2026 pero que quienes lo escuchan, ya no pueden dejar de seguir.<\/p>\n\n\n\n<p>Como en la historia del flautista de Hamelin, el silbato no obliga. No empuja. No amenaza. Seduce. Promete orden, castigo a los culpables, respuestas f\u00e1ciles, certezas r\u00e1pidas. Y quienes logran escuchar esa frecuencia empiezan a caminar detr\u00e1s del sonido sin cuestionar demasiado el camino.<\/p>\n\n\n\n<p>Ah\u00ed es donde ocurre la divisi\u00f3n.<\/p>\n\n\n\n<p>No porque unos sean malos y otros buenos. No porque unos sean inteligentes y otros no. Sino porque ya no estamos escuchando la misma m\u00fasica. Mientras unos siguen oyendo democracia, institucionalidad y l\u00edmites al poder, otros responden a un llamado distinto, uno que les habla directo al enojo, al cansancio, al hartazgo acumulado.<\/p>\n\n\n\n<p>Y cuando eso pasa, el di\u00e1logo se vuelve dif\u00edcil. Porque no es que no nos entendamos\u2026 es que no estamos oyendo lo mismo.<\/p>\n\n\n\n<p>Quienes responden a esa frecuencia alta no sienten que est\u00e9n abandonando valores. Sienten que, por fin, alguien los escucha. Y en ese acto de sentirse vistos, dejan de cuestionar. No porque no puedan, sino porque el silbato les promete algo m\u00e1s inmediato que la duda: pertenencia, identidad, direcci\u00f3n.<\/p>\n\n\n\n<p>El problema no es que el pa\u00eds piense distinto. Eso siempre ha sido as\u00ed. El problema es cuando una parte del pa\u00eds deja de cuestionar el sonido que sigue, y otra parte se queda pregunt\u00e1ndose qu\u00e9 fue lo que pas\u00f3.<\/p>\n\n\n\n<p>No fue que dejamos de creer. No fue que perdimos los valores. Fue que dejamos de escuchar todos la misma frecuencia.<\/p>\n\n\n\n<p>Y la historia ense\u00f1a algo importante: los flautistas no gobiernan para siempre. El sonido cansa. La marcha se agota. Y cuando el ruido baja, muchas personas despiertan pregunt\u00e1ndose c\u00f3mo llegaron tan lejos sin haberse detenido a pensar.<\/p>\n\n\n\n<p>Ah\u00ed es donde hace falta algo esencial: calma. Calma para volver a escucharnos. Calma para bajar el volumen del silbato. Calma para recordar cu\u00e1l era la m\u00fasica que, con todas sus imperfecciones, nos permit\u00eda convivir.<\/p>\n\n\n\n<p>Apaciguar el ser interior no es desconectarse. Es recuperar la capacidad de cuestionar el sonido que seguimos.<\/p>\n\n\n\n<p>Porque cuando volvemos a escuchar con conciencia, el pa\u00eds no desaparece. El pa\u00eds vuelve a aparecer.<\/p>\n\n\n\n<figure class=\"wp-block-image size-full\"><img decoding=\"async\" width=\"800\" height=\"500\" data-src=\"https:\/\/viniciojarquin.com\/blog\/wp-content\/uploads\/2025\/12\/Articulo.jpg\" alt=\"\" class=\"wp-image-1753 lazyload\" data-srcset=\"https:\/\/viniciojarquin.com\/blog\/wp-content\/uploads\/2025\/12\/Articulo.jpg 800w, https:\/\/viniciojarquin.com\/blog\/wp-content\/uploads\/2025\/12\/Articulo-300x188.jpg 300w, https:\/\/viniciojarquin.com\/blog\/wp-content\/uploads\/2025\/12\/Articulo-768x480.jpg 768w\" data-sizes=\"(max-width: 800px) 100vw, 800px\" src=\"data:image\/svg+xml;base64,PHN2ZyB3aWR0aD0iMSIgaGVpZ2h0PSIxIiB4bWxucz0iaHR0cDovL3d3dy53My5vcmcvMjAwMC9zdmciPjwvc3ZnPg==\" style=\"--smush-placeholder-width: 800px; --smush-placeholder-aspect-ratio: 800\/500;\" \/><\/figure>\n","protected":false},"excerpt":{"rendered":"<p>Alguien me preguntaba, con genuina preocupaci\u00f3n, qu\u00e9 pas\u00f3 con los costarricenses. En qu\u00e9 momento cambiamos tanto. En qu\u00e9 momento dejamos [&hellip;]<\/p>\n","protected":false},"author":1,"featured_media":1753,"comment_status":"open","ping_status":"open","sticky":false,"template":"","format":"standard","meta":{"site-sidebar-layout":"default","site-content-layout":"","ast-site-content-layout":"","site-content-style":"default","site-sidebar-style":"default","ast-global-header-display":"","ast-banner-title-visibility":"","ast-main-header-display":"","ast-hfb-above-header-display":"","ast-hfb-below-header-display":"","ast-hfb-mobile-header-display":"","site-post-title":"","ast-breadcrumbs-content":"","ast-featured-img":"","footer-sml-layout":"","theme-transparent-header-meta":"","adv-header-id-meta":"","stick-header-meta":"","header-above-stick-meta":"","header-main-stick-meta":"","header-below-stick-meta":"","astra-migrate-meta-layouts":"default","ast-page-background-enabled":"default","ast-page-background-meta":{"desktop":{"background-color":"var(--ast-global-color-5)","background-image":"","background-repeat":"repeat","background-position":"center center","background-size":"auto","background-attachment":"scroll","background-type":"","background-media":"","overlay-type":"","overlay-color":"","overlay-opacity":"","overlay-gradient":""},"tablet":{"background-color":"","background-image":"","background-repeat":"repeat","background-position":"center center","background-size":"auto","background-attachment":"scroll","background-type":"","background-media":"","overlay-type":"","overlay-color":"","overlay-opacity":"","overlay-gradient":""},"mobile":{"background-color":"","background-image":"","background-repeat":"repeat","background-position":"center center","background-size":"auto","background-attachment":"scroll","background-type":"","background-media":"","overlay-type":"","overlay-color":"","overlay-opacity":"","overlay-gradient":""}},"ast-content-background-meta":{"desktop":{"background-color":"var(--ast-global-color-4)","background-image":"","background-repeat":"repeat","background-position":"center center","background-size":"auto","background-attachment":"scroll","background-type":"","background-media":"","overlay-type":"","overlay-color":"","overlay-opacity":"","overlay-gradient":""},"tablet":{"background-color":"var(--ast-global-color-4)","background-image":"","background-repeat":"repeat","background-position":"center center","background-size":"auto","background-attachment":"scroll","background-type":"","background-media":"","overlay-type":"","overlay-color":"","overlay-opacity":"","overlay-gradient":""},"mobile":{"background-color":"var(--ast-global-color-4)","background-image":"","background-repeat":"repeat","background-position":"center center","background-size":"auto","background-attachment":"scroll","background-type":"","background-media":"","overlay-type":"","overlay-color":"","overlay-opacity":"","overlay-gradient":""}},"footnotes":""},"categories":[17],"tags":[],"class_list":["post-1936","post","type-post","status-publish","format-standard","has-post-thumbnail","hentry","category-elecciones-2026"],"yoast_head":"<!-- This site is optimized with the Yoast SEO plugin v26.0 - https:\/\/yoast.com\/wordpress\/plugins\/seo\/ -->\n<title>No fue que cambiamos, fue que nos dividieron - MI BLOG<\/title>\n<meta name=\"robots\" content=\"index, follow, max-snippet:-1, max-image-preview:large, max-video-preview:-1\" \/>\n<link rel=\"canonical\" href=\"https:\/\/viniciojarquin.com\/blog\/no-fue-que-cambiamos-fue-que-nos-dividieron\/\" \/>\n<meta property=\"og:locale\" content=\"es_ES\" \/>\n<meta property=\"og:type\" content=\"article\" \/>\n<meta property=\"og:title\" content=\"No fue que cambiamos, fue que nos dividieron - MI BLOG\" \/>\n<meta property=\"og:description\" content=\"Alguien me preguntaba, con genuina preocupaci\u00f3n, qu\u00e9 pas\u00f3 con los costarricenses. En qu\u00e9 momento cambiamos tanto. En qu\u00e9 momento dejamos [&hellip;]\" \/>\n<meta property=\"og:url\" content=\"https:\/\/viniciojarquin.com\/blog\/no-fue-que-cambiamos-fue-que-nos-dividieron\/\" \/>\n<meta property=\"og:site_name\" content=\"MI BLOG\" \/>\n<meta property=\"article:publisher\" content=\"https:\/\/www.facebook.com\/vinicio.jarquin\" \/>\n<meta property=\"article:author\" content=\"https:\/\/www.facebook.com\/vinicio.jarquin\" \/>\n<meta property=\"article:published_time\" content=\"2025-12-18T04:18:43+00:00\" \/>\n<meta property=\"article:modified_time\" content=\"2025-12-18T04:18:46+00:00\" \/>\n<meta property=\"og:image\" content=\"https:\/\/viniciojarquin.com\/blog\/wp-content\/uploads\/2025\/12\/Articulo.jpg\" \/>\n\t<meta property=\"og:image:width\" content=\"800\" \/>\n\t<meta property=\"og:image:height\" content=\"500\" \/>\n\t<meta property=\"og:image:type\" content=\"image\/jpeg\" \/>\n<meta name=\"author\" content=\"Vinicio Jarqu\u00edn\" \/>\n<meta name=\"twitter:card\" content=\"summary_large_image\" \/>\n<meta name=\"twitter:label1\" content=\"Escrito por\" \/>\n\t<meta name=\"twitter:data1\" content=\"Vinicio Jarqu\u00edn\" \/>\n\t<meta name=\"twitter:label2\" content=\"Tiempo de lectura\" \/>\n\t<meta name=\"twitter:data2\" content=\"3 minutos\" \/>\n<script type=\"application\/ld+json\" class=\"yoast-schema-graph\">{\"@context\":\"https:\/\/schema.org\",\"@graph\":[{\"@type\":\"Article\",\"@id\":\"https:\/\/viniciojarquin.com\/blog\/no-fue-que-cambiamos-fue-que-nos-dividieron\/#article\",\"isPartOf\":{\"@id\":\"https:\/\/viniciojarquin.com\/blog\/no-fue-que-cambiamos-fue-que-nos-dividieron\/\"},\"author\":{\"name\":\"Vinicio Jarqu\u00edn\",\"@id\":\"https:\/\/viniciojarquin.com\/blog\/#\/schema\/person\/90100c8845ae55462ec0657d3d2f8d3b\"},\"headline\":\"No fue que cambiamos, fue que nos dividieron\",\"datePublished\":\"2025-12-18T04:18:43+00:00\",\"dateModified\":\"2025-12-18T04:18:46+00:00\",\"mainEntityOfPage\":{\"@id\":\"https:\/\/viniciojarquin.com\/blog\/no-fue-que-cambiamos-fue-que-nos-dividieron\/\"},\"wordCount\":586,\"commentCount\":0,\"publisher\":{\"@id\":\"https:\/\/viniciojarquin.com\/blog\/#\/schema\/person\/90100c8845ae55462ec0657d3d2f8d3b\"},\"image\":{\"@id\":\"https:\/\/viniciojarquin.com\/blog\/no-fue-que-cambiamos-fue-que-nos-dividieron\/#primaryimage\"},\"thumbnailUrl\":\"https:\/\/viniciojarquin.com\/blog\/wp-content\/uploads\/2025\/12\/Articulo.jpg\",\"articleSection\":[\"Elecciones 2026\"],\"inLanguage\":\"es\",\"potentialAction\":[{\"@type\":\"CommentAction\",\"name\":\"Comment\",\"target\":[\"https:\/\/viniciojarquin.com\/blog\/no-fue-que-cambiamos-fue-que-nos-dividieron\/#respond\"]}]},{\"@type\":\"WebPage\",\"@id\":\"https:\/\/viniciojarquin.com\/blog\/no-fue-que-cambiamos-fue-que-nos-dividieron\/\",\"url\":\"https:\/\/viniciojarquin.com\/blog\/no-fue-que-cambiamos-fue-que-nos-dividieron\/\",\"name\":\"No fue que cambiamos, fue que nos dividieron - MI BLOG\",\"isPartOf\":{\"@id\":\"https:\/\/viniciojarquin.com\/blog\/#website\"},\"primaryImageOfPage\":{\"@id\":\"https:\/\/viniciojarquin.com\/blog\/no-fue-que-cambiamos-fue-que-nos-dividieron\/#primaryimage\"},\"image\":{\"@id\":\"https:\/\/viniciojarquin.com\/blog\/no-fue-que-cambiamos-fue-que-nos-dividieron\/#primaryimage\"},\"thumbnailUrl\":\"https:\/\/viniciojarquin.com\/blog\/wp-content\/uploads\/2025\/12\/Articulo.jpg\",\"datePublished\":\"2025-12-18T04:18:43+00:00\",\"dateModified\":\"2025-12-18T04:18:46+00:00\",\"breadcrumb\":{\"@id\":\"https:\/\/viniciojarquin.com\/blog\/no-fue-que-cambiamos-fue-que-nos-dividieron\/#breadcrumb\"},\"inLanguage\":\"es\",\"potentialAction\":[{\"@type\":\"ReadAction\",\"target\":[\"https:\/\/viniciojarquin.com\/blog\/no-fue-que-cambiamos-fue-que-nos-dividieron\/\"]}]},{\"@type\":\"ImageObject\",\"inLanguage\":\"es\",\"@id\":\"https:\/\/viniciojarquin.com\/blog\/no-fue-que-cambiamos-fue-que-nos-dividieron\/#primaryimage\",\"url\":\"https:\/\/viniciojarquin.com\/blog\/wp-content\/uploads\/2025\/12\/Articulo.jpg\",\"contentUrl\":\"https:\/\/viniciojarquin.com\/blog\/wp-content\/uploads\/2025\/12\/Articulo.jpg\",\"width\":800,\"height\":500},{\"@type\":\"BreadcrumbList\",\"@id\":\"https:\/\/viniciojarquin.com\/blog\/no-fue-que-cambiamos-fue-que-nos-dividieron\/#breadcrumb\",\"itemListElement\":[{\"@type\":\"ListItem\",\"position\":1,\"name\":\"Portada\",\"item\":\"https:\/\/viniciojarquin.com\/blog\/\"},{\"@type\":\"ListItem\",\"position\":2,\"name\":\"No fue que cambiamos, fue que nos dividieron\"}]},{\"@type\":\"WebSite\",\"@id\":\"https:\/\/viniciojarquin.com\/blog\/#website\",\"url\":\"https:\/\/viniciojarquin.com\/blog\/\",\"name\":\"Vinicio Jarqu\u00edn BLOG\",\"description\":\"\",\"publisher\":{\"@id\":\"https:\/\/viniciojarquin.com\/blog\/#\/schema\/person\/90100c8845ae55462ec0657d3d2f8d3b\"},\"potentialAction\":[{\"@type\":\"SearchAction\",\"target\":{\"@type\":\"EntryPoint\",\"urlTemplate\":\"https:\/\/viniciojarquin.com\/blog\/?s={search_term_string}\"},\"query-input\":{\"@type\":\"PropertyValueSpecification\",\"valueRequired\":true,\"valueName\":\"search_term_string\"}}],\"inLanguage\":\"es\"},{\"@type\":[\"Person\",\"Organization\"],\"@id\":\"https:\/\/viniciojarquin.com\/blog\/#\/schema\/person\/90100c8845ae55462ec0657d3d2f8d3b\",\"name\":\"Vinicio Jarqu\u00edn\",\"image\":{\"@type\":\"ImageObject\",\"inLanguage\":\"es\",\"@id\":\"https:\/\/viniciojarquin.com\/blog\/#\/schema\/person\/image\/\",\"url\":\"https:\/\/viniciojarquin.com\/blog\/wp-content\/uploads\/2024\/10\/Logo-VinicioJarquin-original-400.png\",\"contentUrl\":\"https:\/\/viniciojarquin.com\/blog\/wp-content\/uploads\/2024\/10\/Logo-VinicioJarquin-original-400.png\",\"width\":400,\"height\":130,\"caption\":\"Vinicio Jarqu\u00edn\"},\"logo\":{\"@id\":\"https:\/\/viniciojarquin.com\/blog\/#\/schema\/person\/image\/\"},\"description\":\"Empresario textil, artista pl\u00e1stico, escritor, coach de vida y fot\u00f3grafo.\",\"sameAs\":[\"https:\/\/viniciojarquin.com\/blog\",\"https:\/\/www.facebook.com\/vinicio.jarquin\",\"https:\/\/www.instagram.com\/vinicio_jarquin\/\",\"https:\/\/www.pinterest.com\/vinnyjc\/\",\"https:\/\/www.youtube.com\/@VinicioJarquin\"],\"url\":\"https:\/\/viniciojarquin.com\/blog\/author\/admin_s02au25i\/\"}]}<\/script>\n<!-- \/ Yoast SEO plugin. -->","yoast_head_json":{"title":"No fue que cambiamos, fue que nos dividieron - MI BLOG","robots":{"index":"index","follow":"follow","max-snippet":"max-snippet:-1","max-image-preview":"max-image-preview:large","max-video-preview":"max-video-preview:-1"},"canonical":"https:\/\/viniciojarquin.com\/blog\/no-fue-que-cambiamos-fue-que-nos-dividieron\/","og_locale":"es_ES","og_type":"article","og_title":"No fue que cambiamos, fue que nos dividieron - MI BLOG","og_description":"Alguien me preguntaba, con genuina preocupaci\u00f3n, qu\u00e9 pas\u00f3 con los costarricenses. En qu\u00e9 momento cambiamos tanto. En qu\u00e9 momento dejamos [&hellip;]","og_url":"https:\/\/viniciojarquin.com\/blog\/no-fue-que-cambiamos-fue-que-nos-dividieron\/","og_site_name":"MI BLOG","article_publisher":"https:\/\/www.facebook.com\/vinicio.jarquin","article_author":"https:\/\/www.facebook.com\/vinicio.jarquin","article_published_time":"2025-12-18T04:18:43+00:00","article_modified_time":"2025-12-18T04:18:46+00:00","og_image":[{"width":800,"height":500,"url":"https:\/\/viniciojarquin.com\/blog\/wp-content\/uploads\/2025\/12\/Articulo.jpg","type":"image\/jpeg"}],"author":"Vinicio Jarqu\u00edn","twitter_card":"summary_large_image","twitter_misc":{"Escrito por":"Vinicio Jarqu\u00edn","Tiempo de lectura":"3 minutos"},"schema":{"@context":"https:\/\/schema.org","@graph":[{"@type":"Article","@id":"https:\/\/viniciojarquin.com\/blog\/no-fue-que-cambiamos-fue-que-nos-dividieron\/#article","isPartOf":{"@id":"https:\/\/viniciojarquin.com\/blog\/no-fue-que-cambiamos-fue-que-nos-dividieron\/"},"author":{"name":"Vinicio Jarqu\u00edn","@id":"https:\/\/viniciojarquin.com\/blog\/#\/schema\/person\/90100c8845ae55462ec0657d3d2f8d3b"},"headline":"No fue que cambiamos, fue que nos dividieron","datePublished":"2025-12-18T04:18:43+00:00","dateModified":"2025-12-18T04:18:46+00:00","mainEntityOfPage":{"@id":"https:\/\/viniciojarquin.com\/blog\/no-fue-que-cambiamos-fue-que-nos-dividieron\/"},"wordCount":586,"commentCount":0,"publisher":{"@id":"https:\/\/viniciojarquin.com\/blog\/#\/schema\/person\/90100c8845ae55462ec0657d3d2f8d3b"},"image":{"@id":"https:\/\/viniciojarquin.com\/blog\/no-fue-que-cambiamos-fue-que-nos-dividieron\/#primaryimage"},"thumbnailUrl":"https:\/\/viniciojarquin.com\/blog\/wp-content\/uploads\/2025\/12\/Articulo.jpg","articleSection":["Elecciones 2026"],"inLanguage":"es","potentialAction":[{"@type":"CommentAction","name":"Comment","target":["https:\/\/viniciojarquin.com\/blog\/no-fue-que-cambiamos-fue-que-nos-dividieron\/#respond"]}]},{"@type":"WebPage","@id":"https:\/\/viniciojarquin.com\/blog\/no-fue-que-cambiamos-fue-que-nos-dividieron\/","url":"https:\/\/viniciojarquin.com\/blog\/no-fue-que-cambiamos-fue-que-nos-dividieron\/","name":"No fue que cambiamos, fue que nos dividieron - MI BLOG","isPartOf":{"@id":"https:\/\/viniciojarquin.com\/blog\/#website"},"primaryImageOfPage":{"@id":"https:\/\/viniciojarquin.com\/blog\/no-fue-que-cambiamos-fue-que-nos-dividieron\/#primaryimage"},"image":{"@id":"https:\/\/viniciojarquin.com\/blog\/no-fue-que-cambiamos-fue-que-nos-dividieron\/#primaryimage"},"thumbnailUrl":"https:\/\/viniciojarquin.com\/blog\/wp-content\/uploads\/2025\/12\/Articulo.jpg","datePublished":"2025-12-18T04:18:43+00:00","dateModified":"2025-12-18T04:18:46+00:00","breadcrumb":{"@id":"https:\/\/viniciojarquin.com\/blog\/no-fue-que-cambiamos-fue-que-nos-dividieron\/#breadcrumb"},"inLanguage":"es","potentialAction":[{"@type":"ReadAction","target":["https:\/\/viniciojarquin.com\/blog\/no-fue-que-cambiamos-fue-que-nos-dividieron\/"]}]},{"@type":"ImageObject","inLanguage":"es","@id":"https:\/\/viniciojarquin.com\/blog\/no-fue-que-cambiamos-fue-que-nos-dividieron\/#primaryimage","url":"https:\/\/viniciojarquin.com\/blog\/wp-content\/uploads\/2025\/12\/Articulo.jpg","contentUrl":"https:\/\/viniciojarquin.com\/blog\/wp-content\/uploads\/2025\/12\/Articulo.jpg","width":800,"height":500},{"@type":"BreadcrumbList","@id":"https:\/\/viniciojarquin.com\/blog\/no-fue-que-cambiamos-fue-que-nos-dividieron\/#breadcrumb","itemListElement":[{"@type":"ListItem","position":1,"name":"Portada","item":"https:\/\/viniciojarquin.com\/blog\/"},{"@type":"ListItem","position":2,"name":"No fue que cambiamos, fue que nos dividieron"}]},{"@type":"WebSite","@id":"https:\/\/viniciojarquin.com\/blog\/#website","url":"https:\/\/viniciojarquin.com\/blog\/","name":"Vinicio Jarqu\u00edn BLOG","description":"","publisher":{"@id":"https:\/\/viniciojarquin.com\/blog\/#\/schema\/person\/90100c8845ae55462ec0657d3d2f8d3b"},"potentialAction":[{"@type":"SearchAction","target":{"@type":"EntryPoint","urlTemplate":"https:\/\/viniciojarquin.com\/blog\/?s={search_term_string}"},"query-input":{"@type":"PropertyValueSpecification","valueRequired":true,"valueName":"search_term_string"}}],"inLanguage":"es"},{"@type":["Person","Organization"],"@id":"https:\/\/viniciojarquin.com\/blog\/#\/schema\/person\/90100c8845ae55462ec0657d3d2f8d3b","name":"Vinicio Jarqu\u00edn","image":{"@type":"ImageObject","inLanguage":"es","@id":"https:\/\/viniciojarquin.com\/blog\/#\/schema\/person\/image\/","url":"https:\/\/viniciojarquin.com\/blog\/wp-content\/uploads\/2024\/10\/Logo-VinicioJarquin-original-400.png","contentUrl":"https:\/\/viniciojarquin.com\/blog\/wp-content\/uploads\/2024\/10\/Logo-VinicioJarquin-original-400.png","width":400,"height":130,"caption":"Vinicio Jarqu\u00edn"},"logo":{"@id":"https:\/\/viniciojarquin.com\/blog\/#\/schema\/person\/image\/"},"description":"Empresario textil, artista pl\u00e1stico, escritor, coach de vida y fot\u00f3grafo.","sameAs":["https:\/\/viniciojarquin.com\/blog","https:\/\/www.facebook.com\/vinicio.jarquin","https:\/\/www.instagram.com\/vinicio_jarquin\/","https:\/\/www.pinterest.com\/vinnyjc\/","https:\/\/www.youtube.com\/@VinicioJarquin"],"url":"https:\/\/viniciojarquin.com\/blog\/author\/admin_s02au25i\/"}]}},"blog_post_layout_featured_media_urls":{"thumbnail":["https:\/\/viniciojarquin.com\/blog\/wp-content\/uploads\/2025\/12\/Articulo-150x150.jpg",150,150,true],"full":["https:\/\/viniciojarquin.com\/blog\/wp-content\/uploads\/2025\/12\/Articulo.jpg",800,500,false]},"categories_names":{"17":{"name":"Elecciones 2026","link":"https:\/\/viniciojarquin.com\/blog\/category\/elecciones-2026\/"}},"tags_names":[],"comments_number":"0","_links":{"self":[{"href":"https:\/\/viniciojarquin.com\/blog\/wp-json\/wp\/v2\/posts\/1936","targetHints":{"allow":["GET"]}}],"collection":[{"href":"https:\/\/viniciojarquin.com\/blog\/wp-json\/wp\/v2\/posts"}],"about":[{"href":"https:\/\/viniciojarquin.com\/blog\/wp-json\/wp\/v2\/types\/post"}],"author":[{"embeddable":true,"href":"https:\/\/viniciojarquin.com\/blog\/wp-json\/wp\/v2\/users\/1"}],"replies":[{"embeddable":true,"href":"https:\/\/viniciojarquin.com\/blog\/wp-json\/wp\/v2\/comments?post=1936"}],"version-history":[{"count":1,"href":"https:\/\/viniciojarquin.com\/blog\/wp-json\/wp\/v2\/posts\/1936\/revisions"}],"predecessor-version":[{"id":1937,"href":"https:\/\/viniciojarquin.com\/blog\/wp-json\/wp\/v2\/posts\/1936\/revisions\/1937"}],"wp:featuredmedia":[{"embeddable":true,"href":"https:\/\/viniciojarquin.com\/blog\/wp-json\/wp\/v2\/media\/1753"}],"wp:attachment":[{"href":"https:\/\/viniciojarquin.com\/blog\/wp-json\/wp\/v2\/media?parent=1936"}],"wp:term":[{"taxonomy":"category","embeddable":true,"href":"https:\/\/viniciojarquin.com\/blog\/wp-json\/wp\/v2\/categories?post=1936"},{"taxonomy":"post_tag","embeddable":true,"href":"https:\/\/viniciojarquin.com\/blog\/wp-json\/wp\/v2\/tags?post=1936"}],"curies":[{"name":"wp","href":"https:\/\/api.w.org\/{rel}","templated":true}]}}