{"id":1940,"date":"2025-12-18T04:30:05","date_gmt":"2025-12-18T04:30:05","guid":{"rendered":"https:\/\/viniciojarquin.com\/blog\/?p=1940"},"modified":"2025-12-18T04:30:08","modified_gmt":"2025-12-18T04:30:08","slug":"cuando-el-rotulo-ya-no-explica-la-realidad","status":"publish","type":"post","link":"https:\/\/viniciojarquin.com\/blog\/cuando-el-rotulo-ya-no-explica-la-realidad\/","title":{"rendered":"Cuando el r\u00f3tulo ya no explica la realidad"},"content":{"rendered":"\n<p>A quienes hoy siguen se\u00f1alando al Partido Liberaci\u00f3n Nacional casi por reflejo, quiero decirles algo con calma y sin \u00e1nimo de provocar. El PLN que muchos critican ya no es, ni de lejos, el mismo de otras \u00e9pocas. Hoy, en gran medida, el partido es poco m\u00e1s que los colores de la bandera. Y decir esto no es defenderlo ni atacarlo; es simplemente describir una realidad pol\u00edtica que muchos prefieren no mirar.<\/p>\n\n\n\n<p>Las grandes figuras hist\u00f3ricas se retiraron. Los Arias ya no est\u00e1n. Muchos dirigentes conocidos salieron por decisi\u00f3n propia o fueron desplazados de distintas formas. Y una parte importante de quienes cargaban cuestionamientos, pol\u00e9micas o pr\u00e1cticas que tanto se critican no desaparecieron: se trasladaron. Hoy militan, apoyan o gravitan alrededor del partido de gobierno. Eso tambi\u00e9n hay que decirlo, aunque incomode.<\/p>\n\n\n\n<p>Por eso resulta curioso ver c\u00f3mo desde el oficialismo se sigue usando a Liberaci\u00f3n Nacional como sin\u00f3nimo autom\u00e1tico de corrupci\u00f3n. Porque cada vez que se se\u00f1ala la corrupci\u00f3n de Liberaci\u00f3n desde ese lugar de poder, lo que en realidad se est\u00e1 confesando \u2014aunque no se note\u2014 es que este oficialismo est\u00e1 lleno de esas mismas pr\u00e1cticas. Si no, \u00bfde d\u00f3nde vienen? \u00bfDe qu\u00e9 cantera salieron muchas de las figuras que hoy sostienen el gobierno?<\/p>\n\n\n\n<p>La pol\u00edtica tiene memoria, aunque algunos finjan amnesia. Las personas no se evaporan, se mueven. Cambian de partido, de discurso y de camiseta, pero no siempre cambian de forma de hacer las cosas. Por eso insistir en se\u00f1alar al PLN como el gran culpable de todo termina siendo una trampa discursiva para quien la usa.<\/p>\n\n\n\n<p>Cuida lo que dec\u00eds. Y cuida tambi\u00e9n lo que te dijeron que dijeras. Porque repetir consignas sin revisar el presente puede convertirse, sin darte cuenta, en soga pa\u2019 tu propio pescuezo.<\/p>\n\n\n\n<p>Tal vez ya es momento de dejar de pelear contra fantasmas del pasado y empezar a analizar con honestidad d\u00f3nde est\u00e1 hoy el poder, qui\u00e9nes lo ejercen y c\u00f3mo lo ejercen. No para absolver a nadie, sino para no seguir confundiendo al pa\u00eds. Porque en democracia, repetir discursos heredados sin pensamiento cr\u00edtico no es firmeza. Es distracci\u00f3n.<\/p>\n\n\n\n<p><strong>Los fantasmas ya no viven ah\u00ed<\/strong><\/p>\n\n\n\n<p>Cada vez que desde el oficialismo se critica al Partido Liberaci\u00f3n Nacional por corrupci\u00f3n, vale la pena detenerse un momento y observar el presente. Porque gran parte de esas figuras, pr\u00e1cticas y formas de hacer pol\u00edtica ya no est\u00e1n ah\u00ed. Se movieron. Hoy gravitan, militan o sostienen al partido de gobierno.<\/p>\n\n\n\n<p>Por eso insistir en atacar al PLN como si fuera el epicentro de todos los vicios termina siendo una confesi\u00f3n involuntaria. Cada se\u00f1alamiento repetido es, en el fondo, admitir que este oficialismo re\u00fane a buena parte de aquello que dice combatir.<\/p>\n\n\n\n<p>Tal vez ya es momento de dejar de pelear contra los fantasmas del pasado y empezar a analizar con honestidad d\u00f3nde est\u00e1 hoy el poder y qui\u00e9nes lo ejercen. Porque repetir viejos discursos sin mirar la realidad actual no es lucidez pol\u00edtica. Es negaci\u00f3n.<\/p>\n\n\n\n<figure class=\"wp-block-image size-full\"><img decoding=\"async\" width=\"800\" height=\"500\" data-src=\"https:\/\/viniciojarquin.com\/blog\/wp-content\/uploads\/2025\/12\/Articulo.jpg\" alt=\"\" class=\"wp-image-1753 lazyload\" data-srcset=\"https:\/\/viniciojarquin.com\/blog\/wp-content\/uploads\/2025\/12\/Articulo.jpg 800w, https:\/\/viniciojarquin.com\/blog\/wp-content\/uploads\/2025\/12\/Articulo-300x188.jpg 300w, https:\/\/viniciojarquin.com\/blog\/wp-content\/uploads\/2025\/12\/Articulo-768x480.jpg 768w\" data-sizes=\"(max-width: 800px) 100vw, 800px\" src=\"data:image\/svg+xml;base64,PHN2ZyB3aWR0aD0iMSIgaGVpZ2h0PSIxIiB4bWxucz0iaHR0cDovL3d3dy53My5vcmcvMjAwMC9zdmciPjwvc3ZnPg==\" style=\"--smush-placeholder-width: 800px; --smush-placeholder-aspect-ratio: 800\/500;\" \/><\/figure>\n","protected":false},"excerpt":{"rendered":"<p>A quienes hoy siguen se\u00f1alando al Partido Liberaci\u00f3n Nacional casi por reflejo, quiero decirles algo con calma y sin \u00e1nimo [&hellip;]<\/p>\n","protected":false},"author":1,"featured_media":1753,"comment_status":"open","ping_status":"open","sticky":false,"template":"","format":"standard","meta":{"site-sidebar-layout":"default","site-content-layout":"","ast-site-content-layout":"","site-content-style":"default","site-sidebar-style":"default","ast-global-header-display":"","ast-banner-title-visibility":"","ast-main-header-display":"","ast-hfb-above-header-display":"","ast-hfb-below-header-display":"","ast-hfb-mobile-header-display":"","site-post-title":"","ast-breadcrumbs-content":"","ast-featured-img":"","footer-sml-layout":"","theme-transparent-header-meta":"","adv-header-id-meta":"","stick-header-meta":"","header-above-stick-meta":"","header-main-stick-meta":"","header-below-stick-meta":"","astra-migrate-meta-layouts":"default","ast-page-background-enabled":"default","ast-page-background-meta":{"desktop":{"background-color":"var(--ast-global-color-5)","background-image":"","background-repeat":"repeat","background-position":"center center","background-size":"auto","background-attachment":"scroll","background-type":"","background-media":"","overlay-type":"","overlay-color":"","overlay-opacity":"","overlay-gradient":""},"tablet":{"background-color":"","background-image":"","background-repeat":"repeat","background-position":"center center","background-size":"auto","background-attachment":"scroll","background-type":"","background-media":"","overlay-type":"","overlay-color":"","overlay-opacity":"","overlay-gradient":""},"mobile":{"background-color":"","background-image":"","background-repeat":"repeat","background-position":"center center","background-size":"auto","background-attachment":"scroll","background-type":"","background-media":"","overlay-type":"","overlay-color":"","overlay-opacity":"","overlay-gradient":""}},"ast-content-background-meta":{"desktop":{"background-color":"var(--ast-global-color-4)","background-image":"","background-repeat":"repeat","background-position":"center center","background-size":"auto","background-attachment":"scroll","background-type":"","background-media":"","overlay-type":"","overlay-color":"","overlay-opacity":"","overlay-gradient":""},"tablet":{"background-color":"var(--ast-global-color-4)","background-image":"","background-repeat":"repeat","background-position":"center center","background-size":"auto","background-attachment":"scroll","background-type":"","background-media":"","overlay-type":"","overlay-color":"","overlay-opacity":"","overlay-gradient":""},"mobile":{"background-color":"var(--ast-global-color-4)","background-image":"","background-repeat":"repeat","background-position":"center center","background-size":"auto","background-attachment":"scroll","background-type":"","background-media":"","overlay-type":"","overlay-color":"","overlay-opacity":"","overlay-gradient":""}},"footnotes":""},"categories":[17],"tags":[],"class_list":["post-1940","post","type-post","status-publish","format-standard","has-post-thumbnail","hentry","category-elecciones-2026"],"yoast_head":"<!-- This site is optimized with the Yoast SEO plugin v26.0 - https:\/\/yoast.com\/wordpress\/plugins\/seo\/ -->\n<title>Cuando el r\u00f3tulo ya no explica la realidad - MI BLOG<\/title>\n<meta name=\"robots\" content=\"index, follow, max-snippet:-1, max-image-preview:large, max-video-preview:-1\" \/>\n<link rel=\"canonical\" href=\"https:\/\/viniciojarquin.com\/blog\/cuando-el-rotulo-ya-no-explica-la-realidad\/\" \/>\n<meta property=\"og:locale\" content=\"es_ES\" \/>\n<meta property=\"og:type\" content=\"article\" \/>\n<meta property=\"og:title\" content=\"Cuando el r\u00f3tulo ya no explica la realidad - MI BLOG\" \/>\n<meta property=\"og:description\" content=\"A quienes hoy siguen se\u00f1alando al Partido Liberaci\u00f3n Nacional casi por reflejo, quiero decirles algo con calma y sin \u00e1nimo [&hellip;]\" \/>\n<meta property=\"og:url\" content=\"https:\/\/viniciojarquin.com\/blog\/cuando-el-rotulo-ya-no-explica-la-realidad\/\" \/>\n<meta property=\"og:site_name\" content=\"MI BLOG\" \/>\n<meta property=\"article:publisher\" content=\"https:\/\/www.facebook.com\/vinicio.jarquin\" \/>\n<meta property=\"article:author\" content=\"https:\/\/www.facebook.com\/vinicio.jarquin\" \/>\n<meta property=\"article:published_time\" content=\"2025-12-18T04:30:05+00:00\" \/>\n<meta property=\"article:modified_time\" content=\"2025-12-18T04:30:08+00:00\" \/>\n<meta property=\"og:image\" content=\"https:\/\/viniciojarquin.com\/blog\/wp-content\/uploads\/2025\/12\/Articulo.jpg\" \/>\n\t<meta property=\"og:image:width\" content=\"800\" \/>\n\t<meta property=\"og:image:height\" content=\"500\" \/>\n\t<meta property=\"og:image:type\" content=\"image\/jpeg\" \/>\n<meta name=\"author\" content=\"Vinicio Jarqu\u00edn\" \/>\n<meta name=\"twitter:card\" content=\"summary_large_image\" \/>\n<meta name=\"twitter:label1\" content=\"Escrito por\" \/>\n\t<meta name=\"twitter:data1\" content=\"Vinicio Jarqu\u00edn\" \/>\n\t<meta name=\"twitter:label2\" content=\"Tiempo de lectura\" \/>\n\t<meta name=\"twitter:data2\" content=\"3 minutos\" \/>\n<script type=\"application\/ld+json\" class=\"yoast-schema-graph\">{\"@context\":\"https:\/\/schema.org\",\"@graph\":[{\"@type\":\"Article\",\"@id\":\"https:\/\/viniciojarquin.com\/blog\/cuando-el-rotulo-ya-no-explica-la-realidad\/#article\",\"isPartOf\":{\"@id\":\"https:\/\/viniciojarquin.com\/blog\/cuando-el-rotulo-ya-no-explica-la-realidad\/\"},\"author\":{\"name\":\"Vinicio Jarqu\u00edn\",\"@id\":\"https:\/\/viniciojarquin.com\/blog\/#\/schema\/person\/90100c8845ae55462ec0657d3d2f8d3b\"},\"headline\":\"Cuando el r\u00f3tulo ya no explica la realidad\",\"datePublished\":\"2025-12-18T04:30:05+00:00\",\"dateModified\":\"2025-12-18T04:30:08+00:00\",\"mainEntityOfPage\":{\"@id\":\"https:\/\/viniciojarquin.com\/blog\/cuando-el-rotulo-ya-no-explica-la-realidad\/\"},\"wordCount\":542,\"commentCount\":0,\"publisher\":{\"@id\":\"https:\/\/viniciojarquin.com\/blog\/#\/schema\/person\/90100c8845ae55462ec0657d3d2f8d3b\"},\"image\":{\"@id\":\"https:\/\/viniciojarquin.com\/blog\/cuando-el-rotulo-ya-no-explica-la-realidad\/#primaryimage\"},\"thumbnailUrl\":\"https:\/\/viniciojarquin.com\/blog\/wp-content\/uploads\/2025\/12\/Articulo.jpg\",\"articleSection\":[\"Elecciones 2026\"],\"inLanguage\":\"es\",\"potentialAction\":[{\"@type\":\"CommentAction\",\"name\":\"Comment\",\"target\":[\"https:\/\/viniciojarquin.com\/blog\/cuando-el-rotulo-ya-no-explica-la-realidad\/#respond\"]}]},{\"@type\":\"WebPage\",\"@id\":\"https:\/\/viniciojarquin.com\/blog\/cuando-el-rotulo-ya-no-explica-la-realidad\/\",\"url\":\"https:\/\/viniciojarquin.com\/blog\/cuando-el-rotulo-ya-no-explica-la-realidad\/\",\"name\":\"Cuando el r\u00f3tulo ya no explica la realidad - MI BLOG\",\"isPartOf\":{\"@id\":\"https:\/\/viniciojarquin.com\/blog\/#website\"},\"primaryImageOfPage\":{\"@id\":\"https:\/\/viniciojarquin.com\/blog\/cuando-el-rotulo-ya-no-explica-la-realidad\/#primaryimage\"},\"image\":{\"@id\":\"https:\/\/viniciojarquin.com\/blog\/cuando-el-rotulo-ya-no-explica-la-realidad\/#primaryimage\"},\"thumbnailUrl\":\"https:\/\/viniciojarquin.com\/blog\/wp-content\/uploads\/2025\/12\/Articulo.jpg\",\"datePublished\":\"2025-12-18T04:30:05+00:00\",\"dateModified\":\"2025-12-18T04:30:08+00:00\",\"breadcrumb\":{\"@id\":\"https:\/\/viniciojarquin.com\/blog\/cuando-el-rotulo-ya-no-explica-la-realidad\/#breadcrumb\"},\"inLanguage\":\"es\",\"potentialAction\":[{\"@type\":\"ReadAction\",\"target\":[\"https:\/\/viniciojarquin.com\/blog\/cuando-el-rotulo-ya-no-explica-la-realidad\/\"]}]},{\"@type\":\"ImageObject\",\"inLanguage\":\"es\",\"@id\":\"https:\/\/viniciojarquin.com\/blog\/cuando-el-rotulo-ya-no-explica-la-realidad\/#primaryimage\",\"url\":\"https:\/\/viniciojarquin.com\/blog\/wp-content\/uploads\/2025\/12\/Articulo.jpg\",\"contentUrl\":\"https:\/\/viniciojarquin.com\/blog\/wp-content\/uploads\/2025\/12\/Articulo.jpg\",\"width\":800,\"height\":500},{\"@type\":\"BreadcrumbList\",\"@id\":\"https:\/\/viniciojarquin.com\/blog\/cuando-el-rotulo-ya-no-explica-la-realidad\/#breadcrumb\",\"itemListElement\":[{\"@type\":\"ListItem\",\"position\":1,\"name\":\"Portada\",\"item\":\"https:\/\/viniciojarquin.com\/blog\/\"},{\"@type\":\"ListItem\",\"position\":2,\"name\":\"Cuando el r\u00f3tulo ya no explica la realidad\"}]},{\"@type\":\"WebSite\",\"@id\":\"https:\/\/viniciojarquin.com\/blog\/#website\",\"url\":\"https:\/\/viniciojarquin.com\/blog\/\",\"name\":\"Vinicio Jarqu\u00edn BLOG\",\"description\":\"\",\"publisher\":{\"@id\":\"https:\/\/viniciojarquin.com\/blog\/#\/schema\/person\/90100c8845ae55462ec0657d3d2f8d3b\"},\"potentialAction\":[{\"@type\":\"SearchAction\",\"target\":{\"@type\":\"EntryPoint\",\"urlTemplate\":\"https:\/\/viniciojarquin.com\/blog\/?s={search_term_string}\"},\"query-input\":{\"@type\":\"PropertyValueSpecification\",\"valueRequired\":true,\"valueName\":\"search_term_string\"}}],\"inLanguage\":\"es\"},{\"@type\":[\"Person\",\"Organization\"],\"@id\":\"https:\/\/viniciojarquin.com\/blog\/#\/schema\/person\/90100c8845ae55462ec0657d3d2f8d3b\",\"name\":\"Vinicio Jarqu\u00edn\",\"image\":{\"@type\":\"ImageObject\",\"inLanguage\":\"es\",\"@id\":\"https:\/\/viniciojarquin.com\/blog\/#\/schema\/person\/image\/\",\"url\":\"https:\/\/viniciojarquin.com\/blog\/wp-content\/uploads\/2024\/10\/Logo-VinicioJarquin-original-400.png\",\"contentUrl\":\"https:\/\/viniciojarquin.com\/blog\/wp-content\/uploads\/2024\/10\/Logo-VinicioJarquin-original-400.png\",\"width\":400,\"height\":130,\"caption\":\"Vinicio Jarqu\u00edn\"},\"logo\":{\"@id\":\"https:\/\/viniciojarquin.com\/blog\/#\/schema\/person\/image\/\"},\"description\":\"Empresario textil, artista pl\u00e1stico, escritor, coach de vida y fot\u00f3grafo.\",\"sameAs\":[\"https:\/\/viniciojarquin.com\/blog\",\"https:\/\/www.facebook.com\/vinicio.jarquin\",\"https:\/\/www.instagram.com\/vinicio_jarquin\/\",\"https:\/\/www.pinterest.com\/vinnyjc\/\",\"https:\/\/www.youtube.com\/@VinicioJarquin\"],\"url\":\"https:\/\/viniciojarquin.com\/blog\/author\/admin_s02au25i\/\"}]}<\/script>\n<!-- \/ Yoast SEO plugin. -->","yoast_head_json":{"title":"Cuando el r\u00f3tulo ya no explica la realidad - MI BLOG","robots":{"index":"index","follow":"follow","max-snippet":"max-snippet:-1","max-image-preview":"max-image-preview:large","max-video-preview":"max-video-preview:-1"},"canonical":"https:\/\/viniciojarquin.com\/blog\/cuando-el-rotulo-ya-no-explica-la-realidad\/","og_locale":"es_ES","og_type":"article","og_title":"Cuando el r\u00f3tulo ya no explica la realidad - MI BLOG","og_description":"A quienes hoy siguen se\u00f1alando al Partido Liberaci\u00f3n Nacional casi por reflejo, quiero decirles algo con calma y sin \u00e1nimo [&hellip;]","og_url":"https:\/\/viniciojarquin.com\/blog\/cuando-el-rotulo-ya-no-explica-la-realidad\/","og_site_name":"MI BLOG","article_publisher":"https:\/\/www.facebook.com\/vinicio.jarquin","article_author":"https:\/\/www.facebook.com\/vinicio.jarquin","article_published_time":"2025-12-18T04:30:05+00:00","article_modified_time":"2025-12-18T04:30:08+00:00","og_image":[{"width":800,"height":500,"url":"https:\/\/viniciojarquin.com\/blog\/wp-content\/uploads\/2025\/12\/Articulo.jpg","type":"image\/jpeg"}],"author":"Vinicio Jarqu\u00edn","twitter_card":"summary_large_image","twitter_misc":{"Escrito por":"Vinicio Jarqu\u00edn","Tiempo de lectura":"3 minutos"},"schema":{"@context":"https:\/\/schema.org","@graph":[{"@type":"Article","@id":"https:\/\/viniciojarquin.com\/blog\/cuando-el-rotulo-ya-no-explica-la-realidad\/#article","isPartOf":{"@id":"https:\/\/viniciojarquin.com\/blog\/cuando-el-rotulo-ya-no-explica-la-realidad\/"},"author":{"name":"Vinicio Jarqu\u00edn","@id":"https:\/\/viniciojarquin.com\/blog\/#\/schema\/person\/90100c8845ae55462ec0657d3d2f8d3b"},"headline":"Cuando el r\u00f3tulo ya no explica la realidad","datePublished":"2025-12-18T04:30:05+00:00","dateModified":"2025-12-18T04:30:08+00:00","mainEntityOfPage":{"@id":"https:\/\/viniciojarquin.com\/blog\/cuando-el-rotulo-ya-no-explica-la-realidad\/"},"wordCount":542,"commentCount":0,"publisher":{"@id":"https:\/\/viniciojarquin.com\/blog\/#\/schema\/person\/90100c8845ae55462ec0657d3d2f8d3b"},"image":{"@id":"https:\/\/viniciojarquin.com\/blog\/cuando-el-rotulo-ya-no-explica-la-realidad\/#primaryimage"},"thumbnailUrl":"https:\/\/viniciojarquin.com\/blog\/wp-content\/uploads\/2025\/12\/Articulo.jpg","articleSection":["Elecciones 2026"],"inLanguage":"es","potentialAction":[{"@type":"CommentAction","name":"Comment","target":["https:\/\/viniciojarquin.com\/blog\/cuando-el-rotulo-ya-no-explica-la-realidad\/#respond"]}]},{"@type":"WebPage","@id":"https:\/\/viniciojarquin.com\/blog\/cuando-el-rotulo-ya-no-explica-la-realidad\/","url":"https:\/\/viniciojarquin.com\/blog\/cuando-el-rotulo-ya-no-explica-la-realidad\/","name":"Cuando el r\u00f3tulo ya no explica la realidad - MI BLOG","isPartOf":{"@id":"https:\/\/viniciojarquin.com\/blog\/#website"},"primaryImageOfPage":{"@id":"https:\/\/viniciojarquin.com\/blog\/cuando-el-rotulo-ya-no-explica-la-realidad\/#primaryimage"},"image":{"@id":"https:\/\/viniciojarquin.com\/blog\/cuando-el-rotulo-ya-no-explica-la-realidad\/#primaryimage"},"thumbnailUrl":"https:\/\/viniciojarquin.com\/blog\/wp-content\/uploads\/2025\/12\/Articulo.jpg","datePublished":"2025-12-18T04:30:05+00:00","dateModified":"2025-12-18T04:30:08+00:00","breadcrumb":{"@id":"https:\/\/viniciojarquin.com\/blog\/cuando-el-rotulo-ya-no-explica-la-realidad\/#breadcrumb"},"inLanguage":"es","potentialAction":[{"@type":"ReadAction","target":["https:\/\/viniciojarquin.com\/blog\/cuando-el-rotulo-ya-no-explica-la-realidad\/"]}]},{"@type":"ImageObject","inLanguage":"es","@id":"https:\/\/viniciojarquin.com\/blog\/cuando-el-rotulo-ya-no-explica-la-realidad\/#primaryimage","url":"https:\/\/viniciojarquin.com\/blog\/wp-content\/uploads\/2025\/12\/Articulo.jpg","contentUrl":"https:\/\/viniciojarquin.com\/blog\/wp-content\/uploads\/2025\/12\/Articulo.jpg","width":800,"height":500},{"@type":"BreadcrumbList","@id":"https:\/\/viniciojarquin.com\/blog\/cuando-el-rotulo-ya-no-explica-la-realidad\/#breadcrumb","itemListElement":[{"@type":"ListItem","position":1,"name":"Portada","item":"https:\/\/viniciojarquin.com\/blog\/"},{"@type":"ListItem","position":2,"name":"Cuando el r\u00f3tulo ya no explica la realidad"}]},{"@type":"WebSite","@id":"https:\/\/viniciojarquin.com\/blog\/#website","url":"https:\/\/viniciojarquin.com\/blog\/","name":"Vinicio Jarqu\u00edn BLOG","description":"","publisher":{"@id":"https:\/\/viniciojarquin.com\/blog\/#\/schema\/person\/90100c8845ae55462ec0657d3d2f8d3b"},"potentialAction":[{"@type":"SearchAction","target":{"@type":"EntryPoint","urlTemplate":"https:\/\/viniciojarquin.com\/blog\/?s={search_term_string}"},"query-input":{"@type":"PropertyValueSpecification","valueRequired":true,"valueName":"search_term_string"}}],"inLanguage":"es"},{"@type":["Person","Organization"],"@id":"https:\/\/viniciojarquin.com\/blog\/#\/schema\/person\/90100c8845ae55462ec0657d3d2f8d3b","name":"Vinicio Jarqu\u00edn","image":{"@type":"ImageObject","inLanguage":"es","@id":"https:\/\/viniciojarquin.com\/blog\/#\/schema\/person\/image\/","url":"https:\/\/viniciojarquin.com\/blog\/wp-content\/uploads\/2024\/10\/Logo-VinicioJarquin-original-400.png","contentUrl":"https:\/\/viniciojarquin.com\/blog\/wp-content\/uploads\/2024\/10\/Logo-VinicioJarquin-original-400.png","width":400,"height":130,"caption":"Vinicio Jarqu\u00edn"},"logo":{"@id":"https:\/\/viniciojarquin.com\/blog\/#\/schema\/person\/image\/"},"description":"Empresario textil, artista pl\u00e1stico, escritor, coach de vida y fot\u00f3grafo.","sameAs":["https:\/\/viniciojarquin.com\/blog","https:\/\/www.facebook.com\/vinicio.jarquin","https:\/\/www.instagram.com\/vinicio_jarquin\/","https:\/\/www.pinterest.com\/vinnyjc\/","https:\/\/www.youtube.com\/@VinicioJarquin"],"url":"https:\/\/viniciojarquin.com\/blog\/author\/admin_s02au25i\/"}]}},"blog_post_layout_featured_media_urls":{"thumbnail":["https:\/\/viniciojarquin.com\/blog\/wp-content\/uploads\/2025\/12\/Articulo-150x150.jpg",150,150,true],"full":["https:\/\/viniciojarquin.com\/blog\/wp-content\/uploads\/2025\/12\/Articulo.jpg",800,500,false]},"categories_names":{"17":{"name":"Elecciones 2026","link":"https:\/\/viniciojarquin.com\/blog\/category\/elecciones-2026\/"}},"tags_names":[],"comments_number":"0","_links":{"self":[{"href":"https:\/\/viniciojarquin.com\/blog\/wp-json\/wp\/v2\/posts\/1940","targetHints":{"allow":["GET"]}}],"collection":[{"href":"https:\/\/viniciojarquin.com\/blog\/wp-json\/wp\/v2\/posts"}],"about":[{"href":"https:\/\/viniciojarquin.com\/blog\/wp-json\/wp\/v2\/types\/post"}],"author":[{"embeddable":true,"href":"https:\/\/viniciojarquin.com\/blog\/wp-json\/wp\/v2\/users\/1"}],"replies":[{"embeddable":true,"href":"https:\/\/viniciojarquin.com\/blog\/wp-json\/wp\/v2\/comments?post=1940"}],"version-history":[{"count":1,"href":"https:\/\/viniciojarquin.com\/blog\/wp-json\/wp\/v2\/posts\/1940\/revisions"}],"predecessor-version":[{"id":1941,"href":"https:\/\/viniciojarquin.com\/blog\/wp-json\/wp\/v2\/posts\/1940\/revisions\/1941"}],"wp:featuredmedia":[{"embeddable":true,"href":"https:\/\/viniciojarquin.com\/blog\/wp-json\/wp\/v2\/media\/1753"}],"wp:attachment":[{"href":"https:\/\/viniciojarquin.com\/blog\/wp-json\/wp\/v2\/media?parent=1940"}],"wp:term":[{"taxonomy":"category","embeddable":true,"href":"https:\/\/viniciojarquin.com\/blog\/wp-json\/wp\/v2\/categories?post=1940"},{"taxonomy":"post_tag","embeddable":true,"href":"https:\/\/viniciojarquin.com\/blog\/wp-json\/wp\/v2\/tags?post=1940"}],"curies":[{"name":"wp","href":"https:\/\/api.w.org\/{rel}","templated":true}]}}