{"id":1944,"date":"2025-12-19T02:35:28","date_gmt":"2025-12-19T02:35:28","guid":{"rendered":"https:\/\/viniciojarquin.com\/blog\/?p=1944"},"modified":"2025-12-28T14:43:03","modified_gmt":"2025-12-28T14:43:03","slug":"la-patria-que-se-entrega-sin-resistencia","status":"publish","type":"post","link":"https:\/\/viniciojarquin.com\/blog\/la-patria-que-se-entrega-sin-resistencia\/","title":{"rendered":"La patria que se entrega sin resistencia"},"content":{"rendered":"\n<p>Nadie hubiera imaginado que un costarricense \u2014formado, criado y protegido en un pa\u00eds democr\u00e1tico, de libertades y de derechos\u2014 llegara a entregar la patria gratis. No despu\u00e9s de luchas. No despu\u00e9s de derrotas inevitables. Sino sin pelear. Sin cuestionar. Sin detenerse siquiera a pensar qu\u00e9 estaba cediendo.<\/p>\n\n\n\n<p>No lo entiendo.<\/p>\n\n\n\n<p>No entiendo c\u00f3mo se puede entregar lo que durante toda una vida nos sostuvo. C\u00f3mo se puede regalar, por cansancio o por enojo, un pa\u00eds que nos permiti\u00f3 disentir, crecer, protestar y elegir. No fue una ca\u00edda repentina. Fue un proceso. Una cadena de permisividades.<\/p>\n\n\n\n<p>Vieron c\u00f3mo empezaron a debilitarse las instituciones, y lo permitieron.<\/p>\n\n\n\n<p>Vieron el ataque constante a los poderes de la Rep\u00fablica, y lo permitieron.<\/p>\n\n\n\n<p>Vieron el cuestionamiento al Tribunal Supremo de Elecciones, y lo permitieron.<\/p>\n\n\n\n<p>Nada ocurri\u00f3 de golpe. Fue paso a paso. Ataque a ataque. Normalizaci\u00f3n tras normalizaci\u00f3n. Cada vez con una excusa distinta: resentimiento acumulado, deseo de revancha, dolor mal canalizado, hartazgo leg\u00edtimo convertido en permiso para destruir.<\/p>\n\n\n\n<p>Vieron c\u00f3mo se atacaba a la Iglesia.<\/p>\n\n\n\n<p>C\u00f3mo se se\u00f1alaba a las emisoras de radio.<\/p>\n\n\n\n<p>C\u00f3mo se despreciaba a los agricultores.<\/p>\n\n\n\n<p>Y no solo lo permitieron. Algunos lo celebraron. Lo rieron. Lo aplaudieron. Como si destruir al otro fuera una forma v\u00e1lida de justicia.<\/p>\n\n\n\n<p>Hoy ven c\u00f3mo se ataca a la ni\u00f1ez, c\u00f3mo se ponen en riesgo libertades b\u00e1sicas, c\u00f3mo se relativizan los derechos de los ni\u00f1os. Y otra vez, algunos lo r\u00eden. Otra vez, algunos lo aplauden. Como si no entendieran \u2014o no quisieran entender\u2014 que cuando se erosiona un derecho, se abre la puerta para que todos los dem\u00e1s tambi\u00e9n caigan.<\/p>\n\n\n\n<p>No hablo desde la superioridad moral. Hablo desde la perplejidad. Desde la tristeza l\u00facida de ver c\u00f3mo un pa\u00eds puede empezar a perderse no por invasi\u00f3n externa, sino por renuncia interna. Por no levantarse. Por no decir \u201chasta aqu\u00ed\u201d.<\/p>\n\n\n\n<p>Tal vez alg\u00fan d\u00eda perdonemos. Tal vez yo mismo perdone. Tal vez el pa\u00eds entero decida pasar la p\u00e1gina, como tantas veces lo ha hecho. Pero hay algo que no se puede evitar: la historia no olvida los momentos en que una naci\u00f3n pudo defenderse y no lo hizo.<\/p>\n\n\n\n<p>No para condenar eternamente, sino para aprender. Para recordar que la democracia no se pierde solo cuando alguien la quita, sino tambi\u00e9n cuando muchos deciden no sostenerla.<\/p>\n\n\n\n<p><\/p>\n","protected":false},"excerpt":{"rendered":"<p>Nadie hubiera imaginado que un costarricense \u2014formado, criado y protegido en un pa\u00eds democr\u00e1tico, de libertades y de derechos\u2014 llegara [&hellip;]<\/p>\n","protected":false},"author":1,"featured_media":0,"comment_status":"open","ping_status":"open","sticky":false,"template":"","format":"standard","meta":{"site-sidebar-layout":"default","site-content-layout":"","ast-site-content-layout":"","site-content-style":"default","site-sidebar-style":"default","ast-global-header-display":"","ast-banner-title-visibility":"","ast-main-header-display":"","ast-hfb-above-header-display":"","ast-hfb-below-header-display":"","ast-hfb-mobile-header-display":"","site-post-title":"","ast-breadcrumbs-content":"","ast-featured-img":"","footer-sml-layout":"","theme-transparent-header-meta":"","adv-header-id-meta":"","stick-header-meta":"","header-above-stick-meta":"","header-main-stick-meta":"","header-below-stick-meta":"","astra-migrate-meta-layouts":"default","ast-page-background-enabled":"default","ast-page-background-meta":{"desktop":{"background-color":"var(--ast-global-color-5)","background-image":"","background-repeat":"repeat","background-position":"center center","background-size":"auto","background-attachment":"scroll","background-type":"","background-media":"","overlay-type":"","overlay-color":"","overlay-opacity":"","overlay-gradient":""},"tablet":{"background-color":"","background-image":"","background-repeat":"repeat","background-position":"center center","background-size":"auto","background-attachment":"scroll","background-type":"","background-media":"","overlay-type":"","overlay-color":"","overlay-opacity":"","overlay-gradient":""},"mobile":{"background-color":"","background-image":"","background-repeat":"repeat","background-position":"center center","background-size":"auto","background-attachment":"scroll","background-type":"","background-media":"","overlay-type":"","overlay-color":"","overlay-opacity":"","overlay-gradient":""}},"ast-content-background-meta":{"desktop":{"background-color":"var(--ast-global-color-4)","background-image":"","background-repeat":"repeat","background-position":"center center","background-size":"auto","background-attachment":"scroll","background-type":"","background-media":"","overlay-type":"","overlay-color":"","overlay-opacity":"","overlay-gradient":""},"tablet":{"background-color":"var(--ast-global-color-4)","background-image":"","background-repeat":"repeat","background-position":"center center","background-size":"auto","background-attachment":"scroll","background-type":"","background-media":"","overlay-type":"","overlay-color":"","overlay-opacity":"","overlay-gradient":""},"mobile":{"background-color":"var(--ast-global-color-4)","background-image":"","background-repeat":"repeat","background-position":"center center","background-size":"auto","background-attachment":"scroll","background-type":"","background-media":"","overlay-type":"","overlay-color":"","overlay-opacity":"","overlay-gradient":""}},"footnotes":""},"categories":[17],"tags":[],"class_list":["post-1944","post","type-post","status-publish","format-standard","hentry","category-elecciones-2026"],"yoast_head":"<!-- This site is optimized with the Yoast SEO plugin v26.0 - https:\/\/yoast.com\/wordpress\/plugins\/seo\/ -->\n<title>La patria que se entrega sin resistencia - MI BLOG<\/title>\n<meta name=\"robots\" content=\"index, follow, max-snippet:-1, max-image-preview:large, max-video-preview:-1\" \/>\n<link rel=\"canonical\" href=\"https:\/\/viniciojarquin.com\/blog\/la-patria-que-se-entrega-sin-resistencia\/\" \/>\n<meta property=\"og:locale\" content=\"es_ES\" \/>\n<meta property=\"og:type\" content=\"article\" \/>\n<meta property=\"og:title\" content=\"La patria que se entrega sin resistencia - MI BLOG\" \/>\n<meta property=\"og:description\" content=\"Nadie hubiera imaginado que un costarricense \u2014formado, criado y protegido en un pa\u00eds democr\u00e1tico, de libertades y de derechos\u2014 llegara [&hellip;]\" \/>\n<meta property=\"og:url\" content=\"https:\/\/viniciojarquin.com\/blog\/la-patria-que-se-entrega-sin-resistencia\/\" \/>\n<meta property=\"og:site_name\" content=\"MI BLOG\" \/>\n<meta property=\"article:publisher\" content=\"https:\/\/www.facebook.com\/vinicio.jarquin\" \/>\n<meta property=\"article:author\" content=\"https:\/\/www.facebook.com\/vinicio.jarquin\" \/>\n<meta property=\"article:published_time\" content=\"2025-12-19T02:35:28+00:00\" \/>\n<meta property=\"article:modified_time\" content=\"2025-12-28T14:43:03+00:00\" \/>\n<meta name=\"author\" content=\"Vinicio Jarqu\u00edn\" \/>\n<meta name=\"twitter:card\" content=\"summary_large_image\" \/>\n<meta name=\"twitter:label1\" content=\"Escrito por\" \/>\n\t<meta name=\"twitter:data1\" content=\"Vinicio Jarqu\u00edn\" \/>\n\t<meta name=\"twitter:label2\" content=\"Tiempo de lectura\" \/>\n\t<meta name=\"twitter:data2\" content=\"2 minutos\" \/>\n<script type=\"application\/ld+json\" class=\"yoast-schema-graph\">{\"@context\":\"https:\/\/schema.org\",\"@graph\":[{\"@type\":\"Article\",\"@id\":\"https:\/\/viniciojarquin.com\/blog\/la-patria-que-se-entrega-sin-resistencia\/#article\",\"isPartOf\":{\"@id\":\"https:\/\/viniciojarquin.com\/blog\/la-patria-que-se-entrega-sin-resistencia\/\"},\"author\":{\"name\":\"Vinicio Jarqu\u00edn\",\"@id\":\"https:\/\/viniciojarquin.com\/blog\/#\/schema\/person\/90100c8845ae55462ec0657d3d2f8d3b\"},\"headline\":\"La patria que se entrega sin resistencia\",\"datePublished\":\"2025-12-19T02:35:28+00:00\",\"dateModified\":\"2025-12-28T14:43:03+00:00\",\"mainEntityOfPage\":{\"@id\":\"https:\/\/viniciojarquin.com\/blog\/la-patria-que-se-entrega-sin-resistencia\/\"},\"wordCount\":426,\"commentCount\":0,\"publisher\":{\"@id\":\"https:\/\/viniciojarquin.com\/blog\/#\/schema\/person\/90100c8845ae55462ec0657d3d2f8d3b\"},\"articleSection\":[\"Elecciones 2026\"],\"inLanguage\":\"es\",\"potentialAction\":[{\"@type\":\"CommentAction\",\"name\":\"Comment\",\"target\":[\"https:\/\/viniciojarquin.com\/blog\/la-patria-que-se-entrega-sin-resistencia\/#respond\"]}]},{\"@type\":\"WebPage\",\"@id\":\"https:\/\/viniciojarquin.com\/blog\/la-patria-que-se-entrega-sin-resistencia\/\",\"url\":\"https:\/\/viniciojarquin.com\/blog\/la-patria-que-se-entrega-sin-resistencia\/\",\"name\":\"La patria que se entrega sin resistencia - MI BLOG\",\"isPartOf\":{\"@id\":\"https:\/\/viniciojarquin.com\/blog\/#website\"},\"datePublished\":\"2025-12-19T02:35:28+00:00\",\"dateModified\":\"2025-12-28T14:43:03+00:00\",\"breadcrumb\":{\"@id\":\"https:\/\/viniciojarquin.com\/blog\/la-patria-que-se-entrega-sin-resistencia\/#breadcrumb\"},\"inLanguage\":\"es\",\"potentialAction\":[{\"@type\":\"ReadAction\",\"target\":[\"https:\/\/viniciojarquin.com\/blog\/la-patria-que-se-entrega-sin-resistencia\/\"]}]},{\"@type\":\"BreadcrumbList\",\"@id\":\"https:\/\/viniciojarquin.com\/blog\/la-patria-que-se-entrega-sin-resistencia\/#breadcrumb\",\"itemListElement\":[{\"@type\":\"ListItem\",\"position\":1,\"name\":\"Portada\",\"item\":\"https:\/\/viniciojarquin.com\/blog\/\"},{\"@type\":\"ListItem\",\"position\":2,\"name\":\"La patria que se entrega sin resistencia\"}]},{\"@type\":\"WebSite\",\"@id\":\"https:\/\/viniciojarquin.com\/blog\/#website\",\"url\":\"https:\/\/viniciojarquin.com\/blog\/\",\"name\":\"Vinicio Jarqu\u00edn BLOG\",\"description\":\"\",\"publisher\":{\"@id\":\"https:\/\/viniciojarquin.com\/blog\/#\/schema\/person\/90100c8845ae55462ec0657d3d2f8d3b\"},\"potentialAction\":[{\"@type\":\"SearchAction\",\"target\":{\"@type\":\"EntryPoint\",\"urlTemplate\":\"https:\/\/viniciojarquin.com\/blog\/?s={search_term_string}\"},\"query-input\":{\"@type\":\"PropertyValueSpecification\",\"valueRequired\":true,\"valueName\":\"search_term_string\"}}],\"inLanguage\":\"es\"},{\"@type\":[\"Person\",\"Organization\"],\"@id\":\"https:\/\/viniciojarquin.com\/blog\/#\/schema\/person\/90100c8845ae55462ec0657d3d2f8d3b\",\"name\":\"Vinicio Jarqu\u00edn\",\"image\":{\"@type\":\"ImageObject\",\"inLanguage\":\"es\",\"@id\":\"https:\/\/viniciojarquin.com\/blog\/#\/schema\/person\/image\/\",\"url\":\"https:\/\/viniciojarquin.com\/blog\/wp-content\/uploads\/2024\/10\/Logo-VinicioJarquin-original-400.png\",\"contentUrl\":\"https:\/\/viniciojarquin.com\/blog\/wp-content\/uploads\/2024\/10\/Logo-VinicioJarquin-original-400.png\",\"width\":400,\"height\":130,\"caption\":\"Vinicio Jarqu\u00edn\"},\"logo\":{\"@id\":\"https:\/\/viniciojarquin.com\/blog\/#\/schema\/person\/image\/\"},\"description\":\"Empresario textil, artista pl\u00e1stico, escritor, coach de vida y fot\u00f3grafo.\",\"sameAs\":[\"https:\/\/viniciojarquin.com\/blog\",\"https:\/\/www.facebook.com\/vinicio.jarquin\",\"https:\/\/www.instagram.com\/vinicio_jarquin\/\",\"https:\/\/www.pinterest.com\/vinnyjc\/\",\"https:\/\/www.youtube.com\/@VinicioJarquin\"],\"url\":\"https:\/\/viniciojarquin.com\/blog\/author\/admin_s02au25i\/\"}]}<\/script>\n<!-- \/ Yoast SEO plugin. -->","yoast_head_json":{"title":"La patria que se entrega sin resistencia - MI BLOG","robots":{"index":"index","follow":"follow","max-snippet":"max-snippet:-1","max-image-preview":"max-image-preview:large","max-video-preview":"max-video-preview:-1"},"canonical":"https:\/\/viniciojarquin.com\/blog\/la-patria-que-se-entrega-sin-resistencia\/","og_locale":"es_ES","og_type":"article","og_title":"La patria que se entrega sin resistencia - MI BLOG","og_description":"Nadie hubiera imaginado que un costarricense \u2014formado, criado y protegido en un pa\u00eds democr\u00e1tico, de libertades y de derechos\u2014 llegara [&hellip;]","og_url":"https:\/\/viniciojarquin.com\/blog\/la-patria-que-se-entrega-sin-resistencia\/","og_site_name":"MI BLOG","article_publisher":"https:\/\/www.facebook.com\/vinicio.jarquin","article_author":"https:\/\/www.facebook.com\/vinicio.jarquin","article_published_time":"2025-12-19T02:35:28+00:00","article_modified_time":"2025-12-28T14:43:03+00:00","author":"Vinicio Jarqu\u00edn","twitter_card":"summary_large_image","twitter_misc":{"Escrito por":"Vinicio Jarqu\u00edn","Tiempo de lectura":"2 minutos"},"schema":{"@context":"https:\/\/schema.org","@graph":[{"@type":"Article","@id":"https:\/\/viniciojarquin.com\/blog\/la-patria-que-se-entrega-sin-resistencia\/#article","isPartOf":{"@id":"https:\/\/viniciojarquin.com\/blog\/la-patria-que-se-entrega-sin-resistencia\/"},"author":{"name":"Vinicio Jarqu\u00edn","@id":"https:\/\/viniciojarquin.com\/blog\/#\/schema\/person\/90100c8845ae55462ec0657d3d2f8d3b"},"headline":"La patria que se entrega sin resistencia","datePublished":"2025-12-19T02:35:28+00:00","dateModified":"2025-12-28T14:43:03+00:00","mainEntityOfPage":{"@id":"https:\/\/viniciojarquin.com\/blog\/la-patria-que-se-entrega-sin-resistencia\/"},"wordCount":426,"commentCount":0,"publisher":{"@id":"https:\/\/viniciojarquin.com\/blog\/#\/schema\/person\/90100c8845ae55462ec0657d3d2f8d3b"},"articleSection":["Elecciones 2026"],"inLanguage":"es","potentialAction":[{"@type":"CommentAction","name":"Comment","target":["https:\/\/viniciojarquin.com\/blog\/la-patria-que-se-entrega-sin-resistencia\/#respond"]}]},{"@type":"WebPage","@id":"https:\/\/viniciojarquin.com\/blog\/la-patria-que-se-entrega-sin-resistencia\/","url":"https:\/\/viniciojarquin.com\/blog\/la-patria-que-se-entrega-sin-resistencia\/","name":"La patria que se entrega sin resistencia - MI BLOG","isPartOf":{"@id":"https:\/\/viniciojarquin.com\/blog\/#website"},"datePublished":"2025-12-19T02:35:28+00:00","dateModified":"2025-12-28T14:43:03+00:00","breadcrumb":{"@id":"https:\/\/viniciojarquin.com\/blog\/la-patria-que-se-entrega-sin-resistencia\/#breadcrumb"},"inLanguage":"es","potentialAction":[{"@type":"ReadAction","target":["https:\/\/viniciojarquin.com\/blog\/la-patria-que-se-entrega-sin-resistencia\/"]}]},{"@type":"BreadcrumbList","@id":"https:\/\/viniciojarquin.com\/blog\/la-patria-que-se-entrega-sin-resistencia\/#breadcrumb","itemListElement":[{"@type":"ListItem","position":1,"name":"Portada","item":"https:\/\/viniciojarquin.com\/blog\/"},{"@type":"ListItem","position":2,"name":"La patria que se entrega sin resistencia"}]},{"@type":"WebSite","@id":"https:\/\/viniciojarquin.com\/blog\/#website","url":"https:\/\/viniciojarquin.com\/blog\/","name":"Vinicio Jarqu\u00edn BLOG","description":"","publisher":{"@id":"https:\/\/viniciojarquin.com\/blog\/#\/schema\/person\/90100c8845ae55462ec0657d3d2f8d3b"},"potentialAction":[{"@type":"SearchAction","target":{"@type":"EntryPoint","urlTemplate":"https:\/\/viniciojarquin.com\/blog\/?s={search_term_string}"},"query-input":{"@type":"PropertyValueSpecification","valueRequired":true,"valueName":"search_term_string"}}],"inLanguage":"es"},{"@type":["Person","Organization"],"@id":"https:\/\/viniciojarquin.com\/blog\/#\/schema\/person\/90100c8845ae55462ec0657d3d2f8d3b","name":"Vinicio Jarqu\u00edn","image":{"@type":"ImageObject","inLanguage":"es","@id":"https:\/\/viniciojarquin.com\/blog\/#\/schema\/person\/image\/","url":"https:\/\/viniciojarquin.com\/blog\/wp-content\/uploads\/2024\/10\/Logo-VinicioJarquin-original-400.png","contentUrl":"https:\/\/viniciojarquin.com\/blog\/wp-content\/uploads\/2024\/10\/Logo-VinicioJarquin-original-400.png","width":400,"height":130,"caption":"Vinicio Jarqu\u00edn"},"logo":{"@id":"https:\/\/viniciojarquin.com\/blog\/#\/schema\/person\/image\/"},"description":"Empresario textil, artista pl\u00e1stico, escritor, coach de vida y fot\u00f3grafo.","sameAs":["https:\/\/viniciojarquin.com\/blog","https:\/\/www.facebook.com\/vinicio.jarquin","https:\/\/www.instagram.com\/vinicio_jarquin\/","https:\/\/www.pinterest.com\/vinnyjc\/","https:\/\/www.youtube.com\/@VinicioJarquin"],"url":"https:\/\/viniciojarquin.com\/blog\/author\/admin_s02au25i\/"}]}},"blog_post_layout_featured_media_urls":{"thumbnail":"","full":""},"categories_names":{"17":{"name":"Elecciones 2026","link":"https:\/\/viniciojarquin.com\/blog\/category\/elecciones-2026\/"}},"tags_names":[],"comments_number":"0","_links":{"self":[{"href":"https:\/\/viniciojarquin.com\/blog\/wp-json\/wp\/v2\/posts\/1944","targetHints":{"allow":["GET"]}}],"collection":[{"href":"https:\/\/viniciojarquin.com\/blog\/wp-json\/wp\/v2\/posts"}],"about":[{"href":"https:\/\/viniciojarquin.com\/blog\/wp-json\/wp\/v2\/types\/post"}],"author":[{"embeddable":true,"href":"https:\/\/viniciojarquin.com\/blog\/wp-json\/wp\/v2\/users\/1"}],"replies":[{"embeddable":true,"href":"https:\/\/viniciojarquin.com\/blog\/wp-json\/wp\/v2\/comments?post=1944"}],"version-history":[{"count":2,"href":"https:\/\/viniciojarquin.com\/blog\/wp-json\/wp\/v2\/posts\/1944\/revisions"}],"predecessor-version":[{"id":2049,"href":"https:\/\/viniciojarquin.com\/blog\/wp-json\/wp\/v2\/posts\/1944\/revisions\/2049"}],"wp:attachment":[{"href":"https:\/\/viniciojarquin.com\/blog\/wp-json\/wp\/v2\/media?parent=1944"}],"wp:term":[{"taxonomy":"category","embeddable":true,"href":"https:\/\/viniciojarquin.com\/blog\/wp-json\/wp\/v2\/categories?post=1944"},{"taxonomy":"post_tag","embeddable":true,"href":"https:\/\/viniciojarquin.com\/blog\/wp-json\/wp\/v2\/tags?post=1944"}],"curies":[{"name":"wp","href":"https:\/\/api.w.org\/{rel}","templated":true}]}}