{"id":1954,"date":"2025-12-19T02:41:14","date_gmt":"2025-12-19T02:41:14","guid":{"rendered":"https:\/\/viniciojarquin.com\/blog\/?p=1954"},"modified":"2025-12-19T02:41:18","modified_gmt":"2025-12-19T02:41:18","slug":"como-nos-llaman-o-como-nos-vamos-a-llamar","status":"publish","type":"post","link":"https:\/\/viniciojarquin.com\/blog\/como-nos-llaman-o-como-nos-vamos-a-llamar\/","title":{"rendered":"\u00bfC\u00f3mo nos llaman\u2026 o c\u00f3mo nos vamos a llamar?"},"content":{"rendered":"\n<p>Hay momentos en los que un movimiento necesita detenerse no para retroceder, sino para mirarse al espejo. Para preguntarse qui\u00e9n es, c\u00f3mo se nombra y desde d\u00f3nde camina. Este es uno de esos momentos.<\/p>\n\n\n\n<p>Ser\u00eda tan f\u00e1cil usar los t\u00e9rminos de siempre. Decir \u201cel pueblo\u201d, \u201cel soberano\u201d, \u201clas masas\u201d. Ser\u00eda sencillo copiar el lenguaje de los caudillos, ese lenguaje que suena fuerte, que parece poderoso y que reduce a las personas a un bloque homog\u00e9neo que solo repite. Pero no somos eso. Y no queremos ser eso.<\/p>\n\n\n\n<p>Nosotros no estamos siguiendo a un l\u00edder carism\u00e1tico al que se le aplaude todo. No estamos obedeciendo consignas. No estamos aqu\u00ed para repetir frases prefabricadas. Estamos acompa\u00f1\u00e1ndonos. Pensando juntos. Escuch\u00e1ndonos. Discrepando incluso, sin rompernos. Caminando en la misma direcci\u00f3n, pero con cabeza propia.<\/p>\n\n\n\n<p>En los \u00faltimos art\u00edculos he llamado a quienes nos acompa\u00f1amos los apaciguaditos. Y el t\u00e9rmino me gusta. Tiene cari\u00f1o. Tiene cercan\u00eda. Tiene humanidad. Funciona cuando hablamos del cuidado interior, de la calma, del no dejarnos arrastrar por el ruido. En ese contexto, decirnos apaciguaditos tiene sentido y tiene coraz\u00f3n.<\/p>\n\n\n\n<p>Pero alguien me dijo algo que me hizo pensar. Me dijo que el t\u00e9rmino pod\u00eda sonar pasivo. Como si estuvi\u00e9ramos tranquilos de m\u00e1s. Como si apaciguar fuera lo mismo que no hacer nada. Y cuando lo convers\u00e9 con otras personas, empec\u00e9 a ver que quiz\u00e1 ten\u00eda raz\u00f3n.<\/p>\n\n\n\n<p>Porque este no es un movimiento pasivo. No es un grupo de \u201ctranquilitos\u201d. No es gente sentada esperando a ver qu\u00e9 pasa.<\/p>\n\n\n\n<p>Estamos pensando, s\u00ed. Pero tambi\u00e9n estamos actuando. Estamos conversando, tocando puertas, escuchando, cuestionando, defendiendo la democracia, la institucionalidad y la patria con presencia real.<\/p>\n\n\n\n<p>Y ah\u00ed entend\u00ed algo importante: los nombres importan seg\u00fan el momento.<\/p>\n\n\n\n<p>Tal vez podamos llamarnos apaciguaditos cuando hablamos desde el afecto, desde lo humano, desde el cuidado del ser interior. Pero cuando hablamos de pa\u00eds, de democracia, de responsabilidad hist\u00f3rica, tal vez necesitamos un t\u00e9rmino que refleje mejor lo que somos en acci\u00f3n. No soldados, no fan\u00e1ticos, no seguidores ciegos. Ciudadanos conscientes. &nbsp;ersonas de pie. Gente que no se esconde ni grita, pero tampoco se queda al margen.<\/p>\n\n\n\n<p>Y esto no es algo que yo decida solo.<\/p>\n\n\n\n<p>Aunque muchas veces yo sea el que escribe, el que publica o el que va a conversar con figuras p\u00fablicas, no voy en nombre propio. Voy en representaci\u00f3n de todos. Porque este movimiento no es m\u00edo. Se construye entre todos. Cada conversaci\u00f3n que ustedes tienen, cada reflexi\u00f3n que comparten, cada pausa consciente que hacen, tambi\u00e9n lo sostiene.<\/p>\n\n\n\n<p>Yo no soy un caudillo. Soy un punto de encuentro.<\/p>\n\n\n\n<p>Por eso les hablo con transparencia. Porque cambiar o ajustar c\u00f3mo nos llamamos no es un detalle superficial; es una decisi\u00f3n de identidad. Y las identidades sanas no se imponen, se conversan.<\/p>\n\n\n\n<p>Seguimos siendo los mismos. Seguimos caminando juntos. Seguimos defendiendo lo mismo.<\/p>\n\n\n\n<p>Tal vez encontremos un nombre que nos represente mejor en los momentos decisivos. Tal vez convivamos con m\u00e1s de un t\u00e9rmino, seg\u00fan el contexto. Lo importante no es la etiqueta, sino la conciencia que nos une. Y esa, por ahora, sigue intacta.<\/p>\n\n\n\n<p>Seguimos. Juntos. Pensando. De pie.<\/p>\n","protected":false},"excerpt":{"rendered":"<p>Hay momentos en los que un movimiento necesita detenerse no para retroceder, sino para mirarse al espejo. Para preguntarse qui\u00e9n [&hellip;]<\/p>\n","protected":false},"author":1,"featured_media":0,"comment_status":"open","ping_status":"open","sticky":false,"template":"","format":"standard","meta":{"site-sidebar-layout":"default","site-content-layout":"","ast-site-content-layout":"","site-content-style":"default","site-sidebar-style":"default","ast-global-header-display":"","ast-banner-title-visibility":"","ast-main-header-display":"","ast-hfb-above-header-display":"","ast-hfb-below-header-display":"","ast-hfb-mobile-header-display":"","site-post-title":"","ast-breadcrumbs-content":"","ast-featured-img":"","footer-sml-layout":"","theme-transparent-header-meta":"","adv-header-id-meta":"","stick-header-meta":"","header-above-stick-meta":"","header-main-stick-meta":"","header-below-stick-meta":"","astra-migrate-meta-layouts":"default","ast-page-background-enabled":"default","ast-page-background-meta":{"desktop":{"background-color":"var(--ast-global-color-5)","background-image":"","background-repeat":"repeat","background-position":"center center","background-size":"auto","background-attachment":"scroll","background-type":"","background-media":"","overlay-type":"","overlay-color":"","overlay-opacity":"","overlay-gradient":""},"tablet":{"background-color":"","background-image":"","background-repeat":"repeat","background-position":"center center","background-size":"auto","background-attachment":"scroll","background-type":"","background-media":"","overlay-type":"","overlay-color":"","overlay-opacity":"","overlay-gradient":""},"mobile":{"background-color":"","background-image":"","background-repeat":"repeat","background-position":"center center","background-size":"auto","background-attachment":"scroll","background-type":"","background-media":"","overlay-type":"","overlay-color":"","overlay-opacity":"","overlay-gradient":""}},"ast-content-background-meta":{"desktop":{"background-color":"var(--ast-global-color-4)","background-image":"","background-repeat":"repeat","background-position":"center center","background-size":"auto","background-attachment":"scroll","background-type":"","background-media":"","overlay-type":"","overlay-color":"","overlay-opacity":"","overlay-gradient":""},"tablet":{"background-color":"var(--ast-global-color-4)","background-image":"","background-repeat":"repeat","background-position":"center center","background-size":"auto","background-attachment":"scroll","background-type":"","background-media":"","overlay-type":"","overlay-color":"","overlay-opacity":"","overlay-gradient":""},"mobile":{"background-color":"var(--ast-global-color-4)","background-image":"","background-repeat":"repeat","background-position":"center center","background-size":"auto","background-attachment":"scroll","background-type":"","background-media":"","overlay-type":"","overlay-color":"","overlay-opacity":"","overlay-gradient":""}},"footnotes":""},"categories":[17],"tags":[],"class_list":["post-1954","post","type-post","status-publish","format-standard","hentry","category-elecciones-2026"],"yoast_head":"<!-- This site is optimized with the Yoast SEO plugin v26.0 - https:\/\/yoast.com\/wordpress\/plugins\/seo\/ -->\n<title>\u00bfC\u00f3mo nos llaman\u2026 o c\u00f3mo nos vamos a llamar? - MI BLOG<\/title>\n<meta name=\"robots\" content=\"index, follow, max-snippet:-1, max-image-preview:large, max-video-preview:-1\" \/>\n<link rel=\"canonical\" href=\"https:\/\/viniciojarquin.com\/blog\/como-nos-llaman-o-como-nos-vamos-a-llamar\/\" \/>\n<meta property=\"og:locale\" content=\"es_ES\" \/>\n<meta property=\"og:type\" content=\"article\" \/>\n<meta property=\"og:title\" content=\"\u00bfC\u00f3mo nos llaman\u2026 o c\u00f3mo nos vamos a llamar? - MI BLOG\" \/>\n<meta property=\"og:description\" content=\"Hay momentos en los que un movimiento necesita detenerse no para retroceder, sino para mirarse al espejo. Para preguntarse qui\u00e9n [&hellip;]\" \/>\n<meta property=\"og:url\" content=\"https:\/\/viniciojarquin.com\/blog\/como-nos-llaman-o-como-nos-vamos-a-llamar\/\" \/>\n<meta property=\"og:site_name\" content=\"MI BLOG\" \/>\n<meta property=\"article:publisher\" content=\"https:\/\/www.facebook.com\/vinicio.jarquin\" \/>\n<meta property=\"article:author\" content=\"https:\/\/www.facebook.com\/vinicio.jarquin\" \/>\n<meta property=\"article:published_time\" content=\"2025-12-19T02:41:14+00:00\" \/>\n<meta property=\"article:modified_time\" content=\"2025-12-19T02:41:18+00:00\" \/>\n<meta name=\"author\" content=\"Vinicio Jarqu\u00edn\" \/>\n<meta name=\"twitter:card\" content=\"summary_large_image\" \/>\n<meta name=\"twitter:label1\" content=\"Escrito por\" \/>\n\t<meta name=\"twitter:data1\" content=\"Vinicio Jarqu\u00edn\" \/>\n\t<meta name=\"twitter:label2\" content=\"Tiempo de lectura\" \/>\n\t<meta name=\"twitter:data2\" content=\"3 minutos\" \/>\n<script type=\"application\/ld+json\" class=\"yoast-schema-graph\">{\"@context\":\"https:\/\/schema.org\",\"@graph\":[{\"@type\":\"Article\",\"@id\":\"https:\/\/viniciojarquin.com\/blog\/como-nos-llaman-o-como-nos-vamos-a-llamar\/#article\",\"isPartOf\":{\"@id\":\"https:\/\/viniciojarquin.com\/blog\/como-nos-llaman-o-como-nos-vamos-a-llamar\/\"},\"author\":{\"name\":\"Vinicio Jarqu\u00edn\",\"@id\":\"https:\/\/viniciojarquin.com\/blog\/#\/schema\/person\/90100c8845ae55462ec0657d3d2f8d3b\"},\"headline\":\"\u00bfC\u00f3mo nos llaman\u2026 o c\u00f3mo nos vamos a llamar?\",\"datePublished\":\"2025-12-19T02:41:14+00:00\",\"dateModified\":\"2025-12-19T02:41:18+00:00\",\"mainEntityOfPage\":{\"@id\":\"https:\/\/viniciojarquin.com\/blog\/como-nos-llaman-o-como-nos-vamos-a-llamar\/\"},\"wordCount\":571,\"commentCount\":0,\"publisher\":{\"@id\":\"https:\/\/viniciojarquin.com\/blog\/#\/schema\/person\/90100c8845ae55462ec0657d3d2f8d3b\"},\"articleSection\":[\"Elecciones 2026\"],\"inLanguage\":\"es\",\"potentialAction\":[{\"@type\":\"CommentAction\",\"name\":\"Comment\",\"target\":[\"https:\/\/viniciojarquin.com\/blog\/como-nos-llaman-o-como-nos-vamos-a-llamar\/#respond\"]}]},{\"@type\":\"WebPage\",\"@id\":\"https:\/\/viniciojarquin.com\/blog\/como-nos-llaman-o-como-nos-vamos-a-llamar\/\",\"url\":\"https:\/\/viniciojarquin.com\/blog\/como-nos-llaman-o-como-nos-vamos-a-llamar\/\",\"name\":\"\u00bfC\u00f3mo nos llaman\u2026 o c\u00f3mo nos vamos a llamar? - MI BLOG\",\"isPartOf\":{\"@id\":\"https:\/\/viniciojarquin.com\/blog\/#website\"},\"datePublished\":\"2025-12-19T02:41:14+00:00\",\"dateModified\":\"2025-12-19T02:41:18+00:00\",\"breadcrumb\":{\"@id\":\"https:\/\/viniciojarquin.com\/blog\/como-nos-llaman-o-como-nos-vamos-a-llamar\/#breadcrumb\"},\"inLanguage\":\"es\",\"potentialAction\":[{\"@type\":\"ReadAction\",\"target\":[\"https:\/\/viniciojarquin.com\/blog\/como-nos-llaman-o-como-nos-vamos-a-llamar\/\"]}]},{\"@type\":\"BreadcrumbList\",\"@id\":\"https:\/\/viniciojarquin.com\/blog\/como-nos-llaman-o-como-nos-vamos-a-llamar\/#breadcrumb\",\"itemListElement\":[{\"@type\":\"ListItem\",\"position\":1,\"name\":\"Portada\",\"item\":\"https:\/\/viniciojarquin.com\/blog\/\"},{\"@type\":\"ListItem\",\"position\":2,\"name\":\"\u00bfC\u00f3mo nos llaman\u2026 o c\u00f3mo nos vamos a llamar?\"}]},{\"@type\":\"WebSite\",\"@id\":\"https:\/\/viniciojarquin.com\/blog\/#website\",\"url\":\"https:\/\/viniciojarquin.com\/blog\/\",\"name\":\"Vinicio Jarqu\u00edn BLOG\",\"description\":\"\",\"publisher\":{\"@id\":\"https:\/\/viniciojarquin.com\/blog\/#\/schema\/person\/90100c8845ae55462ec0657d3d2f8d3b\"},\"potentialAction\":[{\"@type\":\"SearchAction\",\"target\":{\"@type\":\"EntryPoint\",\"urlTemplate\":\"https:\/\/viniciojarquin.com\/blog\/?s={search_term_string}\"},\"query-input\":{\"@type\":\"PropertyValueSpecification\",\"valueRequired\":true,\"valueName\":\"search_term_string\"}}],\"inLanguage\":\"es\"},{\"@type\":[\"Person\",\"Organization\"],\"@id\":\"https:\/\/viniciojarquin.com\/blog\/#\/schema\/person\/90100c8845ae55462ec0657d3d2f8d3b\",\"name\":\"Vinicio Jarqu\u00edn\",\"image\":{\"@type\":\"ImageObject\",\"inLanguage\":\"es\",\"@id\":\"https:\/\/viniciojarquin.com\/blog\/#\/schema\/person\/image\/\",\"url\":\"https:\/\/viniciojarquin.com\/blog\/wp-content\/uploads\/2024\/10\/Logo-VinicioJarquin-original-400.png\",\"contentUrl\":\"https:\/\/viniciojarquin.com\/blog\/wp-content\/uploads\/2024\/10\/Logo-VinicioJarquin-original-400.png\",\"width\":400,\"height\":130,\"caption\":\"Vinicio Jarqu\u00edn\"},\"logo\":{\"@id\":\"https:\/\/viniciojarquin.com\/blog\/#\/schema\/person\/image\/\"},\"description\":\"Empresario textil, artista pl\u00e1stico, escritor, coach de vida y fot\u00f3grafo.\",\"sameAs\":[\"https:\/\/viniciojarquin.com\/blog\",\"https:\/\/www.facebook.com\/vinicio.jarquin\",\"https:\/\/www.instagram.com\/vinicio_jarquin\/\",\"https:\/\/www.pinterest.com\/vinnyjc\/\",\"https:\/\/www.youtube.com\/@VinicioJarquin\"],\"url\":\"https:\/\/viniciojarquin.com\/blog\/author\/admin_s02au25i\/\"}]}<\/script>\n<!-- \/ Yoast SEO plugin. -->","yoast_head_json":{"title":"\u00bfC\u00f3mo nos llaman\u2026 o c\u00f3mo nos vamos a llamar? - MI BLOG","robots":{"index":"index","follow":"follow","max-snippet":"max-snippet:-1","max-image-preview":"max-image-preview:large","max-video-preview":"max-video-preview:-1"},"canonical":"https:\/\/viniciojarquin.com\/blog\/como-nos-llaman-o-como-nos-vamos-a-llamar\/","og_locale":"es_ES","og_type":"article","og_title":"\u00bfC\u00f3mo nos llaman\u2026 o c\u00f3mo nos vamos a llamar? - MI BLOG","og_description":"Hay momentos en los que un movimiento necesita detenerse no para retroceder, sino para mirarse al espejo. Para preguntarse qui\u00e9n [&hellip;]","og_url":"https:\/\/viniciojarquin.com\/blog\/como-nos-llaman-o-como-nos-vamos-a-llamar\/","og_site_name":"MI BLOG","article_publisher":"https:\/\/www.facebook.com\/vinicio.jarquin","article_author":"https:\/\/www.facebook.com\/vinicio.jarquin","article_published_time":"2025-12-19T02:41:14+00:00","article_modified_time":"2025-12-19T02:41:18+00:00","author":"Vinicio Jarqu\u00edn","twitter_card":"summary_large_image","twitter_misc":{"Escrito por":"Vinicio Jarqu\u00edn","Tiempo de lectura":"3 minutos"},"schema":{"@context":"https:\/\/schema.org","@graph":[{"@type":"Article","@id":"https:\/\/viniciojarquin.com\/blog\/como-nos-llaman-o-como-nos-vamos-a-llamar\/#article","isPartOf":{"@id":"https:\/\/viniciojarquin.com\/blog\/como-nos-llaman-o-como-nos-vamos-a-llamar\/"},"author":{"name":"Vinicio Jarqu\u00edn","@id":"https:\/\/viniciojarquin.com\/blog\/#\/schema\/person\/90100c8845ae55462ec0657d3d2f8d3b"},"headline":"\u00bfC\u00f3mo nos llaman\u2026 o c\u00f3mo nos vamos a llamar?","datePublished":"2025-12-19T02:41:14+00:00","dateModified":"2025-12-19T02:41:18+00:00","mainEntityOfPage":{"@id":"https:\/\/viniciojarquin.com\/blog\/como-nos-llaman-o-como-nos-vamos-a-llamar\/"},"wordCount":571,"commentCount":0,"publisher":{"@id":"https:\/\/viniciojarquin.com\/blog\/#\/schema\/person\/90100c8845ae55462ec0657d3d2f8d3b"},"articleSection":["Elecciones 2026"],"inLanguage":"es","potentialAction":[{"@type":"CommentAction","name":"Comment","target":["https:\/\/viniciojarquin.com\/blog\/como-nos-llaman-o-como-nos-vamos-a-llamar\/#respond"]}]},{"@type":"WebPage","@id":"https:\/\/viniciojarquin.com\/blog\/como-nos-llaman-o-como-nos-vamos-a-llamar\/","url":"https:\/\/viniciojarquin.com\/blog\/como-nos-llaman-o-como-nos-vamos-a-llamar\/","name":"\u00bfC\u00f3mo nos llaman\u2026 o c\u00f3mo nos vamos a llamar? - MI BLOG","isPartOf":{"@id":"https:\/\/viniciojarquin.com\/blog\/#website"},"datePublished":"2025-12-19T02:41:14+00:00","dateModified":"2025-12-19T02:41:18+00:00","breadcrumb":{"@id":"https:\/\/viniciojarquin.com\/blog\/como-nos-llaman-o-como-nos-vamos-a-llamar\/#breadcrumb"},"inLanguage":"es","potentialAction":[{"@type":"ReadAction","target":["https:\/\/viniciojarquin.com\/blog\/como-nos-llaman-o-como-nos-vamos-a-llamar\/"]}]},{"@type":"BreadcrumbList","@id":"https:\/\/viniciojarquin.com\/blog\/como-nos-llaman-o-como-nos-vamos-a-llamar\/#breadcrumb","itemListElement":[{"@type":"ListItem","position":1,"name":"Portada","item":"https:\/\/viniciojarquin.com\/blog\/"},{"@type":"ListItem","position":2,"name":"\u00bfC\u00f3mo nos llaman\u2026 o c\u00f3mo nos vamos a llamar?"}]},{"@type":"WebSite","@id":"https:\/\/viniciojarquin.com\/blog\/#website","url":"https:\/\/viniciojarquin.com\/blog\/","name":"Vinicio Jarqu\u00edn BLOG","description":"","publisher":{"@id":"https:\/\/viniciojarquin.com\/blog\/#\/schema\/person\/90100c8845ae55462ec0657d3d2f8d3b"},"potentialAction":[{"@type":"SearchAction","target":{"@type":"EntryPoint","urlTemplate":"https:\/\/viniciojarquin.com\/blog\/?s={search_term_string}"},"query-input":{"@type":"PropertyValueSpecification","valueRequired":true,"valueName":"search_term_string"}}],"inLanguage":"es"},{"@type":["Person","Organization"],"@id":"https:\/\/viniciojarquin.com\/blog\/#\/schema\/person\/90100c8845ae55462ec0657d3d2f8d3b","name":"Vinicio Jarqu\u00edn","image":{"@type":"ImageObject","inLanguage":"es","@id":"https:\/\/viniciojarquin.com\/blog\/#\/schema\/person\/image\/","url":"https:\/\/viniciojarquin.com\/blog\/wp-content\/uploads\/2024\/10\/Logo-VinicioJarquin-original-400.png","contentUrl":"https:\/\/viniciojarquin.com\/blog\/wp-content\/uploads\/2024\/10\/Logo-VinicioJarquin-original-400.png","width":400,"height":130,"caption":"Vinicio Jarqu\u00edn"},"logo":{"@id":"https:\/\/viniciojarquin.com\/blog\/#\/schema\/person\/image\/"},"description":"Empresario textil, artista pl\u00e1stico, escritor, coach de vida y fot\u00f3grafo.","sameAs":["https:\/\/viniciojarquin.com\/blog","https:\/\/www.facebook.com\/vinicio.jarquin","https:\/\/www.instagram.com\/vinicio_jarquin\/","https:\/\/www.pinterest.com\/vinnyjc\/","https:\/\/www.youtube.com\/@VinicioJarquin"],"url":"https:\/\/viniciojarquin.com\/blog\/author\/admin_s02au25i\/"}]}},"blog_post_layout_featured_media_urls":{"thumbnail":"","full":""},"categories_names":{"17":{"name":"Elecciones 2026","link":"https:\/\/viniciojarquin.com\/blog\/category\/elecciones-2026\/"}},"tags_names":[],"comments_number":"0","_links":{"self":[{"href":"https:\/\/viniciojarquin.com\/blog\/wp-json\/wp\/v2\/posts\/1954","targetHints":{"allow":["GET"]}}],"collection":[{"href":"https:\/\/viniciojarquin.com\/blog\/wp-json\/wp\/v2\/posts"}],"about":[{"href":"https:\/\/viniciojarquin.com\/blog\/wp-json\/wp\/v2\/types\/post"}],"author":[{"embeddable":true,"href":"https:\/\/viniciojarquin.com\/blog\/wp-json\/wp\/v2\/users\/1"}],"replies":[{"embeddable":true,"href":"https:\/\/viniciojarquin.com\/blog\/wp-json\/wp\/v2\/comments?post=1954"}],"version-history":[{"count":1,"href":"https:\/\/viniciojarquin.com\/blog\/wp-json\/wp\/v2\/posts\/1954\/revisions"}],"predecessor-version":[{"id":1955,"href":"https:\/\/viniciojarquin.com\/blog\/wp-json\/wp\/v2\/posts\/1954\/revisions\/1955"}],"wp:attachment":[{"href":"https:\/\/viniciojarquin.com\/blog\/wp-json\/wp\/v2\/media?parent=1954"}],"wp:term":[{"taxonomy":"category","embeddable":true,"href":"https:\/\/viniciojarquin.com\/blog\/wp-json\/wp\/v2\/categories?post=1954"},{"taxonomy":"post_tag","embeddable":true,"href":"https:\/\/viniciojarquin.com\/blog\/wp-json\/wp\/v2\/tags?post=1954"}],"curies":[{"name":"wp","href":"https:\/\/api.w.org\/{rel}","templated":true}]}}