{"id":1970,"date":"2025-12-20T04:07:01","date_gmt":"2025-12-20T04:07:01","guid":{"rendered":"https:\/\/viniciojarquin.com\/blog\/?p=1970"},"modified":"2025-12-20T04:07:05","modified_gmt":"2025-12-20T04:07:05","slug":"18-cuando-llega-el-momento-de-sembrar","status":"publish","type":"post","link":"https:\/\/viniciojarquin.com\/blog\/18-cuando-llega-el-momento-de-sembrar\/","title":{"rendered":"18 &#8211; Cuando llega el momento de sembrar"},"content":{"rendered":"\n<p>T\u00fa sabes que hay momentos en el campo en los que ya no se puede seguir dudando. Momentos en los que no sirve quedarse mirando la tierra, ni darle vueltas a la semilla en la mano, ni esperar a ver qu\u00e9 hacen otros. Llega el momento de sembrar. Y cuando ese momento llega, no sembrar tambi\u00e9n es una decisi\u00f3n. Una decisi\u00f3n que casi siempre se paga caro.<\/p>\n\n\n\n<p>Cuando ustedes vinieron a San Jos\u00e9, se encontraron con algo que no esperaban. Yo lo recuerdo bien. Les dije ese d\u00eda que caminaron por una ciudad llena de maleza, descuidada, desordenada, muy distinta a la ciudad que muchos llevaban en la cabeza. Como pasa en el campo cuando una semilla no sale como se esperaba. Cuando algo se dej\u00f3 crecer sin control. Cuando no se cuid\u00f3 lo que hab\u00eda que cuidar. Eso no pasa de un d\u00eda para otro. Pasa porque alguien decidi\u00f3 no atender la tierra a tiempo.<\/p>\n\n\n\n<p>Por eso hoy no es tiempo de dudar. Hoy no es tiempo de quedarse en la casa. Hoy no es tiempo de decir \u201ctodos son iguales\u201d o \u201cpara qu\u00e9 ir\u201d. T\u00fa sabes mejor que nadie que la tierra no se trabaja con indiferencia. El campo no se sostiene con brazos cruzados. Si no siembras, crece la maleza. Si no eliges, otros eligen por ti. Y casi nunca lo hacen pensando en tu finca, en tu familia o en tu futuro.<\/p>\n\n\n\n<p>Este primero de febrero es un d\u00eda de siembra. No de discursos, no de promesas vac\u00edas, sino de decisiones. T\u00fa conoces las semillas. T\u00fa sabes distinguir entre una que solo estorba y una que puede dar fruto. Sabes cu\u00e1les da\u00f1an el cultivo y cu\u00e1les ayudan a que todo crezca mejor. Nadie tiene que explicarte eso. Lo has vivido toda la vida.<\/p>\n\n\n\n<p>No dejes que el cansancio te lleve al abstencionismo. No dejes que la decepci\u00f3n te saque del terreno. No le entregues tu parcela a la maleza por cansancio. Votar no es un favor que le haces a nadie; es una herramienta, igual que el machete, igual que el chapul\u00edn, igual que las manos. Es la forma de decir: esta tierra tambi\u00e9n es m\u00eda y me importa.<\/p>\n\n\n\n<p>Piensa bien qu\u00e9 semilla quieres sembrar. Una que solo crezca r\u00e1pido y ahogue todo alrededor, o una que pueda sostenerse durante el a\u00f1o, dar sombra, dar fruto y permitir que otros tambi\u00e9n crezcan. El campo ense\u00f1a que no todo lo que brota sirve. Y tambi\u00e9n ense\u00f1a que sembrar bien cambia el paisaje.<\/p>\n\n\n\n<p>Este primero de febrero no te quedes afuera. No dejes el terreno abandonado. Ve y siembra con conciencia. Porque lo que se siembra hoy es lo que se cosecha ma\u00f1ana. Y t\u00fa sabes mejor que nadie que el futuro no se improvisa: se trabaja.<\/p>\n\n\n\n<p>El campo se levanta.<br>Y t\u00fa decides qu\u00e9 sembrar.<\/p>\n\n\n\n<figure class=\"wp-block-image size-full\"><img decoding=\"async\" width=\"800\" height=\"500\" data-src=\"https:\/\/viniciojarquin.com\/blog\/wp-content\/uploads\/2025\/12\/Serie-Los-agricultores-2.jpg\" alt=\"\" class=\"wp-image-1962 lazyload\" data-srcset=\"https:\/\/viniciojarquin.com\/blog\/wp-content\/uploads\/2025\/12\/Serie-Los-agricultores-2.jpg 800w, https:\/\/viniciojarquin.com\/blog\/wp-content\/uploads\/2025\/12\/Serie-Los-agricultores-2-300x188.jpg 300w, https:\/\/viniciojarquin.com\/blog\/wp-content\/uploads\/2025\/12\/Serie-Los-agricultores-2-768x480.jpg 768w\" data-sizes=\"(max-width: 800px) 100vw, 800px\" src=\"data:image\/svg+xml;base64,PHN2ZyB3aWR0aD0iMSIgaGVpZ2h0PSIxIiB4bWxucz0iaHR0cDovL3d3dy53My5vcmcvMjAwMC9zdmciPjwvc3ZnPg==\" style=\"--smush-placeholder-width: 800px; --smush-placeholder-aspect-ratio: 800\/500;\" \/><\/figure>\n","protected":false},"excerpt":{"rendered":"<p>T\u00fa sabes que hay momentos en el campo en los que ya no se puede seguir dudando. Momentos en los [&hellip;]<\/p>\n","protected":false},"author":1,"featured_media":1962,"comment_status":"open","ping_status":"open","sticky":false,"template":"","format":"standard","meta":{"site-sidebar-layout":"default","site-content-layout":"","ast-site-content-layout":"","site-content-style":"default","site-sidebar-style":"default","ast-global-header-display":"","ast-banner-title-visibility":"","ast-main-header-display":"","ast-hfb-above-header-display":"","ast-hfb-below-header-display":"","ast-hfb-mobile-header-display":"","site-post-title":"","ast-breadcrumbs-content":"","ast-featured-img":"","footer-sml-layout":"","theme-transparent-header-meta":"","adv-header-id-meta":"","stick-header-meta":"","header-above-stick-meta":"","header-main-stick-meta":"","header-below-stick-meta":"","astra-migrate-meta-layouts":"default","ast-page-background-enabled":"default","ast-page-background-meta":{"desktop":{"background-color":"var(--ast-global-color-5)","background-image":"","background-repeat":"repeat","background-position":"center center","background-size":"auto","background-attachment":"scroll","background-type":"","background-media":"","overlay-type":"","overlay-color":"","overlay-opacity":"","overlay-gradient":""},"tablet":{"background-color":"","background-image":"","background-repeat":"repeat","background-position":"center center","background-size":"auto","background-attachment":"scroll","background-type":"","background-media":"","overlay-type":"","overlay-color":"","overlay-opacity":"","overlay-gradient":""},"mobile":{"background-color":"","background-image":"","background-repeat":"repeat","background-position":"center center","background-size":"auto","background-attachment":"scroll","background-type":"","background-media":"","overlay-type":"","overlay-color":"","overlay-opacity":"","overlay-gradient":""}},"ast-content-background-meta":{"desktop":{"background-color":"var(--ast-global-color-4)","background-image":"","background-repeat":"repeat","background-position":"center center","background-size":"auto","background-attachment":"scroll","background-type":"","background-media":"","overlay-type":"","overlay-color":"","overlay-opacity":"","overlay-gradient":""},"tablet":{"background-color":"var(--ast-global-color-4)","background-image":"","background-repeat":"repeat","background-position":"center center","background-size":"auto","background-attachment":"scroll","background-type":"","background-media":"","overlay-type":"","overlay-color":"","overlay-opacity":"","overlay-gradient":""},"mobile":{"background-color":"var(--ast-global-color-4)","background-image":"","background-repeat":"repeat","background-position":"center center","background-size":"auto","background-attachment":"scroll","background-type":"","background-media":"","overlay-type":"","overlay-color":"","overlay-opacity":"","overlay-gradient":""}},"footnotes":""},"categories":[1],"tags":[],"class_list":["post-1970","post","type-post","status-publish","format-standard","has-post-thumbnail","hentry","category-uncategorized"],"yoast_head":"<!-- This site is optimized with the Yoast SEO plugin v26.0 - https:\/\/yoast.com\/wordpress\/plugins\/seo\/ -->\n<title>18 - Cuando llega el momento de sembrar - MI BLOG<\/title>\n<meta name=\"robots\" content=\"index, follow, max-snippet:-1, max-image-preview:large, max-video-preview:-1\" \/>\n<link rel=\"canonical\" href=\"https:\/\/viniciojarquin.com\/blog\/18-cuando-llega-el-momento-de-sembrar\/\" \/>\n<meta property=\"og:locale\" content=\"es_ES\" \/>\n<meta property=\"og:type\" content=\"article\" \/>\n<meta property=\"og:title\" content=\"18 - Cuando llega el momento de sembrar - MI BLOG\" \/>\n<meta property=\"og:description\" content=\"T\u00fa sabes que hay momentos en el campo en los que ya no se puede seguir dudando. Momentos en los [&hellip;]\" \/>\n<meta property=\"og:url\" content=\"https:\/\/viniciojarquin.com\/blog\/18-cuando-llega-el-momento-de-sembrar\/\" \/>\n<meta property=\"og:site_name\" content=\"MI BLOG\" \/>\n<meta property=\"article:publisher\" content=\"https:\/\/www.facebook.com\/vinicio.jarquin\" \/>\n<meta property=\"article:author\" content=\"https:\/\/www.facebook.com\/vinicio.jarquin\" \/>\n<meta property=\"article:published_time\" content=\"2025-12-20T04:07:01+00:00\" \/>\n<meta property=\"article:modified_time\" content=\"2025-12-20T04:07:05+00:00\" \/>\n<meta property=\"og:image\" content=\"https:\/\/viniciojarquin.com\/blog\/wp-content\/uploads\/2025\/12\/Serie-Los-agricultores-2.jpg\" \/>\n\t<meta property=\"og:image:width\" content=\"800\" \/>\n\t<meta property=\"og:image:height\" content=\"500\" \/>\n\t<meta property=\"og:image:type\" content=\"image\/jpeg\" \/>\n<meta name=\"author\" content=\"Vinicio Jarqu\u00edn\" \/>\n<meta name=\"twitter:card\" content=\"summary_large_image\" \/>\n<meta name=\"twitter:label1\" content=\"Escrito por\" \/>\n\t<meta name=\"twitter:data1\" content=\"Vinicio Jarqu\u00edn\" \/>\n\t<meta name=\"twitter:label2\" content=\"Tiempo de lectura\" \/>\n\t<meta name=\"twitter:data2\" content=\"3 minutos\" \/>\n<script type=\"application\/ld+json\" class=\"yoast-schema-graph\">{\"@context\":\"https:\/\/schema.org\",\"@graph\":[{\"@type\":\"Article\",\"@id\":\"https:\/\/viniciojarquin.com\/blog\/18-cuando-llega-el-momento-de-sembrar\/#article\",\"isPartOf\":{\"@id\":\"https:\/\/viniciojarquin.com\/blog\/18-cuando-llega-el-momento-de-sembrar\/\"},\"author\":{\"name\":\"Vinicio Jarqu\u00edn\",\"@id\":\"https:\/\/viniciojarquin.com\/blog\/#\/schema\/person\/90100c8845ae55462ec0657d3d2f8d3b\"},\"headline\":\"18 &#8211; Cuando llega el momento de sembrar\",\"datePublished\":\"2025-12-20T04:07:01+00:00\",\"dateModified\":\"2025-12-20T04:07:05+00:00\",\"mainEntityOfPage\":{\"@id\":\"https:\/\/viniciojarquin.com\/blog\/18-cuando-llega-el-momento-de-sembrar\/\"},\"wordCount\":497,\"commentCount\":0,\"publisher\":{\"@id\":\"https:\/\/viniciojarquin.com\/blog\/#\/schema\/person\/90100c8845ae55462ec0657d3d2f8d3b\"},\"image\":{\"@id\":\"https:\/\/viniciojarquin.com\/blog\/18-cuando-llega-el-momento-de-sembrar\/#primaryimage\"},\"thumbnailUrl\":\"https:\/\/viniciojarquin.com\/blog\/wp-content\/uploads\/2025\/12\/Serie-Los-agricultores-2.jpg\",\"articleSection\":[\"Uncategorized\"],\"inLanguage\":\"es\",\"potentialAction\":[{\"@type\":\"CommentAction\",\"name\":\"Comment\",\"target\":[\"https:\/\/viniciojarquin.com\/blog\/18-cuando-llega-el-momento-de-sembrar\/#respond\"]}]},{\"@type\":\"WebPage\",\"@id\":\"https:\/\/viniciojarquin.com\/blog\/18-cuando-llega-el-momento-de-sembrar\/\",\"url\":\"https:\/\/viniciojarquin.com\/blog\/18-cuando-llega-el-momento-de-sembrar\/\",\"name\":\"18 - Cuando llega el momento de sembrar - MI BLOG\",\"isPartOf\":{\"@id\":\"https:\/\/viniciojarquin.com\/blog\/#website\"},\"primaryImageOfPage\":{\"@id\":\"https:\/\/viniciojarquin.com\/blog\/18-cuando-llega-el-momento-de-sembrar\/#primaryimage\"},\"image\":{\"@id\":\"https:\/\/viniciojarquin.com\/blog\/18-cuando-llega-el-momento-de-sembrar\/#primaryimage\"},\"thumbnailUrl\":\"https:\/\/viniciojarquin.com\/blog\/wp-content\/uploads\/2025\/12\/Serie-Los-agricultores-2.jpg\",\"datePublished\":\"2025-12-20T04:07:01+00:00\",\"dateModified\":\"2025-12-20T04:07:05+00:00\",\"breadcrumb\":{\"@id\":\"https:\/\/viniciojarquin.com\/blog\/18-cuando-llega-el-momento-de-sembrar\/#breadcrumb\"},\"inLanguage\":\"es\",\"potentialAction\":[{\"@type\":\"ReadAction\",\"target\":[\"https:\/\/viniciojarquin.com\/blog\/18-cuando-llega-el-momento-de-sembrar\/\"]}]},{\"@type\":\"ImageObject\",\"inLanguage\":\"es\",\"@id\":\"https:\/\/viniciojarquin.com\/blog\/18-cuando-llega-el-momento-de-sembrar\/#primaryimage\",\"url\":\"https:\/\/viniciojarquin.com\/blog\/wp-content\/uploads\/2025\/12\/Serie-Los-agricultores-2.jpg\",\"contentUrl\":\"https:\/\/viniciojarquin.com\/blog\/wp-content\/uploads\/2025\/12\/Serie-Los-agricultores-2.jpg\",\"width\":800,\"height\":500},{\"@type\":\"BreadcrumbList\",\"@id\":\"https:\/\/viniciojarquin.com\/blog\/18-cuando-llega-el-momento-de-sembrar\/#breadcrumb\",\"itemListElement\":[{\"@type\":\"ListItem\",\"position\":1,\"name\":\"Portada\",\"item\":\"https:\/\/viniciojarquin.com\/blog\/\"},{\"@type\":\"ListItem\",\"position\":2,\"name\":\"18 &#8211; Cuando llega el momento de sembrar\"}]},{\"@type\":\"WebSite\",\"@id\":\"https:\/\/viniciojarquin.com\/blog\/#website\",\"url\":\"https:\/\/viniciojarquin.com\/blog\/\",\"name\":\"Vinicio Jarqu\u00edn BLOG\",\"description\":\"\",\"publisher\":{\"@id\":\"https:\/\/viniciojarquin.com\/blog\/#\/schema\/person\/90100c8845ae55462ec0657d3d2f8d3b\"},\"potentialAction\":[{\"@type\":\"SearchAction\",\"target\":{\"@type\":\"EntryPoint\",\"urlTemplate\":\"https:\/\/viniciojarquin.com\/blog\/?s={search_term_string}\"},\"query-input\":{\"@type\":\"PropertyValueSpecification\",\"valueRequired\":true,\"valueName\":\"search_term_string\"}}],\"inLanguage\":\"es\"},{\"@type\":[\"Person\",\"Organization\"],\"@id\":\"https:\/\/viniciojarquin.com\/blog\/#\/schema\/person\/90100c8845ae55462ec0657d3d2f8d3b\",\"name\":\"Vinicio Jarqu\u00edn\",\"image\":{\"@type\":\"ImageObject\",\"inLanguage\":\"es\",\"@id\":\"https:\/\/viniciojarquin.com\/blog\/#\/schema\/person\/image\/\",\"url\":\"https:\/\/viniciojarquin.com\/blog\/wp-content\/uploads\/2024\/10\/Logo-VinicioJarquin-original-400.png\",\"contentUrl\":\"https:\/\/viniciojarquin.com\/blog\/wp-content\/uploads\/2024\/10\/Logo-VinicioJarquin-original-400.png\",\"width\":400,\"height\":130,\"caption\":\"Vinicio Jarqu\u00edn\"},\"logo\":{\"@id\":\"https:\/\/viniciojarquin.com\/blog\/#\/schema\/person\/image\/\"},\"description\":\"Empresario textil, artista pl\u00e1stico, escritor, coach de vida y fot\u00f3grafo.\",\"sameAs\":[\"https:\/\/viniciojarquin.com\/blog\",\"https:\/\/www.facebook.com\/vinicio.jarquin\",\"https:\/\/www.instagram.com\/vinicio_jarquin\/\",\"https:\/\/www.pinterest.com\/vinnyjc\/\",\"https:\/\/www.youtube.com\/@VinicioJarquin\"],\"url\":\"https:\/\/viniciojarquin.com\/blog\/author\/admin_s02au25i\/\"}]}<\/script>\n<!-- \/ Yoast SEO plugin. -->","yoast_head_json":{"title":"18 - Cuando llega el momento de sembrar - MI BLOG","robots":{"index":"index","follow":"follow","max-snippet":"max-snippet:-1","max-image-preview":"max-image-preview:large","max-video-preview":"max-video-preview:-1"},"canonical":"https:\/\/viniciojarquin.com\/blog\/18-cuando-llega-el-momento-de-sembrar\/","og_locale":"es_ES","og_type":"article","og_title":"18 - Cuando llega el momento de sembrar - MI BLOG","og_description":"T\u00fa sabes que hay momentos en el campo en los que ya no se puede seguir dudando. Momentos en los [&hellip;]","og_url":"https:\/\/viniciojarquin.com\/blog\/18-cuando-llega-el-momento-de-sembrar\/","og_site_name":"MI BLOG","article_publisher":"https:\/\/www.facebook.com\/vinicio.jarquin","article_author":"https:\/\/www.facebook.com\/vinicio.jarquin","article_published_time":"2025-12-20T04:07:01+00:00","article_modified_time":"2025-12-20T04:07:05+00:00","og_image":[{"width":800,"height":500,"url":"https:\/\/viniciojarquin.com\/blog\/wp-content\/uploads\/2025\/12\/Serie-Los-agricultores-2.jpg","type":"image\/jpeg"}],"author":"Vinicio Jarqu\u00edn","twitter_card":"summary_large_image","twitter_misc":{"Escrito por":"Vinicio Jarqu\u00edn","Tiempo de lectura":"3 minutos"},"schema":{"@context":"https:\/\/schema.org","@graph":[{"@type":"Article","@id":"https:\/\/viniciojarquin.com\/blog\/18-cuando-llega-el-momento-de-sembrar\/#article","isPartOf":{"@id":"https:\/\/viniciojarquin.com\/blog\/18-cuando-llega-el-momento-de-sembrar\/"},"author":{"name":"Vinicio Jarqu\u00edn","@id":"https:\/\/viniciojarquin.com\/blog\/#\/schema\/person\/90100c8845ae55462ec0657d3d2f8d3b"},"headline":"18 &#8211; Cuando llega el momento de sembrar","datePublished":"2025-12-20T04:07:01+00:00","dateModified":"2025-12-20T04:07:05+00:00","mainEntityOfPage":{"@id":"https:\/\/viniciojarquin.com\/blog\/18-cuando-llega-el-momento-de-sembrar\/"},"wordCount":497,"commentCount":0,"publisher":{"@id":"https:\/\/viniciojarquin.com\/blog\/#\/schema\/person\/90100c8845ae55462ec0657d3d2f8d3b"},"image":{"@id":"https:\/\/viniciojarquin.com\/blog\/18-cuando-llega-el-momento-de-sembrar\/#primaryimage"},"thumbnailUrl":"https:\/\/viniciojarquin.com\/blog\/wp-content\/uploads\/2025\/12\/Serie-Los-agricultores-2.jpg","articleSection":["Uncategorized"],"inLanguage":"es","potentialAction":[{"@type":"CommentAction","name":"Comment","target":["https:\/\/viniciojarquin.com\/blog\/18-cuando-llega-el-momento-de-sembrar\/#respond"]}]},{"@type":"WebPage","@id":"https:\/\/viniciojarquin.com\/blog\/18-cuando-llega-el-momento-de-sembrar\/","url":"https:\/\/viniciojarquin.com\/blog\/18-cuando-llega-el-momento-de-sembrar\/","name":"18 - Cuando llega el momento de sembrar - MI BLOG","isPartOf":{"@id":"https:\/\/viniciojarquin.com\/blog\/#website"},"primaryImageOfPage":{"@id":"https:\/\/viniciojarquin.com\/blog\/18-cuando-llega-el-momento-de-sembrar\/#primaryimage"},"image":{"@id":"https:\/\/viniciojarquin.com\/blog\/18-cuando-llega-el-momento-de-sembrar\/#primaryimage"},"thumbnailUrl":"https:\/\/viniciojarquin.com\/blog\/wp-content\/uploads\/2025\/12\/Serie-Los-agricultores-2.jpg","datePublished":"2025-12-20T04:07:01+00:00","dateModified":"2025-12-20T04:07:05+00:00","breadcrumb":{"@id":"https:\/\/viniciojarquin.com\/blog\/18-cuando-llega-el-momento-de-sembrar\/#breadcrumb"},"inLanguage":"es","potentialAction":[{"@type":"ReadAction","target":["https:\/\/viniciojarquin.com\/blog\/18-cuando-llega-el-momento-de-sembrar\/"]}]},{"@type":"ImageObject","inLanguage":"es","@id":"https:\/\/viniciojarquin.com\/blog\/18-cuando-llega-el-momento-de-sembrar\/#primaryimage","url":"https:\/\/viniciojarquin.com\/blog\/wp-content\/uploads\/2025\/12\/Serie-Los-agricultores-2.jpg","contentUrl":"https:\/\/viniciojarquin.com\/blog\/wp-content\/uploads\/2025\/12\/Serie-Los-agricultores-2.jpg","width":800,"height":500},{"@type":"BreadcrumbList","@id":"https:\/\/viniciojarquin.com\/blog\/18-cuando-llega-el-momento-de-sembrar\/#breadcrumb","itemListElement":[{"@type":"ListItem","position":1,"name":"Portada","item":"https:\/\/viniciojarquin.com\/blog\/"},{"@type":"ListItem","position":2,"name":"18 &#8211; Cuando llega el momento de sembrar"}]},{"@type":"WebSite","@id":"https:\/\/viniciojarquin.com\/blog\/#website","url":"https:\/\/viniciojarquin.com\/blog\/","name":"Vinicio Jarqu\u00edn BLOG","description":"","publisher":{"@id":"https:\/\/viniciojarquin.com\/blog\/#\/schema\/person\/90100c8845ae55462ec0657d3d2f8d3b"},"potentialAction":[{"@type":"SearchAction","target":{"@type":"EntryPoint","urlTemplate":"https:\/\/viniciojarquin.com\/blog\/?s={search_term_string}"},"query-input":{"@type":"PropertyValueSpecification","valueRequired":true,"valueName":"search_term_string"}}],"inLanguage":"es"},{"@type":["Person","Organization"],"@id":"https:\/\/viniciojarquin.com\/blog\/#\/schema\/person\/90100c8845ae55462ec0657d3d2f8d3b","name":"Vinicio Jarqu\u00edn","image":{"@type":"ImageObject","inLanguage":"es","@id":"https:\/\/viniciojarquin.com\/blog\/#\/schema\/person\/image\/","url":"https:\/\/viniciojarquin.com\/blog\/wp-content\/uploads\/2024\/10\/Logo-VinicioJarquin-original-400.png","contentUrl":"https:\/\/viniciojarquin.com\/blog\/wp-content\/uploads\/2024\/10\/Logo-VinicioJarquin-original-400.png","width":400,"height":130,"caption":"Vinicio Jarqu\u00edn"},"logo":{"@id":"https:\/\/viniciojarquin.com\/blog\/#\/schema\/person\/image\/"},"description":"Empresario textil, artista pl\u00e1stico, escritor, coach de vida y fot\u00f3grafo.","sameAs":["https:\/\/viniciojarquin.com\/blog","https:\/\/www.facebook.com\/vinicio.jarquin","https:\/\/www.instagram.com\/vinicio_jarquin\/","https:\/\/www.pinterest.com\/vinnyjc\/","https:\/\/www.youtube.com\/@VinicioJarquin"],"url":"https:\/\/viniciojarquin.com\/blog\/author\/admin_s02au25i\/"}]}},"blog_post_layout_featured_media_urls":{"thumbnail":["https:\/\/viniciojarquin.com\/blog\/wp-content\/uploads\/2025\/12\/Serie-Los-agricultores-2-150x150.jpg",150,150,true],"full":["https:\/\/viniciojarquin.com\/blog\/wp-content\/uploads\/2025\/12\/Serie-Los-agricultores-2.jpg",800,500,false]},"categories_names":{"1":{"name":"Uncategorized","link":"https:\/\/viniciojarquin.com\/blog\/category\/uncategorized\/"}},"tags_names":[],"comments_number":"0","_links":{"self":[{"href":"https:\/\/viniciojarquin.com\/blog\/wp-json\/wp\/v2\/posts\/1970","targetHints":{"allow":["GET"]}}],"collection":[{"href":"https:\/\/viniciojarquin.com\/blog\/wp-json\/wp\/v2\/posts"}],"about":[{"href":"https:\/\/viniciojarquin.com\/blog\/wp-json\/wp\/v2\/types\/post"}],"author":[{"embeddable":true,"href":"https:\/\/viniciojarquin.com\/blog\/wp-json\/wp\/v2\/users\/1"}],"replies":[{"embeddable":true,"href":"https:\/\/viniciojarquin.com\/blog\/wp-json\/wp\/v2\/comments?post=1970"}],"version-history":[{"count":1,"href":"https:\/\/viniciojarquin.com\/blog\/wp-json\/wp\/v2\/posts\/1970\/revisions"}],"predecessor-version":[{"id":1971,"href":"https:\/\/viniciojarquin.com\/blog\/wp-json\/wp\/v2\/posts\/1970\/revisions\/1971"}],"wp:featuredmedia":[{"embeddable":true,"href":"https:\/\/viniciojarquin.com\/blog\/wp-json\/wp\/v2\/media\/1962"}],"wp:attachment":[{"href":"https:\/\/viniciojarquin.com\/blog\/wp-json\/wp\/v2\/media?parent=1970"}],"wp:term":[{"taxonomy":"category","embeddable":true,"href":"https:\/\/viniciojarquin.com\/blog\/wp-json\/wp\/v2\/categories?post=1970"},{"taxonomy":"post_tag","embeddable":true,"href":"https:\/\/viniciojarquin.com\/blog\/wp-json\/wp\/v2\/tags?post=1970"}],"curies":[{"name":"wp","href":"https:\/\/api.w.org\/{rel}","templated":true}]}}