{"id":1976,"date":"2025-12-21T01:20:47","date_gmt":"2025-12-21T01:20:47","guid":{"rendered":"https:\/\/viniciojarquin.com\/blog\/?p=1976"},"modified":"2025-12-21T01:20:51","modified_gmt":"2025-12-21T01:20:51","slug":"cuando-las-frases-se-convierten-en-mantra","status":"publish","type":"post","link":"https:\/\/viniciojarquin.com\/blog\/cuando-las-frases-se-convierten-en-mantra\/","title":{"rendered":"Cuando las frases se convierten en mantra"},"content":{"rendered":"\n<p>A veces, quisiera no ser pesado ni ofensivo, pero es que realmente no me la ponen f\u00e1cil. \u00bfC\u00f3mo evitar decir que algunos, simplemente, no han dejado de ser adoctrinados? \u00bfO que, tal vez, son v\u00edctimas de un hechizo pol\u00edtico? Es frustrante ver c\u00f3mo todos responden de la misma forma, como si tuvieran un manual de frases predise\u00f1adas. Es como si todos hubieran estudiado el curso \u00abPopulismo 1\u00bb y las lecciones fueran las mismas.<\/p>\n\n\n\n<p>De repente, te encuentras con un mar de comentarios donde la misma gente usa las mismas palabras, repite los mismos discursos, como si estuvieran en una competencia de esl\u00f3ganes vac\u00edos. \u201cNosotros somos la mayor\u00eda, el pueblo, el soberano, ya despertamos\u201d. \u00a1Todo suena igual! Y es que, efectivamente, todos repiten lo mismo. Eso ya no es un discurso genuino, es una copia exacta, como si todos hubieran memorizado lo que se supone que deben decir, como si hubiera algo de m\u00e1gico en esa f\u00f3rmula para manipular a las masas.<\/p>\n\n\n\n<p>Y, claro, est\u00e1 la jerarqu\u00eda. Primero, tenemos a los <em>trolls<\/em>\u2014esos que escriben en may\u00fasculas, que parecen tener la capacidad de reunir todas las faltas de ortograf\u00eda posibles en una sola frase. Despu\u00e9s, aparece el \u00abPopulismo 1\u00bb, que repite esas frases t\u00edpicas. Y no solo es una cuesti\u00f3n de contenido vac\u00edo, sino tambi\u00e9n de forma. Y es aqu\u00ed donde empieza lo interesante: si uno observa con detenimiento, hay niveles. Pasando por el <em>nivel Troll<\/em>, que es donde la agresividad est\u00e1 en su m\u00e1xima expresi\u00f3n, llegamos al <em>Populismo 1<\/em>, que es ese lugar donde las frases empiezan a tomar forma, pero a\u00fan carecen de originalidad. Lo que se repite aqu\u00ed son consignas, lemas que resuenan en los ecos del pasado reciente: \u00ab70 a\u00f1os de corrupci\u00f3n\u00bb, \u00abEl pueblo ya despert\u00f3\u00bb. Son las mismas frases una y otra vez, como si fueran la respuesta a todo.<\/p>\n\n\n\n<p>M\u00e1s adelante, si alguien sobrevive a este per\u00edodo, llega al <em>Populismo 2<\/em>. Este nivel se caracteriza por un tono m\u00e1s victimista, pero menos desorganizado. \u201cNo hay peor ciego que el que no puede ver, se\u00f1or\u201d. O \u201cUsted debe ser uno de esos privilegiados, uno de esos pensionados de lujo\u201d (mientras yo aqu\u00ed vivo de donaciones de los que quieren mantener la campa\u00f1a). Es una mezcla de frustraci\u00f3n y acusaci\u00f3n, como si el mundo entero estuviera conspirando contra el que no piensa igual.<\/p>\n\n\n\n<p>Y despu\u00e9s llegamos al <em>Populismo 3<\/em>. Aqu\u00ed ya no se ven tantas faltas de ortograf\u00eda, y las frases se sienten un poco m\u00e1s pulidas. Pero, para sorpresa de muchos, el contenido no cambia. En este nivel, las frases ya tienen cierto tono de sabidur\u00eda popular, con giros como: \u00abNo se puede tapar el sol con un dedo\u00bb, que se acaba de convertir en un eslogan moderno. Esta frase la escuch\u00e9 por lo menos 20 veces en los comentarios de un video que publiqu\u00e9 recientemente en TikTok. \u00bfY c\u00f3mo se usa? Como si fuera la gran revelaci\u00f3n, como si, al repetirla, todo quedara resuelto. \u00abSe\u00f1or, no se puede tapar el sol con un dedo\u00bb me dijeron, como si con esas palabras se pudiera desactivar toda una conversaci\u00f3n pol\u00edtica.<\/p>\n\n\n\n<p>Y aqu\u00ed est\u00e1 lo que me preocupa: las personas se han acostumbrado a vivir en estos niveles, en estos discursos reciclados. Pero no se dan cuenta de que el problema no est\u00e1 solo en las palabras, sino en lo que representan. \u00bfQu\u00e9 pasa cuando nos limitamos a repetir lo que nos dicen sin cuestionarlo? \u00bfQu\u00e9 pasa cuando dejamos que nos impongan frases, etiquetas y esl\u00f3ganes sin profundizar, sin pensar? Lo que ocurre es que nos quedamos atrapados en el ciclo de la manipulaci\u00f3n emocional, en donde lo importante no es pensar, sino sentir lo que nos dicen que debemos sentir.<\/p>\n\n\n\n<p>Es f\u00e1cil caer en esa trampa, porque la repetici\u00f3n crea un falso sentido de certeza. Pero la pol\u00edtica no es una cuesti\u00f3n de esl\u00f3ganes, no es un manual de frases predecibles que se repiten hasta que suenan como la verdad. La pol\u00edtica es reflexi\u00f3n, es cuestionar, es analizar y, sobre todo, es no dejar que las palabras nos desarmen sin pensar primero en lo que significan.<\/p>\n\n\n\n<p>A m\u00ed no me basta con repetir lo que otros dicen. Ni me basta con escuchar lo que \u201cdeber\u00eda\u201d decir para que me acepten. Prefiero ir m\u00e1s all\u00e1, mirar con atenci\u00f3n, y poner en duda lo que me dicen, porque, al final, de eso se trata realmente la democracia. De pensar. Y eso, muchas veces, no tiene nada que ver con lo que se repite sin cuestionar.<\/p>\n\n\n\n<p><strong>Explicaci\u00f3n final<\/strong><\/p>\n\n\n\n<p>Todo este comentario que he hecho, estoy hablando de los b\u00e1sicos del populismo, que no es lo mismo que las personas que van a votar por el continuismo o que siguen al candidato del partido oficial, porque he tenido conversaciones con ellos muy serias, interesantes y valiosas. Me refiero al nivel b\u00e1sico, que es un grupo que est\u00e1 dentro de ellos, pero ciertamente no son todos.<\/p>\n\n\n\n<figure class=\"wp-block-image size-full\"><img decoding=\"async\" width=\"800\" height=\"500\" data-src=\"https:\/\/viniciojarquin.com\/blog\/wp-content\/uploads\/2025\/12\/Articulo.jpg\" alt=\"\" class=\"wp-image-1753 lazyload\" data-srcset=\"https:\/\/viniciojarquin.com\/blog\/wp-content\/uploads\/2025\/12\/Articulo.jpg 800w, https:\/\/viniciojarquin.com\/blog\/wp-content\/uploads\/2025\/12\/Articulo-300x188.jpg 300w, https:\/\/viniciojarquin.com\/blog\/wp-content\/uploads\/2025\/12\/Articulo-768x480.jpg 768w\" data-sizes=\"(max-width: 800px) 100vw, 800px\" src=\"data:image\/svg+xml;base64,PHN2ZyB3aWR0aD0iMSIgaGVpZ2h0PSIxIiB4bWxucz0iaHR0cDovL3d3dy53My5vcmcvMjAwMC9zdmciPjwvc3ZnPg==\" style=\"--smush-placeholder-width: 800px; --smush-placeholder-aspect-ratio: 800\/500;\" \/><\/figure>\n","protected":false},"excerpt":{"rendered":"<p>A veces, quisiera no ser pesado ni ofensivo, pero es que realmente no me la ponen f\u00e1cil. \u00bfC\u00f3mo evitar decir [&hellip;]<\/p>\n","protected":false},"author":1,"featured_media":1753,"comment_status":"open","ping_status":"open","sticky":false,"template":"","format":"standard","meta":{"site-sidebar-layout":"default","site-content-layout":"","ast-site-content-layout":"","site-content-style":"default","site-sidebar-style":"default","ast-global-header-display":"","ast-banner-title-visibility":"","ast-main-header-display":"","ast-hfb-above-header-display":"","ast-hfb-below-header-display":"","ast-hfb-mobile-header-display":"","site-post-title":"","ast-breadcrumbs-content":"","ast-featured-img":"","footer-sml-layout":"","theme-transparent-header-meta":"","adv-header-id-meta":"","stick-header-meta":"","header-above-stick-meta":"","header-main-stick-meta":"","header-below-stick-meta":"","astra-migrate-meta-layouts":"default","ast-page-background-enabled":"default","ast-page-background-meta":{"desktop":{"background-color":"var(--ast-global-color-5)","background-image":"","background-repeat":"repeat","background-position":"center center","background-size":"auto","background-attachment":"scroll","background-type":"","background-media":"","overlay-type":"","overlay-color":"","overlay-opacity":"","overlay-gradient":""},"tablet":{"background-color":"","background-image":"","background-repeat":"repeat","background-position":"center center","background-size":"auto","background-attachment":"scroll","background-type":"","background-media":"","overlay-type":"","overlay-color":"","overlay-opacity":"","overlay-gradient":""},"mobile":{"background-color":"","background-image":"","background-repeat":"repeat","background-position":"center center","background-size":"auto","background-attachment":"scroll","background-type":"","background-media":"","overlay-type":"","overlay-color":"","overlay-opacity":"","overlay-gradient":""}},"ast-content-background-meta":{"desktop":{"background-color":"var(--ast-global-color-4)","background-image":"","background-repeat":"repeat","background-position":"center center","background-size":"auto","background-attachment":"scroll","background-type":"","background-media":"","overlay-type":"","overlay-color":"","overlay-opacity":"","overlay-gradient":""},"tablet":{"background-color":"var(--ast-global-color-4)","background-image":"","background-repeat":"repeat","background-position":"center center","background-size":"auto","background-attachment":"scroll","background-type":"","background-media":"","overlay-type":"","overlay-color":"","overlay-opacity":"","overlay-gradient":""},"mobile":{"background-color":"var(--ast-global-color-4)","background-image":"","background-repeat":"repeat","background-position":"center center","background-size":"auto","background-attachment":"scroll","background-type":"","background-media":"","overlay-type":"","overlay-color":"","overlay-opacity":"","overlay-gradient":""}},"footnotes":""},"categories":[17],"tags":[],"class_list":["post-1976","post","type-post","status-publish","format-standard","has-post-thumbnail","hentry","category-elecciones-2026"],"yoast_head":"<!-- This site is optimized with the Yoast SEO plugin v26.0 - https:\/\/yoast.com\/wordpress\/plugins\/seo\/ -->\n<title>Cuando las frases se convierten en mantra - MI BLOG<\/title>\n<meta name=\"robots\" content=\"index, follow, max-snippet:-1, max-image-preview:large, max-video-preview:-1\" \/>\n<link rel=\"canonical\" href=\"https:\/\/viniciojarquin.com\/blog\/cuando-las-frases-se-convierten-en-mantra\/\" \/>\n<meta property=\"og:locale\" content=\"es_ES\" \/>\n<meta property=\"og:type\" content=\"article\" \/>\n<meta property=\"og:title\" content=\"Cuando las frases se convierten en mantra - MI BLOG\" \/>\n<meta property=\"og:description\" content=\"A veces, quisiera no ser pesado ni ofensivo, pero es que realmente no me la ponen f\u00e1cil. \u00bfC\u00f3mo evitar decir [&hellip;]\" \/>\n<meta property=\"og:url\" content=\"https:\/\/viniciojarquin.com\/blog\/cuando-las-frases-se-convierten-en-mantra\/\" \/>\n<meta property=\"og:site_name\" content=\"MI BLOG\" \/>\n<meta property=\"article:publisher\" content=\"https:\/\/www.facebook.com\/vinicio.jarquin\" \/>\n<meta property=\"article:author\" content=\"https:\/\/www.facebook.com\/vinicio.jarquin\" \/>\n<meta property=\"article:published_time\" content=\"2025-12-21T01:20:47+00:00\" \/>\n<meta property=\"article:modified_time\" content=\"2025-12-21T01:20:51+00:00\" \/>\n<meta property=\"og:image\" content=\"https:\/\/viniciojarquin.com\/blog\/wp-content\/uploads\/2025\/12\/Articulo.jpg\" \/>\n\t<meta property=\"og:image:width\" content=\"800\" \/>\n\t<meta property=\"og:image:height\" content=\"500\" \/>\n\t<meta property=\"og:image:type\" content=\"image\/jpeg\" \/>\n<meta name=\"author\" content=\"Vinicio Jarqu\u00edn\" \/>\n<meta name=\"twitter:card\" content=\"summary_large_image\" \/>\n<meta name=\"twitter:label1\" content=\"Escrito por\" \/>\n\t<meta name=\"twitter:data1\" content=\"Vinicio Jarqu\u00edn\" \/>\n\t<meta name=\"twitter:label2\" content=\"Tiempo de lectura\" \/>\n\t<meta name=\"twitter:data2\" content=\"5 minutos\" \/>\n<script type=\"application\/ld+json\" class=\"yoast-schema-graph\">{\"@context\":\"https:\/\/schema.org\",\"@graph\":[{\"@type\":\"Article\",\"@id\":\"https:\/\/viniciojarquin.com\/blog\/cuando-las-frases-se-convierten-en-mantra\/#article\",\"isPartOf\":{\"@id\":\"https:\/\/viniciojarquin.com\/blog\/cuando-las-frases-se-convierten-en-mantra\/\"},\"author\":{\"name\":\"Vinicio Jarqu\u00edn\",\"@id\":\"https:\/\/viniciojarquin.com\/blog\/#\/schema\/person\/90100c8845ae55462ec0657d3d2f8d3b\"},\"headline\":\"Cuando las frases se convierten en mantra\",\"datePublished\":\"2025-12-21T01:20:47+00:00\",\"dateModified\":\"2025-12-21T01:20:51+00:00\",\"mainEntityOfPage\":{\"@id\":\"https:\/\/viniciojarquin.com\/blog\/cuando-las-frases-se-convierten-en-mantra\/\"},\"wordCount\":869,\"commentCount\":0,\"publisher\":{\"@id\":\"https:\/\/viniciojarquin.com\/blog\/#\/schema\/person\/90100c8845ae55462ec0657d3d2f8d3b\"},\"image\":{\"@id\":\"https:\/\/viniciojarquin.com\/blog\/cuando-las-frases-se-convierten-en-mantra\/#primaryimage\"},\"thumbnailUrl\":\"https:\/\/viniciojarquin.com\/blog\/wp-content\/uploads\/2025\/12\/Articulo.jpg\",\"articleSection\":[\"Elecciones 2026\"],\"inLanguage\":\"es\",\"potentialAction\":[{\"@type\":\"CommentAction\",\"name\":\"Comment\",\"target\":[\"https:\/\/viniciojarquin.com\/blog\/cuando-las-frases-se-convierten-en-mantra\/#respond\"]}]},{\"@type\":\"WebPage\",\"@id\":\"https:\/\/viniciojarquin.com\/blog\/cuando-las-frases-se-convierten-en-mantra\/\",\"url\":\"https:\/\/viniciojarquin.com\/blog\/cuando-las-frases-se-convierten-en-mantra\/\",\"name\":\"Cuando las frases se convierten en mantra - MI BLOG\",\"isPartOf\":{\"@id\":\"https:\/\/viniciojarquin.com\/blog\/#website\"},\"primaryImageOfPage\":{\"@id\":\"https:\/\/viniciojarquin.com\/blog\/cuando-las-frases-se-convierten-en-mantra\/#primaryimage\"},\"image\":{\"@id\":\"https:\/\/viniciojarquin.com\/blog\/cuando-las-frases-se-convierten-en-mantra\/#primaryimage\"},\"thumbnailUrl\":\"https:\/\/viniciojarquin.com\/blog\/wp-content\/uploads\/2025\/12\/Articulo.jpg\",\"datePublished\":\"2025-12-21T01:20:47+00:00\",\"dateModified\":\"2025-12-21T01:20:51+00:00\",\"breadcrumb\":{\"@id\":\"https:\/\/viniciojarquin.com\/blog\/cuando-las-frases-se-convierten-en-mantra\/#breadcrumb\"},\"inLanguage\":\"es\",\"potentialAction\":[{\"@type\":\"ReadAction\",\"target\":[\"https:\/\/viniciojarquin.com\/blog\/cuando-las-frases-se-convierten-en-mantra\/\"]}]},{\"@type\":\"ImageObject\",\"inLanguage\":\"es\",\"@id\":\"https:\/\/viniciojarquin.com\/blog\/cuando-las-frases-se-convierten-en-mantra\/#primaryimage\",\"url\":\"https:\/\/viniciojarquin.com\/blog\/wp-content\/uploads\/2025\/12\/Articulo.jpg\",\"contentUrl\":\"https:\/\/viniciojarquin.com\/blog\/wp-content\/uploads\/2025\/12\/Articulo.jpg\",\"width\":800,\"height\":500},{\"@type\":\"BreadcrumbList\",\"@id\":\"https:\/\/viniciojarquin.com\/blog\/cuando-las-frases-se-convierten-en-mantra\/#breadcrumb\",\"itemListElement\":[{\"@type\":\"ListItem\",\"position\":1,\"name\":\"Portada\",\"item\":\"https:\/\/viniciojarquin.com\/blog\/\"},{\"@type\":\"ListItem\",\"position\":2,\"name\":\"Cuando las frases se convierten en mantra\"}]},{\"@type\":\"WebSite\",\"@id\":\"https:\/\/viniciojarquin.com\/blog\/#website\",\"url\":\"https:\/\/viniciojarquin.com\/blog\/\",\"name\":\"Vinicio Jarqu\u00edn BLOG\",\"description\":\"\",\"publisher\":{\"@id\":\"https:\/\/viniciojarquin.com\/blog\/#\/schema\/person\/90100c8845ae55462ec0657d3d2f8d3b\"},\"potentialAction\":[{\"@type\":\"SearchAction\",\"target\":{\"@type\":\"EntryPoint\",\"urlTemplate\":\"https:\/\/viniciojarquin.com\/blog\/?s={search_term_string}\"},\"query-input\":{\"@type\":\"PropertyValueSpecification\",\"valueRequired\":true,\"valueName\":\"search_term_string\"}}],\"inLanguage\":\"es\"},{\"@type\":[\"Person\",\"Organization\"],\"@id\":\"https:\/\/viniciojarquin.com\/blog\/#\/schema\/person\/90100c8845ae55462ec0657d3d2f8d3b\",\"name\":\"Vinicio Jarqu\u00edn\",\"image\":{\"@type\":\"ImageObject\",\"inLanguage\":\"es\",\"@id\":\"https:\/\/viniciojarquin.com\/blog\/#\/schema\/person\/image\/\",\"url\":\"https:\/\/viniciojarquin.com\/blog\/wp-content\/uploads\/2024\/10\/Logo-VinicioJarquin-original-400.png\",\"contentUrl\":\"https:\/\/viniciojarquin.com\/blog\/wp-content\/uploads\/2024\/10\/Logo-VinicioJarquin-original-400.png\",\"width\":400,\"height\":130,\"caption\":\"Vinicio Jarqu\u00edn\"},\"logo\":{\"@id\":\"https:\/\/viniciojarquin.com\/blog\/#\/schema\/person\/image\/\"},\"description\":\"Empresario textil, artista pl\u00e1stico, escritor, coach de vida y fot\u00f3grafo.\",\"sameAs\":[\"https:\/\/viniciojarquin.com\/blog\",\"https:\/\/www.facebook.com\/vinicio.jarquin\",\"https:\/\/www.instagram.com\/vinicio_jarquin\/\",\"https:\/\/www.pinterest.com\/vinnyjc\/\",\"https:\/\/www.youtube.com\/@VinicioJarquin\"],\"url\":\"https:\/\/viniciojarquin.com\/blog\/author\/admin_s02au25i\/\"}]}<\/script>\n<!-- \/ Yoast SEO plugin. -->","yoast_head_json":{"title":"Cuando las frases se convierten en mantra - MI BLOG","robots":{"index":"index","follow":"follow","max-snippet":"max-snippet:-1","max-image-preview":"max-image-preview:large","max-video-preview":"max-video-preview:-1"},"canonical":"https:\/\/viniciojarquin.com\/blog\/cuando-las-frases-se-convierten-en-mantra\/","og_locale":"es_ES","og_type":"article","og_title":"Cuando las frases se convierten en mantra - MI BLOG","og_description":"A veces, quisiera no ser pesado ni ofensivo, pero es que realmente no me la ponen f\u00e1cil. \u00bfC\u00f3mo evitar decir [&hellip;]","og_url":"https:\/\/viniciojarquin.com\/blog\/cuando-las-frases-se-convierten-en-mantra\/","og_site_name":"MI BLOG","article_publisher":"https:\/\/www.facebook.com\/vinicio.jarquin","article_author":"https:\/\/www.facebook.com\/vinicio.jarquin","article_published_time":"2025-12-21T01:20:47+00:00","article_modified_time":"2025-12-21T01:20:51+00:00","og_image":[{"width":800,"height":500,"url":"https:\/\/viniciojarquin.com\/blog\/wp-content\/uploads\/2025\/12\/Articulo.jpg","type":"image\/jpeg"}],"author":"Vinicio Jarqu\u00edn","twitter_card":"summary_large_image","twitter_misc":{"Escrito por":"Vinicio Jarqu\u00edn","Tiempo de lectura":"5 minutos"},"schema":{"@context":"https:\/\/schema.org","@graph":[{"@type":"Article","@id":"https:\/\/viniciojarquin.com\/blog\/cuando-las-frases-se-convierten-en-mantra\/#article","isPartOf":{"@id":"https:\/\/viniciojarquin.com\/blog\/cuando-las-frases-se-convierten-en-mantra\/"},"author":{"name":"Vinicio Jarqu\u00edn","@id":"https:\/\/viniciojarquin.com\/blog\/#\/schema\/person\/90100c8845ae55462ec0657d3d2f8d3b"},"headline":"Cuando las frases se convierten en mantra","datePublished":"2025-12-21T01:20:47+00:00","dateModified":"2025-12-21T01:20:51+00:00","mainEntityOfPage":{"@id":"https:\/\/viniciojarquin.com\/blog\/cuando-las-frases-se-convierten-en-mantra\/"},"wordCount":869,"commentCount":0,"publisher":{"@id":"https:\/\/viniciojarquin.com\/blog\/#\/schema\/person\/90100c8845ae55462ec0657d3d2f8d3b"},"image":{"@id":"https:\/\/viniciojarquin.com\/blog\/cuando-las-frases-se-convierten-en-mantra\/#primaryimage"},"thumbnailUrl":"https:\/\/viniciojarquin.com\/blog\/wp-content\/uploads\/2025\/12\/Articulo.jpg","articleSection":["Elecciones 2026"],"inLanguage":"es","potentialAction":[{"@type":"CommentAction","name":"Comment","target":["https:\/\/viniciojarquin.com\/blog\/cuando-las-frases-se-convierten-en-mantra\/#respond"]}]},{"@type":"WebPage","@id":"https:\/\/viniciojarquin.com\/blog\/cuando-las-frases-se-convierten-en-mantra\/","url":"https:\/\/viniciojarquin.com\/blog\/cuando-las-frases-se-convierten-en-mantra\/","name":"Cuando las frases se convierten en mantra - MI BLOG","isPartOf":{"@id":"https:\/\/viniciojarquin.com\/blog\/#website"},"primaryImageOfPage":{"@id":"https:\/\/viniciojarquin.com\/blog\/cuando-las-frases-se-convierten-en-mantra\/#primaryimage"},"image":{"@id":"https:\/\/viniciojarquin.com\/blog\/cuando-las-frases-se-convierten-en-mantra\/#primaryimage"},"thumbnailUrl":"https:\/\/viniciojarquin.com\/blog\/wp-content\/uploads\/2025\/12\/Articulo.jpg","datePublished":"2025-12-21T01:20:47+00:00","dateModified":"2025-12-21T01:20:51+00:00","breadcrumb":{"@id":"https:\/\/viniciojarquin.com\/blog\/cuando-las-frases-se-convierten-en-mantra\/#breadcrumb"},"inLanguage":"es","potentialAction":[{"@type":"ReadAction","target":["https:\/\/viniciojarquin.com\/blog\/cuando-las-frases-se-convierten-en-mantra\/"]}]},{"@type":"ImageObject","inLanguage":"es","@id":"https:\/\/viniciojarquin.com\/blog\/cuando-las-frases-se-convierten-en-mantra\/#primaryimage","url":"https:\/\/viniciojarquin.com\/blog\/wp-content\/uploads\/2025\/12\/Articulo.jpg","contentUrl":"https:\/\/viniciojarquin.com\/blog\/wp-content\/uploads\/2025\/12\/Articulo.jpg","width":800,"height":500},{"@type":"BreadcrumbList","@id":"https:\/\/viniciojarquin.com\/blog\/cuando-las-frases-se-convierten-en-mantra\/#breadcrumb","itemListElement":[{"@type":"ListItem","position":1,"name":"Portada","item":"https:\/\/viniciojarquin.com\/blog\/"},{"@type":"ListItem","position":2,"name":"Cuando las frases se convierten en mantra"}]},{"@type":"WebSite","@id":"https:\/\/viniciojarquin.com\/blog\/#website","url":"https:\/\/viniciojarquin.com\/blog\/","name":"Vinicio Jarqu\u00edn BLOG","description":"","publisher":{"@id":"https:\/\/viniciojarquin.com\/blog\/#\/schema\/person\/90100c8845ae55462ec0657d3d2f8d3b"},"potentialAction":[{"@type":"SearchAction","target":{"@type":"EntryPoint","urlTemplate":"https:\/\/viniciojarquin.com\/blog\/?s={search_term_string}"},"query-input":{"@type":"PropertyValueSpecification","valueRequired":true,"valueName":"search_term_string"}}],"inLanguage":"es"},{"@type":["Person","Organization"],"@id":"https:\/\/viniciojarquin.com\/blog\/#\/schema\/person\/90100c8845ae55462ec0657d3d2f8d3b","name":"Vinicio Jarqu\u00edn","image":{"@type":"ImageObject","inLanguage":"es","@id":"https:\/\/viniciojarquin.com\/blog\/#\/schema\/person\/image\/","url":"https:\/\/viniciojarquin.com\/blog\/wp-content\/uploads\/2024\/10\/Logo-VinicioJarquin-original-400.png","contentUrl":"https:\/\/viniciojarquin.com\/blog\/wp-content\/uploads\/2024\/10\/Logo-VinicioJarquin-original-400.png","width":400,"height":130,"caption":"Vinicio Jarqu\u00edn"},"logo":{"@id":"https:\/\/viniciojarquin.com\/blog\/#\/schema\/person\/image\/"},"description":"Empresario textil, artista pl\u00e1stico, escritor, coach de vida y fot\u00f3grafo.","sameAs":["https:\/\/viniciojarquin.com\/blog","https:\/\/www.facebook.com\/vinicio.jarquin","https:\/\/www.instagram.com\/vinicio_jarquin\/","https:\/\/www.pinterest.com\/vinnyjc\/","https:\/\/www.youtube.com\/@VinicioJarquin"],"url":"https:\/\/viniciojarquin.com\/blog\/author\/admin_s02au25i\/"}]}},"blog_post_layout_featured_media_urls":{"thumbnail":["https:\/\/viniciojarquin.com\/blog\/wp-content\/uploads\/2025\/12\/Articulo-150x150.jpg",150,150,true],"full":["https:\/\/viniciojarquin.com\/blog\/wp-content\/uploads\/2025\/12\/Articulo.jpg",800,500,false]},"categories_names":{"17":{"name":"Elecciones 2026","link":"https:\/\/viniciojarquin.com\/blog\/category\/elecciones-2026\/"}},"tags_names":[],"comments_number":"0","_links":{"self":[{"href":"https:\/\/viniciojarquin.com\/blog\/wp-json\/wp\/v2\/posts\/1976","targetHints":{"allow":["GET"]}}],"collection":[{"href":"https:\/\/viniciojarquin.com\/blog\/wp-json\/wp\/v2\/posts"}],"about":[{"href":"https:\/\/viniciojarquin.com\/blog\/wp-json\/wp\/v2\/types\/post"}],"author":[{"embeddable":true,"href":"https:\/\/viniciojarquin.com\/blog\/wp-json\/wp\/v2\/users\/1"}],"replies":[{"embeddable":true,"href":"https:\/\/viniciojarquin.com\/blog\/wp-json\/wp\/v2\/comments?post=1976"}],"version-history":[{"count":1,"href":"https:\/\/viniciojarquin.com\/blog\/wp-json\/wp\/v2\/posts\/1976\/revisions"}],"predecessor-version":[{"id":1977,"href":"https:\/\/viniciojarquin.com\/blog\/wp-json\/wp\/v2\/posts\/1976\/revisions\/1977"}],"wp:featuredmedia":[{"embeddable":true,"href":"https:\/\/viniciojarquin.com\/blog\/wp-json\/wp\/v2\/media\/1753"}],"wp:attachment":[{"href":"https:\/\/viniciojarquin.com\/blog\/wp-json\/wp\/v2\/media?parent=1976"}],"wp:term":[{"taxonomy":"category","embeddable":true,"href":"https:\/\/viniciojarquin.com\/blog\/wp-json\/wp\/v2\/categories?post=1976"},{"taxonomy":"post_tag","embeddable":true,"href":"https:\/\/viniciojarquin.com\/blog\/wp-json\/wp\/v2\/tags?post=1976"}],"curies":[{"name":"wp","href":"https:\/\/api.w.org\/{rel}","templated":true}]}}