{"id":1984,"date":"2025-12-22T06:23:33","date_gmt":"2025-12-22T06:23:33","guid":{"rendered":"https:\/\/viniciojarquin.com\/blog\/?p=1984"},"modified":"2025-12-22T06:33:40","modified_gmt":"2025-12-22T06:33:40","slug":"mujeres-y-el-miedo","status":"publish","type":"post","link":"https:\/\/viniciojarquin.com\/blog\/mujeres-y-el-miedo\/","title":{"rendered":"Quiero vivir en paz"},"content":{"rendered":"\n<p><\/p>\n\n\n\n<p>Hubo un tiempo en que muchas mujeres caminaban con m\u00e1s ligereza. No porque el mundo fuera perfecto, sino porque la vida cotidiana no estaba atravesada por esta sensaci\u00f3n constante de alerta. Antes se pod\u00eda volver a casa sin mirar dos veces hacia atr\u00e1s, dormir sin sobresaltos, abrir una ventana sin preguntarse qui\u00e9n podr\u00eda estar mirando desde afuera. Hoy, para muchas, esa tranquilidad se ha ido diluyendo sin que nadie se haga realmente responsable.<\/p>\n\n\n\n<p>No es cobard\u00eda sentir miedo. El miedo no te hace d\u00e9bil. El miedo aparece cuando algo esencial se rompe, cuando la paz deja de ser un derecho y se convierte en un lujo. Hay mujeres que nunca hab\u00edan vivido con esta carga en el pecho y hoy sienten que algo cambi\u00f3, que el pa\u00eds ya no las cuida como antes, que el entorno se volvi\u00f3 m\u00e1s \u00e1spero, m\u00e1s indiferente, m\u00e1s solitario. Y ese miedo no es una idea pol\u00edtica, es una experiencia diaria que se mete en la piel.<\/p>\n\n\n\n<p>Cuando una mujer dice que no duerme igual, que ya no camina tranquila, que se le encoge el cuerpo al escuchar un ruido en la noche, no est\u00e1 exagerando. Est\u00e1 describiendo una p\u00e9rdida profunda: la p\u00e9rdida de la confianza b\u00e1sica. Esa que te permite vivir sin estar luchando todo el tiempo. Porque vivir no deber\u00eda ser una batalla constante. Vivir deber\u00eda ser, al menos, un espacio de respiro.<\/p>\n\n\n\n<p>Hay una herida particular cuando el abandono viene de donde se esperaba cuidado. Cuando se siente que quienes ten\u00edan la responsabilidad de proteger se alejaron, minimizaron, callaron o miraron hacia otro lado. Eso duele m\u00e1s. No solo por lo que pasa afuera, sino por lo que se rompe adentro. La tranquilidad no se roba con violencia directa; muchas veces se va perdiendo por omisi\u00f3n, por descuido, por indiferencia.<\/p>\n\n\n\n<p>Y no se trata solo de una mujer. Se trata de su hija, que aprende a mirar el mundo con desconfianza demasiado pronto. Se trata de su madre, que pens\u00f3 que ya hab\u00eda dejado atr\u00e1s ciertos miedos. Se trata de la amiga, de la hermana, de la vecina que finge estar bien mientras calcula rutas, horarios y silencios. El miedo se hereda cuando no se protege a tiempo.<\/p>\n\n\n\n<p>Costa Rica, para muchas mujeres, siempre fue una madre simb\u00f3lica. Un lugar que, con todas sus imperfecciones, ofrec\u00eda abrigo, contenci\u00f3n y cierta promesa de paz. Cuando esa madre parece desprotegida, cuando no se siente cuidada, el desasosiego se multiplica. Porque cuidar a la madre tambi\u00e9n es cuidarse una misma.<\/p>\n\n\n\n<p>Querer vivir en paz no es rendirse. Es un acto de dignidad. No querer luchar todo el tiempo no es debilidad; es humanidad. Hay mujeres que no piden privilegios, piden tranquilidad. Piden volver a so\u00f1ar sin miedo, volver a habitar su casa y su cuerpo sin sobresalto, volver a confiar en que el pa\u00eds las sostiene y no las abandona.<\/p>\n\n\n\n<p>La paz no es un discurso bonito. Es una condici\u00f3n b\u00e1sica para vivir. Y cuando se pierde, no basta con palabras duras ni promesas grandilocuentes. Hace falta una mirada distinta, una forma de gobernar que no robe calma, que no normalice el miedo, que no les diga a las mujeres que aguanten un poco m\u00e1s.<\/p>\n\n\n\n<p>Tal vez lleg\u00f3 el momento de preguntarnos, con honestidad y sin gritos, si queremos seguir viviendo as\u00ed. Si este es el pa\u00eds que queremos heredar. Si estamos dispuestos a elegir un camino que devuelva tranquilidad en lugar de quit\u00e1rnosla. Porque una sociedad que no cuida la paz de sus mujeres es una sociedad que se queda sin futuro.<\/p>\n\n\n\n<p><strong>Quiero vivir en paz<\/strong><\/p>\n\n\n\n<p>A veces me pregunto<br>en qu\u00e9 momento dej\u00e9 de dormir tranquila,<br>en qu\u00e9 noche empec\u00e9 a escuchar ruidos<br>donde antes solo hab\u00eda silencio.<\/p>\n\n\n\n<p>Antes caminaba sin pensar,<br>antes mi casa era refugio,<br>antes el miedo no se sentaba conmigo<br>cuando apagaba la luz.<\/p>\n\n\n\n<p>No soy cobarde,<br>nunca lo he sido,<br>pero estoy cansada de estar alerta,<br>cansada de mirar por la ventana<br>como si alguien pudiera estar mirando de vuelta.<\/p>\n\n\n\n<p>Hay d\u00edas en que siento<br>que me dejaron sola,<br>que quienes deb\u00edan cuidar<br>se fueron sin avisar<br>y me dejaron cargando esta angustia<br>como si fuera normal.<\/p>\n\n\n\n<p>No me da fe este presente,<br>no me da paz esta sensaci\u00f3n constante,<br>me robaron la tranquilidad<br>sin tocarme,<br>sin gritar,<br>solo dejando que el miedo creciera.<\/p>\n\n\n\n<p>Yo no quiero luchar todo el tiempo,<br>quiero vivir,<br>quiero dormir sin sobresaltos,<br>quiero volver a so\u00f1ar<br>sin pensar qu\u00e9 puede pasar ma\u00f1ana.<\/p>\n\n\n\n<p>Mi hija merece paz,<br>mi madre merece descanso,<br>mi amiga, mi hermana,<br>todas merecemos caminar sin miedo<br>por la calle,<br>por la vida,<br>por nuestra propia casa.<\/p>\n\n\n\n<p>Costa Rica fue mi madre,<br>me cuid\u00f3,<br>me abraz\u00f3,<br>me ense\u00f1\u00f3 a confiar.<br>Hoy la siento cansada,<br>desprotegida,<br>y cuando la madre tiembla<br>las hijas tambi\u00e9n.<\/p>\n\n\n\n<p>No quiero que me quiten la calma,<br>no quiero vivir con esta presi\u00f3n en el pecho,<br>no quiero sentir que debo aguantar<br>porque \u201cas\u00ed son las cosas ahora\u201d.<\/p>\n\n\n\n<p>Quiero volver a sentirme segura,<br>quiero cerrar los ojos sin miedo,<br>quiero que la noche vuelva a ser descanso<br>y no amenaza.<\/p>\n\n\n\n<p>No estoy pidiendo privilegios,<br>estoy pidiendo paz.<br>La paz simple,<br>la de todos los d\u00edas,<br>la que te permite vivir<br>sin estar defendi\u00e9ndote del mundo.<\/p>\n\n\n\n<p>D\u00e9jenme vivir en paz.<br>D\u00e9jennos vivir en paz.<\/p>\n","protected":false},"excerpt":{"rendered":"<p>Hubo un tiempo en que muchas mujeres caminaban con m\u00e1s ligereza. No porque el mundo fuera perfecto, sino porque la [&hellip;]<\/p>\n","protected":false},"author":1,"featured_media":0,"comment_status":"open","ping_status":"open","sticky":false,"template":"","format":"standard","meta":{"site-sidebar-layout":"default","site-content-layout":"","ast-site-content-layout":"","site-content-style":"default","site-sidebar-style":"default","ast-global-header-display":"","ast-banner-title-visibility":"","ast-main-header-display":"","ast-hfb-above-header-display":"","ast-hfb-below-header-display":"","ast-hfb-mobile-header-display":"","site-post-title":"","ast-breadcrumbs-content":"","ast-featured-img":"","footer-sml-layout":"","theme-transparent-header-meta":"","adv-header-id-meta":"","stick-header-meta":"","header-above-stick-meta":"","header-main-stick-meta":"","header-below-stick-meta":"","astra-migrate-meta-layouts":"default","ast-page-background-enabled":"default","ast-page-background-meta":{"desktop":{"background-color":"var(--ast-global-color-5)","background-image":"","background-repeat":"repeat","background-position":"center center","background-size":"auto","background-attachment":"scroll","background-type":"","background-media":"","overlay-type":"","overlay-color":"","overlay-opacity":"","overlay-gradient":""},"tablet":{"background-color":"","background-image":"","background-repeat":"repeat","background-position":"center center","background-size":"auto","background-attachment":"scroll","background-type":"","background-media":"","overlay-type":"","overlay-color":"","overlay-opacity":"","overlay-gradient":""},"mobile":{"background-color":"","background-image":"","background-repeat":"repeat","background-position":"center center","background-size":"auto","background-attachment":"scroll","background-type":"","background-media":"","overlay-type":"","overlay-color":"","overlay-opacity":"","overlay-gradient":""}},"ast-content-background-meta":{"desktop":{"background-color":"var(--ast-global-color-4)","background-image":"","background-repeat":"repeat","background-position":"center center","background-size":"auto","background-attachment":"scroll","background-type":"","background-media":"","overlay-type":"","overlay-color":"","overlay-opacity":"","overlay-gradient":""},"tablet":{"background-color":"var(--ast-global-color-4)","background-image":"","background-repeat":"repeat","background-position":"center center","background-size":"auto","background-attachment":"scroll","background-type":"","background-media":"","overlay-type":"","overlay-color":"","overlay-opacity":"","overlay-gradient":""},"mobile":{"background-color":"var(--ast-global-color-4)","background-image":"","background-repeat":"repeat","background-position":"center center","background-size":"auto","background-attachment":"scroll","background-type":"","background-media":"","overlay-type":"","overlay-color":"","overlay-opacity":"","overlay-gradient":""}},"footnotes":""},"categories":[17],"tags":[],"class_list":["post-1984","post","type-post","status-publish","format-standard","hentry","category-elecciones-2026"],"yoast_head":"<!-- This site is optimized with the Yoast SEO plugin v26.0 - https:\/\/yoast.com\/wordpress\/plugins\/seo\/ -->\n<title>Quiero vivir en paz - MI BLOG<\/title>\n<meta name=\"robots\" content=\"index, follow, max-snippet:-1, max-image-preview:large, max-video-preview:-1\" \/>\n<link rel=\"canonical\" href=\"https:\/\/viniciojarquin.com\/blog\/mujeres-y-el-miedo\/\" \/>\n<meta property=\"og:locale\" content=\"es_ES\" \/>\n<meta property=\"og:type\" content=\"article\" \/>\n<meta property=\"og:title\" content=\"Quiero vivir en paz - MI BLOG\" \/>\n<meta property=\"og:description\" content=\"Hubo un tiempo en que muchas mujeres caminaban con m\u00e1s ligereza. No porque el mundo fuera perfecto, sino porque la [&hellip;]\" \/>\n<meta property=\"og:url\" content=\"https:\/\/viniciojarquin.com\/blog\/mujeres-y-el-miedo\/\" \/>\n<meta property=\"og:site_name\" content=\"MI BLOG\" \/>\n<meta property=\"article:publisher\" content=\"https:\/\/www.facebook.com\/vinicio.jarquin\" \/>\n<meta property=\"article:author\" content=\"https:\/\/www.facebook.com\/vinicio.jarquin\" \/>\n<meta property=\"article:published_time\" content=\"2025-12-22T06:23:33+00:00\" \/>\n<meta property=\"article:modified_time\" content=\"2025-12-22T06:33:40+00:00\" \/>\n<meta name=\"author\" content=\"Vinicio Jarqu\u00edn\" \/>\n<meta name=\"twitter:card\" content=\"summary_large_image\" \/>\n<meta name=\"twitter:label1\" content=\"Escrito por\" \/>\n\t<meta name=\"twitter:data1\" content=\"Vinicio Jarqu\u00edn\" \/>\n\t<meta name=\"twitter:label2\" content=\"Tiempo de lectura\" \/>\n\t<meta name=\"twitter:data2\" content=\"5 minutos\" \/>\n<script type=\"application\/ld+json\" class=\"yoast-schema-graph\">{\"@context\":\"https:\/\/schema.org\",\"@graph\":[{\"@type\":\"Article\",\"@id\":\"https:\/\/viniciojarquin.com\/blog\/mujeres-y-el-miedo\/#article\",\"isPartOf\":{\"@id\":\"https:\/\/viniciojarquin.com\/blog\/mujeres-y-el-miedo\/\"},\"author\":{\"name\":\"Vinicio Jarqu\u00edn\",\"@id\":\"https:\/\/viniciojarquin.com\/blog\/#\/schema\/person\/90100c8845ae55462ec0657d3d2f8d3b\"},\"headline\":\"Quiero vivir en paz\",\"datePublished\":\"2025-12-22T06:23:33+00:00\",\"dateModified\":\"2025-12-22T06:33:40+00:00\",\"mainEntityOfPage\":{\"@id\":\"https:\/\/viniciojarquin.com\/blog\/mujeres-y-el-miedo\/\"},\"wordCount\":911,\"commentCount\":0,\"publisher\":{\"@id\":\"https:\/\/viniciojarquin.com\/blog\/#\/schema\/person\/90100c8845ae55462ec0657d3d2f8d3b\"},\"articleSection\":[\"Elecciones 2026\"],\"inLanguage\":\"es\",\"potentialAction\":[{\"@type\":\"CommentAction\",\"name\":\"Comment\",\"target\":[\"https:\/\/viniciojarquin.com\/blog\/mujeres-y-el-miedo\/#respond\"]}]},{\"@type\":\"WebPage\",\"@id\":\"https:\/\/viniciojarquin.com\/blog\/mujeres-y-el-miedo\/\",\"url\":\"https:\/\/viniciojarquin.com\/blog\/mujeres-y-el-miedo\/\",\"name\":\"Quiero vivir en paz - MI BLOG\",\"isPartOf\":{\"@id\":\"https:\/\/viniciojarquin.com\/blog\/#website\"},\"datePublished\":\"2025-12-22T06:23:33+00:00\",\"dateModified\":\"2025-12-22T06:33:40+00:00\",\"breadcrumb\":{\"@id\":\"https:\/\/viniciojarquin.com\/blog\/mujeres-y-el-miedo\/#breadcrumb\"},\"inLanguage\":\"es\",\"potentialAction\":[{\"@type\":\"ReadAction\",\"target\":[\"https:\/\/viniciojarquin.com\/blog\/mujeres-y-el-miedo\/\"]}]},{\"@type\":\"BreadcrumbList\",\"@id\":\"https:\/\/viniciojarquin.com\/blog\/mujeres-y-el-miedo\/#breadcrumb\",\"itemListElement\":[{\"@type\":\"ListItem\",\"position\":1,\"name\":\"Portada\",\"item\":\"https:\/\/viniciojarquin.com\/blog\/\"},{\"@type\":\"ListItem\",\"position\":2,\"name\":\"Quiero vivir en paz\"}]},{\"@type\":\"WebSite\",\"@id\":\"https:\/\/viniciojarquin.com\/blog\/#website\",\"url\":\"https:\/\/viniciojarquin.com\/blog\/\",\"name\":\"Vinicio Jarqu\u00edn BLOG\",\"description\":\"\",\"publisher\":{\"@id\":\"https:\/\/viniciojarquin.com\/blog\/#\/schema\/person\/90100c8845ae55462ec0657d3d2f8d3b\"},\"potentialAction\":[{\"@type\":\"SearchAction\",\"target\":{\"@type\":\"EntryPoint\",\"urlTemplate\":\"https:\/\/viniciojarquin.com\/blog\/?s={search_term_string}\"},\"query-input\":{\"@type\":\"PropertyValueSpecification\",\"valueRequired\":true,\"valueName\":\"search_term_string\"}}],\"inLanguage\":\"es\"},{\"@type\":[\"Person\",\"Organization\"],\"@id\":\"https:\/\/viniciojarquin.com\/blog\/#\/schema\/person\/90100c8845ae55462ec0657d3d2f8d3b\",\"name\":\"Vinicio Jarqu\u00edn\",\"image\":{\"@type\":\"ImageObject\",\"inLanguage\":\"es\",\"@id\":\"https:\/\/viniciojarquin.com\/blog\/#\/schema\/person\/image\/\",\"url\":\"https:\/\/viniciojarquin.com\/blog\/wp-content\/uploads\/2024\/10\/Logo-VinicioJarquin-original-400.png\",\"contentUrl\":\"https:\/\/viniciojarquin.com\/blog\/wp-content\/uploads\/2024\/10\/Logo-VinicioJarquin-original-400.png\",\"width\":400,\"height\":130,\"caption\":\"Vinicio Jarqu\u00edn\"},\"logo\":{\"@id\":\"https:\/\/viniciojarquin.com\/blog\/#\/schema\/person\/image\/\"},\"description\":\"Empresario textil, artista pl\u00e1stico, escritor, coach de vida y fot\u00f3grafo.\",\"sameAs\":[\"https:\/\/viniciojarquin.com\/blog\",\"https:\/\/www.facebook.com\/vinicio.jarquin\",\"https:\/\/www.instagram.com\/vinicio_jarquin\/\",\"https:\/\/www.pinterest.com\/vinnyjc\/\",\"https:\/\/www.youtube.com\/@VinicioJarquin\"],\"url\":\"https:\/\/viniciojarquin.com\/blog\/author\/admin_s02au25i\/\"}]}<\/script>\n<!-- \/ Yoast SEO plugin. -->","yoast_head_json":{"title":"Quiero vivir en paz - MI BLOG","robots":{"index":"index","follow":"follow","max-snippet":"max-snippet:-1","max-image-preview":"max-image-preview:large","max-video-preview":"max-video-preview:-1"},"canonical":"https:\/\/viniciojarquin.com\/blog\/mujeres-y-el-miedo\/","og_locale":"es_ES","og_type":"article","og_title":"Quiero vivir en paz - MI BLOG","og_description":"Hubo un tiempo en que muchas mujeres caminaban con m\u00e1s ligereza. No porque el mundo fuera perfecto, sino porque la [&hellip;]","og_url":"https:\/\/viniciojarquin.com\/blog\/mujeres-y-el-miedo\/","og_site_name":"MI BLOG","article_publisher":"https:\/\/www.facebook.com\/vinicio.jarquin","article_author":"https:\/\/www.facebook.com\/vinicio.jarquin","article_published_time":"2025-12-22T06:23:33+00:00","article_modified_time":"2025-12-22T06:33:40+00:00","author":"Vinicio Jarqu\u00edn","twitter_card":"summary_large_image","twitter_misc":{"Escrito por":"Vinicio Jarqu\u00edn","Tiempo de lectura":"5 minutos"},"schema":{"@context":"https:\/\/schema.org","@graph":[{"@type":"Article","@id":"https:\/\/viniciojarquin.com\/blog\/mujeres-y-el-miedo\/#article","isPartOf":{"@id":"https:\/\/viniciojarquin.com\/blog\/mujeres-y-el-miedo\/"},"author":{"name":"Vinicio Jarqu\u00edn","@id":"https:\/\/viniciojarquin.com\/blog\/#\/schema\/person\/90100c8845ae55462ec0657d3d2f8d3b"},"headline":"Quiero vivir en paz","datePublished":"2025-12-22T06:23:33+00:00","dateModified":"2025-12-22T06:33:40+00:00","mainEntityOfPage":{"@id":"https:\/\/viniciojarquin.com\/blog\/mujeres-y-el-miedo\/"},"wordCount":911,"commentCount":0,"publisher":{"@id":"https:\/\/viniciojarquin.com\/blog\/#\/schema\/person\/90100c8845ae55462ec0657d3d2f8d3b"},"articleSection":["Elecciones 2026"],"inLanguage":"es","potentialAction":[{"@type":"CommentAction","name":"Comment","target":["https:\/\/viniciojarquin.com\/blog\/mujeres-y-el-miedo\/#respond"]}]},{"@type":"WebPage","@id":"https:\/\/viniciojarquin.com\/blog\/mujeres-y-el-miedo\/","url":"https:\/\/viniciojarquin.com\/blog\/mujeres-y-el-miedo\/","name":"Quiero vivir en paz - MI BLOG","isPartOf":{"@id":"https:\/\/viniciojarquin.com\/blog\/#website"},"datePublished":"2025-12-22T06:23:33+00:00","dateModified":"2025-12-22T06:33:40+00:00","breadcrumb":{"@id":"https:\/\/viniciojarquin.com\/blog\/mujeres-y-el-miedo\/#breadcrumb"},"inLanguage":"es","potentialAction":[{"@type":"ReadAction","target":["https:\/\/viniciojarquin.com\/blog\/mujeres-y-el-miedo\/"]}]},{"@type":"BreadcrumbList","@id":"https:\/\/viniciojarquin.com\/blog\/mujeres-y-el-miedo\/#breadcrumb","itemListElement":[{"@type":"ListItem","position":1,"name":"Portada","item":"https:\/\/viniciojarquin.com\/blog\/"},{"@type":"ListItem","position":2,"name":"Quiero vivir en paz"}]},{"@type":"WebSite","@id":"https:\/\/viniciojarquin.com\/blog\/#website","url":"https:\/\/viniciojarquin.com\/blog\/","name":"Vinicio Jarqu\u00edn BLOG","description":"","publisher":{"@id":"https:\/\/viniciojarquin.com\/blog\/#\/schema\/person\/90100c8845ae55462ec0657d3d2f8d3b"},"potentialAction":[{"@type":"SearchAction","target":{"@type":"EntryPoint","urlTemplate":"https:\/\/viniciojarquin.com\/blog\/?s={search_term_string}"},"query-input":{"@type":"PropertyValueSpecification","valueRequired":true,"valueName":"search_term_string"}}],"inLanguage":"es"},{"@type":["Person","Organization"],"@id":"https:\/\/viniciojarquin.com\/blog\/#\/schema\/person\/90100c8845ae55462ec0657d3d2f8d3b","name":"Vinicio Jarqu\u00edn","image":{"@type":"ImageObject","inLanguage":"es","@id":"https:\/\/viniciojarquin.com\/blog\/#\/schema\/person\/image\/","url":"https:\/\/viniciojarquin.com\/blog\/wp-content\/uploads\/2024\/10\/Logo-VinicioJarquin-original-400.png","contentUrl":"https:\/\/viniciojarquin.com\/blog\/wp-content\/uploads\/2024\/10\/Logo-VinicioJarquin-original-400.png","width":400,"height":130,"caption":"Vinicio Jarqu\u00edn"},"logo":{"@id":"https:\/\/viniciojarquin.com\/blog\/#\/schema\/person\/image\/"},"description":"Empresario textil, artista pl\u00e1stico, escritor, coach de vida y fot\u00f3grafo.","sameAs":["https:\/\/viniciojarquin.com\/blog","https:\/\/www.facebook.com\/vinicio.jarquin","https:\/\/www.instagram.com\/vinicio_jarquin\/","https:\/\/www.pinterest.com\/vinnyjc\/","https:\/\/www.youtube.com\/@VinicioJarquin"],"url":"https:\/\/viniciojarquin.com\/blog\/author\/admin_s02au25i\/"}]}},"blog_post_layout_featured_media_urls":{"thumbnail":"","full":""},"categories_names":{"17":{"name":"Elecciones 2026","link":"https:\/\/viniciojarquin.com\/blog\/category\/elecciones-2026\/"}},"tags_names":[],"comments_number":"0","_links":{"self":[{"href":"https:\/\/viniciojarquin.com\/blog\/wp-json\/wp\/v2\/posts\/1984","targetHints":{"allow":["GET"]}}],"collection":[{"href":"https:\/\/viniciojarquin.com\/blog\/wp-json\/wp\/v2\/posts"}],"about":[{"href":"https:\/\/viniciojarquin.com\/blog\/wp-json\/wp\/v2\/types\/post"}],"author":[{"embeddable":true,"href":"https:\/\/viniciojarquin.com\/blog\/wp-json\/wp\/v2\/users\/1"}],"replies":[{"embeddable":true,"href":"https:\/\/viniciojarquin.com\/blog\/wp-json\/wp\/v2\/comments?post=1984"}],"version-history":[{"count":2,"href":"https:\/\/viniciojarquin.com\/blog\/wp-json\/wp\/v2\/posts\/1984\/revisions"}],"predecessor-version":[{"id":1986,"href":"https:\/\/viniciojarquin.com\/blog\/wp-json\/wp\/v2\/posts\/1984\/revisions\/1986"}],"wp:attachment":[{"href":"https:\/\/viniciojarquin.com\/blog\/wp-json\/wp\/v2\/media?parent=1984"}],"wp:term":[{"taxonomy":"category","embeddable":true,"href":"https:\/\/viniciojarquin.com\/blog\/wp-json\/wp\/v2\/categories?post=1984"},{"taxonomy":"post_tag","embeddable":true,"href":"https:\/\/viniciojarquin.com\/blog\/wp-json\/wp\/v2\/tags?post=1984"}],"curies":[{"name":"wp","href":"https:\/\/api.w.org\/{rel}","templated":true}]}}