{"id":1987,"date":"2025-12-22T06:37:04","date_gmt":"2025-12-22T06:37:04","guid":{"rendered":"https:\/\/viniciojarquin.com\/blog\/?p=1987"},"modified":"2025-12-22T06:37:08","modified_gmt":"2025-12-22T06:37:08","slug":"el-voto-tambien-es-tu-voz","status":"publish","type":"post","link":"https:\/\/viniciojarquin.com\/blog\/el-voto-tambien-es-tu-voz\/","title":{"rendered":"El voto tambi\u00e9n es tu voz"},"content":{"rendered":"\n<p>Hay muchas formas de estar presente en un pa\u00eds. Algunas se notan m\u00e1s que otras, y algunas, tristemente, han sido ignoradas durante demasiado tiempo. Las personas con discapacidad conocen bien esa sensaci\u00f3n de invisibilidad, no porque no existan, sino porque muchas veces el sistema no las mira, no las escucha o no las toma en cuenta al momento de decidir.<\/p>\n\n\n\n<p>Votar no siempre es f\u00e1cil. Para algunas personas, movilizarse implica un esfuerzo enorme, una log\u00edstica compleja o incluso una imposibilidad real. Eso hay que decirlo con claridad y con respeto. Nadie deber\u00eda sentirse culpable por no poder hacer algo que su cuerpo o su condici\u00f3n no le permite. La dignidad tambi\u00e9n est\u00e1 en reconocer los propios l\u00edmites.<\/p>\n\n\n\n<p>Pero para quienes s\u00ed pueden movilizarse, aun con dificultad, aun con esfuerzo, el voto se vuelve una herramienta poderosa. No es un simple tr\u00e1mite. Es una forma de decir \u201caqu\u00ed estoy\u201d, \u201ccuento\u201d, \u201cmi vida importa\u201d. Cada voto emitido desde una realidad distinta le recuerda al pa\u00eds que no todos vivimos igual, que no todos partimos del mismo lugar, y que gobernar bien implica entender esa diversidad.<\/p>\n\n\n\n<p>Durante a\u00f1os, muchas decisiones se han tomado sin pensar en rampas, en accesos, en tiempos, en acompa\u00f1amientos, en apoyos reales. Se habla de inclusi\u00f3n, pero se practica poco. Se dise\u00f1an pol\u00edticas desde escritorios c\u00f3modos, sin escuchar a quienes viven el d\u00eda a d\u00eda con barreras que no deber\u00edan existir. Eso tambi\u00e9n es una forma de abandono.<\/p>\n\n\n\n<p>Por eso, votar es importante. No para apoyar promesas vac\u00edas, sino para elegir con conciencia. Para pensar en qu\u00e9 tipo de gobierno podr\u00eda entender mejor tu realidad, respetarte, acompa\u00f1arte y dejar de verte como un problema o como una nota al pie. Un gobierno que no te invisibilice, que no te reduzca, que no te use solo en discursos.<\/p>\n\n\n\n<p>Tu voto no es menor. Tu experiencia no es secundaria. Tu forma de habitar este pa\u00eds tiene valor y debe ser tomada en serio. Cuando una persona con discapacidad vota, el pa\u00eds se vuelve un poco m\u00e1s completo, un poco m\u00e1s honesto, un poco m\u00e1s real.<\/p>\n\n\n\n<p>Si pod\u00e9s hacerlo, hac\u00e9 el esfuerzo que est\u00e9 dentro de tus posibilidades, no m\u00e1s. And\u00e1 acompa\u00f1ado si lo necesit\u00e1s. Tom\u00e1 el tiempo que haga falta. Ese acto sencillo, ese gesto silencioso, tambi\u00e9n es una forma de exigir respeto y futuro.<\/p>\n\n\n\n<p>Costa Rica necesita gobiernos que entiendan, que escuchen y que no dejen a nadie atr\u00e1s. Y para eso, todas las voces que puedan estar presentes importan. La tuya tambi\u00e9n.<\/p>\n\n\n\n<p>Si pod\u00e9s votar, aunque sea con dificultad o mucha dificultad, vot\u00e1; y hacelo por aquellos que, definitivamente, no pueden hacerlo. Es un compromiso que ten\u00e9s en tus manos.<\/p>\n","protected":false},"excerpt":{"rendered":"<p>Hay muchas formas de estar presente en un pa\u00eds. Algunas se notan m\u00e1s que otras, y algunas, tristemente, han sido [&hellip;]<\/p>\n","protected":false},"author":1,"featured_media":0,"comment_status":"open","ping_status":"open","sticky":false,"template":"","format":"standard","meta":{"site-sidebar-layout":"default","site-content-layout":"","ast-site-content-layout":"","site-content-style":"default","site-sidebar-style":"default","ast-global-header-display":"","ast-banner-title-visibility":"","ast-main-header-display":"","ast-hfb-above-header-display":"","ast-hfb-below-header-display":"","ast-hfb-mobile-header-display":"","site-post-title":"","ast-breadcrumbs-content":"","ast-featured-img":"","footer-sml-layout":"","theme-transparent-header-meta":"","adv-header-id-meta":"","stick-header-meta":"","header-above-stick-meta":"","header-main-stick-meta":"","header-below-stick-meta":"","astra-migrate-meta-layouts":"default","ast-page-background-enabled":"default","ast-page-background-meta":{"desktop":{"background-color":"var(--ast-global-color-5)","background-image":"","background-repeat":"repeat","background-position":"center center","background-size":"auto","background-attachment":"scroll","background-type":"","background-media":"","overlay-type":"","overlay-color":"","overlay-opacity":"","overlay-gradient":""},"tablet":{"background-color":"","background-image":"","background-repeat":"repeat","background-position":"center center","background-size":"auto","background-attachment":"scroll","background-type":"","background-media":"","overlay-type":"","overlay-color":"","overlay-opacity":"","overlay-gradient":""},"mobile":{"background-color":"","background-image":"","background-repeat":"repeat","background-position":"center center","background-size":"auto","background-attachment":"scroll","background-type":"","background-media":"","overlay-type":"","overlay-color":"","overlay-opacity":"","overlay-gradient":""}},"ast-content-background-meta":{"desktop":{"background-color":"var(--ast-global-color-4)","background-image":"","background-repeat":"repeat","background-position":"center center","background-size":"auto","background-attachment":"scroll","background-type":"","background-media":"","overlay-type":"","overlay-color":"","overlay-opacity":"","overlay-gradient":""},"tablet":{"background-color":"var(--ast-global-color-4)","background-image":"","background-repeat":"repeat","background-position":"center center","background-size":"auto","background-attachment":"scroll","background-type":"","background-media":"","overlay-type":"","overlay-color":"","overlay-opacity":"","overlay-gradient":""},"mobile":{"background-color":"var(--ast-global-color-4)","background-image":"","background-repeat":"repeat","background-position":"center center","background-size":"auto","background-attachment":"scroll","background-type":"","background-media":"","overlay-type":"","overlay-color":"","overlay-opacity":"","overlay-gradient":""}},"footnotes":""},"categories":[17],"tags":[],"class_list":["post-1987","post","type-post","status-publish","format-standard","hentry","category-elecciones-2026"],"yoast_head":"<!-- This site is optimized with the Yoast SEO plugin v26.0 - https:\/\/yoast.com\/wordpress\/plugins\/seo\/ -->\n<title>El voto tambi\u00e9n es tu voz - MI BLOG<\/title>\n<meta name=\"robots\" content=\"index, follow, max-snippet:-1, max-image-preview:large, max-video-preview:-1\" \/>\n<link rel=\"canonical\" href=\"https:\/\/viniciojarquin.com\/blog\/el-voto-tambien-es-tu-voz\/\" \/>\n<meta property=\"og:locale\" content=\"es_ES\" \/>\n<meta property=\"og:type\" content=\"article\" \/>\n<meta property=\"og:title\" content=\"El voto tambi\u00e9n es tu voz - MI BLOG\" \/>\n<meta property=\"og:description\" content=\"Hay muchas formas de estar presente en un pa\u00eds. Algunas se notan m\u00e1s que otras, y algunas, tristemente, han sido [&hellip;]\" \/>\n<meta property=\"og:url\" content=\"https:\/\/viniciojarquin.com\/blog\/el-voto-tambien-es-tu-voz\/\" \/>\n<meta property=\"og:site_name\" content=\"MI BLOG\" \/>\n<meta property=\"article:publisher\" content=\"https:\/\/www.facebook.com\/vinicio.jarquin\" \/>\n<meta property=\"article:author\" content=\"https:\/\/www.facebook.com\/vinicio.jarquin\" \/>\n<meta property=\"article:published_time\" content=\"2025-12-22T06:37:04+00:00\" \/>\n<meta property=\"article:modified_time\" content=\"2025-12-22T06:37:08+00:00\" \/>\n<meta name=\"author\" content=\"Vinicio Jarqu\u00edn\" \/>\n<meta name=\"twitter:card\" content=\"summary_large_image\" \/>\n<meta name=\"twitter:label1\" content=\"Escrito por\" \/>\n\t<meta name=\"twitter:data1\" content=\"Vinicio Jarqu\u00edn\" \/>\n\t<meta name=\"twitter:label2\" content=\"Tiempo de lectura\" \/>\n\t<meta name=\"twitter:data2\" content=\"3 minutos\" \/>\n<script type=\"application\/ld+json\" class=\"yoast-schema-graph\">{\"@context\":\"https:\/\/schema.org\",\"@graph\":[{\"@type\":\"Article\",\"@id\":\"https:\/\/viniciojarquin.com\/blog\/el-voto-tambien-es-tu-voz\/#article\",\"isPartOf\":{\"@id\":\"https:\/\/viniciojarquin.com\/blog\/el-voto-tambien-es-tu-voz\/\"},\"author\":{\"name\":\"Vinicio Jarqu\u00edn\",\"@id\":\"https:\/\/viniciojarquin.com\/blog\/#\/schema\/person\/90100c8845ae55462ec0657d3d2f8d3b\"},\"headline\":\"El voto tambi\u00e9n es tu voz\",\"datePublished\":\"2025-12-22T06:37:04+00:00\",\"dateModified\":\"2025-12-22T06:37:08+00:00\",\"mainEntityOfPage\":{\"@id\":\"https:\/\/viniciojarquin.com\/blog\/el-voto-tambien-es-tu-voz\/\"},\"wordCount\":486,\"commentCount\":0,\"publisher\":{\"@id\":\"https:\/\/viniciojarquin.com\/blog\/#\/schema\/person\/90100c8845ae55462ec0657d3d2f8d3b\"},\"articleSection\":[\"Elecciones 2026\"],\"inLanguage\":\"es\",\"potentialAction\":[{\"@type\":\"CommentAction\",\"name\":\"Comment\",\"target\":[\"https:\/\/viniciojarquin.com\/blog\/el-voto-tambien-es-tu-voz\/#respond\"]}]},{\"@type\":\"WebPage\",\"@id\":\"https:\/\/viniciojarquin.com\/blog\/el-voto-tambien-es-tu-voz\/\",\"url\":\"https:\/\/viniciojarquin.com\/blog\/el-voto-tambien-es-tu-voz\/\",\"name\":\"El voto tambi\u00e9n es tu voz - MI BLOG\",\"isPartOf\":{\"@id\":\"https:\/\/viniciojarquin.com\/blog\/#website\"},\"datePublished\":\"2025-12-22T06:37:04+00:00\",\"dateModified\":\"2025-12-22T06:37:08+00:00\",\"breadcrumb\":{\"@id\":\"https:\/\/viniciojarquin.com\/blog\/el-voto-tambien-es-tu-voz\/#breadcrumb\"},\"inLanguage\":\"es\",\"potentialAction\":[{\"@type\":\"ReadAction\",\"target\":[\"https:\/\/viniciojarquin.com\/blog\/el-voto-tambien-es-tu-voz\/\"]}]},{\"@type\":\"BreadcrumbList\",\"@id\":\"https:\/\/viniciojarquin.com\/blog\/el-voto-tambien-es-tu-voz\/#breadcrumb\",\"itemListElement\":[{\"@type\":\"ListItem\",\"position\":1,\"name\":\"Portada\",\"item\":\"https:\/\/viniciojarquin.com\/blog\/\"},{\"@type\":\"ListItem\",\"position\":2,\"name\":\"El voto tambi\u00e9n es tu voz\"}]},{\"@type\":\"WebSite\",\"@id\":\"https:\/\/viniciojarquin.com\/blog\/#website\",\"url\":\"https:\/\/viniciojarquin.com\/blog\/\",\"name\":\"Vinicio Jarqu\u00edn BLOG\",\"description\":\"\",\"publisher\":{\"@id\":\"https:\/\/viniciojarquin.com\/blog\/#\/schema\/person\/90100c8845ae55462ec0657d3d2f8d3b\"},\"potentialAction\":[{\"@type\":\"SearchAction\",\"target\":{\"@type\":\"EntryPoint\",\"urlTemplate\":\"https:\/\/viniciojarquin.com\/blog\/?s={search_term_string}\"},\"query-input\":{\"@type\":\"PropertyValueSpecification\",\"valueRequired\":true,\"valueName\":\"search_term_string\"}}],\"inLanguage\":\"es\"},{\"@type\":[\"Person\",\"Organization\"],\"@id\":\"https:\/\/viniciojarquin.com\/blog\/#\/schema\/person\/90100c8845ae55462ec0657d3d2f8d3b\",\"name\":\"Vinicio Jarqu\u00edn\",\"image\":{\"@type\":\"ImageObject\",\"inLanguage\":\"es\",\"@id\":\"https:\/\/viniciojarquin.com\/blog\/#\/schema\/person\/image\/\",\"url\":\"https:\/\/viniciojarquin.com\/blog\/wp-content\/uploads\/2024\/10\/Logo-VinicioJarquin-original-400.png\",\"contentUrl\":\"https:\/\/viniciojarquin.com\/blog\/wp-content\/uploads\/2024\/10\/Logo-VinicioJarquin-original-400.png\",\"width\":400,\"height\":130,\"caption\":\"Vinicio Jarqu\u00edn\"},\"logo\":{\"@id\":\"https:\/\/viniciojarquin.com\/blog\/#\/schema\/person\/image\/\"},\"description\":\"Empresario textil, artista pl\u00e1stico, escritor, coach de vida y fot\u00f3grafo.\",\"sameAs\":[\"https:\/\/viniciojarquin.com\/blog\",\"https:\/\/www.facebook.com\/vinicio.jarquin\",\"https:\/\/www.instagram.com\/vinicio_jarquin\/\",\"https:\/\/www.pinterest.com\/vinnyjc\/\",\"https:\/\/www.youtube.com\/@VinicioJarquin\"],\"url\":\"https:\/\/viniciojarquin.com\/blog\/author\/admin_s02au25i\/\"}]}<\/script>\n<!-- \/ Yoast SEO plugin. -->","yoast_head_json":{"title":"El voto tambi\u00e9n es tu voz - MI BLOG","robots":{"index":"index","follow":"follow","max-snippet":"max-snippet:-1","max-image-preview":"max-image-preview:large","max-video-preview":"max-video-preview:-1"},"canonical":"https:\/\/viniciojarquin.com\/blog\/el-voto-tambien-es-tu-voz\/","og_locale":"es_ES","og_type":"article","og_title":"El voto tambi\u00e9n es tu voz - MI BLOG","og_description":"Hay muchas formas de estar presente en un pa\u00eds. Algunas se notan m\u00e1s que otras, y algunas, tristemente, han sido [&hellip;]","og_url":"https:\/\/viniciojarquin.com\/blog\/el-voto-tambien-es-tu-voz\/","og_site_name":"MI BLOG","article_publisher":"https:\/\/www.facebook.com\/vinicio.jarquin","article_author":"https:\/\/www.facebook.com\/vinicio.jarquin","article_published_time":"2025-12-22T06:37:04+00:00","article_modified_time":"2025-12-22T06:37:08+00:00","author":"Vinicio Jarqu\u00edn","twitter_card":"summary_large_image","twitter_misc":{"Escrito por":"Vinicio Jarqu\u00edn","Tiempo de lectura":"3 minutos"},"schema":{"@context":"https:\/\/schema.org","@graph":[{"@type":"Article","@id":"https:\/\/viniciojarquin.com\/blog\/el-voto-tambien-es-tu-voz\/#article","isPartOf":{"@id":"https:\/\/viniciojarquin.com\/blog\/el-voto-tambien-es-tu-voz\/"},"author":{"name":"Vinicio Jarqu\u00edn","@id":"https:\/\/viniciojarquin.com\/blog\/#\/schema\/person\/90100c8845ae55462ec0657d3d2f8d3b"},"headline":"El voto tambi\u00e9n es tu voz","datePublished":"2025-12-22T06:37:04+00:00","dateModified":"2025-12-22T06:37:08+00:00","mainEntityOfPage":{"@id":"https:\/\/viniciojarquin.com\/blog\/el-voto-tambien-es-tu-voz\/"},"wordCount":486,"commentCount":0,"publisher":{"@id":"https:\/\/viniciojarquin.com\/blog\/#\/schema\/person\/90100c8845ae55462ec0657d3d2f8d3b"},"articleSection":["Elecciones 2026"],"inLanguage":"es","potentialAction":[{"@type":"CommentAction","name":"Comment","target":["https:\/\/viniciojarquin.com\/blog\/el-voto-tambien-es-tu-voz\/#respond"]}]},{"@type":"WebPage","@id":"https:\/\/viniciojarquin.com\/blog\/el-voto-tambien-es-tu-voz\/","url":"https:\/\/viniciojarquin.com\/blog\/el-voto-tambien-es-tu-voz\/","name":"El voto tambi\u00e9n es tu voz - MI BLOG","isPartOf":{"@id":"https:\/\/viniciojarquin.com\/blog\/#website"},"datePublished":"2025-12-22T06:37:04+00:00","dateModified":"2025-12-22T06:37:08+00:00","breadcrumb":{"@id":"https:\/\/viniciojarquin.com\/blog\/el-voto-tambien-es-tu-voz\/#breadcrumb"},"inLanguage":"es","potentialAction":[{"@type":"ReadAction","target":["https:\/\/viniciojarquin.com\/blog\/el-voto-tambien-es-tu-voz\/"]}]},{"@type":"BreadcrumbList","@id":"https:\/\/viniciojarquin.com\/blog\/el-voto-tambien-es-tu-voz\/#breadcrumb","itemListElement":[{"@type":"ListItem","position":1,"name":"Portada","item":"https:\/\/viniciojarquin.com\/blog\/"},{"@type":"ListItem","position":2,"name":"El voto tambi\u00e9n es tu voz"}]},{"@type":"WebSite","@id":"https:\/\/viniciojarquin.com\/blog\/#website","url":"https:\/\/viniciojarquin.com\/blog\/","name":"Vinicio Jarqu\u00edn BLOG","description":"","publisher":{"@id":"https:\/\/viniciojarquin.com\/blog\/#\/schema\/person\/90100c8845ae55462ec0657d3d2f8d3b"},"potentialAction":[{"@type":"SearchAction","target":{"@type":"EntryPoint","urlTemplate":"https:\/\/viniciojarquin.com\/blog\/?s={search_term_string}"},"query-input":{"@type":"PropertyValueSpecification","valueRequired":true,"valueName":"search_term_string"}}],"inLanguage":"es"},{"@type":["Person","Organization"],"@id":"https:\/\/viniciojarquin.com\/blog\/#\/schema\/person\/90100c8845ae55462ec0657d3d2f8d3b","name":"Vinicio Jarqu\u00edn","image":{"@type":"ImageObject","inLanguage":"es","@id":"https:\/\/viniciojarquin.com\/blog\/#\/schema\/person\/image\/","url":"https:\/\/viniciojarquin.com\/blog\/wp-content\/uploads\/2024\/10\/Logo-VinicioJarquin-original-400.png","contentUrl":"https:\/\/viniciojarquin.com\/blog\/wp-content\/uploads\/2024\/10\/Logo-VinicioJarquin-original-400.png","width":400,"height":130,"caption":"Vinicio Jarqu\u00edn"},"logo":{"@id":"https:\/\/viniciojarquin.com\/blog\/#\/schema\/person\/image\/"},"description":"Empresario textil, artista pl\u00e1stico, escritor, coach de vida y fot\u00f3grafo.","sameAs":["https:\/\/viniciojarquin.com\/blog","https:\/\/www.facebook.com\/vinicio.jarquin","https:\/\/www.instagram.com\/vinicio_jarquin\/","https:\/\/www.pinterest.com\/vinnyjc\/","https:\/\/www.youtube.com\/@VinicioJarquin"],"url":"https:\/\/viniciojarquin.com\/blog\/author\/admin_s02au25i\/"}]}},"blog_post_layout_featured_media_urls":{"thumbnail":"","full":""},"categories_names":{"17":{"name":"Elecciones 2026","link":"https:\/\/viniciojarquin.com\/blog\/category\/elecciones-2026\/"}},"tags_names":[],"comments_number":"0","_links":{"self":[{"href":"https:\/\/viniciojarquin.com\/blog\/wp-json\/wp\/v2\/posts\/1987","targetHints":{"allow":["GET"]}}],"collection":[{"href":"https:\/\/viniciojarquin.com\/blog\/wp-json\/wp\/v2\/posts"}],"about":[{"href":"https:\/\/viniciojarquin.com\/blog\/wp-json\/wp\/v2\/types\/post"}],"author":[{"embeddable":true,"href":"https:\/\/viniciojarquin.com\/blog\/wp-json\/wp\/v2\/users\/1"}],"replies":[{"embeddable":true,"href":"https:\/\/viniciojarquin.com\/blog\/wp-json\/wp\/v2\/comments?post=1987"}],"version-history":[{"count":1,"href":"https:\/\/viniciojarquin.com\/blog\/wp-json\/wp\/v2\/posts\/1987\/revisions"}],"predecessor-version":[{"id":1988,"href":"https:\/\/viniciojarquin.com\/blog\/wp-json\/wp\/v2\/posts\/1987\/revisions\/1988"}],"wp:attachment":[{"href":"https:\/\/viniciojarquin.com\/blog\/wp-json\/wp\/v2\/media?parent=1987"}],"wp:term":[{"taxonomy":"category","embeddable":true,"href":"https:\/\/viniciojarquin.com\/blog\/wp-json\/wp\/v2\/categories?post=1987"},{"taxonomy":"post_tag","embeddable":true,"href":"https:\/\/viniciojarquin.com\/blog\/wp-json\/wp\/v2\/tags?post=1987"}],"curies":[{"name":"wp","href":"https:\/\/api.w.org\/{rel}","templated":true}]}}